{"id":8925,"date":"2020-11-12T08:00:49","date_gmt":"2020-11-12T07:00:49","guid":{"rendered":"https:\/\/www.welovecycling.com\/hu\/?p=8925"},"modified":"2020-11-06T15:36:32","modified_gmt":"2020-11-06T14:36:32","slug":"igy-valassz-biciklis-tetkot","status":"publish","type":"post","link":"https:\/\/www.welovecycling.com\/hu\/kozosseg-es-kultura\/igy-valassz-biciklis-tetkot\/","title":{"rendered":"\u00cdgy v\u00e1lassz biciklis tetk\u00f3t"},"content":{"rendered":"<p><strong>Hagyjuk ki azt a r\u00e9szt, ami arr\u00f3l sz\u00f3l, hogy \u00e9rdemes alaposan megfontolni egy tetov\u00e1l\u00e1st, hiszen egy \u00e9letre sz\u00f3l \u00e9s n\u00e9h\u00e1ny ember k\u00e9s\u0151bb meg is b\u00e1nja. \u0150szint\u00e9n? Manaps\u00e1g m\u00e1r senkit nem \u00e9rdekel, ha tetk\u00f3d van. A gondolat, hogy a tetov\u00e1l\u00e1s a b\u0171n\u00f6z\u0151k hagyom\u00e1nyos jele, m\u00e1r r\u00e9gen elavult \u00e9s a modern t\u00e1rsadalom \u00fagy l\u00e1tja, ez m\u00e1r olyan \u00e1ltal\u00e1nos dolog, mint a friss eper fogyaszt\u00e1sa t\u00e9len. Mindenki hozz\u00e1szokott, sz\u00f3val ha tetk\u00f3t szeretn\u00e9l, csin\u00e1ltass: elj\u00f6tt az id\u0151.<\/strong><\/p>\n<p><!--more--><\/p>\n<p>Els\u0151sorban most olyan tetov\u00e1l\u00e1sokra \u00f6sszpontos\u00edtunk, amit olyan emberek szeretn\u00e9nek, akik szeretnek ker\u00e9kp\u00e1rozni, nem pedig egy tipikus biciklis mot\u00edvumra. Persze a biciklisek is v\u00e1laszthatnak m\u00e1s t\u00e9m\u00e1kat, p\u00e9ld\u00e1ul \u00fajsz\u00fcl\u00f6tt kisbab\u00e1jukat, \u00e9des k\u00f6ly\u00f6kkuty\u00e1jukat vagy b\u00e1rmit, ami kedves sz\u00e1mukra. Van azonban n\u00e9h\u00e1ny alapszab\u00e1ly, amit nem \u00e1rt betartani.<\/p>\n<figure id=\"attachment_8926\" aria-describedby=\"caption-attachment-8926\" style=\"width: 1024px\" class=\"wp-caption alignnone\"><a href=\"https:\/\/d2p6e6u75xmxt8.cloudfront.net\/2\/2020\/10\/Tattoo-legs-profimedia-0314669816.jpg\"><img loading=\"lazy\" decoding=\"async\" class=\"size-large wp-image-8926\" src=\"https:\/\/d2p6e6u75xmxt8.cloudfront.net\/12\/2020\/11\/Tattoo-legs-profimedia-0314669816-1024x682.jpg\" alt=\"Tattooed cyclist\" width=\"1024\" height=\"682\" srcset=\"https:\/\/d2p6e6u75xmxt8.cloudfront.net\/12\/2020\/11\/Tattoo-legs-profimedia-0314669816-1024x682.jpg 1024w, https:\/\/d2p6e6u75xmxt8.cloudfront.net\/12\/2020\/11\/Tattoo-legs-profimedia-0314669816-300x200.jpg 300w, https:\/\/d2p6e6u75xmxt8.cloudfront.net\/12\/2020\/11\/Tattoo-legs-profimedia-0314669816-768x512.jpg 768w, https:\/\/d2p6e6u75xmxt8.cloudfront.net\/12\/2020\/11\/Tattoo-legs-profimedia-0314669816-272x182.jpg 272w, https:\/\/d2p6e6u75xmxt8.cloudfront.net\/12\/2020\/11\/Tattoo-legs-profimedia-0314669816.jpg 1250w\" sizes=\"auto, (max-width: 1024px) 100vw, 1024px\" \/><\/a><figcaption id=\"caption-attachment-8926\" class=\"wp-caption-text\"><em>V\u00e1lassz olyan mot\u00edvumot, amit csak szeretn\u00e9l! \u00a9 Profimedia<\/em><\/figcaption><\/figure>\n<p>Egy vadonat\u00faj tetov\u00e1l\u00e1s k\u00e9nyes dolog, ami sok odafigyel\u00e9st ig\u00e9nyel. A tetov\u00e1l\u00e1s ut\u00e1n n\u00e9h\u00e1ny napig antibakteri\u00e1lis szappannal \u00e9s gy\u00f3gy\u00edt\u00f3 kr\u00e9mmel kell kezelni az alkot\u00e1st, a tetov\u00e1l\u00f3m\u0171v\u00e9sz javaslata szerint. A tetk\u00f3t n\u00e9h\u00e1ny h\u00e9tig takarni kell \u00e9s t\u00e1vol kell tartani a k\u00f6zvetlen napsug\u00e1rz\u00e1st\u00f3l, emellett ker\u00fclni kell a foly\u00f3kban vagy tavakban val\u00f3 \u00fasz\u00e1st, hogy megakad\u00e1lyozd a fert\u0151z\u00e9st. Ez\u00e9rt az \u0151sz vagy a kora t\u00e9l a legt\u00f6k\u00e9letesebb id\u0151 egy \u00faj tetov\u00e1l\u00e1shoz.<\/p>\n<p>Van n\u00e9h\u00e1ny fel\u00fclet a testen, ahova nem \u00e9rdemes tetov\u00e1lni, ha lelkes ker\u00e9kp\u00e1ros vagy. A k\u00f6z\u00fati ker\u00e9kp\u00e1rosok sok id\u0151t t\u00f6ltenek k\u00f6zvetlen naps\u00fct\u00e9sben, ami ronthat a tetov\u00e1l\u00e1s min\u0151s\u00e9g\u00e9n. Az ultraibolya sugarak miatt a k\u00fcls\u0151 b\u0151rr\u00e9teg alatt l\u00e9v\u0151 tinta romlik \u00e9s nagy a val\u00f3sz\u00edn\u0171s\u00e9ge, hogy elmos\u00f3dik. Az olyan l\u00e1that\u00f3 testr\u00e9szek, mint a comb vagy az alkar ez\u00e9rt kev\u00e9sb\u00e9 tan\u00e1csosak a tetov\u00e1l\u00e1sokhoz, ha sokat biciklizel. Ha azt szeretn\u00e9d, hogy a tetk\u00f3d sok \u00e9vig t\u00f6k\u00e9letes maradjon, akkor a karok bels\u0151 r\u00e9szei, a nyak el\u00fcls\u0151 \u00e9s h\u00e1ts\u00f3 r\u00e9sze, a bord\u00e1k vagy a has a legel\u0151ny\u00f6sebb v\u00e1laszt\u00e1s. Sajnos ezek a r\u00e9szek viszont \u00e1ltal\u00e1ban \u00e9rz\u00e9kenyebbek \u00e9s ez\u00e1ltal f\u00e1jdalmasabb is ide varratni.<\/p>\n<figure id=\"attachment_8927\" aria-describedby=\"caption-attachment-8927\" style=\"width: 1024px\" class=\"wp-caption alignnone\"><a href=\"https:\/\/d2p6e6u75xmxt8.cloudfront.net\/2\/2020\/10\/Tattoo-man-profimedia-0295563875.jpg\"><img loading=\"lazy\" decoding=\"async\" class=\"wp-image-8927 size-large\" src=\"https:\/\/d2p6e6u75xmxt8.cloudfront.net\/12\/2020\/11\/Tattoo-man-profimedia-0295563875-1024x682.jpg\" alt=\"Tattooed man \" width=\"1024\" height=\"682\" srcset=\"https:\/\/d2p6e6u75xmxt8.cloudfront.net\/12\/2020\/11\/Tattoo-man-profimedia-0295563875-1024x682.jpg 1024w, https:\/\/d2p6e6u75xmxt8.cloudfront.net\/12\/2020\/11\/Tattoo-man-profimedia-0295563875-300x200.jpg 300w, https:\/\/d2p6e6u75xmxt8.cloudfront.net\/12\/2020\/11\/Tattoo-man-profimedia-0295563875-768x512.jpg 768w, https:\/\/d2p6e6u75xmxt8.cloudfront.net\/12\/2020\/11\/Tattoo-man-profimedia-0295563875-272x182.jpg 272w, https:\/\/d2p6e6u75xmxt8.cloudfront.net\/12\/2020\/11\/Tattoo-man-profimedia-0295563875.jpg 1250w\" sizes=\"auto, (max-width: 1024px) 100vw, 1024px\" \/><\/a><figcaption id=\"caption-attachment-8927\" class=\"wp-caption-text\"><em>A kar bels\u0151 r\u00e9szei el\u0151ny\u00f6s helyek a tetk\u00f3khoz. \u00a9 Profimedia<\/em><\/figcaption><\/figure>\n<p>A legt\u00f6bben azonban nem akarunk olyan biciklis tetov\u00e1l\u00e1st, amely teljesen rejtve marad. A b\u0151r t\u00edpus\u00e1t\u00f3l f\u00fcggetlen\u00fcl, mindenkinek haszn\u00e1lnia kell f\u00e9nyv\u00e9d\u0151 kr\u00e9met! Nem csak a b\u0151rr\u00e1k magas kock\u00e1zata az egyetlen ok. Az ultraibolya sug\u00e1rz\u00e1s hat\u00e1s\u00e1ra a tetov\u00e1l\u00e1s hamarabb \u00f6regszik \u00e9s halv\u00e1nyul, emiatt is fontos a v\u00e9delem. Lehet, hogy az els\u0151 \u00e9vekben nem veszed \u00e9szre, ak\u00e1r egy \u00e9vtized is eltelhet, de a k\u00e1r addigra jelent\u0151s lesz.<\/p>\n<figure id=\"attachment_8928\" aria-describedby=\"caption-attachment-8928\" style=\"width: 1024px\" class=\"wp-caption alignnone\"><a href=\"https:\/\/d2p6e6u75xmxt8.cloudfront.net\/2\/2020\/10\/Tattoo-leg-profimedia-0380892626.jpg\"><img loading=\"lazy\" decoding=\"async\" class=\"size-large wp-image-8928\" src=\"https:\/\/d2p6e6u75xmxt8.cloudfront.net\/12\/2020\/11\/Tattoo-leg-profimedia-0380892626-1024x656.jpg\" alt=\"\" width=\"1024\" height=\"656\" srcset=\"https:\/\/d2p6e6u75xmxt8.cloudfront.net\/12\/2020\/11\/Tattoo-leg-profimedia-0380892626-1024x656.jpg 1024w, https:\/\/d2p6e6u75xmxt8.cloudfront.net\/12\/2020\/11\/Tattoo-leg-profimedia-0380892626-300x192.jpg 300w, https:\/\/d2p6e6u75xmxt8.cloudfront.net\/12\/2020\/11\/Tattoo-leg-profimedia-0380892626-768x492.jpg 768w, https:\/\/d2p6e6u75xmxt8.cloudfront.net\/12\/2020\/11\/Tattoo-leg-profimedia-0380892626.jpg 1250w\" sizes=\"auto, (max-width: 1024px) 100vw, 1024px\" \/><\/a><figcaption id=\"caption-attachment-8928\" class=\"wp-caption-text\"><em>Vigy\u00e1zz a tetov\u00e1l\u00e1sodra! \u00a9 Profimedia<\/em><\/figcaption><\/figure>\n<p>A tetov\u00e1l\u00e1si technika is sz\u00e1m\u00edt. Ha ragaszkodsz az alkar vagy a comb feletti tetov\u00e1l\u00e1shoz, a hagyom\u00e1nyos k\u00f6rvonal\u00fa mot\u00edvum sok\u00e1ig s\u00e9rtetlen marad.<\/p>\n<p>A ker\u00e9kp\u00e1ros tetov\u00e1l\u00e1soknak mechanikai s\u00e9r\u00fcl\u00e9sekkel is szembe kell n\u00e9zni\u00fck. Ha mikroszk\u00f3p alatt figyeled a b\u0151r\u00f6d, ezer mikropehely jelenik meg, amik az epidermisz k\u00fcls\u0151 r\u00e9teg\u00e9t hozz\u00e1k l\u00e9tre. A pelyhek napk\u00f6zben term\u00e9szetes \u00faton h\u00e1mlanak le, de a folyamat felgyorsul a rendszeres borotv\u00e1lkoz\u00e1s hat\u00e1s\u00e1ra. Mivel a k\u00f6z\u00fati biciklisek \u00e1ltal\u00e1ban borotv\u00e1lj\u00e1k a l\u00e1bukat, a v\u00e1dli sem a legmegfelel\u0151bb hely egy tart\u00f3s biciklis tetk\u00f3nak.<\/p>\n","protected":false},"excerpt":{"rendered":"<p>Hagyjuk ki azt a r\u00e9szt, ami arr\u00f3l sz\u00f3l, hogy \u00e9rdemes alaposan megfontolni egy tetov\u00e1l\u00e1st, hiszen egy \u00e9letre sz\u00f3l \u00e9s n\u00e9h\u00e1ny [&hellip;]<\/p>\n","protected":false},"author":71,"featured_media":8930,"comment_status":"open","ping_status":"open","sticky":false,"template":"","format":"standard","meta":{"footnotes":""},"categories":[12],"tags":[],"global-categories":[],"class_list":["post-8925","post","type-post","status-publish","format-standard","has-post-thumbnail","hentry","category-kozosseg-es-kultura"],"yoast_head":"<!-- This site is optimized with the Yoast SEO Premium plugin v25.3 (Yoast SEO v25.9) - https:\/\/yoast.com\/wordpress\/plugins\/seo\/ -->\n<title>\u00cdgy v\u00e1lassz biciklis tetk\u00f3t<\/title>\n<meta name=\"description\" content=\"Hagyjuk ki azt a r\u00e9szt, ami arr\u00f3l sz\u00f3l, hogy \u00e9rdemes alaposan megfontolni egy tetov\u00e1l\u00e1st, hiszen egy \u00e9letre sz\u00f3l \u00e9s n\u00e9h\u00e1ny ember k\u00e9s\u0151bb meg is b\u00e1nja.\" \/>\n<meta name=\"robots\" content=\"index, follow, max-snippet:-1, max-image-preview:large, max-video-preview:-1\" \/>\n<link rel=\"canonical\" href=\"https:\/\/www.welovecycling.com\/hu\/kozosseg-es-kultura\/igy-valassz-biciklis-tetkot\/\" \/>\n<meta property=\"og:locale\" content=\"hu_HU\" \/>\n<meta property=\"og:type\" content=\"article\" \/>\n<meta property=\"og:title\" content=\"\u00cdgy v\u00e1lassz biciklis tetk\u00f3t\" \/>\n<meta property=\"og:description\" content=\"Hagyjuk ki azt a r\u00e9szt, ami arr\u00f3l sz\u00f3l, hogy \u00e9rdemes alaposan megfontolni egy tetov\u00e1l\u00e1st, hiszen egy \u00e9letre sz\u00f3l \u00e9s n\u00e9h\u00e1ny ember k\u00e9s\u0151bb meg is b\u00e1nja. \u0150szint\u00e9n? Manaps\u00e1g m\u00e1r senkit nem \u00e9rdekel, ha tetk\u00f3d van. A gondolat, hogy a tetov\u00e1l\u00e1s a b\u0171n\u00f6z\u0151k hagyom\u00e1nyos jele, m\u00e1r r\u00e9gen elavult \u00e9s a modern t\u00e1rsadalom \u00fagy l\u00e1tja, ez m\u00e1r olyan \u00e1ltal\u00e1nos dolog, mint a friss eper fogyaszt\u00e1sa t\u00e9len. Mindenki hozz\u00e1szokott, sz\u00f3val ha tetk\u00f3t szeretn\u00e9l, csin\u00e1ltass: elj\u00f6tt az id\u0151.\" \/>\n<meta property=\"og:url\" content=\"https:\/\/www.welovecycling.com\/hu\/kozosseg-es-kultura\/igy-valassz-biciklis-tetkot\/\" \/>\n<meta property=\"og:site_name\" content=\"\u0160koda We Love Cycling - Magyarorsz\u00e1g\" \/>\n<meta property=\"article:publisher\" content=\"https:\/\/www.facebook.com\/WeLoveCyclingHungary\/\" \/>\n<meta property=\"article:published_time\" content=\"2020-11-12T07:00:49+00:00\" \/>\n<meta property=\"og:image\" content=\"https:\/\/d2p6e6u75xmxt8.cloudfront.net\/12\/2020\/11\/Bicycle-tattoo-profimedia-0498244654-CVR.jpg\" \/>\n\t<meta property=\"og:image:width\" content=\"1366\" \/>\n\t<meta property=\"og:image:height\" content=\"600\" \/>\n\t<meta property=\"og:image:type\" content=\"image\/jpeg\" \/>\n<meta name=\"author\" content=\"hegyizs\" \/>\n<meta name=\"twitter:card\" content=\"summary_large_image\" \/>\n<meta name=\"twitter:title\" content=\"\u00cdgy v\u00e1lassz biciklis tetk\u00f3t\" \/>\n<meta name=\"twitter:label1\" content=\"Written by\" \/>\n\t<meta name=\"twitter:data1\" content=\"Adam Marsal\" \/>\n\t<meta name=\"twitter:label2\" content=\"Est. reading time\" \/>\n\t<meta name=\"twitter:data2\" content=\"5\" \/>\n<script type=\"application\/ld+json\" class=\"yoast-schema-graph\">{\"@context\":\"https:\/\/schema.org\",\"@graph\":[{\"@type\":\"WebPage\",\"@id\":\"https:\/\/www.welovecycling.com\/hu\/kozosseg-es-kultura\/igy-valassz-biciklis-tetkot\/\",\"url\":\"https:\/\/www.welovecycling.com\/hu\/kozosseg-es-kultura\/igy-valassz-biciklis-tetkot\/\",\"name\":\"\u00cdgy v\u00e1lassz biciklis tetk\u00f3t\",\"isPartOf\":{\"@id\":\"https:\/\/www.welovecycling.com\/hu\/#website\"},\"primaryImageOfPage\":{\"@id\":\"https:\/\/www.welovecycling.com\/hu\/kozosseg-es-kultura\/igy-valassz-biciklis-tetkot\/#primaryimage\"},\"image\":{\"@id\":\"https:\/\/www.welovecycling.com\/hu\/kozosseg-es-kultura\/igy-valassz-biciklis-tetkot\/#primaryimage\"},\"thumbnailUrl\":\"https:\/\/d2p6e6u75xmxt8.cloudfront.net\/12\/2020\/11\/Bicycle-tattoo-profimedia-0498244654-CVR.jpg\",\"datePublished\":\"2020-11-12T07:00:49+00:00\",\"author\":{\"@id\":\"https:\/\/www.welovecycling.com\/hu\/#\/schema\/person\/414a2aebf1801691a5320edb6468e194\"},\"description\":\"Hagyjuk ki azt a r\u00e9szt, ami arr\u00f3l sz\u00f3l, hogy \u00e9rdemes alaposan megfontolni egy tetov\u00e1l\u00e1st, hiszen egy \u00e9letre sz\u00f3l \u00e9s n\u00e9h\u00e1ny ember k\u00e9s\u0151bb meg is b\u00e1nja.\",\"breadcrumb\":{\"@id\":\"https:\/\/www.welovecycling.com\/hu\/kozosseg-es-kultura\/igy-valassz-biciklis-tetkot\/#breadcrumb\"},\"inLanguage\":\"hu\",\"potentialAction\":[{\"@type\":\"ReadAction\",\"target\":[\"https:\/\/www.welovecycling.com\/hu\/kozosseg-es-kultura\/igy-valassz-biciklis-tetkot\/\"]}]},{\"@type\":\"ImageObject\",\"inLanguage\":\"hu\",\"@id\":\"https:\/\/www.welovecycling.com\/hu\/kozosseg-es-kultura\/igy-valassz-biciklis-tetkot\/#primaryimage\",\"url\":\"https:\/\/d2p6e6u75xmxt8.cloudfront.net\/12\/2020\/11\/Bicycle-tattoo-profimedia-0498244654-CVR.jpg\",\"contentUrl\":\"https:\/\/d2p6e6u75xmxt8.cloudfront.net\/12\/2020\/11\/Bicycle-tattoo-profimedia-0498244654-CVR.jpg\",\"width\":1366,\"height\":600,\"caption\":\"Tattoo and bicycle\"},{\"@type\":\"BreadcrumbList\",\"@id\":\"https:\/\/www.welovecycling.com\/hu\/kozosseg-es-kultura\/igy-valassz-biciklis-tetkot\/#breadcrumb\",\"itemListElement\":[{\"@type\":\"ListItem\",\"position\":1,\"name\":\"Home\",\"item\":\"https:\/\/www.welovecycling.com\/hu\/\"},{\"@type\":\"ListItem\",\"position\":2,\"name\":\"\u00cdgy v\u00e1lassz biciklis tetk\u00f3t\"}]},{\"@type\":\"WebSite\",\"@id\":\"https:\/\/www.welovecycling.com\/hu\/#website\",\"url\":\"https:\/\/www.welovecycling.com\/hu\/\",\"name\":\"\u0160koda We Love Cycling - Magyarorsz\u00e1g\",\"description\":\"\u0160koda WeLoveCycling\",\"potentialAction\":[{\"@type\":\"SearchAction\",\"target\":{\"@type\":\"EntryPoint\",\"urlTemplate\":\"https:\/\/www.welovecycling.com\/hu\/?s={search_term_string}\"},\"query-input\":{\"@type\":\"PropertyValueSpecification\",\"valueRequired\":true,\"valueName\":\"search_term_string\"}}],\"inLanguage\":\"hu\"},{\"@type\":\"Person\",\"@id\":\"https:\/\/www.welovecycling.com\/hu\/#\/schema\/person\/414a2aebf1801691a5320edb6468e194\",\"name\":\"hegyizs\",\"image\":{\"@type\":\"ImageObject\",\"inLanguage\":\"hu\",\"@id\":\"https:\/\/www.welovecycling.com\/hu\/#\/schema\/person\/image\/\",\"url\":\"https:\/\/secure.gravatar.com\/avatar\/02cf8a7906b8cf90cecb4679defac7cfd33a1c2e3b88e4903d947f3bb58eedd3?s=96&d=mm&r=g\",\"contentUrl\":\"https:\/\/secure.gravatar.com\/avatar\/02cf8a7906b8cf90cecb4679defac7cfd33a1c2e3b88e4903d947f3bb58eedd3?s=96&d=mm&r=g\",\"caption\":\"hegyizs\"},\"url\":\"https:\/\/www.welovecycling.com\/hu\/author\/hegyizs\/\"}]}<\/script>\n<!-- \/ Yoast SEO Premium plugin. -->","yoast_head_json":{"title":"\u00cdgy v\u00e1lassz biciklis tetk\u00f3t","description":"Hagyjuk ki azt a r\u00e9szt, ami arr\u00f3l sz\u00f3l, hogy \u00e9rdemes alaposan megfontolni egy tetov\u00e1l\u00e1st, hiszen egy \u00e9letre sz\u00f3l \u00e9s n\u00e9h\u00e1ny ember k\u00e9s\u0151bb meg is b\u00e1nja.","robots":{"index":"index","follow":"follow","max-snippet":"max-snippet:-1","max-image-preview":"max-image-preview:large","max-video-preview":"max-video-preview:-1"},"canonical":"https:\/\/www.welovecycling.com\/hu\/kozosseg-es-kultura\/igy-valassz-biciklis-tetkot\/","og_locale":"hu_HU","og_type":"article","og_title":"\u00cdgy v\u00e1lassz biciklis tetk\u00f3t","og_description":"Hagyjuk ki azt a r\u00e9szt, ami arr\u00f3l sz\u00f3l, hogy \u00e9rdemes alaposan megfontolni egy tetov\u00e1l\u00e1st, hiszen egy \u00e9letre sz\u00f3l \u00e9s n\u00e9h\u00e1ny ember k\u00e9s\u0151bb meg is b\u00e1nja. \u0150szint\u00e9n? Manaps\u00e1g m\u00e1r senkit nem \u00e9rdekel, ha tetk\u00f3d van. A gondolat, hogy a tetov\u00e1l\u00e1s a b\u0171n\u00f6z\u0151k hagyom\u00e1nyos jele, m\u00e1r r\u00e9gen elavult \u00e9s a modern t\u00e1rsadalom \u00fagy l\u00e1tja, ez m\u00e1r olyan \u00e1ltal\u00e1nos dolog, mint a friss eper fogyaszt\u00e1sa t\u00e9len. Mindenki hozz\u00e1szokott, sz\u00f3val ha tetk\u00f3t szeretn\u00e9l, csin\u00e1ltass: elj\u00f6tt az id\u0151.","og_url":"https:\/\/www.welovecycling.com\/hu\/kozosseg-es-kultura\/igy-valassz-biciklis-tetkot\/","og_site_name":"\u0160koda We Love Cycling - Magyarorsz\u00e1g","article_publisher":"https:\/\/www.facebook.com\/WeLoveCyclingHungary\/","article_published_time":"2020-11-12T07:00:49+00:00","og_image":[{"width":1366,"height":600,"url":"https:\/\/d2p6e6u75xmxt8.cloudfront.net\/12\/2020\/11\/Bicycle-tattoo-profimedia-0498244654-CVR.jpg","type":"image\/jpeg"}],"author":"hegyizs","twitter_card":"summary_large_image","twitter_title":"\u00cdgy v\u00e1lassz biciklis tetk\u00f3t","twitter_misc":{"Written by":"Adam Marsal","Est. reading time":"5"},"schema":{"@context":"https:\/\/schema.org","@graph":[{"@type":"WebPage","@id":"https:\/\/www.welovecycling.com\/hu\/kozosseg-es-kultura\/igy-valassz-biciklis-tetkot\/","url":"https:\/\/www.welovecycling.com\/hu\/kozosseg-es-kultura\/igy-valassz-biciklis-tetkot\/","name":"\u00cdgy v\u00e1lassz biciklis tetk\u00f3t","isPartOf":{"@id":"https:\/\/www.welovecycling.com\/hu\/#website"},"primaryImageOfPage":{"@id":"https:\/\/www.welovecycling.com\/hu\/kozosseg-es-kultura\/igy-valassz-biciklis-tetkot\/#primaryimage"},"image":{"@id":"https:\/\/www.welovecycling.com\/hu\/kozosseg-es-kultura\/igy-valassz-biciklis-tetkot\/#primaryimage"},"thumbnailUrl":"https:\/\/d2p6e6u75xmxt8.cloudfront.net\/12\/2020\/11\/Bicycle-tattoo-profimedia-0498244654-CVR.jpg","datePublished":"2020-11-12T07:00:49+00:00","author":{"@id":"https:\/\/www.welovecycling.com\/hu\/#\/schema\/person\/414a2aebf1801691a5320edb6468e194"},"description":"Hagyjuk ki azt a r\u00e9szt, ami arr\u00f3l sz\u00f3l, hogy \u00e9rdemes alaposan megfontolni egy tetov\u00e1l\u00e1st, hiszen egy \u00e9letre sz\u00f3l \u00e9s n\u00e9h\u00e1ny ember k\u00e9s\u0151bb meg is b\u00e1nja.","breadcrumb":{"@id":"https:\/\/www.welovecycling.com\/hu\/kozosseg-es-kultura\/igy-valassz-biciklis-tetkot\/#breadcrumb"},"inLanguage":"hu","potentialAction":[{"@type":"ReadAction","target":["https:\/\/www.welovecycling.com\/hu\/kozosseg-es-kultura\/igy-valassz-biciklis-tetkot\/"]}]},{"@type":"ImageObject","inLanguage":"hu","@id":"https:\/\/www.welovecycling.com\/hu\/kozosseg-es-kultura\/igy-valassz-biciklis-tetkot\/#primaryimage","url":"https:\/\/d2p6e6u75xmxt8.cloudfront.net\/12\/2020\/11\/Bicycle-tattoo-profimedia-0498244654-CVR.jpg","contentUrl":"https:\/\/d2p6e6u75xmxt8.cloudfront.net\/12\/2020\/11\/Bicycle-tattoo-profimedia-0498244654-CVR.jpg","width":1366,"height":600,"caption":"Tattoo and bicycle"},{"@type":"BreadcrumbList","@id":"https:\/\/www.welovecycling.com\/hu\/kozosseg-es-kultura\/igy-valassz-biciklis-tetkot\/#breadcrumb","itemListElement":[{"@type":"ListItem","position":1,"name":"Home","item":"https:\/\/www.welovecycling.com\/hu\/"},{"@type":"ListItem","position":2,"name":"\u00cdgy v\u00e1lassz biciklis tetk\u00f3t"}]},{"@type":"WebSite","@id":"https:\/\/www.welovecycling.com\/hu\/#website","url":"https:\/\/www.welovecycling.com\/hu\/","name":"\u0160koda We Love Cycling - Magyarorsz\u00e1g","description":"\u0160koda WeLoveCycling","potentialAction":[{"@type":"SearchAction","target":{"@type":"EntryPoint","urlTemplate":"https:\/\/www.welovecycling.com\/hu\/?s={search_term_string}"},"query-input":{"@type":"PropertyValueSpecification","valueRequired":true,"valueName":"search_term_string"}}],"inLanguage":"hu"},{"@type":"Person","@id":"https:\/\/www.welovecycling.com\/hu\/#\/schema\/person\/414a2aebf1801691a5320edb6468e194","name":"hegyizs","image":{"@type":"ImageObject","inLanguage":"hu","@id":"https:\/\/www.welovecycling.com\/hu\/#\/schema\/person\/image\/","url":"https:\/\/secure.gravatar.com\/avatar\/02cf8a7906b8cf90cecb4679defac7cfd33a1c2e3b88e4903d947f3bb58eedd3?s=96&d=mm&r=g","contentUrl":"https:\/\/secure.gravatar.com\/avatar\/02cf8a7906b8cf90cecb4679defac7cfd33a1c2e3b88e4903d947f3bb58eedd3?s=96&d=mm&r=g","caption":"hegyizs"},"url":"https:\/\/www.welovecycling.com\/hu\/author\/hegyizs\/"}]}},"_links":{"self":[{"href":"https:\/\/www.welovecycling.com\/hu\/wp-json\/wp\/v2\/posts\/8925","targetHints":{"allow":["GET"]}}],"collection":[{"href":"https:\/\/www.welovecycling.com\/hu\/wp-json\/wp\/v2\/posts"}],"about":[{"href":"https:\/\/www.welovecycling.com\/hu\/wp-json\/wp\/v2\/types\/post"}],"author":[{"embeddable":true,"href":"https:\/\/www.welovecycling.com\/hu\/wp-json\/wp\/v2\/users\/71"}],"replies":[{"embeddable":true,"href":"https:\/\/www.welovecycling.com\/hu\/wp-json\/wp\/v2\/comments?post=8925"}],"version-history":[{"count":2,"href":"https:\/\/www.welovecycling.com\/hu\/wp-json\/wp\/v2\/posts\/8925\/revisions"}],"predecessor-version":[{"id":8941,"href":"https:\/\/www.welovecycling.com\/hu\/wp-json\/wp\/v2\/posts\/8925\/revisions\/8941"}],"wp:featuredmedia":[{"embeddable":true,"href":"https:\/\/www.welovecycling.com\/hu\/wp-json\/wp\/v2\/media\/8930"}],"wp:attachment":[{"href":"https:\/\/www.welovecycling.com\/hu\/wp-json\/wp\/v2\/media?parent=8925"}],"wp:term":[{"taxonomy":"category","embeddable":true,"href":"https:\/\/www.welovecycling.com\/hu\/wp-json\/wp\/v2\/categories?post=8925"},{"taxonomy":"post_tag","embeddable":true,"href":"https:\/\/www.welovecycling.com\/hu\/wp-json\/wp\/v2\/tags?post=8925"},{"taxonomy":"global-categories","embeddable":true,"href":"https:\/\/www.welovecycling.com\/hu\/wp-json\/wp\/v2\/global-categories?post=8925"}],"curies":[{"name":"wp","href":"https:\/\/api.w.org\/{rel}","templated":true}]}}