{"id":8914,"date":"2020-11-15T08:00:13","date_gmt":"2020-11-15T07:00:13","guid":{"rendered":"https:\/\/www.welovecycling.com\/hu\/?p=8914"},"modified":"2020-11-06T15:38:45","modified_gmt":"2020-11-06T14:38:45","slug":"hogyan-tartsd-meg-a-kerekparos-testsulyod-4-resz","status":"publish","type":"post","link":"https:\/\/www.welovecycling.com\/hu\/edzes-es-eletmod\/hogyan-tartsd-meg-a-kerekparos-testsulyod-4-resz\/","title":{"rendered":"Hogyan tartsd meg a ker\u00e9kp\u00e1ros tests\u00falyod? \u2013 4. r\u00e9sz"},"content":{"rendered":"<p><strong>K\u00f6nny\u0171 motiv\u00e1ltnak maradni, amikor fogysz. El\u0151tted van egy kit\u0171z\u00f6tt c\u00e9l, \u00e9s folyamatosan l\u00e1thatod a fejl\u0151d\u00e9sedet is, ez pedig j\u00f3 motiv\u00e1l\u00f3 er\u0151. Sokkal nehezebb azonban ugyanilyen lelkesnek maradni, amikor a tests\u00faly fenntart\u00e1sa a c\u00e9l. N\u00e9zz\u00fck meg, mi az, ami kell\u0151k\u00e9pp er\u0151s\u00edteni tudja a motiv\u00e1ci\u00f3dat ahhoz, hogy hossz\u00fat\u00e1von is k\u00e9pes legy\u00e9l erre. <\/strong><\/p>\n<h2><!--more--><\/h2>\n<h2><strong>A stagn\u00e1l\u00e1s unalmas<\/strong><\/h2>\n<p>J\u00f3 \u00e9rz\u00e9ssel t\u00f6lt el, amikor sikeresen el\u00e9red azt a tests\u00falyt, amit szerett\u00e9l volna \u2013 v\u00e9gre egy eredm\u00e9ny! De mi j\u00f6n ezut\u00e1n? Semmi v\u00e1ltoz\u00e1s? Csak el\u00e9rni, hogy minden \u00edgy maradjon? Ez el\u00e9g unalmasan hangzik, r\u00e1ad\u00e1sul \u00f6sszezavarhatja \u00e9s elb\u00e1tortalan\u00edthatja az embereket. Ekkor m\u00e1r m\u00e9lyebbre kell \u00e1snod, hogy egy \u00faj motiv\u00e1ci\u00f3forr\u00e1st tal\u00e1lj a tests\u00falyod megtart\u00e1s\u00e1ra.<\/p>\n<figure id=\"attachment_8915\" aria-describedby=\"caption-attachment-8915\" style=\"width: 1024px\" class=\"wp-caption alignnone\"><a href=\"https:\/\/d2p6e6u75xmxt8.cloudfront.net\/2\/2019\/10\/Cycling-Training-profimedia-0374728878.jpg\"><img loading=\"lazy\" decoding=\"async\" class=\"size-large wp-image-8915\" src=\"https:\/\/d2p6e6u75xmxt8.cloudfront.net\/12\/2020\/11\/Cycling-Training-profimedia-0374728878-1024x682.jpg\" alt=\"Cyclist on a road\" width=\"1024\" height=\"682\" srcset=\"https:\/\/d2p6e6u75xmxt8.cloudfront.net\/12\/2020\/11\/Cycling-Training-profimedia-0374728878-1024x682.jpg 1024w, https:\/\/d2p6e6u75xmxt8.cloudfront.net\/12\/2020\/11\/Cycling-Training-profimedia-0374728878-300x200.jpg 300w, https:\/\/d2p6e6u75xmxt8.cloudfront.net\/12\/2020\/11\/Cycling-Training-profimedia-0374728878-768x512.jpg 768w, https:\/\/d2p6e6u75xmxt8.cloudfront.net\/12\/2020\/11\/Cycling-Training-profimedia-0374728878-272x182.jpg 272w, https:\/\/d2p6e6u75xmxt8.cloudfront.net\/12\/2020\/11\/Cycling-Training-profimedia-0374728878.jpg 1250w\" sizes=\"auto, (max-width: 1024px) 100vw, 1024px\" \/><\/a><figcaption id=\"caption-attachment-8915\" class=\"wp-caption-text\"><em>A motiv\u00e1ci\u00f3 megtal\u00e1l\u00e1s\u00e1hoz koncentr\u00e1l\u00e1s sz\u00fcks\u00e9ges. \u00a9 Profimedia<\/em><\/figcaption><\/figure>\n<h2><strong>Keresed meg a leger\u0151sebb okokat<\/strong><\/h2>\n<p>Az \u00faj motiv\u00e1ci\u00f3forr\u00e1sodnak egy m\u00e9lyebb okb\u00f3l kell erednie. Ennek felismer\u00e9s\u00e9hez j\u00f3 m\u00f3dszer az \u201e5 mi\u00e9rt\u201d gyakorlat kipr\u00f3b\u00e1l\u00e1sa. El\u0151sz\u00f6r felteszed magadnak a k\u00e9rd\u00e9st, hogy mi\u00e9rt akarod tartani a s\u00falyodat. Azut\u00e1n megint megk\u00e9rdezed, mi\u00e9rt akarod ezt. Ha ezt \u00f6tsz\u00f6r megism\u00e9tled, nagyon k\u00f6zel ker\u00fclsz ahhoz, ami val\u00f3j\u00e1ban a c\u00e9lod m\u00f6g\u00f6tt \u00e1ll. Az sz\u00e1m\u00edt igaz\u00e1n, hogy milyen v\u00e1laszt adsz majd az utols\u00f3 \u201emi\u00e9rt\u201d-re.<\/p>\n<p>Az\u00e9rt, hogy eg\u00e9sz \u00e9letemben \u00e9lvezhessem a ker\u00e9kp\u00e1roz\u00e1st, m\u00e9g akkor is, ha \u00f6reg vagyok.<\/p>\n<p>Annak \u00e9rdek\u00e9ben, hogy eg\u00e9szs\u00e9ges legyek, hogy egy napon biciklizhessek a gyerekeimmel \u00e9s az unok\u00e1immal.<\/p>\n<p>Az\u00e9rt, hogy el\u00e9g fitt legyek ahhoz, hogy biciklit\u00far\u00e1ra mehessek a bar\u00e1taimmal, amikor csak alkalom ny\u00edlik r\u00e1.<\/p>\n<figure id=\"attachment_8916\" aria-describedby=\"caption-attachment-8916\" style=\"width: 1024px\" class=\"wp-caption alignnone\"><a href=\"https:\/\/d2p6e6u75xmxt8.cloudfront.net\/2\/2020\/10\/Cycling-friends-profimedia-0392115414-1.jpg\"><img loading=\"lazy\" decoding=\"async\" class=\"wp-image-8916 size-large\" src=\"https:\/\/d2p6e6u75xmxt8.cloudfront.net\/12\/2020\/11\/Cycling-friends-profimedia-0392115414-1-1024x683.jpg\" alt=\"Cycling in hills\" width=\"1024\" height=\"683\" srcset=\"https:\/\/d2p6e6u75xmxt8.cloudfront.net\/12\/2020\/11\/Cycling-friends-profimedia-0392115414-1-1024x683.jpg 1024w, https:\/\/d2p6e6u75xmxt8.cloudfront.net\/12\/2020\/11\/Cycling-friends-profimedia-0392115414-1-300x200.jpg 300w, https:\/\/d2p6e6u75xmxt8.cloudfront.net\/12\/2020\/11\/Cycling-friends-profimedia-0392115414-1-768x512.jpg 768w, https:\/\/d2p6e6u75xmxt8.cloudfront.net\/12\/2020\/11\/Cycling-friends-profimedia-0392115414-1-272x182.jpg 272w, https:\/\/d2p6e6u75xmxt8.cloudfront.net\/12\/2020\/11\/Cycling-friends-profimedia-0392115414-1.jpg 1250w\" sizes=\"auto, (max-width: 1024px) 100vw, 1024px\" \/><\/a><figcaption id=\"caption-attachment-8916\" class=\"wp-caption-text\"><em>El\u00e9g motiv\u00e1ci\u00f3, hogy egy\u00fctt kalandozhatsz a bar\u00e1taiddal? \u00a9 Profimedia<\/em><\/figcaption><\/figure>\n<h2><strong>Az \u00faj szeml\u00e9letm\u00f3d el\u00e9r\u00e9se legyen a nagy c\u00e9lod<\/strong><\/h2>\n<p>Nagyszer\u0171! Az im\u00e9nt azonos\u00edtott c\u00e9lod m\u00f6g\u00f6tt rejl\u0151 szeml\u00e9letm\u00f3d el\u00e9r\u00e9se ugyanolyan nagy c\u00e9lodd\u00e1 v\u00e1lhat, mint amilyen a fogy\u00e1s volt. \u00dajra van valami, amibe kapaszkodhatsz, ha egy neh\u00e9zs\u00e9g majd megpr\u00f3b\u00e1l letasz\u00edtani az \u00fatr\u00f3l. Mindig megk\u00e9rdezheted magadt\u00f3l: <em>\u201eAz, amit most teszek, hozz\u00e1seg\u00edt ahhoz, hogy el\u00e9rjem a c\u00e9lk\u00e9nt kit\u0171z\u00f6tt \u00faj szeml\u00e9letm\u00f3domat?\u201d<\/em><\/p>\n<h2><strong>B\u00edzz magadban<\/strong><\/h2>\n<p>Az a k\u00e9pess\u00e9g, hogy rugalmasan alkalmazkodsz az \u00e9trendedhez, t\u00e1mogat\u00f3 tev\u00e9kenys\u00e9geket gyakorolsz \u00e9s r\u00e1tal\u00e1lsz az er\u0151s motiv\u00e1ci\u00f3forr\u00e1sodra, mind egy dologban seg\u00edtenek: az \u00f6nbizalmad ki\u00e9p\u00edt\u00e9s\u00e9ben. Ez a legfontosabb k\u00e9szs\u00e9g, ami seg\u00edt majd tartani a s\u00falyodat az \u00e9leted h\u00e1tralev\u0151 r\u00e9sz\u00e9ben. A j\u00f6v\u0151 mindig bizonytalan, az \u00e9let pedig mindenf\u00e9le akad\u00e1lyt \u00e9s probl\u00e9m\u00e1t helyez el\u00e9d, amelyek mellett a tests\u00faly csak m\u00e1sodlagosnak t\u0171nik. Ez\u00e9rt csak akkor lehetsz biztos abban, hogy tartani tudod a ker\u00e9kp\u00e1ros s\u00falyodat, ha b\u00edzol magadban, \u00e9s b\u00e1rmi t\u00f6rt\u00e9nj\u00e9k is, tartod magad a c\u00e9lodhoz.<\/p>\n","protected":false},"excerpt":{"rendered":"<p>K\u00f6nny\u0171 motiv\u00e1ltnak maradni, amikor fogysz. El\u0151tted van egy kit\u0171z\u00f6tt c\u00e9l, \u00e9s folyamatosan l\u00e1thatod a fejl\u0151d\u00e9sedet is, ez pedig j\u00f3 motiv\u00e1l\u00f3 [&hellip;]<\/p>\n","protected":false},"author":71,"featured_media":8918,"comment_status":"open","ping_status":"open","sticky":false,"template":"","format":"standard","meta":{"footnotes":""},"categories":[6],"tags":[],"global-categories":[],"class_list":["post-8914","post","type-post","status-publish","format-standard","has-post-thumbnail","hentry","category-edzes-es-eletmod"],"yoast_head":"<!-- This site is optimized with the Yoast SEO Premium plugin v25.3 (Yoast SEO v25.9) - https:\/\/yoast.com\/wordpress\/plugins\/seo\/ -->\n<title>Hogyan tartsd meg a ker\u00e9kp\u00e1ros tests\u00falyod? \u2013 4. r\u00e9sz<\/title>\n<meta name=\"description\" content=\"K\u00f6nny\u0171 motiv\u00e1ltnak maradni, amikor fogysz. El\u0151tted van egy kit\u0171z\u00f6tt c\u00e9l, \u00e9s folyamatosan l\u00e1thatod a fejl\u0151d\u00e9sedet is, ez pedig j\u00f3 motiv\u00e1l\u00f3 er\u0151.\" \/>\n<meta name=\"robots\" content=\"index, follow, max-snippet:-1, max-image-preview:large, max-video-preview:-1\" \/>\n<link rel=\"canonical\" href=\"https:\/\/www.welovecycling.com\/hu\/edzes-es-eletmod\/hogyan-tartsd-meg-a-kerekparos-testsulyod-4-resz\/\" \/>\n<meta property=\"og:locale\" content=\"hu_HU\" \/>\n<meta property=\"og:type\" content=\"article\" \/>\n<meta property=\"og:title\" content=\"Hogyan tartsd meg a ker\u00e9kp\u00e1ros tests\u00falyod? \u2013 4. r\u00e9sz\" \/>\n<meta property=\"og:description\" content=\"K\u00f6nny\u0171 motiv\u00e1ltnak maradni, amikor fogysz. El\u0151tted van egy kit\u0171z\u00f6tt c\u00e9l, \u00e9s folyamatosan l\u00e1thatod a fejl\u0151d\u00e9sedet is, ez pedig j\u00f3 motiv\u00e1l\u00f3 er\u0151. Sokkal nehezebb azonban ugyanilyen lelkesnek maradni, amikor a tests\u00faly fenntart\u00e1sa a c\u00e9l. N\u00e9zz\u00fck meg, mi az, ami kell\u0151k\u00e9pp er\u0151s\u00edteni tudja a motiv\u00e1ci\u00f3dat ahhoz, hogy hossz\u00fat\u00e1von is k\u00e9pes legy\u00e9l erre.\" \/>\n<meta property=\"og:url\" content=\"https:\/\/www.welovecycling.com\/hu\/edzes-es-eletmod\/hogyan-tartsd-meg-a-kerekparos-testsulyod-4-resz\/\" \/>\n<meta property=\"og:site_name\" content=\"\u0160koda We Love Cycling - Magyarorsz\u00e1g\" \/>\n<meta property=\"article:publisher\" content=\"https:\/\/www.facebook.com\/WeLoveCyclingHungary\/\" \/>\n<meta property=\"article:published_time\" content=\"2020-11-15T07:00:13+00:00\" \/>\n<meta property=\"og:image\" content=\"https:\/\/d2p6e6u75xmxt8.cloudfront.net\/12\/2020\/11\/Cyclists-mountains-profimedia-0346591589-CVR.jpg\" \/>\n\t<meta property=\"og:image:width\" content=\"1366\" \/>\n\t<meta property=\"og:image:height\" content=\"600\" \/>\n\t<meta property=\"og:image:type\" content=\"image\/jpeg\" \/>\n<meta name=\"author\" content=\"hegyizs\" \/>\n<meta name=\"twitter:card\" content=\"summary_large_image\" \/>\n<meta name=\"twitter:title\" content=\"Hogyan tartsd meg a ker\u00e9kp\u00e1ros tests\u00falyod? \u2013 4. r\u00e9sz\" \/>\n<meta name=\"twitter:label1\" content=\"Written by\" \/>\n\t<meta name=\"twitter:data1\" content=\"Ji\u0159\u00ed Kalo\u010d\" \/>\n\t<meta name=\"twitter:label2\" content=\"Est. reading time\" \/>\n\t<meta name=\"twitter:data2\" content=\"5\" \/>\n<script type=\"application\/ld+json\" class=\"yoast-schema-graph\">{\"@context\":\"https:\/\/schema.org\",\"@graph\":[{\"@type\":\"WebPage\",\"@id\":\"https:\/\/www.welovecycling.com\/hu\/edzes-es-eletmod\/hogyan-tartsd-meg-a-kerekparos-testsulyod-4-resz\/\",\"url\":\"https:\/\/www.welovecycling.com\/hu\/edzes-es-eletmod\/hogyan-tartsd-meg-a-kerekparos-testsulyod-4-resz\/\",\"name\":\"Hogyan tartsd meg a ker\u00e9kp\u00e1ros tests\u00falyod? \u2013 4. r\u00e9sz\",\"isPartOf\":{\"@id\":\"https:\/\/www.welovecycling.com\/hu\/#website\"},\"primaryImageOfPage\":{\"@id\":\"https:\/\/www.welovecycling.com\/hu\/edzes-es-eletmod\/hogyan-tartsd-meg-a-kerekparos-testsulyod-4-resz\/#primaryimage\"},\"image\":{\"@id\":\"https:\/\/www.welovecycling.com\/hu\/edzes-es-eletmod\/hogyan-tartsd-meg-a-kerekparos-testsulyod-4-resz\/#primaryimage\"},\"thumbnailUrl\":\"https:\/\/d2p6e6u75xmxt8.cloudfront.net\/12\/2020\/11\/Cyclists-mountains-profimedia-0346591589-CVR.jpg\",\"datePublished\":\"2020-11-15T07:00:13+00:00\",\"author\":{\"@id\":\"https:\/\/www.welovecycling.com\/hu\/#\/schema\/person\/414a2aebf1801691a5320edb6468e194\"},\"description\":\"K\u00f6nny\u0171 motiv\u00e1ltnak maradni, amikor fogysz. El\u0151tted van egy kit\u0171z\u00f6tt c\u00e9l, \u00e9s folyamatosan l\u00e1thatod a fejl\u0151d\u00e9sedet is, ez pedig j\u00f3 motiv\u00e1l\u00f3 er\u0151.\",\"breadcrumb\":{\"@id\":\"https:\/\/www.welovecycling.com\/hu\/edzes-es-eletmod\/hogyan-tartsd-meg-a-kerekparos-testsulyod-4-resz\/#breadcrumb\"},\"inLanguage\":\"hu\",\"potentialAction\":[{\"@type\":\"ReadAction\",\"target\":[\"https:\/\/www.welovecycling.com\/hu\/edzes-es-eletmod\/hogyan-tartsd-meg-a-kerekparos-testsulyod-4-resz\/\"]}]},{\"@type\":\"ImageObject\",\"inLanguage\":\"hu\",\"@id\":\"https:\/\/www.welovecycling.com\/hu\/edzes-es-eletmod\/hogyan-tartsd-meg-a-kerekparos-testsulyod-4-resz\/#primaryimage\",\"url\":\"https:\/\/d2p6e6u75xmxt8.cloudfront.net\/12\/2020\/11\/Cyclists-mountains-profimedia-0346591589-CVR.jpg\",\"contentUrl\":\"https:\/\/d2p6e6u75xmxt8.cloudfront.net\/12\/2020\/11\/Cyclists-mountains-profimedia-0346591589-CVR.jpg\",\"width\":1366,\"height\":600,\"caption\":\"Cycling in mountains\"},{\"@type\":\"BreadcrumbList\",\"@id\":\"https:\/\/www.welovecycling.com\/hu\/edzes-es-eletmod\/hogyan-tartsd-meg-a-kerekparos-testsulyod-4-resz\/#breadcrumb\",\"itemListElement\":[{\"@type\":\"ListItem\",\"position\":1,\"name\":\"Home\",\"item\":\"https:\/\/www.welovecycling.com\/hu\/\"},{\"@type\":\"ListItem\",\"position\":2,\"name\":\"Hogyan tartsd meg a ker\u00e9kp\u00e1ros tests\u00falyod? \u2013 4. r\u00e9sz\"}]},{\"@type\":\"WebSite\",\"@id\":\"https:\/\/www.welovecycling.com\/hu\/#website\",\"url\":\"https:\/\/www.welovecycling.com\/hu\/\",\"name\":\"\u0160koda We Love Cycling - Magyarorsz\u00e1g\",\"description\":\"\u0160koda WeLoveCycling\",\"potentialAction\":[{\"@type\":\"SearchAction\",\"target\":{\"@type\":\"EntryPoint\",\"urlTemplate\":\"https:\/\/www.welovecycling.com\/hu\/?s={search_term_string}\"},\"query-input\":{\"@type\":\"PropertyValueSpecification\",\"valueRequired\":true,\"valueName\":\"search_term_string\"}}],\"inLanguage\":\"hu\"},{\"@type\":\"Person\",\"@id\":\"https:\/\/www.welovecycling.com\/hu\/#\/schema\/person\/414a2aebf1801691a5320edb6468e194\",\"name\":\"hegyizs\",\"image\":{\"@type\":\"ImageObject\",\"inLanguage\":\"hu\",\"@id\":\"https:\/\/www.welovecycling.com\/hu\/#\/schema\/person\/image\/\",\"url\":\"https:\/\/secure.gravatar.com\/avatar\/02cf8a7906b8cf90cecb4679defac7cfd33a1c2e3b88e4903d947f3bb58eedd3?s=96&d=mm&r=g\",\"contentUrl\":\"https:\/\/secure.gravatar.com\/avatar\/02cf8a7906b8cf90cecb4679defac7cfd33a1c2e3b88e4903d947f3bb58eedd3?s=96&d=mm&r=g\",\"caption\":\"hegyizs\"},\"url\":\"https:\/\/www.welovecycling.com\/hu\/author\/hegyizs\/\"}]}<\/script>\n<!-- \/ Yoast SEO Premium plugin. -->","yoast_head_json":{"title":"Hogyan tartsd meg a ker\u00e9kp\u00e1ros tests\u00falyod? \u2013 4. r\u00e9sz","description":"K\u00f6nny\u0171 motiv\u00e1ltnak maradni, amikor fogysz. El\u0151tted van egy kit\u0171z\u00f6tt c\u00e9l, \u00e9s folyamatosan l\u00e1thatod a fejl\u0151d\u00e9sedet is, ez pedig j\u00f3 motiv\u00e1l\u00f3 er\u0151.","robots":{"index":"index","follow":"follow","max-snippet":"max-snippet:-1","max-image-preview":"max-image-preview:large","max-video-preview":"max-video-preview:-1"},"canonical":"https:\/\/www.welovecycling.com\/hu\/edzes-es-eletmod\/hogyan-tartsd-meg-a-kerekparos-testsulyod-4-resz\/","og_locale":"hu_HU","og_type":"article","og_title":"Hogyan tartsd meg a ker\u00e9kp\u00e1ros tests\u00falyod? \u2013 4. r\u00e9sz","og_description":"K\u00f6nny\u0171 motiv\u00e1ltnak maradni, amikor fogysz. El\u0151tted van egy kit\u0171z\u00f6tt c\u00e9l, \u00e9s folyamatosan l\u00e1thatod a fejl\u0151d\u00e9sedet is, ez pedig j\u00f3 motiv\u00e1l\u00f3 er\u0151. Sokkal nehezebb azonban ugyanilyen lelkesnek maradni, amikor a tests\u00faly fenntart\u00e1sa a c\u00e9l. N\u00e9zz\u00fck meg, mi az, ami kell\u0151k\u00e9pp er\u0151s\u00edteni tudja a motiv\u00e1ci\u00f3dat ahhoz, hogy hossz\u00fat\u00e1von is k\u00e9pes legy\u00e9l erre.","og_url":"https:\/\/www.welovecycling.com\/hu\/edzes-es-eletmod\/hogyan-tartsd-meg-a-kerekparos-testsulyod-4-resz\/","og_site_name":"\u0160koda We Love Cycling - Magyarorsz\u00e1g","article_publisher":"https:\/\/www.facebook.com\/WeLoveCyclingHungary\/","article_published_time":"2020-11-15T07:00:13+00:00","og_image":[{"width":1366,"height":600,"url":"https:\/\/d2p6e6u75xmxt8.cloudfront.net\/12\/2020\/11\/Cyclists-mountains-profimedia-0346591589-CVR.jpg","type":"image\/jpeg"}],"author":"hegyizs","twitter_card":"summary_large_image","twitter_title":"Hogyan tartsd meg a ker\u00e9kp\u00e1ros tests\u00falyod? \u2013 4. r\u00e9sz","twitter_misc":{"Written by":"Ji\u0159\u00ed Kalo\u010d","Est. reading time":"5"},"schema":{"@context":"https:\/\/schema.org","@graph":[{"@type":"WebPage","@id":"https:\/\/www.welovecycling.com\/hu\/edzes-es-eletmod\/hogyan-tartsd-meg-a-kerekparos-testsulyod-4-resz\/","url":"https:\/\/www.welovecycling.com\/hu\/edzes-es-eletmod\/hogyan-tartsd-meg-a-kerekparos-testsulyod-4-resz\/","name":"Hogyan tartsd meg a ker\u00e9kp\u00e1ros tests\u00falyod? \u2013 4. r\u00e9sz","isPartOf":{"@id":"https:\/\/www.welovecycling.com\/hu\/#website"},"primaryImageOfPage":{"@id":"https:\/\/www.welovecycling.com\/hu\/edzes-es-eletmod\/hogyan-tartsd-meg-a-kerekparos-testsulyod-4-resz\/#primaryimage"},"image":{"@id":"https:\/\/www.welovecycling.com\/hu\/edzes-es-eletmod\/hogyan-tartsd-meg-a-kerekparos-testsulyod-4-resz\/#primaryimage"},"thumbnailUrl":"https:\/\/d2p6e6u75xmxt8.cloudfront.net\/12\/2020\/11\/Cyclists-mountains-profimedia-0346591589-CVR.jpg","datePublished":"2020-11-15T07:00:13+00:00","author":{"@id":"https:\/\/www.welovecycling.com\/hu\/#\/schema\/person\/414a2aebf1801691a5320edb6468e194"},"description":"K\u00f6nny\u0171 motiv\u00e1ltnak maradni, amikor fogysz. El\u0151tted van egy kit\u0171z\u00f6tt c\u00e9l, \u00e9s folyamatosan l\u00e1thatod a fejl\u0151d\u00e9sedet is, ez pedig j\u00f3 motiv\u00e1l\u00f3 er\u0151.","breadcrumb":{"@id":"https:\/\/www.welovecycling.com\/hu\/edzes-es-eletmod\/hogyan-tartsd-meg-a-kerekparos-testsulyod-4-resz\/#breadcrumb"},"inLanguage":"hu","potentialAction":[{"@type":"ReadAction","target":["https:\/\/www.welovecycling.com\/hu\/edzes-es-eletmod\/hogyan-tartsd-meg-a-kerekparos-testsulyod-4-resz\/"]}]},{"@type":"ImageObject","inLanguage":"hu","@id":"https:\/\/www.welovecycling.com\/hu\/edzes-es-eletmod\/hogyan-tartsd-meg-a-kerekparos-testsulyod-4-resz\/#primaryimage","url":"https:\/\/d2p6e6u75xmxt8.cloudfront.net\/12\/2020\/11\/Cyclists-mountains-profimedia-0346591589-CVR.jpg","contentUrl":"https:\/\/d2p6e6u75xmxt8.cloudfront.net\/12\/2020\/11\/Cyclists-mountains-profimedia-0346591589-CVR.jpg","width":1366,"height":600,"caption":"Cycling in mountains"},{"@type":"BreadcrumbList","@id":"https:\/\/www.welovecycling.com\/hu\/edzes-es-eletmod\/hogyan-tartsd-meg-a-kerekparos-testsulyod-4-resz\/#breadcrumb","itemListElement":[{"@type":"ListItem","position":1,"name":"Home","item":"https:\/\/www.welovecycling.com\/hu\/"},{"@type":"ListItem","position":2,"name":"Hogyan tartsd meg a ker\u00e9kp\u00e1ros tests\u00falyod? \u2013 4. r\u00e9sz"}]},{"@type":"WebSite","@id":"https:\/\/www.welovecycling.com\/hu\/#website","url":"https:\/\/www.welovecycling.com\/hu\/","name":"\u0160koda We Love Cycling - Magyarorsz\u00e1g","description":"\u0160koda WeLoveCycling","potentialAction":[{"@type":"SearchAction","target":{"@type":"EntryPoint","urlTemplate":"https:\/\/www.welovecycling.com\/hu\/?s={search_term_string}"},"query-input":{"@type":"PropertyValueSpecification","valueRequired":true,"valueName":"search_term_string"}}],"inLanguage":"hu"},{"@type":"Person","@id":"https:\/\/www.welovecycling.com\/hu\/#\/schema\/person\/414a2aebf1801691a5320edb6468e194","name":"hegyizs","image":{"@type":"ImageObject","inLanguage":"hu","@id":"https:\/\/www.welovecycling.com\/hu\/#\/schema\/person\/image\/","url":"https:\/\/secure.gravatar.com\/avatar\/02cf8a7906b8cf90cecb4679defac7cfd33a1c2e3b88e4903d947f3bb58eedd3?s=96&d=mm&r=g","contentUrl":"https:\/\/secure.gravatar.com\/avatar\/02cf8a7906b8cf90cecb4679defac7cfd33a1c2e3b88e4903d947f3bb58eedd3?s=96&d=mm&r=g","caption":"hegyizs"},"url":"https:\/\/www.welovecycling.com\/hu\/author\/hegyizs\/"}]}},"_links":{"self":[{"href":"https:\/\/www.welovecycling.com\/hu\/wp-json\/wp\/v2\/posts\/8914","targetHints":{"allow":["GET"]}}],"collection":[{"href":"https:\/\/www.welovecycling.com\/hu\/wp-json\/wp\/v2\/posts"}],"about":[{"href":"https:\/\/www.welovecycling.com\/hu\/wp-json\/wp\/v2\/types\/post"}],"author":[{"embeddable":true,"href":"https:\/\/www.welovecycling.com\/hu\/wp-json\/wp\/v2\/users\/71"}],"replies":[{"embeddable":true,"href":"https:\/\/www.welovecycling.com\/hu\/wp-json\/wp\/v2\/comments?post=8914"}],"version-history":[{"count":2,"href":"https:\/\/www.welovecycling.com\/hu\/wp-json\/wp\/v2\/posts\/8914\/revisions"}],"predecessor-version":[{"id":8939,"href":"https:\/\/www.welovecycling.com\/hu\/wp-json\/wp\/v2\/posts\/8914\/revisions\/8939"}],"wp:featuredmedia":[{"embeddable":true,"href":"https:\/\/www.welovecycling.com\/hu\/wp-json\/wp\/v2\/media\/8918"}],"wp:attachment":[{"href":"https:\/\/www.welovecycling.com\/hu\/wp-json\/wp\/v2\/media?parent=8914"}],"wp:term":[{"taxonomy":"category","embeddable":true,"href":"https:\/\/www.welovecycling.com\/hu\/wp-json\/wp\/v2\/categories?post=8914"},{"taxonomy":"post_tag","embeddable":true,"href":"https:\/\/www.welovecycling.com\/hu\/wp-json\/wp\/v2\/tags?post=8914"},{"taxonomy":"global-categories","embeddable":true,"href":"https:\/\/www.welovecycling.com\/hu\/wp-json\/wp\/v2\/global-categories?post=8914"}],"curies":[{"name":"wp","href":"https:\/\/api.w.org\/{rel}","templated":true}]}}