{"id":8908,"date":"2020-11-14T08:00:05","date_gmt":"2020-11-14T07:00:05","guid":{"rendered":"https:\/\/www.welovecycling.com\/hu\/?p=8908"},"modified":"2020-11-06T15:38:00","modified_gmt":"2020-11-06T14:38:00","slug":"7-ok-amiert-nem-szabad-osszehasonlitani-magad-mas-biciklisekkel","status":"publish","type":"post","link":"https:\/\/www.welovecycling.com\/hu\/orszaguti-kerekpar\/7-ok-amiert-nem-szabad-osszehasonlitani-magad-mas-biciklisekkel\/","title":{"rendered":"7 ok, ami\u00e9rt nem szabad \u00f6sszehasonl\u00edtani magad m\u00e1s biciklisekkel"},"content":{"rendered":"<p><strong>\u201eA hasonl\u00edtgat\u00e1s az \u00f6r\u00f6m tolvaja.\u201d<\/strong><\/p>\n<p><!--more--><\/p>\n<p>Ha rendszeresen biciklizel, val\u00f3sz\u00edn\u0171leg \u00fagy gondolsz r\u00e1, mint egy olyan tev\u00e9kenys\u00e9gre, ami pozit\u00edvan befoly\u00e1solja a ment\u00e1lis eg\u00e9szs\u00e9gedet \u00e9s seg\u00edt oldani a stresszt. Sajnos viszont van n\u00e9h\u00e1ny rossz szok\u00e1s, amelyekkel \u00e9let\u00fcnk m\u00e1s ter\u00fcletein k\u00fczd\u00fcnk, \u00e9s befoly\u00e1solhatj\u00e1k ker\u00e9kp\u00e1ros rutinunkat is. Mi az, ami vill\u00e1mgyorsan tudja megsemmis\u00edteni a bicikliz\u00e9ssel j\u00e1r\u00f3 pozit\u00edv \u00e9rz\u00e9seket? Ha engedsz a k\u00eds\u00e9rt\u00e9snek \u00e9s elkezded \u00f6sszehasonl\u00edtani magad m\u00e1s ker\u00e9kp\u00e1rosokkal. B\u00e1r azzal semmi baj nincs, ha m\u00e1sok inspir\u00e1lnak, vagy nyomon k\u00f6veted a fejl\u0151d\u00e9sedet, hogy l\u00e1sd, milyen messzire jutott\u00e1l, de ahogy Theodore Roosevelt fenti id\u00e9zete is al\u00e1t\u00e1masztja, neh\u00e9z megtal\u00e1lni az \u00f6r\u00f6m\u00f6t, ha folyamatosan a k\u00f6r\u00fcl\u00f6tted l\u00e9v\u0151kre koncentr\u00e1lsz. Ha \u00fagy \u00e9rzed, ez a szok\u00e1sod kezdi elhom\u00e1lyos\u00edtani a j\u00f3kedvedet, olvasd el cikk\u00fcnket, hogy eml\u00e9kezni tudj arra, mi\u00e9rt nem vezet sikerhez \u00f6nmagad m\u00e1sokhoz val\u00f3 hasonl\u00edtgat\u00e1sa.<\/p>\n<figure id=\"attachment_8909\" aria-describedby=\"caption-attachment-8909\" style=\"width: 1024px\" class=\"wp-caption alignnone\"><a href=\"https:\/\/d2p6e6u75xmxt8.cloudfront.net\/2\/2020\/03\/Friends-Cycling-Training-profimedia-0281706419.jpg\"><img loading=\"lazy\" decoding=\"async\" class=\"size-large wp-image-8909\" src=\"https:\/\/d2p6e6u75xmxt8.cloudfront.net\/12\/2020\/11\/Friends-Cycling-Training-profimedia-0281706419-1024x681.jpg\" alt=\"\" width=\"1024\" height=\"681\" srcset=\"https:\/\/d2p6e6u75xmxt8.cloudfront.net\/12\/2020\/11\/Friends-Cycling-Training-profimedia-0281706419-1024x681.jpg 1024w, https:\/\/d2p6e6u75xmxt8.cloudfront.net\/12\/2020\/11\/Friends-Cycling-Training-profimedia-0281706419-300x199.jpg 300w, https:\/\/d2p6e6u75xmxt8.cloudfront.net\/12\/2020\/11\/Friends-Cycling-Training-profimedia-0281706419-768x511.jpg 768w, https:\/\/d2p6e6u75xmxt8.cloudfront.net\/12\/2020\/11\/Friends-Cycling-Training-profimedia-0281706419-272x182.jpg 272w, https:\/\/d2p6e6u75xmxt8.cloudfront.net\/12\/2020\/11\/Friends-Cycling-Training-profimedia-0281706419.jpg 1250w\" sizes=\"auto, (max-width: 1024px) 100vw, 1024px\" \/><\/a><figcaption id=\"caption-attachment-8909\" class=\"wp-caption-text\"><em>\u00c1llj ellen a k\u00eds\u00e9rt\u00e9snek, \u00e9s ne hasonl\u00edtsd \u00f6ssze magad a t\u00f6bbi biciklissel! \u00a9 Profimedia<\/em><\/figcaption><\/figure>\n<h2><strong>Negat\u00edvan hat a teljes\u00edtm\u00e9nyre<\/strong><\/h2>\n<p>Ha folyamatosan v\u00e1rjuk a k\u00fcls\u0151 visszaigazol\u00e1st, az csak eltereli a figyelm\u00fcnket, \u00e9s cs\u00f6kkentheti a teljes\u00edtm\u00e9nyt. Ha hagyjuk, hogy a k\u00f6r\u00fcl\u00f6tt\u00fcnk l\u00e9v\u0151k, akikn\u00e9l jobbak akarunk lenni (vagy legal\u00e1bbis olyan j\u00f3k, mint \u0151k) t\u00fal nagy szerephez jussanak a mindennapjainkban, nem marad el\u00e9g energi\u00e1nk arra, hogy a fontos dolgokra \u00f6sszpontos\u00edtsunk. Ahelyett, hogy csak hasonl\u00edtgatjuk magunkat hozz\u00e1juk, figyelj\u00fck meg, mit csin\u00e1lnak j\u00f3l \u00e9s pr\u00f3b\u00e1ljunk tanulni t\u0151l\u00fck!<\/p>\n<h2><strong>Magadnak \u00e1rtasz vele<\/strong><\/h2>\n<p>Az \u00e1lland\u00f3 \u00f6sszehasonl\u00edtgat\u00e1s a test-l\u00e9lek kapcsolatra is negat\u00edv hat\u00e1ssal lehet, emiatt pedig kev\u00e9sb\u00e9 fogod biztons\u00e1gban \u00e9rezni magad a bicajodon. Amikor m\u00e1r nem az a c\u00e9lod, hogy a lehet\u0151 legjobb legy\u00e9l, hanem m\u00e1sokat akarsz legy\u0151zni, akkor nem figyelsz oda a bels\u0151 jelz\u00e9seidre. A rossz \u00edt\u00e9l\u0151k\u00e9pess\u00e9g eltereli a figyelmed \u00e9s megfeledkezel p\u00e9ld\u00e1ul a fiziol\u00f3gi\u00e1dr\u00f3l \u00e9s a saj\u00e1t ritmusodr\u00f3l. Nincs semmi baj azzal, ha \u00e9l benned a versenyszellem, de a legjobb sportol\u00f3k a nagy t\u00e9t ellen\u00e9re is tudj\u00e1k: ha t\u00falzottan m\u00e1sokra koncentr\u00e1lnak maguk helyett, az sz\u00f6rny\u0171 k\u00f6vetkezm\u00e9nyeket vonhat maga ut\u00e1n.<\/p>\n<figure id=\"attachment_8910\" aria-describedby=\"caption-attachment-8910\" style=\"width: 1000px\" class=\"wp-caption alignnone\"><a href=\"https:\/\/d2p6e6u75xmxt8.cloudfront.net\/12\/2020\/11\/Woman-downhill-profimedia-0392492824.jpg\"><img loading=\"lazy\" decoding=\"async\" class=\"wp-image-8910 size-full\" src=\"https:\/\/d2p6e6u75xmxt8.cloudfront.net\/12\/2020\/11\/Woman-downhill-profimedia-0392492824.jpg\" alt=\"Donwhill Cycling\" width=\"1000\" height=\"563\" srcset=\"https:\/\/d2p6e6u75xmxt8.cloudfront.net\/12\/2020\/11\/Woman-downhill-profimedia-0392492824.jpg 1000w, https:\/\/d2p6e6u75xmxt8.cloudfront.net\/12\/2020\/11\/Woman-downhill-profimedia-0392492824-300x169.jpg 300w, https:\/\/d2p6e6u75xmxt8.cloudfront.net\/12\/2020\/11\/Woman-downhill-profimedia-0392492824-768x432.jpg 768w\" sizes=\"auto, (max-width: 1000px) 100vw, 1000px\" \/><\/a><figcaption id=\"caption-attachment-8910\" class=\"wp-caption-text\"><em>Ne felejtsd el, hogy rajtad van a hangs\u00faly, nem pedig m\u00e1sokon. \u00a9 Profimedia<\/em><\/figcaption><\/figure>\n<h2><strong>Tudat\u00e1ban lenni annak, ami k\u00f6r\u00fcl\u00f6tted t\u00f6rt\u00e9nik, m\u00e1s, mint a hasonl\u00edtgat\u00e1s<\/strong><\/h2>\n<p>A biztons\u00e1gos \u00e9s eredm\u00e9nyes edz\u00e9s \u00e9rdek\u00e9ben fontos, hogy tudat\u00e1ban legy\u00fcnk annak, ami k\u00f6r\u00fcl\u00f6tt\u00fcnk zajlik egy versenyen vagy egy csoportos utaz\u00e1s sor\u00e1n, de meg kell tudni k\u00fcl\u00f6nb\u00f6ztetni a tudatoss\u00e1got \u00e9s a hasonl\u00edtgat\u00e1st. P\u00e9ld\u00e1ul, ha egy versenyen megfigyeled, mit csin\u00e1lnak m\u00e1sok, ennek megfelel\u0151en taktik\u00e1zhatsz \u00e9s az el\u0151ny\u00f6dre ford\u00edthatod a szerzett inform\u00e1ci\u00f3kat. Ezeket a megfigyel\u00e9sek hasznosak lehetnek a teljes\u00edtm\u00e9nyed szempontj\u00e1b\u00f3l.<\/p>\n<h2><strong>Minden ember m\u00e1shonnan indul<\/strong><\/h2>\n<p>Az \u00f6sszehasonl\u00edt\u00e1s egyik legnagyobb probl\u00e9m\u00e1ja, hogy csak egy apr\u00f3 darabot l\u00e1tsz a kirak\u00f3sb\u00f3l, de egy embernek sem l\u00e1tod az eg\u00e9sz\u00e9t. Att\u00f3l m\u00e9g, hogy \u00fagy t\u0171nik, valakinek nem kell annyi er\u0151t kifejtenie, mint neked, az nem azt jelenti, hogy ez t\u00e9nyleg \u00edgy van. Ak\u00e1r bicikliz\u00e9sr\u0151l, ak\u00e1r m\u00e1s k\u00e9szs\u00e9gr\u0151l vagy tehets\u00e9gr\u0151l besz\u00e9l\u00fcnk, mindig lesznek olyan t\u00e9nyez\u0151k, amik teljesen k\u00edv\u00fcl esnek a hat\u00e1sk\u00f6r\u00f6d\u00f6n, \u00e9s jelent\u0151sen befoly\u00e1solj\u00e1k a sikert. Term\u00e9szetesen fontos, hogy ne ess\u00fcnk \u00e1t a l\u00f3 m\u00e1sik oldal\u00e1ra \u00e9s ne szenvedj\u00fcnk veres\u00e9get csup\u00e1n az\u00e9rt, mert \u00fagy \u00e9rzed, valakinek el\u0151nye van veled szemben. T\u0171zz ki c\u00e9lokat,de maradj re\u00e1lis!<\/p>\n<figure id=\"attachment_8911\" aria-describedby=\"caption-attachment-8911\" style=\"width: 1024px\" class=\"wp-caption alignnone\"><a href=\"https:\/\/d2p6e6u75xmxt8.cloudfront.net\/2\/2020\/10\/La-Vuelta-Cyclists-profimedia-0566215816.jpg\"><img loading=\"lazy\" decoding=\"async\" class=\"size-large wp-image-8911\" src=\"https:\/\/d2p6e6u75xmxt8.cloudfront.net\/12\/2020\/11\/La-Vuelta-Cyclists-profimedia-0566215816-1024x682.jpg\" alt=\"Two Cyclists\" width=\"1024\" height=\"682\" srcset=\"https:\/\/d2p6e6u75xmxt8.cloudfront.net\/12\/2020\/11\/La-Vuelta-Cyclists-profimedia-0566215816-1024x682.jpg 1024w, https:\/\/d2p6e6u75xmxt8.cloudfront.net\/12\/2020\/11\/La-Vuelta-Cyclists-profimedia-0566215816-300x200.jpg 300w, https:\/\/d2p6e6u75xmxt8.cloudfront.net\/12\/2020\/11\/La-Vuelta-Cyclists-profimedia-0566215816-768x512.jpg 768w, https:\/\/d2p6e6u75xmxt8.cloudfront.net\/12\/2020\/11\/La-Vuelta-Cyclists-profimedia-0566215816-272x182.jpg 272w, https:\/\/d2p6e6u75xmxt8.cloudfront.net\/12\/2020\/11\/La-Vuelta-Cyclists-profimedia-0566215816.jpg 1250w\" sizes=\"auto, (max-width: 1024px) 100vw, 1024px\" \/><\/a><figcaption id=\"caption-attachment-8911\" class=\"wp-caption-text\"><em>Nem tudsz minden t\u00e9nyez\u0151t befoly\u00e1solni. \u00a9 Profimedia<\/em><\/figcaption><\/figure>\n<h2><strong>Az \u00f6sszehasonl\u00edt\u00e1s a motiv\u00e1ci\u00f3 hal\u00e1la lehet<\/strong><\/h2>\n<p>A t\u00f6rekv\u00e9s, hogy fel\u00fclm\u00falj vagy leny\u0171g\u00f6zz valakit, r\u00f6vid t\u00e1von motiv\u00e1lhat, de nem \u00f6szt\u00f6n\u00f6z hossz\u00fa ideig. Ha azt akarod, hogy ne befoly\u00e1soljanak a k\u00f6r\u00fcl\u00f6tted l\u00e9v\u0151 emberek, akkor a megold\u00e1st a motiv\u00e1ci\u00f3 keres\u00e9s\u00e9ben tal\u00e1lod, nem pedig a hasonl\u00edtgat\u00e1sban. Szuper, hogy vannak olyan emberek, akik inspir\u00e1lnak, \u00e9s k\u00e9ts\u00e9gtelen, hogy a pozit\u00edv p\u00e9ld\u00e1k seg\u00edtenek jobb sportol\u00f3v\u00e1 v\u00e1lni. A l\u00e9nyeg, hogy megfelel\u0151 perspekt\u00edv\u00e1b\u00f3l n\u00e9zz\u00fck a helyzetet.<\/p>\n<h2><strong>Nem minden az adatokban rejlik<\/strong><\/h2>\n<p>Amikor mindent sz\u00e1mokban l\u00e1tsz, akkor egy id\u0151 ut\u00e1n elfelejted \u00e9lvezni a sportol\u00e1st, \u00e9s ki\u00e9gsz. R\u00e1ad\u00e1sul senki nem fog sz\u00edvesen biciklizni veled, ha minden alkalommal egy l\u00e1thatatlan riv\u00e1lis ellen tekersz. Ha azt veszed \u00e9szre, hogy csak az\u00e9rt tekersz, hogy feljesbb torn\u00e1zd a sz\u00e1mokat, pr\u00f3b\u00e1ld egy ideig hagyni pihentetni a m\u00e9r\u00e9st, hogy \u00fajra egyens\u00falyba tudd hozni magad. Miut\u00e1n kitisztult a fejed, elkezdheted konstrukt\u00edvan haszn\u00e1lni ezeket az eredm\u00e9nyeidet.<\/p>\n<h2><strong>Az egyetlen ember, akin\u00e9l jobbnak kell lenned, az a tegnapi \u00f6nmagad<\/strong><\/h2>\n<p>Az eredm\u00e9nyeidb\u0151l egyed\u00fcl te profit\u00e1lhatsz. Ha t\u00fals\u00e1gosan m\u00e1sokkal vagy elfoglalva, az csak csal\u00f3d\u00e1st, keser\u0171s\u00e9get okoz \u00e9s egyenes utat jelent a f\u00e9lt\u00e9kenys\u00e9g fel\u00e9. Mindig lesz valaki, aki gyorsabban \u00e9s jobban biciklizik n\u00e1lad, ez ellen nem tehetsz semmit. Ahelyett, hogy m\u00e1sokra \u00f6sszpontos\u00edtan\u00e1l, figyeld a saj\u00e1t teljes\u00edtm\u00e9nyed, \u00e9s \u00fcgyelj azokra a ter\u00fcletekre, amikben j\u00f3 vagy! Ne feledd, minden perc, amit azzal t\u00f6ltesz, hogy m\u00e1sokkal hasonl\u00edtod \u00f6ssze magad, egy elvesztegetett perc az \u00e9letedb\u0151l.<\/p>\n","protected":false},"excerpt":{"rendered":"<p>\u201eA hasonl\u00edtgat\u00e1s az \u00f6r\u00f6m tolvaja.\u201d<\/p>\n","protected":false},"author":71,"featured_media":8913,"comment_status":"open","ping_status":"open","sticky":false,"template":"","format":"standard","meta":{"footnotes":""},"categories":[8],"tags":[],"global-categories":[],"class_list":["post-8908","post","type-post","status-publish","format-standard","has-post-thumbnail","hentry","category-orszaguti-kerekpar"],"yoast_head":"<!-- This site is optimized with the Yoast SEO Premium plugin v25.3 (Yoast SEO v25.9) - https:\/\/yoast.com\/wordpress\/plugins\/seo\/ -->\n<title>7 ok, ami\u00e9rt nem szabad \u00f6sszehasonl\u00edtani magad m\u00e1s biciklisekkel - \u0160koda We Love Cycling - Magyarorsz\u00e1g<\/title>\n<meta name=\"description\" content=\"\u201eA hasonl\u00edtgat\u00e1s az \u00f6r\u00f6m tolvaja.\u201d\" \/>\n<meta name=\"robots\" content=\"index, follow, max-snippet:-1, max-image-preview:large, max-video-preview:-1\" \/>\n<link rel=\"canonical\" href=\"https:\/\/www.welovecycling.com\/hu\/orszaguti-kerekpar\/7-ok-amiert-nem-szabad-osszehasonlitani-magad-mas-biciklisekkel\/\" \/>\n<meta property=\"og:locale\" content=\"hu_HU\" \/>\n<meta property=\"og:type\" content=\"article\" \/>\n<meta property=\"og:title\" content=\"7 ok, ami\u00e9rt nem szabad \u00f6sszehasonl\u00edtani magad m\u00e1s biciklisekkel\" \/>\n<meta property=\"og:description\" content=\"\u201eA hasonl\u00edtgat\u00e1s az \u00f6r\u00f6m tolvaja.\u201d\" \/>\n<meta property=\"og:url\" content=\"https:\/\/www.welovecycling.com\/hu\/orszaguti-kerekpar\/7-ok-amiert-nem-szabad-osszehasonlitani-magad-mas-biciklisekkel\/\" \/>\n<meta property=\"og:site_name\" content=\"\u0160koda We Love Cycling - Magyarorsz\u00e1g\" \/>\n<meta property=\"article:publisher\" content=\"https:\/\/www.facebook.com\/WeLoveCyclingHungary\/\" \/>\n<meta property=\"article:published_time\" content=\"2020-11-14T07:00:05+00:00\" \/>\n<meta property=\"og:image\" content=\"https:\/\/d2p6e6u75xmxt8.cloudfront.net\/12\/2020\/11\/Cycling-profimedia-0281706474-CVR.jpg\" \/>\n\t<meta property=\"og:image:width\" content=\"1366\" \/>\n\t<meta property=\"og:image:height\" content=\"600\" \/>\n\t<meta property=\"og:image:type\" content=\"image\/jpeg\" \/>\n<meta name=\"author\" content=\"hegyizs\" \/>\n<meta name=\"twitter:card\" content=\"summary_large_image\" \/>\n<meta name=\"twitter:label1\" content=\"Written by\" \/>\n\t<meta name=\"twitter:data1\" content=\"Megan Flottorp\" \/>\n\t<meta name=\"twitter:label2\" content=\"Est. reading time\" \/>\n\t<meta name=\"twitter:data2\" content=\"6\" \/>\n<script type=\"application\/ld+json\" class=\"yoast-schema-graph\">{\"@context\":\"https:\/\/schema.org\",\"@graph\":[{\"@type\":\"WebPage\",\"@id\":\"https:\/\/www.welovecycling.com\/hu\/orszaguti-kerekpar\/7-ok-amiert-nem-szabad-osszehasonlitani-magad-mas-biciklisekkel\/\",\"url\":\"https:\/\/www.welovecycling.com\/hu\/orszaguti-kerekpar\/7-ok-amiert-nem-szabad-osszehasonlitani-magad-mas-biciklisekkel\/\",\"name\":\"7 ok, ami\u00e9rt nem szabad \u00f6sszehasonl\u00edtani magad m\u00e1s biciklisekkel - \u0160koda We Love Cycling - Magyarorsz\u00e1g\",\"isPartOf\":{\"@id\":\"https:\/\/www.welovecycling.com\/hu\/#website\"},\"primaryImageOfPage\":{\"@id\":\"https:\/\/www.welovecycling.com\/hu\/orszaguti-kerekpar\/7-ok-amiert-nem-szabad-osszehasonlitani-magad-mas-biciklisekkel\/#primaryimage\"},\"image\":{\"@id\":\"https:\/\/www.welovecycling.com\/hu\/orszaguti-kerekpar\/7-ok-amiert-nem-szabad-osszehasonlitani-magad-mas-biciklisekkel\/#primaryimage\"},\"thumbnailUrl\":\"https:\/\/d2p6e6u75xmxt8.cloudfront.net\/12\/2020\/11\/Cycling-profimedia-0281706474-CVR.jpg\",\"datePublished\":\"2020-11-14T07:00:05+00:00\",\"author\":{\"@id\":\"https:\/\/www.welovecycling.com\/hu\/#\/schema\/person\/414a2aebf1801691a5320edb6468e194\"},\"description\":\"\u201eA hasonl\u00edtgat\u00e1s az \u00f6r\u00f6m tolvaja.\u201d\",\"breadcrumb\":{\"@id\":\"https:\/\/www.welovecycling.com\/hu\/orszaguti-kerekpar\/7-ok-amiert-nem-szabad-osszehasonlitani-magad-mas-biciklisekkel\/#breadcrumb\"},\"inLanguage\":\"hu\",\"potentialAction\":[{\"@type\":\"ReadAction\",\"target\":[\"https:\/\/www.welovecycling.com\/hu\/orszaguti-kerekpar\/7-ok-amiert-nem-szabad-osszehasonlitani-magad-mas-biciklisekkel\/\"]}]},{\"@type\":\"ImageObject\",\"inLanguage\":\"hu\",\"@id\":\"https:\/\/www.welovecycling.com\/hu\/orszaguti-kerekpar\/7-ok-amiert-nem-szabad-osszehasonlitani-magad-mas-biciklisekkel\/#primaryimage\",\"url\":\"https:\/\/d2p6e6u75xmxt8.cloudfront.net\/12\/2020\/11\/Cycling-profimedia-0281706474-CVR.jpg\",\"contentUrl\":\"https:\/\/d2p6e6u75xmxt8.cloudfront.net\/12\/2020\/11\/Cycling-profimedia-0281706474-CVR.jpg\",\"width\":1366,\"height\":600,\"caption\":\"Cycling on the road\"},{\"@type\":\"BreadcrumbList\",\"@id\":\"https:\/\/www.welovecycling.com\/hu\/orszaguti-kerekpar\/7-ok-amiert-nem-szabad-osszehasonlitani-magad-mas-biciklisekkel\/#breadcrumb\",\"itemListElement\":[{\"@type\":\"ListItem\",\"position\":1,\"name\":\"Home\",\"item\":\"https:\/\/www.welovecycling.com\/hu\/\"},{\"@type\":\"ListItem\",\"position\":2,\"name\":\"7 ok, ami\u00e9rt nem szabad \u00f6sszehasonl\u00edtani magad m\u00e1s biciklisekkel\"}]},{\"@type\":\"WebSite\",\"@id\":\"https:\/\/www.welovecycling.com\/hu\/#website\",\"url\":\"https:\/\/www.welovecycling.com\/hu\/\",\"name\":\"\u0160koda We Love Cycling - Magyarorsz\u00e1g\",\"description\":\"\u0160koda WeLoveCycling\",\"potentialAction\":[{\"@type\":\"SearchAction\",\"target\":{\"@type\":\"EntryPoint\",\"urlTemplate\":\"https:\/\/www.welovecycling.com\/hu\/?s={search_term_string}\"},\"query-input\":{\"@type\":\"PropertyValueSpecification\",\"valueRequired\":true,\"valueName\":\"search_term_string\"}}],\"inLanguage\":\"hu\"},{\"@type\":\"Person\",\"@id\":\"https:\/\/www.welovecycling.com\/hu\/#\/schema\/person\/414a2aebf1801691a5320edb6468e194\",\"name\":\"hegyizs\",\"image\":{\"@type\":\"ImageObject\",\"inLanguage\":\"hu\",\"@id\":\"https:\/\/www.welovecycling.com\/hu\/#\/schema\/person\/image\/\",\"url\":\"https:\/\/secure.gravatar.com\/avatar\/02cf8a7906b8cf90cecb4679defac7cfd33a1c2e3b88e4903d947f3bb58eedd3?s=96&d=mm&r=g\",\"contentUrl\":\"https:\/\/secure.gravatar.com\/avatar\/02cf8a7906b8cf90cecb4679defac7cfd33a1c2e3b88e4903d947f3bb58eedd3?s=96&d=mm&r=g\",\"caption\":\"hegyizs\"},\"url\":\"https:\/\/www.welovecycling.com\/hu\/author\/hegyizs\/\"}]}<\/script>\n<!-- \/ Yoast SEO Premium plugin. -->","yoast_head_json":{"title":"7 ok, ami\u00e9rt nem szabad \u00f6sszehasonl\u00edtani magad m\u00e1s biciklisekkel - \u0160koda We Love Cycling - Magyarorsz\u00e1g","description":"\u201eA hasonl\u00edtgat\u00e1s az \u00f6r\u00f6m tolvaja.\u201d","robots":{"index":"index","follow":"follow","max-snippet":"max-snippet:-1","max-image-preview":"max-image-preview:large","max-video-preview":"max-video-preview:-1"},"canonical":"https:\/\/www.welovecycling.com\/hu\/orszaguti-kerekpar\/7-ok-amiert-nem-szabad-osszehasonlitani-magad-mas-biciklisekkel\/","og_locale":"hu_HU","og_type":"article","og_title":"7 ok, ami\u00e9rt nem szabad \u00f6sszehasonl\u00edtani magad m\u00e1s biciklisekkel","og_description":"\u201eA hasonl\u00edtgat\u00e1s az \u00f6r\u00f6m tolvaja.\u201d","og_url":"https:\/\/www.welovecycling.com\/hu\/orszaguti-kerekpar\/7-ok-amiert-nem-szabad-osszehasonlitani-magad-mas-biciklisekkel\/","og_site_name":"\u0160koda We Love Cycling - Magyarorsz\u00e1g","article_publisher":"https:\/\/www.facebook.com\/WeLoveCyclingHungary\/","article_published_time":"2020-11-14T07:00:05+00:00","og_image":[{"width":1366,"height":600,"url":"https:\/\/d2p6e6u75xmxt8.cloudfront.net\/12\/2020\/11\/Cycling-profimedia-0281706474-CVR.jpg","type":"image\/jpeg"}],"author":"hegyizs","twitter_card":"summary_large_image","twitter_misc":{"Written by":"Megan Flottorp","Est. reading time":"6"},"schema":{"@context":"https:\/\/schema.org","@graph":[{"@type":"WebPage","@id":"https:\/\/www.welovecycling.com\/hu\/orszaguti-kerekpar\/7-ok-amiert-nem-szabad-osszehasonlitani-magad-mas-biciklisekkel\/","url":"https:\/\/www.welovecycling.com\/hu\/orszaguti-kerekpar\/7-ok-amiert-nem-szabad-osszehasonlitani-magad-mas-biciklisekkel\/","name":"7 ok, ami\u00e9rt nem szabad \u00f6sszehasonl\u00edtani magad m\u00e1s biciklisekkel - \u0160koda We Love Cycling - Magyarorsz\u00e1g","isPartOf":{"@id":"https:\/\/www.welovecycling.com\/hu\/#website"},"primaryImageOfPage":{"@id":"https:\/\/www.welovecycling.com\/hu\/orszaguti-kerekpar\/7-ok-amiert-nem-szabad-osszehasonlitani-magad-mas-biciklisekkel\/#primaryimage"},"image":{"@id":"https:\/\/www.welovecycling.com\/hu\/orszaguti-kerekpar\/7-ok-amiert-nem-szabad-osszehasonlitani-magad-mas-biciklisekkel\/#primaryimage"},"thumbnailUrl":"https:\/\/d2p6e6u75xmxt8.cloudfront.net\/12\/2020\/11\/Cycling-profimedia-0281706474-CVR.jpg","datePublished":"2020-11-14T07:00:05+00:00","author":{"@id":"https:\/\/www.welovecycling.com\/hu\/#\/schema\/person\/414a2aebf1801691a5320edb6468e194"},"description":"\u201eA hasonl\u00edtgat\u00e1s az \u00f6r\u00f6m tolvaja.\u201d","breadcrumb":{"@id":"https:\/\/www.welovecycling.com\/hu\/orszaguti-kerekpar\/7-ok-amiert-nem-szabad-osszehasonlitani-magad-mas-biciklisekkel\/#breadcrumb"},"inLanguage":"hu","potentialAction":[{"@type":"ReadAction","target":["https:\/\/www.welovecycling.com\/hu\/orszaguti-kerekpar\/7-ok-amiert-nem-szabad-osszehasonlitani-magad-mas-biciklisekkel\/"]}]},{"@type":"ImageObject","inLanguage":"hu","@id":"https:\/\/www.welovecycling.com\/hu\/orszaguti-kerekpar\/7-ok-amiert-nem-szabad-osszehasonlitani-magad-mas-biciklisekkel\/#primaryimage","url":"https:\/\/d2p6e6u75xmxt8.cloudfront.net\/12\/2020\/11\/Cycling-profimedia-0281706474-CVR.jpg","contentUrl":"https:\/\/d2p6e6u75xmxt8.cloudfront.net\/12\/2020\/11\/Cycling-profimedia-0281706474-CVR.jpg","width":1366,"height":600,"caption":"Cycling on the road"},{"@type":"BreadcrumbList","@id":"https:\/\/www.welovecycling.com\/hu\/orszaguti-kerekpar\/7-ok-amiert-nem-szabad-osszehasonlitani-magad-mas-biciklisekkel\/#breadcrumb","itemListElement":[{"@type":"ListItem","position":1,"name":"Home","item":"https:\/\/www.welovecycling.com\/hu\/"},{"@type":"ListItem","position":2,"name":"7 ok, ami\u00e9rt nem szabad \u00f6sszehasonl\u00edtani magad m\u00e1s biciklisekkel"}]},{"@type":"WebSite","@id":"https:\/\/www.welovecycling.com\/hu\/#website","url":"https:\/\/www.welovecycling.com\/hu\/","name":"\u0160koda We Love Cycling - Magyarorsz\u00e1g","description":"\u0160koda WeLoveCycling","potentialAction":[{"@type":"SearchAction","target":{"@type":"EntryPoint","urlTemplate":"https:\/\/www.welovecycling.com\/hu\/?s={search_term_string}"},"query-input":{"@type":"PropertyValueSpecification","valueRequired":true,"valueName":"search_term_string"}}],"inLanguage":"hu"},{"@type":"Person","@id":"https:\/\/www.welovecycling.com\/hu\/#\/schema\/person\/414a2aebf1801691a5320edb6468e194","name":"hegyizs","image":{"@type":"ImageObject","inLanguage":"hu","@id":"https:\/\/www.welovecycling.com\/hu\/#\/schema\/person\/image\/","url":"https:\/\/secure.gravatar.com\/avatar\/02cf8a7906b8cf90cecb4679defac7cfd33a1c2e3b88e4903d947f3bb58eedd3?s=96&d=mm&r=g","contentUrl":"https:\/\/secure.gravatar.com\/avatar\/02cf8a7906b8cf90cecb4679defac7cfd33a1c2e3b88e4903d947f3bb58eedd3?s=96&d=mm&r=g","caption":"hegyizs"},"url":"https:\/\/www.welovecycling.com\/hu\/author\/hegyizs\/"}]}},"_links":{"self":[{"href":"https:\/\/www.welovecycling.com\/hu\/wp-json\/wp\/v2\/posts\/8908","targetHints":{"allow":["GET"]}}],"collection":[{"href":"https:\/\/www.welovecycling.com\/hu\/wp-json\/wp\/v2\/posts"}],"about":[{"href":"https:\/\/www.welovecycling.com\/hu\/wp-json\/wp\/v2\/types\/post"}],"author":[{"embeddable":true,"href":"https:\/\/www.welovecycling.com\/hu\/wp-json\/wp\/v2\/users\/71"}],"replies":[{"embeddable":true,"href":"https:\/\/www.welovecycling.com\/hu\/wp-json\/wp\/v2\/comments?post=8908"}],"version-history":[{"count":2,"href":"https:\/\/www.welovecycling.com\/hu\/wp-json\/wp\/v2\/posts\/8908\/revisions"}],"predecessor-version":[{"id":8938,"href":"https:\/\/www.welovecycling.com\/hu\/wp-json\/wp\/v2\/posts\/8908\/revisions\/8938"}],"wp:featuredmedia":[{"embeddable":true,"href":"https:\/\/www.welovecycling.com\/hu\/wp-json\/wp\/v2\/media\/8913"}],"wp:attachment":[{"href":"https:\/\/www.welovecycling.com\/hu\/wp-json\/wp\/v2\/media?parent=8908"}],"wp:term":[{"taxonomy":"category","embeddable":true,"href":"https:\/\/www.welovecycling.com\/hu\/wp-json\/wp\/v2\/categories?post=8908"},{"taxonomy":"post_tag","embeddable":true,"href":"https:\/\/www.welovecycling.com\/hu\/wp-json\/wp\/v2\/tags?post=8908"},{"taxonomy":"global-categories","embeddable":true,"href":"https:\/\/www.welovecycling.com\/hu\/wp-json\/wp\/v2\/global-categories?post=8908"}],"curies":[{"name":"wp","href":"https:\/\/api.w.org\/{rel}","templated":true}]}}