{"id":8903,"date":"2020-11-04T08:00:23","date_gmt":"2020-11-04T06:00:23","guid":{"rendered":""},"modified":"2022-02-09T09:58:03","modified_gmt":"2022-02-09T07:58:03","slug":"fo-szponzorkent-a-tour-de-zalakaroson","status":"publish","type":"post","link":"https:\/\/www.welovecycling.com\/hu\/orszaguti-kerekpar\/fo-szponzorkent-a-tour-de-zalakaroson\/","title":{"rendered":"F\u0151 szponzork\u00e9nt a Tour de Zalakaroson"},"content":{"rendered":"<p><strong>Id\u00e9n 12. alkalommal ker\u00fclt megrendez\u00e9sre a Mapei Tour de Zalakaros, \u00e9s a ker\u00e9kp\u00e1ros versenyek megszokott szerepl\u0151ik\u00e9nt mi is jelen voltunk, hogy t\u00e1mogassuk a szervez\u0151ket, a versenyz\u0151ket \u00e9s emelj\u00fck a rendezv\u00e9ny soksz\u00edn\u0171s\u00e9g\u00e9t.<\/strong><!--more--><\/p>\n<p>A verseny szeptember 26-27-\u00e9n zajlott le, 20200 r\u00e9sztvev\u0151vel, rengeteg n\u00e9z\u0151vel, \u00e9s persze a j\u00e1rv\u00e1ny\u00fcgyi helyzetre vonatkoz\u00f3 szab\u00e1lyok betart\u00e1s\u00e1val. Hat k\u00fcl\u00f6nb\u00f6z\u0151 t\u00e1vra lehetett nevezni, k\u00f6zt\u00fck a 137 km-es maratonra, a 33 km-es csal\u00e1di t\u00far\u00e1ra \u00e9s a kicsiknek gyermekversenyekre is. A \u0160koda orsz\u00e1g\u00fati maraton f\u00e9rfi gy\u0151ztese G\u00f6nczy Gerg\u0151 lett, aki 3:17:01 id\u0151 alatt tette meg az \u00fatvonalat. A n\u0151i versenyz\u0151k k\u00f6z\u00fcl Szab\u00f3 Adrienn szerezte meg az els\u0151 helyet, 3:46:31-es id\u0151vel. A maraton versenyz\u0151i a kor\u00e1bbi \u00e9vekhez k\u00e9pest \u00faj szakaszokon haladtak, hogy m\u00e9g nagyobb biztons\u00e1gban tekerhessenek. A raj Zalakorosr\u00f3l indult, \u00e9s ide is t\u00e9rt vissza, miut\u00e1n sz\u00e1mos kis telep\u00fcl\u00e9sen \u00e1thaladva \u00e9lvezhett\u00e9k a z\u00f6ldell\u0151 t\u00e1j sz\u00e9ps\u00e9g\u00e9t. Hi\u00e1ba a nagy t\u00e1v, az esem\u00e9nyen amat\u0151r bring\u00e1sok is r\u00e9szt vettek, \u00e9s remek\u00fcl teljes\u00edtettek!<\/p>\n<p>Az esem\u00e9ny egyik f\u0151 szponzorak\u00e9nt a \u0160koda felelt a szervez\u0151k aut\u00f3inak biztos\u00edt\u00e1s\u00e1\u00e9rt, a r\u00e9sztvev\u0151k sz\u00f3rakoztat\u00e1s\u00e1ra pedig a SPIRIT AUTO keresked\u00e9s k\u00e9sz\u00edtett install\u00e1ci\u00f3t a helysz\u00ednen. Az aut\u00f3k szerelmesei az \u00faj \u0160koda modelleket is testk\u00f6zelb\u0151l megtekinthett\u00e9k.<\/p>\n<p>Az egy\u00fcttm\u0171k\u00f6d\u00e9s j\u00f6v\u0151re is folytat\u00f3dik, s\u0151t: 2021-ben a \u0160koda maraton m\u00e9g nagyobb kih\u00edv\u00e1ssal v\u00e1rja azokat, akik szeretn\u00e9k egy nagy, nyugat-eur\u00f3pai p\u00e1ly\u00e1hoz ill\u0151 versenyen kipr\u00f3b\u00e1lni magukat. Az idei \u00fatvonalhoz k\u00e9pest egy fel\u00faj\u00edtott szakaszt is hozz\u00e1kapcsolunk a t\u00e1vhoz, \u00edgy 166 km-es lesz az \u00fat, 1500 m\u00e9teres szintk\u00fcl\u00f6nbs\u00e9ggel. De nem csak a plusz kilom\u00e9terek jelentenek majd \u00fajdons\u00e1got, a kor\u00e1bbi utak is m\u00e1sfel\u00e9 kanyarognak majd. J\u00f6v\u0151 szeptemberben ism\u00e9t tal\u00e1lkozunk!<\/p>\n<p><img loading=\"lazy\" decoding=\"async\" class=\"aligncenter size-large wp-image-9557\" src=\"https:\/\/d2p6e6u75xmxt8.cloudfront.net\/12\/2020\/11\/wlc_tour_zalakaros-1024x605.jpg\" alt=\"\" width=\"1024\" height=\"605\" srcset=\"https:\/\/d2p6e6u75xmxt8.cloudfront.net\/12\/2020\/11\/wlc_tour_zalakaros-1024x605.jpg 1024w, https:\/\/d2p6e6u75xmxt8.cloudfront.net\/12\/2020\/11\/wlc_tour_zalakaros-300x177.jpg 300w, https:\/\/d2p6e6u75xmxt8.cloudfront.net\/12\/2020\/11\/wlc_tour_zalakaros-768x454.jpg 768w, https:\/\/d2p6e6u75xmxt8.cloudfront.net\/12\/2020\/11\/wlc_tour_zalakaros.jpg 1386w\" sizes=\"auto, (max-width: 1024px) 100vw, 1024px\" \/><\/p>\n","protected":false},"excerpt":{"rendered":"<p>Id\u00e9n 12. alkalommal ker\u00fclt megrendez\u00e9sre a Mapei Tour de Zalakaros, \u00e9s a ker\u00e9kp\u00e1ros versenyek megszokott szerepl\u0151ik\u00e9nt mi is jelen voltunk, [&hellip;]<\/p>\n","protected":false},"author":71,"featured_media":8904,"comment_status":"open","ping_status":"open","sticky":false,"template":"","format":"standard","meta":{"footnotes":""},"categories":[8,468],"tags":[],"global-categories":[],"class_list":["post-8903","post","type-post","status-publish","format-standard","has-post-thumbnail","hentry","category-orszaguti-kerekpar","category-skoda"],"yoast_head":"<!-- This site is optimized with the Yoast SEO Premium plugin v25.3 (Yoast SEO v25.9) - https:\/\/yoast.com\/wordpress\/plugins\/seo\/ -->\n<title>F\u0151 szponzork\u00e9nt a Tour de Zalakaroson - \u0160koda We Love Cycling - Magyarorsz\u00e1g<\/title>\n<meta name=\"description\" content=\"Id\u00e9n 12. alkalommal ker\u00fclt megrendez\u00e9sre a Mapei Tour de Zalakaros, \u00e9s a ker\u00e9kp\u00e1ros versenyek megszokott szerepl\u0151ik\u00e9nt mi is jelen voltunk, hogy t\u00e1mogassuk a szervez\u0151ket, a versenyz\u0151ket \u00e9s emelj\u00fck a rendezv\u00e9ny soksz\u00edn\u0171s\u00e9g\u00e9t.\" \/>\n<meta name=\"robots\" content=\"index, follow, max-snippet:-1, max-image-preview:large, max-video-preview:-1\" \/>\n<link rel=\"canonical\" href=\"https:\/\/www.welovecycling.com\/hu\/orszaguti-kerekpar\/fo-szponzorkent-a-tour-de-zalakaroson\/\" \/>\n<meta property=\"og:locale\" content=\"hu_HU\" \/>\n<meta property=\"og:type\" content=\"article\" \/>\n<meta property=\"og:title\" content=\"F\u0151 szponzork\u00e9nt a Tour de Zalakaroson\" \/>\n<meta property=\"og:description\" content=\"Id\u00e9n 12. alkalommal ker\u00fclt megrendez\u00e9sre a Mapei Tour de Zalakaros, \u00e9s a ker\u00e9kp\u00e1ros versenyek megszokott szerepl\u0151ik\u00e9nt mi is jelen voltunk, hogy t\u00e1mogassuk a szervez\u0151ket, a versenyz\u0151ket \u00e9s emelj\u00fck a rendezv\u00e9ny soksz\u00edn\u0171s\u00e9g\u00e9t.\" \/>\n<meta property=\"og:url\" content=\"https:\/\/www.welovecycling.com\/hu\/orszaguti-kerekpar\/fo-szponzorkent-a-tour-de-zalakaroson\/\" \/>\n<meta property=\"og:site_name\" content=\"\u0160koda We Love Cycling - Magyarorsz\u00e1g\" \/>\n<meta property=\"article:publisher\" content=\"https:\/\/www.facebook.com\/WeLoveCyclingHungary\/\" \/>\n<meta property=\"article:published_time\" content=\"2020-11-04T06:00:23+00:00\" \/>\n<meta property=\"article:modified_time\" content=\"2022-02-09T07:58:03+00:00\" \/>\n<meta property=\"og:image\" content=\"https:\/\/d2p6e6u75xmxt8.cloudfront.net\/12\/2020\/11\/wlc45_0001.jpg\" \/>\n\t<meta property=\"og:image:width\" content=\"1386\" \/>\n\t<meta property=\"og:image:height\" content=\"819\" \/>\n\t<meta property=\"og:image:type\" content=\"image\/jpeg\" \/>\n<meta name=\"author\" content=\"hegyizs\" \/>\n<meta name=\"twitter:card\" content=\"summary_large_image\" \/>\n<meta name=\"twitter:label1\" content=\"Written by\" \/>\n\t<meta name=\"twitter:data1\" content=\"WLC\" \/>\n\t<meta name=\"twitter:label2\" content=\"Est. reading time\" \/>\n\t<meta name=\"twitter:data2\" content=\"2 minutes\" \/>\n<script type=\"application\/ld+json\" class=\"yoast-schema-graph\">{\"@context\":\"https:\/\/schema.org\",\"@graph\":[{\"@type\":\"WebPage\",\"@id\":\"https:\/\/www.welovecycling.com\/hu\/orszaguti-kerekpar\/fo-szponzorkent-a-tour-de-zalakaroson\/\",\"url\":\"https:\/\/www.welovecycling.com\/hu\/orszaguti-kerekpar\/fo-szponzorkent-a-tour-de-zalakaroson\/\",\"name\":\"F\u0151 szponzork\u00e9nt a Tour de Zalakaroson - \u0160koda We Love Cycling - Magyarorsz\u00e1g\",\"isPartOf\":{\"@id\":\"https:\/\/www.welovecycling.com\/hu\/#website\"},\"primaryImageOfPage\":{\"@id\":\"https:\/\/www.welovecycling.com\/hu\/orszaguti-kerekpar\/fo-szponzorkent-a-tour-de-zalakaroson\/#primaryimage\"},\"image\":{\"@id\":\"https:\/\/www.welovecycling.com\/hu\/orszaguti-kerekpar\/fo-szponzorkent-a-tour-de-zalakaroson\/#primaryimage\"},\"thumbnailUrl\":\"https:\/\/d2p6e6u75xmxt8.cloudfront.net\/12\/2020\/11\/wlc45_0001.jpg\",\"datePublished\":\"2020-11-04T06:00:23+00:00\",\"dateModified\":\"2022-02-09T07:58:03+00:00\",\"author\":{\"@id\":\"https:\/\/www.welovecycling.com\/hu\/#\/schema\/person\/414a2aebf1801691a5320edb6468e194\"},\"description\":\"Id\u00e9n 12. alkalommal ker\u00fclt megrendez\u00e9sre a Mapei Tour de Zalakaros, \u00e9s a ker\u00e9kp\u00e1ros versenyek megszokott szerepl\u0151ik\u00e9nt mi is jelen voltunk, hogy t\u00e1mogassuk a szervez\u0151ket, a versenyz\u0151ket \u00e9s emelj\u00fck a rendezv\u00e9ny soksz\u00edn\u0171s\u00e9g\u00e9t.\",\"breadcrumb\":{\"@id\":\"https:\/\/www.welovecycling.com\/hu\/orszaguti-kerekpar\/fo-szponzorkent-a-tour-de-zalakaroson\/#breadcrumb\"},\"inLanguage\":\"hu\",\"potentialAction\":[{\"@type\":\"ReadAction\",\"target\":[\"https:\/\/www.welovecycling.com\/hu\/orszaguti-kerekpar\/fo-szponzorkent-a-tour-de-zalakaroson\/\"]}]},{\"@type\":\"ImageObject\",\"inLanguage\":\"hu\",\"@id\":\"https:\/\/www.welovecycling.com\/hu\/orszaguti-kerekpar\/fo-szponzorkent-a-tour-de-zalakaroson\/#primaryimage\",\"url\":\"https:\/\/d2p6e6u75xmxt8.cloudfront.net\/12\/2020\/11\/wlc45_0001.jpg\",\"contentUrl\":\"https:\/\/d2p6e6u75xmxt8.cloudfront.net\/12\/2020\/11\/wlc45_0001.jpg\",\"width\":1386,\"height\":819},{\"@type\":\"BreadcrumbList\",\"@id\":\"https:\/\/www.welovecycling.com\/hu\/orszaguti-kerekpar\/fo-szponzorkent-a-tour-de-zalakaroson\/#breadcrumb\",\"itemListElement\":[{\"@type\":\"ListItem\",\"position\":1,\"name\":\"Home\",\"item\":\"https:\/\/www.welovecycling.com\/hu\/\"},{\"@type\":\"ListItem\",\"position\":2,\"name\":\"F\u0151 szponzork\u00e9nt a Tour de Zalakaroson\"}]},{\"@type\":\"WebSite\",\"@id\":\"https:\/\/www.welovecycling.com\/hu\/#website\",\"url\":\"https:\/\/www.welovecycling.com\/hu\/\",\"name\":\"\u0160koda We Love Cycling - Magyarorsz\u00e1g\",\"description\":\"\u0160koda WeLoveCycling\",\"potentialAction\":[{\"@type\":\"SearchAction\",\"target\":{\"@type\":\"EntryPoint\",\"urlTemplate\":\"https:\/\/www.welovecycling.com\/hu\/?s={search_term_string}\"},\"query-input\":{\"@type\":\"PropertyValueSpecification\",\"valueRequired\":true,\"valueName\":\"search_term_string\"}}],\"inLanguage\":\"hu\"},{\"@type\":\"Person\",\"@id\":\"https:\/\/www.welovecycling.com\/hu\/#\/schema\/person\/414a2aebf1801691a5320edb6468e194\",\"name\":\"hegyizs\",\"image\":{\"@type\":\"ImageObject\",\"inLanguage\":\"hu\",\"@id\":\"https:\/\/www.welovecycling.com\/hu\/#\/schema\/person\/image\/\",\"url\":\"https:\/\/secure.gravatar.com\/avatar\/02cf8a7906b8cf90cecb4679defac7cfd33a1c2e3b88e4903d947f3bb58eedd3?s=96&d=mm&r=g\",\"contentUrl\":\"https:\/\/secure.gravatar.com\/avatar\/02cf8a7906b8cf90cecb4679defac7cfd33a1c2e3b88e4903d947f3bb58eedd3?s=96&d=mm&r=g\",\"caption\":\"hegyizs\"},\"url\":\"https:\/\/www.welovecycling.com\/hu\/author\/hegyizs\/\"}]}<\/script>\n<!-- \/ Yoast SEO Premium plugin. -->","yoast_head_json":{"title":"F\u0151 szponzork\u00e9nt a Tour de Zalakaroson - \u0160koda We Love Cycling - Magyarorsz\u00e1g","description":"Id\u00e9n 12. alkalommal ker\u00fclt megrendez\u00e9sre a Mapei Tour de Zalakaros, \u00e9s a ker\u00e9kp\u00e1ros versenyek megszokott szerepl\u0151ik\u00e9nt mi is jelen voltunk, hogy t\u00e1mogassuk a szervez\u0151ket, a versenyz\u0151ket \u00e9s emelj\u00fck a rendezv\u00e9ny soksz\u00edn\u0171s\u00e9g\u00e9t.","robots":{"index":"index","follow":"follow","max-snippet":"max-snippet:-1","max-image-preview":"max-image-preview:large","max-video-preview":"max-video-preview:-1"},"canonical":"https:\/\/www.welovecycling.com\/hu\/orszaguti-kerekpar\/fo-szponzorkent-a-tour-de-zalakaroson\/","og_locale":"hu_HU","og_type":"article","og_title":"F\u0151 szponzork\u00e9nt a Tour de Zalakaroson","og_description":"Id\u00e9n 12. alkalommal ker\u00fclt megrendez\u00e9sre a Mapei Tour de Zalakaros, \u00e9s a ker\u00e9kp\u00e1ros versenyek megszokott szerepl\u0151ik\u00e9nt mi is jelen voltunk, hogy t\u00e1mogassuk a szervez\u0151ket, a versenyz\u0151ket \u00e9s emelj\u00fck a rendezv\u00e9ny soksz\u00edn\u0171s\u00e9g\u00e9t.","og_url":"https:\/\/www.welovecycling.com\/hu\/orszaguti-kerekpar\/fo-szponzorkent-a-tour-de-zalakaroson\/","og_site_name":"\u0160koda We Love Cycling - Magyarorsz\u00e1g","article_publisher":"https:\/\/www.facebook.com\/WeLoveCyclingHungary\/","article_published_time":"2020-11-04T06:00:23+00:00","article_modified_time":"2022-02-09T07:58:03+00:00","og_image":[{"width":1386,"height":819,"url":"https:\/\/d2p6e6u75xmxt8.cloudfront.net\/12\/2020\/11\/wlc45_0001.jpg","type":"image\/jpeg"}],"author":"hegyizs","twitter_card":"summary_large_image","twitter_misc":{"Written by":"WLC","Est. reading time":"2 minutes"},"schema":{"@context":"https:\/\/schema.org","@graph":[{"@type":"WebPage","@id":"https:\/\/www.welovecycling.com\/hu\/orszaguti-kerekpar\/fo-szponzorkent-a-tour-de-zalakaroson\/","url":"https:\/\/www.welovecycling.com\/hu\/orszaguti-kerekpar\/fo-szponzorkent-a-tour-de-zalakaroson\/","name":"F\u0151 szponzork\u00e9nt a Tour de Zalakaroson - \u0160koda We Love Cycling - Magyarorsz\u00e1g","isPartOf":{"@id":"https:\/\/www.welovecycling.com\/hu\/#website"},"primaryImageOfPage":{"@id":"https:\/\/www.welovecycling.com\/hu\/orszaguti-kerekpar\/fo-szponzorkent-a-tour-de-zalakaroson\/#primaryimage"},"image":{"@id":"https:\/\/www.welovecycling.com\/hu\/orszaguti-kerekpar\/fo-szponzorkent-a-tour-de-zalakaroson\/#primaryimage"},"thumbnailUrl":"https:\/\/d2p6e6u75xmxt8.cloudfront.net\/12\/2020\/11\/wlc45_0001.jpg","datePublished":"2020-11-04T06:00:23+00:00","dateModified":"2022-02-09T07:58:03+00:00","author":{"@id":"https:\/\/www.welovecycling.com\/hu\/#\/schema\/person\/414a2aebf1801691a5320edb6468e194"},"description":"Id\u00e9n 12. alkalommal ker\u00fclt megrendez\u00e9sre a Mapei Tour de Zalakaros, \u00e9s a ker\u00e9kp\u00e1ros versenyek megszokott szerepl\u0151ik\u00e9nt mi is jelen voltunk, hogy t\u00e1mogassuk a szervez\u0151ket, a versenyz\u0151ket \u00e9s emelj\u00fck a rendezv\u00e9ny soksz\u00edn\u0171s\u00e9g\u00e9t.","breadcrumb":{"@id":"https:\/\/www.welovecycling.com\/hu\/orszaguti-kerekpar\/fo-szponzorkent-a-tour-de-zalakaroson\/#breadcrumb"},"inLanguage":"hu","potentialAction":[{"@type":"ReadAction","target":["https:\/\/www.welovecycling.com\/hu\/orszaguti-kerekpar\/fo-szponzorkent-a-tour-de-zalakaroson\/"]}]},{"@type":"ImageObject","inLanguage":"hu","@id":"https:\/\/www.welovecycling.com\/hu\/orszaguti-kerekpar\/fo-szponzorkent-a-tour-de-zalakaroson\/#primaryimage","url":"https:\/\/d2p6e6u75xmxt8.cloudfront.net\/12\/2020\/11\/wlc45_0001.jpg","contentUrl":"https:\/\/d2p6e6u75xmxt8.cloudfront.net\/12\/2020\/11\/wlc45_0001.jpg","width":1386,"height":819},{"@type":"BreadcrumbList","@id":"https:\/\/www.welovecycling.com\/hu\/orszaguti-kerekpar\/fo-szponzorkent-a-tour-de-zalakaroson\/#breadcrumb","itemListElement":[{"@type":"ListItem","position":1,"name":"Home","item":"https:\/\/www.welovecycling.com\/hu\/"},{"@type":"ListItem","position":2,"name":"F\u0151 szponzork\u00e9nt a Tour de Zalakaroson"}]},{"@type":"WebSite","@id":"https:\/\/www.welovecycling.com\/hu\/#website","url":"https:\/\/www.welovecycling.com\/hu\/","name":"\u0160koda We Love Cycling - Magyarorsz\u00e1g","description":"\u0160koda WeLoveCycling","potentialAction":[{"@type":"SearchAction","target":{"@type":"EntryPoint","urlTemplate":"https:\/\/www.welovecycling.com\/hu\/?s={search_term_string}"},"query-input":{"@type":"PropertyValueSpecification","valueRequired":true,"valueName":"search_term_string"}}],"inLanguage":"hu"},{"@type":"Person","@id":"https:\/\/www.welovecycling.com\/hu\/#\/schema\/person\/414a2aebf1801691a5320edb6468e194","name":"hegyizs","image":{"@type":"ImageObject","inLanguage":"hu","@id":"https:\/\/www.welovecycling.com\/hu\/#\/schema\/person\/image\/","url":"https:\/\/secure.gravatar.com\/avatar\/02cf8a7906b8cf90cecb4679defac7cfd33a1c2e3b88e4903d947f3bb58eedd3?s=96&d=mm&r=g","contentUrl":"https:\/\/secure.gravatar.com\/avatar\/02cf8a7906b8cf90cecb4679defac7cfd33a1c2e3b88e4903d947f3bb58eedd3?s=96&d=mm&r=g","caption":"hegyizs"},"url":"https:\/\/www.welovecycling.com\/hu\/author\/hegyizs\/"}]}},"_links":{"self":[{"href":"https:\/\/www.welovecycling.com\/hu\/wp-json\/wp\/v2\/posts\/8903","targetHints":{"allow":["GET"]}}],"collection":[{"href":"https:\/\/www.welovecycling.com\/hu\/wp-json\/wp\/v2\/posts"}],"about":[{"href":"https:\/\/www.welovecycling.com\/hu\/wp-json\/wp\/v2\/types\/post"}],"author":[{"embeddable":true,"href":"https:\/\/www.welovecycling.com\/hu\/wp-json\/wp\/v2\/users\/71"}],"replies":[{"embeddable":true,"href":"https:\/\/www.welovecycling.com\/hu\/wp-json\/wp\/v2\/comments?post=8903"}],"version-history":[{"count":2,"href":"https:\/\/www.welovecycling.com\/hu\/wp-json\/wp\/v2\/posts\/8903\/revisions"}],"predecessor-version":[{"id":9559,"href":"https:\/\/www.welovecycling.com\/hu\/wp-json\/wp\/v2\/posts\/8903\/revisions\/9559"}],"wp:featuredmedia":[{"embeddable":true,"href":"https:\/\/www.welovecycling.com\/hu\/wp-json\/wp\/v2\/media\/8904"}],"wp:attachment":[{"href":"https:\/\/www.welovecycling.com\/hu\/wp-json\/wp\/v2\/media?parent=8903"}],"wp:term":[{"taxonomy":"category","embeddable":true,"href":"https:\/\/www.welovecycling.com\/hu\/wp-json\/wp\/v2\/categories?post=8903"},{"taxonomy":"post_tag","embeddable":true,"href":"https:\/\/www.welovecycling.com\/hu\/wp-json\/wp\/v2\/tags?post=8903"},{"taxonomy":"global-categories","embeddable":true,"href":"https:\/\/www.welovecycling.com\/hu\/wp-json\/wp\/v2\/global-categories?post=8903"}],"curies":[{"name":"wp","href":"https:\/\/api.w.org\/{rel}","templated":true}]}}