{"id":8899,"date":"2020-11-06T08:00:15","date_gmt":"2020-11-06T07:00:15","guid":{"rendered":"https:\/\/www.welovecycling.com\/hu\/?p=8899"},"modified":"2020-11-02T10:04:02","modified_gmt":"2020-11-02T09:04:02","slug":"hogy-mi-jon-a-giro-gyozelem-utan-nem-tudom-es-nem-is-erdekel","status":"publish","type":"post","link":"https:\/\/www.welovecycling.com\/hu\/orszaguti-kerekpar\/hogy-mi-jon-a-giro-gyozelem-utan-nem-tudom-es-nem-is-erdekel\/","title":{"rendered":"Hogy mi j\u00f6n a Giro-gy\u0151zelem ut\u00e1n? \u201eNem tudom, \u00e9s nem is \u00e9rdekel!\u201d"},"content":{"rendered":"<p><strong>A 25 \u00e9ves Tao Geoghegan Hart nyerte meg a 2020-as Giro d\u2019Italia versenyt, miut\u00e1n Mil\u00e1n\u00f3ban legy\u0151zte Jai Hindley-t a v\u00e9gs\u0151 id\u0151futamon.<\/strong><!--more--><\/p>\n<p>\u00c9rthet\u0151, hogy id\u0151be telik, mire feldolgozza ezt az \u00e9lm\u00e9nyt, azt pedig vil\u00e1goss\u00e1 tette, hogy egyel\u0151re nem az j\u00e1r a fej\u00e9ben, hogy mit jelent a gy\u0151zelem a karrierj\u00e9re n\u00e9zve.<\/p>\n<p><em>\u201eNem tudom, \u00e9s nem is igaz\u00e1n \u00e9rdekel. Most csak \u00e9lvezem ezt, hiszen hihetetlen, igaz\u00e1n hihetetlen\u201d<\/em> \u2013 v\u00e1laszolta Hart, amikor feltett\u00e9k neki a k\u00e9rd\u00e9st.<\/p>\n<p><em>\u201eUgyanaz az ember maradok, ugyan\u00fagy elk\u00f6telezetten \u00e9s professzion\u00e1lisan dolgozom, \u00e9s minden nap \u00fagy \u00e9bredek, hogy alig v\u00e1rom, hogy biciklire \u00fcljek. H\u00e1l\u00e1s vagyok a megtiszteltet\u00e9s\u00e9rt, hogy ezen a gy\u00f6ny\u00f6r\u0171 versenyen \u00e9s ebben a csod\u00e1s csapatban tekerhettem.\u201d<\/em><\/p>\n<p>Ahogy azt v\u00e1rni lehetett, Geoghegan Hart legy\u0151zte Jai Hindleyt az utols\u00f3 id\u0151m\u00e9r\u0151n, 39 m\u00e1sodperccel el\u0151zte meg a 24 \u00e9ves ausztr\u00e1lt, \u00edgy fej-fej mellett l\u00e9phettek a 21. szakaszba.<\/p>\n<p><em>\u201eFogalmam sincs, mit kellene most mondanom\u2026 ezt, n\u00e9zd, milyen csod\u00e1latos!\u201d <\/em>\u2013 mutatott a milan\u00f3i d\u00f3mra, ami a londoni versenyz\u0151 nagy napj\u00e1nak a h\u00e1tter\u00e9t adta. <em>\u201eHihetetlen volt az elm\u00falt h\u00e1rom h\u00e9t. Ma reggel m\u00e9g nem hittem el, hogy ez lehets\u00e9ges, de m\u00e9gis itt vagyok.\u201d<\/em><\/p>\n<figure id=\"attachment_8901\" aria-describedby=\"caption-attachment-8901\" style=\"width: 920px\" class=\"wp-caption aligncenter\"><img loading=\"lazy\" decoding=\"async\" class=\"wp-image-8901 size-full\" src=\"https:\/\/d2p6e6u75xmxt8.cloudfront.net\/12\/2020\/11\/GettyImages-1229276978-920x615-1.jpg\" alt=\"\" width=\"920\" height=\"615\" srcset=\"https:\/\/d2p6e6u75xmxt8.cloudfront.net\/12\/2020\/11\/GettyImages-1229276978-920x615-1.jpg 920w, https:\/\/d2p6e6u75xmxt8.cloudfront.net\/12\/2020\/11\/GettyImages-1229276978-920x615-1-300x201.jpg 300w, https:\/\/d2p6e6u75xmxt8.cloudfront.net\/12\/2020\/11\/GettyImages-1229276978-920x615-1-768x513.jpg 768w, https:\/\/d2p6e6u75xmxt8.cloudfront.net\/12\/2020\/11\/GettyImages-1229276978-920x615-1-272x182.jpg 272w\" sizes=\"auto, (max-width: 920px) 100vw, 920px\" \/><figcaption id=\"caption-attachment-8901\" class=\"wp-caption-text\">@GettyImages<\/figcaption><\/figure>\n<p>Miut\u00e1n megnyerte a 21. szakaszt \u00e9s utol\u00e9rte Hindley-t, nem izgult k\u00fcl\u00f6n\u00f6sebben a gy\u0151zelem lehet\u0151s\u00e9g\u00e9n. Csak akkor kezdett idegeskedni, amikor az utols\u00f3 reggelen rajthoz \u00e1llt. <em>\u201eEl\u0151z\u0151 este teljesen nyugodt voltam, reggel viszont k\u00e9t \u00f3r\u00e1t t\u00f6lt\u00f6ttem a szob\u00e1mban egyed\u00fcl \u00e9s b\u00e1r pr\u00f3b\u00e1ltam nem t\u00falgondolni a dolgot, zen\u00e9t hallgattam meg minden, m\u00e9gis elkezdett az idegess\u00e9g bek\u00faszni az agyamba\u201d <\/em>\u2013 mes\u00e9lte.<\/p>\n<p>Szerencs\u00e9re k\u00e9t Tour-gy\u0151ztes mentor is k\u00e9zn\u00e9l volt, akikt\u0151l tan\u00e1csot k\u00e9rhetett: hogyan jusson el a gy\u0151zelemig? <em>\u201eBrad [Wiggins] szuper tan\u00e1csokat adott nekem: csak \u00f6nmagamra \u00e9s a folyamatra \u00f6sszpontos\u00edtsak, b\u00e1rmennyire unalmasan hangzik is \u201d-<\/em> mondta Geoghegan Hart.<em> \u201eThomas pedig egy nagyon kedves sz\u00f6veget k\u00fcld\u00f6tt nekem, illetve er\u0151t adtak azok a sr\u00e1cok is, akikre \u00e9letem nagy r\u00e9sz\u00e9ben feln\u00e9ztem \u00e9s inspir\u00e1ltak, seg\u00edtettek, hogy eljussak id\u00e1ig.\u201d<\/em><\/p>\n<p>A gy\u0151zelem est\u00e9j\u00e9n az Ineos csapata \u00fcnnepelt, persze &#8211; ahogy Geoghen Hart kiemelte &#8211; csakis a Covid-19 szab\u00e1lyok betart\u00e1s\u00e1val. A gy\u0151ztes rem\u00e9li, hogy inspir\u00e1lja a fiatalokat, hogy merjenek nagyot \u00e1lmodni!<\/p>\n<p><em>Forr\u00e1s: <\/em><a href=\"https:\/\/www.cyclingweekly.com\/news\/racing\/giro-ditalia\/what-comes-next-i-dont-know-and-i-dont-really-care-says-tao-geoghegan-hart-after-giro-ditalia-victory-473691\"><em>cyclingweekly.com<\/em><\/a><\/p>\n","protected":false},"excerpt":{"rendered":"<p>A 25 \u00e9ves Tao Geoghegan Hart nyerte meg a 2020-as Giro d\u2019Italia versenyt, miut\u00e1n Mil\u00e1n\u00f3ban legy\u0151zte Jai Hindley-t a v\u00e9gs\u0151 [&hellip;]<\/p>\n","protected":false},"author":71,"featured_media":8900,"comment_status":"open","ping_status":"open","sticky":false,"template":"","format":"standard","meta":{"footnotes":""},"categories":[8],"tags":[],"global-categories":[],"class_list":["post-8899","post","type-post","status-publish","format-standard","has-post-thumbnail","hentry","category-orszaguti-kerekpar"],"yoast_head":"<!-- This site is optimized with the Yoast SEO Premium plugin v25.3 (Yoast SEO v25.9) - https:\/\/yoast.com\/wordpress\/plugins\/seo\/ -->\n<title>Hogy mi j\u00f6n a Giro-gy\u0151zelem ut\u00e1n? \u201eNem tudom, \u00e9s nem is \u00e9rdekel!\u201d - \u0160koda We Love Cycling - Magyarorsz\u00e1g<\/title>\n<meta name=\"description\" content=\"A 25 \u00e9ves Tao Geoghegan Hart nyerte meg a 2020-as Giro d\u2019Italia versenyt, miut\u00e1n Mil\u00e1n\u00f3ban legy\u0151zte Jai Hindley-t a v\u00e9gs\u0151 id\u0151futamon.\" \/>\n<meta name=\"robots\" content=\"index, follow, max-snippet:-1, max-image-preview:large, max-video-preview:-1\" \/>\n<link rel=\"canonical\" href=\"https:\/\/www.welovecycling.com\/hu\/orszaguti-kerekpar\/hogy-mi-jon-a-giro-gyozelem-utan-nem-tudom-es-nem-is-erdekel\/\" \/>\n<meta property=\"og:locale\" content=\"hu_HU\" \/>\n<meta property=\"og:type\" content=\"article\" \/>\n<meta property=\"og:title\" content=\"Hogy mi j\u00f6n a Giro-gy\u0151zelem ut\u00e1n? \u201eNem tudom, \u00e9s nem is \u00e9rdekel!\u201d\" \/>\n<meta property=\"og:description\" content=\"A 25 \u00e9ves Tao Geoghegan Hart nyerte meg a 2020-as Giro d\u2019Italia versenyt, miut\u00e1n Mil\u00e1n\u00f3ban legy\u0151zte Jai Hindley-t a v\u00e9gs\u0151 id\u0151futamon.\" \/>\n<meta property=\"og:url\" content=\"https:\/\/www.welovecycling.com\/hu\/orszaguti-kerekpar\/hogy-mi-jon-a-giro-gyozelem-utan-nem-tudom-es-nem-is-erdekel\/\" \/>\n<meta property=\"og:site_name\" content=\"\u0160koda We Love Cycling - Magyarorsz\u00e1g\" \/>\n<meta property=\"article:publisher\" content=\"https:\/\/www.facebook.com\/WeLoveCyclingHungary\/\" \/>\n<meta property=\"article:published_time\" content=\"2020-11-06T07:00:15+00:00\" \/>\n<meta property=\"og:image\" content=\"https:\/\/d2p6e6u75xmxt8.cloudfront.net\/12\/2020\/11\/GettyImages-1229277206-920x613-1.jpg\" \/>\n\t<meta property=\"og:image:width\" content=\"920\" \/>\n\t<meta property=\"og:image:height\" content=\"613\" \/>\n\t<meta property=\"og:image:type\" content=\"image\/jpeg\" \/>\n<meta name=\"author\" content=\"hegyizs\" \/>\n<meta name=\"twitter:card\" content=\"summary_large_image\" \/>\n<meta name=\"twitter:label1\" content=\"Written by\" \/>\n\t<meta name=\"twitter:data1\" content=\"WLC\" \/>\n\t<meta name=\"twitter:label2\" content=\"Est. reading time\" \/>\n\t<meta name=\"twitter:data2\" content=\"2 minutes\" \/>\n<script type=\"application\/ld+json\" class=\"yoast-schema-graph\">{\"@context\":\"https:\/\/schema.org\",\"@graph\":[{\"@type\":\"WebPage\",\"@id\":\"https:\/\/www.welovecycling.com\/hu\/orszaguti-kerekpar\/hogy-mi-jon-a-giro-gyozelem-utan-nem-tudom-es-nem-is-erdekel\/\",\"url\":\"https:\/\/www.welovecycling.com\/hu\/orszaguti-kerekpar\/hogy-mi-jon-a-giro-gyozelem-utan-nem-tudom-es-nem-is-erdekel\/\",\"name\":\"Hogy mi j\u00f6n a Giro-gy\u0151zelem ut\u00e1n? \u201eNem tudom, \u00e9s nem is \u00e9rdekel!\u201d - \u0160koda We Love Cycling - Magyarorsz\u00e1g\",\"isPartOf\":{\"@id\":\"https:\/\/www.welovecycling.com\/hu\/#website\"},\"primaryImageOfPage\":{\"@id\":\"https:\/\/www.welovecycling.com\/hu\/orszaguti-kerekpar\/hogy-mi-jon-a-giro-gyozelem-utan-nem-tudom-es-nem-is-erdekel\/#primaryimage\"},\"image\":{\"@id\":\"https:\/\/www.welovecycling.com\/hu\/orszaguti-kerekpar\/hogy-mi-jon-a-giro-gyozelem-utan-nem-tudom-es-nem-is-erdekel\/#primaryimage\"},\"thumbnailUrl\":\"https:\/\/d2p6e6u75xmxt8.cloudfront.net\/12\/2020\/11\/GettyImages-1229277206-920x613-1.jpg\",\"datePublished\":\"2020-11-06T07:00:15+00:00\",\"author\":{\"@id\":\"https:\/\/www.welovecycling.com\/hu\/#\/schema\/person\/414a2aebf1801691a5320edb6468e194\"},\"description\":\"A 25 \u00e9ves Tao Geoghegan Hart nyerte meg a 2020-as Giro d\u2019Italia versenyt, miut\u00e1n Mil\u00e1n\u00f3ban legy\u0151zte Jai Hindley-t a v\u00e9gs\u0151 id\u0151futamon.\",\"breadcrumb\":{\"@id\":\"https:\/\/www.welovecycling.com\/hu\/orszaguti-kerekpar\/hogy-mi-jon-a-giro-gyozelem-utan-nem-tudom-es-nem-is-erdekel\/#breadcrumb\"},\"inLanguage\":\"hu\",\"potentialAction\":[{\"@type\":\"ReadAction\",\"target\":[\"https:\/\/www.welovecycling.com\/hu\/orszaguti-kerekpar\/hogy-mi-jon-a-giro-gyozelem-utan-nem-tudom-es-nem-is-erdekel\/\"]}]},{\"@type\":\"ImageObject\",\"inLanguage\":\"hu\",\"@id\":\"https:\/\/www.welovecycling.com\/hu\/orszaguti-kerekpar\/hogy-mi-jon-a-giro-gyozelem-utan-nem-tudom-es-nem-is-erdekel\/#primaryimage\",\"url\":\"https:\/\/d2p6e6u75xmxt8.cloudfront.net\/12\/2020\/11\/GettyImages-1229277206-920x613-1.jpg\",\"contentUrl\":\"https:\/\/d2p6e6u75xmxt8.cloudfront.net\/12\/2020\/11\/GettyImages-1229277206-920x613-1.jpg\",\"width\":920,\"height\":613},{\"@type\":\"BreadcrumbList\",\"@id\":\"https:\/\/www.welovecycling.com\/hu\/orszaguti-kerekpar\/hogy-mi-jon-a-giro-gyozelem-utan-nem-tudom-es-nem-is-erdekel\/#breadcrumb\",\"itemListElement\":[{\"@type\":\"ListItem\",\"position\":1,\"name\":\"Home\",\"item\":\"https:\/\/www.welovecycling.com\/hu\/\"},{\"@type\":\"ListItem\",\"position\":2,\"name\":\"Hogy mi j\u00f6n a Giro-gy\u0151zelem ut\u00e1n? \u201eNem tudom, \u00e9s nem is \u00e9rdekel!\u201d\"}]},{\"@type\":\"WebSite\",\"@id\":\"https:\/\/www.welovecycling.com\/hu\/#website\",\"url\":\"https:\/\/www.welovecycling.com\/hu\/\",\"name\":\"\u0160koda We Love Cycling - Magyarorsz\u00e1g\",\"description\":\"\u0160koda WeLoveCycling\",\"potentialAction\":[{\"@type\":\"SearchAction\",\"target\":{\"@type\":\"EntryPoint\",\"urlTemplate\":\"https:\/\/www.welovecycling.com\/hu\/?s={search_term_string}\"},\"query-input\":{\"@type\":\"PropertyValueSpecification\",\"valueRequired\":true,\"valueName\":\"search_term_string\"}}],\"inLanguage\":\"hu\"},{\"@type\":\"Person\",\"@id\":\"https:\/\/www.welovecycling.com\/hu\/#\/schema\/person\/414a2aebf1801691a5320edb6468e194\",\"name\":\"hegyizs\",\"image\":{\"@type\":\"ImageObject\",\"inLanguage\":\"hu\",\"@id\":\"https:\/\/www.welovecycling.com\/hu\/#\/schema\/person\/image\/\",\"url\":\"https:\/\/secure.gravatar.com\/avatar\/02cf8a7906b8cf90cecb4679defac7cfd33a1c2e3b88e4903d947f3bb58eedd3?s=96&d=mm&r=g\",\"contentUrl\":\"https:\/\/secure.gravatar.com\/avatar\/02cf8a7906b8cf90cecb4679defac7cfd33a1c2e3b88e4903d947f3bb58eedd3?s=96&d=mm&r=g\",\"caption\":\"hegyizs\"},\"url\":\"https:\/\/www.welovecycling.com\/hu\/author\/hegyizs\/\"}]}<\/script>\n<!-- \/ Yoast SEO Premium plugin. -->","yoast_head_json":{"title":"Hogy mi j\u00f6n a Giro-gy\u0151zelem ut\u00e1n? \u201eNem tudom, \u00e9s nem is \u00e9rdekel!\u201d - \u0160koda We Love Cycling - Magyarorsz\u00e1g","description":"A 25 \u00e9ves Tao Geoghegan Hart nyerte meg a 2020-as Giro d\u2019Italia versenyt, miut\u00e1n Mil\u00e1n\u00f3ban legy\u0151zte Jai Hindley-t a v\u00e9gs\u0151 id\u0151futamon.","robots":{"index":"index","follow":"follow","max-snippet":"max-snippet:-1","max-image-preview":"max-image-preview:large","max-video-preview":"max-video-preview:-1"},"canonical":"https:\/\/www.welovecycling.com\/hu\/orszaguti-kerekpar\/hogy-mi-jon-a-giro-gyozelem-utan-nem-tudom-es-nem-is-erdekel\/","og_locale":"hu_HU","og_type":"article","og_title":"Hogy mi j\u00f6n a Giro-gy\u0151zelem ut\u00e1n? \u201eNem tudom, \u00e9s nem is \u00e9rdekel!\u201d","og_description":"A 25 \u00e9ves Tao Geoghegan Hart nyerte meg a 2020-as Giro d\u2019Italia versenyt, miut\u00e1n Mil\u00e1n\u00f3ban legy\u0151zte Jai Hindley-t a v\u00e9gs\u0151 id\u0151futamon.","og_url":"https:\/\/www.welovecycling.com\/hu\/orszaguti-kerekpar\/hogy-mi-jon-a-giro-gyozelem-utan-nem-tudom-es-nem-is-erdekel\/","og_site_name":"\u0160koda We Love Cycling - Magyarorsz\u00e1g","article_publisher":"https:\/\/www.facebook.com\/WeLoveCyclingHungary\/","article_published_time":"2020-11-06T07:00:15+00:00","og_image":[{"width":920,"height":613,"url":"https:\/\/d2p6e6u75xmxt8.cloudfront.net\/12\/2020\/11\/GettyImages-1229277206-920x613-1.jpg","type":"image\/jpeg"}],"author":"hegyizs","twitter_card":"summary_large_image","twitter_misc":{"Written by":"WLC","Est. reading time":"2 minutes"},"schema":{"@context":"https:\/\/schema.org","@graph":[{"@type":"WebPage","@id":"https:\/\/www.welovecycling.com\/hu\/orszaguti-kerekpar\/hogy-mi-jon-a-giro-gyozelem-utan-nem-tudom-es-nem-is-erdekel\/","url":"https:\/\/www.welovecycling.com\/hu\/orszaguti-kerekpar\/hogy-mi-jon-a-giro-gyozelem-utan-nem-tudom-es-nem-is-erdekel\/","name":"Hogy mi j\u00f6n a Giro-gy\u0151zelem ut\u00e1n? \u201eNem tudom, \u00e9s nem is \u00e9rdekel!\u201d - \u0160koda We Love Cycling - Magyarorsz\u00e1g","isPartOf":{"@id":"https:\/\/www.welovecycling.com\/hu\/#website"},"primaryImageOfPage":{"@id":"https:\/\/www.welovecycling.com\/hu\/orszaguti-kerekpar\/hogy-mi-jon-a-giro-gyozelem-utan-nem-tudom-es-nem-is-erdekel\/#primaryimage"},"image":{"@id":"https:\/\/www.welovecycling.com\/hu\/orszaguti-kerekpar\/hogy-mi-jon-a-giro-gyozelem-utan-nem-tudom-es-nem-is-erdekel\/#primaryimage"},"thumbnailUrl":"https:\/\/d2p6e6u75xmxt8.cloudfront.net\/12\/2020\/11\/GettyImages-1229277206-920x613-1.jpg","datePublished":"2020-11-06T07:00:15+00:00","author":{"@id":"https:\/\/www.welovecycling.com\/hu\/#\/schema\/person\/414a2aebf1801691a5320edb6468e194"},"description":"A 25 \u00e9ves Tao Geoghegan Hart nyerte meg a 2020-as Giro d\u2019Italia versenyt, miut\u00e1n Mil\u00e1n\u00f3ban legy\u0151zte Jai Hindley-t a v\u00e9gs\u0151 id\u0151futamon.","breadcrumb":{"@id":"https:\/\/www.welovecycling.com\/hu\/orszaguti-kerekpar\/hogy-mi-jon-a-giro-gyozelem-utan-nem-tudom-es-nem-is-erdekel\/#breadcrumb"},"inLanguage":"hu","potentialAction":[{"@type":"ReadAction","target":["https:\/\/www.welovecycling.com\/hu\/orszaguti-kerekpar\/hogy-mi-jon-a-giro-gyozelem-utan-nem-tudom-es-nem-is-erdekel\/"]}]},{"@type":"ImageObject","inLanguage":"hu","@id":"https:\/\/www.welovecycling.com\/hu\/orszaguti-kerekpar\/hogy-mi-jon-a-giro-gyozelem-utan-nem-tudom-es-nem-is-erdekel\/#primaryimage","url":"https:\/\/d2p6e6u75xmxt8.cloudfront.net\/12\/2020\/11\/GettyImages-1229277206-920x613-1.jpg","contentUrl":"https:\/\/d2p6e6u75xmxt8.cloudfront.net\/12\/2020\/11\/GettyImages-1229277206-920x613-1.jpg","width":920,"height":613},{"@type":"BreadcrumbList","@id":"https:\/\/www.welovecycling.com\/hu\/orszaguti-kerekpar\/hogy-mi-jon-a-giro-gyozelem-utan-nem-tudom-es-nem-is-erdekel\/#breadcrumb","itemListElement":[{"@type":"ListItem","position":1,"name":"Home","item":"https:\/\/www.welovecycling.com\/hu\/"},{"@type":"ListItem","position":2,"name":"Hogy mi j\u00f6n a Giro-gy\u0151zelem ut\u00e1n? \u201eNem tudom, \u00e9s nem is \u00e9rdekel!\u201d"}]},{"@type":"WebSite","@id":"https:\/\/www.welovecycling.com\/hu\/#website","url":"https:\/\/www.welovecycling.com\/hu\/","name":"\u0160koda We Love Cycling - Magyarorsz\u00e1g","description":"\u0160koda WeLoveCycling","potentialAction":[{"@type":"SearchAction","target":{"@type":"EntryPoint","urlTemplate":"https:\/\/www.welovecycling.com\/hu\/?s={search_term_string}"},"query-input":{"@type":"PropertyValueSpecification","valueRequired":true,"valueName":"search_term_string"}}],"inLanguage":"hu"},{"@type":"Person","@id":"https:\/\/www.welovecycling.com\/hu\/#\/schema\/person\/414a2aebf1801691a5320edb6468e194","name":"hegyizs","image":{"@type":"ImageObject","inLanguage":"hu","@id":"https:\/\/www.welovecycling.com\/hu\/#\/schema\/person\/image\/","url":"https:\/\/secure.gravatar.com\/avatar\/02cf8a7906b8cf90cecb4679defac7cfd33a1c2e3b88e4903d947f3bb58eedd3?s=96&d=mm&r=g","contentUrl":"https:\/\/secure.gravatar.com\/avatar\/02cf8a7906b8cf90cecb4679defac7cfd33a1c2e3b88e4903d947f3bb58eedd3?s=96&d=mm&r=g","caption":"hegyizs"},"url":"https:\/\/www.welovecycling.com\/hu\/author\/hegyizs\/"}]}},"_links":{"self":[{"href":"https:\/\/www.welovecycling.com\/hu\/wp-json\/wp\/v2\/posts\/8899","targetHints":{"allow":["GET"]}}],"collection":[{"href":"https:\/\/www.welovecycling.com\/hu\/wp-json\/wp\/v2\/posts"}],"about":[{"href":"https:\/\/www.welovecycling.com\/hu\/wp-json\/wp\/v2\/types\/post"}],"author":[{"embeddable":true,"href":"https:\/\/www.welovecycling.com\/hu\/wp-json\/wp\/v2\/users\/71"}],"replies":[{"embeddable":true,"href":"https:\/\/www.welovecycling.com\/hu\/wp-json\/wp\/v2\/comments?post=8899"}],"version-history":[{"count":1,"href":"https:\/\/www.welovecycling.com\/hu\/wp-json\/wp\/v2\/posts\/8899\/revisions"}],"predecessor-version":[{"id":8902,"href":"https:\/\/www.welovecycling.com\/hu\/wp-json\/wp\/v2\/posts\/8899\/revisions\/8902"}],"wp:featuredmedia":[{"embeddable":true,"href":"https:\/\/www.welovecycling.com\/hu\/wp-json\/wp\/v2\/media\/8900"}],"wp:attachment":[{"href":"https:\/\/www.welovecycling.com\/hu\/wp-json\/wp\/v2\/media?parent=8899"}],"wp:term":[{"taxonomy":"category","embeddable":true,"href":"https:\/\/www.welovecycling.com\/hu\/wp-json\/wp\/v2\/categories?post=8899"},{"taxonomy":"post_tag","embeddable":true,"href":"https:\/\/www.welovecycling.com\/hu\/wp-json\/wp\/v2\/tags?post=8899"},{"taxonomy":"global-categories","embeddable":true,"href":"https:\/\/www.welovecycling.com\/hu\/wp-json\/wp\/v2\/global-categories?post=8899"}],"curies":[{"name":"wp","href":"https:\/\/api.w.org\/{rel}","templated":true}]}}