{"id":8870,"date":"2020-11-02T08:00:43","date_gmt":"2020-11-02T07:00:43","guid":{"rendered":"https:\/\/www.welovecycling.com\/hu\/?p=8870"},"modified":"2020-11-02T08:08:37","modified_gmt":"2020-11-02T07:08:37","slug":"mennyire-nehez-eljutni-egy-grand-tour-celvonalaig","status":"publish","type":"post","link":"https:\/\/www.welovecycling.com\/hu\/orszaguti-kerekpar\/mennyire-nehez-eljutni-egy-grand-tour-celvonalaig\/","title":{"rendered":"Mennyire neh\u00e9z eljutni egy Grand Tour c\u00e9lvonal\u00e1ig?"},"content":{"rendered":"<p><strong>Felk\u00e9sz\u00fcl\u00e9s n\u00e9lk\u00fcl gyakorlatilag lehetetlen lenne v\u00e9gigcsin\u00e1lni a Grand Tour versenyeket. De ha figyelmen k\u00edv\u00fcl hagyjuk az id\u0151korl\u00e1tokat, vajon siker\u00fclhet egy amat\u0151rnek is? Mennyire neh\u00e9z a Tour de France, a La Vuelta \u00e9s a Giro d\u2019Italia?<\/strong><\/p>\n<p><!--more--><\/p>\n<p>Nem v\u00e9letlen\u00fcl kapt\u00e1k ezek a versenyek a Grand Tours gy\u0171jt\u0151nevet. Arra tervezt\u00e9k \u0151ket, hogy a vil\u00e1g leger\u0151sebb ker\u00e9kp\u00e1rosai \u00e9s csapatai k\u00f6z\u00fcl eld\u00f6nts\u00e9k, ki a legjobb. L\u00e1ssuk, hogy egy amat\u0151r bring\u00e1sban meg van-e az az er\u0151, energia, \u00fcgyess\u00e9g \u00e9s akarat, hogy megtegy\u00e9k a szakaszokat \u2013 \u00e9s betarts\u00e1k az \u00e9trendet?<\/p>\n<figure id=\"attachment_8871\" aria-describedby=\"caption-attachment-8871\" style=\"width: 1024px\" class=\"wp-caption alignnone\"><a href=\"https:\/\/d2p6e6u75xmxt8.cloudfront.net\/2\/2020\/10\/Amateur-cyclist-profimedia-0461598334.jpg\"><img loading=\"lazy\" decoding=\"async\" class=\"wp-image-8871 size-large\" src=\"https:\/\/d2p6e6u75xmxt8.cloudfront.net\/12\/2020\/11\/Amateur-cyclist-profimedia-0461598334-1024x682.jpg\" alt=\"Amateur cyclist\" width=\"1024\" height=\"682\" srcset=\"https:\/\/d2p6e6u75xmxt8.cloudfront.net\/12\/2020\/11\/Amateur-cyclist-profimedia-0461598334-1024x682.jpg 1024w, https:\/\/d2p6e6u75xmxt8.cloudfront.net\/12\/2020\/11\/Amateur-cyclist-profimedia-0461598334-300x200.jpg 300w, https:\/\/d2p6e6u75xmxt8.cloudfront.net\/12\/2020\/11\/Amateur-cyclist-profimedia-0461598334-768x512.jpg 768w, https:\/\/d2p6e6u75xmxt8.cloudfront.net\/12\/2020\/11\/Amateur-cyclist-profimedia-0461598334-272x182.jpg 272w, https:\/\/d2p6e6u75xmxt8.cloudfront.net\/12\/2020\/11\/Amateur-cyclist-profimedia-0461598334.jpg 1250w\" sizes=\"auto, (max-width: 1024px) 100vw, 1024px\" \/><\/a><figcaption id=\"caption-attachment-8871\" class=\"wp-caption-text\"><em>Egy amat\u0151r is k\u00e9pes r\u00e1? <\/em> \u00a9 Profimedia<\/figcaption><\/figure>\n<h2><strong>Kitart\u00e1s<\/strong><\/h2>\n<p>Az els\u0151 kih\u00edv\u00e1s maga a t\u00e1vols\u00e1g, amit a ker\u00e9kp\u00e1rosoknak meg kell tenni\u00fck. A Tours \u00e1ltal\u00e1ban meghaladja a 3500 km-t, ami annyi, mintha h\u00e9tszer eltekern\u00e9nk Londonb\u00f3l P\u00e1rizsba! A versenyz\u0151k t\u00f6bbnyire 23 nap alatt teljes\u00edtik a t\u00e1vot, mik\u00f6zben csak k\u00e9t napon pihennek. Egy \u00e1tlagos biciklisnek val\u00f3sz\u00edn\u0171leg 3 h\u00f3nap lenne ugyanez, nem pedig 3 h\u00e9t.<\/p>\n<h2><strong>L\u00e1bizmok<\/strong><\/h2>\n<p>A profik \u00e1tlagosan 400 watt teljes\u00edtm\u00e9nnyel tekernek, hogy fenntarts\u00e1k a 40 km\/\u00f3r\u00e1s \u00e1tlagsebess\u00e9g\u00fcket, kiv\u00e9ve az id\u0151m\u00e9r\u0151 futamokon, ahol m\u00e9g enn\u00e9l is gyorsabbak. A sprinterek az 1400 wattot is meghaladhatj\u00e1k, amikor egy szakaszgy\u0151zelem\u00e9rt k\u00fczdenek. Ez azt jelenti, hogy 5 \u00f3ra alatt k\u00e9pesek teljes\u00edteni egy 200 km-es etapot. Ehhez k\u00e9pest egy \u00e1ltagos biciklis k\u00f6r\u00fclbel\u00fcl 200 wattal tud tekerni \u00e9s 25 km\/\u00f3r\u00e1s sebess\u00e9get tart fenn. Ugyanez a k\u00e9tsz\u00e1zas szakasz teh\u00e1t 8 \u00f3r\u00e1ig tartana egy amat\u0151rnek.<\/p>\n<figure id=\"attachment_8872\" aria-describedby=\"caption-attachment-8872\" style=\"width: 1024px\" class=\"wp-caption alignnone\"><a href=\"https:\/\/d2p6e6u75xmxt8.cloudfront.net\/2\/2020\/10\/La-Vuelta-profimedia-0564851936.jpg\"><img loading=\"lazy\" decoding=\"async\" class=\"wp-image-8872 size-large\" src=\"https:\/\/d2p6e6u75xmxt8.cloudfront.net\/12\/2020\/11\/La-Vuelta-profimedia-0564851936-1024x681.jpg\" alt=\"La Vuelta 2020\" width=\"1024\" height=\"681\" srcset=\"https:\/\/d2p6e6u75xmxt8.cloudfront.net\/12\/2020\/11\/La-Vuelta-profimedia-0564851936-1024x681.jpg 1024w, https:\/\/d2p6e6u75xmxt8.cloudfront.net\/12\/2020\/11\/La-Vuelta-profimedia-0564851936-300x199.jpg 300w, https:\/\/d2p6e6u75xmxt8.cloudfront.net\/12\/2020\/11\/La-Vuelta-profimedia-0564851936-768x511.jpg 768w, https:\/\/d2p6e6u75xmxt8.cloudfront.net\/12\/2020\/11\/La-Vuelta-profimedia-0564851936-272x182.jpg 272w, https:\/\/d2p6e6u75xmxt8.cloudfront.net\/12\/2020\/11\/La-Vuelta-profimedia-0564851936.jpg 1250w\" sizes=\"auto, (max-width: 1024px) 100vw, 1024px\" \/><\/a><figcaption id=\"caption-attachment-8872\" class=\"wp-caption-text\"><em>Ami a profiknak kevesebb mint 5, az az amat\u0151r\u00f6knek 8 \u00f3r\u00e1ba telik. \u00a9 Profimedia <\/em><\/figcaption><\/figure>\n<h2><strong>F\u00e1jdalomt\u0171r\u00e9s<\/strong><\/h2>\n<p>A Grand Tours versenyek hatalmas t\u00e1vjai ugyanekkora megterhel\u00e9ssel j\u00e1rnak, nemcsak a r\u00e9sztvev\u0151k l\u00e1baiban, hanem eg\u00e9sz test\u00fck\u00f6n. Durva megpr\u00f3b\u00e1ltat\u00e1soknak teszik ki minden izmukat \u00e9s \u00edz\u00fclet\u00fcket, f\u0151leg a kezeket, a l\u00e1bakat \u00e9s a feneket. Egy amat\u0151r, aki nem szokott hozz\u00e1, hogy napi 200 km-t megtegyen, duzzanatokt\u00f3l, a porcok kop\u00e1s\u00e1t\u00f3l, v\u00e9rz\u0151 sebekt\u0151l \u00e9s rengeteg f\u00e1jdalomt\u00f3l fog szenvedni, ha megpr\u00f3b\u00e1lja. R\u00e1ad\u00e1sul az oldalsz\u00e9l, az \u00fatsz\u00e9li akad\u00e1lyok \u00e9s a balesetek miatt magas a s\u00e9r\u00fcl\u00e9sek kock\u00e1zata is.<\/p>\n<h2><strong>Gyomorkapacit\u00e1s<\/strong><\/h2>\n<p>Ahhoz, hogy ennyi napon \u00e1t, ilyen nagy intenzit\u00e1ssal tudjunk tekerni, rengeteg energi\u00e1t kell bevinn\u00fcnk. Becsl\u00e9sek szerint a versenyz\u0151k t\u00f6bb mint 100000 kal\u00f3ri\u00e1t \u00e9getnek el a verseny h\u00e1rom hete alatt. Ez 275 Big Mac-nek, 114 kg steaknek vagy 56 kg fagylaltnak felel meg! Nincs m\u00e9g egy olyan \u00e1ll\u00f3k\u00e9pess\u00e9gi verseny a bolyg\u00f3n, ahol ennyit kellene enni. Hasonl\u00edtsuk csak \u00f6ssze n\u00e9h\u00e1ny m\u00e1s sport\u00e1ggal a sz\u00e1mokat!<\/p>\n<ul>\n<li>Ironman triatlon: 7000-10000 kal\u00f3ria (9 \u00f3r\u00e1s verseny, egynapos esem\u00e9ny)<\/li>\n<li>Grand Tours: 5000-8000 kal\u00f3ria (szakaszonk\u00e9nt, 23 nap egym\u00e1s ut\u00e1n)<\/li>\n<li>Maraton: 2000-3500 kal\u00f3ria (a verseny alatt 2-3 \u00f3r\u00e1nk\u00e9nt)<\/li>\n<li>\u00dasz\u00e1s: 1500-2500 (ny\u00edlt v\u00edzen, 10 km-enk\u00e9nt)<\/li>\n<\/ul>\n<figure id=\"attachment_8873\" aria-describedby=\"caption-attachment-8873\" style=\"width: 1024px\" class=\"wp-caption alignnone\"><a href=\"https:\/\/d2p6e6u75xmxt8.cloudfront.net\/2\/2020\/10\/Thomas-eating-profimedia-0457372748.jpg\"><img loading=\"lazy\" decoding=\"async\" class=\"size-large wp-image-8873\" src=\"https:\/\/d2p6e6u75xmxt8.cloudfront.net\/12\/2020\/11\/Thomas-eating-profimedia-0457372748-1024x682.jpg\" alt=\"Geraint Thomas Eating\" width=\"1024\" height=\"682\" srcset=\"https:\/\/d2p6e6u75xmxt8.cloudfront.net\/12\/2020\/11\/Thomas-eating-profimedia-0457372748-1024x682.jpg 1024w, https:\/\/d2p6e6u75xmxt8.cloudfront.net\/12\/2020\/11\/Thomas-eating-profimedia-0457372748-300x200.jpg 300w, https:\/\/d2p6e6u75xmxt8.cloudfront.net\/12\/2020\/11\/Thomas-eating-profimedia-0457372748-768x512.jpg 768w, https:\/\/d2p6e6u75xmxt8.cloudfront.net\/12\/2020\/11\/Thomas-eating-profimedia-0457372748-272x182.jpg 272w, https:\/\/d2p6e6u75xmxt8.cloudfront.net\/12\/2020\/11\/Thomas-eating-profimedia-0457372748.jpg 1250w\" sizes=\"auto, (max-width: 1024px) 100vw, 1024px\" \/><\/a><figcaption id=\"caption-attachment-8873\" class=\"wp-caption-text\"><em>Geraint Thomas eszik a 2019-es Tour 6. szakasza k\u00f6zben. \u00a9 Profimedia<\/em><\/figcaption><\/figure>\n<p>Hogy l\u00e1ssuk, mit is jelent ez: egy \u00e1tlagos embernek k\u00f6r\u00fclbel\u00fcl 2000-2500 kal\u00f3ri\u00e1ra van sz\u00fcks\u00e9ge egy nap. Egy amat\u0151r ker\u00e9kp\u00e1rosnak 3000-4000 kell, ha aznap edzett. \u00c9s ne feledkezz\u00fcnk meg a hidrat\u00e1l\u00e1sr\u00f3l: a profik ak\u00e1r 10 liter vizet is megisznak a verseny egy napj\u00e1n!<\/p>\n<h2><strong>Tolerancia<\/strong><\/h2>\n<p>A Grand Tours azt is teszteli, mennyire toler\u00e1lj\u00e1k a versenyz\u0151k az \u00e1ltal\u00e1nos k\u00e9nyelmetlens\u00e9geket. Ahogy egyre magasabbra jutnak, \u00fagy fogy a leveg\u0151 oxig\u00e9ntartalma. Emellett ak\u00e1r egy nap alatt is hatalmas h\u0151m\u00e9rs\u00e9kletv\u00e1ltoz\u00e1sokat kell t\u00fal\u00e9lni\u00fck, a rendk\u00edv\u00fcli h\u0151s\u00e9get is ide\u00e9rtve. Az \u00fat nem mindig sima \u00e9s k\u00e9nyelmes aszfalt, a rajong\u00f3k pedig folyton k\u00f6rbeveszik \u0151ket. A legt\u00f6bb amat\u0151r nem szokta meg az ilyen helyzeteket.<\/p>\n<h2><strong>A ker\u00e9kp\u00e1r kezel\u00e9se<\/strong><\/h2>\n<p>A profik gyakran 90 km\/\u00f3r\u00e1val sz\u00e1guldanak lefel\u00e9, ekkora sebess\u00e9gn\u00e9l pedig a legkisebb hiba is v\u00e9gzetes lehet. Tudniuk kell, hogyan lehet a leghat\u00e9konyabban \u00e1tszelni a macskak\u00f6ves utakat, hogyan kell csapatban tekerni, \u00e9s draftingolni. A legt\u00f6bb hobbi-bring\u00e1s nem rendelkezik ezekkel a k\u00e9pess\u00e9gekkel \u00e9s egy durv\u00e1bb lejt\u0151n ink\u00e1bb a f\u00e9ket szorongatn\u00e1 \u00e9s csigalass\u00fas\u00e1ggal, r\u00e9m\u00fclten cs\u00faszna lefel\u00e9.<\/p>\n<figure id=\"attachment_8874\" aria-describedby=\"caption-attachment-8874\" style=\"width: 1024px\" class=\"wp-caption alignnone\"><a href=\"https:\/\/d2p6e6u75xmxt8.cloudfront.net\/2\/2020\/10\/Giro-mountain-profimedia-0441199209.jpg\"><img loading=\"lazy\" decoding=\"async\" class=\"wp-image-8874 size-large\" src=\"https:\/\/d2p6e6u75xmxt8.cloudfront.net\/12\/2020\/11\/Giro-mountain-profimedia-0441199209-1024x694.jpg\" alt=\"Mountain stage at Giro\" width=\"1024\" height=\"694\" srcset=\"https:\/\/d2p6e6u75xmxt8.cloudfront.net\/12\/2020\/11\/Giro-mountain-profimedia-0441199209-1024x694.jpg 1024w, https:\/\/d2p6e6u75xmxt8.cloudfront.net\/12\/2020\/11\/Giro-mountain-profimedia-0441199209-300x203.jpg 300w, https:\/\/d2p6e6u75xmxt8.cloudfront.net\/12\/2020\/11\/Giro-mountain-profimedia-0441199209-768x520.jpg 768w, https:\/\/d2p6e6u75xmxt8.cloudfront.net\/12\/2020\/11\/Giro-mountain-profimedia-0441199209.jpg 1250w\" sizes=\"auto, (max-width: 1024px) 100vw, 1024px\" \/><\/a><figcaption id=\"caption-attachment-8874\" class=\"wp-caption-text\"><em>A profiknak t\u00f6k\u00e9letesen kell kezelni\u00fck a bring\u00e1jukat. \u00a9 Profimedia<\/em><\/figcaption><\/figure>\n<h2><strong>Mental and physical strength<\/strong><\/h2>\n<p><strong>Ment\u00e1lis \u00e9s fizikai er\u0151<\/strong><\/p>\n<p>Van egy olyan szakaszt\u00edpus, ami az \u00f6sszes eddig felsorolt kih\u00edv\u00e1st mag\u00e1ban foglalja. A hegyi etapok. Egy olyan legend\u00e1s hegymenet, mint amilyen az Alpe d\u2019Huez, a Mont Ventoux, a Col du Tourmalet vagy a Col de I\u2019lseran meghaladja a legt\u00f6bb k\u00e9pzetlen biciklis testi \u00e9s lelki erej\u00e9t. A versenyz\u0151k azonban egy nap alatt ak\u00e1r t\u00f6bb cs\u00facsot is megm\u00e1sznak, \u00e9s t\u00f6bb napon \u00e1t \u00fajabb \u00e9s \u00fajabb emelked\u0151k\u00f6n verekszik \u00e1t magukat. A Grand Tours esem\u00e9nyei \u00e1tlagosan 60 km-es szintemelked\u00e9ssel v\u00e1rj\u00e1k a versenyz\u0151ket, ami olyan, mintha h\u00e9tszer megm\u00e1szn\u00e1nk a Mt. Everestet.<\/p>\n<p>Ha szeretn\u00e9d megtapasztalni, milyen lehet megk\u00fczdeni a Tour legnagyobb kih\u00edv\u00e1saival, a Rouvy virtu\u00e1lis edz\u0151platformj\u00e1n felm\u00e1szhatsz a Col de Tourmalet cs\u00facs\u00e1ra!<\/p>\n<p><a href=\"https:\/\/www.race.rouvy.com\/?utm_source=WeLoveCycling&amp;utm_medium=WEBSITE&amp;utm_campaign=LaVuelta&amp;utm_term=RideLaVuelta\"><img loading=\"lazy\" decoding=\"async\" class=\"alignnone size-full wp-image-8875\" src=\"https:\/\/d2p6e6u75xmxt8.cloudfront.net\/12\/2020\/11\/2020-10-20-WeLoveCycling-Banners.png\" alt=\"Rouvy\" width=\"1869\" height=\"221\" srcset=\"https:\/\/d2p6e6u75xmxt8.cloudfront.net\/12\/2020\/11\/2020-10-20-WeLoveCycling-Banners.png 1869w, https:\/\/d2p6e6u75xmxt8.cloudfront.net\/12\/2020\/11\/2020-10-20-WeLoveCycling-Banners-300x35.png 300w, https:\/\/d2p6e6u75xmxt8.cloudfront.net\/12\/2020\/11\/2020-10-20-WeLoveCycling-Banners-1024x121.png 1024w, https:\/\/d2p6e6u75xmxt8.cloudfront.net\/12\/2020\/11\/2020-10-20-WeLoveCycling-Banners-768x91.png 768w, https:\/\/d2p6e6u75xmxt8.cloudfront.net\/12\/2020\/11\/2020-10-20-WeLoveCycling-Banners-1536x182.png 1536w\" sizes=\"auto, (max-width: 1869px) 100vw, 1869px\" \/><\/a><\/p>\n","protected":false},"excerpt":{"rendered":"<p>Felk\u00e9sz\u00fcl\u00e9s n\u00e9lk\u00fcl gyakorlatilag lehetetlen lenne v\u00e9gigcsin\u00e1lni a Grand Tour versenyeket. De ha figyelmen k\u00edv\u00fcl hagyjuk az id\u0151korl\u00e1tokat, vajon siker\u00fclhet egy [&hellip;]<\/p>\n","protected":false},"author":71,"featured_media":8877,"comment_status":"open","ping_status":"open","sticky":false,"template":"","format":"standard","meta":{"footnotes":""},"categories":[8],"tags":[],"global-categories":[],"class_list":["post-8870","post","type-post","status-publish","format-standard","has-post-thumbnail","hentry","category-orszaguti-kerekpar"],"yoast_head":"<!-- This site is optimized with the Yoast SEO Premium plugin v25.3 (Yoast SEO v25.9) - https:\/\/yoast.com\/wordpress\/plugins\/seo\/ -->\n<title>A Mennyire neh\u00e9z eljutni egy Grand Tour c\u00e9lvonal\u00e1ig?<\/title>\n<meta name=\"description\" content=\"Felk\u00e9sz\u00fcl\u00e9s n\u00e9lk\u00fcl gyakorlatilag lehetetlen lenne v\u00e9gigcsin\u00e1lni a Grand Tour versenyeket.\" \/>\n<meta name=\"robots\" content=\"index, follow, max-snippet:-1, max-image-preview:large, max-video-preview:-1\" \/>\n<link rel=\"canonical\" href=\"https:\/\/www.welovecycling.com\/hu\/orszaguti-kerekpar\/mennyire-nehez-eljutni-egy-grand-tour-celvonalaig\/\" \/>\n<meta property=\"og:locale\" content=\"hu_HU\" \/>\n<meta property=\"og:type\" content=\"article\" \/>\n<meta property=\"og:title\" content=\"Mennyire neh\u00e9z eljutni egy Grand Tour c\u00e9lvonal\u00e1ig?\" \/>\n<meta property=\"og:description\" content=\"Felk\u00e9sz\u00fcl\u00e9s n\u00e9lk\u00fcl gyakorlatilag lehetetlen lenne v\u00e9gigcsin\u00e1lni a Grand Tour versenyeket. De ha figyelmen k\u00edv\u00fcl hagyjuk az id\u0151korl\u00e1tokat, vajon siker\u00fclhet egy amat\u0151rnek is? Mennyire neh\u00e9z a Tour de France, a La Vuelta \u00e9s a Giro d\u2019Italia?\" \/>\n<meta property=\"og:url\" content=\"https:\/\/www.welovecycling.com\/hu\/orszaguti-kerekpar\/mennyire-nehez-eljutni-egy-grand-tour-celvonalaig\/\" \/>\n<meta property=\"og:site_name\" content=\"\u0160koda We Love Cycling - Magyarorsz\u00e1g\" \/>\n<meta property=\"article:publisher\" content=\"https:\/\/www.facebook.com\/WeLoveCyclingHungary\/\" \/>\n<meta property=\"article:published_time\" content=\"2020-11-02T07:00:43+00:00\" \/>\n<meta property=\"article:modified_time\" content=\"2020-11-02T07:08:37+00:00\" \/>\n<meta property=\"og:image\" content=\"https:\/\/d2p6e6u75xmxt8.cloudfront.net\/12\/2020\/11\/Roglic-profimedia-0558811003-CVR.jpg\" \/>\n\t<meta property=\"og:image:width\" content=\"1366\" \/>\n\t<meta property=\"og:image:height\" content=\"600\" \/>\n\t<meta property=\"og:image:type\" content=\"image\/jpeg\" \/>\n<meta name=\"author\" content=\"hegyizs\" \/>\n<meta name=\"twitter:card\" content=\"summary_large_image\" \/>\n<meta name=\"twitter:label1\" content=\"Written by\" \/>\n\t<meta name=\"twitter:data1\" content=\"Ji\u0159\u00ed Kalo\u010d\" \/>\n\t<meta name=\"twitter:label2\" content=\"Est. reading time\" \/>\n\t<meta name=\"twitter:data2\" content=\"7\" \/>\n<script type=\"application\/ld+json\" class=\"yoast-schema-graph\">{\"@context\":\"https:\/\/schema.org\",\"@graph\":[{\"@type\":\"WebPage\",\"@id\":\"https:\/\/www.welovecycling.com\/hu\/orszaguti-kerekpar\/mennyire-nehez-eljutni-egy-grand-tour-celvonalaig\/\",\"url\":\"https:\/\/www.welovecycling.com\/hu\/orszaguti-kerekpar\/mennyire-nehez-eljutni-egy-grand-tour-celvonalaig\/\",\"name\":\"A Mennyire neh\u00e9z eljutni egy Grand Tour c\u00e9lvonal\u00e1ig?\",\"isPartOf\":{\"@id\":\"https:\/\/www.welovecycling.com\/hu\/#website\"},\"primaryImageOfPage\":{\"@id\":\"https:\/\/www.welovecycling.com\/hu\/orszaguti-kerekpar\/mennyire-nehez-eljutni-egy-grand-tour-celvonalaig\/#primaryimage\"},\"image\":{\"@id\":\"https:\/\/www.welovecycling.com\/hu\/orszaguti-kerekpar\/mennyire-nehez-eljutni-egy-grand-tour-celvonalaig\/#primaryimage\"},\"thumbnailUrl\":\"https:\/\/d2p6e6u75xmxt8.cloudfront.net\/12\/2020\/11\/Roglic-profimedia-0558811003-CVR.jpg\",\"datePublished\":\"2020-11-02T07:00:43+00:00\",\"dateModified\":\"2020-11-02T07:08:37+00:00\",\"author\":{\"@id\":\"https:\/\/www.welovecycling.com\/hu\/#\/schema\/person\/414a2aebf1801691a5320edb6468e194\"},\"description\":\"Felk\u00e9sz\u00fcl\u00e9s n\u00e9lk\u00fcl gyakorlatilag lehetetlen lenne v\u00e9gigcsin\u00e1lni a Grand Tour versenyeket.\",\"breadcrumb\":{\"@id\":\"https:\/\/www.welovecycling.com\/hu\/orszaguti-kerekpar\/mennyire-nehez-eljutni-egy-grand-tour-celvonalaig\/#breadcrumb\"},\"inLanguage\":\"hu\",\"potentialAction\":[{\"@type\":\"ReadAction\",\"target\":[\"https:\/\/www.welovecycling.com\/hu\/orszaguti-kerekpar\/mennyire-nehez-eljutni-egy-grand-tour-celvonalaig\/\"]}]},{\"@type\":\"ImageObject\",\"inLanguage\":\"hu\",\"@id\":\"https:\/\/www.welovecycling.com\/hu\/orszaguti-kerekpar\/mennyire-nehez-eljutni-egy-grand-tour-celvonalaig\/#primaryimage\",\"url\":\"https:\/\/d2p6e6u75xmxt8.cloudfront.net\/12\/2020\/11\/Roglic-profimedia-0558811003-CVR.jpg\",\"contentUrl\":\"https:\/\/d2p6e6u75xmxt8.cloudfront.net\/12\/2020\/11\/Roglic-profimedia-0558811003-CVR.jpg\",\"width\":1366,\"height\":600,\"caption\":\"Primo\u017e Rogli\u010d\"},{\"@type\":\"BreadcrumbList\",\"@id\":\"https:\/\/www.welovecycling.com\/hu\/orszaguti-kerekpar\/mennyire-nehez-eljutni-egy-grand-tour-celvonalaig\/#breadcrumb\",\"itemListElement\":[{\"@type\":\"ListItem\",\"position\":1,\"name\":\"Home\",\"item\":\"https:\/\/www.welovecycling.com\/hu\/\"},{\"@type\":\"ListItem\",\"position\":2,\"name\":\"Mennyire neh\u00e9z eljutni egy Grand Tour c\u00e9lvonal\u00e1ig?\"}]},{\"@type\":\"WebSite\",\"@id\":\"https:\/\/www.welovecycling.com\/hu\/#website\",\"url\":\"https:\/\/www.welovecycling.com\/hu\/\",\"name\":\"\u0160koda We Love Cycling - Magyarorsz\u00e1g\",\"description\":\"\u0160koda WeLoveCycling\",\"potentialAction\":[{\"@type\":\"SearchAction\",\"target\":{\"@type\":\"EntryPoint\",\"urlTemplate\":\"https:\/\/www.welovecycling.com\/hu\/?s={search_term_string}\"},\"query-input\":{\"@type\":\"PropertyValueSpecification\",\"valueRequired\":true,\"valueName\":\"search_term_string\"}}],\"inLanguage\":\"hu\"},{\"@type\":\"Person\",\"@id\":\"https:\/\/www.welovecycling.com\/hu\/#\/schema\/person\/414a2aebf1801691a5320edb6468e194\",\"name\":\"hegyizs\",\"image\":{\"@type\":\"ImageObject\",\"inLanguage\":\"hu\",\"@id\":\"https:\/\/www.welovecycling.com\/hu\/#\/schema\/person\/image\/\",\"url\":\"https:\/\/secure.gravatar.com\/avatar\/02cf8a7906b8cf90cecb4679defac7cfd33a1c2e3b88e4903d947f3bb58eedd3?s=96&d=mm&r=g\",\"contentUrl\":\"https:\/\/secure.gravatar.com\/avatar\/02cf8a7906b8cf90cecb4679defac7cfd33a1c2e3b88e4903d947f3bb58eedd3?s=96&d=mm&r=g\",\"caption\":\"hegyizs\"},\"url\":\"https:\/\/www.welovecycling.com\/hu\/author\/hegyizs\/\"}]}<\/script>\n<!-- \/ Yoast SEO Premium plugin. -->","yoast_head_json":{"title":"A Mennyire neh\u00e9z eljutni egy Grand Tour c\u00e9lvonal\u00e1ig?","description":"Felk\u00e9sz\u00fcl\u00e9s n\u00e9lk\u00fcl gyakorlatilag lehetetlen lenne v\u00e9gigcsin\u00e1lni a Grand Tour versenyeket.","robots":{"index":"index","follow":"follow","max-snippet":"max-snippet:-1","max-image-preview":"max-image-preview:large","max-video-preview":"max-video-preview:-1"},"canonical":"https:\/\/www.welovecycling.com\/hu\/orszaguti-kerekpar\/mennyire-nehez-eljutni-egy-grand-tour-celvonalaig\/","og_locale":"hu_HU","og_type":"article","og_title":"Mennyire neh\u00e9z eljutni egy Grand Tour c\u00e9lvonal\u00e1ig?","og_description":"Felk\u00e9sz\u00fcl\u00e9s n\u00e9lk\u00fcl gyakorlatilag lehetetlen lenne v\u00e9gigcsin\u00e1lni a Grand Tour versenyeket. De ha figyelmen k\u00edv\u00fcl hagyjuk az id\u0151korl\u00e1tokat, vajon siker\u00fclhet egy amat\u0151rnek is? Mennyire neh\u00e9z a Tour de France, a La Vuelta \u00e9s a Giro d\u2019Italia?","og_url":"https:\/\/www.welovecycling.com\/hu\/orszaguti-kerekpar\/mennyire-nehez-eljutni-egy-grand-tour-celvonalaig\/","og_site_name":"\u0160koda We Love Cycling - Magyarorsz\u00e1g","article_publisher":"https:\/\/www.facebook.com\/WeLoveCyclingHungary\/","article_published_time":"2020-11-02T07:00:43+00:00","article_modified_time":"2020-11-02T07:08:37+00:00","og_image":[{"width":1366,"height":600,"url":"https:\/\/d2p6e6u75xmxt8.cloudfront.net\/12\/2020\/11\/Roglic-profimedia-0558811003-CVR.jpg","type":"image\/jpeg"}],"author":"hegyizs","twitter_card":"summary_large_image","twitter_misc":{"Written by":"Ji\u0159\u00ed Kalo\u010d","Est. reading time":"7"},"schema":{"@context":"https:\/\/schema.org","@graph":[{"@type":"WebPage","@id":"https:\/\/www.welovecycling.com\/hu\/orszaguti-kerekpar\/mennyire-nehez-eljutni-egy-grand-tour-celvonalaig\/","url":"https:\/\/www.welovecycling.com\/hu\/orszaguti-kerekpar\/mennyire-nehez-eljutni-egy-grand-tour-celvonalaig\/","name":"A Mennyire neh\u00e9z eljutni egy Grand Tour c\u00e9lvonal\u00e1ig?","isPartOf":{"@id":"https:\/\/www.welovecycling.com\/hu\/#website"},"primaryImageOfPage":{"@id":"https:\/\/www.welovecycling.com\/hu\/orszaguti-kerekpar\/mennyire-nehez-eljutni-egy-grand-tour-celvonalaig\/#primaryimage"},"image":{"@id":"https:\/\/www.welovecycling.com\/hu\/orszaguti-kerekpar\/mennyire-nehez-eljutni-egy-grand-tour-celvonalaig\/#primaryimage"},"thumbnailUrl":"https:\/\/d2p6e6u75xmxt8.cloudfront.net\/12\/2020\/11\/Roglic-profimedia-0558811003-CVR.jpg","datePublished":"2020-11-02T07:00:43+00:00","dateModified":"2020-11-02T07:08:37+00:00","author":{"@id":"https:\/\/www.welovecycling.com\/hu\/#\/schema\/person\/414a2aebf1801691a5320edb6468e194"},"description":"Felk\u00e9sz\u00fcl\u00e9s n\u00e9lk\u00fcl gyakorlatilag lehetetlen lenne v\u00e9gigcsin\u00e1lni a Grand Tour versenyeket.","breadcrumb":{"@id":"https:\/\/www.welovecycling.com\/hu\/orszaguti-kerekpar\/mennyire-nehez-eljutni-egy-grand-tour-celvonalaig\/#breadcrumb"},"inLanguage":"hu","potentialAction":[{"@type":"ReadAction","target":["https:\/\/www.welovecycling.com\/hu\/orszaguti-kerekpar\/mennyire-nehez-eljutni-egy-grand-tour-celvonalaig\/"]}]},{"@type":"ImageObject","inLanguage":"hu","@id":"https:\/\/www.welovecycling.com\/hu\/orszaguti-kerekpar\/mennyire-nehez-eljutni-egy-grand-tour-celvonalaig\/#primaryimage","url":"https:\/\/d2p6e6u75xmxt8.cloudfront.net\/12\/2020\/11\/Roglic-profimedia-0558811003-CVR.jpg","contentUrl":"https:\/\/d2p6e6u75xmxt8.cloudfront.net\/12\/2020\/11\/Roglic-profimedia-0558811003-CVR.jpg","width":1366,"height":600,"caption":"Primo\u017e Rogli\u010d"},{"@type":"BreadcrumbList","@id":"https:\/\/www.welovecycling.com\/hu\/orszaguti-kerekpar\/mennyire-nehez-eljutni-egy-grand-tour-celvonalaig\/#breadcrumb","itemListElement":[{"@type":"ListItem","position":1,"name":"Home","item":"https:\/\/www.welovecycling.com\/hu\/"},{"@type":"ListItem","position":2,"name":"Mennyire neh\u00e9z eljutni egy Grand Tour c\u00e9lvonal\u00e1ig?"}]},{"@type":"WebSite","@id":"https:\/\/www.welovecycling.com\/hu\/#website","url":"https:\/\/www.welovecycling.com\/hu\/","name":"\u0160koda We Love Cycling - Magyarorsz\u00e1g","description":"\u0160koda WeLoveCycling","potentialAction":[{"@type":"SearchAction","target":{"@type":"EntryPoint","urlTemplate":"https:\/\/www.welovecycling.com\/hu\/?s={search_term_string}"},"query-input":{"@type":"PropertyValueSpecification","valueRequired":true,"valueName":"search_term_string"}}],"inLanguage":"hu"},{"@type":"Person","@id":"https:\/\/www.welovecycling.com\/hu\/#\/schema\/person\/414a2aebf1801691a5320edb6468e194","name":"hegyizs","image":{"@type":"ImageObject","inLanguage":"hu","@id":"https:\/\/www.welovecycling.com\/hu\/#\/schema\/person\/image\/","url":"https:\/\/secure.gravatar.com\/avatar\/02cf8a7906b8cf90cecb4679defac7cfd33a1c2e3b88e4903d947f3bb58eedd3?s=96&d=mm&r=g","contentUrl":"https:\/\/secure.gravatar.com\/avatar\/02cf8a7906b8cf90cecb4679defac7cfd33a1c2e3b88e4903d947f3bb58eedd3?s=96&d=mm&r=g","caption":"hegyizs"},"url":"https:\/\/www.welovecycling.com\/hu\/author\/hegyizs\/"}]}},"_links":{"self":[{"href":"https:\/\/www.welovecycling.com\/hu\/wp-json\/wp\/v2\/posts\/8870","targetHints":{"allow":["GET"]}}],"collection":[{"href":"https:\/\/www.welovecycling.com\/hu\/wp-json\/wp\/v2\/posts"}],"about":[{"href":"https:\/\/www.welovecycling.com\/hu\/wp-json\/wp\/v2\/types\/post"}],"author":[{"embeddable":true,"href":"https:\/\/www.welovecycling.com\/hu\/wp-json\/wp\/v2\/users\/71"}],"replies":[{"embeddable":true,"href":"https:\/\/www.welovecycling.com\/hu\/wp-json\/wp\/v2\/comments?post=8870"}],"version-history":[{"count":2,"href":"https:\/\/www.welovecycling.com\/hu\/wp-json\/wp\/v2\/posts\/8870\/revisions"}],"predecessor-version":[{"id":8879,"href":"https:\/\/www.welovecycling.com\/hu\/wp-json\/wp\/v2\/posts\/8870\/revisions\/8879"}],"wp:featuredmedia":[{"embeddable":true,"href":"https:\/\/www.welovecycling.com\/hu\/wp-json\/wp\/v2\/media\/8877"}],"wp:attachment":[{"href":"https:\/\/www.welovecycling.com\/hu\/wp-json\/wp\/v2\/media?parent=8870"}],"wp:term":[{"taxonomy":"category","embeddable":true,"href":"https:\/\/www.welovecycling.com\/hu\/wp-json\/wp\/v2\/categories?post=8870"},{"taxonomy":"post_tag","embeddable":true,"href":"https:\/\/www.welovecycling.com\/hu\/wp-json\/wp\/v2\/tags?post=8870"},{"taxonomy":"global-categories","embeddable":true,"href":"https:\/\/www.welovecycling.com\/hu\/wp-json\/wp\/v2\/global-categories?post=8870"}],"curies":[{"name":"wp","href":"https:\/\/api.w.org\/{rel}","templated":true}]}}