{"id":8864,"date":"2020-10-27T17:20:34","date_gmt":"2020-10-27T16:20:34","guid":{"rendered":"https:\/\/www.welovecycling.com\/hu\/?p=8864"},"modified":"2020-10-27T17:24:11","modified_gmt":"2020-10-27T16:24:11","slug":"atkalandoztuk-a-nyarat-kulon-de-egyutt","status":"publish","type":"post","link":"https:\/\/www.welovecycling.com\/hu\/kozosseg-es-kultura\/atkalandoztuk-a-nyarat-kulon-de-egyutt\/","title":{"rendered":"\u00c1tkalandoztuk a nyarat \u2013 k\u00fcl\u00f6n, de egy\u00fctt"},"content":{"rendered":"<p><strong>H\u00e1rom t\u00f6rt\u00e9net, kilenc kaland, rengeteg j\u00e1t\u00e9kos \u00e9s m\u00e9g t\u00f6bb letekert kilom\u00e9ter. Kalandor j\u00e1t\u00e9kunk a kih\u00edv\u00e1sokr\u00f3l \u00e9s a motiv\u00e1ci\u00f3r\u00f3l sz\u00f3lt, amikre k\u00fcl\u00f6n\u00f6sen sz\u00fcks\u00e9g\u00fcnk volt ebben az \u00e9vben.<\/strong><!--more--><\/p>\n<p>J\u00faliust\u00f3l szeptemberig tartott bring\u00e1s j\u00e1t\u00e9kunk, ezalatt h\u00e1rom t\u00f6rt\u00e9netbe cs\u00f6ppentek bele <a href=\"https:\/\/www.strava.com\/clubs\/wlchu\">Strava-klubunk<\/a> tagjai, mint f\u0151szerepl\u0151k. Amikor fordul\u00f3ponthoz \u00e9rkeztek, eld\u00f6nt\u00f6tt\u00e9k, melyik utat v\u00e1lasztj\u00e1k: a k\u00f6nnyebbet, ami\u00e9rt nem kellett megk\u00fczdeni\u00fck, de \u00edgy jutalom sem j\u00e1rt \u00e9rte, vagy a nehezebbet, amivel aj\u00e1nd\u00e9kcsomagot nyerhettek. Mondanunk sem kell, hogy a legt\u00f6bben v\u00e1llalt\u00e1k a kih\u00edv\u00e1sokat!<\/p>\n<p><img loading=\"lazy\" decoding=\"async\" class=\"aligncenter size-full wp-image-8865\" src=\"https:\/\/d2p6e6u75xmxt8.cloudfront.net\/12\/2020\/10\/WL009_kihivas_kartya_02_v0.png\" alt=\"\" width=\"1183\" height=\"749\" srcset=\"https:\/\/d2p6e6u75xmxt8.cloudfront.net\/12\/2020\/10\/WL009_kihivas_kartya_02_v0.png 1183w, https:\/\/d2p6e6u75xmxt8.cloudfront.net\/12\/2020\/10\/WL009_kihivas_kartya_02_v0-300x190.png 300w, https:\/\/d2p6e6u75xmxt8.cloudfront.net\/12\/2020\/10\/WL009_kihivas_kartya_02_v0-1024x648.png 1024w, https:\/\/d2p6e6u75xmxt8.cloudfront.net\/12\/2020\/10\/WL009_kihivas_kartya_02_v0-768x486.png 768w\" sizes=\"auto, (max-width: 1183px) 100vw, 1183px\" \/><\/p>\n<p>800 m\u00e9teres szintemelked\u00e9s, napi 10 km 5 napon \u00e1t, 40 km\/\u00f3r\u00e1s maxim\u00e1lis sebess\u00e9g, \u00e9s m\u00e9g sorolhatn\u00e1nk. Semmi nem \u00e1llhatott a Kalandorok \u00fatj\u00e1ba! S\u0151t, rengetegen t\u00fal is teljes\u00edtett\u00e9k a feladatokat. A h\u00e1rom h\u00f3nap alatt h\u00e1romszor ker\u00fclt\u00fck meg a Holdat \u00e9s 23-szor m\u00e1sztunk fel az Everestre! Mennyi mindenre k\u00e9pesek vagyunk egy\u00fctt! \ud83d\ude42<\/p>\n<p><img loading=\"lazy\" decoding=\"async\" class=\"aligncenter wp-image-8866 size-large\" src=\"https:\/\/d2p6e6u75xmxt8.cloudfront.net\/12\/2020\/10\/WL009_kalandor-576x1024.png\" alt=\"\" width=\"576\" height=\"1024\" srcset=\"https:\/\/d2p6e6u75xmxt8.cloudfront.net\/12\/2020\/10\/WL009_kalandor-576x1024.png 576w, https:\/\/d2p6e6u75xmxt8.cloudfront.net\/12\/2020\/10\/WL009_kalandor-169x300.png 169w, https:\/\/d2p6e6u75xmxt8.cloudfront.net\/12\/2020\/10\/WL009_kalandor-768x1365.png 768w, https:\/\/d2p6e6u75xmxt8.cloudfront.net\/12\/2020\/10\/WL009_kalandor-864x1536.png 864w, https:\/\/d2p6e6u75xmxt8.cloudfront.net\/12\/2020\/10\/WL009_kalandor.png 1080w\" sizes=\"auto, (max-width: 576px) 100vw, 576px\" \/><\/p>\n<p>A ker\u00e9kp\u00e1ros aj\u00e1nd\u00e9kcsomagok \u00e9s a \u0160koda \u00e1ltal felaj\u00e1nlott teszth\u00e9tv\u00e9g\u00e9k mellett kisorsoltunk egy \u0160koda CITY ker\u00e9kp\u00e1rt is.\u00a0 A szerencs\u00e9s kalandor, L\u00e1szl\u00f3, a MaxX Auto \u0160koda aut\u00f3szalonban vehette \u00e1t a f\u0151nyerem\u00e9nyt!<\/p>\n<p><img loading=\"lazy\" decoding=\"async\" class=\"aligncenter size-large wp-image-8867\" src=\"https:\/\/d2p6e6u75xmxt8.cloudfront.net\/12\/2020\/10\/skoda_WLC_kalandor2-591x1024.jpg\" alt=\"\" width=\"591\" height=\"1024\" srcset=\"https:\/\/d2p6e6u75xmxt8.cloudfront.net\/12\/2020\/10\/skoda_WLC_kalandor2-591x1024.jpg 591w, https:\/\/d2p6e6u75xmxt8.cloudfront.net\/12\/2020\/10\/skoda_WLC_kalandor2-173x300.jpg 173w, https:\/\/d2p6e6u75xmxt8.cloudfront.net\/12\/2020\/10\/skoda_WLC_kalandor2-768x1330.jpg 768w, https:\/\/d2p6e6u75xmxt8.cloudfront.net\/12\/2020\/10\/skoda_WLC_kalandor2-887x1536.jpg 887w, https:\/\/d2p6e6u75xmxt8.cloudfront.net\/12\/2020\/10\/skoda_WLC_kalandor2-1183x2048.jpg 1183w, https:\/\/d2p6e6u75xmxt8.cloudfront.net\/12\/2020\/10\/skoda_WLC_kalandor2-1109x1920.jpg 1109w, https:\/\/d2p6e6u75xmxt8.cloudfront.net\/12\/2020\/10\/skoda_WLC_kalandor2-scaled.jpg 1479w, https:\/\/d2p6e6u75xmxt8.cloudfront.net\/12\/2020\/10\/skoda_WLC_kalandor2-1109x1920.jpg 1109w\" sizes=\"auto, (max-width: 591px) 100vw, 591px\" \/><\/p>\n<p>Persze ez m\u00e9g nem minden: az igazi \u00e9rt\u00e9k, amit l\u00e9trehoztunk az a k\u00f6z\u00f6ss\u00e9g, mely a j\u00e1t\u00e9k alatt az orsz\u00e1g legnagyobb Strava klubj\u00e1v\u00e1 n\u0151tte ki mag\u00e1t. T\u00f6bb mint 2000 elk\u00f6telezett, profi- \u00e9s hobbibring\u00e1s oszthatja meg egym\u00e1ssal szenved\u00e9ly\u00e9t \u00e9s tapasztalatait, hamarosan egy olyan form\u00e1ban is, ahogy eddig m\u00e9g nem! K\u00f6vess\u00e9tek <a href=\"https:\/\/www.strava.com\/clubs\/wlchu\">a klub oldal\u00e1t<\/a>, \u00fajabb meglepet\u00e9sek v\u00e1rnak!<\/p>\n","protected":false},"excerpt":{"rendered":"<p>H\u00e1rom t\u00f6rt\u00e9net, kilenc kaland, rengeteg j\u00e1t\u00e9kos \u00e9s m\u00e9g t\u00f6bb letekert kilom\u00e9ter. Kalandor j\u00e1t\u00e9kunk a kih\u00edv\u00e1sokr\u00f3l \u00e9s a motiv\u00e1ci\u00f3r\u00f3l sz\u00f3lt, amikre [&hellip;]<\/p>\n","protected":false},"author":71,"featured_media":8868,"comment_status":"open","ping_status":"open","sticky":false,"template":"","format":"standard","meta":{"footnotes":""},"categories":[12],"tags":[],"global-categories":[419],"class_list":["post-8864","post","type-post","status-publish","format-standard","has-post-thumbnail","hentry","category-kozosseg-es-kultura","global-categories-cycling"],"yoast_head":"<!-- This site is optimized with the Yoast SEO Premium plugin v25.3 (Yoast SEO v25.9) - https:\/\/yoast.com\/wordpress\/plugins\/seo\/ -->\n<title>\u00c1tkalandoztuk a nyarat \u2013 k\u00fcl\u00f6n, de egy\u00fctt - \u0160koda We Love Cycling - Magyarorsz\u00e1g<\/title>\n<meta name=\"description\" content=\"H\u00e1rom t\u00f6rt\u00e9net, kilenc kaland, rengeteg j\u00e1t\u00e9kos \u00e9s m\u00e9g t\u00f6bb letekert kilom\u00e9ter. Kalandor j\u00e1t\u00e9kunk a kih\u00edv\u00e1sokr\u00f3l \u00e9s a motiv\u00e1ci\u00f3r\u00f3l sz\u00f3lt, amikre k\u00fcl\u00f6n\u00f6sen sz\u00fcks\u00e9g\u00fcnk volt ebben az \u00e9vben.\" \/>\n<meta name=\"robots\" content=\"index, follow, max-snippet:-1, max-image-preview:large, max-video-preview:-1\" \/>\n<link rel=\"canonical\" href=\"https:\/\/www.welovecycling.com\/hu\/kozosseg-es-kultura\/atkalandoztuk-a-nyarat-kulon-de-egyutt\/\" \/>\n<meta property=\"og:locale\" content=\"hu_HU\" \/>\n<meta property=\"og:type\" content=\"article\" \/>\n<meta property=\"og:title\" content=\"\u00c1tkalandoztuk a nyarat \u2013 k\u00fcl\u00f6n, de egy\u00fctt\" \/>\n<meta property=\"og:description\" content=\"H\u00e1rom t\u00f6rt\u00e9net, kilenc kaland, rengeteg j\u00e1t\u00e9kos \u00e9s m\u00e9g t\u00f6bb letekert kilom\u00e9ter. Kalandor j\u00e1t\u00e9kunk a kih\u00edv\u00e1sokr\u00f3l \u00e9s a motiv\u00e1ci\u00f3r\u00f3l sz\u00f3lt, amikre k\u00fcl\u00f6n\u00f6sen sz\u00fcks\u00e9g\u00fcnk volt ebben az \u00e9vben.\" \/>\n<meta property=\"og:url\" content=\"https:\/\/www.welovecycling.com\/hu\/kozosseg-es-kultura\/atkalandoztuk-a-nyarat-kulon-de-egyutt\/\" \/>\n<meta property=\"og:site_name\" content=\"\u0160koda We Love Cycling - Magyarorsz\u00e1g\" \/>\n<meta property=\"article:publisher\" content=\"https:\/\/www.facebook.com\/WeLoveCyclingHungary\/\" \/>\n<meta property=\"article:published_time\" content=\"2020-10-27T16:20:34+00:00\" \/>\n<meta property=\"article:modified_time\" content=\"2020-10-27T16:24:11+00:00\" \/>\n<meta property=\"og:image\" content=\"https:\/\/d2p6e6u75xmxt8.cloudfront.net\/12\/2020\/10\/skoda_WLC_kalandor1.jpg\" \/>\n\t<meta property=\"og:image:width\" content=\"1920\" \/>\n\t<meta property=\"og:image:height\" content=\"893\" \/>\n\t<meta property=\"og:image:type\" content=\"image\/jpeg\" \/>\n<meta name=\"author\" content=\"hegyizs\" \/>\n<meta name=\"twitter:card\" content=\"summary_large_image\" \/>\n<meta name=\"twitter:label1\" content=\"Written by\" \/>\n\t<meta name=\"twitter:data1\" content=\"WLC\" \/>\n\t<meta name=\"twitter:label2\" content=\"Est. reading time\" \/>\n\t<meta name=\"twitter:data2\" content=\"2 minutes\" \/>\n<script type=\"application\/ld+json\" class=\"yoast-schema-graph\">{\"@context\":\"https:\/\/schema.org\",\"@graph\":[{\"@type\":\"WebPage\",\"@id\":\"https:\/\/www.welovecycling.com\/hu\/kozosseg-es-kultura\/atkalandoztuk-a-nyarat-kulon-de-egyutt\/\",\"url\":\"https:\/\/www.welovecycling.com\/hu\/kozosseg-es-kultura\/atkalandoztuk-a-nyarat-kulon-de-egyutt\/\",\"name\":\"\u00c1tkalandoztuk a nyarat \u2013 k\u00fcl\u00f6n, de egy\u00fctt - \u0160koda We Love Cycling - Magyarorsz\u00e1g\",\"isPartOf\":{\"@id\":\"https:\/\/www.welovecycling.com\/hu\/#website\"},\"primaryImageOfPage\":{\"@id\":\"https:\/\/www.welovecycling.com\/hu\/kozosseg-es-kultura\/atkalandoztuk-a-nyarat-kulon-de-egyutt\/#primaryimage\"},\"image\":{\"@id\":\"https:\/\/www.welovecycling.com\/hu\/kozosseg-es-kultura\/atkalandoztuk-a-nyarat-kulon-de-egyutt\/#primaryimage\"},\"thumbnailUrl\":\"https:\/\/d2p6e6u75xmxt8.cloudfront.net\/12\/2020\/10\/skoda_WLC_kalandor1.jpg\",\"datePublished\":\"2020-10-27T16:20:34+00:00\",\"dateModified\":\"2020-10-27T16:24:11+00:00\",\"author\":{\"@id\":\"https:\/\/www.welovecycling.com\/hu\/#\/schema\/person\/414a2aebf1801691a5320edb6468e194\"},\"description\":\"H\u00e1rom t\u00f6rt\u00e9net, kilenc kaland, rengeteg j\u00e1t\u00e9kos \u00e9s m\u00e9g t\u00f6bb letekert kilom\u00e9ter. Kalandor j\u00e1t\u00e9kunk a kih\u00edv\u00e1sokr\u00f3l \u00e9s a motiv\u00e1ci\u00f3r\u00f3l sz\u00f3lt, amikre k\u00fcl\u00f6n\u00f6sen sz\u00fcks\u00e9g\u00fcnk volt ebben az \u00e9vben.\",\"breadcrumb\":{\"@id\":\"https:\/\/www.welovecycling.com\/hu\/kozosseg-es-kultura\/atkalandoztuk-a-nyarat-kulon-de-egyutt\/#breadcrumb\"},\"inLanguage\":\"hu\",\"potentialAction\":[{\"@type\":\"ReadAction\",\"target\":[\"https:\/\/www.welovecycling.com\/hu\/kozosseg-es-kultura\/atkalandoztuk-a-nyarat-kulon-de-egyutt\/\"]}]},{\"@type\":\"ImageObject\",\"inLanguage\":\"hu\",\"@id\":\"https:\/\/www.welovecycling.com\/hu\/kozosseg-es-kultura\/atkalandoztuk-a-nyarat-kulon-de-egyutt\/#primaryimage\",\"url\":\"https:\/\/d2p6e6u75xmxt8.cloudfront.net\/12\/2020\/10\/skoda_WLC_kalandor1.jpg\",\"contentUrl\":\"https:\/\/d2p6e6u75xmxt8.cloudfront.net\/12\/2020\/10\/skoda_WLC_kalandor1.jpg\",\"width\":1920,\"height\":893},{\"@type\":\"BreadcrumbList\",\"@id\":\"https:\/\/www.welovecycling.com\/hu\/kozosseg-es-kultura\/atkalandoztuk-a-nyarat-kulon-de-egyutt\/#breadcrumb\",\"itemListElement\":[{\"@type\":\"ListItem\",\"position\":1,\"name\":\"Home\",\"item\":\"https:\/\/www.welovecycling.com\/hu\/\"},{\"@type\":\"ListItem\",\"position\":2,\"name\":\"\u00c1tkalandoztuk a nyarat \u2013 k\u00fcl\u00f6n, de egy\u00fctt\"}]},{\"@type\":\"WebSite\",\"@id\":\"https:\/\/www.welovecycling.com\/hu\/#website\",\"url\":\"https:\/\/www.welovecycling.com\/hu\/\",\"name\":\"\u0160koda We Love Cycling - Magyarorsz\u00e1g\",\"description\":\"\u0160koda WeLoveCycling\",\"potentialAction\":[{\"@type\":\"SearchAction\",\"target\":{\"@type\":\"EntryPoint\",\"urlTemplate\":\"https:\/\/www.welovecycling.com\/hu\/?s={search_term_string}\"},\"query-input\":{\"@type\":\"PropertyValueSpecification\",\"valueRequired\":true,\"valueName\":\"search_term_string\"}}],\"inLanguage\":\"hu\"},{\"@type\":\"Person\",\"@id\":\"https:\/\/www.welovecycling.com\/hu\/#\/schema\/person\/414a2aebf1801691a5320edb6468e194\",\"name\":\"hegyizs\",\"image\":{\"@type\":\"ImageObject\",\"inLanguage\":\"hu\",\"@id\":\"https:\/\/www.welovecycling.com\/hu\/#\/schema\/person\/image\/\",\"url\":\"https:\/\/secure.gravatar.com\/avatar\/02cf8a7906b8cf90cecb4679defac7cfd33a1c2e3b88e4903d947f3bb58eedd3?s=96&d=mm&r=g\",\"contentUrl\":\"https:\/\/secure.gravatar.com\/avatar\/02cf8a7906b8cf90cecb4679defac7cfd33a1c2e3b88e4903d947f3bb58eedd3?s=96&d=mm&r=g\",\"caption\":\"hegyizs\"},\"url\":\"https:\/\/www.welovecycling.com\/hu\/author\/hegyizs\/\"}]}<\/script>\n<!-- \/ Yoast SEO Premium plugin. -->","yoast_head_json":{"title":"\u00c1tkalandoztuk a nyarat \u2013 k\u00fcl\u00f6n, de egy\u00fctt - \u0160koda We Love Cycling - Magyarorsz\u00e1g","description":"H\u00e1rom t\u00f6rt\u00e9net, kilenc kaland, rengeteg j\u00e1t\u00e9kos \u00e9s m\u00e9g t\u00f6bb letekert kilom\u00e9ter. Kalandor j\u00e1t\u00e9kunk a kih\u00edv\u00e1sokr\u00f3l \u00e9s a motiv\u00e1ci\u00f3r\u00f3l sz\u00f3lt, amikre k\u00fcl\u00f6n\u00f6sen sz\u00fcks\u00e9g\u00fcnk volt ebben az \u00e9vben.","robots":{"index":"index","follow":"follow","max-snippet":"max-snippet:-1","max-image-preview":"max-image-preview:large","max-video-preview":"max-video-preview:-1"},"canonical":"https:\/\/www.welovecycling.com\/hu\/kozosseg-es-kultura\/atkalandoztuk-a-nyarat-kulon-de-egyutt\/","og_locale":"hu_HU","og_type":"article","og_title":"\u00c1tkalandoztuk a nyarat \u2013 k\u00fcl\u00f6n, de egy\u00fctt","og_description":"H\u00e1rom t\u00f6rt\u00e9net, kilenc kaland, rengeteg j\u00e1t\u00e9kos \u00e9s m\u00e9g t\u00f6bb letekert kilom\u00e9ter. Kalandor j\u00e1t\u00e9kunk a kih\u00edv\u00e1sokr\u00f3l \u00e9s a motiv\u00e1ci\u00f3r\u00f3l sz\u00f3lt, amikre k\u00fcl\u00f6n\u00f6sen sz\u00fcks\u00e9g\u00fcnk volt ebben az \u00e9vben.","og_url":"https:\/\/www.welovecycling.com\/hu\/kozosseg-es-kultura\/atkalandoztuk-a-nyarat-kulon-de-egyutt\/","og_site_name":"\u0160koda We Love Cycling - Magyarorsz\u00e1g","article_publisher":"https:\/\/www.facebook.com\/WeLoveCyclingHungary\/","article_published_time":"2020-10-27T16:20:34+00:00","article_modified_time":"2020-10-27T16:24:11+00:00","og_image":[{"width":1920,"height":893,"url":"https:\/\/d2p6e6u75xmxt8.cloudfront.net\/12\/2020\/10\/skoda_WLC_kalandor1.jpg","type":"image\/jpeg"}],"author":"hegyizs","twitter_card":"summary_large_image","twitter_misc":{"Written by":"WLC","Est. reading time":"2 minutes"},"schema":{"@context":"https:\/\/schema.org","@graph":[{"@type":"WebPage","@id":"https:\/\/www.welovecycling.com\/hu\/kozosseg-es-kultura\/atkalandoztuk-a-nyarat-kulon-de-egyutt\/","url":"https:\/\/www.welovecycling.com\/hu\/kozosseg-es-kultura\/atkalandoztuk-a-nyarat-kulon-de-egyutt\/","name":"\u00c1tkalandoztuk a nyarat \u2013 k\u00fcl\u00f6n, de egy\u00fctt - \u0160koda We Love Cycling - Magyarorsz\u00e1g","isPartOf":{"@id":"https:\/\/www.welovecycling.com\/hu\/#website"},"primaryImageOfPage":{"@id":"https:\/\/www.welovecycling.com\/hu\/kozosseg-es-kultura\/atkalandoztuk-a-nyarat-kulon-de-egyutt\/#primaryimage"},"image":{"@id":"https:\/\/www.welovecycling.com\/hu\/kozosseg-es-kultura\/atkalandoztuk-a-nyarat-kulon-de-egyutt\/#primaryimage"},"thumbnailUrl":"https:\/\/d2p6e6u75xmxt8.cloudfront.net\/12\/2020\/10\/skoda_WLC_kalandor1.jpg","datePublished":"2020-10-27T16:20:34+00:00","dateModified":"2020-10-27T16:24:11+00:00","author":{"@id":"https:\/\/www.welovecycling.com\/hu\/#\/schema\/person\/414a2aebf1801691a5320edb6468e194"},"description":"H\u00e1rom t\u00f6rt\u00e9net, kilenc kaland, rengeteg j\u00e1t\u00e9kos \u00e9s m\u00e9g t\u00f6bb letekert kilom\u00e9ter. Kalandor j\u00e1t\u00e9kunk a kih\u00edv\u00e1sokr\u00f3l \u00e9s a motiv\u00e1ci\u00f3r\u00f3l sz\u00f3lt, amikre k\u00fcl\u00f6n\u00f6sen sz\u00fcks\u00e9g\u00fcnk volt ebben az \u00e9vben.","breadcrumb":{"@id":"https:\/\/www.welovecycling.com\/hu\/kozosseg-es-kultura\/atkalandoztuk-a-nyarat-kulon-de-egyutt\/#breadcrumb"},"inLanguage":"hu","potentialAction":[{"@type":"ReadAction","target":["https:\/\/www.welovecycling.com\/hu\/kozosseg-es-kultura\/atkalandoztuk-a-nyarat-kulon-de-egyutt\/"]}]},{"@type":"ImageObject","inLanguage":"hu","@id":"https:\/\/www.welovecycling.com\/hu\/kozosseg-es-kultura\/atkalandoztuk-a-nyarat-kulon-de-egyutt\/#primaryimage","url":"https:\/\/d2p6e6u75xmxt8.cloudfront.net\/12\/2020\/10\/skoda_WLC_kalandor1.jpg","contentUrl":"https:\/\/d2p6e6u75xmxt8.cloudfront.net\/12\/2020\/10\/skoda_WLC_kalandor1.jpg","width":1920,"height":893},{"@type":"BreadcrumbList","@id":"https:\/\/www.welovecycling.com\/hu\/kozosseg-es-kultura\/atkalandoztuk-a-nyarat-kulon-de-egyutt\/#breadcrumb","itemListElement":[{"@type":"ListItem","position":1,"name":"Home","item":"https:\/\/www.welovecycling.com\/hu\/"},{"@type":"ListItem","position":2,"name":"\u00c1tkalandoztuk a nyarat \u2013 k\u00fcl\u00f6n, de egy\u00fctt"}]},{"@type":"WebSite","@id":"https:\/\/www.welovecycling.com\/hu\/#website","url":"https:\/\/www.welovecycling.com\/hu\/","name":"\u0160koda We Love Cycling - Magyarorsz\u00e1g","description":"\u0160koda WeLoveCycling","potentialAction":[{"@type":"SearchAction","target":{"@type":"EntryPoint","urlTemplate":"https:\/\/www.welovecycling.com\/hu\/?s={search_term_string}"},"query-input":{"@type":"PropertyValueSpecification","valueRequired":true,"valueName":"search_term_string"}}],"inLanguage":"hu"},{"@type":"Person","@id":"https:\/\/www.welovecycling.com\/hu\/#\/schema\/person\/414a2aebf1801691a5320edb6468e194","name":"hegyizs","image":{"@type":"ImageObject","inLanguage":"hu","@id":"https:\/\/www.welovecycling.com\/hu\/#\/schema\/person\/image\/","url":"https:\/\/secure.gravatar.com\/avatar\/02cf8a7906b8cf90cecb4679defac7cfd33a1c2e3b88e4903d947f3bb58eedd3?s=96&d=mm&r=g","contentUrl":"https:\/\/secure.gravatar.com\/avatar\/02cf8a7906b8cf90cecb4679defac7cfd33a1c2e3b88e4903d947f3bb58eedd3?s=96&d=mm&r=g","caption":"hegyizs"},"url":"https:\/\/www.welovecycling.com\/hu\/author\/hegyizs\/"}]}},"_links":{"self":[{"href":"https:\/\/www.welovecycling.com\/hu\/wp-json\/wp\/v2\/posts\/8864","targetHints":{"allow":["GET"]}}],"collection":[{"href":"https:\/\/www.welovecycling.com\/hu\/wp-json\/wp\/v2\/posts"}],"about":[{"href":"https:\/\/www.welovecycling.com\/hu\/wp-json\/wp\/v2\/types\/post"}],"author":[{"embeddable":true,"href":"https:\/\/www.welovecycling.com\/hu\/wp-json\/wp\/v2\/users\/71"}],"replies":[{"embeddable":true,"href":"https:\/\/www.welovecycling.com\/hu\/wp-json\/wp\/v2\/comments?post=8864"}],"version-history":[{"count":1,"href":"https:\/\/www.welovecycling.com\/hu\/wp-json\/wp\/v2\/posts\/8864\/revisions"}],"predecessor-version":[{"id":8869,"href":"https:\/\/www.welovecycling.com\/hu\/wp-json\/wp\/v2\/posts\/8864\/revisions\/8869"}],"wp:featuredmedia":[{"embeddable":true,"href":"https:\/\/www.welovecycling.com\/hu\/wp-json\/wp\/v2\/media\/8868"}],"wp:attachment":[{"href":"https:\/\/www.welovecycling.com\/hu\/wp-json\/wp\/v2\/media?parent=8864"}],"wp:term":[{"taxonomy":"category","embeddable":true,"href":"https:\/\/www.welovecycling.com\/hu\/wp-json\/wp\/v2\/categories?post=8864"},{"taxonomy":"post_tag","embeddable":true,"href":"https:\/\/www.welovecycling.com\/hu\/wp-json\/wp\/v2\/tags?post=8864"},{"taxonomy":"global-categories","embeddable":true,"href":"https:\/\/www.welovecycling.com\/hu\/wp-json\/wp\/v2\/global-categories?post=8864"}],"curies":[{"name":"wp","href":"https:\/\/api.w.org\/{rel}","templated":true}]}}