{"id":8829,"date":"2020-10-26T08:00:00","date_gmt":"2020-10-26T07:00:00","guid":{"rendered":"https:\/\/www.welovecycling.com\/hu\/?p=8829"},"modified":"2020-10-22T12:17:34","modified_gmt":"2020-10-22T11:17:34","slug":"tippek-es-inspiraciok-a-bikepacking-egy-ujabb-rajongojatol","status":"publish","type":"post","link":"https:\/\/www.welovecycling.com\/hu\/trekking-mtb\/tippek-es-inspiraciok-a-bikepacking-egy-ujabb-rajongojatol\/","title":{"rendered":"Tippek \u00e9s inspir\u00e1ci\u00f3k a bikepacking egy \u00fajabb rajong\u00f3j\u00e1t\u00f3l"},"content":{"rendered":"<p><strong>\u201eAlig v\u00e1rom, hogy egyre jobb legyek, magabiztosabb\u00e1 v\u00e1ljak \u00e9s enn\u00e9l is messzebbre jussak.\u201d<\/strong><\/p>\n<p><!--more--><\/p>\n<p>Sokan fedezz\u00fck fel a val\u00f3di jelent\u00e9s\u00e9t annak, mit jelent saj\u00e1t magad legjobb bar\u00e1tj\u00e1nak lenni, \u00edgy egyre t\u00f6bben indulunk egy\u00e9ni bikepacking \u00fatra. A mostani helyzetben neh\u00e9z enn\u00e9l jobb programot tal\u00e1lni \u00e9s a sporteszk\u00f6z-keresked\u0151k az \u00f6n\u00e1ll\u00f3 kalandokhoz sz\u00fcks\u00e9ges felszerel\u00e9st keres\u0151 \u00fcgyfelek. jelent\u0151s n\u00f6veked\u00e9sr\u0151l sz\u00e1moltak be szerte a vil\u00e1gon.<\/p>\n<figure id=\"attachment_8830\" aria-describedby=\"caption-attachment-8830\" style=\"width: 1024px\" class=\"wp-caption alignnone\"><a href=\"https:\/\/d2p6e6u75xmxt8.cloudfront.net\/2\/2020\/10\/trip7-1.jpg\"><img loading=\"lazy\" decoding=\"async\" class=\"wp-image-8830 size-large\" src=\"https:\/\/d2p6e6u75xmxt8.cloudfront.net\/12\/2020\/10\/trip7-1-1024x849.jpg\" alt=\"Trip\" width=\"1024\" height=\"849\" srcset=\"https:\/\/d2p6e6u75xmxt8.cloudfront.net\/12\/2020\/10\/trip7-1-1024x849.jpg 1024w, https:\/\/d2p6e6u75xmxt8.cloudfront.net\/12\/2020\/10\/trip7-1-300x249.jpg 300w, https:\/\/d2p6e6u75xmxt8.cloudfront.net\/12\/2020\/10\/trip7-1-768x637.jpg 768w, https:\/\/d2p6e6u75xmxt8.cloudfront.net\/12\/2020\/10\/trip7-1.jpg 1440w\" sizes=\"auto, (max-width: 1024px) 100vw, 1024px\" \/><\/a><figcaption id=\"caption-attachment-8830\" class=\"wp-caption-text\">\u00a9 Emilie Hauss<\/figcaption><\/figure>\n<p>Sokak sz\u00e1m\u00e1ra viszont a gondolat, hogy ak\u00e1r csak n\u00e9h\u00e1ny napra elinduljon a semmibe, izgalmat \u00e9s f\u00e9lelmet \u00e9breszt. Ha nincs mire t\u00e1maszkodnod saj\u00e1t magadon \u00e9s a bicikliden k\u00edv\u00fcl, az m\u00e1r nem vicc \u00e9s att\u00f3l f\u00fcgg\u0151en, milyen \u00fatvonalon tervezel tekerni, a kaland sok tervez\u00e9st \u00e9s el\u0151k\u00e9sz\u00edt\u00e9st ig\u00e9nyelhet. Ennek ellen\u00e9re sok lelkes ker\u00e9kp\u00e1ros fedezi fel a bikepacking szabads\u00e1g\u00e1t, \u00e9s sz\u00edvesen osztja meg \u00faj szerelm\u00e9t a vil\u00e1ggal.<\/p>\n<p>Emilie Hauss egyike ezeknek az \u00faj bikepacking harcosoknak. Annak ellen\u00e9re, hogy profi versenyz\u0151, biciklis sapk\u00e1kat tervez \u00e9s egy ker\u00e9kp\u00e1r\u00fczletben dolgozik, csak nemr\u00e9giben szerezte els\u0151 bikepacking tapasztalait. B\u00e1r utaz\u00e1si lehet\u0151s\u00e9gei korl\u00e1tozottak voltak, annyira v\u00e1gyott v\u00e9gre elhagyni a v\u00e1rost, hogy \u00fagy d\u00f6nt\u00f6tt, b\u0151v\u00edti biciklis \u00e9lm\u00e9nyeit. Az\u00f3ta m\u00e1r t\u00f6bb \u00faton is t\u00fal van, \u00e9s alig v\u00e1rja, hogy m\u00e9g t\u00f6bbet megtervezhessen. Besz\u00e9lt\u00fcnk vele azokr\u00f3l a k\u00e9szs\u00e9gekr\u0151l, amelyekre sz\u00fcks\u00e9ged van ahhoz, hogy egyed\u00fcl indulhass el, arr\u00f3l, mik\u00e9nt v\u00e1laszd ki a megfelel\u0151 biciklit az \u00fathoz, a sz\u00e1raz zokni ny\u00fajtotta \u00e9lvezetr\u0151l, \u00e9s arr\u00f3l, milyen j\u00f3 tud lenni, ha egy id\u0151re ki tudsz szakadni a h\u00e9tk\u00f6znapokb\u00f3l.<\/p>\n<figure id=\"attachment_8831\" aria-describedby=\"caption-attachment-8831\" style=\"width: 960px\" class=\"wp-caption alignnone\"><a href=\"https:\/\/d2p6e6u75xmxt8.cloudfront.net\/12\/2020\/10\/trip2-1.jpg\"><img loading=\"lazy\" decoding=\"async\" class=\"wp-image-8831 size-full\" src=\"https:\/\/d2p6e6u75xmxt8.cloudfront.net\/12\/2020\/10\/trip2-1.jpg\" alt=\"Bikepacking\" width=\"960\" height=\"750\" srcset=\"https:\/\/d2p6e6u75xmxt8.cloudfront.net\/12\/2020\/10\/trip2-1.jpg 960w, https:\/\/d2p6e6u75xmxt8.cloudfront.net\/12\/2020\/10\/trip2-1-300x234.jpg 300w, https:\/\/d2p6e6u75xmxt8.cloudfront.net\/12\/2020\/10\/trip2-1-768x600.jpg 768w\" sizes=\"auto, (max-width: 960px) 100vw, 960px\" \/><\/a><figcaption id=\"caption-attachment-8831\" class=\"wp-caption-text\">\u00a9 Emilie Hauss<\/figcaption><\/figure>\n<p><strong>Miel\u0151tt a bikepacking ir\u00e1nti szenved\u00e9lyedr\u0151l kezden\u00e9nk besz\u00e9lgetni, mes\u00e9ld el, hogyan kezdted el a bicikliz\u00e9st \u00e9s hogyan alakult ki a sport ir\u00e1nti szereteted!<\/strong><\/p>\n<p>K\u00f6r\u00fclbel\u00fcl 13 \u00e9vvel ezel\u0151tt kezdtem el biciklivel bej\u00e1rni az iskol\u00e1ba. Azonnal megszerettem, \u00e9s hamarosan kis versenyeken csatlakoztam is a biciklis bar\u00e1taimhoz. Gyorsan haladtam, \u00e9s hamarosan r\u00e9szt vettem az FQSC (F\u00e9d\u00e9rarion Qu\u00e9b\u00e9coise des Sports Cyclistes) \u00e1ltal szervezett versenyen. Csatlakoztam a Bikurious Racing Collective csapathoz. Az els\u0151 versenyemen 10. helyez\u00e9st \u00e9rtem el \u2013 nem t\u00fal rossz eredm\u00e9ny egy olyan z\u00f6ldf\u00fcl\u0171nek, mint amilyen \u00e9n voltam.<\/p>\n<p>A tavalyi \u00e9v volt sz\u00e1momra a legjobb versenyek szempontj\u00e1b\u00f3l. Mer\u00e9sz l\u00e9p\u00e9sekre k\u00e9nyszer\u00edtettem magam, \u00e9s szerencs\u00e9m volt, hogy olyan csapattal tekerhettem, ami 100%-ban t\u00e1mogatott ebben. \u00d6r\u00f6mmel mondhatom, hogy v\u00e9g\u00fcl el\u00e9g el\u0151kel\u0151 dobog\u00f3kra \u00e1llhattam fel!<\/p>\n<figure id=\"attachment_8832\" aria-describedby=\"caption-attachment-8832\" style=\"width: 1024px\" class=\"wp-caption alignnone\"><a href=\"https:\/\/d2p6e6u75xmxt8.cloudfront.net\/12\/2020\/10\/trip8-1.jpg\"><img loading=\"lazy\" decoding=\"async\" class=\"wp-image-8832 size-full\" src=\"https:\/\/d2p6e6u75xmxt8.cloudfront.net\/12\/2020\/10\/trip8-1.jpg\" alt=\"Bikepacking trip\" width=\"1024\" height=\"806\" srcset=\"https:\/\/d2p6e6u75xmxt8.cloudfront.net\/12\/2020\/10\/trip8-1.jpg 1024w, https:\/\/d2p6e6u75xmxt8.cloudfront.net\/12\/2020\/10\/trip8-1-300x236.jpg 300w, https:\/\/d2p6e6u75xmxt8.cloudfront.net\/12\/2020\/10\/trip8-1-768x605.jpg 768w\" sizes=\"auto, (max-width: 1024px) 100vw, 1024px\" \/><\/a><figcaption id=\"caption-attachment-8832\" class=\"wp-caption-text\">\u00a9 Emilie Hauss<\/figcaption><\/figure>\n<p><strong>Ez elk\u00e9peszt\u0151! Nyilv\u00e1nval\u00f3, hogy a bicikliz\u00e9s m\u00e1r egy ideje az \u00e9leted r\u00e9sze, de mi k\u00e9sztetett v\u00e9g\u00fcl arra, hogy kipr\u00f3b\u00e1ld a bikepackinget?<\/strong><\/p>\n<p>\u00c1ltal\u00e1ban h\u00e9tv\u00e9gente a ker\u00e9kp\u00e1r\u00fczletben dolgozom, \u00edgy l\u00e1ttam, hogy az \u00f6sszes bar\u00e1tom ezt csin\u00e1lja, de soha nem tudtam csatlakozni hozz\u00e1juk. \u0150sszel figyelmeztetett a f\u0151n\u00f6k\u00f6m, hogy van m\u00e9g egy h\u00e9t szabads\u00e1gom, amit s\u00fcrg\u0151sen ki kellene vennem. Azonnal a bikepacking jutott eszembe. Ugyanezen a napon a sors is k\u00f6zbel\u00e9pett, egy bar\u00e1tom haladt el a biciklibolt mellett munka ut\u00e1n. Elmes\u00e9ltem neki az \u00f6tletemet, mire felaj\u00e1nlotta, hogy k\u00f6lcs\u00f6nadja nekem a felszerel\u00e9s\u00e9t, \u00edgy a tervem megval\u00f3sulhatott.<\/p>\n<p>Olyan \u00fatvonalat aj\u00e1nlott a bikepacking.ca oldalr\u00f3l, ami beind\u00edtotta a fant\u00e1zi\u00e1m. Kicsit megv\u00e1ltoztattam, hogy k\u00e9t k\u00fcl\u00f6nb\u00f6z\u0151 helysz\u00ednen is let\u00e1borozhassak, majd elkezdtem \u00f6sszeszedni a sz\u00fcks\u00e9ges dolgokat. Szerencs\u00e9re szinte mindent k\u00f6lcs\u00f6n tudtam venni a bar\u00e1taimt\u00f3l (t\u00e1sk\u00e1k, h\u00e1l\u00f3zs\u00e1k, akkumul\u00e1torok, stb.). Hamarosan k\u00e9szen is \u00e1lltam az egyszem\u00e9lyes kalandomra. Az eg\u00e9sz nagyon gyorsan t\u00f6rt\u00e9nt, de csak ezt mondogattam magamnak: Megvan minden, amire sz\u00fcks\u00e9gem van, most m\u00e1r itt az id\u0151, hogy induljak!<\/p>\n<figure id=\"attachment_8833\" aria-describedby=\"caption-attachment-8833\" style=\"width: 960px\" class=\"wp-caption alignnone\"><a href=\"https:\/\/d2p6e6u75xmxt8.cloudfront.net\/12\/2020\/10\/trip3-2-1.jpg\"><img loading=\"lazy\" decoding=\"async\" class=\"wp-image-8833 size-full\" src=\"https:\/\/d2p6e6u75xmxt8.cloudfront.net\/12\/2020\/10\/trip3-2-1.jpg\" alt=\"Bike\" width=\"960\" height=\"817\" srcset=\"https:\/\/d2p6e6u75xmxt8.cloudfront.net\/12\/2020\/10\/trip3-2-1.jpg 960w, https:\/\/d2p6e6u75xmxt8.cloudfront.net\/12\/2020\/10\/trip3-2-1-300x255.jpg 300w, https:\/\/d2p6e6u75xmxt8.cloudfront.net\/12\/2020\/10\/trip3-2-1-768x654.jpg 768w\" sizes=\"auto, (max-width: 960px) 100vw, 960px\" \/><\/a><figcaption id=\"caption-attachment-8833\" class=\"wp-caption-text\">\u00a9 Emilie Hauss<\/figcaption><\/figure>\n<p><strong>N\u00e9ha ez a legjobb, amit tehet\u00fcnk. Visszatekintve miben k\u00fcl\u00f6nb\u00f6z\u00f6tt az \u00f6n\u00e1ll\u00f3an megtervezett utaz\u00e1s a t\u00f6bbi kih\u00edv\u00e1st\u00f3l, amellyel szembes\u00fcln\u00f6d kellett eddigi karriered sor\u00e1n?<\/strong><\/p>\n<p>150 km-es t\u00far\u00e1kat szoktam tervezni, \u00edgy tudtam, milyen \u00e9teleket vigyek, mikor egyek, \u00e9s mindent m\u00e1st, amit tudnom kellett ahhoz, hogy ne rontsam el az utaz\u00e1st. Ennek ellen\u00e9re a h\u00e1rom nap teljesen egyed\u00fcl eg\u00e9szen \u00faj \u00e9lm\u00e9ny volt. A bar\u00e1taim folyamatosan t\u00e1mogattak \u00e9s elmondt\u00e1k nekem a legfontosabb dolgokat arr\u00f3l, mit vigyek \/ ne vigyek, de azt is megszabt\u00e1k, mi f\u00e9r el ezekben a \u201ecsomagol\u00f3\u201d t\u00e1sk\u00e1kban. Tipp: vigy\u00e9l cip\u0151f\u0171z\u0151t! Az egyik t\u00e1sk\u00e1m sz\u00edja az els\u0151 napon elszakadt \u00e9s a plusz cip\u0151f\u0171z\u0151m mentette meg az utamat.<\/p>\n<p>\u00d6sszess\u00e9g\u00e9ben csak a legsz\u00fcks\u00e9gesebbeket pakoltam be, \u00e9s n\u00e9h\u00e1ny napig ugyanazokat a ruh\u00e1kat hordtam \u2013 a zoknit lesz\u00e1m\u00edtva! Soha nem vonom meg magamt\u00f3l a sz\u00e1raz zoknit! A l\u00e9nyeg az volt, hogy elfoglaljam a kempinghelyeket, \u00e9s id\u0151ben oda\u00e9rjek, miel\u0151tt bes\u00f6t\u00e9tedne. Ez volt a legfontosabb c\u00e9l.<\/p>\n<figure id=\"attachment_8834\" aria-describedby=\"caption-attachment-8834\" style=\"width: 1024px\" class=\"wp-caption alignnone\"><a href=\"https:\/\/d2p6e6u75xmxt8.cloudfront.net\/2\/2020\/10\/trip10-1.jpg\"><img loading=\"lazy\" decoding=\"async\" class=\"wp-image-8834 size-large\" src=\"https:\/\/d2p6e6u75xmxt8.cloudfront.net\/12\/2020\/10\/trip10-1-1024x828.jpg\" alt=\"Woods\" width=\"1024\" height=\"828\" srcset=\"https:\/\/d2p6e6u75xmxt8.cloudfront.net\/12\/2020\/10\/trip10-1-1024x828.jpg 1024w, https:\/\/d2p6e6u75xmxt8.cloudfront.net\/12\/2020\/10\/trip10-1-300x243.jpg 300w, https:\/\/d2p6e6u75xmxt8.cloudfront.net\/12\/2020\/10\/trip10-1-768x621.jpg 768w, https:\/\/d2p6e6u75xmxt8.cloudfront.net\/12\/2020\/10\/trip10-1.jpg 1440w\" sizes=\"auto, (max-width: 1024px) 100vw, 1024px\" \/><\/a><figcaption id=\"caption-attachment-8834\" class=\"wp-caption-text\">\u00a9 Emilie Hauss<\/figcaption><\/figure>\n<p><strong>Azon k\u00edv\u00fcl, hogy \u00fatk\u00f6zben elkapnak a s\u00f6t\u00e9tben, ideges volt\u00e1l m\u00e1s miatt is az utaz\u00e1sod el\u0151tt?<\/strong><\/p>\n<p>Hat\u00e1rozottan ideges voltam amiatt, hogy egyed\u00fcl leszek. Eleinte pr\u00f3b\u00e1ltam partnert tal\u00e1lni, de mivel az utamat a naps\u00fct\u00e9shez igaz\u00edtottam, n\u00e9h\u00e1ny nappal k\u00e9s\u0151bb tudtam indulni, \u00edgy r\u00e1 kellett j\u00f6nn\u00f6m, vagy egyed\u00fcl megyek, vagy sehogy.<\/p>\n<p>Abban sem voltam biztos, hogy melyik biciklit kellene magammal vinnem. V\u00e1laszthattam a cyclocrossom (amit \u00e9pp most szereltem fel vastagabb gumikkal, de egy CX versenysz\u00e1mra tartogattam) \u00e9s a hardtail biciklim k\u00f6z\u00f6tt. Miut\u00e1n ut\u00e1nan\u00e9ztem az emelked\u0151k sz\u00e1m\u00e1nak az \u00fatvonalon, \u00fagy d\u00f6nt\u00f6ttem, a hardtail bicajt v\u00e1lasztom, \u00edgy k\u00f6nnyebb lesz felfel\u00e9 tekerni. A m\u00e1sodik napra az volt a tervem, hogy megteszek egy 20 km-es utat, ami homokos \u00e9s g\u00f6dr\u00f6s volt, tele szikl\u00e1kkal, \u00edgy neh\u00e9z volt tekerni rajta. \u00d6sszess\u00e9g\u00e9ben NAGYON \u00f6r\u00fcltem, hogy a hardtail ker\u00e9kp\u00e1rra esett a v\u00e1laszt\u00e1som.<\/p>\n<figure id=\"attachment_8835\" aria-describedby=\"caption-attachment-8835\" style=\"width: 953px\" class=\"wp-caption alignnone\"><a href=\"https:\/\/d2p6e6u75xmxt8.cloudfront.net\/12\/2020\/10\/trip1-1.jpg\"><img loading=\"lazy\" decoding=\"async\" class=\"wp-image-8835 size-full\" src=\"https:\/\/d2p6e6u75xmxt8.cloudfront.net\/12\/2020\/10\/trip1-1.jpg\" alt=\"Trip\" width=\"953\" height=\"752\" srcset=\"https:\/\/d2p6e6u75xmxt8.cloudfront.net\/12\/2020\/10\/trip1-1.jpg 953w, https:\/\/d2p6e6u75xmxt8.cloudfront.net\/12\/2020\/10\/trip1-1-300x237.jpg 300w, https:\/\/d2p6e6u75xmxt8.cloudfront.net\/12\/2020\/10\/trip1-1-768x606.jpg 768w\" sizes=\"auto, (max-width: 953px) 100vw, 953px\" \/><\/a><figcaption id=\"caption-attachment-8835\" class=\"wp-caption-text\">\u00a9 Emilie Hauss<\/figcaption><\/figure>\n<p><strong>\u00d6r\u00fcl\u00f6k, hogy j\u00f3l v\u00e1lasztott\u00e1l! Mikor m\u00e1r \u00faton volt\u00e1l, mi volt sz\u00e1modra a legmeglep\u0151bb?<\/strong><\/p>\n<p>\u0150szint\u00e9n sz\u00f3lva csak nagyon \u00f6r\u00fcltem \u00e9s b\u00fcszke voltam magamra, hogy ezt egyed\u00fcl tettem meg. Annyira j\u00f3 volt a kis bubor\u00e9komban, gyorsan biciklizni, amikor akartam, \u00e9s lassan, ha f\u00e1radtnak \u00e9reztem magam. Nem kellett m\u00e1sokra v\u00e1rnom \u00e9s \u00e9lvezhettem az egyed\u00fcll\u00e9tet. Zen\u00e9t hallgattam, gondolkodtam a j\u00f6v\u0151beni terveimen, \u00e9nekeltem\u2026 nagyon j\u00f3 volt!<\/p>\n<p><strong>Idillinek hangzik. Milyen tan\u00e1csot tudn\u00e1l adni azoknak, akik az els\u0151 bikepacking \u00fatjukra k\u00e9sz\u00fclnek?<\/strong><\/p>\n<p>Ha egyed\u00fcl akarod csin\u00e1lni, tudnod kell, hogyan jav\u00edthatod meg gyorsan a biciklidet. Nem sz\u00e1m\u00edthatsz senkire saj\u00e1t magadon k\u00edv\u00fcl, ez\u00e9rt ismerned kell legal\u00e1bb az alapokat. Emellett ne f\u00e9lj piszkosnak \u00e9s b\u00fcd\u00f6snek lenni! Egy\u00e9bk\u00e9nt is egyed\u00fcl vagy, teh\u00e1t kit \u00e9rdekel? A legjobb tan\u00e1cs, amit adhatok, m\u00e9gis az, hogy vigy\u00e9l magaddal popsit\u00f6rl\u0151 kend\u0151t, reggel ez lesz a zuhanyz\u00e1s \u00e9s b\u00edzz bennem, nagyon \u00e9lvezni fogod!<\/p>\n<figure id=\"attachment_8836\" aria-describedby=\"caption-attachment-8836\" style=\"width: 684px\" class=\"wp-caption alignnone\"><a href=\"https:\/\/d2p6e6u75xmxt8.cloudfront.net\/12\/2020\/10\/trip5-1.jpg\"><img loading=\"lazy\" decoding=\"async\" class=\"wp-image-8836 size-full\" src=\"https:\/\/d2p6e6u75xmxt8.cloudfront.net\/12\/2020\/10\/trip5-1.jpg\" alt=\"Bicycle\" width=\"684\" height=\"556\" srcset=\"https:\/\/d2p6e6u75xmxt8.cloudfront.net\/12\/2020\/10\/trip5-1.jpg 684w, https:\/\/d2p6e6u75xmxt8.cloudfront.net\/12\/2020\/10\/trip5-1-300x244.jpg 300w\" sizes=\"auto, (max-width: 684px) 100vw, 684px\" \/><\/a><figcaption id=\"caption-attachment-8836\" class=\"wp-caption-text\">\u00a9 Emilie Hauss<\/figcaption><\/figure>\n<p>Szem\u00e9ly szerint \u00fagy \u00e9reztem, tenni akarok valamit, \u00e9s v\u00e9g\u00fcl hihetetlen \u00e9lm\u00e9nyben lehetett r\u00e9szem. Mindenk\u00e9ppen j\u00f3l kell \u00e9rezned magad egyed\u00fcl is, ha \u00fagy d\u00f6ntesz, egymagad indulsz \u00fatnak, de megpr\u00f3b\u00e1lhatod meggy\u0151zni egy bar\u00e1todat is, ak\u00e1r csak egy \u00e9jszak\u00e1ra, hogy ut\u00e1na magabiztosabban folytathasd az utat.<\/p>\n<p><strong>Sz\u00f3val, ha j\u00f3l gondolom, m\u00e1r a k\u00f6vetkez\u0151 szezon miatt izgulsz?<\/strong><\/p>\n<p>Igen! Versenyz\u00e9s szempontj\u00e1b\u00f3l m\u00e9g sok a bizonytalans\u00e1g a j\u00e1rv\u00e1ny miatt. De egyel\u0151re az \u00faj gravel biciklimre koncentr\u00e1lok, \u00e9s az el\u0151tt\u00fcnk \u00e1ll\u00f3 kalandokr\u00f3l \u00e1lmodozom. Van n\u00e9mi felszerel\u00e9sem bikepackinghez, \u00e9s izgatottan v\u00e1rom, hogy min\u00e9l jobb \u00e9s magabiztosabb legyek \u00e9s messzebbre is el merjek mer\u00e9szkedni. El tudom k\u00e9pzelni, milyen csod\u00e1latos lenne p\u00e1r h\u00e9t egyed\u00fcl a biciklimen, sz\u00f3val ezen kell m\u00e9g dolgoznom!<\/p>\n<p>Hatalmas k\u00f6sz\u00f6net Emilie-nek, hogy megosztotta vel\u00fcnk a tapasztalait!<\/p>\n<p>&nbsp;<\/p>\n","protected":false},"excerpt":{"rendered":"<p>\u201eAlig v\u00e1rom, hogy egyre jobb legyek, magabiztosabb\u00e1 v\u00e1ljak \u00e9s enn\u00e9l is messzebbre jussak.\u201d<\/p>\n","protected":false},"author":71,"featured_media":8838,"comment_status":"open","ping_status":"open","sticky":false,"template":"","format":"standard","meta":{"footnotes":""},"categories":[7],"tags":[],"global-categories":[],"class_list":["post-8829","post","type-post","status-publish","format-standard","has-post-thumbnail","hentry","category-trekking-mtb"],"yoast_head":"<!-- This site is optimized with the Yoast SEO Premium plugin v25.3 (Yoast SEO v25.9) - https:\/\/yoast.com\/wordpress\/plugins\/seo\/ -->\n<title>Tippek \u00e9s inspir\u00e1ci\u00f3k a bikepacking egy \u00fajabb rajong\u00f3j\u00e1t\u00f3l<\/title>\n<meta name=\"description\" content=\".\u201eAlig v\u00e1rom, hogy egyre jobb legyek, magabiztosabb\u00e1 v\u00e1ljak \u00e9s enn\u00e9l is messzebbre jussak.\u201d\" \/>\n<meta name=\"robots\" content=\"index, follow, max-snippet:-1, max-image-preview:large, max-video-preview:-1\" \/>\n<link rel=\"canonical\" href=\"https:\/\/www.welovecycling.com\/hu\/trekking-mtb\/tippek-es-inspiraciok-a-bikepacking-egy-ujabb-rajongojatol\/\" \/>\n<meta property=\"og:locale\" content=\"hu_HU\" \/>\n<meta property=\"og:type\" content=\"article\" \/>\n<meta property=\"og:title\" content=\"Tippek \u00e9s inspir\u00e1ci\u00f3k a bikepacking egy \u00fajabb rajong\u00f3j\u00e1t\u00f3l\" \/>\n<meta property=\"og:description\" content=\"\u201eAlig v\u00e1rom, hogy egyre jobb legyek, magabiztosabb\u00e1 v\u00e1ljak \u00e9s enn\u00e9l is messzebbre jussak.\u201d\" \/>\n<meta property=\"og:url\" content=\"https:\/\/www.welovecycling.com\/hu\/trekking-mtb\/tippek-es-inspiraciok-a-bikepacking-egy-ujabb-rajongojatol\/\" \/>\n<meta property=\"og:site_name\" content=\"\u0160koda We Love Cycling - Magyarorsz\u00e1g\" \/>\n<meta property=\"article:publisher\" content=\"https:\/\/www.facebook.com\/WeLoveCyclingHungary\/\" \/>\n<meta property=\"article:published_time\" content=\"2020-10-26T07:00:00+00:00\" \/>\n<meta property=\"og:image\" content=\"https:\/\/d2p6e6u75xmxt8.cloudfront.net\/12\/2020\/10\/bikepacking-profimedia-0410768718-cVR.jpg\" \/>\n\t<meta property=\"og:image:width\" content=\"1366\" \/>\n\t<meta property=\"og:image:height\" content=\"600\" \/>\n\t<meta property=\"og:image:type\" content=\"image\/jpeg\" \/>\n<meta name=\"author\" content=\"hegyizs\" \/>\n<meta name=\"twitter:card\" content=\"summary_large_image\" \/>\n<meta name=\"twitter:title\" content=\"Tippek \u00e9s inspir\u00e1ci\u00f3k a bikepacking egy \u00fajabb rajong\u00f3j\u00e1t\u00f3l\" \/>\n<meta name=\"twitter:label1\" content=\"Written by\" \/>\n\t<meta name=\"twitter:data1\" content=\"Megan Flottorp\" \/>\n\t<meta name=\"twitter:label2\" content=\"Est. reading time\" \/>\n\t<meta name=\"twitter:data2\" content=\"7\" \/>\n<script type=\"application\/ld+json\" class=\"yoast-schema-graph\">{\"@context\":\"https:\/\/schema.org\",\"@graph\":[{\"@type\":\"WebPage\",\"@id\":\"https:\/\/www.welovecycling.com\/hu\/trekking-mtb\/tippek-es-inspiraciok-a-bikepacking-egy-ujabb-rajongojatol\/\",\"url\":\"https:\/\/www.welovecycling.com\/hu\/trekking-mtb\/tippek-es-inspiraciok-a-bikepacking-egy-ujabb-rajongojatol\/\",\"name\":\"Tippek \u00e9s inspir\u00e1ci\u00f3k a bikepacking egy \u00fajabb rajong\u00f3j\u00e1t\u00f3l\",\"isPartOf\":{\"@id\":\"https:\/\/www.welovecycling.com\/hu\/#website\"},\"primaryImageOfPage\":{\"@id\":\"https:\/\/www.welovecycling.com\/hu\/trekking-mtb\/tippek-es-inspiraciok-a-bikepacking-egy-ujabb-rajongojatol\/#primaryimage\"},\"image\":{\"@id\":\"https:\/\/www.welovecycling.com\/hu\/trekking-mtb\/tippek-es-inspiraciok-a-bikepacking-egy-ujabb-rajongojatol\/#primaryimage\"},\"thumbnailUrl\":\"https:\/\/d2p6e6u75xmxt8.cloudfront.net\/12\/2020\/10\/bikepacking-profimedia-0410768718-cVR.jpg\",\"datePublished\":\"2020-10-26T07:00:00+00:00\",\"author\":{\"@id\":\"https:\/\/www.welovecycling.com\/hu\/#\/schema\/person\/414a2aebf1801691a5320edb6468e194\"},\"description\":\".\u201eAlig v\u00e1rom, hogy egyre jobb legyek, magabiztosabb\u00e1 v\u00e1ljak \u00e9s enn\u00e9l is messzebbre jussak.\u201d\",\"breadcrumb\":{\"@id\":\"https:\/\/www.welovecycling.com\/hu\/trekking-mtb\/tippek-es-inspiraciok-a-bikepacking-egy-ujabb-rajongojatol\/#breadcrumb\"},\"inLanguage\":\"hu\",\"potentialAction\":[{\"@type\":\"ReadAction\",\"target\":[\"https:\/\/www.welovecycling.com\/hu\/trekking-mtb\/tippek-es-inspiraciok-a-bikepacking-egy-ujabb-rajongojatol\/\"]}]},{\"@type\":\"ImageObject\",\"inLanguage\":\"hu\",\"@id\":\"https:\/\/www.welovecycling.com\/hu\/trekking-mtb\/tippek-es-inspiraciok-a-bikepacking-egy-ujabb-rajongojatol\/#primaryimage\",\"url\":\"https:\/\/d2p6e6u75xmxt8.cloudfront.net\/12\/2020\/10\/bikepacking-profimedia-0410768718-cVR.jpg\",\"contentUrl\":\"https:\/\/d2p6e6u75xmxt8.cloudfront.net\/12\/2020\/10\/bikepacking-profimedia-0410768718-cVR.jpg\",\"width\":1366,\"height\":600,\"caption\":\"Bikepacking\"},{\"@type\":\"BreadcrumbList\",\"@id\":\"https:\/\/www.welovecycling.com\/hu\/trekking-mtb\/tippek-es-inspiraciok-a-bikepacking-egy-ujabb-rajongojatol\/#breadcrumb\",\"itemListElement\":[{\"@type\":\"ListItem\",\"position\":1,\"name\":\"Home\",\"item\":\"https:\/\/www.welovecycling.com\/hu\/\"},{\"@type\":\"ListItem\",\"position\":2,\"name\":\"Tippek \u00e9s inspir\u00e1ci\u00f3k a bikepacking egy \u00fajabb rajong\u00f3j\u00e1t\u00f3l\"}]},{\"@type\":\"WebSite\",\"@id\":\"https:\/\/www.welovecycling.com\/hu\/#website\",\"url\":\"https:\/\/www.welovecycling.com\/hu\/\",\"name\":\"\u0160koda We Love Cycling - Magyarorsz\u00e1g\",\"description\":\"\u0160koda WeLoveCycling\",\"potentialAction\":[{\"@type\":\"SearchAction\",\"target\":{\"@type\":\"EntryPoint\",\"urlTemplate\":\"https:\/\/www.welovecycling.com\/hu\/?s={search_term_string}\"},\"query-input\":{\"@type\":\"PropertyValueSpecification\",\"valueRequired\":true,\"valueName\":\"search_term_string\"}}],\"inLanguage\":\"hu\"},{\"@type\":\"Person\",\"@id\":\"https:\/\/www.welovecycling.com\/hu\/#\/schema\/person\/414a2aebf1801691a5320edb6468e194\",\"name\":\"hegyizs\",\"image\":{\"@type\":\"ImageObject\",\"inLanguage\":\"hu\",\"@id\":\"https:\/\/www.welovecycling.com\/hu\/#\/schema\/person\/image\/\",\"url\":\"https:\/\/secure.gravatar.com\/avatar\/02cf8a7906b8cf90cecb4679defac7cfd33a1c2e3b88e4903d947f3bb58eedd3?s=96&d=mm&r=g\",\"contentUrl\":\"https:\/\/secure.gravatar.com\/avatar\/02cf8a7906b8cf90cecb4679defac7cfd33a1c2e3b88e4903d947f3bb58eedd3?s=96&d=mm&r=g\",\"caption\":\"hegyizs\"},\"url\":\"https:\/\/www.welovecycling.com\/hu\/author\/hegyizs\/\"}]}<\/script>\n<!-- \/ Yoast SEO Premium plugin. -->","yoast_head_json":{"title":"Tippek \u00e9s inspir\u00e1ci\u00f3k a bikepacking egy \u00fajabb rajong\u00f3j\u00e1t\u00f3l","description":".\u201eAlig v\u00e1rom, hogy egyre jobb legyek, magabiztosabb\u00e1 v\u00e1ljak \u00e9s enn\u00e9l is messzebbre jussak.\u201d","robots":{"index":"index","follow":"follow","max-snippet":"max-snippet:-1","max-image-preview":"max-image-preview:large","max-video-preview":"max-video-preview:-1"},"canonical":"https:\/\/www.welovecycling.com\/hu\/trekking-mtb\/tippek-es-inspiraciok-a-bikepacking-egy-ujabb-rajongojatol\/","og_locale":"hu_HU","og_type":"article","og_title":"Tippek \u00e9s inspir\u00e1ci\u00f3k a bikepacking egy \u00fajabb rajong\u00f3j\u00e1t\u00f3l","og_description":"\u201eAlig v\u00e1rom, hogy egyre jobb legyek, magabiztosabb\u00e1 v\u00e1ljak \u00e9s enn\u00e9l is messzebbre jussak.\u201d","og_url":"https:\/\/www.welovecycling.com\/hu\/trekking-mtb\/tippek-es-inspiraciok-a-bikepacking-egy-ujabb-rajongojatol\/","og_site_name":"\u0160koda We Love Cycling - Magyarorsz\u00e1g","article_publisher":"https:\/\/www.facebook.com\/WeLoveCyclingHungary\/","article_published_time":"2020-10-26T07:00:00+00:00","og_image":[{"width":1366,"height":600,"url":"https:\/\/d2p6e6u75xmxt8.cloudfront.net\/12\/2020\/10\/bikepacking-profimedia-0410768718-cVR.jpg","type":"image\/jpeg"}],"author":"hegyizs","twitter_card":"summary_large_image","twitter_title":"Tippek \u00e9s inspir\u00e1ci\u00f3k a bikepacking egy \u00fajabb rajong\u00f3j\u00e1t\u00f3l","twitter_misc":{"Written by":"Megan Flottorp","Est. reading time":"7"},"schema":{"@context":"https:\/\/schema.org","@graph":[{"@type":"WebPage","@id":"https:\/\/www.welovecycling.com\/hu\/trekking-mtb\/tippek-es-inspiraciok-a-bikepacking-egy-ujabb-rajongojatol\/","url":"https:\/\/www.welovecycling.com\/hu\/trekking-mtb\/tippek-es-inspiraciok-a-bikepacking-egy-ujabb-rajongojatol\/","name":"Tippek \u00e9s inspir\u00e1ci\u00f3k a bikepacking egy \u00fajabb rajong\u00f3j\u00e1t\u00f3l","isPartOf":{"@id":"https:\/\/www.welovecycling.com\/hu\/#website"},"primaryImageOfPage":{"@id":"https:\/\/www.welovecycling.com\/hu\/trekking-mtb\/tippek-es-inspiraciok-a-bikepacking-egy-ujabb-rajongojatol\/#primaryimage"},"image":{"@id":"https:\/\/www.welovecycling.com\/hu\/trekking-mtb\/tippek-es-inspiraciok-a-bikepacking-egy-ujabb-rajongojatol\/#primaryimage"},"thumbnailUrl":"https:\/\/d2p6e6u75xmxt8.cloudfront.net\/12\/2020\/10\/bikepacking-profimedia-0410768718-cVR.jpg","datePublished":"2020-10-26T07:00:00+00:00","author":{"@id":"https:\/\/www.welovecycling.com\/hu\/#\/schema\/person\/414a2aebf1801691a5320edb6468e194"},"description":".\u201eAlig v\u00e1rom, hogy egyre jobb legyek, magabiztosabb\u00e1 v\u00e1ljak \u00e9s enn\u00e9l is messzebbre jussak.\u201d","breadcrumb":{"@id":"https:\/\/www.welovecycling.com\/hu\/trekking-mtb\/tippek-es-inspiraciok-a-bikepacking-egy-ujabb-rajongojatol\/#breadcrumb"},"inLanguage":"hu","potentialAction":[{"@type":"ReadAction","target":["https:\/\/www.welovecycling.com\/hu\/trekking-mtb\/tippek-es-inspiraciok-a-bikepacking-egy-ujabb-rajongojatol\/"]}]},{"@type":"ImageObject","inLanguage":"hu","@id":"https:\/\/www.welovecycling.com\/hu\/trekking-mtb\/tippek-es-inspiraciok-a-bikepacking-egy-ujabb-rajongojatol\/#primaryimage","url":"https:\/\/d2p6e6u75xmxt8.cloudfront.net\/12\/2020\/10\/bikepacking-profimedia-0410768718-cVR.jpg","contentUrl":"https:\/\/d2p6e6u75xmxt8.cloudfront.net\/12\/2020\/10\/bikepacking-profimedia-0410768718-cVR.jpg","width":1366,"height":600,"caption":"Bikepacking"},{"@type":"BreadcrumbList","@id":"https:\/\/www.welovecycling.com\/hu\/trekking-mtb\/tippek-es-inspiraciok-a-bikepacking-egy-ujabb-rajongojatol\/#breadcrumb","itemListElement":[{"@type":"ListItem","position":1,"name":"Home","item":"https:\/\/www.welovecycling.com\/hu\/"},{"@type":"ListItem","position":2,"name":"Tippek \u00e9s inspir\u00e1ci\u00f3k a bikepacking egy \u00fajabb rajong\u00f3j\u00e1t\u00f3l"}]},{"@type":"WebSite","@id":"https:\/\/www.welovecycling.com\/hu\/#website","url":"https:\/\/www.welovecycling.com\/hu\/","name":"\u0160koda We Love Cycling - Magyarorsz\u00e1g","description":"\u0160koda WeLoveCycling","potentialAction":[{"@type":"SearchAction","target":{"@type":"EntryPoint","urlTemplate":"https:\/\/www.welovecycling.com\/hu\/?s={search_term_string}"},"query-input":{"@type":"PropertyValueSpecification","valueRequired":true,"valueName":"search_term_string"}}],"inLanguage":"hu"},{"@type":"Person","@id":"https:\/\/www.welovecycling.com\/hu\/#\/schema\/person\/414a2aebf1801691a5320edb6468e194","name":"hegyizs","image":{"@type":"ImageObject","inLanguage":"hu","@id":"https:\/\/www.welovecycling.com\/hu\/#\/schema\/person\/image\/","url":"https:\/\/secure.gravatar.com\/avatar\/02cf8a7906b8cf90cecb4679defac7cfd33a1c2e3b88e4903d947f3bb58eedd3?s=96&d=mm&r=g","contentUrl":"https:\/\/secure.gravatar.com\/avatar\/02cf8a7906b8cf90cecb4679defac7cfd33a1c2e3b88e4903d947f3bb58eedd3?s=96&d=mm&r=g","caption":"hegyizs"},"url":"https:\/\/www.welovecycling.com\/hu\/author\/hegyizs\/"}]}},"_links":{"self":[{"href":"https:\/\/www.welovecycling.com\/hu\/wp-json\/wp\/v2\/posts\/8829","targetHints":{"allow":["GET"]}}],"collection":[{"href":"https:\/\/www.welovecycling.com\/hu\/wp-json\/wp\/v2\/posts"}],"about":[{"href":"https:\/\/www.welovecycling.com\/hu\/wp-json\/wp\/v2\/types\/post"}],"author":[{"embeddable":true,"href":"https:\/\/www.welovecycling.com\/hu\/wp-json\/wp\/v2\/users\/71"}],"replies":[{"embeddable":true,"href":"https:\/\/www.welovecycling.com\/hu\/wp-json\/wp\/v2\/comments?post=8829"}],"version-history":[{"count":2,"href":"https:\/\/www.welovecycling.com\/hu\/wp-json\/wp\/v2\/posts\/8829\/revisions"}],"predecessor-version":[{"id":8843,"href":"https:\/\/www.welovecycling.com\/hu\/wp-json\/wp\/v2\/posts\/8829\/revisions\/8843"}],"wp:featuredmedia":[{"embeddable":true,"href":"https:\/\/www.welovecycling.com\/hu\/wp-json\/wp\/v2\/media\/8838"}],"wp:attachment":[{"href":"https:\/\/www.welovecycling.com\/hu\/wp-json\/wp\/v2\/media?parent=8829"}],"wp:term":[{"taxonomy":"category","embeddable":true,"href":"https:\/\/www.welovecycling.com\/hu\/wp-json\/wp\/v2\/categories?post=8829"},{"taxonomy":"post_tag","embeddable":true,"href":"https:\/\/www.welovecycling.com\/hu\/wp-json\/wp\/v2\/tags?post=8829"},{"taxonomy":"global-categories","embeddable":true,"href":"https:\/\/www.welovecycling.com\/hu\/wp-json\/wp\/v2\/global-categories?post=8829"}],"curies":[{"name":"wp","href":"https:\/\/api.w.org\/{rel}","templated":true}]}}