{"id":8824,"date":"2020-10-29T08:00:42","date_gmt":"2020-10-29T07:00:42","guid":{"rendered":"https:\/\/www.welovecycling.com\/hu\/?p=8824"},"modified":"2020-10-22T10:22:47","modified_gmt":"2020-10-22T09:22:47","slug":"peter-sagan-a-giro-gyoztese-stilusos-gyozelem-volt-igazi-show-val","status":"publish","type":"post","link":"https:\/\/www.welovecycling.com\/hu\/orszaguti-kerekpar\/peter-sagan-a-giro-gyoztese-stilusos-gyozelem-volt-igazi-show-val\/","title":{"rendered":"Peter Sagan, a Giro gy\u0151ztese: \u201eSt\u00edlusos gy\u0151zelem volt, igazi show-val!\u201d"},"content":{"rendered":"<p><strong>A szlov\u00e1k szuperszt\u00e1r m\u00e1r t\u00f6bb mint egy \u00e9ve nem nyert versenyt, de v\u00e9g\u00fcl a Giro 10. szakasz\u00e1n szerzett hihetetlen sz\u00f3l\u00f3gy\u0151zelm\u00e9vel v\u00e9get vetett ennek a rossz sz\u00e9ri\u00e1nak.<\/strong><\/p>\n<p><!--more--><\/p>\n<p>Peter Sagan (Bora-Hansgrohe) hat biciklis el\u0151l sz\u00f6k\u00f6tt meg, versenyt\u00e1rsait h\u00e1trahagyta m\u00e9g miel\u0151tt t\u00e1mad\u00e1sba lend\u00fclt volna, 12 km-el a verseny v\u00e9ge el\u0151tt pedig lehagyta a t\u00f6bbi bicikliz\u0151t is \u00e9s egyenesen a dics\u0151s\u00e9ges gy\u0151zelembe tekert Tortoreto-ban.<\/p>\n<p><em>\u201eSt\u00edlusos gy\u0151zelem volt, igazi show-val\u201d<\/em> &#8211; mondta Sagan a c\u00e9lba\u00e9r\u00e9skor. <em>\u201eNagyon boldog vagyok, mit mondhatn\u00e9k&#8230; V\u00e9gre. Az\u00f3ta pr\u00f3b\u00e1lkozom, hogy \u00fajra rajthoz \u00e1lltunk a Strade Bianche versenyen, a mil\u00e1n\u00f3i San Rem\u00f3ban \u00e9s a Tour de France-on. Sokszor \u00e1lltam m\u00e1r dobog\u00f3n, de utolj\u00e1ra a tavalyi Tour de France-on nyertem.\u201d<\/em><\/p>\n<figure id=\"attachment_8825\" aria-describedby=\"caption-attachment-8825\" style=\"width: 1024px\" class=\"wp-caption alignnone\"><a href=\"https:\/\/d2p6e6u75xmxt8.cloudfront.net\/2\/2020\/10\/sagan-profimedia-0562737806.jpg\"><img loading=\"lazy\" decoding=\"async\" class=\"wp-image-8825 size-large\" src=\"https:\/\/d2p6e6u75xmxt8.cloudfront.net\/12\/2020\/10\/sagan-profimedia-0562737806-1024x681.jpg\" alt=\"Sagan at Giro\" width=\"1024\" height=\"681\" srcset=\"https:\/\/d2p6e6u75xmxt8.cloudfront.net\/12\/2020\/10\/sagan-profimedia-0562737806-1024x681.jpg 1024w, https:\/\/d2p6e6u75xmxt8.cloudfront.net\/12\/2020\/10\/sagan-profimedia-0562737806-300x199.jpg 300w, https:\/\/d2p6e6u75xmxt8.cloudfront.net\/12\/2020\/10\/sagan-profimedia-0562737806-768x511.jpg 768w, https:\/\/d2p6e6u75xmxt8.cloudfront.net\/12\/2020\/10\/sagan-profimedia-0562737806-272x182.jpg 272w, https:\/\/d2p6e6u75xmxt8.cloudfront.net\/12\/2020\/10\/sagan-profimedia-0562737806.jpg 1250w\" sizes=\"auto, (max-width: 1024px) 100vw, 1024px\" \/><\/a><figcaption id=\"caption-attachment-8825\" class=\"wp-caption-text\"><em>Sagan b\u00fcszke arra, hogy a megszokott st\u00edlus\u00e1val nyert. \u00a9 Profimedia<\/em><\/figcaption><\/figure>\n<p>A Bora-Hansgrohe csapata sokkal t\u00f6bbet dolgozott Sagannal a Tour ideje alatt, mint b\u00e1rki m\u00e1ssal az elm\u00falt \u00e9vekben. \u00c9s ez a Giro-n sem volt m\u00e1sk\u00e9pp. Sz\u00f3val ez egy meg\u00e9rdemelt gy\u0151zelem volt az eg\u00e9sz csapat sz\u00e1m\u00e1ra.<\/p>\n<p><em>\u201eV\u00e9gre megt\u00e9r\u00fclt a sok munka, \u00e9n pedig nagyon boldog vagyok. Eg\u00e9sz nap el voltam szakadva a t\u00f6bbiekt\u0151l \u00e9s mivel a l\u00e1baim j\u00f3 kondiban voltak, egyed\u00fcl mentem fel az emelked\u0151n, miel\u0151tt a lejt\u0151n \u00f3vatosan leereszkedtem volna, azt\u00e1n pedig teljes g\u00e1zzal mentem az utols\u00f3 n\u00e9h\u00e1ny kil\u00f3m\u00e9teren.\u201d<\/em><\/p>\n<figure id=\"attachment_8826\" aria-describedby=\"caption-attachment-8826\" style=\"width: 1024px\" class=\"wp-caption alignnone\"><a href=\"https:\/\/d2p6e6u75xmxt8.cloudfront.net\/2\/2020\/10\/profimedia-0562727518.jpg\"><img loading=\"lazy\" decoding=\"async\" class=\"wp-image-8826 size-large\" src=\"https:\/\/d2p6e6u75xmxt8.cloudfront.net\/12\/2020\/10\/profimedia-0562727518-1024x682.jpg\" alt=\"Sagan\" width=\"1024\" height=\"682\" srcset=\"https:\/\/d2p6e6u75xmxt8.cloudfront.net\/12\/2020\/10\/profimedia-0562727518-1024x682.jpg 1024w, https:\/\/d2p6e6u75xmxt8.cloudfront.net\/12\/2020\/10\/profimedia-0562727518-300x200.jpg 300w, https:\/\/d2p6e6u75xmxt8.cloudfront.net\/12\/2020\/10\/profimedia-0562727518-768x512.jpg 768w, https:\/\/d2p6e6u75xmxt8.cloudfront.net\/12\/2020\/10\/profimedia-0562727518-272x182.jpg 272w, https:\/\/d2p6e6u75xmxt8.cloudfront.net\/12\/2020\/10\/profimedia-0562727518.jpg 1250w\" sizes=\"auto, (max-width: 1024px) 100vw, 1024px\" \/><\/a><figcaption id=\"caption-attachment-8826\" class=\"wp-caption-text\"><em>Teker\u00e9s a gy\u0151zelem\u00e9rt. \u00a9 Profimedia<\/em><\/figcaption><\/figure>\n<p>Peter Sagan-nak most 147 pontja van a cikl\u00e1men mez\u00e9rt folytatott versenyben, m\u00edg a f\u0151 riv\u00e1lis\u00e1nak, Arnaud D\u00e8mare-nek 167. A szlov\u00e1k versenyz\u0151 teh\u00e1t nincs t\u00falzottan lemaradva \u00e9s ne feledj\u00fck, hogy m\u00e9g egy \u00e9rdekes verseny el\u0151tt\u00fcnk \u00e1ll.<\/p>\n<p>Vajon tud m\u00e9g Sagan ford\u00edtani az \u00e1ll\u00e1son? Mit gondolsz? Jelenleg mindh\u00e1rom Grand Tour-on megvan a szakaszgy\u0151zelme, ami biztosan nagyban megdobja az \u00f6nbizalm\u00e1t!<\/p>\n","protected":false},"excerpt":{"rendered":"<p>A szlov\u00e1k szuperszt\u00e1r m\u00e1r t\u00f6bb mint egy \u00e9ve nem nyert versenyt, de v\u00e9g\u00fcl a Giro 10. szakasz\u00e1n szerzett hihetetlen sz\u00f3l\u00f3gy\u0151zelm\u00e9vel [&hellip;]<\/p>\n","protected":false},"author":71,"featured_media":8828,"comment_status":"open","ping_status":"open","sticky":false,"template":"","format":"standard","meta":{"footnotes":""},"categories":[8],"tags":[],"global-categories":[],"class_list":["post-8824","post","type-post","status-publish","format-standard","has-post-thumbnail","hentry","category-orszaguti-kerekpar"],"yoast_head":"<!-- This site is optimized with the Yoast SEO Premium plugin v25.3 (Yoast SEO v25.9) - https:\/\/yoast.com\/wordpress\/plugins\/seo\/ -->\n<title>Peter Sagan, a Giro gy\u0151ztese: \u201eSt\u00edlusos gy\u0151zelem volt, igazi show-val!\u201d - \u0160koda We Love Cycling - Magyarorsz\u00e1g<\/title>\n<meta name=\"description\" content=\"A szlov\u00e1k szuperszt\u00e1r m\u00e1r t\u00f6bb mint egy \u00e9ve nem nyert versenyt, de v\u00e9g\u00fcl a Giro 10. szakasz\u00e1n szer-zett hihetetlen sz\u00f3l\u00f3gy\u0151zelm\u00e9vel v\u00e9get vetett ennek a rossz sz\u00e9ri\u00e1nak.\" \/>\n<meta name=\"robots\" content=\"index, follow, max-snippet:-1, max-image-preview:large, max-video-preview:-1\" \/>\n<link rel=\"canonical\" href=\"https:\/\/www.welovecycling.com\/hu\/orszaguti-kerekpar\/peter-sagan-a-giro-gyoztese-stilusos-gyozelem-volt-igazi-show-val\/\" \/>\n<meta property=\"og:locale\" content=\"hu_HU\" \/>\n<meta property=\"og:type\" content=\"article\" \/>\n<meta property=\"og:title\" content=\"Peter Sagan, a Giro gy\u0151ztese: \u201eSt\u00edlusos gy\u0151zelem volt, igazi show-val!\u201d\" \/>\n<meta property=\"og:description\" content=\"A szlov\u00e1k szuperszt\u00e1r m\u00e1r t\u00f6bb mint egy \u00e9ve nem nyert versenyt, de v\u00e9g\u00fcl a Giro 10. szakasz\u00e1n szer-zett hihetetlen sz\u00f3l\u00f3gy\u0151zelm\u00e9vel v\u00e9get vetett ennek a rossz sz\u00e9ri\u00e1nak.\" \/>\n<meta property=\"og:url\" content=\"https:\/\/www.welovecycling.com\/hu\/orszaguti-kerekpar\/peter-sagan-a-giro-gyoztese-stilusos-gyozelem-volt-igazi-show-val\/\" \/>\n<meta property=\"og:site_name\" content=\"\u0160koda We Love Cycling - Magyarorsz\u00e1g\" \/>\n<meta property=\"article:publisher\" content=\"https:\/\/www.facebook.com\/WeLoveCyclingHungary\/\" \/>\n<meta property=\"article:published_time\" content=\"2020-10-29T07:00:42+00:00\" \/>\n<meta property=\"og:image\" content=\"https:\/\/d2p6e6u75xmxt8.cloudfront.net\/12\/2020\/10\/sagan-giro-profimedia-0562734686-CVR.jpg\" \/>\n\t<meta property=\"og:image:width\" content=\"1366\" \/>\n\t<meta property=\"og:image:height\" content=\"600\" \/>\n\t<meta property=\"og:image:type\" content=\"image\/jpeg\" \/>\n<meta name=\"author\" content=\"hegyizs\" \/>\n<meta name=\"twitter:card\" content=\"summary_large_image\" \/>\n<meta name=\"twitter:label1\" content=\"Written by\" \/>\n\t<meta name=\"twitter:data1\" content=\"Monica Buck\" \/>\n\t<meta name=\"twitter:label2\" content=\"Est. reading time\" \/>\n\t<meta name=\"twitter:data2\" content=\"4\" \/>\n<script type=\"application\/ld+json\" class=\"yoast-schema-graph\">{\"@context\":\"https:\/\/schema.org\",\"@graph\":[{\"@type\":\"WebPage\",\"@id\":\"https:\/\/www.welovecycling.com\/hu\/orszaguti-kerekpar\/peter-sagan-a-giro-gyoztese-stilusos-gyozelem-volt-igazi-show-val\/\",\"url\":\"https:\/\/www.welovecycling.com\/hu\/orszaguti-kerekpar\/peter-sagan-a-giro-gyoztese-stilusos-gyozelem-volt-igazi-show-val\/\",\"name\":\"Peter Sagan, a Giro gy\u0151ztese: \u201eSt\u00edlusos gy\u0151zelem volt, igazi show-val!\u201d - \u0160koda We Love Cycling - Magyarorsz\u00e1g\",\"isPartOf\":{\"@id\":\"https:\/\/www.welovecycling.com\/hu\/#website\"},\"primaryImageOfPage\":{\"@id\":\"https:\/\/www.welovecycling.com\/hu\/orszaguti-kerekpar\/peter-sagan-a-giro-gyoztese-stilusos-gyozelem-volt-igazi-show-val\/#primaryimage\"},\"image\":{\"@id\":\"https:\/\/www.welovecycling.com\/hu\/orszaguti-kerekpar\/peter-sagan-a-giro-gyoztese-stilusos-gyozelem-volt-igazi-show-val\/#primaryimage\"},\"thumbnailUrl\":\"https:\/\/d2p6e6u75xmxt8.cloudfront.net\/12\/2020\/10\/sagan-giro-profimedia-0562734686-CVR.jpg\",\"datePublished\":\"2020-10-29T07:00:42+00:00\",\"author\":{\"@id\":\"https:\/\/www.welovecycling.com\/hu\/#\/schema\/person\/414a2aebf1801691a5320edb6468e194\"},\"description\":\"A szlov\u00e1k szuperszt\u00e1r m\u00e1r t\u00f6bb mint egy \u00e9ve nem nyert versenyt, de v\u00e9g\u00fcl a Giro 10. szakasz\u00e1n szer-zett hihetetlen sz\u00f3l\u00f3gy\u0151zelm\u00e9vel v\u00e9get vetett ennek a rossz sz\u00e9ri\u00e1nak.\",\"breadcrumb\":{\"@id\":\"https:\/\/www.welovecycling.com\/hu\/orszaguti-kerekpar\/peter-sagan-a-giro-gyoztese-stilusos-gyozelem-volt-igazi-show-val\/#breadcrumb\"},\"inLanguage\":\"hu\",\"potentialAction\":[{\"@type\":\"ReadAction\",\"target\":[\"https:\/\/www.welovecycling.com\/hu\/orszaguti-kerekpar\/peter-sagan-a-giro-gyoztese-stilusos-gyozelem-volt-igazi-show-val\/\"]}]},{\"@type\":\"ImageObject\",\"inLanguage\":\"hu\",\"@id\":\"https:\/\/www.welovecycling.com\/hu\/orszaguti-kerekpar\/peter-sagan-a-giro-gyoztese-stilusos-gyozelem-volt-igazi-show-val\/#primaryimage\",\"url\":\"https:\/\/d2p6e6u75xmxt8.cloudfront.net\/12\/2020\/10\/sagan-giro-profimedia-0562734686-CVR.jpg\",\"contentUrl\":\"https:\/\/d2p6e6u75xmxt8.cloudfront.net\/12\/2020\/10\/sagan-giro-profimedia-0562734686-CVR.jpg\",\"width\":1366,\"height\":600,\"caption\":\"Peter Sagan\"},{\"@type\":\"BreadcrumbList\",\"@id\":\"https:\/\/www.welovecycling.com\/hu\/orszaguti-kerekpar\/peter-sagan-a-giro-gyoztese-stilusos-gyozelem-volt-igazi-show-val\/#breadcrumb\",\"itemListElement\":[{\"@type\":\"ListItem\",\"position\":1,\"name\":\"Home\",\"item\":\"https:\/\/www.welovecycling.com\/hu\/\"},{\"@type\":\"ListItem\",\"position\":2,\"name\":\"Peter Sagan, a Giro gy\u0151ztese: \u201eSt\u00edlusos gy\u0151zelem volt, igazi show-val!\u201d\"}]},{\"@type\":\"WebSite\",\"@id\":\"https:\/\/www.welovecycling.com\/hu\/#website\",\"url\":\"https:\/\/www.welovecycling.com\/hu\/\",\"name\":\"\u0160koda We Love Cycling - Magyarorsz\u00e1g\",\"description\":\"\u0160koda WeLoveCycling\",\"potentialAction\":[{\"@type\":\"SearchAction\",\"target\":{\"@type\":\"EntryPoint\",\"urlTemplate\":\"https:\/\/www.welovecycling.com\/hu\/?s={search_term_string}\"},\"query-input\":{\"@type\":\"PropertyValueSpecification\",\"valueRequired\":true,\"valueName\":\"search_term_string\"}}],\"inLanguage\":\"hu\"},{\"@type\":\"Person\",\"@id\":\"https:\/\/www.welovecycling.com\/hu\/#\/schema\/person\/414a2aebf1801691a5320edb6468e194\",\"name\":\"hegyizs\",\"image\":{\"@type\":\"ImageObject\",\"inLanguage\":\"hu\",\"@id\":\"https:\/\/www.welovecycling.com\/hu\/#\/schema\/person\/image\/\",\"url\":\"https:\/\/secure.gravatar.com\/avatar\/02cf8a7906b8cf90cecb4679defac7cfd33a1c2e3b88e4903d947f3bb58eedd3?s=96&d=mm&r=g\",\"contentUrl\":\"https:\/\/secure.gravatar.com\/avatar\/02cf8a7906b8cf90cecb4679defac7cfd33a1c2e3b88e4903d947f3bb58eedd3?s=96&d=mm&r=g\",\"caption\":\"hegyizs\"},\"url\":\"https:\/\/www.welovecycling.com\/hu\/author\/hegyizs\/\"}]}<\/script>\n<!-- \/ Yoast SEO Premium plugin. -->","yoast_head_json":{"title":"Peter Sagan, a Giro gy\u0151ztese: \u201eSt\u00edlusos gy\u0151zelem volt, igazi show-val!\u201d - \u0160koda We Love Cycling - Magyarorsz\u00e1g","description":"A szlov\u00e1k szuperszt\u00e1r m\u00e1r t\u00f6bb mint egy \u00e9ve nem nyert versenyt, de v\u00e9g\u00fcl a Giro 10. szakasz\u00e1n szer-zett hihetetlen sz\u00f3l\u00f3gy\u0151zelm\u00e9vel v\u00e9get vetett ennek a rossz sz\u00e9ri\u00e1nak.","robots":{"index":"index","follow":"follow","max-snippet":"max-snippet:-1","max-image-preview":"max-image-preview:large","max-video-preview":"max-video-preview:-1"},"canonical":"https:\/\/www.welovecycling.com\/hu\/orszaguti-kerekpar\/peter-sagan-a-giro-gyoztese-stilusos-gyozelem-volt-igazi-show-val\/","og_locale":"hu_HU","og_type":"article","og_title":"Peter Sagan, a Giro gy\u0151ztese: \u201eSt\u00edlusos gy\u0151zelem volt, igazi show-val!\u201d","og_description":"A szlov\u00e1k szuperszt\u00e1r m\u00e1r t\u00f6bb mint egy \u00e9ve nem nyert versenyt, de v\u00e9g\u00fcl a Giro 10. szakasz\u00e1n szer-zett hihetetlen sz\u00f3l\u00f3gy\u0151zelm\u00e9vel v\u00e9get vetett ennek a rossz sz\u00e9ri\u00e1nak.","og_url":"https:\/\/www.welovecycling.com\/hu\/orszaguti-kerekpar\/peter-sagan-a-giro-gyoztese-stilusos-gyozelem-volt-igazi-show-val\/","og_site_name":"\u0160koda We Love Cycling - Magyarorsz\u00e1g","article_publisher":"https:\/\/www.facebook.com\/WeLoveCyclingHungary\/","article_published_time":"2020-10-29T07:00:42+00:00","og_image":[{"width":1366,"height":600,"url":"https:\/\/d2p6e6u75xmxt8.cloudfront.net\/12\/2020\/10\/sagan-giro-profimedia-0562734686-CVR.jpg","type":"image\/jpeg"}],"author":"hegyizs","twitter_card":"summary_large_image","twitter_misc":{"Written by":"Monica Buck","Est. reading time":"4"},"schema":{"@context":"https:\/\/schema.org","@graph":[{"@type":"WebPage","@id":"https:\/\/www.welovecycling.com\/hu\/orszaguti-kerekpar\/peter-sagan-a-giro-gyoztese-stilusos-gyozelem-volt-igazi-show-val\/","url":"https:\/\/www.welovecycling.com\/hu\/orszaguti-kerekpar\/peter-sagan-a-giro-gyoztese-stilusos-gyozelem-volt-igazi-show-val\/","name":"Peter Sagan, a Giro gy\u0151ztese: \u201eSt\u00edlusos gy\u0151zelem volt, igazi show-val!\u201d - \u0160koda We Love Cycling - Magyarorsz\u00e1g","isPartOf":{"@id":"https:\/\/www.welovecycling.com\/hu\/#website"},"primaryImageOfPage":{"@id":"https:\/\/www.welovecycling.com\/hu\/orszaguti-kerekpar\/peter-sagan-a-giro-gyoztese-stilusos-gyozelem-volt-igazi-show-val\/#primaryimage"},"image":{"@id":"https:\/\/www.welovecycling.com\/hu\/orszaguti-kerekpar\/peter-sagan-a-giro-gyoztese-stilusos-gyozelem-volt-igazi-show-val\/#primaryimage"},"thumbnailUrl":"https:\/\/d2p6e6u75xmxt8.cloudfront.net\/12\/2020\/10\/sagan-giro-profimedia-0562734686-CVR.jpg","datePublished":"2020-10-29T07:00:42+00:00","author":{"@id":"https:\/\/www.welovecycling.com\/hu\/#\/schema\/person\/414a2aebf1801691a5320edb6468e194"},"description":"A szlov\u00e1k szuperszt\u00e1r m\u00e1r t\u00f6bb mint egy \u00e9ve nem nyert versenyt, de v\u00e9g\u00fcl a Giro 10. szakasz\u00e1n szer-zett hihetetlen sz\u00f3l\u00f3gy\u0151zelm\u00e9vel v\u00e9get vetett ennek a rossz sz\u00e9ri\u00e1nak.","breadcrumb":{"@id":"https:\/\/www.welovecycling.com\/hu\/orszaguti-kerekpar\/peter-sagan-a-giro-gyoztese-stilusos-gyozelem-volt-igazi-show-val\/#breadcrumb"},"inLanguage":"hu","potentialAction":[{"@type":"ReadAction","target":["https:\/\/www.welovecycling.com\/hu\/orszaguti-kerekpar\/peter-sagan-a-giro-gyoztese-stilusos-gyozelem-volt-igazi-show-val\/"]}]},{"@type":"ImageObject","inLanguage":"hu","@id":"https:\/\/www.welovecycling.com\/hu\/orszaguti-kerekpar\/peter-sagan-a-giro-gyoztese-stilusos-gyozelem-volt-igazi-show-val\/#primaryimage","url":"https:\/\/d2p6e6u75xmxt8.cloudfront.net\/12\/2020\/10\/sagan-giro-profimedia-0562734686-CVR.jpg","contentUrl":"https:\/\/d2p6e6u75xmxt8.cloudfront.net\/12\/2020\/10\/sagan-giro-profimedia-0562734686-CVR.jpg","width":1366,"height":600,"caption":"Peter Sagan"},{"@type":"BreadcrumbList","@id":"https:\/\/www.welovecycling.com\/hu\/orszaguti-kerekpar\/peter-sagan-a-giro-gyoztese-stilusos-gyozelem-volt-igazi-show-val\/#breadcrumb","itemListElement":[{"@type":"ListItem","position":1,"name":"Home","item":"https:\/\/www.welovecycling.com\/hu\/"},{"@type":"ListItem","position":2,"name":"Peter Sagan, a Giro gy\u0151ztese: \u201eSt\u00edlusos gy\u0151zelem volt, igazi show-val!\u201d"}]},{"@type":"WebSite","@id":"https:\/\/www.welovecycling.com\/hu\/#website","url":"https:\/\/www.welovecycling.com\/hu\/","name":"\u0160koda We Love Cycling - Magyarorsz\u00e1g","description":"\u0160koda WeLoveCycling","potentialAction":[{"@type":"SearchAction","target":{"@type":"EntryPoint","urlTemplate":"https:\/\/www.welovecycling.com\/hu\/?s={search_term_string}"},"query-input":{"@type":"PropertyValueSpecification","valueRequired":true,"valueName":"search_term_string"}}],"inLanguage":"hu"},{"@type":"Person","@id":"https:\/\/www.welovecycling.com\/hu\/#\/schema\/person\/414a2aebf1801691a5320edb6468e194","name":"hegyizs","image":{"@type":"ImageObject","inLanguage":"hu","@id":"https:\/\/www.welovecycling.com\/hu\/#\/schema\/person\/image\/","url":"https:\/\/secure.gravatar.com\/avatar\/02cf8a7906b8cf90cecb4679defac7cfd33a1c2e3b88e4903d947f3bb58eedd3?s=96&d=mm&r=g","contentUrl":"https:\/\/secure.gravatar.com\/avatar\/02cf8a7906b8cf90cecb4679defac7cfd33a1c2e3b88e4903d947f3bb58eedd3?s=96&d=mm&r=g","caption":"hegyizs"},"url":"https:\/\/www.welovecycling.com\/hu\/author\/hegyizs\/"}]}},"_links":{"self":[{"href":"https:\/\/www.welovecycling.com\/hu\/wp-json\/wp\/v2\/posts\/8824","targetHints":{"allow":["GET"]}}],"collection":[{"href":"https:\/\/www.welovecycling.com\/hu\/wp-json\/wp\/v2\/posts"}],"about":[{"href":"https:\/\/www.welovecycling.com\/hu\/wp-json\/wp\/v2\/types\/post"}],"author":[{"embeddable":true,"href":"https:\/\/www.welovecycling.com\/hu\/wp-json\/wp\/v2\/users\/71"}],"replies":[{"embeddable":true,"href":"https:\/\/www.welovecycling.com\/hu\/wp-json\/wp\/v2\/comments?post=8824"}],"version-history":[{"count":2,"href":"https:\/\/www.welovecycling.com\/hu\/wp-json\/wp\/v2\/posts\/8824\/revisions"}],"predecessor-version":[{"id":8842,"href":"https:\/\/www.welovecycling.com\/hu\/wp-json\/wp\/v2\/posts\/8824\/revisions\/8842"}],"wp:featuredmedia":[{"embeddable":true,"href":"https:\/\/www.welovecycling.com\/hu\/wp-json\/wp\/v2\/media\/8828"}],"wp:attachment":[{"href":"https:\/\/www.welovecycling.com\/hu\/wp-json\/wp\/v2\/media?parent=8824"}],"wp:term":[{"taxonomy":"category","embeddable":true,"href":"https:\/\/www.welovecycling.com\/hu\/wp-json\/wp\/v2\/categories?post=8824"},{"taxonomy":"post_tag","embeddable":true,"href":"https:\/\/www.welovecycling.com\/hu\/wp-json\/wp\/v2\/tags?post=8824"},{"taxonomy":"global-categories","embeddable":true,"href":"https:\/\/www.welovecycling.com\/hu\/wp-json\/wp\/v2\/global-categories?post=8824"}],"curies":[{"name":"wp","href":"https:\/\/api.w.org\/{rel}","templated":true}]}}