{"id":8819,"date":"2020-10-27T08:00:28","date_gmt":"2020-10-27T07:00:28","guid":{"rendered":"https:\/\/www.welovecycling.com\/hu\/?p=8819"},"modified":"2020-10-22T10:21:15","modified_gmt":"2020-10-22T09:21:15","slug":"egyre-nepszerubb-a-teherszallito-kerekpar-europaban","status":"publish","type":"post","link":"https:\/\/www.welovecycling.com\/hu\/varosi-kerekparozas\/egyre-nepszerubb-a-teherszallito-kerekpar-europaban\/","title":{"rendered":"Egyre n\u00e9pszer\u0171bb a tehersz\u00e1ll\u00edt\u00f3 ker\u00e9kp\u00e1r Eur\u00f3p\u00e1ban"},"content":{"rendered":"<p><strong>A tehersz\u00e1ll\u00edt\u00f3 biciklik n\u00e9pszer\u0171s\u00e9ge az eur\u00f3pai v\u00e1rosokban rohamosan n\u00f6vekszik. A CityChangerCargoBike projekt felm\u00e9r\u00e9se szerint a nagy tehersz\u00e1ll\u00edt\u00f3 ker\u00e9kp\u00e1r-gy\u00e1rt\u00f3k kereslet\u00e9nek n\u00f6veked\u00e9si \u00fcteme tavaly el\u00e9rte a 60 sz\u00e1zal\u00e9kot. A j\u00f6v\u0151beni kil\u00e1t\u00e1sok enn\u00e9l is \u00edg\u00e9retesebbek: az elad\u00e1sok a becsl\u00e9sek szerint 53 sz\u00e1zal\u00e9kkal n\u00f6vekedhetnek.<\/strong><\/p>\n<p><!--more--><\/p>\n<p>K\u00f6r\u00fclbel\u00fcl negyven nagy gy\u00e1rt\u00f3ja van az \u00e1rusz\u00e1ll\u00edt\u00e1sra sz\u00e1nt ker\u00e9kp\u00e1roknak. K\u00f6rnyezetbar\u00e1t, olcs\u00f3, rugalmas \u00e9s gyors \u2013 mindezekkel egy\u00fctt t\u00f6k\u00e9letes eszk\u00f6ze az \u00e1rusz\u00e1ll\u00edt\u00e1snak a nagy forgalm\u00fa v\u00e1rosk\u00f6zpontokban.<\/p>\n<figure id=\"attachment_8820\" aria-describedby=\"caption-attachment-8820\" style=\"width: 1024px\" class=\"wp-caption alignnone\"><a href=\"https:\/\/d2p6e6u75xmxt8.cloudfront.net\/2\/2020\/10\/Cargo-bike-profimedia-0494271025.jpg\"><img loading=\"lazy\" decoding=\"async\" class=\"size-large wp-image-8820\" src=\"https:\/\/d2p6e6u75xmxt8.cloudfront.net\/12\/2020\/10\/Cargo-bike-profimedia-0494271025-1024x682.jpg\" alt=\"Cargo bicycle\" width=\"1024\" height=\"682\" srcset=\"https:\/\/d2p6e6u75xmxt8.cloudfront.net\/12\/2020\/10\/Cargo-bike-profimedia-0494271025-1024x682.jpg 1024w, https:\/\/d2p6e6u75xmxt8.cloudfront.net\/12\/2020\/10\/Cargo-bike-profimedia-0494271025-300x200.jpg 300w, https:\/\/d2p6e6u75xmxt8.cloudfront.net\/12\/2020\/10\/Cargo-bike-profimedia-0494271025-768x512.jpg 768w, https:\/\/d2p6e6u75xmxt8.cloudfront.net\/12\/2020\/10\/Cargo-bike-profimedia-0494271025-272x182.jpg 272w, https:\/\/d2p6e6u75xmxt8.cloudfront.net\/12\/2020\/10\/Cargo-bike-profimedia-0494271025.jpg 1250w\" sizes=\"auto, (max-width: 1024px) 100vw, 1024px\" \/><\/a><figcaption id=\"caption-attachment-8820\" class=\"wp-caption-text\"><em>Elektromos tehersz\u00e1ll\u00edt\u00f3 bicikli Amszterdamban. \u00a9 Profimedia<\/em><\/figcaption><\/figure>\n<p>Az el\u0151rejelz\u00e9sek t\u00f6bb ker\u00e9kp\u00e1rgy\u00e1rt\u00f3t arra \u00f6szt\u00f6n\u00f6znek, hogy \u0151k is csatlakozzanak \u00e9s gy\u00e1rtsanak tehersz\u00e1ll\u00edt\u00f3 bicikliket, ugyanakkor a jelenlegi gy\u00e1rt\u00f3k is beruh\u00e1znak a megl\u00e9v\u0151 modellek fejleszt\u00e9s\u00e9re. Az egyre nagyobb kereslet miatt az ut\u00e1ngy\u00e1rt\u00e1ssal foglalkoz\u00f3 c\u00e9gek olyan alkatr\u00e9szeket is k\u00edn\u00e1lnak, mint p\u00e9ld\u00e1ul az akkumul\u00e1torok, a f\u00e9kek \u00e9s a gumik. A Friedrichshafenben rendezett Eurobike Special Editon szakki\u00e1ll\u00edt\u00e1s ez\u00e9rt is jelentette be, hogy k\u00fcl\u00f6n esem\u00e9nyt szerveznek, kiz\u00e1r\u00f3lag a tehersz\u00e1ll\u00edt\u00f3 bicikliknek. A bemutat\u00f3 2020. november 24. \u00e9s 26. k\u00f6z\u00f6tt lett volna, de sajnos a v\u00edrushelyzet miatt t\u00f6r\u00f6lt\u00e9k.<\/p>\n<figure id=\"attachment_8821\" aria-describedby=\"caption-attachment-8821\" style=\"width: 1024px\" class=\"wp-caption alignnone\"><a href=\"https:\/\/d2p6e6u75xmxt8.cloudfront.net\/2\/2020\/10\/Cargo-profimedia-0563335461.jpg\"><img loading=\"lazy\" decoding=\"async\" class=\"size-large wp-image-8821\" src=\"https:\/\/d2p6e6u75xmxt8.cloudfront.net\/12\/2020\/10\/Cargo-profimedia-0563335461-1024x682.jpg\" alt=\"Cargo bicycle\" width=\"1024\" height=\"682\" srcset=\"https:\/\/d2p6e6u75xmxt8.cloudfront.net\/12\/2020\/10\/Cargo-profimedia-0563335461-1024x682.jpg 1024w, https:\/\/d2p6e6u75xmxt8.cloudfront.net\/12\/2020\/10\/Cargo-profimedia-0563335461-300x200.jpg 300w, https:\/\/d2p6e6u75xmxt8.cloudfront.net\/12\/2020\/10\/Cargo-profimedia-0563335461-768x512.jpg 768w, https:\/\/d2p6e6u75xmxt8.cloudfront.net\/12\/2020\/10\/Cargo-profimedia-0563335461-1536x1023.jpg 1536w, https:\/\/d2p6e6u75xmxt8.cloudfront.net\/12\/2020\/10\/Cargo-profimedia-0563335461-272x182.jpg 272w, https:\/\/d2p6e6u75xmxt8.cloudfront.net\/12\/2020\/10\/Cargo-profimedia-0563335461.jpg 1800w\" sizes=\"auto, (max-width: 1024px) 100vw, 1024px\" \/><\/a><figcaption id=\"caption-attachment-8821\" class=\"wp-caption-text\"><em>Egy biciklis, aki tehersz\u00e1ll\u00edt\u00f3 ker\u00e9kp\u00e1rral sz\u00e1ll\u00edt Londonban. \u00a9 Profimedia<\/em><\/figcaption><\/figure>\n<p>Mindazon\u00e1ltal azok a lelkes biciklisek, akik felszerel\u00e9s\u00fck nagyobb terhel\u00e9sre val\u00f3 fel\u00faj\u00edt\u00e1s\u00e1t fontolgatj\u00e1k, sz\u00e1m\u00edthatnak arra, hogy hamarosan \u00e9rdekes teherbiciklik \u00e9rkeznek a ker\u00e9kp\u00e1r\u00fczletekbe. A v\u00e1laszt\u00e9k hatalmas lesz, kezdve a klasszikus k\u00e9t \u2013 vagy h\u00e1romkerek\u0171 biciklikt\u0151l a cs\u00facstechnol\u00f3gi\u00e1s modellekig, amik sportosabbak \u00e9s dinamikusabb vezet\u00e9st k\u00edn\u00e1lnak. A meghosszabb\u00edtott sz\u00e1ll\u00edt\u00f3 r\u00e9sszel ell\u00e1tott, extra hossz\u00fa biciklik a legkeresettebb modellek k\u00f6z\u00e9 tartoznak, mivel lehet\u0151v\u00e9 teszik tulajdonosaik sz\u00e1m\u00e1ra, hogy neh\u00e9z t\u00e1rgyakat tegyenek r\u00e1. A n\u00e9gykerek\u0171 modelleket viszont figyelemre m\u00e9lt\u00f3an kevesebben veszik \u2013 mutatja a felm\u00e9r\u00e9s.<\/p>\n","protected":false},"excerpt":{"rendered":"<p>A tehersz\u00e1ll\u00edt\u00f3 biciklik n\u00e9pszer\u0171s\u00e9ge az eur\u00f3pai v\u00e1rosokban rohamosan n\u00f6vekszik. A CityChangerCargoBike projekt felm\u00e9r\u00e9se szerint a nagy tehersz\u00e1ll\u00edt\u00f3 ker\u00e9kp\u00e1r-gy\u00e1rt\u00f3k kereslet\u00e9nek n\u00f6veked\u00e9si [&hellip;]<\/p>\n","protected":false},"author":71,"featured_media":8823,"comment_status":"open","ping_status":"open","sticky":false,"template":"","format":"standard","meta":{"footnotes":""},"categories":[9],"tags":[],"global-categories":[],"class_list":["post-8819","post","type-post","status-publish","format-standard","has-post-thumbnail","hentry","category-varosi-kerekparozas"],"yoast_head":"<!-- This site is optimized with the Yoast SEO Premium plugin v25.3 (Yoast SEO v25.9) - https:\/\/yoast.com\/wordpress\/plugins\/seo\/ -->\n<title>Egyre n\u00e9pszer\u0171bb a tehersz\u00e1ll\u00edt\u00f3 ker\u00e9kp\u00e1r Eur\u00f3p\u00e1ban - \u0160koda We Love Cycling - Magyarorsz\u00e1g<\/title>\n<meta name=\"description\" content=\"A tehersz\u00e1ll\u00edt\u00f3 biciklik n\u00e9pszer\u0171s\u00e9ge az eur\u00f3pai v\u00e1rosokban rohamosan n\u00f6vekszik.\" \/>\n<meta name=\"robots\" content=\"index, follow, max-snippet:-1, max-image-preview:large, max-video-preview:-1\" \/>\n<link rel=\"canonical\" href=\"https:\/\/www.welovecycling.com\/hu\/varosi-kerekparozas\/egyre-nepszerubb-a-teherszallito-kerekpar-europaban\/\" \/>\n<meta property=\"og:locale\" content=\"hu_HU\" \/>\n<meta property=\"og:type\" content=\"article\" \/>\n<meta property=\"og:title\" content=\"Egyre n\u00e9pszer\u0171bb a tehersz\u00e1ll\u00edt\u00f3 ker\u00e9kp\u00e1r Eur\u00f3p\u00e1ban\" \/>\n<meta property=\"og:description\" content=\"A tehersz\u00e1ll\u00edt\u00f3 biciklik n\u00e9pszer\u0171s\u00e9ge az eur\u00f3pai v\u00e1rosokban rohamosan n\u00f6vekszik. A CityChangerCargoBike projekt felm\u00e9r\u00e9se szerint a nagy tehersz\u00e1ll\u00edt\u00f3 ker\u00e9kp\u00e1r-gy\u00e1rt\u00f3k kereslet\u00e9nek n\u00f6veked\u00e9si \u00fcteme tavaly el\u00e9rte a 60 sz\u00e1zal\u00e9kot. A j\u00f6v\u0151beni kil\u00e1t\u00e1sok enn\u00e9l is \u00edg\u00e9retesebbek: az elad\u00e1sok a becsl\u00e9sek szerint 53 sz\u00e1zal\u00e9kkal n\u00f6vekedhetnek.\" \/>\n<meta property=\"og:url\" content=\"https:\/\/www.welovecycling.com\/hu\/varosi-kerekparozas\/egyre-nepszerubb-a-teherszallito-kerekpar-europaban\/\" \/>\n<meta property=\"og:site_name\" content=\"\u0160koda We Love Cycling - Magyarorsz\u00e1g\" \/>\n<meta property=\"article:publisher\" content=\"https:\/\/www.facebook.com\/WeLoveCyclingHungary\/\" \/>\n<meta property=\"article:published_time\" content=\"2020-10-27T07:00:28+00:00\" \/>\n<meta property=\"og:image\" content=\"https:\/\/d2p6e6u75xmxt8.cloudfront.net\/12\/2020\/10\/Messenger-cargo-profimedia-0197186699-CVR.jpg\" \/>\n\t<meta property=\"og:image:width\" content=\"1366\" \/>\n\t<meta property=\"og:image:height\" content=\"600\" \/>\n\t<meta property=\"og:image:type\" content=\"image\/jpeg\" \/>\n<meta name=\"author\" content=\"hegyizs\" \/>\n<meta name=\"twitter:card\" content=\"summary_large_image\" \/>\n<meta name=\"twitter:label1\" content=\"Written by\" \/>\n\t<meta name=\"twitter:data1\" content=\"Adam Marsal\" \/>\n\t<meta name=\"twitter:label2\" content=\"Est. reading time\" \/>\n\t<meta name=\"twitter:data2\" content=\"4\" \/>\n<script type=\"application\/ld+json\" class=\"yoast-schema-graph\">{\"@context\":\"https:\/\/schema.org\",\"@graph\":[{\"@type\":\"WebPage\",\"@id\":\"https:\/\/www.welovecycling.com\/hu\/varosi-kerekparozas\/egyre-nepszerubb-a-teherszallito-kerekpar-europaban\/\",\"url\":\"https:\/\/www.welovecycling.com\/hu\/varosi-kerekparozas\/egyre-nepszerubb-a-teherszallito-kerekpar-europaban\/\",\"name\":\"Egyre n\u00e9pszer\u0171bb a tehersz\u00e1ll\u00edt\u00f3 ker\u00e9kp\u00e1r Eur\u00f3p\u00e1ban - \u0160koda We Love Cycling - Magyarorsz\u00e1g\",\"isPartOf\":{\"@id\":\"https:\/\/www.welovecycling.com\/hu\/#website\"},\"primaryImageOfPage\":{\"@id\":\"https:\/\/www.welovecycling.com\/hu\/varosi-kerekparozas\/egyre-nepszerubb-a-teherszallito-kerekpar-europaban\/#primaryimage\"},\"image\":{\"@id\":\"https:\/\/www.welovecycling.com\/hu\/varosi-kerekparozas\/egyre-nepszerubb-a-teherszallito-kerekpar-europaban\/#primaryimage\"},\"thumbnailUrl\":\"https:\/\/d2p6e6u75xmxt8.cloudfront.net\/12\/2020\/10\/Messenger-cargo-profimedia-0197186699-CVR.jpg\",\"datePublished\":\"2020-10-27T07:00:28+00:00\",\"author\":{\"@id\":\"https:\/\/www.welovecycling.com\/hu\/#\/schema\/person\/414a2aebf1801691a5320edb6468e194\"},\"description\":\"A tehersz\u00e1ll\u00edt\u00f3 biciklik n\u00e9pszer\u0171s\u00e9ge az eur\u00f3pai v\u00e1rosokban rohamosan n\u00f6vekszik.\",\"breadcrumb\":{\"@id\":\"https:\/\/www.welovecycling.com\/hu\/varosi-kerekparozas\/egyre-nepszerubb-a-teherszallito-kerekpar-europaban\/#breadcrumb\"},\"inLanguage\":\"hu\",\"potentialAction\":[{\"@type\":\"ReadAction\",\"target\":[\"https:\/\/www.welovecycling.com\/hu\/varosi-kerekparozas\/egyre-nepszerubb-a-teherszallito-kerekpar-europaban\/\"]}]},{\"@type\":\"ImageObject\",\"inLanguage\":\"hu\",\"@id\":\"https:\/\/www.welovecycling.com\/hu\/varosi-kerekparozas\/egyre-nepszerubb-a-teherszallito-kerekpar-europaban\/#primaryimage\",\"url\":\"https:\/\/d2p6e6u75xmxt8.cloudfront.net\/12\/2020\/10\/Messenger-cargo-profimedia-0197186699-CVR.jpg\",\"contentUrl\":\"https:\/\/d2p6e6u75xmxt8.cloudfront.net\/12\/2020\/10\/Messenger-cargo-profimedia-0197186699-CVR.jpg\",\"width\":1366,\"height\":600,\"caption\":\"Messenger\"},{\"@type\":\"BreadcrumbList\",\"@id\":\"https:\/\/www.welovecycling.com\/hu\/varosi-kerekparozas\/egyre-nepszerubb-a-teherszallito-kerekpar-europaban\/#breadcrumb\",\"itemListElement\":[{\"@type\":\"ListItem\",\"position\":1,\"name\":\"Home\",\"item\":\"https:\/\/www.welovecycling.com\/hu\/\"},{\"@type\":\"ListItem\",\"position\":2,\"name\":\"Egyre n\u00e9pszer\u0171bb a tehersz\u00e1ll\u00edt\u00f3 ker\u00e9kp\u00e1r Eur\u00f3p\u00e1ban\"}]},{\"@type\":\"WebSite\",\"@id\":\"https:\/\/www.welovecycling.com\/hu\/#website\",\"url\":\"https:\/\/www.welovecycling.com\/hu\/\",\"name\":\"\u0160koda We Love Cycling - Magyarorsz\u00e1g\",\"description\":\"\u0160koda WeLoveCycling\",\"potentialAction\":[{\"@type\":\"SearchAction\",\"target\":{\"@type\":\"EntryPoint\",\"urlTemplate\":\"https:\/\/www.welovecycling.com\/hu\/?s={search_term_string}\"},\"query-input\":{\"@type\":\"PropertyValueSpecification\",\"valueRequired\":true,\"valueName\":\"search_term_string\"}}],\"inLanguage\":\"hu\"},{\"@type\":\"Person\",\"@id\":\"https:\/\/www.welovecycling.com\/hu\/#\/schema\/person\/414a2aebf1801691a5320edb6468e194\",\"name\":\"hegyizs\",\"image\":{\"@type\":\"ImageObject\",\"inLanguage\":\"hu\",\"@id\":\"https:\/\/www.welovecycling.com\/hu\/#\/schema\/person\/image\/\",\"url\":\"https:\/\/secure.gravatar.com\/avatar\/02cf8a7906b8cf90cecb4679defac7cfd33a1c2e3b88e4903d947f3bb58eedd3?s=96&d=mm&r=g\",\"contentUrl\":\"https:\/\/secure.gravatar.com\/avatar\/02cf8a7906b8cf90cecb4679defac7cfd33a1c2e3b88e4903d947f3bb58eedd3?s=96&d=mm&r=g\",\"caption\":\"hegyizs\"},\"url\":\"https:\/\/www.welovecycling.com\/hu\/author\/hegyizs\/\"}]}<\/script>\n<!-- \/ Yoast SEO Premium plugin. -->","yoast_head_json":{"title":"Egyre n\u00e9pszer\u0171bb a tehersz\u00e1ll\u00edt\u00f3 ker\u00e9kp\u00e1r Eur\u00f3p\u00e1ban - \u0160koda We Love Cycling - Magyarorsz\u00e1g","description":"A tehersz\u00e1ll\u00edt\u00f3 biciklik n\u00e9pszer\u0171s\u00e9ge az eur\u00f3pai v\u00e1rosokban rohamosan n\u00f6vekszik.","robots":{"index":"index","follow":"follow","max-snippet":"max-snippet:-1","max-image-preview":"max-image-preview:large","max-video-preview":"max-video-preview:-1"},"canonical":"https:\/\/www.welovecycling.com\/hu\/varosi-kerekparozas\/egyre-nepszerubb-a-teherszallito-kerekpar-europaban\/","og_locale":"hu_HU","og_type":"article","og_title":"Egyre n\u00e9pszer\u0171bb a tehersz\u00e1ll\u00edt\u00f3 ker\u00e9kp\u00e1r Eur\u00f3p\u00e1ban","og_description":"A tehersz\u00e1ll\u00edt\u00f3 biciklik n\u00e9pszer\u0171s\u00e9ge az eur\u00f3pai v\u00e1rosokban rohamosan n\u00f6vekszik. A CityChangerCargoBike projekt felm\u00e9r\u00e9se szerint a nagy tehersz\u00e1ll\u00edt\u00f3 ker\u00e9kp\u00e1r-gy\u00e1rt\u00f3k kereslet\u00e9nek n\u00f6veked\u00e9si \u00fcteme tavaly el\u00e9rte a 60 sz\u00e1zal\u00e9kot. A j\u00f6v\u0151beni kil\u00e1t\u00e1sok enn\u00e9l is \u00edg\u00e9retesebbek: az elad\u00e1sok a becsl\u00e9sek szerint 53 sz\u00e1zal\u00e9kkal n\u00f6vekedhetnek.","og_url":"https:\/\/www.welovecycling.com\/hu\/varosi-kerekparozas\/egyre-nepszerubb-a-teherszallito-kerekpar-europaban\/","og_site_name":"\u0160koda We Love Cycling - Magyarorsz\u00e1g","article_publisher":"https:\/\/www.facebook.com\/WeLoveCyclingHungary\/","article_published_time":"2020-10-27T07:00:28+00:00","og_image":[{"width":1366,"height":600,"url":"https:\/\/d2p6e6u75xmxt8.cloudfront.net\/12\/2020\/10\/Messenger-cargo-profimedia-0197186699-CVR.jpg","type":"image\/jpeg"}],"author":"hegyizs","twitter_card":"summary_large_image","twitter_misc":{"Written by":"Adam Marsal","Est. reading time":"4"},"schema":{"@context":"https:\/\/schema.org","@graph":[{"@type":"WebPage","@id":"https:\/\/www.welovecycling.com\/hu\/varosi-kerekparozas\/egyre-nepszerubb-a-teherszallito-kerekpar-europaban\/","url":"https:\/\/www.welovecycling.com\/hu\/varosi-kerekparozas\/egyre-nepszerubb-a-teherszallito-kerekpar-europaban\/","name":"Egyre n\u00e9pszer\u0171bb a tehersz\u00e1ll\u00edt\u00f3 ker\u00e9kp\u00e1r Eur\u00f3p\u00e1ban - \u0160koda We Love Cycling - Magyarorsz\u00e1g","isPartOf":{"@id":"https:\/\/www.welovecycling.com\/hu\/#website"},"primaryImageOfPage":{"@id":"https:\/\/www.welovecycling.com\/hu\/varosi-kerekparozas\/egyre-nepszerubb-a-teherszallito-kerekpar-europaban\/#primaryimage"},"image":{"@id":"https:\/\/www.welovecycling.com\/hu\/varosi-kerekparozas\/egyre-nepszerubb-a-teherszallito-kerekpar-europaban\/#primaryimage"},"thumbnailUrl":"https:\/\/d2p6e6u75xmxt8.cloudfront.net\/12\/2020\/10\/Messenger-cargo-profimedia-0197186699-CVR.jpg","datePublished":"2020-10-27T07:00:28+00:00","author":{"@id":"https:\/\/www.welovecycling.com\/hu\/#\/schema\/person\/414a2aebf1801691a5320edb6468e194"},"description":"A tehersz\u00e1ll\u00edt\u00f3 biciklik n\u00e9pszer\u0171s\u00e9ge az eur\u00f3pai v\u00e1rosokban rohamosan n\u00f6vekszik.","breadcrumb":{"@id":"https:\/\/www.welovecycling.com\/hu\/varosi-kerekparozas\/egyre-nepszerubb-a-teherszallito-kerekpar-europaban\/#breadcrumb"},"inLanguage":"hu","potentialAction":[{"@type":"ReadAction","target":["https:\/\/www.welovecycling.com\/hu\/varosi-kerekparozas\/egyre-nepszerubb-a-teherszallito-kerekpar-europaban\/"]}]},{"@type":"ImageObject","inLanguage":"hu","@id":"https:\/\/www.welovecycling.com\/hu\/varosi-kerekparozas\/egyre-nepszerubb-a-teherszallito-kerekpar-europaban\/#primaryimage","url":"https:\/\/d2p6e6u75xmxt8.cloudfront.net\/12\/2020\/10\/Messenger-cargo-profimedia-0197186699-CVR.jpg","contentUrl":"https:\/\/d2p6e6u75xmxt8.cloudfront.net\/12\/2020\/10\/Messenger-cargo-profimedia-0197186699-CVR.jpg","width":1366,"height":600,"caption":"Messenger"},{"@type":"BreadcrumbList","@id":"https:\/\/www.welovecycling.com\/hu\/varosi-kerekparozas\/egyre-nepszerubb-a-teherszallito-kerekpar-europaban\/#breadcrumb","itemListElement":[{"@type":"ListItem","position":1,"name":"Home","item":"https:\/\/www.welovecycling.com\/hu\/"},{"@type":"ListItem","position":2,"name":"Egyre n\u00e9pszer\u0171bb a tehersz\u00e1ll\u00edt\u00f3 ker\u00e9kp\u00e1r Eur\u00f3p\u00e1ban"}]},{"@type":"WebSite","@id":"https:\/\/www.welovecycling.com\/hu\/#website","url":"https:\/\/www.welovecycling.com\/hu\/","name":"\u0160koda We Love Cycling - Magyarorsz\u00e1g","description":"\u0160koda WeLoveCycling","potentialAction":[{"@type":"SearchAction","target":{"@type":"EntryPoint","urlTemplate":"https:\/\/www.welovecycling.com\/hu\/?s={search_term_string}"},"query-input":{"@type":"PropertyValueSpecification","valueRequired":true,"valueName":"search_term_string"}}],"inLanguage":"hu"},{"@type":"Person","@id":"https:\/\/www.welovecycling.com\/hu\/#\/schema\/person\/414a2aebf1801691a5320edb6468e194","name":"hegyizs","image":{"@type":"ImageObject","inLanguage":"hu","@id":"https:\/\/www.welovecycling.com\/hu\/#\/schema\/person\/image\/","url":"https:\/\/secure.gravatar.com\/avatar\/02cf8a7906b8cf90cecb4679defac7cfd33a1c2e3b88e4903d947f3bb58eedd3?s=96&d=mm&r=g","contentUrl":"https:\/\/secure.gravatar.com\/avatar\/02cf8a7906b8cf90cecb4679defac7cfd33a1c2e3b88e4903d947f3bb58eedd3?s=96&d=mm&r=g","caption":"hegyizs"},"url":"https:\/\/www.welovecycling.com\/hu\/author\/hegyizs\/"}]}},"_links":{"self":[{"href":"https:\/\/www.welovecycling.com\/hu\/wp-json\/wp\/v2\/posts\/8819","targetHints":{"allow":["GET"]}}],"collection":[{"href":"https:\/\/www.welovecycling.com\/hu\/wp-json\/wp\/v2\/posts"}],"about":[{"href":"https:\/\/www.welovecycling.com\/hu\/wp-json\/wp\/v2\/types\/post"}],"author":[{"embeddable":true,"href":"https:\/\/www.welovecycling.com\/hu\/wp-json\/wp\/v2\/users\/71"}],"replies":[{"embeddable":true,"href":"https:\/\/www.welovecycling.com\/hu\/wp-json\/wp\/v2\/comments?post=8819"}],"version-history":[{"count":2,"href":"https:\/\/www.welovecycling.com\/hu\/wp-json\/wp\/v2\/posts\/8819\/revisions"}],"predecessor-version":[{"id":8841,"href":"https:\/\/www.welovecycling.com\/hu\/wp-json\/wp\/v2\/posts\/8819\/revisions\/8841"}],"wp:featuredmedia":[{"embeddable":true,"href":"https:\/\/www.welovecycling.com\/hu\/wp-json\/wp\/v2\/media\/8823"}],"wp:attachment":[{"href":"https:\/\/www.welovecycling.com\/hu\/wp-json\/wp\/v2\/media?parent=8819"}],"wp:term":[{"taxonomy":"category","embeddable":true,"href":"https:\/\/www.welovecycling.com\/hu\/wp-json\/wp\/v2\/categories?post=8819"},{"taxonomy":"post_tag","embeddable":true,"href":"https:\/\/www.welovecycling.com\/hu\/wp-json\/wp\/v2\/tags?post=8819"},{"taxonomy":"global-categories","embeddable":true,"href":"https:\/\/www.welovecycling.com\/hu\/wp-json\/wp\/v2\/global-categories?post=8819"}],"curies":[{"name":"wp","href":"https:\/\/api.w.org\/{rel}","templated":true}]}}