{"id":8813,"date":"2020-10-30T08:00:57","date_gmt":"2020-10-30T07:00:57","guid":{"rendered":"https:\/\/www.welovecycling.com\/hu\/?p=8813"},"modified":"2020-10-22T10:23:28","modified_gmt":"2020-10-22T09:23:28","slug":"az-urben-is-jot-tesz-a-biciklizes-esettanulmany-az-1973-as-apollo-programrol","status":"publish","type":"post","link":"https:\/\/www.welovecycling.com\/hu\/kozosseg-es-kultura\/az-urben-is-jot-tesz-a-biciklizes-esettanulmany-az-1973-as-apollo-programrol\/","title":{"rendered":"Az \u0171rben is j\u00f3t tesz a bicikliz\u00e9s: Esettanulm\u00e1ny az 1973-as Apollo-programr\u00f3l"},"content":{"rendered":"<p><strong> A Skylab 3 egy sikeres 59 napos k\u00fcldet\u00e9sb\u0151l t\u00e9r vissza az \u0171rb\u0151l. A h\u00e1romtag\u00fa leg\u00e9nys\u00e9g j\u00faliusban hagyta el a F\u00f6ldet, \u00e9s csaknem k\u00e9t h\u00f3napot t\u00f6lt\u00f6tt az amerikai \u0171r\u00e1llom\u00e1s, a Skylab fed\u00e9lzet\u00e9n. Most, szeptember v\u00e9ge fel\u00e9 a nyilv\u00e1noss\u00e1g \u00e9s a tud\u00f3sok \u00e1ltal egyar\u00e1nt \u00fcnnepelt Alan Bean, Owen Garriott \u00e9s Jack Lousma sikeresen hazat\u00e9rt, ezzel megdupl\u00e1zva az emberek \u00e1ltal \u0171rben t\u00f6lt\u00f6tt id\u0151 eddigi rekordj\u00e1t.<\/strong><\/p>\n<p><!--more--><\/p>\n<p>K\u00fcl\u00f6n\u00f6sen boldogg\u00e1 teszi a leg\u00e9nys\u00e9get \u00fcdv\u00f6zl\u0151 orvosokat az a t\u00e9ny, hogy az \u0171rhaj\u00f3sok \u00e9rezhet\u0151en jobb fizikai \u00e1llapotban vannak, mint a kor\u00e1bbi Skylab-k\u00fcldet\u00e9sek leg\u00e9nys\u00e9ge. Hogyan lehets\u00e9ges ez? Nos, kider\u00fclt, hogy ami a F\u00f6ld\u00f6n m\u0171k\u00f6dik, az az \u0171rben is m\u0171k\u00f6dik. A rendszeres testmozg\u00e1s \u00e9s &#8211; nagy meglepet\u00e9s\u00fcnkre &#8211; a ker\u00e9kp\u00e1roz\u00e1s nagyban hozz\u00e1j\u00e1rult az \u0171rhaj\u00f3sok j\u00f3 eg\u00e9szs\u00e9g\u00e9hez.<\/p>\n<p>https:\/\/www.instagram.com\/p\/B-I1Mv_p81t\/?utm_source=ig_web_copy_link<\/p>\n<h2><strong>Fedezd fel az \u0171rt, tud\u00f3skodj egy keveset, \u00e9s ne felejtsd el a napi ker\u00e9kp\u00e1roz\u00e1st!<\/strong><\/h2>\n<p>Az Alan Bean parancsnok (a negyedik ember, aki a Holdon j\u00e1rt) \u00e1ltal vezetett Skylab 3 leg\u00e9nys\u00e9ge olyan orvosi k\u00eds\u00e9rletek elv\u00e9gz\u00e9s\u00e9re kapott megb\u00edz\u00e1st, amelyek seg\u00edtenek a tud\u00f3soknak meg\u00e9rteni az emberi test alkalmazkod\u00e1s\u00e1t azokhoz a nem mindennapi k\u00f6r\u00fclm\u00e9nyekhez, amikkel egy \u0171rutaz\u00e1s j\u00e1rhat. A tesztel\u00e9sek egyik fontos r\u00e9sz\u00e9t a testmozg\u00e1s alkotta. Itt j\u00f6tt k\u00e9pbe a ker\u00e9kp\u00e1roz\u00e1s.<\/p>\n<p>Az \u0171rhaj\u00f3sok napi egy \u00f3r\u00e1t tekertek, hogy jobban meg\u00e9rts\u00e9k az emberi fiziol\u00f3gi\u00e1t, az \u0171rt \u00e9s a vil\u00e1gegyetemet. Sajnos ezt nem a Skylab-on k\u00edv\u00fcl tett\u00e9k, pedig sz\u00edvesen l\u00e1ttunk volna k\u00e9peket egy k\u00f6rp\u00e1lya ment\u00e9n ker\u00e9kp\u00e1roz\u00f3 asztronaut\u00e1r\u00f3l! A leg\u00e9nys\u00e9g rendelkez\u00e9s\u00e9re \u00e1ll\u00f3 szerkezet azonban enn\u00e9l statikusabbnak bizonyult, \u00e9s rengeteg, a testhez \u00e9s a mozdulatlan biciklihez csatlakoztatott cs\u00f6vet \u00e9s egy\u00e9b eszk\u00f6zt tartalmazott.<\/p>\n<figure id=\"attachment_8816\" aria-describedby=\"caption-attachment-8816\" style=\"width: 1024px\" class=\"wp-caption alignnone\"><a href=\"https:\/\/d2p6e6u75xmxt8.cloudfront.net\/2\/2020\/10\/profimedia-0373100175.jpg\"><img loading=\"lazy\" decoding=\"async\" class=\"wp-image-8816 size-large\" src=\"https:\/\/d2p6e6u75xmxt8.cloudfront.net\/12\/2020\/10\/profimedia-0373100175-1024x676.jpg\" alt=\"Alan Bean\" width=\"1024\" height=\"676\" srcset=\"https:\/\/d2p6e6u75xmxt8.cloudfront.net\/12\/2020\/10\/profimedia-0373100175-1024x676.jpg 1024w, https:\/\/d2p6e6u75xmxt8.cloudfront.net\/12\/2020\/10\/profimedia-0373100175-300x198.jpg 300w, https:\/\/d2p6e6u75xmxt8.cloudfront.net\/12\/2020\/10\/profimedia-0373100175-768x507.jpg 768w, https:\/\/d2p6e6u75xmxt8.cloudfront.net\/12\/2020\/10\/profimedia-0373100175.jpg 1250w\" sizes=\"auto, (max-width: 1024px) 100vw, 1024px\" \/><\/a><figcaption id=\"caption-attachment-8816\" class=\"wp-caption-text\"><em>Alan Bean az alv\u00f3kabinj\u00e1ban. \u00a9 Profimedia<\/em><\/figcaption><\/figure>\n<h2><strong>Ha ragaszkodsz a rutinodhoz, legy\u0151z\u00f6d a t\u00f6bbi \u0171rhaj\u00f3st!<\/strong><\/h2>\n<p>A tudom\u00e1nyos c\u00e9lokt\u00f3l eltekintve, az edz\u00e9sterveket az\u00e9rt hozt\u00e1k l\u00e9tre, hogy megakad\u00e1lyozz\u00e1k az \u0171rhaj\u00f3sok ellustul\u00e1s\u00e1t a s\u00falytalan k\u00f6rnyezetben. \u00c9s amint azt a leg\u00e9nys\u00e9g meg\u00e9rkez\u00e9skesor v\u00e9gzett orvosi vizsg\u00e1latok kimutatt\u00e1k, minden er\u0151fesz\u00edt\u00e9s megt\u00e9r\u00fclt.<\/p>\n<p>A t\u00f6rt\u00e9net tanuls\u00e1ga meglehet\u0151sen egyszer\u0171: A testmozg\u00e1s \u00e9s a ker\u00e9kp\u00e1roz\u00e1s t\u00e9nyleg j\u00f3t tesz. M\u00e9g \u00e9leted legrendk\u00edv\u00fclibb pillanataiban is.\u00a0 Nem hiszel nek\u00fcnk? N\u00e9zd meg ezt a dokumentumfilmet!<\/p>\n<lite-youtube videoid=nnB1yQ4zylY params=\"enablejsapi=1\" style=\"background-image: url('https:\/\/i.ytimg.com\/vi_webp\/nnB1yQ4zylY\/maxresdefault.webp');\"><\/lite-youtube>\n","protected":false},"excerpt":{"rendered":"<p>A Skylab 3 egy sikeres 59 napos k\u00fcldet\u00e9sb\u0151l t\u00e9r vissza az \u0171rb\u0151l. A h\u00e1romtag\u00fa leg\u00e9nys\u00e9g j\u00faliusban hagyta el a F\u00f6ldet, [&hellip;]<\/p>\n","protected":false},"author":71,"featured_media":8818,"comment_status":"open","ping_status":"open","sticky":false,"template":"","format":"standard","meta":{"footnotes":""},"categories":[12],"tags":[],"global-categories":[],"class_list":["post-8813","post","type-post","status-publish","format-standard","has-post-thumbnail","hentry","category-kozosseg-es-kultura"],"yoast_head":"<!-- This site is optimized with the Yoast SEO Premium plugin v25.3 (Yoast SEO v25.9) - https:\/\/yoast.com\/wordpress\/plugins\/seo\/ -->\n<title>Az \u0171rben is j\u00f3t tesz a bicikliz\u00e9s: Esettanulm\u00e1ny az 1973-as Apollo-programr\u00f3l<\/title>\n<meta name=\"description\" content=\"1973. A Skylab 3 egy sikeres 59 napos k\u00fcldet\u00e9sb\u0151l t\u00e9r vissza az \u0171rb\u0151l.\" \/>\n<meta name=\"robots\" content=\"index, follow, max-snippet:-1, max-image-preview:large, max-video-preview:-1\" \/>\n<link rel=\"canonical\" href=\"https:\/\/www.welovecycling.com\/hu\/kozosseg-es-kultura\/az-urben-is-jot-tesz-a-biciklizes-esettanulmany-az-1973-as-apollo-programrol\/\" \/>\n<meta property=\"og:locale\" content=\"hu_HU\" \/>\n<meta property=\"og:type\" content=\"article\" \/>\n<meta property=\"og:title\" content=\"Az \u0171rben is j\u00f3t tesz a bicikliz\u00e9s: Esettanulm\u00e1ny az 1973-as Apollo-programr\u00f3l\" \/>\n<meta property=\"og:description\" content=\"1973. A Skylab 3 egy sikeres 59 napos k\u00fcldet\u00e9sb\u0151l t\u00e9r vissza az \u0171rb\u0151l. A h\u00e1romtag\u00fa leg\u00e9nys\u00e9g j\u00faliusban hagyta el a F\u00f6ldet, \u00e9s csaknem k\u00e9t h\u00f3napot t\u00f6lt\u00f6tt az amerikai \u0171r\u00e1llom\u00e1s, a Skylab fed\u00e9lzet\u00e9n. Most, szeptember v\u00e9ge fel\u00e9 a nyilv\u00e1noss\u00e1g \u00e9s a tud\u00f3sok \u00e1ltal egyar\u00e1nt \u00fcnnepelt Alan Bean, Owen Garriott \u00e9s Jack Lousma sikeresen hazat\u00e9rt, ezzel megdupl\u00e1zva az emberek \u00e1ltal \u0171rben t\u00f6lt\u00f6tt id\u0151 eddigi re-kordj\u00e1t.\" \/>\n<meta property=\"og:url\" content=\"https:\/\/www.welovecycling.com\/hu\/kozosseg-es-kultura\/az-urben-is-jot-tesz-a-biciklizes-esettanulmany-az-1973-as-apollo-programrol\/\" \/>\n<meta property=\"og:site_name\" content=\"\u0160koda We Love Cycling - Magyarorsz\u00e1g\" \/>\n<meta property=\"article:publisher\" content=\"https:\/\/www.facebook.com\/WeLoveCyclingHungary\/\" \/>\n<meta property=\"article:published_time\" content=\"2020-10-30T07:00:57+00:00\" \/>\n<meta property=\"og:image\" content=\"https:\/\/d2p6e6u75xmxt8.cloudfront.net\/12\/2020\/10\/skylab-profimedia-0373100163-CVR.jpg\" \/>\n\t<meta property=\"og:image:width\" content=\"1366\" \/>\n\t<meta property=\"og:image:height\" content=\"600\" \/>\n\t<meta property=\"og:image:type\" content=\"image\/jpeg\" \/>\n<meta name=\"author\" content=\"hegyizs\" \/>\n<meta name=\"twitter:card\" content=\"summary_large_image\" \/>\n<meta name=\"twitter:label1\" content=\"Written by\" \/>\n\t<meta name=\"twitter:data1\" content=\"Tereza Antonova\" \/>\n\t<meta name=\"twitter:label2\" content=\"Est. reading time\" \/>\n\t<meta name=\"twitter:data2\" content=\"5\" \/>\n<script type=\"application\/ld+json\" class=\"yoast-schema-graph\">{\"@context\":\"https:\/\/schema.org\",\"@graph\":[{\"@type\":\"WebPage\",\"@id\":\"https:\/\/www.welovecycling.com\/hu\/kozosseg-es-kultura\/az-urben-is-jot-tesz-a-biciklizes-esettanulmany-az-1973-as-apollo-programrol\/\",\"url\":\"https:\/\/www.welovecycling.com\/hu\/kozosseg-es-kultura\/az-urben-is-jot-tesz-a-biciklizes-esettanulmany-az-1973-as-apollo-programrol\/\",\"name\":\"Az \u0171rben is j\u00f3t tesz a bicikliz\u00e9s: Esettanulm\u00e1ny az 1973-as Apollo-programr\u00f3l\",\"isPartOf\":{\"@id\":\"https:\/\/www.welovecycling.com\/hu\/#website\"},\"primaryImageOfPage\":{\"@id\":\"https:\/\/www.welovecycling.com\/hu\/kozosseg-es-kultura\/az-urben-is-jot-tesz-a-biciklizes-esettanulmany-az-1973-as-apollo-programrol\/#primaryimage\"},\"image\":{\"@id\":\"https:\/\/www.welovecycling.com\/hu\/kozosseg-es-kultura\/az-urben-is-jot-tesz-a-biciklizes-esettanulmany-az-1973-as-apollo-programrol\/#primaryimage\"},\"thumbnailUrl\":\"https:\/\/d2p6e6u75xmxt8.cloudfront.net\/12\/2020\/10\/skylab-profimedia-0373100163-CVR.jpg\",\"datePublished\":\"2020-10-30T07:00:57+00:00\",\"author\":{\"@id\":\"https:\/\/www.welovecycling.com\/hu\/#\/schema\/person\/414a2aebf1801691a5320edb6468e194\"},\"description\":\"1973. A Skylab 3 egy sikeres 59 napos k\u00fcldet\u00e9sb\u0151l t\u00e9r vissza az \u0171rb\u0151l.\",\"breadcrumb\":{\"@id\":\"https:\/\/www.welovecycling.com\/hu\/kozosseg-es-kultura\/az-urben-is-jot-tesz-a-biciklizes-esettanulmany-az-1973-as-apollo-programrol\/#breadcrumb\"},\"inLanguage\":\"hu\",\"potentialAction\":[{\"@type\":\"ReadAction\",\"target\":[\"https:\/\/www.welovecycling.com\/hu\/kozosseg-es-kultura\/az-urben-is-jot-tesz-a-biciklizes-esettanulmany-az-1973-as-apollo-programrol\/\"]}]},{\"@type\":\"ImageObject\",\"inLanguage\":\"hu\",\"@id\":\"https:\/\/www.welovecycling.com\/hu\/kozosseg-es-kultura\/az-urben-is-jot-tesz-a-biciklizes-esettanulmany-az-1973-as-apollo-programrol\/#primaryimage\",\"url\":\"https:\/\/d2p6e6u75xmxt8.cloudfront.net\/12\/2020\/10\/skylab-profimedia-0373100163-CVR.jpg\",\"contentUrl\":\"https:\/\/d2p6e6u75xmxt8.cloudfront.net\/12\/2020\/10\/skylab-profimedia-0373100163-CVR.jpg\",\"width\":1366,\"height\":600,\"caption\":\"Skylab\"},{\"@type\":\"BreadcrumbList\",\"@id\":\"https:\/\/www.welovecycling.com\/hu\/kozosseg-es-kultura\/az-urben-is-jot-tesz-a-biciklizes-esettanulmany-az-1973-as-apollo-programrol\/#breadcrumb\",\"itemListElement\":[{\"@type\":\"ListItem\",\"position\":1,\"name\":\"Home\",\"item\":\"https:\/\/www.welovecycling.com\/hu\/\"},{\"@type\":\"ListItem\",\"position\":2,\"name\":\"Az \u0171rben is j\u00f3t tesz a bicikliz\u00e9s: Esettanulm\u00e1ny az 1973-as Apollo-programr\u00f3l\"}]},{\"@type\":\"WebSite\",\"@id\":\"https:\/\/www.welovecycling.com\/hu\/#website\",\"url\":\"https:\/\/www.welovecycling.com\/hu\/\",\"name\":\"\u0160koda We Love Cycling - Magyarorsz\u00e1g\",\"description\":\"\u0160koda WeLoveCycling\",\"potentialAction\":[{\"@type\":\"SearchAction\",\"target\":{\"@type\":\"EntryPoint\",\"urlTemplate\":\"https:\/\/www.welovecycling.com\/hu\/?s={search_term_string}\"},\"query-input\":{\"@type\":\"PropertyValueSpecification\",\"valueRequired\":true,\"valueName\":\"search_term_string\"}}],\"inLanguage\":\"hu\"},{\"@type\":\"Person\",\"@id\":\"https:\/\/www.welovecycling.com\/hu\/#\/schema\/person\/414a2aebf1801691a5320edb6468e194\",\"name\":\"hegyizs\",\"image\":{\"@type\":\"ImageObject\",\"inLanguage\":\"hu\",\"@id\":\"https:\/\/www.welovecycling.com\/hu\/#\/schema\/person\/image\/\",\"url\":\"https:\/\/secure.gravatar.com\/avatar\/02cf8a7906b8cf90cecb4679defac7cfd33a1c2e3b88e4903d947f3bb58eedd3?s=96&d=mm&r=g\",\"contentUrl\":\"https:\/\/secure.gravatar.com\/avatar\/02cf8a7906b8cf90cecb4679defac7cfd33a1c2e3b88e4903d947f3bb58eedd3?s=96&d=mm&r=g\",\"caption\":\"hegyizs\"},\"url\":\"https:\/\/www.welovecycling.com\/hu\/author\/hegyizs\/\"}]}<\/script>\n<!-- \/ Yoast SEO Premium plugin. -->","yoast_head_json":{"title":"Az \u0171rben is j\u00f3t tesz a bicikliz\u00e9s: Esettanulm\u00e1ny az 1973-as Apollo-programr\u00f3l","description":"1973. A Skylab 3 egy sikeres 59 napos k\u00fcldet\u00e9sb\u0151l t\u00e9r vissza az \u0171rb\u0151l.","robots":{"index":"index","follow":"follow","max-snippet":"max-snippet:-1","max-image-preview":"max-image-preview:large","max-video-preview":"max-video-preview:-1"},"canonical":"https:\/\/www.welovecycling.com\/hu\/kozosseg-es-kultura\/az-urben-is-jot-tesz-a-biciklizes-esettanulmany-az-1973-as-apollo-programrol\/","og_locale":"hu_HU","og_type":"article","og_title":"Az \u0171rben is j\u00f3t tesz a bicikliz\u00e9s: Esettanulm\u00e1ny az 1973-as Apollo-programr\u00f3l","og_description":"1973. A Skylab 3 egy sikeres 59 napos k\u00fcldet\u00e9sb\u0151l t\u00e9r vissza az \u0171rb\u0151l. A h\u00e1romtag\u00fa leg\u00e9nys\u00e9g j\u00faliusban hagyta el a F\u00f6ldet, \u00e9s csaknem k\u00e9t h\u00f3napot t\u00f6lt\u00f6tt az amerikai \u0171r\u00e1llom\u00e1s, a Skylab fed\u00e9lzet\u00e9n. Most, szeptember v\u00e9ge fel\u00e9 a nyilv\u00e1noss\u00e1g \u00e9s a tud\u00f3sok \u00e1ltal egyar\u00e1nt \u00fcnnepelt Alan Bean, Owen Garriott \u00e9s Jack Lousma sikeresen hazat\u00e9rt, ezzel megdupl\u00e1zva az emberek \u00e1ltal \u0171rben t\u00f6lt\u00f6tt id\u0151 eddigi re-kordj\u00e1t.","og_url":"https:\/\/www.welovecycling.com\/hu\/kozosseg-es-kultura\/az-urben-is-jot-tesz-a-biciklizes-esettanulmany-az-1973-as-apollo-programrol\/","og_site_name":"\u0160koda We Love Cycling - Magyarorsz\u00e1g","article_publisher":"https:\/\/www.facebook.com\/WeLoveCyclingHungary\/","article_published_time":"2020-10-30T07:00:57+00:00","og_image":[{"width":1366,"height":600,"url":"https:\/\/d2p6e6u75xmxt8.cloudfront.net\/12\/2020\/10\/skylab-profimedia-0373100163-CVR.jpg","type":"image\/jpeg"}],"author":"hegyizs","twitter_card":"summary_large_image","twitter_misc":{"Written by":"Tereza Antonova","Est. reading time":"5"},"schema":{"@context":"https:\/\/schema.org","@graph":[{"@type":"WebPage","@id":"https:\/\/www.welovecycling.com\/hu\/kozosseg-es-kultura\/az-urben-is-jot-tesz-a-biciklizes-esettanulmany-az-1973-as-apollo-programrol\/","url":"https:\/\/www.welovecycling.com\/hu\/kozosseg-es-kultura\/az-urben-is-jot-tesz-a-biciklizes-esettanulmany-az-1973-as-apollo-programrol\/","name":"Az \u0171rben is j\u00f3t tesz a bicikliz\u00e9s: Esettanulm\u00e1ny az 1973-as Apollo-programr\u00f3l","isPartOf":{"@id":"https:\/\/www.welovecycling.com\/hu\/#website"},"primaryImageOfPage":{"@id":"https:\/\/www.welovecycling.com\/hu\/kozosseg-es-kultura\/az-urben-is-jot-tesz-a-biciklizes-esettanulmany-az-1973-as-apollo-programrol\/#primaryimage"},"image":{"@id":"https:\/\/www.welovecycling.com\/hu\/kozosseg-es-kultura\/az-urben-is-jot-tesz-a-biciklizes-esettanulmany-az-1973-as-apollo-programrol\/#primaryimage"},"thumbnailUrl":"https:\/\/d2p6e6u75xmxt8.cloudfront.net\/12\/2020\/10\/skylab-profimedia-0373100163-CVR.jpg","datePublished":"2020-10-30T07:00:57+00:00","author":{"@id":"https:\/\/www.welovecycling.com\/hu\/#\/schema\/person\/414a2aebf1801691a5320edb6468e194"},"description":"1973. A Skylab 3 egy sikeres 59 napos k\u00fcldet\u00e9sb\u0151l t\u00e9r vissza az \u0171rb\u0151l.","breadcrumb":{"@id":"https:\/\/www.welovecycling.com\/hu\/kozosseg-es-kultura\/az-urben-is-jot-tesz-a-biciklizes-esettanulmany-az-1973-as-apollo-programrol\/#breadcrumb"},"inLanguage":"hu","potentialAction":[{"@type":"ReadAction","target":["https:\/\/www.welovecycling.com\/hu\/kozosseg-es-kultura\/az-urben-is-jot-tesz-a-biciklizes-esettanulmany-az-1973-as-apollo-programrol\/"]}]},{"@type":"ImageObject","inLanguage":"hu","@id":"https:\/\/www.welovecycling.com\/hu\/kozosseg-es-kultura\/az-urben-is-jot-tesz-a-biciklizes-esettanulmany-az-1973-as-apollo-programrol\/#primaryimage","url":"https:\/\/d2p6e6u75xmxt8.cloudfront.net\/12\/2020\/10\/skylab-profimedia-0373100163-CVR.jpg","contentUrl":"https:\/\/d2p6e6u75xmxt8.cloudfront.net\/12\/2020\/10\/skylab-profimedia-0373100163-CVR.jpg","width":1366,"height":600,"caption":"Skylab"},{"@type":"BreadcrumbList","@id":"https:\/\/www.welovecycling.com\/hu\/kozosseg-es-kultura\/az-urben-is-jot-tesz-a-biciklizes-esettanulmany-az-1973-as-apollo-programrol\/#breadcrumb","itemListElement":[{"@type":"ListItem","position":1,"name":"Home","item":"https:\/\/www.welovecycling.com\/hu\/"},{"@type":"ListItem","position":2,"name":"Az \u0171rben is j\u00f3t tesz a bicikliz\u00e9s: Esettanulm\u00e1ny az 1973-as Apollo-programr\u00f3l"}]},{"@type":"WebSite","@id":"https:\/\/www.welovecycling.com\/hu\/#website","url":"https:\/\/www.welovecycling.com\/hu\/","name":"\u0160koda We Love Cycling - Magyarorsz\u00e1g","description":"\u0160koda WeLoveCycling","potentialAction":[{"@type":"SearchAction","target":{"@type":"EntryPoint","urlTemplate":"https:\/\/www.welovecycling.com\/hu\/?s={search_term_string}"},"query-input":{"@type":"PropertyValueSpecification","valueRequired":true,"valueName":"search_term_string"}}],"inLanguage":"hu"},{"@type":"Person","@id":"https:\/\/www.welovecycling.com\/hu\/#\/schema\/person\/414a2aebf1801691a5320edb6468e194","name":"hegyizs","image":{"@type":"ImageObject","inLanguage":"hu","@id":"https:\/\/www.welovecycling.com\/hu\/#\/schema\/person\/image\/","url":"https:\/\/secure.gravatar.com\/avatar\/02cf8a7906b8cf90cecb4679defac7cfd33a1c2e3b88e4903d947f3bb58eedd3?s=96&d=mm&r=g","contentUrl":"https:\/\/secure.gravatar.com\/avatar\/02cf8a7906b8cf90cecb4679defac7cfd33a1c2e3b88e4903d947f3bb58eedd3?s=96&d=mm&r=g","caption":"hegyizs"},"url":"https:\/\/www.welovecycling.com\/hu\/author\/hegyizs\/"}]}},"_links":{"self":[{"href":"https:\/\/www.welovecycling.com\/hu\/wp-json\/wp\/v2\/posts\/8813","targetHints":{"allow":["GET"]}}],"collection":[{"href":"https:\/\/www.welovecycling.com\/hu\/wp-json\/wp\/v2\/posts"}],"about":[{"href":"https:\/\/www.welovecycling.com\/hu\/wp-json\/wp\/v2\/types\/post"}],"author":[{"embeddable":true,"href":"https:\/\/www.welovecycling.com\/hu\/wp-json\/wp\/v2\/users\/71"}],"replies":[{"embeddable":true,"href":"https:\/\/www.welovecycling.com\/hu\/wp-json\/wp\/v2\/comments?post=8813"}],"version-history":[{"count":2,"href":"https:\/\/www.welovecycling.com\/hu\/wp-json\/wp\/v2\/posts\/8813\/revisions"}],"predecessor-version":[{"id":8840,"href":"https:\/\/www.welovecycling.com\/hu\/wp-json\/wp\/v2\/posts\/8813\/revisions\/8840"}],"wp:featuredmedia":[{"embeddable":true,"href":"https:\/\/www.welovecycling.com\/hu\/wp-json\/wp\/v2\/media\/8818"}],"wp:attachment":[{"href":"https:\/\/www.welovecycling.com\/hu\/wp-json\/wp\/v2\/media?parent=8813"}],"wp:term":[{"taxonomy":"category","embeddable":true,"href":"https:\/\/www.welovecycling.com\/hu\/wp-json\/wp\/v2\/categories?post=8813"},{"taxonomy":"post_tag","embeddable":true,"href":"https:\/\/www.welovecycling.com\/hu\/wp-json\/wp\/v2\/tags?post=8813"},{"taxonomy":"global-categories","embeddable":true,"href":"https:\/\/www.welovecycling.com\/hu\/wp-json\/wp\/v2\/global-categories?post=8813"}],"curies":[{"name":"wp","href":"https:\/\/api.w.org\/{rel}","templated":true}]}}