{"id":8786,"date":"2020-10-22T08:00:32","date_gmt":"2020-10-22T07:00:32","guid":{"rendered":"https:\/\/www.welovecycling.com\/hu\/?p=8786"},"modified":"2020-10-16T16:14:43","modified_gmt":"2020-10-16T15:14:43","slug":"juliet-elliott-a-ride2unite-sorozatban-mansplaining-tribalizmus-es-a-noi-kerekparozas-jovoje","status":"publish","type":"post","link":"https:\/\/www.welovecycling.com\/hu\/blog\/juliet-elliott-a-ride2unite-sorozatban-mansplaining-tribalizmus-es-a-noi-kerekparozas-jovoje\/","title":{"rendered":"Juliet Elliott a #Ride2Unite sorozatban: Mansplaining, tribalizmus \u00e9s a n\u0151i ker\u00e9kp\u00e1roz\u00e1s j\u00f6v\u0151je"},"content":{"rendered":"<p><strong>Alapvet\u0151 \u00e9rt\u00e9keink \u00e9s els\u0151dleges c\u00e9lunk tov\u00e1bbra is \u00e9l: eg\u00e9sz \u00e9vben szeretn\u00e9nk \u00f6sszetartani \u00e9s sz\u00f3rakoztatni a ker\u00e9kp\u00e1ros k\u00f6z\u00f6ss\u00e9get, ez\u00fattal online. <em>#Ride2Unite<\/em> sorozatunk \u00faj m\u0171sorvezet\u0151vel folytat\u00f3dik: a vakmer\u0151 MTB-versenyz\u0151, Anna Glowinski k\u00f6zvet\u00edti els\u0151 vend\u00e9ge, Juliet Elliott \u00fczeneteit a n\u00e9z\u0151k fel\u00e9.<\/strong><\/p>\n<p><!--more--><\/p>\n<p>Juliet humor\u00e9rz\u00e9ke \u00e9s kedvess\u00e9ge m\u00e1r kor\u00e1bban is megmutatkozott egyik Instagram-k\u00f6zvet\u00edt\u00e9s\u00fcnkben, ez\u00e9rt \u00fagy d\u00f6nt\u00f6tt\u00fcnk, t\u00f6bb id\u0151t hagyunk neki kibontakozni. Mivel Anna \u00e9s Juliet hasonl\u00f3 h\u00e1tt\u00e9rrel rendelkeznek, mindketten szeretik a bring\u00e1z\u00e1st \u00e9s n\u00e9pszer\u0171ek a k\u00f6z\u00f6ss\u00e9gi m\u00e9di\u00e1ban, volt mir\u0151l besz\u00e9lgetni\u00fck. T\u00f6bbek k\u00f6z\u00f6tt a negat\u00edv \u00e9lm\u00e9nyekr\u0151l is: \u00edgy j\u00f6tt el\u0151 a sz\u00f3 a mansplaining jelens\u00e9g\u00e9r\u0151l (amikor egy f\u00e9rfi felt\u00e9telezi egy n\u0151r\u0151l, hogy nem tud valamit, \u00e9s len\u00e9z\u0151en elmagyar\u00e1zza neki), a ker\u00e9kp\u00e1ros elitizmusr\u00f3l \u00e9s tribalizmusr\u00f3l, az online trollokr\u00f3l \u00e9s az egyenl\u0151s\u00e9g hi\u00e1ny\u00e1r\u00f3l.<\/p>\n<div class=\"embed-controller-wrapper\"><iframe title=\"Spotify Embed: Mansplaining, Tribalism &amp; The Future of Women&amp;apos;s Cycling: #Ride2Unite Podcast with Juliet Elliott\" style=\"border-radius: 12px\" width=\"100%\" height=\"152\" frameborder=\"0\" allowfullscreen allow=\"autoplay; clipboard-write; encrypted-media; fullscreen; picture-in-picture\" loading=\"lazy\" data-src=\"https:\/\/open.spotify.com\/embed\/episode\/4MRT9ambwECGa1Nsbl0t62?si=L54SYPOKSMSQ_-__LDBPSw&#038;utm_source=oembed\"><\/iframe><\/div>\n<p>Miut\u00e1n Juliet mes\u00e9lt eredm\u00e9nyeir\u0151l, hobbijair\u00f3l, szponzorair\u00f3l \u00e9s \u00e1ltal\u00e1noss\u00e1gban a fejl\u0151d\u00e9s\u00e9r\u0151l, csal\u00e1di \u00e9let\u00e9be is bepillant\u00e1st nyerhett\u00fcnk. F\u00e9rje, David szint\u00e9n nagy ker\u00e9kp\u00e1ros rajong\u00f3, \u00f6r\u00f6kbefogadott kisl\u00e1nyuk hasonl\u00f3k\u00e9pp. A sz\u00fcl\u0151knek elt\u00e9r\u0151 v\u00e9lem\u00e9ny\u00fck van arr\u00f3l, hogy ez hogyan alakult ki. <em>&#8220;Mindig azt mondom Dave-nek: Nem tudom elhinni, milyen hihetetlen szerencse, hogy a l\u00e1nyunk szereti a bicikliz\u00e9st! \u0150 pedig, hogy: Ugyan m\u00e1r! Ez miattunk van! De szerintem nem, soha nem k\u00e9nyszer\u00edtett\u00fck r\u00e1, hogy biciklizzen, nem k\u00e9nyszer\u00edtett\u00fck semmire. De hat\u00e1rozottan befoly\u00e1solja minden, amit l\u00e1t \u201d- <\/em>ismeri el nevetve Juliet.<\/p>\n<p>Hallgasd meg a teljes podcastot, \u00e9s ismerd meg jobban a ker\u00e9kp\u00e1rost!<\/p>\n","protected":false},"excerpt":{"rendered":"<p>Alapvet\u0151 \u00e9rt\u00e9keink \u00e9s els\u0151dleges c\u00e9lunk tov\u00e1bbra is \u00e9l: eg\u00e9sz \u00e9vben szeretn\u00e9nk \u00f6sszetartani \u00e9s sz\u00f3rakoztatni a ker\u00e9kp\u00e1ros k\u00f6z\u00f6ss\u00e9get, ez\u00fattal online. #Ride2Unite [&hellip;]<\/p>\n","protected":false},"author":71,"featured_media":8788,"comment_status":"open","ping_status":"open","sticky":false,"template":"","format":"standard","meta":{"footnotes":""},"categories":[13],"tags":[],"global-categories":[],"class_list":["post-8786","post","type-post","status-publish","format-standard","has-post-thumbnail","hentry","category-blog"],"yoast_head":"<!-- This site is optimized with the Yoast SEO Premium plugin v25.3 (Yoast SEO v25.9) - https:\/\/yoast.com\/wordpress\/plugins\/seo\/ -->\n<title>Juliet Elliott a #Ride2Unite sorozatban: Mansplaining, tribalizmus \u00e9s a n\u0151i ker\u00e9kp\u00e1roz\u00e1s j\u00f6v\u0151je - \u0160koda We Love Cycling - Magyarorsz\u00e1g<\/title>\n<meta name=\"description\" content=\"Alapvet\u0151 \u00e9rt\u00e9keink \u00e9s els\u0151dleges c\u00e9lunk tov\u00e1bbra is \u00e9l: eg\u00e9sz \u00e9vben szeretn\u00e9nk \u00f6sszetartani \u00e9s sz\u00f3rakoztatni a ker\u00e9kp\u00e1ros k\u00f6z\u00f6ss\u00e9get, ez\u00fattal online. #Ride2Unite sorozatunk \u00faj m\u0171sorvezet\u0151vel folytat\u00f3dik: a vakmer\u0151 MTB-versenyz\u0151, Anna Glowinski k\u00f6zvet\u00edti els\u0151 vend\u00e9ge, Juliet Elliott \u00fczeneteit a n\u00e9z\u0151k fel\u00e9.\" \/>\n<meta name=\"robots\" content=\"index, follow, max-snippet:-1, max-image-preview:large, max-video-preview:-1\" \/>\n<link rel=\"canonical\" href=\"https:\/\/www.welovecycling.com\/hu\/blog\/juliet-elliott-a-ride2unite-sorozatban-mansplaining-tribalizmus-es-a-noi-kerekparozas-jovoje\/\" \/>\n<meta property=\"og:locale\" content=\"hu_HU\" \/>\n<meta property=\"og:type\" content=\"article\" \/>\n<meta property=\"og:title\" content=\"Juliet Elliott a #Ride2Unite sorozatban: Mansplaining, tribalizmus \u00e9s a n\u0151i ker\u00e9kp\u00e1roz\u00e1s j\u00f6v\u0151je\" \/>\n<meta property=\"og:description\" content=\"Alapvet\u0151 \u00e9rt\u00e9keink \u00e9s els\u0151dleges c\u00e9lunk tov\u00e1bbra is \u00e9l: eg\u00e9sz \u00e9vben szeretn\u00e9nk \u00f6sszetartani \u00e9s sz\u00f3rakoztatni a ker\u00e9kp\u00e1ros k\u00f6z\u00f6ss\u00e9get, ez\u00fattal online. #Ride2Unite sorozatunk \u00faj m\u0171sorvezet\u0151vel folytat\u00f3dik: a vakmer\u0151 MTB-versenyz\u0151, Anna Glowinski k\u00f6zvet\u00edti els\u0151 vend\u00e9ge, Juliet Elliott \u00fczeneteit a n\u00e9z\u0151k fel\u00e9.\" \/>\n<meta property=\"og:url\" content=\"https:\/\/www.welovecycling.com\/hu\/blog\/juliet-elliott-a-ride2unite-sorozatban-mansplaining-tribalizmus-es-a-noi-kerekparozas-jovoje\/\" \/>\n<meta property=\"og:site_name\" content=\"\u0160koda We Love Cycling - Magyarorsz\u00e1g\" \/>\n<meta property=\"article:publisher\" content=\"https:\/\/www.facebook.com\/WeLoveCyclingHungary\/\" \/>\n<meta property=\"article:published_time\" content=\"2020-10-22T07:00:32+00:00\" \/>\n<meta property=\"og:image\" content=\"https:\/\/d2p6e6u75xmxt8.cloudfront.net\/12\/2020\/10\/Juliet_Eliott.jpg\" \/>\n\t<meta property=\"og:image:width\" content=\"1366\" \/>\n\t<meta property=\"og:image:height\" content=\"600\" \/>\n\t<meta property=\"og:image:type\" content=\"image\/jpeg\" \/>\n<meta name=\"author\" content=\"hegyizs\" \/>\n<meta name=\"twitter:card\" content=\"summary_large_image\" \/>\n<meta name=\"twitter:label1\" content=\"Written by\" \/>\n\t<meta name=\"twitter:data1\" content=\"Frantiska Blazkova\" \/>\n\t<meta name=\"twitter:label2\" content=\"Est. reading time\" \/>\n\t<meta name=\"twitter:data2\" content=\"5\" \/>\n<script type=\"application\/ld+json\" class=\"yoast-schema-graph\">{\"@context\":\"https:\/\/schema.org\",\"@graph\":[{\"@type\":\"WebPage\",\"@id\":\"https:\/\/www.welovecycling.com\/hu\/blog\/juliet-elliott-a-ride2unite-sorozatban-mansplaining-tribalizmus-es-a-noi-kerekparozas-jovoje\/\",\"url\":\"https:\/\/www.welovecycling.com\/hu\/blog\/juliet-elliott-a-ride2unite-sorozatban-mansplaining-tribalizmus-es-a-noi-kerekparozas-jovoje\/\",\"name\":\"Juliet Elliott a #Ride2Unite sorozatban: Mansplaining, tribalizmus \u00e9s a n\u0151i ker\u00e9kp\u00e1roz\u00e1s j\u00f6v\u0151je - \u0160koda We Love Cycling - Magyarorsz\u00e1g\",\"isPartOf\":{\"@id\":\"https:\/\/www.welovecycling.com\/hu\/#website\"},\"primaryImageOfPage\":{\"@id\":\"https:\/\/www.welovecycling.com\/hu\/blog\/juliet-elliott-a-ride2unite-sorozatban-mansplaining-tribalizmus-es-a-noi-kerekparozas-jovoje\/#primaryimage\"},\"image\":{\"@id\":\"https:\/\/www.welovecycling.com\/hu\/blog\/juliet-elliott-a-ride2unite-sorozatban-mansplaining-tribalizmus-es-a-noi-kerekparozas-jovoje\/#primaryimage\"},\"thumbnailUrl\":\"https:\/\/d2p6e6u75xmxt8.cloudfront.net\/12\/2020\/10\/Juliet_Eliott.jpg\",\"datePublished\":\"2020-10-22T07:00:32+00:00\",\"author\":{\"@id\":\"https:\/\/www.welovecycling.com\/hu\/#\/schema\/person\/414a2aebf1801691a5320edb6468e194\"},\"description\":\"Alapvet\u0151 \u00e9rt\u00e9keink \u00e9s els\u0151dleges c\u00e9lunk tov\u00e1bbra is \u00e9l: eg\u00e9sz \u00e9vben szeretn\u00e9nk \u00f6sszetartani \u00e9s sz\u00f3rakoztatni a ker\u00e9kp\u00e1ros k\u00f6z\u00f6ss\u00e9get, ez\u00fattal online. #Ride2Unite sorozatunk \u00faj m\u0171sorvezet\u0151vel folytat\u00f3dik: a vakmer\u0151 MTB-versenyz\u0151, Anna Glowinski k\u00f6zvet\u00edti els\u0151 vend\u00e9ge, Juliet Elliott \u00fczeneteit a n\u00e9z\u0151k fel\u00e9.\",\"breadcrumb\":{\"@id\":\"https:\/\/www.welovecycling.com\/hu\/blog\/juliet-elliott-a-ride2unite-sorozatban-mansplaining-tribalizmus-es-a-noi-kerekparozas-jovoje\/#breadcrumb\"},\"inLanguage\":\"hu\",\"potentialAction\":[{\"@type\":\"ReadAction\",\"target\":[\"https:\/\/www.welovecycling.com\/hu\/blog\/juliet-elliott-a-ride2unite-sorozatban-mansplaining-tribalizmus-es-a-noi-kerekparozas-jovoje\/\"]}]},{\"@type\":\"ImageObject\",\"inLanguage\":\"hu\",\"@id\":\"https:\/\/www.welovecycling.com\/hu\/blog\/juliet-elliott-a-ride2unite-sorozatban-mansplaining-tribalizmus-es-a-noi-kerekparozas-jovoje\/#primaryimage\",\"url\":\"https:\/\/d2p6e6u75xmxt8.cloudfront.net\/12\/2020\/10\/Juliet_Eliott.jpg\",\"contentUrl\":\"https:\/\/d2p6e6u75xmxt8.cloudfront.net\/12\/2020\/10\/Juliet_Eliott.jpg\",\"width\":1366,\"height\":600,\"caption\":\"Ride2Unite\"},{\"@type\":\"BreadcrumbList\",\"@id\":\"https:\/\/www.welovecycling.com\/hu\/blog\/juliet-elliott-a-ride2unite-sorozatban-mansplaining-tribalizmus-es-a-noi-kerekparozas-jovoje\/#breadcrumb\",\"itemListElement\":[{\"@type\":\"ListItem\",\"position\":1,\"name\":\"Home\",\"item\":\"https:\/\/www.welovecycling.com\/hu\/\"},{\"@type\":\"ListItem\",\"position\":2,\"name\":\"Juliet Elliott a #Ride2Unite sorozatban: Mansplaining, tribalizmus \u00e9s a n\u0151i ker\u00e9kp\u00e1roz\u00e1s j\u00f6v\u0151je\"}]},{\"@type\":\"WebSite\",\"@id\":\"https:\/\/www.welovecycling.com\/hu\/#website\",\"url\":\"https:\/\/www.welovecycling.com\/hu\/\",\"name\":\"\u0160koda We Love Cycling - Magyarorsz\u00e1g\",\"description\":\"\u0160koda WeLoveCycling\",\"potentialAction\":[{\"@type\":\"SearchAction\",\"target\":{\"@type\":\"EntryPoint\",\"urlTemplate\":\"https:\/\/www.welovecycling.com\/hu\/?s={search_term_string}\"},\"query-input\":{\"@type\":\"PropertyValueSpecification\",\"valueRequired\":true,\"valueName\":\"search_term_string\"}}],\"inLanguage\":\"hu\"},{\"@type\":\"Person\",\"@id\":\"https:\/\/www.welovecycling.com\/hu\/#\/schema\/person\/414a2aebf1801691a5320edb6468e194\",\"name\":\"hegyizs\",\"image\":{\"@type\":\"ImageObject\",\"inLanguage\":\"hu\",\"@id\":\"https:\/\/www.welovecycling.com\/hu\/#\/schema\/person\/image\/\",\"url\":\"https:\/\/secure.gravatar.com\/avatar\/02cf8a7906b8cf90cecb4679defac7cfd33a1c2e3b88e4903d947f3bb58eedd3?s=96&d=mm&r=g\",\"contentUrl\":\"https:\/\/secure.gravatar.com\/avatar\/02cf8a7906b8cf90cecb4679defac7cfd33a1c2e3b88e4903d947f3bb58eedd3?s=96&d=mm&r=g\",\"caption\":\"hegyizs\"},\"url\":\"https:\/\/www.welovecycling.com\/hu\/author\/hegyizs\/\"}]}<\/script>\n<!-- \/ Yoast SEO Premium plugin. -->","yoast_head_json":{"title":"Juliet Elliott a #Ride2Unite sorozatban: Mansplaining, tribalizmus \u00e9s a n\u0151i ker\u00e9kp\u00e1roz\u00e1s j\u00f6v\u0151je - \u0160koda We Love Cycling - Magyarorsz\u00e1g","description":"Alapvet\u0151 \u00e9rt\u00e9keink \u00e9s els\u0151dleges c\u00e9lunk tov\u00e1bbra is \u00e9l: eg\u00e9sz \u00e9vben szeretn\u00e9nk \u00f6sszetartani \u00e9s sz\u00f3rakoztatni a ker\u00e9kp\u00e1ros k\u00f6z\u00f6ss\u00e9get, ez\u00fattal online. #Ride2Unite sorozatunk \u00faj m\u0171sorvezet\u0151vel folytat\u00f3dik: a vakmer\u0151 MTB-versenyz\u0151, Anna Glowinski k\u00f6zvet\u00edti els\u0151 vend\u00e9ge, Juliet Elliott \u00fczeneteit a n\u00e9z\u0151k fel\u00e9.","robots":{"index":"index","follow":"follow","max-snippet":"max-snippet:-1","max-image-preview":"max-image-preview:large","max-video-preview":"max-video-preview:-1"},"canonical":"https:\/\/www.welovecycling.com\/hu\/blog\/juliet-elliott-a-ride2unite-sorozatban-mansplaining-tribalizmus-es-a-noi-kerekparozas-jovoje\/","og_locale":"hu_HU","og_type":"article","og_title":"Juliet Elliott a #Ride2Unite sorozatban: Mansplaining, tribalizmus \u00e9s a n\u0151i ker\u00e9kp\u00e1roz\u00e1s j\u00f6v\u0151je","og_description":"Alapvet\u0151 \u00e9rt\u00e9keink \u00e9s els\u0151dleges c\u00e9lunk tov\u00e1bbra is \u00e9l: eg\u00e9sz \u00e9vben szeretn\u00e9nk \u00f6sszetartani \u00e9s sz\u00f3rakoztatni a ker\u00e9kp\u00e1ros k\u00f6z\u00f6ss\u00e9get, ez\u00fattal online. #Ride2Unite sorozatunk \u00faj m\u0171sorvezet\u0151vel folytat\u00f3dik: a vakmer\u0151 MTB-versenyz\u0151, Anna Glowinski k\u00f6zvet\u00edti els\u0151 vend\u00e9ge, Juliet Elliott \u00fczeneteit a n\u00e9z\u0151k fel\u00e9.","og_url":"https:\/\/www.welovecycling.com\/hu\/blog\/juliet-elliott-a-ride2unite-sorozatban-mansplaining-tribalizmus-es-a-noi-kerekparozas-jovoje\/","og_site_name":"\u0160koda We Love Cycling - Magyarorsz\u00e1g","article_publisher":"https:\/\/www.facebook.com\/WeLoveCyclingHungary\/","article_published_time":"2020-10-22T07:00:32+00:00","og_image":[{"width":1366,"height":600,"url":"https:\/\/d2p6e6u75xmxt8.cloudfront.net\/12\/2020\/10\/Juliet_Eliott.jpg","type":"image\/jpeg"}],"author":"hegyizs","twitter_card":"summary_large_image","twitter_misc":{"Written by":"Frantiska Blazkova","Est. reading time":"5"},"schema":{"@context":"https:\/\/schema.org","@graph":[{"@type":"WebPage","@id":"https:\/\/www.welovecycling.com\/hu\/blog\/juliet-elliott-a-ride2unite-sorozatban-mansplaining-tribalizmus-es-a-noi-kerekparozas-jovoje\/","url":"https:\/\/www.welovecycling.com\/hu\/blog\/juliet-elliott-a-ride2unite-sorozatban-mansplaining-tribalizmus-es-a-noi-kerekparozas-jovoje\/","name":"Juliet Elliott a #Ride2Unite sorozatban: Mansplaining, tribalizmus \u00e9s a n\u0151i ker\u00e9kp\u00e1roz\u00e1s j\u00f6v\u0151je - \u0160koda We Love Cycling - Magyarorsz\u00e1g","isPartOf":{"@id":"https:\/\/www.welovecycling.com\/hu\/#website"},"primaryImageOfPage":{"@id":"https:\/\/www.welovecycling.com\/hu\/blog\/juliet-elliott-a-ride2unite-sorozatban-mansplaining-tribalizmus-es-a-noi-kerekparozas-jovoje\/#primaryimage"},"image":{"@id":"https:\/\/www.welovecycling.com\/hu\/blog\/juliet-elliott-a-ride2unite-sorozatban-mansplaining-tribalizmus-es-a-noi-kerekparozas-jovoje\/#primaryimage"},"thumbnailUrl":"https:\/\/d2p6e6u75xmxt8.cloudfront.net\/12\/2020\/10\/Juliet_Eliott.jpg","datePublished":"2020-10-22T07:00:32+00:00","author":{"@id":"https:\/\/www.welovecycling.com\/hu\/#\/schema\/person\/414a2aebf1801691a5320edb6468e194"},"description":"Alapvet\u0151 \u00e9rt\u00e9keink \u00e9s els\u0151dleges c\u00e9lunk tov\u00e1bbra is \u00e9l: eg\u00e9sz \u00e9vben szeretn\u00e9nk \u00f6sszetartani \u00e9s sz\u00f3rakoztatni a ker\u00e9kp\u00e1ros k\u00f6z\u00f6ss\u00e9get, ez\u00fattal online. #Ride2Unite sorozatunk \u00faj m\u0171sorvezet\u0151vel folytat\u00f3dik: a vakmer\u0151 MTB-versenyz\u0151, Anna Glowinski k\u00f6zvet\u00edti els\u0151 vend\u00e9ge, Juliet Elliott \u00fczeneteit a n\u00e9z\u0151k fel\u00e9.","breadcrumb":{"@id":"https:\/\/www.welovecycling.com\/hu\/blog\/juliet-elliott-a-ride2unite-sorozatban-mansplaining-tribalizmus-es-a-noi-kerekparozas-jovoje\/#breadcrumb"},"inLanguage":"hu","potentialAction":[{"@type":"ReadAction","target":["https:\/\/www.welovecycling.com\/hu\/blog\/juliet-elliott-a-ride2unite-sorozatban-mansplaining-tribalizmus-es-a-noi-kerekparozas-jovoje\/"]}]},{"@type":"ImageObject","inLanguage":"hu","@id":"https:\/\/www.welovecycling.com\/hu\/blog\/juliet-elliott-a-ride2unite-sorozatban-mansplaining-tribalizmus-es-a-noi-kerekparozas-jovoje\/#primaryimage","url":"https:\/\/d2p6e6u75xmxt8.cloudfront.net\/12\/2020\/10\/Juliet_Eliott.jpg","contentUrl":"https:\/\/d2p6e6u75xmxt8.cloudfront.net\/12\/2020\/10\/Juliet_Eliott.jpg","width":1366,"height":600,"caption":"Ride2Unite"},{"@type":"BreadcrumbList","@id":"https:\/\/www.welovecycling.com\/hu\/blog\/juliet-elliott-a-ride2unite-sorozatban-mansplaining-tribalizmus-es-a-noi-kerekparozas-jovoje\/#breadcrumb","itemListElement":[{"@type":"ListItem","position":1,"name":"Home","item":"https:\/\/www.welovecycling.com\/hu\/"},{"@type":"ListItem","position":2,"name":"Juliet Elliott a #Ride2Unite sorozatban: Mansplaining, tribalizmus \u00e9s a n\u0151i ker\u00e9kp\u00e1roz\u00e1s j\u00f6v\u0151je"}]},{"@type":"WebSite","@id":"https:\/\/www.welovecycling.com\/hu\/#website","url":"https:\/\/www.welovecycling.com\/hu\/","name":"\u0160koda We Love Cycling - Magyarorsz\u00e1g","description":"\u0160koda WeLoveCycling","potentialAction":[{"@type":"SearchAction","target":{"@type":"EntryPoint","urlTemplate":"https:\/\/www.welovecycling.com\/hu\/?s={search_term_string}"},"query-input":{"@type":"PropertyValueSpecification","valueRequired":true,"valueName":"search_term_string"}}],"inLanguage":"hu"},{"@type":"Person","@id":"https:\/\/www.welovecycling.com\/hu\/#\/schema\/person\/414a2aebf1801691a5320edb6468e194","name":"hegyizs","image":{"@type":"ImageObject","inLanguage":"hu","@id":"https:\/\/www.welovecycling.com\/hu\/#\/schema\/person\/image\/","url":"https:\/\/secure.gravatar.com\/avatar\/02cf8a7906b8cf90cecb4679defac7cfd33a1c2e3b88e4903d947f3bb58eedd3?s=96&d=mm&r=g","contentUrl":"https:\/\/secure.gravatar.com\/avatar\/02cf8a7906b8cf90cecb4679defac7cfd33a1c2e3b88e4903d947f3bb58eedd3?s=96&d=mm&r=g","caption":"hegyizs"},"url":"https:\/\/www.welovecycling.com\/hu\/author\/hegyizs\/"}]}},"_links":{"self":[{"href":"https:\/\/www.welovecycling.com\/hu\/wp-json\/wp\/v2\/posts\/8786","targetHints":{"allow":["GET"]}}],"collection":[{"href":"https:\/\/www.welovecycling.com\/hu\/wp-json\/wp\/v2\/posts"}],"about":[{"href":"https:\/\/www.welovecycling.com\/hu\/wp-json\/wp\/v2\/types\/post"}],"author":[{"embeddable":true,"href":"https:\/\/www.welovecycling.com\/hu\/wp-json\/wp\/v2\/users\/71"}],"replies":[{"embeddable":true,"href":"https:\/\/www.welovecycling.com\/hu\/wp-json\/wp\/v2\/comments?post=8786"}],"version-history":[{"count":1,"href":"https:\/\/www.welovecycling.com\/hu\/wp-json\/wp\/v2\/posts\/8786\/revisions"}],"predecessor-version":[{"id":8792,"href":"https:\/\/www.welovecycling.com\/hu\/wp-json\/wp\/v2\/posts\/8786\/revisions\/8792"}],"wp:featuredmedia":[{"embeddable":true,"href":"https:\/\/www.welovecycling.com\/hu\/wp-json\/wp\/v2\/media\/8788"}],"wp:attachment":[{"href":"https:\/\/www.welovecycling.com\/hu\/wp-json\/wp\/v2\/media?parent=8786"}],"wp:term":[{"taxonomy":"category","embeddable":true,"href":"https:\/\/www.welovecycling.com\/hu\/wp-json\/wp\/v2\/categories?post=8786"},{"taxonomy":"post_tag","embeddable":true,"href":"https:\/\/www.welovecycling.com\/hu\/wp-json\/wp\/v2\/tags?post=8786"},{"taxonomy":"global-categories","embeddable":true,"href":"https:\/\/www.welovecycling.com\/hu\/wp-json\/wp\/v2\/global-categories?post=8786"}],"curies":[{"name":"wp","href":"https:\/\/api.w.org\/{rel}","templated":true}]}}