{"id":8781,"date":"2020-10-21T08:00:28","date_gmt":"2020-10-21T07:00:28","guid":{"rendered":"https:\/\/www.welovecycling.com\/hu\/?p=8781"},"modified":"2020-10-16T16:14:11","modified_gmt":"2020-10-16T15:14:11","slug":"hizlal-a-kesoi-vacsora","status":"publish","type":"post","link":"https:\/\/www.welovecycling.com\/hu\/edzes-es-eletmod\/hizlal-a-kesoi-vacsora\/","title":{"rendered":"H\u00edzlal a k\u00e9s\u0151i vacsora?"},"content":{"rendered":"<p><strong>El kell-e ker\u00fclni a k\u00e9s\u0151 esti \u00f3r\u00e1kban elfogyasztott vacsor\u00e1kat az eg\u00e9szs\u00e9ges tests\u00faly meg\u0151rz\u00e9se \u00e9rdek\u00e9ben? Erre a k\u00e9rd\u00e9sre kerest\u00e9k a v\u00e1laszt a baltimore-i Johns Hopkins Egyetem kutat\u00f3i.<\/strong><\/p>\n<p><!--more--><\/p>\n<p>L\u00e9teznek olyan tanulm\u00e1nyok, amik szerint nem a legeg\u00e9szs\u00e9gesebb a k\u00e9s\u0151i vacsora, azonban ez a mostani az els\u0151 kutat\u00e1s a t\u00e9m\u00e1ban, amely egy szigor\u00faan ellen\u0151rz\u00f6tt k\u00f6r\u00fclm\u00e9nyek k\u00f6z\u00f6tt lezajl\u00f3 k\u00eds\u00e9rletre t\u00e1maszkodik. A szerz\u0151k 10 eg\u00e9szs\u00e9ges n\u0151t \u00e9s 10 eg\u00e9szs\u00e9ges f\u00e9rfit vizsg\u00e1ltak laborat\u00f3riumi k\u00f6r\u00fclm\u00e9nyek k\u00f6z\u00f6tt, mindannyian aktivit\u00e1sk\u00f6vet\u0151ket viseltek, emellett \u00f3r\u00e1nk\u00e9nt v\u00e9rt vettek t\u0151l\u00fck \u00e9s alv\u00e1s- \u00e9s testzs\u00edrvizsg\u00e1latokat v\u00e9geztek rajtuk.<\/p>\n<h2><strong>Magas v\u00e9rcukor \u00e9s kevesebb el\u00e9getett zs\u00edr<\/strong><\/h2>\n<figure id=\"attachment_8782\" aria-describedby=\"caption-attachment-8782\" style=\"width: 1022px\" class=\"wp-caption alignnone\"><a href=\"https:\/\/d2p6e6u75xmxt8.cloudfront.net\/12\/2020\/10\/food-pexels-nerfee-mirandilla-3186654.jpg\"><img loading=\"lazy\" decoding=\"async\" class=\"wp-image-8782 size-full\" src=\"https:\/\/d2p6e6u75xmxt8.cloudfront.net\/12\/2020\/10\/food-pexels-nerfee-mirandilla-3186654.jpg\" alt=\"Late dinner\" width=\"1022\" height=\"779\" srcset=\"https:\/\/d2p6e6u75xmxt8.cloudfront.net\/12\/2020\/10\/food-pexels-nerfee-mirandilla-3186654.jpg 1022w, https:\/\/d2p6e6u75xmxt8.cloudfront.net\/12\/2020\/10\/food-pexels-nerfee-mirandilla-3186654-300x229.jpg 300w, https:\/\/d2p6e6u75xmxt8.cloudfront.net\/12\/2020\/10\/food-pexels-nerfee-mirandilla-3186654-768x585.jpg 768w\" sizes=\"auto, (max-width: 1022px) 100vw, 1022px\" \/><\/a><figcaption id=\"caption-attachment-8782\" class=\"wp-caption-text\"><em>Elh\u00edz\u00e1shoz vezet a k\u00e9s\u0151i \u00e9tkez\u00e9s?<\/em><\/figcaption><\/figure>\n<p>A f\u0151 k\u00e9rd\u00e9s az volt, hogy a 20 alany hogyan dolgozza fel a 22:00-kor elfogyasztott vacsor\u00e1t, a 18:00-kor elk\u00f6lt\u00f6tth\u00f6z k\u00e9pest. A r\u00e9sztvev\u0151k 23:00-kor fek\u00fcdtek le. A v\u00e9rcukorszintj\u00fck magasabb, az el\u00e9getett zs\u00edr mennyis\u00e9ge pedig alacsonyabb volt a k\u00e9s\u0151bbi vacsora eset\u00e9ben, m\u00e9g akkor is, ha ugyanazt az \u00e9telt szolg\u00e1lt\u00e1k fel a k\u00e9t k\u00fcl\u00f6nb\u00f6z\u0151 id\u0151pontban.<\/p>\n<p><em>\u201eA k\u00e9s\u0151i vacsora ut\u00e1n az alanyok gl\u00fck\u00f3zszintje 18%-kal volt magasabb, a m\u00e1snapra el\u00e9getett zs\u00edr mennyis\u00e9ge pedig 10%-kal alacsonyabb. Az eg\u00e9szs\u00e9ges r\u00e9sztvev\u0151kn\u00e9l \u00e9rz\u00e9kelt hat\u00e1s m\u00e9g er\u0151sebb lehet a cukorbetegs\u00e9ggel vagy a k\u00f3ros elh\u00edz\u00e1ssal k\u00fczd\u0151kn\u00e9l\u201d<\/em> \u2013 magyar\u00e1zta a kutat\u00e1s vezet\u0151je, dr. Chenjuan Gu.<\/p>\n<h2><strong>Att\u00f3l f\u00fcgg, mikor fekszel le aludni<\/strong><\/h2>\n<figure id=\"attachment_8783\" aria-describedby=\"caption-attachment-8783\" style=\"width: 1024px\" class=\"wp-caption alignnone\"><a href=\"https:\/\/d2p6e6u75xmxt8.cloudfront.net\/2\/2018\/11\/Sleep-bed-pexels-photo-1391476.jpeg\"><img loading=\"lazy\" decoding=\"async\" class=\"wp-image-8783 size-large\" src=\"https:\/\/d2p6e6u75xmxt8.cloudfront.net\/12\/2020\/10\/Sleep-bed-pexels-photo-1391476-1024x681.jpeg\" alt=\"Sleep\" width=\"1024\" height=\"681\" srcset=\"https:\/\/d2p6e6u75xmxt8.cloudfront.net\/12\/2020\/10\/Sleep-bed-pexels-photo-1391476-1024x681.jpeg 1024w, https:\/\/d2p6e6u75xmxt8.cloudfront.net\/12\/2020\/10\/Sleep-bed-pexels-photo-1391476-300x199.jpeg 300w, https:\/\/d2p6e6u75xmxt8.cloudfront.net\/12\/2020\/10\/Sleep-bed-pexels-photo-1391476-768x511.jpeg 768w, https:\/\/d2p6e6u75xmxt8.cloudfront.net\/12\/2020\/10\/Sleep-bed-pexels-photo-1391476-272x182.jpeg 272w, https:\/\/d2p6e6u75xmxt8.cloudfront.net\/12\/2020\/10\/Sleep-bed-pexels-photo-1391476.jpeg 1280w\" sizes=\"auto, (max-width: 1024px) 100vw, 1024px\" \/><\/a><figcaption id=\"caption-attachment-8783\" class=\"wp-caption-text\"><em>A lefekv\u00e9si id\u0151 kulcsfontoss\u00e1g\u00fa!<\/em><\/figcaption><\/figure>\n<p>A szerz\u0151k arra a k\u00f6vetkeztet\u00e9sre jutottak, hogy a k\u00e9s\u0151i vacsora k\u00fcl\u00f6n\u00f6sen a korai alv\u00f3kn\u00e1l okoz \u00e9jszakai gl\u00fck\u00f3z-intoleranci\u00e1t, \u00e9s n\u00e1luk seg\u00edtheti el\u0151 az elh\u00edz\u00e1st, ha rendszeresen ism\u00e9tl\u0151dik. Megjegyezt\u00e9k azt is, hogy a j\u00f3 id\u0151z\u00edt\u00e9s egy\u00e9ni, \u00e9s az ember szok\u00e1sos lefekv\u00e9si idej\u00e9t\u0151l is f\u00fcgg.<\/p>\n<p><em>\u201eEz a tanulm\u00e1ny \u00faj megvil\u00e1g\u00edt\u00e1sba helyezi, hogy a k\u00e9s\u0151i vacsora elfogyaszt\u00e1sa hogyan hat a gl\u00fck\u00f3z-toleranci\u00e1ra \u00e9s az el\u00e9getett zs\u00edr mennyis\u00e9g\u00e9re. A k\u00e9s\u0151i \u00e9tkez\u00e9s hat\u00e1sa egy\u00e9nenk\u00e9nt v\u00e1ltozik, \u00e9s a szok\u00e1sos lefekv\u00e9si id\u0151t\u0151l is f\u00fcgg. Ez azt jelenti, hogy egyesek vesz\u00e9lyeztetettebbek lehetnek a k\u00e9s\u0151i \u00e9tkez\u00e9s k\u00f6vetkezm\u00e9nyeivel szemben, mint m\u00e1sok. Ha a megfigyelt metabolikus hat\u00e1sok kr\u00f3nikusak, akkor a k\u00e9s\u0151i \u00e9tkez\u00e9s olyan k\u00f6vetkezm\u00e9nyekhez vezethet, mint a cukorbetegs\u00e9g vagy az elh\u00edz\u00e1s\u201d-<\/em> mondta a tanulm\u00e1ny t\u00e1rsszerz\u0151je, Jonathan C. Jun.<\/p>\n","protected":false},"excerpt":{"rendered":"<p>El kell-e ker\u00fclni a k\u00e9s\u0151 esti \u00f3r\u00e1kban elfogyasztott vacsor\u00e1kat az eg\u00e9szs\u00e9ges tests\u00faly meg\u0151rz\u00e9se \u00e9rdek\u00e9ben? Erre a k\u00e9rd\u00e9sre kerest\u00e9k a v\u00e1laszt [&hellip;]<\/p>\n","protected":false},"author":71,"featured_media":8785,"comment_status":"open","ping_status":"open","sticky":false,"template":"","format":"standard","meta":{"footnotes":""},"categories":[6],"tags":[],"global-categories":[],"class_list":["post-8781","post","type-post","status-publish","format-standard","has-post-thumbnail","hentry","category-edzes-es-eletmod"],"yoast_head":"<!-- This site is optimized with the Yoast SEO Premium plugin v25.3 (Yoast SEO v25.9) - https:\/\/yoast.com\/wordpress\/plugins\/seo\/ -->\n<title>H\u00edzlal a k\u00e9s\u0151i vacsora? - \u0160koda We Love Cycling - Magyarorsz\u00e1g<\/title>\n<meta name=\"description\" content=\"El kell-e ker\u00fclni a k\u00e9s\u0151 esti \u00f3r\u00e1kban elfogyasztott vacsor\u00e1kat az eg\u00e9szs\u00e9ges tests\u00faly meg\u0151rz\u00e9se \u00e9rdek\u00e9ben? Erre a k\u00e9rd\u00e9sre kerest\u00e9k a v\u00e1laszt a baltimore-i Johns Hopkins Egyetem kutat\u00f3i.\" \/>\n<meta name=\"robots\" content=\"index, follow, max-snippet:-1, max-image-preview:large, max-video-preview:-1\" \/>\n<link rel=\"canonical\" href=\"https:\/\/www.welovecycling.com\/hu\/edzes-es-eletmod\/hizlal-a-kesoi-vacsora\/\" \/>\n<meta property=\"og:locale\" content=\"hu_HU\" \/>\n<meta property=\"og:type\" content=\"article\" \/>\n<meta property=\"og:title\" content=\"H\u00edzlal a k\u00e9s\u0151i vacsora?\" \/>\n<meta property=\"og:description\" content=\"El kell-e ker\u00fclni a k\u00e9s\u0151 esti \u00f3r\u00e1kban elfogyasztott vacsor\u00e1kat az eg\u00e9szs\u00e9ges tests\u00faly meg\u0151rz\u00e9se \u00e9rdek\u00e9ben? Erre a k\u00e9rd\u00e9sre kerest\u00e9k a v\u00e1laszt a baltimore-i Johns Hopkins Egyetem kutat\u00f3i.\" \/>\n<meta property=\"og:url\" content=\"https:\/\/www.welovecycling.com\/hu\/edzes-es-eletmod\/hizlal-a-kesoi-vacsora\/\" \/>\n<meta property=\"og:site_name\" content=\"\u0160koda We Love Cycling - Magyarorsz\u00e1g\" \/>\n<meta property=\"article:publisher\" content=\"https:\/\/www.facebook.com\/WeLoveCyclingHungary\/\" \/>\n<meta property=\"article:published_time\" content=\"2020-10-21T07:00:28+00:00\" \/>\n<meta property=\"og:image\" content=\"https:\/\/d2p6e6u75xmxt8.cloudfront.net\/12\/2020\/10\/food-dinner-pexels-malidate-van-769289-CVR.jpg\" \/>\n\t<meta property=\"og:image:width\" content=\"1366\" \/>\n\t<meta property=\"og:image:height\" content=\"600\" \/>\n\t<meta property=\"og:image:type\" content=\"image\/jpeg\" \/>\n<meta name=\"author\" content=\"hegyizs\" \/>\n<meta name=\"twitter:card\" content=\"summary_large_image\" \/>\n<meta name=\"twitter:label1\" content=\"Written by\" \/>\n\t<meta name=\"twitter:data1\" content=\"Jiri Kaloc\" \/>\n\t<meta name=\"twitter:label2\" content=\"Est. reading time\" \/>\n\t<meta name=\"twitter:data2\" content=\"5\" \/>\n<script type=\"application\/ld+json\" class=\"yoast-schema-graph\">{\"@context\":\"https:\/\/schema.org\",\"@graph\":[{\"@type\":\"WebPage\",\"@id\":\"https:\/\/www.welovecycling.com\/hu\/edzes-es-eletmod\/hizlal-a-kesoi-vacsora\/\",\"url\":\"https:\/\/www.welovecycling.com\/hu\/edzes-es-eletmod\/hizlal-a-kesoi-vacsora\/\",\"name\":\"H\u00edzlal a k\u00e9s\u0151i vacsora? - \u0160koda We Love Cycling - Magyarorsz\u00e1g\",\"isPartOf\":{\"@id\":\"https:\/\/www.welovecycling.com\/hu\/#website\"},\"primaryImageOfPage\":{\"@id\":\"https:\/\/www.welovecycling.com\/hu\/edzes-es-eletmod\/hizlal-a-kesoi-vacsora\/#primaryimage\"},\"image\":{\"@id\":\"https:\/\/www.welovecycling.com\/hu\/edzes-es-eletmod\/hizlal-a-kesoi-vacsora\/#primaryimage\"},\"thumbnailUrl\":\"https:\/\/d2p6e6u75xmxt8.cloudfront.net\/12\/2020\/10\/food-dinner-pexels-malidate-van-769289-CVR.jpg\",\"datePublished\":\"2020-10-21T07:00:28+00:00\",\"author\":{\"@id\":\"https:\/\/www.welovecycling.com\/hu\/#\/schema\/person\/414a2aebf1801691a5320edb6468e194\"},\"description\":\"El kell-e ker\u00fclni a k\u00e9s\u0151 esti \u00f3r\u00e1kban elfogyasztott vacsor\u00e1kat az eg\u00e9szs\u00e9ges tests\u00faly meg\u0151rz\u00e9se \u00e9rdek\u00e9ben? Erre a k\u00e9rd\u00e9sre kerest\u00e9k a v\u00e1laszt a baltimore-i Johns Hopkins Egyetem kutat\u00f3i.\",\"breadcrumb\":{\"@id\":\"https:\/\/www.welovecycling.com\/hu\/edzes-es-eletmod\/hizlal-a-kesoi-vacsora\/#breadcrumb\"},\"inLanguage\":\"hu\",\"potentialAction\":[{\"@type\":\"ReadAction\",\"target\":[\"https:\/\/www.welovecycling.com\/hu\/edzes-es-eletmod\/hizlal-a-kesoi-vacsora\/\"]}]},{\"@type\":\"ImageObject\",\"inLanguage\":\"hu\",\"@id\":\"https:\/\/www.welovecycling.com\/hu\/edzes-es-eletmod\/hizlal-a-kesoi-vacsora\/#primaryimage\",\"url\":\"https:\/\/d2p6e6u75xmxt8.cloudfront.net\/12\/2020\/10\/food-dinner-pexels-malidate-van-769289-CVR.jpg\",\"contentUrl\":\"https:\/\/d2p6e6u75xmxt8.cloudfront.net\/12\/2020\/10\/food-dinner-pexels-malidate-van-769289-CVR.jpg\",\"width\":1366,\"height\":600,\"caption\":\"Dinner\"},{\"@type\":\"BreadcrumbList\",\"@id\":\"https:\/\/www.welovecycling.com\/hu\/edzes-es-eletmod\/hizlal-a-kesoi-vacsora\/#breadcrumb\",\"itemListElement\":[{\"@type\":\"ListItem\",\"position\":1,\"name\":\"Home\",\"item\":\"https:\/\/www.welovecycling.com\/hu\/\"},{\"@type\":\"ListItem\",\"position\":2,\"name\":\"H\u00edzlal a k\u00e9s\u0151i vacsora?\"}]},{\"@type\":\"WebSite\",\"@id\":\"https:\/\/www.welovecycling.com\/hu\/#website\",\"url\":\"https:\/\/www.welovecycling.com\/hu\/\",\"name\":\"\u0160koda We Love Cycling - Magyarorsz\u00e1g\",\"description\":\"\u0160koda WeLoveCycling\",\"potentialAction\":[{\"@type\":\"SearchAction\",\"target\":{\"@type\":\"EntryPoint\",\"urlTemplate\":\"https:\/\/www.welovecycling.com\/hu\/?s={search_term_string}\"},\"query-input\":{\"@type\":\"PropertyValueSpecification\",\"valueRequired\":true,\"valueName\":\"search_term_string\"}}],\"inLanguage\":\"hu\"},{\"@type\":\"Person\",\"@id\":\"https:\/\/www.welovecycling.com\/hu\/#\/schema\/person\/414a2aebf1801691a5320edb6468e194\",\"name\":\"hegyizs\",\"image\":{\"@type\":\"ImageObject\",\"inLanguage\":\"hu\",\"@id\":\"https:\/\/www.welovecycling.com\/hu\/#\/schema\/person\/image\/\",\"url\":\"https:\/\/secure.gravatar.com\/avatar\/02cf8a7906b8cf90cecb4679defac7cfd33a1c2e3b88e4903d947f3bb58eedd3?s=96&d=mm&r=g\",\"contentUrl\":\"https:\/\/secure.gravatar.com\/avatar\/02cf8a7906b8cf90cecb4679defac7cfd33a1c2e3b88e4903d947f3bb58eedd3?s=96&d=mm&r=g\",\"caption\":\"hegyizs\"},\"url\":\"https:\/\/www.welovecycling.com\/hu\/author\/hegyizs\/\"}]}<\/script>\n<!-- \/ Yoast SEO Premium plugin. -->","yoast_head_json":{"title":"H\u00edzlal a k\u00e9s\u0151i vacsora? - \u0160koda We Love Cycling - Magyarorsz\u00e1g","description":"El kell-e ker\u00fclni a k\u00e9s\u0151 esti \u00f3r\u00e1kban elfogyasztott vacsor\u00e1kat az eg\u00e9szs\u00e9ges tests\u00faly meg\u0151rz\u00e9se \u00e9rdek\u00e9ben? Erre a k\u00e9rd\u00e9sre kerest\u00e9k a v\u00e1laszt a baltimore-i Johns Hopkins Egyetem kutat\u00f3i.","robots":{"index":"index","follow":"follow","max-snippet":"max-snippet:-1","max-image-preview":"max-image-preview:large","max-video-preview":"max-video-preview:-1"},"canonical":"https:\/\/www.welovecycling.com\/hu\/edzes-es-eletmod\/hizlal-a-kesoi-vacsora\/","og_locale":"hu_HU","og_type":"article","og_title":"H\u00edzlal a k\u00e9s\u0151i vacsora?","og_description":"El kell-e ker\u00fclni a k\u00e9s\u0151 esti \u00f3r\u00e1kban elfogyasztott vacsor\u00e1kat az eg\u00e9szs\u00e9ges tests\u00faly meg\u0151rz\u00e9se \u00e9rdek\u00e9ben? Erre a k\u00e9rd\u00e9sre kerest\u00e9k a v\u00e1laszt a baltimore-i Johns Hopkins Egyetem kutat\u00f3i.","og_url":"https:\/\/www.welovecycling.com\/hu\/edzes-es-eletmod\/hizlal-a-kesoi-vacsora\/","og_site_name":"\u0160koda We Love Cycling - Magyarorsz\u00e1g","article_publisher":"https:\/\/www.facebook.com\/WeLoveCyclingHungary\/","article_published_time":"2020-10-21T07:00:28+00:00","og_image":[{"width":1366,"height":600,"url":"https:\/\/d2p6e6u75xmxt8.cloudfront.net\/12\/2020\/10\/food-dinner-pexels-malidate-van-769289-CVR.jpg","type":"image\/jpeg"}],"author":"hegyizs","twitter_card":"summary_large_image","twitter_misc":{"Written by":"Jiri Kaloc","Est. reading time":"5"},"schema":{"@context":"https:\/\/schema.org","@graph":[{"@type":"WebPage","@id":"https:\/\/www.welovecycling.com\/hu\/edzes-es-eletmod\/hizlal-a-kesoi-vacsora\/","url":"https:\/\/www.welovecycling.com\/hu\/edzes-es-eletmod\/hizlal-a-kesoi-vacsora\/","name":"H\u00edzlal a k\u00e9s\u0151i vacsora? - \u0160koda We Love Cycling - Magyarorsz\u00e1g","isPartOf":{"@id":"https:\/\/www.welovecycling.com\/hu\/#website"},"primaryImageOfPage":{"@id":"https:\/\/www.welovecycling.com\/hu\/edzes-es-eletmod\/hizlal-a-kesoi-vacsora\/#primaryimage"},"image":{"@id":"https:\/\/www.welovecycling.com\/hu\/edzes-es-eletmod\/hizlal-a-kesoi-vacsora\/#primaryimage"},"thumbnailUrl":"https:\/\/d2p6e6u75xmxt8.cloudfront.net\/12\/2020\/10\/food-dinner-pexels-malidate-van-769289-CVR.jpg","datePublished":"2020-10-21T07:00:28+00:00","author":{"@id":"https:\/\/www.welovecycling.com\/hu\/#\/schema\/person\/414a2aebf1801691a5320edb6468e194"},"description":"El kell-e ker\u00fclni a k\u00e9s\u0151 esti \u00f3r\u00e1kban elfogyasztott vacsor\u00e1kat az eg\u00e9szs\u00e9ges tests\u00faly meg\u0151rz\u00e9se \u00e9rdek\u00e9ben? Erre a k\u00e9rd\u00e9sre kerest\u00e9k a v\u00e1laszt a baltimore-i Johns Hopkins Egyetem kutat\u00f3i.","breadcrumb":{"@id":"https:\/\/www.welovecycling.com\/hu\/edzes-es-eletmod\/hizlal-a-kesoi-vacsora\/#breadcrumb"},"inLanguage":"hu","potentialAction":[{"@type":"ReadAction","target":["https:\/\/www.welovecycling.com\/hu\/edzes-es-eletmod\/hizlal-a-kesoi-vacsora\/"]}]},{"@type":"ImageObject","inLanguage":"hu","@id":"https:\/\/www.welovecycling.com\/hu\/edzes-es-eletmod\/hizlal-a-kesoi-vacsora\/#primaryimage","url":"https:\/\/d2p6e6u75xmxt8.cloudfront.net\/12\/2020\/10\/food-dinner-pexels-malidate-van-769289-CVR.jpg","contentUrl":"https:\/\/d2p6e6u75xmxt8.cloudfront.net\/12\/2020\/10\/food-dinner-pexels-malidate-van-769289-CVR.jpg","width":1366,"height":600,"caption":"Dinner"},{"@type":"BreadcrumbList","@id":"https:\/\/www.welovecycling.com\/hu\/edzes-es-eletmod\/hizlal-a-kesoi-vacsora\/#breadcrumb","itemListElement":[{"@type":"ListItem","position":1,"name":"Home","item":"https:\/\/www.welovecycling.com\/hu\/"},{"@type":"ListItem","position":2,"name":"H\u00edzlal a k\u00e9s\u0151i vacsora?"}]},{"@type":"WebSite","@id":"https:\/\/www.welovecycling.com\/hu\/#website","url":"https:\/\/www.welovecycling.com\/hu\/","name":"\u0160koda We Love Cycling - Magyarorsz\u00e1g","description":"\u0160koda WeLoveCycling","potentialAction":[{"@type":"SearchAction","target":{"@type":"EntryPoint","urlTemplate":"https:\/\/www.welovecycling.com\/hu\/?s={search_term_string}"},"query-input":{"@type":"PropertyValueSpecification","valueRequired":true,"valueName":"search_term_string"}}],"inLanguage":"hu"},{"@type":"Person","@id":"https:\/\/www.welovecycling.com\/hu\/#\/schema\/person\/414a2aebf1801691a5320edb6468e194","name":"hegyizs","image":{"@type":"ImageObject","inLanguage":"hu","@id":"https:\/\/www.welovecycling.com\/hu\/#\/schema\/person\/image\/","url":"https:\/\/secure.gravatar.com\/avatar\/02cf8a7906b8cf90cecb4679defac7cfd33a1c2e3b88e4903d947f3bb58eedd3?s=96&d=mm&r=g","contentUrl":"https:\/\/secure.gravatar.com\/avatar\/02cf8a7906b8cf90cecb4679defac7cfd33a1c2e3b88e4903d947f3bb58eedd3?s=96&d=mm&r=g","caption":"hegyizs"},"url":"https:\/\/www.welovecycling.com\/hu\/author\/hegyizs\/"}]}},"_links":{"self":[{"href":"https:\/\/www.welovecycling.com\/hu\/wp-json\/wp\/v2\/posts\/8781","targetHints":{"allow":["GET"]}}],"collection":[{"href":"https:\/\/www.welovecycling.com\/hu\/wp-json\/wp\/v2\/posts"}],"about":[{"href":"https:\/\/www.welovecycling.com\/hu\/wp-json\/wp\/v2\/types\/post"}],"author":[{"embeddable":true,"href":"https:\/\/www.welovecycling.com\/hu\/wp-json\/wp\/v2\/users\/71"}],"replies":[{"embeddable":true,"href":"https:\/\/www.welovecycling.com\/hu\/wp-json\/wp\/v2\/comments?post=8781"}],"version-history":[{"count":2,"href":"https:\/\/www.welovecycling.com\/hu\/wp-json\/wp\/v2\/posts\/8781\/revisions"}],"predecessor-version":[{"id":8791,"href":"https:\/\/www.welovecycling.com\/hu\/wp-json\/wp\/v2\/posts\/8781\/revisions\/8791"}],"wp:featuredmedia":[{"embeddable":true,"href":"https:\/\/www.welovecycling.com\/hu\/wp-json\/wp\/v2\/media\/8785"}],"wp:attachment":[{"href":"https:\/\/www.welovecycling.com\/hu\/wp-json\/wp\/v2\/media?parent=8781"}],"wp:term":[{"taxonomy":"category","embeddable":true,"href":"https:\/\/www.welovecycling.com\/hu\/wp-json\/wp\/v2\/categories?post=8781"},{"taxonomy":"post_tag","embeddable":true,"href":"https:\/\/www.welovecycling.com\/hu\/wp-json\/wp\/v2\/tags?post=8781"},{"taxonomy":"global-categories","embeddable":true,"href":"https:\/\/www.welovecycling.com\/hu\/wp-json\/wp\/v2\/global-categories?post=8781"}],"curies":[{"name":"wp","href":"https:\/\/api.w.org\/{rel}","templated":true}]}}