{"id":8776,"date":"2020-10-20T08:00:26","date_gmt":"2020-10-20T07:00:26","guid":{"rendered":"https:\/\/www.welovecycling.com\/hu\/?p=8776"},"modified":"2020-10-16T16:13:38","modified_gmt":"2020-10-16T15:13:38","slug":"igy-apold-a-bringad-telen","status":"publish","type":"post","link":"https:\/\/www.welovecycling.com\/hu\/orszaguti-kerekpar\/igy-apold-a-bringad-telen\/","title":{"rendered":"\u00cdgy \u00e1pold a bring\u00e1d t\u00e9len"},"content":{"rendered":"<p><strong>Azt m\u00e1r \u00e1tbesz\u00e9lt\u00fck, hogy te hogyan ne fagyj meg, \u00e9s maradj sz\u00e1raz, ha t\u00e9len \u00fclsz biciklire, most a j\u00e1rg\u00e1nyod j\u00f6n!<\/strong><\/p>\n<p><!--more--><\/p>\n<p>El\u0151sz\u00f6r is, bizonyosodj meg r\u00f3la, hogy minden alkatr\u00e9sz rendben m\u0171k\u00f6dik! A f\u00e9keket \u00e9s a v\u00e1lt\u00f3k\u00e1belt \u00e9rdemes lehet kicser\u00e9lni, ha csapad\u00e9kos id\u0151ben haszn\u00e1lod a bring\u00e1d, mert a v\u00edz beker\u00fclhet a rendszerbe \u00e9s cs\u00f6kkentheti a teljes\u00edtm\u00e9ny\u00fcket. Esetleg t\u00e9li gumikat is beszerezhetsz, de mindenk\u00e9pp haszn\u00e1lj sz\u00e9lesebb gumiabroncsot a jobb tapad\u00e1s \u00e9rdek\u00e9ben!<\/p>\n<p>Szint\u00e9n fontol\u00f3ra vehet\u0151, hogy alacsonyabb guminyom\u00e1ssal induljunk \u00fatnak. Nedves id\u0151ben pr\u00f3b\u00e1ld ki, \u00e9s figyeld meg, mit \u00e9rzel! Jobb a tapad\u00e1s? K\u00f6nnyebben ir\u00e1ny\u00edtod a biciklit? De az\u00e9rt m\u00e9g \u00e9rzed az \u00fat egyenetlens\u00e9geit? Ha m\u00e1r nem, akkor t\u00fal alacsony a nyom\u00e1s, fenn\u00e1ll a vesz\u00e9lye, hogy a gumid nem \u00e9li t\u00fal az utat! Ha alacsony tests\u00fallyal rendelkezel, akkor val\u00f3sz\u00edn\u0171leg lejjebb adhatsz a nyom\u00e1sb\u00f3l, ellenkez\u0151 esetben viszont kev\u00e9sb\u00e9. Tal\u00e1ld meg a neked megfelel\u0151 be\u00e1ll\u00edt\u00e1st!<\/p>\n<figure id=\"attachment_8777\" aria-describedby=\"caption-attachment-8777\" style=\"width: 1000px\" class=\"wp-caption alignnone\"><a href=\"https:\/\/d2p6e6u75xmxt8.cloudfront.net\/12\/2020\/10\/winter-profimedia-0543270441-1.jpg\"><img loading=\"lazy\" decoding=\"async\" class=\"wp-image-8777 size-full\" src=\"https:\/\/d2p6e6u75xmxt8.cloudfront.net\/12\/2020\/10\/winter-profimedia-0543270441-1.jpg\" alt=\"Tire\" width=\"1000\" height=\"750\" srcset=\"https:\/\/d2p6e6u75xmxt8.cloudfront.net\/12\/2020\/10\/winter-profimedia-0543270441-1.jpg 1000w, https:\/\/d2p6e6u75xmxt8.cloudfront.net\/12\/2020\/10\/winter-profimedia-0543270441-1-300x225.jpg 300w, https:\/\/d2p6e6u75xmxt8.cloudfront.net\/12\/2020\/10\/winter-profimedia-0543270441-1-768x576.jpg 768w\" sizes=\"auto, (max-width: 1000px) 100vw, 1000px\" \/><\/a><figcaption id=\"caption-attachment-8777\" class=\"wp-caption-text\"><em>T\u00e9len a ker\u00e9kp\u00e1rodnak is k\u00fcl\u00f6nleges b\u00e1n\u00e1sm\u00f3dra van sz\u00fcks\u00e9ge. \u00a9 Profimedia<\/em><\/figcaption><\/figure>\n<p>Sz\u00fcks\u00e9ged lesz n\u00e9h\u00e1ny kieg\u00e9sz\u00edt\u0151re, mint p\u00e9ld\u00e1ul tisztess\u00e9ges l\u00e1mp\u00e1kra, f\u00e9nyvisszaver\u0151kre \u00e9s s\u00e1rv\u00e9d\u0151kre is. Ezek nemcsak a latyak felfr\u00f6ccsen\u00e9s\u00e9t akad\u00e1lyozz\u00e1k meg, hanem a l\u00e1ncot \u00e9s a hajt\u00f3m\u0171vet is v\u00e9dik \u2013 persze csak ha el\u00e9g nagyok.<\/p>\n<p>K\u00f6vetkez\u0151 tan\u00e1csunk kicsit extr\u00e9mnek t\u0171nhet, de sajnos van, hogy a f\u00e9kvezet\u00e9k egyszer\u0171en megfagy \u00e9s vesz\u00e9lybe sodorja a bring\u00e1st! Ennek megel\u0151z\u00e9s\u00e9hez f\u00fajd be az \u00f6sszes k\u00e1belt WD40-nel, a feleslegest t\u00f6r\u00f6ld le, \u00e9s m\u00e1r mehetsz is! S\u0151t, a l\u00e1nc tiszt\u00edt\u00e1s\u00e1hoz is haszn\u00e1lhatod ezt a csodaszert, de ehhez le kell mosnod, majd \u00fajraolajoznod a l\u00e1ncod. Ha a l\u00e1ncon vastagon lerak\u00f3dik a s\u00e1r, elt\u00f6m\u00edtheti a fogaskerekeket \u00e9s alaposabb (\u00e9s dr\u00e1g\u00e1bb) jav\u00edt\u00e1st ig\u00e9nyel. Ne felejtsd el \u00fajra megolajozni a l\u00e1ncot, miel\u0151tt elindulsz!<\/p>\n<figure id=\"attachment_8778\" aria-describedby=\"caption-attachment-8778\" style=\"width: 1000px\" class=\"wp-caption alignnone\"><a href=\"https:\/\/d2p6e6u75xmxt8.cloudfront.net\/12\/2020\/10\/chain-profimedia-0392184263.jpg\"><img loading=\"lazy\" decoding=\"async\" class=\"wp-image-8778 size-full\" src=\"https:\/\/d2p6e6u75xmxt8.cloudfront.net\/12\/2020\/10\/chain-profimedia-0392184263.jpg\" alt=\"Bicycle chain\" width=\"1000\" height=\"667\" srcset=\"https:\/\/d2p6e6u75xmxt8.cloudfront.net\/12\/2020\/10\/chain-profimedia-0392184263.jpg 1000w, https:\/\/d2p6e6u75xmxt8.cloudfront.net\/12\/2020\/10\/chain-profimedia-0392184263-300x200.jpg 300w, https:\/\/d2p6e6u75xmxt8.cloudfront.net\/12\/2020\/10\/chain-profimedia-0392184263-768x512.jpg 768w, https:\/\/d2p6e6u75xmxt8.cloudfront.net\/12\/2020\/10\/chain-profimedia-0392184263-272x182.jpg 272w\" sizes=\"auto, (max-width: 1000px) 100vw, 1000px\" \/><\/a><figcaption id=\"caption-attachment-8778\" class=\"wp-caption-text\"><em>Olajozd \u00fajra a l\u00e1ncot! \u00a9 Profimedia<\/em><\/figcaption><\/figure>\n<p>MINDEN menet ut\u00e1n takar\u00edtsd le a bring\u00e1d! Tarts k\u00e9zn\u00e9l egy t\u00f6r\u00f6lk\u00f6z\u0151t \u00e9s t\u00f6r\u00f6ld le a v\u00e1zat, a felniket, a hajt\u00f3m\u0171vet, a kazett\u00e1t, a l\u00e1ncot \u00e9s a f\u00e9kvezet\u00e9keket! \u00cdgy megel\u0151zheted a rozsd\u00e1sod\u00e1st \u2013 \u00e9s a gar\u00e1zs padl\u00f3j\u00e1n \u00e1ll\u00f3 t\u00f3cs\u00e1kat. Havonta egyszer pedig haszn\u00e1lj ken\u0151anyagot a mozg\u00f3 alkatr\u00e9szeken, hogy megakad\u00e1lyozd a rozsd\u00e1sod\u00e1st \u00e9s a beragad\u00e1st!<\/p>\n<p>A f\u00e9kbet\u00e9tek gyorsabban kopnak, ha nedves az id\u0151, ellen\u0151rizd \u0151ket rendszeresen! Ha van kop\u00e1sjelz\u0151d, figyelj r\u00e1! Ha nem szeretn\u00e9d gyakran cser\u00e9lni a f\u00e9kvezet\u00e9keket, vedd le, tiszt\u00edtsd meg \u0151ket \u00e9s haszn\u00e1lj ken\u0151anyagot is! (Mindez persze nem vonatkozik a t\u00e1rcsaf\u00e9kes ker\u00e9kp\u00e1rokra, amik t\u00f6k\u00e9letesen alkalmasak a t\u00e9li utakra.)<\/p>\n<p>Ha t\u00fal sok munk\u00e1nak t\u0171nik a ker\u00e9kp\u00e1rod t\u00e9lies\u00edt\u00e9se, de szeretn\u00e9l eg\u00e9sz \u00e9vben bring\u00e1val j\u00e1rni, szerezz be egy olcs\u00f3, haszn\u00e1lt j\u00e1rg\u00e1nyt, amit csak hidegben haszn\u00e1lsz! A legjobb egy fat bike! A f\u00e9keket viszont \u00edgy is rendszeresen ellen\u0151rizned kell.<\/p>\n","protected":false},"excerpt":{"rendered":"<p>Azt m\u00e1r \u00e1tbesz\u00e9lt\u00fck, hogy te hogyan ne fagyj meg, \u00e9s maradj sz\u00e1raz, ha t\u00e9len \u00fclsz biciklire, most a j\u00e1rg\u00e1nyod j\u00f6n!<\/p>\n","protected":false},"author":71,"featured_media":8780,"comment_status":"open","ping_status":"open","sticky":false,"template":"","format":"standard","meta":{"footnotes":""},"categories":[8],"tags":[],"global-categories":[],"class_list":["post-8776","post","type-post","status-publish","format-standard","has-post-thumbnail","hentry","category-orszaguti-kerekpar"],"yoast_head":"<!-- This site is optimized with the Yoast SEO Premium plugin v25.3 (Yoast SEO v25.9) - https:\/\/yoast.com\/wordpress\/plugins\/seo\/ -->\n<title>\u00cdgy \u00e1pold a bring\u00e1d t\u00e9len - \u0160koda We Love Cycling - Magyarorsz\u00e1g<\/title>\n<meta name=\"description\" content=\"Azt m\u00e1r \u00e1tbesz\u00e9lt\u00fck, hogy te hogyan ne fagyj meg, \u00e9s maradj sz\u00e1raz, ha t\u00e9len \u00fclsz biciklire, most a j\u00e1rg\u00e1nyod j\u00f6n!\" \/>\n<meta name=\"robots\" content=\"index, follow, max-snippet:-1, max-image-preview:large, max-video-preview:-1\" \/>\n<link rel=\"canonical\" href=\"https:\/\/www.welovecycling.com\/hu\/orszaguti-kerekpar\/igy-apold-a-bringad-telen\/\" \/>\n<meta property=\"og:locale\" content=\"hu_HU\" \/>\n<meta property=\"og:type\" content=\"article\" \/>\n<meta property=\"og:title\" content=\"\u00cdgy \u00e1pold a bring\u00e1d t\u00e9len\" \/>\n<meta property=\"og:description\" content=\"Azt m\u00e1r \u00e1tbesz\u00e9lt\u00fck, hogy te hogyan ne fagyj meg, \u00e9s maradj sz\u00e1raz, ha t\u00e9len \u00fclsz biciklire, most a j\u00e1rg\u00e1nyod j\u00f6n!\" \/>\n<meta property=\"og:url\" content=\"https:\/\/www.welovecycling.com\/hu\/orszaguti-kerekpar\/igy-apold-a-bringad-telen\/\" \/>\n<meta property=\"og:site_name\" content=\"\u0160koda We Love Cycling - Magyarorsz\u00e1g\" \/>\n<meta property=\"article:publisher\" content=\"https:\/\/www.facebook.com\/WeLoveCyclingHungary\/\" \/>\n<meta property=\"article:published_time\" content=\"2020-10-20T07:00:26+00:00\" \/>\n<meta property=\"og:image\" content=\"https:\/\/d2p6e6u75xmxt8.cloudfront.net\/12\/2020\/10\/winter-bicycle-profimedia-0402648358-CVR.jpg\" \/>\n\t<meta property=\"og:image:width\" content=\"1366\" \/>\n\t<meta property=\"og:image:height\" content=\"600\" \/>\n\t<meta property=\"og:image:type\" content=\"image\/jpeg\" \/>\n<meta name=\"author\" content=\"hegyizs\" \/>\n<meta name=\"twitter:card\" content=\"summary_large_image\" \/>\n<meta name=\"twitter:label1\" content=\"Written by\" \/>\n\t<meta name=\"twitter:data1\" content=\"Siegfried Mortkowitz\" \/>\n\t<meta name=\"twitter:label2\" content=\"Est. reading time\" \/>\n\t<meta name=\"twitter:data2\" content=\"6\" \/>\n<script type=\"application\/ld+json\" class=\"yoast-schema-graph\">{\"@context\":\"https:\/\/schema.org\",\"@graph\":[{\"@type\":\"WebPage\",\"@id\":\"https:\/\/www.welovecycling.com\/hu\/orszaguti-kerekpar\/igy-apold-a-bringad-telen\/\",\"url\":\"https:\/\/www.welovecycling.com\/hu\/orszaguti-kerekpar\/igy-apold-a-bringad-telen\/\",\"name\":\"\u00cdgy \u00e1pold a bring\u00e1d t\u00e9len - \u0160koda We Love Cycling - Magyarorsz\u00e1g\",\"isPartOf\":{\"@id\":\"https:\/\/www.welovecycling.com\/hu\/#website\"},\"primaryImageOfPage\":{\"@id\":\"https:\/\/www.welovecycling.com\/hu\/orszaguti-kerekpar\/igy-apold-a-bringad-telen\/#primaryimage\"},\"image\":{\"@id\":\"https:\/\/www.welovecycling.com\/hu\/orszaguti-kerekpar\/igy-apold-a-bringad-telen\/#primaryimage\"},\"thumbnailUrl\":\"https:\/\/d2p6e6u75xmxt8.cloudfront.net\/12\/2020\/10\/winter-bicycle-profimedia-0402648358-CVR.jpg\",\"datePublished\":\"2020-10-20T07:00:26+00:00\",\"author\":{\"@id\":\"https:\/\/www.welovecycling.com\/hu\/#\/schema\/person\/414a2aebf1801691a5320edb6468e194\"},\"description\":\"Azt m\u00e1r \u00e1tbesz\u00e9lt\u00fck, hogy te hogyan ne fagyj meg, \u00e9s maradj sz\u00e1raz, ha t\u00e9len \u00fclsz biciklire, most a j\u00e1rg\u00e1nyod j\u00f6n!\",\"breadcrumb\":{\"@id\":\"https:\/\/www.welovecycling.com\/hu\/orszaguti-kerekpar\/igy-apold-a-bringad-telen\/#breadcrumb\"},\"inLanguage\":\"hu\",\"potentialAction\":[{\"@type\":\"ReadAction\",\"target\":[\"https:\/\/www.welovecycling.com\/hu\/orszaguti-kerekpar\/igy-apold-a-bringad-telen\/\"]}]},{\"@type\":\"ImageObject\",\"inLanguage\":\"hu\",\"@id\":\"https:\/\/www.welovecycling.com\/hu\/orszaguti-kerekpar\/igy-apold-a-bringad-telen\/#primaryimage\",\"url\":\"https:\/\/d2p6e6u75xmxt8.cloudfront.net\/12\/2020\/10\/winter-bicycle-profimedia-0402648358-CVR.jpg\",\"contentUrl\":\"https:\/\/d2p6e6u75xmxt8.cloudfront.net\/12\/2020\/10\/winter-bicycle-profimedia-0402648358-CVR.jpg\",\"width\":1366,\"height\":600,\"caption\":\"Winter bicycle\"},{\"@type\":\"BreadcrumbList\",\"@id\":\"https:\/\/www.welovecycling.com\/hu\/orszaguti-kerekpar\/igy-apold-a-bringad-telen\/#breadcrumb\",\"itemListElement\":[{\"@type\":\"ListItem\",\"position\":1,\"name\":\"Home\",\"item\":\"https:\/\/www.welovecycling.com\/hu\/\"},{\"@type\":\"ListItem\",\"position\":2,\"name\":\"\u00cdgy \u00e1pold a bring\u00e1d t\u00e9len\"}]},{\"@type\":\"WebSite\",\"@id\":\"https:\/\/www.welovecycling.com\/hu\/#website\",\"url\":\"https:\/\/www.welovecycling.com\/hu\/\",\"name\":\"\u0160koda We Love Cycling - Magyarorsz\u00e1g\",\"description\":\"\u0160koda WeLoveCycling\",\"potentialAction\":[{\"@type\":\"SearchAction\",\"target\":{\"@type\":\"EntryPoint\",\"urlTemplate\":\"https:\/\/www.welovecycling.com\/hu\/?s={search_term_string}\"},\"query-input\":{\"@type\":\"PropertyValueSpecification\",\"valueRequired\":true,\"valueName\":\"search_term_string\"}}],\"inLanguage\":\"hu\"},{\"@type\":\"Person\",\"@id\":\"https:\/\/www.welovecycling.com\/hu\/#\/schema\/person\/414a2aebf1801691a5320edb6468e194\",\"name\":\"hegyizs\",\"image\":{\"@type\":\"ImageObject\",\"inLanguage\":\"hu\",\"@id\":\"https:\/\/www.welovecycling.com\/hu\/#\/schema\/person\/image\/\",\"url\":\"https:\/\/secure.gravatar.com\/avatar\/02cf8a7906b8cf90cecb4679defac7cfd33a1c2e3b88e4903d947f3bb58eedd3?s=96&d=mm&r=g\",\"contentUrl\":\"https:\/\/secure.gravatar.com\/avatar\/02cf8a7906b8cf90cecb4679defac7cfd33a1c2e3b88e4903d947f3bb58eedd3?s=96&d=mm&r=g\",\"caption\":\"hegyizs\"},\"url\":\"https:\/\/www.welovecycling.com\/hu\/author\/hegyizs\/\"}]}<\/script>\n<!-- \/ Yoast SEO Premium plugin. -->","yoast_head_json":{"title":"\u00cdgy \u00e1pold a bring\u00e1d t\u00e9len - \u0160koda We Love Cycling - Magyarorsz\u00e1g","description":"Azt m\u00e1r \u00e1tbesz\u00e9lt\u00fck, hogy te hogyan ne fagyj meg, \u00e9s maradj sz\u00e1raz, ha t\u00e9len \u00fclsz biciklire, most a j\u00e1rg\u00e1nyod j\u00f6n!","robots":{"index":"index","follow":"follow","max-snippet":"max-snippet:-1","max-image-preview":"max-image-preview:large","max-video-preview":"max-video-preview:-1"},"canonical":"https:\/\/www.welovecycling.com\/hu\/orszaguti-kerekpar\/igy-apold-a-bringad-telen\/","og_locale":"hu_HU","og_type":"article","og_title":"\u00cdgy \u00e1pold a bring\u00e1d t\u00e9len","og_description":"Azt m\u00e1r \u00e1tbesz\u00e9lt\u00fck, hogy te hogyan ne fagyj meg, \u00e9s maradj sz\u00e1raz, ha t\u00e9len \u00fclsz biciklire, most a j\u00e1rg\u00e1nyod j\u00f6n!","og_url":"https:\/\/www.welovecycling.com\/hu\/orszaguti-kerekpar\/igy-apold-a-bringad-telen\/","og_site_name":"\u0160koda We Love Cycling - Magyarorsz\u00e1g","article_publisher":"https:\/\/www.facebook.com\/WeLoveCyclingHungary\/","article_published_time":"2020-10-20T07:00:26+00:00","og_image":[{"width":1366,"height":600,"url":"https:\/\/d2p6e6u75xmxt8.cloudfront.net\/12\/2020\/10\/winter-bicycle-profimedia-0402648358-CVR.jpg","type":"image\/jpeg"}],"author":"hegyizs","twitter_card":"summary_large_image","twitter_misc":{"Written by":"Siegfried Mortkowitz","Est. reading time":"6"},"schema":{"@context":"https:\/\/schema.org","@graph":[{"@type":"WebPage","@id":"https:\/\/www.welovecycling.com\/hu\/orszaguti-kerekpar\/igy-apold-a-bringad-telen\/","url":"https:\/\/www.welovecycling.com\/hu\/orszaguti-kerekpar\/igy-apold-a-bringad-telen\/","name":"\u00cdgy \u00e1pold a bring\u00e1d t\u00e9len - \u0160koda We Love Cycling - Magyarorsz\u00e1g","isPartOf":{"@id":"https:\/\/www.welovecycling.com\/hu\/#website"},"primaryImageOfPage":{"@id":"https:\/\/www.welovecycling.com\/hu\/orszaguti-kerekpar\/igy-apold-a-bringad-telen\/#primaryimage"},"image":{"@id":"https:\/\/www.welovecycling.com\/hu\/orszaguti-kerekpar\/igy-apold-a-bringad-telen\/#primaryimage"},"thumbnailUrl":"https:\/\/d2p6e6u75xmxt8.cloudfront.net\/12\/2020\/10\/winter-bicycle-profimedia-0402648358-CVR.jpg","datePublished":"2020-10-20T07:00:26+00:00","author":{"@id":"https:\/\/www.welovecycling.com\/hu\/#\/schema\/person\/414a2aebf1801691a5320edb6468e194"},"description":"Azt m\u00e1r \u00e1tbesz\u00e9lt\u00fck, hogy te hogyan ne fagyj meg, \u00e9s maradj sz\u00e1raz, ha t\u00e9len \u00fclsz biciklire, most a j\u00e1rg\u00e1nyod j\u00f6n!","breadcrumb":{"@id":"https:\/\/www.welovecycling.com\/hu\/orszaguti-kerekpar\/igy-apold-a-bringad-telen\/#breadcrumb"},"inLanguage":"hu","potentialAction":[{"@type":"ReadAction","target":["https:\/\/www.welovecycling.com\/hu\/orszaguti-kerekpar\/igy-apold-a-bringad-telen\/"]}]},{"@type":"ImageObject","inLanguage":"hu","@id":"https:\/\/www.welovecycling.com\/hu\/orszaguti-kerekpar\/igy-apold-a-bringad-telen\/#primaryimage","url":"https:\/\/d2p6e6u75xmxt8.cloudfront.net\/12\/2020\/10\/winter-bicycle-profimedia-0402648358-CVR.jpg","contentUrl":"https:\/\/d2p6e6u75xmxt8.cloudfront.net\/12\/2020\/10\/winter-bicycle-profimedia-0402648358-CVR.jpg","width":1366,"height":600,"caption":"Winter bicycle"},{"@type":"BreadcrumbList","@id":"https:\/\/www.welovecycling.com\/hu\/orszaguti-kerekpar\/igy-apold-a-bringad-telen\/#breadcrumb","itemListElement":[{"@type":"ListItem","position":1,"name":"Home","item":"https:\/\/www.welovecycling.com\/hu\/"},{"@type":"ListItem","position":2,"name":"\u00cdgy \u00e1pold a bring\u00e1d t\u00e9len"}]},{"@type":"WebSite","@id":"https:\/\/www.welovecycling.com\/hu\/#website","url":"https:\/\/www.welovecycling.com\/hu\/","name":"\u0160koda We Love Cycling - Magyarorsz\u00e1g","description":"\u0160koda WeLoveCycling","potentialAction":[{"@type":"SearchAction","target":{"@type":"EntryPoint","urlTemplate":"https:\/\/www.welovecycling.com\/hu\/?s={search_term_string}"},"query-input":{"@type":"PropertyValueSpecification","valueRequired":true,"valueName":"search_term_string"}}],"inLanguage":"hu"},{"@type":"Person","@id":"https:\/\/www.welovecycling.com\/hu\/#\/schema\/person\/414a2aebf1801691a5320edb6468e194","name":"hegyizs","image":{"@type":"ImageObject","inLanguage":"hu","@id":"https:\/\/www.welovecycling.com\/hu\/#\/schema\/person\/image\/","url":"https:\/\/secure.gravatar.com\/avatar\/02cf8a7906b8cf90cecb4679defac7cfd33a1c2e3b88e4903d947f3bb58eedd3?s=96&d=mm&r=g","contentUrl":"https:\/\/secure.gravatar.com\/avatar\/02cf8a7906b8cf90cecb4679defac7cfd33a1c2e3b88e4903d947f3bb58eedd3?s=96&d=mm&r=g","caption":"hegyizs"},"url":"https:\/\/www.welovecycling.com\/hu\/author\/hegyizs\/"}]}},"_links":{"self":[{"href":"https:\/\/www.welovecycling.com\/hu\/wp-json\/wp\/v2\/posts\/8776","targetHints":{"allow":["GET"]}}],"collection":[{"href":"https:\/\/www.welovecycling.com\/hu\/wp-json\/wp\/v2\/posts"}],"about":[{"href":"https:\/\/www.welovecycling.com\/hu\/wp-json\/wp\/v2\/types\/post"}],"author":[{"embeddable":true,"href":"https:\/\/www.welovecycling.com\/hu\/wp-json\/wp\/v2\/users\/71"}],"replies":[{"embeddable":true,"href":"https:\/\/www.welovecycling.com\/hu\/wp-json\/wp\/v2\/comments?post=8776"}],"version-history":[{"count":2,"href":"https:\/\/www.welovecycling.com\/hu\/wp-json\/wp\/v2\/posts\/8776\/revisions"}],"predecessor-version":[{"id":8790,"href":"https:\/\/www.welovecycling.com\/hu\/wp-json\/wp\/v2\/posts\/8776\/revisions\/8790"}],"wp:featuredmedia":[{"embeddable":true,"href":"https:\/\/www.welovecycling.com\/hu\/wp-json\/wp\/v2\/media\/8780"}],"wp:attachment":[{"href":"https:\/\/www.welovecycling.com\/hu\/wp-json\/wp\/v2\/media?parent=8776"}],"wp:term":[{"taxonomy":"category","embeddable":true,"href":"https:\/\/www.welovecycling.com\/hu\/wp-json\/wp\/v2\/categories?post=8776"},{"taxonomy":"post_tag","embeddable":true,"href":"https:\/\/www.welovecycling.com\/hu\/wp-json\/wp\/v2\/tags?post=8776"},{"taxonomy":"global-categories","embeddable":true,"href":"https:\/\/www.welovecycling.com\/hu\/wp-json\/wp\/v2\/global-categories?post=8776"}],"curies":[{"name":"wp","href":"https:\/\/api.w.org\/{rel}","templated":true}]}}