{"id":8771,"date":"2020-10-19T08:00:16","date_gmt":"2020-10-19T07:00:16","guid":{"rendered":"https:\/\/www.welovecycling.com\/hu\/?p=8771"},"modified":"2020-10-16T16:12:52","modified_gmt":"2020-10-16T15:12:52","slug":"hogyan-tartsd-meg-a-kerekparos-testsulyod","status":"publish","type":"post","link":"https:\/\/www.welovecycling.com\/hu\/edzes-es-eletmod\/hogyan-tartsd-meg-a-kerekparos-testsulyod\/","title":{"rendered":"Hogyan tartsd meg a ker\u00e9kp\u00e1ros tests\u00falyod?"},"content":{"rendered":"<p><strong>A kit\u0171z\u00f6tt s\u00faly el\u00e9r\u00e9se nem k\u00f6nny\u0171. Lehet, hogy egy komoly verseny vagy egy teljes szezon kell hozz\u00e1, hogy annyit adjunk le, amennyit eltervezt\u00fcnk. Azt\u00e1n j\u00f6n a t\u00e9l \u00e9s j\u00f6nnek az \u00fcnnepek\u2026 ilyenkor \u00e9szrev\u00e9tlen\u00fcl visszam\u00e1sznak a kil\u00f3k. Hoztunk n\u00e9h\u00e1ny tippet \u00e9s j\u00f3 szok\u00e1st, amik seg\u00edtenek megtartani az optim\u00e1lis tests\u00falyt, eg\u00e9sz \u00e9vben.<\/strong><\/p>\n<p><!--more--><\/p>\n<p>K\u00f6nnyebbnek hangzik megtartani a tests\u00falyod, mint leadni bel\u0151le: csak folytasd, amit eddig csin\u00e1lt\u00e1l \u00e9s minden rendben lesz, nem igaz? Sajnos ez nem ilyen egyszer\u0171. Egyes felm\u00e9r\u00e9sek szerint s\u00falyt megtartani sokszor m\u00e9g nehezebb, mint fogyni. A tests\u00falycs\u00f6kkent\u00e9ssel j\u00e1r\u00f3 siker\u00e9lm\u00e9ny ugyanis nincs meg a mindennapokban.<\/p>\n<figure id=\"attachment_8772\" aria-describedby=\"caption-attachment-8772\" style=\"width: 1024px\" class=\"wp-caption alignnone\"><a href=\"https:\/\/d2p6e6u75xmxt8.cloudfront.net\/2\/2020\/10\/profimedia-0561521733.jpg\"><img loading=\"lazy\" decoding=\"async\" class=\"wp-image-8772 size-large\" src=\"https:\/\/d2p6e6u75xmxt8.cloudfront.net\/12\/2020\/10\/profimedia-0561521733-1024x683.jpg\" alt=\"Bicycle Handlebars\" width=\"1024\" height=\"683\" srcset=\"https:\/\/d2p6e6u75xmxt8.cloudfront.net\/12\/2020\/10\/profimedia-0561521733-1024x683.jpg 1024w, https:\/\/d2p6e6u75xmxt8.cloudfront.net\/12\/2020\/10\/profimedia-0561521733-300x200.jpg 300w, https:\/\/d2p6e6u75xmxt8.cloudfront.net\/12\/2020\/10\/profimedia-0561521733-768x512.jpg 768w, https:\/\/d2p6e6u75xmxt8.cloudfront.net\/12\/2020\/10\/profimedia-0561521733-1536x1024.jpg 1536w, https:\/\/d2p6e6u75xmxt8.cloudfront.net\/12\/2020\/10\/profimedia-0561521733-272x182.jpg 272w, https:\/\/d2p6e6u75xmxt8.cloudfront.net\/12\/2020\/10\/profimedia-0561521733.jpg 1800w\" sizes=\"auto, (max-width: 1024px) 100vw, 1024px\" \/><\/a><figcaption id=\"caption-attachment-8772\" class=\"wp-caption-text\"><em>Te meg tudod tartani a s\u00falyod? \u00a9 Profimedia<\/em><\/figcaption><\/figure>\n<h2><strong>V\u00e1ltoznak a szab\u00e1lyok<\/strong><\/h2>\n<p>Tegy\u00fck fel, hogy eddig szigor\u00fa \u00e9trendet k\u00f6vett\u00e9l, fel\u00edrtad, hogy mikor mennyit ett\u00e9l, lemondt\u00e1l a f\u00e1nkokr\u00f3l, \u00e9s rendszeresen m\u00e9rted magad. Ebben a kit\u0171z\u00f6tt c\u00e9l motiv\u00e1lt: hogy el\u00e9rd a k\u00edv\u00e1nt s\u00falyt. Ezek a technik\u00e1k hat\u00e9konyan seg\u00edtenek a fogy\u00e1sban, de ha el\u00e9rted a c\u00e9lt, m\u00e1r nem lesz, ami motiv\u00e1ljon: nem akarod eg\u00e9sz \u00e9letedben betartani a korl\u00e1toz\u00e1sokat! \u00cdgy h\u00e1t v\u00e1ltozik az \u00e9letm\u00f3dod, v\u00e1ltoznak a szab\u00e1lyok.<\/p>\n<h2><strong>Haszn\u00e1ld, amit tanult\u00e1l!<\/strong><\/h2>\n<p>Ahhoz, hogy fogyni tudj, rengeteg k\u00e9pess\u00e9get el kell saj\u00e1t\u00edtanod. Tudnod kell, hogyan kell \u00faj t\u00e1pl\u00e1lkoz\u00e1si \u00e9s \u00e9letm\u00f3dbeli szok\u00e1sokat kialak\u00edtani, hogy hogyan ker\u00fcld el a m\u00e9rt\u00e9ktelen ev\u00e9st \u00e9s hogyan tartsd be az edz\u00e9stervet. Mindezt a val\u00f3 vil\u00e1g zavar\u00f3, stresszes k\u00f6r\u00fclm\u00e9nyei k\u00f6z\u00f6tt. Mer\u00edts \u00f6nbizalmat abb\u00f3l, hogy ha eddig siker\u00fclt, ezut\u00e1n is menni fog! Id\u0151be telik \u00e1t\u00e1llni az \u00faj szok\u00e1sokra, de meg\u00e9ri!<\/p>\n<figure id=\"attachment_3977\" aria-describedby=\"caption-attachment-3977\" style=\"width: 1024px\" class=\"wp-caption alignnone\"><a href=\"https:\/\/d2p6e6u75xmxt8.cloudfront.net\/2\/2019\/01\/piles-of-junk-food-profimedia-0404933048.jpg\"><img loading=\"lazy\" decoding=\"async\" class=\"wp-image-3977 size-large\" src=\"https:\/\/d2p6e6u75xmxt8.cloudfront.net\/12\/2019\/06\/piles-of-junk-food-profimedia-0404933048-1024x683.jpg\" alt=\"\" width=\"1024\" height=\"683\" srcset=\"https:\/\/d2p6e6u75xmxt8.cloudfront.net\/12\/2019\/06\/piles-of-junk-food-profimedia-0404933048-1024x683.jpg 1024w, https:\/\/d2p6e6u75xmxt8.cloudfront.net\/12\/2019\/06\/piles-of-junk-food-profimedia-0404933048-300x200.jpg 300w, https:\/\/d2p6e6u75xmxt8.cloudfront.net\/12\/2019\/06\/piles-of-junk-food-profimedia-0404933048-768x512.jpg 768w, https:\/\/d2p6e6u75xmxt8.cloudfront.net\/12\/2019\/06\/piles-of-junk-food-profimedia-0404933048-272x182.jpg 272w, https:\/\/d2p6e6u75xmxt8.cloudfront.net\/12\/2019\/06\/piles-of-junk-food-profimedia-0404933048.jpg 1250w\" sizes=\"auto, (max-width: 1024px) 100vw, 1024px\" \/><\/a><figcaption id=\"caption-attachment-3977\" class=\"wp-caption-text\"><em>Egy finoms\u00e1gokkal teli vil\u00e1gban is meg tudtad csin\u00e1lni! \u00a9 Profimedia<\/em><\/figcaption><\/figure>\n<h2><strong>A h\u00e1rom f\u0151 v\u00e1ltoz\u00e1s<\/strong><\/h2>\n<p>Cikksorozatunk tov\u00e1bbi r\u00e9szeiben h\u00e1rom f\u0151 k\u00e9szs\u00e9get vesz\u00fcnk \u00e1t, amit fogy\u00e1s k\u00f6zben szerezt\u00e9l. Megmutatjuk, hogyan haszn\u00e1ld fel ezt a tud\u00e1st a s\u00falyod meg\u0151rz\u00e9s\u00e9re!<\/p>\n<p>Az els\u0151 ilyen a rugalmas di\u00e9ta betart\u00e1sa. Kem\u00e9nyen dolgozt\u00e1l azon, hogy nemet tudj mondani a finom \u00e9telekre, hogy ne edd t\u00fal magad. Most, hogy a tests\u00falyod optim\u00e1lis, meg kell tanulnod, hogyan tal\u00e1ld meg az egyens\u00falyt a tarthatatlanul szigor\u00fa \u00e9s a t\u00fal laza \u00e9trend k\u00f6z\u00f6tt.<\/p>\n<figure id=\"attachment_8773\" aria-describedby=\"caption-attachment-8773\" style=\"width: 1024px\" class=\"wp-caption alignnone\"><a href=\"https:\/\/d2p6e6u75xmxt8.cloudfront.net\/2\/2020\/03\/Friends-Cycling-Training-profimedia-0281706709.jpg\"><img loading=\"lazy\" decoding=\"async\" class=\"size-large wp-image-8773\" src=\"https:\/\/d2p6e6u75xmxt8.cloudfront.net\/12\/2020\/10\/Friends-Cycling-Training-profimedia-0281706709-1024x681.jpg\" alt=\"\" width=\"1024\" height=\"681\" srcset=\"https:\/\/d2p6e6u75xmxt8.cloudfront.net\/12\/2020\/10\/Friends-Cycling-Training-profimedia-0281706709-1024x681.jpg 1024w, https:\/\/d2p6e6u75xmxt8.cloudfront.net\/12\/2020\/10\/Friends-Cycling-Training-profimedia-0281706709-300x199.jpg 300w, https:\/\/d2p6e6u75xmxt8.cloudfront.net\/12\/2020\/10\/Friends-Cycling-Training-profimedia-0281706709-768x511.jpg 768w, https:\/\/d2p6e6u75xmxt8.cloudfront.net\/12\/2020\/10\/Friends-Cycling-Training-profimedia-0281706709-272x182.jpg 272w, https:\/\/d2p6e6u75xmxt8.cloudfront.net\/12\/2020\/10\/Friends-Cycling-Training-profimedia-0281706709.jpg 1250w\" sizes=\"auto, (max-width: 1024px) 100vw, 1024px\" \/><\/a><figcaption id=\"caption-attachment-8773\" class=\"wp-caption-text\"><em>Az egyens\u00faly a legfontosabb. \u00a9 Profimedia<\/em><\/figcaption><\/figure>\n<p>A m\u00e1sodik a fenntarthat\u00f3s\u00e1g: sz\u00e1mos \u00faj szok\u00e1st vett\u00e9l fel, tal\u00e1n elkezdt\u00e9l konditerembe is j\u00e1rni, most azonban itt az id\u0151, hogy \u00e1tgondold, mik azok, amiket hossz\u00fa t\u00e1von is be tudsz \u00e9p\u00edteni az \u00e9letedbe.<\/p>\n<p>A harmadik kulcsfontoss\u00e1g\u00fa elem a motiv\u00e1ci\u00f3. Eddig el\u00e9g volt, hogy konkr\u00e9tan tudtad, mit szeretn\u00e9l l\u00e1tni a m\u00e9rlegen. Most ez nincs meg, \u00edgy m\u00e9lyebbre kell \u00e1snod: elengedhetetlen, hogy tudatos\u00edtsd magadban, mi\u00e9rt is csin\u00e1lod.<\/p>\n<p>Hamarosan folytat\u00f3dik a cikksorozat!<\/p>\n","protected":false},"excerpt":{"rendered":"<p>A kit\u0171z\u00f6tt s\u00faly el\u00e9r\u00e9se nem k\u00f6nny\u0171. Lehet, hogy egy komoly verseny vagy egy teljes szezon kell hozz\u00e1, hogy annyit adjunk [&hellip;]<\/p>\n","protected":false},"author":71,"featured_media":8775,"comment_status":"open","ping_status":"open","sticky":false,"template":"","format":"standard","meta":{"footnotes":""},"categories":[6],"tags":[],"global-categories":[],"class_list":["post-8771","post","type-post","status-publish","format-standard","has-post-thumbnail","hentry","category-edzes-es-eletmod"],"yoast_head":"<!-- This site is optimized with the Yoast SEO Premium plugin v25.3 (Yoast SEO v25.9) - https:\/\/yoast.com\/wordpress\/plugins\/seo\/ -->\n<title>Hogyan tartsd meg a ker\u00e9kp\u00e1ros tests\u00falyod?<\/title>\n<meta name=\"description\" content=\"A kit\u0171z\u00f6tt s\u00faly el\u00e9r\u00e9se nem k\u00f6nny\u0171. Lehet, hogy egy komoly verseny vagy egy teljes szezon kell hozz\u00e1, hogy annyit adjunk le, amennyit eltervezt\u00fcnk.\" \/>\n<meta name=\"robots\" content=\"index, follow, max-snippet:-1, max-image-preview:large, max-video-preview:-1\" \/>\n<link rel=\"canonical\" href=\"https:\/\/www.welovecycling.com\/hu\/edzes-es-eletmod\/hogyan-tartsd-meg-a-kerekparos-testsulyod\/\" \/>\n<meta property=\"og:locale\" content=\"hu_HU\" \/>\n<meta property=\"og:type\" content=\"article\" \/>\n<meta property=\"og:title\" content=\"Hogyan tartsd meg a ker\u00e9kp\u00e1ros tests\u00falyod?\" \/>\n<meta property=\"og:description\" content=\"A kit\u0171z\u00f6tt s\u00faly el\u00e9r\u00e9se nem k\u00f6nny\u0171. Lehet, hogy egy komoly verseny vagy egy teljes szezon kell hozz\u00e1, hogy annyit adjunk le, amennyit eltervezt\u00fcnk. Azt\u00e1n j\u00f6n a t\u00e9l \u00e9s j\u00f6nnek az \u00fcnnepek\u2026 ilyenkor \u00e9szrev\u00e9tlen\u00fcl visszam\u00e1sznak a kil\u00f3k. Hoztunk n\u00e9h\u00e1ny tippet \u00e9s j\u00f3 szok\u00e1st, amik seg\u00edtenek megtartani az optim\u00e1lis tests\u00falyt, eg\u00e9sz \u00e9vben.\" \/>\n<meta property=\"og:url\" content=\"https:\/\/www.welovecycling.com\/hu\/edzes-es-eletmod\/hogyan-tartsd-meg-a-kerekparos-testsulyod\/\" \/>\n<meta property=\"og:site_name\" content=\"\u0160koda We Love Cycling - Magyarorsz\u00e1g\" \/>\n<meta property=\"article:publisher\" content=\"https:\/\/www.facebook.com\/WeLoveCyclingHungary\/\" \/>\n<meta property=\"article:published_time\" content=\"2020-10-19T07:00:16+00:00\" \/>\n<meta property=\"og:image\" content=\"https:\/\/d2p6e6u75xmxt8.cloudfront.net\/12\/2020\/10\/Cycling-Training-CVR-profimedia-0374728878.jpg\" \/>\n\t<meta property=\"og:image:width\" content=\"1366\" \/>\n\t<meta property=\"og:image:height\" content=\"600\" \/>\n\t<meta property=\"og:image:type\" content=\"image\/jpeg\" \/>\n<meta name=\"author\" content=\"hegyizs\" \/>\n<meta name=\"twitter:card\" content=\"summary_large_image\" \/>\n<meta name=\"twitter:label1\" content=\"Written by\" \/>\n\t<meta name=\"twitter:data1\" content=\"Jiri Kaloc\" \/>\n\t<meta name=\"twitter:label2\" content=\"Est. reading time\" \/>\n\t<meta name=\"twitter:data2\" content=\"5\" \/>\n<script type=\"application\/ld+json\" class=\"yoast-schema-graph\">{\"@context\":\"https:\/\/schema.org\",\"@graph\":[{\"@type\":\"WebPage\",\"@id\":\"https:\/\/www.welovecycling.com\/hu\/edzes-es-eletmod\/hogyan-tartsd-meg-a-kerekparos-testsulyod\/\",\"url\":\"https:\/\/www.welovecycling.com\/hu\/edzes-es-eletmod\/hogyan-tartsd-meg-a-kerekparos-testsulyod\/\",\"name\":\"Hogyan tartsd meg a ker\u00e9kp\u00e1ros tests\u00falyod?\",\"isPartOf\":{\"@id\":\"https:\/\/www.welovecycling.com\/hu\/#website\"},\"primaryImageOfPage\":{\"@id\":\"https:\/\/www.welovecycling.com\/hu\/edzes-es-eletmod\/hogyan-tartsd-meg-a-kerekparos-testsulyod\/#primaryimage\"},\"image\":{\"@id\":\"https:\/\/www.welovecycling.com\/hu\/edzes-es-eletmod\/hogyan-tartsd-meg-a-kerekparos-testsulyod\/#primaryimage\"},\"thumbnailUrl\":\"https:\/\/d2p6e6u75xmxt8.cloudfront.net\/12\/2020\/10\/Cycling-Training-CVR-profimedia-0374728878.jpg\",\"datePublished\":\"2020-10-19T07:00:16+00:00\",\"author\":{\"@id\":\"https:\/\/www.welovecycling.com\/hu\/#\/schema\/person\/414a2aebf1801691a5320edb6468e194\"},\"description\":\"A kit\u0171z\u00f6tt s\u00faly el\u00e9r\u00e9se nem k\u00f6nny\u0171. Lehet, hogy egy komoly verseny vagy egy teljes szezon kell hozz\u00e1, hogy annyit adjunk le, amennyit eltervezt\u00fcnk.\",\"breadcrumb\":{\"@id\":\"https:\/\/www.welovecycling.com\/hu\/edzes-es-eletmod\/hogyan-tartsd-meg-a-kerekparos-testsulyod\/#breadcrumb\"},\"inLanguage\":\"hu\",\"potentialAction\":[{\"@type\":\"ReadAction\",\"target\":[\"https:\/\/www.welovecycling.com\/hu\/edzes-es-eletmod\/hogyan-tartsd-meg-a-kerekparos-testsulyod\/\"]}]},{\"@type\":\"ImageObject\",\"inLanguage\":\"hu\",\"@id\":\"https:\/\/www.welovecycling.com\/hu\/edzes-es-eletmod\/hogyan-tartsd-meg-a-kerekparos-testsulyod\/#primaryimage\",\"url\":\"https:\/\/d2p6e6u75xmxt8.cloudfront.net\/12\/2020\/10\/Cycling-Training-CVR-profimedia-0374728878.jpg\",\"contentUrl\":\"https:\/\/d2p6e6u75xmxt8.cloudfront.net\/12\/2020\/10\/Cycling-Training-CVR-profimedia-0374728878.jpg\",\"width\":1366,\"height\":600,\"caption\":\"Cycling\"},{\"@type\":\"BreadcrumbList\",\"@id\":\"https:\/\/www.welovecycling.com\/hu\/edzes-es-eletmod\/hogyan-tartsd-meg-a-kerekparos-testsulyod\/#breadcrumb\",\"itemListElement\":[{\"@type\":\"ListItem\",\"position\":1,\"name\":\"Home\",\"item\":\"https:\/\/www.welovecycling.com\/hu\/\"},{\"@type\":\"ListItem\",\"position\":2,\"name\":\"Hogyan tartsd meg a ker\u00e9kp\u00e1ros tests\u00falyod?\"}]},{\"@type\":\"WebSite\",\"@id\":\"https:\/\/www.welovecycling.com\/hu\/#website\",\"url\":\"https:\/\/www.welovecycling.com\/hu\/\",\"name\":\"\u0160koda We Love Cycling - Magyarorsz\u00e1g\",\"description\":\"\u0160koda WeLoveCycling\",\"potentialAction\":[{\"@type\":\"SearchAction\",\"target\":{\"@type\":\"EntryPoint\",\"urlTemplate\":\"https:\/\/www.welovecycling.com\/hu\/?s={search_term_string}\"},\"query-input\":{\"@type\":\"PropertyValueSpecification\",\"valueRequired\":true,\"valueName\":\"search_term_string\"}}],\"inLanguage\":\"hu\"},{\"@type\":\"Person\",\"@id\":\"https:\/\/www.welovecycling.com\/hu\/#\/schema\/person\/414a2aebf1801691a5320edb6468e194\",\"name\":\"hegyizs\",\"image\":{\"@type\":\"ImageObject\",\"inLanguage\":\"hu\",\"@id\":\"https:\/\/www.welovecycling.com\/hu\/#\/schema\/person\/image\/\",\"url\":\"https:\/\/secure.gravatar.com\/avatar\/02cf8a7906b8cf90cecb4679defac7cfd33a1c2e3b88e4903d947f3bb58eedd3?s=96&d=mm&r=g\",\"contentUrl\":\"https:\/\/secure.gravatar.com\/avatar\/02cf8a7906b8cf90cecb4679defac7cfd33a1c2e3b88e4903d947f3bb58eedd3?s=96&d=mm&r=g\",\"caption\":\"hegyizs\"},\"url\":\"https:\/\/www.welovecycling.com\/hu\/author\/hegyizs\/\"}]}<\/script>\n<!-- \/ Yoast SEO Premium plugin. -->","yoast_head_json":{"title":"Hogyan tartsd meg a ker\u00e9kp\u00e1ros tests\u00falyod?","description":"A kit\u0171z\u00f6tt s\u00faly el\u00e9r\u00e9se nem k\u00f6nny\u0171. Lehet, hogy egy komoly verseny vagy egy teljes szezon kell hozz\u00e1, hogy annyit adjunk le, amennyit eltervezt\u00fcnk.","robots":{"index":"index","follow":"follow","max-snippet":"max-snippet:-1","max-image-preview":"max-image-preview:large","max-video-preview":"max-video-preview:-1"},"canonical":"https:\/\/www.welovecycling.com\/hu\/edzes-es-eletmod\/hogyan-tartsd-meg-a-kerekparos-testsulyod\/","og_locale":"hu_HU","og_type":"article","og_title":"Hogyan tartsd meg a ker\u00e9kp\u00e1ros tests\u00falyod?","og_description":"A kit\u0171z\u00f6tt s\u00faly el\u00e9r\u00e9se nem k\u00f6nny\u0171. Lehet, hogy egy komoly verseny vagy egy teljes szezon kell hozz\u00e1, hogy annyit adjunk le, amennyit eltervezt\u00fcnk. Azt\u00e1n j\u00f6n a t\u00e9l \u00e9s j\u00f6nnek az \u00fcnnepek\u2026 ilyenkor \u00e9szrev\u00e9tlen\u00fcl visszam\u00e1sznak a kil\u00f3k. Hoztunk n\u00e9h\u00e1ny tippet \u00e9s j\u00f3 szok\u00e1st, amik seg\u00edtenek megtartani az optim\u00e1lis tests\u00falyt, eg\u00e9sz \u00e9vben.","og_url":"https:\/\/www.welovecycling.com\/hu\/edzes-es-eletmod\/hogyan-tartsd-meg-a-kerekparos-testsulyod\/","og_site_name":"\u0160koda We Love Cycling - Magyarorsz\u00e1g","article_publisher":"https:\/\/www.facebook.com\/WeLoveCyclingHungary\/","article_published_time":"2020-10-19T07:00:16+00:00","og_image":[{"width":1366,"height":600,"url":"https:\/\/d2p6e6u75xmxt8.cloudfront.net\/12\/2020\/10\/Cycling-Training-CVR-profimedia-0374728878.jpg","type":"image\/jpeg"}],"author":"hegyizs","twitter_card":"summary_large_image","twitter_misc":{"Written by":"Jiri Kaloc","Est. reading time":"5"},"schema":{"@context":"https:\/\/schema.org","@graph":[{"@type":"WebPage","@id":"https:\/\/www.welovecycling.com\/hu\/edzes-es-eletmod\/hogyan-tartsd-meg-a-kerekparos-testsulyod\/","url":"https:\/\/www.welovecycling.com\/hu\/edzes-es-eletmod\/hogyan-tartsd-meg-a-kerekparos-testsulyod\/","name":"Hogyan tartsd meg a ker\u00e9kp\u00e1ros tests\u00falyod?","isPartOf":{"@id":"https:\/\/www.welovecycling.com\/hu\/#website"},"primaryImageOfPage":{"@id":"https:\/\/www.welovecycling.com\/hu\/edzes-es-eletmod\/hogyan-tartsd-meg-a-kerekparos-testsulyod\/#primaryimage"},"image":{"@id":"https:\/\/www.welovecycling.com\/hu\/edzes-es-eletmod\/hogyan-tartsd-meg-a-kerekparos-testsulyod\/#primaryimage"},"thumbnailUrl":"https:\/\/d2p6e6u75xmxt8.cloudfront.net\/12\/2020\/10\/Cycling-Training-CVR-profimedia-0374728878.jpg","datePublished":"2020-10-19T07:00:16+00:00","author":{"@id":"https:\/\/www.welovecycling.com\/hu\/#\/schema\/person\/414a2aebf1801691a5320edb6468e194"},"description":"A kit\u0171z\u00f6tt s\u00faly el\u00e9r\u00e9se nem k\u00f6nny\u0171. Lehet, hogy egy komoly verseny vagy egy teljes szezon kell hozz\u00e1, hogy annyit adjunk le, amennyit eltervezt\u00fcnk.","breadcrumb":{"@id":"https:\/\/www.welovecycling.com\/hu\/edzes-es-eletmod\/hogyan-tartsd-meg-a-kerekparos-testsulyod\/#breadcrumb"},"inLanguage":"hu","potentialAction":[{"@type":"ReadAction","target":["https:\/\/www.welovecycling.com\/hu\/edzes-es-eletmod\/hogyan-tartsd-meg-a-kerekparos-testsulyod\/"]}]},{"@type":"ImageObject","inLanguage":"hu","@id":"https:\/\/www.welovecycling.com\/hu\/edzes-es-eletmod\/hogyan-tartsd-meg-a-kerekparos-testsulyod\/#primaryimage","url":"https:\/\/d2p6e6u75xmxt8.cloudfront.net\/12\/2020\/10\/Cycling-Training-CVR-profimedia-0374728878.jpg","contentUrl":"https:\/\/d2p6e6u75xmxt8.cloudfront.net\/12\/2020\/10\/Cycling-Training-CVR-profimedia-0374728878.jpg","width":1366,"height":600,"caption":"Cycling"},{"@type":"BreadcrumbList","@id":"https:\/\/www.welovecycling.com\/hu\/edzes-es-eletmod\/hogyan-tartsd-meg-a-kerekparos-testsulyod\/#breadcrumb","itemListElement":[{"@type":"ListItem","position":1,"name":"Home","item":"https:\/\/www.welovecycling.com\/hu\/"},{"@type":"ListItem","position":2,"name":"Hogyan tartsd meg a ker\u00e9kp\u00e1ros tests\u00falyod?"}]},{"@type":"WebSite","@id":"https:\/\/www.welovecycling.com\/hu\/#website","url":"https:\/\/www.welovecycling.com\/hu\/","name":"\u0160koda We Love Cycling - Magyarorsz\u00e1g","description":"\u0160koda WeLoveCycling","potentialAction":[{"@type":"SearchAction","target":{"@type":"EntryPoint","urlTemplate":"https:\/\/www.welovecycling.com\/hu\/?s={search_term_string}"},"query-input":{"@type":"PropertyValueSpecification","valueRequired":true,"valueName":"search_term_string"}}],"inLanguage":"hu"},{"@type":"Person","@id":"https:\/\/www.welovecycling.com\/hu\/#\/schema\/person\/414a2aebf1801691a5320edb6468e194","name":"hegyizs","image":{"@type":"ImageObject","inLanguage":"hu","@id":"https:\/\/www.welovecycling.com\/hu\/#\/schema\/person\/image\/","url":"https:\/\/secure.gravatar.com\/avatar\/02cf8a7906b8cf90cecb4679defac7cfd33a1c2e3b88e4903d947f3bb58eedd3?s=96&d=mm&r=g","contentUrl":"https:\/\/secure.gravatar.com\/avatar\/02cf8a7906b8cf90cecb4679defac7cfd33a1c2e3b88e4903d947f3bb58eedd3?s=96&d=mm&r=g","caption":"hegyizs"},"url":"https:\/\/www.welovecycling.com\/hu\/author\/hegyizs\/"}]}},"_links":{"self":[{"href":"https:\/\/www.welovecycling.com\/hu\/wp-json\/wp\/v2\/posts\/8771","targetHints":{"allow":["GET"]}}],"collection":[{"href":"https:\/\/www.welovecycling.com\/hu\/wp-json\/wp\/v2\/posts"}],"about":[{"href":"https:\/\/www.welovecycling.com\/hu\/wp-json\/wp\/v2\/types\/post"}],"author":[{"embeddable":true,"href":"https:\/\/www.welovecycling.com\/hu\/wp-json\/wp\/v2\/users\/71"}],"replies":[{"embeddable":true,"href":"https:\/\/www.welovecycling.com\/hu\/wp-json\/wp\/v2\/comments?post=8771"}],"version-history":[{"count":2,"href":"https:\/\/www.welovecycling.com\/hu\/wp-json\/wp\/v2\/posts\/8771\/revisions"}],"predecessor-version":[{"id":8789,"href":"https:\/\/www.welovecycling.com\/hu\/wp-json\/wp\/v2\/posts\/8771\/revisions\/8789"}],"wp:featuredmedia":[{"embeddable":true,"href":"https:\/\/www.welovecycling.com\/hu\/wp-json\/wp\/v2\/media\/8775"}],"wp:attachment":[{"href":"https:\/\/www.welovecycling.com\/hu\/wp-json\/wp\/v2\/media?parent=8771"}],"wp:term":[{"taxonomy":"category","embeddable":true,"href":"https:\/\/www.welovecycling.com\/hu\/wp-json\/wp\/v2\/categories?post=8771"},{"taxonomy":"post_tag","embeddable":true,"href":"https:\/\/www.welovecycling.com\/hu\/wp-json\/wp\/v2\/tags?post=8771"},{"taxonomy":"global-categories","embeddable":true,"href":"https:\/\/www.welovecycling.com\/hu\/wp-json\/wp\/v2\/global-categories?post=8771"}],"curies":[{"name":"wp","href":"https:\/\/api.w.org\/{rel}","templated":true}]}}