{"id":8764,"date":"2020-10-16T08:00:26","date_gmt":"2020-10-16T07:00:26","guid":{"rendered":"https:\/\/www.welovecycling.com\/hu\/?p=8764"},"modified":"2020-10-09T17:16:53","modified_gmt":"2020-10-09T16:16:53","slug":"nem-koszoni-meg-a-szivunk-a-tul-sok-gumicukrot","status":"publish","type":"post","link":"https:\/\/www.welovecycling.com\/hu\/edzes-es-eletmod\/nem-koszoni-meg-a-szivunk-a-tul-sok-gumicukrot\/","title":{"rendered":"Nem k\u00f6sz\u00f6ni meg a sz\u00edv\u00fcnk a t\u00fal sok gumicukrot"},"content":{"rendered":"<p><strong>M\u00e1r csak n\u00e9h\u00e1ny kilom\u00e9ter van h\u00e1tra, hogy el\u00e9rd az aznapi c\u00e9lt: hogy b\u00edrd energi\u00e1val, bekapsz egy cukork\u00e1t \u00e9s ez el\u00e9g l\u00f6ketet ad. De milyen hat\u00e1ssal van az eg\u00e9szs\u00e9gedre hossz\u00fa t\u00e1von? A <em>Metabolism<\/em> foly\u00f3irat szerint, ha az \u00e9dess\u00e9gben sok a magas frukt\u00f3ztartalm\u00fa kukoricaszirup, val\u00f3sz\u00edn\u0171leg nem t\u00fal j\u00f3.<\/strong><!--more--><\/p>\n<p>A kutat\u00f3k 145, 18 \u00e9s 40 \u00e9v k\u00f6z\u00f6tti alanyt vizsg\u00e1ltak k\u00e9t h\u00e9ten \u00e1t. Aszpart\u00e1mmal, gl\u00fck\u00f3zzal, frukt\u00f3zzal vagy magas frukt\u00f3ztartalm\u00fa kukoricasziruppal (HFCS) \u00e9des\u00edtett italokkal l\u00e1tt\u00e1k el \u0151ket, melyek elfogyaszt\u00e1sa el\u0151tt \u00e9s ut\u00e1n v\u00e9rmint\u00e1kat vettek.<\/p>\n<p>Kor\u00e1bbi kutat\u00e1sokra t\u00e1maszkodva arra sz\u00e1m\u00edtottak, hogy a trigliceridek \u2013 a rossz \u00e1llapotban l\u00e9v\u0151 sz\u00edv jelz\u0151f\u00e9nyei \u2013 szintje megemelkedik majd. A felesleges frukt\u00f3z a m\u00e1jba ker\u00fcl, ezzel n\u00f6veli a h\u00fagysav \u00e9s a trigliceridek termel\u00e9s\u00e9t, \u00edgy k\u00f6zvetve a sz\u00edvbetegs\u00e9gek \u00e9s a m\u00e1j elzs\u00edrosod\u00e1s\u00e1nak kock\u00e1zat\u00e1t is.<\/p>\n<figure id=\"attachment_8766\" aria-describedby=\"caption-attachment-8766\" style=\"width: 1024px\" class=\"wp-caption aligncenter\"><img loading=\"lazy\" decoding=\"async\" class=\"size-large wp-image-8766\" src=\"https:\/\/d2p6e6u75xmxt8.cloudfront.net\/12\/2020\/10\/nyaloka-1024x673.jpg\" alt=\"\" width=\"1024\" height=\"673\" srcset=\"https:\/\/d2p6e6u75xmxt8.cloudfront.net\/12\/2020\/10\/nyaloka-1024x673.jpg 1024w, https:\/\/d2p6e6u75xmxt8.cloudfront.net\/12\/2020\/10\/nyaloka-300x197.jpg 300w, https:\/\/d2p6e6u75xmxt8.cloudfront.net\/12\/2020\/10\/nyaloka-768x505.jpg 768w, https:\/\/d2p6e6u75xmxt8.cloudfront.net\/12\/2020\/10\/nyaloka.jpg 1065w\" sizes=\"auto, (max-width: 1024px) 100vw, 1024px\" \/><figcaption id=\"caption-attachment-8766\" class=\"wp-caption-text\">Ne t\u00e9vesszen meg az \u00e1lca \u2013 a cukork\u00e1k egy\u00e1ltal\u00e1n nem eg\u00e9szs\u00e9gesek!<\/figcaption><\/figure>\n<p>Ezzel szemben a gluk\u00f3zt az eg\u00e9sz test\u00fcnk haszn\u00e1lja, \u00edgy nem terheli a m\u00e1jat. Az enzim, mely a m\u00e1j \u00e1ltal a v\u00e9rb\u0151l felsz\u00edvott gluk\u00f3z mennyis\u00e9g\u00e9\u00e9rt felel\u0151s, csak akkor l\u00e9p m\u0171k\u00f6d\u00e9sbe, ha a testnek energi\u00e1ra van sz\u00fcks\u00e9ge.<\/p>\n<p>Ez\u00e9rt volt olyan meglep\u0151, hogy a HFCS-ben tal\u00e1lhat\u00f3 frukt\u00f3z-gluk\u00f3z kombin\u00e1ci\u00f3 rosszabb, mint a frukt\u00f3z \u00f6nmag\u00e1ban.<\/p>\n<p><em>\u201eA legfontosabb eredm\u00e9ny\u00fcnk az, hogy bizonyos kock\u00e1zati t\u00e9nyez\u0151k nagyobb m\u00e9rt\u00e9kben megn\u0151ttek, amikor az alanyok HFCS-t fogyasztottak, mint amikor ugyanakkora mennyis\u00e9g\u0171 frukt\u00f3zt\u201d<\/em> \u2013 mondta a kutat\u00e1s vezet\u0151je, Dr. Kimber Stanhope, aki a kaliforniai egyetemen tan\u00edt molekul\u00e1ris biol\u00f3gi\u00e1t.<\/p>\n<p><em>\u201eR\u00e1ad\u00e1sul nem is kellett nagy mennyis\u00e9g a triglicerid-szint n\u00f6vel\u00e9s\u00e9hez. M\u00e1r egy 10%-os oldat is jelent\u0151s v\u00e1ltoz\u00e1st gener\u00e1lt<\/em>\u201d \u2013 tette hozz\u00e1 Dr. Bettina Hieronimus, a n\u00e9metorsz\u00e1gi Max Rubner-Institut Gyermekt\u00e1pl\u00e1lkoz\u00e1si Int\u00e9zet kutat\u00f3ja.<\/p>\n<p>Hab\u00e1r ezek az eredm\u00e9nyek azt sugallhatj\u00e1k, hogy el\u00e9g, ha megn\u00e9zed a cukork\u00e1d \u00f6sszetev\u0151it \u00e9s elker\u00fcl\u00f6d a kukoricaszirupot, Stanhope kihangs\u00falyozta, hogy ez nem \u00edgy van. Ne felejts\u00fck el azokat a dolgokat, amiket m\u00e1r r\u00e9g\u00f3ta tudunk: p\u00e9ld\u00e1ul, hogy a t\u00fal sok cukor nem tesz j\u00f3t, b\u00e1rmilyen t\u00edpus\u00fa is legyen.<\/p>\n<figure id=\"attachment_8767\" aria-describedby=\"caption-attachment-8767\" style=\"width: 1024px\" class=\"wp-caption aligncenter\"><img loading=\"lazy\" decoding=\"async\" class=\"size-large wp-image-8767\" src=\"https:\/\/d2p6e6u75xmxt8.cloudfront.net\/12\/2020\/10\/uveg-1024x683.jpg\" alt=\"\" width=\"1024\" height=\"683\" srcset=\"https:\/\/d2p6e6u75xmxt8.cloudfront.net\/12\/2020\/10\/uveg-1024x683.jpg 1024w, https:\/\/d2p6e6u75xmxt8.cloudfront.net\/12\/2020\/10\/uveg-300x200.jpg 300w, https:\/\/d2p6e6u75xmxt8.cloudfront.net\/12\/2020\/10\/uveg-768x512.jpg 768w, https:\/\/d2p6e6u75xmxt8.cloudfront.net\/12\/2020\/10\/uveg-272x182.jpg 272w, https:\/\/d2p6e6u75xmxt8.cloudfront.net\/12\/2020\/10\/uveg.jpg 1048w\" sizes=\"auto, (max-width: 1024px) 100vw, 1024px\" \/><figcaption id=\"caption-attachment-8767\" class=\"wp-caption-text\">Tov\u00e1bbra is a m\u00e9rt\u00e9kletess\u00e9g a legfontosabb!<\/figcaption><\/figure>\n<p>Az eml\u00edtett kutat\u00e1s nem vizsg\u00e1lt nagyon akt\u00edv embereket. Annak meg\u00e1llap\u00edt\u00e1s\u00e1ra, hogy a testmozg\u00e1s v\u00e9d-e a cukor negat\u00edv hat\u00e1sai ellen, tov\u00e1bbi tanulm\u00e1nyokra lesz sz\u00fcks\u00e9g. Addig viszont, ameddig ez kider\u00fcl, ne sz\u00e1m\u00edts az extra kilom\u00e9terekre, ink\u00e1bb fogyassz kevesebb \u00e9dess\u00e9get! Nem kell \u00f6r\u00f6kre b\u00facs\u00fat mondanod kedvenc cukork\u00e1dt\u00f3l, de \u00e9rdemes term\u00e9szetes eredet\u0171 cukrokat tartalmaz\u00f3 opci\u00f3kkal kieg\u00e9sz\u00edtened az energiap\u00f3tl\u00e1st, mint amilyenek a sz\u00e1r\u00edtott gy\u00fcm\u00f6lcs\u00f6k is.<\/p>\n<p><em>Forr\u00e1s: <\/em><a href=\"https:\/\/www.runnersworld.com\/news\/a34270766\/high-fructose-corn-syrup-heart-health-study\/\"><em>runnersworld.com<\/em><\/a><\/p>\n","protected":false},"excerpt":{"rendered":"<p>M\u00e1r csak n\u00e9h\u00e1ny kilom\u00e9ter van h\u00e1tra, hogy el\u00e9rd az aznapi c\u00e9lt: hogy b\u00edrd energi\u00e1val, bekapsz egy cukork\u00e1t \u00e9s ez el\u00e9g [&hellip;]<\/p>\n","protected":false},"author":71,"featured_media":8765,"comment_status":"open","ping_status":"open","sticky":false,"template":"","format":"standard","meta":{"footnotes":""},"categories":[6],"tags":[],"global-categories":[],"class_list":["post-8764","post","type-post","status-publish","format-standard","has-post-thumbnail","hentry","category-edzes-es-eletmod"],"yoast_head":"<!-- This site is optimized with the Yoast SEO Premium plugin v25.3 (Yoast SEO v25.9) - https:\/\/yoast.com\/wordpress\/plugins\/seo\/ -->\n<title>Nem k\u00f6sz\u00f6ni meg a sz\u00edv\u00fcnk a t\u00fal sok gumicukrot - \u0160koda We Love Cycling - Magyarorsz\u00e1g<\/title>\n<meta name=\"robots\" content=\"index, follow, max-snippet:-1, max-image-preview:large, max-video-preview:-1\" \/>\n<link rel=\"canonical\" href=\"https:\/\/www.welovecycling.com\/hu\/edzes-es-eletmod\/nem-koszoni-meg-a-szivunk-a-tul-sok-gumicukrot\/\" \/>\n<meta property=\"og:locale\" content=\"hu_HU\" \/>\n<meta property=\"og:type\" content=\"article\" \/>\n<meta property=\"og:title\" content=\"Nem k\u00f6sz\u00f6ni meg a sz\u00edv\u00fcnk a t\u00fal sok gumicukrot\" \/>\n<meta property=\"og:description\" content=\"M\u00e1r csak n\u00e9h\u00e1ny kilom\u00e9ter van h\u00e1tra, hogy el\u00e9rd az aznapi c\u00e9lt: hogy b\u00edrd energi\u00e1val, bekapsz egy cukork\u00e1t \u00e9s ez el\u00e9g [&hellip;]\" \/>\n<meta property=\"og:url\" content=\"https:\/\/www.welovecycling.com\/hu\/edzes-es-eletmod\/nem-koszoni-meg-a-szivunk-a-tul-sok-gumicukrot\/\" \/>\n<meta property=\"og:site_name\" content=\"\u0160koda We Love Cycling - Magyarorsz\u00e1g\" \/>\n<meta property=\"article:publisher\" content=\"https:\/\/www.facebook.com\/WeLoveCyclingHungary\/\" \/>\n<meta property=\"article:published_time\" content=\"2020-10-16T07:00:26+00:00\" \/>\n<meta property=\"og:image\" content=\"https:\/\/d2p6e6u75xmxt8.cloudfront.net\/12\/2020\/10\/gumicukor.jpg\" \/>\n\t<meta property=\"og:image:width\" content=\"1214\" \/>\n\t<meta property=\"og:image:height\" content=\"691\" \/>\n\t<meta property=\"og:image:type\" content=\"image\/jpeg\" \/>\n<meta name=\"author\" content=\"hegyizs\" \/>\n<meta name=\"twitter:card\" content=\"summary_large_image\" \/>\n<meta name=\"twitter:label1\" content=\"Written by\" \/>\n\t<meta name=\"twitter:data1\" content=\"WLC\" \/>\n\t<meta name=\"twitter:label2\" content=\"Est. reading time\" \/>\n\t<meta name=\"twitter:data2\" content=\"3 minutes\" \/>\n<script type=\"application\/ld+json\" class=\"yoast-schema-graph\">{\"@context\":\"https:\/\/schema.org\",\"@graph\":[{\"@type\":\"WebPage\",\"@id\":\"https:\/\/www.welovecycling.com\/hu\/edzes-es-eletmod\/nem-koszoni-meg-a-szivunk-a-tul-sok-gumicukrot\/\",\"url\":\"https:\/\/www.welovecycling.com\/hu\/edzes-es-eletmod\/nem-koszoni-meg-a-szivunk-a-tul-sok-gumicukrot\/\",\"name\":\"Nem k\u00f6sz\u00f6ni meg a sz\u00edv\u00fcnk a t\u00fal sok gumicukrot - \u0160koda We Love Cycling - Magyarorsz\u00e1g\",\"isPartOf\":{\"@id\":\"https:\/\/www.welovecycling.com\/hu\/#website\"},\"primaryImageOfPage\":{\"@id\":\"https:\/\/www.welovecycling.com\/hu\/edzes-es-eletmod\/nem-koszoni-meg-a-szivunk-a-tul-sok-gumicukrot\/#primaryimage\"},\"image\":{\"@id\":\"https:\/\/www.welovecycling.com\/hu\/edzes-es-eletmod\/nem-koszoni-meg-a-szivunk-a-tul-sok-gumicukrot\/#primaryimage\"},\"thumbnailUrl\":\"https:\/\/d2p6e6u75xmxt8.cloudfront.net\/12\/2020\/10\/gumicukor.jpg\",\"datePublished\":\"2020-10-16T07:00:26+00:00\",\"author\":{\"@id\":\"https:\/\/www.welovecycling.com\/hu\/#\/schema\/person\/414a2aebf1801691a5320edb6468e194\"},\"breadcrumb\":{\"@id\":\"https:\/\/www.welovecycling.com\/hu\/edzes-es-eletmod\/nem-koszoni-meg-a-szivunk-a-tul-sok-gumicukrot\/#breadcrumb\"},\"inLanguage\":\"hu\",\"potentialAction\":[{\"@type\":\"ReadAction\",\"target\":[\"https:\/\/www.welovecycling.com\/hu\/edzes-es-eletmod\/nem-koszoni-meg-a-szivunk-a-tul-sok-gumicukrot\/\"]}]},{\"@type\":\"ImageObject\",\"inLanguage\":\"hu\",\"@id\":\"https:\/\/www.welovecycling.com\/hu\/edzes-es-eletmod\/nem-koszoni-meg-a-szivunk-a-tul-sok-gumicukrot\/#primaryimage\",\"url\":\"https:\/\/d2p6e6u75xmxt8.cloudfront.net\/12\/2020\/10\/gumicukor.jpg\",\"contentUrl\":\"https:\/\/d2p6e6u75xmxt8.cloudfront.net\/12\/2020\/10\/gumicukor.jpg\",\"width\":1214,\"height\":691},{\"@type\":\"BreadcrumbList\",\"@id\":\"https:\/\/www.welovecycling.com\/hu\/edzes-es-eletmod\/nem-koszoni-meg-a-szivunk-a-tul-sok-gumicukrot\/#breadcrumb\",\"itemListElement\":[{\"@type\":\"ListItem\",\"position\":1,\"name\":\"Home\",\"item\":\"https:\/\/www.welovecycling.com\/hu\/\"},{\"@type\":\"ListItem\",\"position\":2,\"name\":\"Nem k\u00f6sz\u00f6ni meg a sz\u00edv\u00fcnk a t\u00fal sok gumicukrot\"}]},{\"@type\":\"WebSite\",\"@id\":\"https:\/\/www.welovecycling.com\/hu\/#website\",\"url\":\"https:\/\/www.welovecycling.com\/hu\/\",\"name\":\"\u0160koda We Love Cycling - Magyarorsz\u00e1g\",\"description\":\"\u0160koda WeLoveCycling\",\"potentialAction\":[{\"@type\":\"SearchAction\",\"target\":{\"@type\":\"EntryPoint\",\"urlTemplate\":\"https:\/\/www.welovecycling.com\/hu\/?s={search_term_string}\"},\"query-input\":{\"@type\":\"PropertyValueSpecification\",\"valueRequired\":true,\"valueName\":\"search_term_string\"}}],\"inLanguage\":\"hu\"},{\"@type\":\"Person\",\"@id\":\"https:\/\/www.welovecycling.com\/hu\/#\/schema\/person\/414a2aebf1801691a5320edb6468e194\",\"name\":\"hegyizs\",\"image\":{\"@type\":\"ImageObject\",\"inLanguage\":\"hu\",\"@id\":\"https:\/\/www.welovecycling.com\/hu\/#\/schema\/person\/image\/\",\"url\":\"https:\/\/secure.gravatar.com\/avatar\/02cf8a7906b8cf90cecb4679defac7cfd33a1c2e3b88e4903d947f3bb58eedd3?s=96&d=mm&r=g\",\"contentUrl\":\"https:\/\/secure.gravatar.com\/avatar\/02cf8a7906b8cf90cecb4679defac7cfd33a1c2e3b88e4903d947f3bb58eedd3?s=96&d=mm&r=g\",\"caption\":\"hegyizs\"},\"url\":\"https:\/\/www.welovecycling.com\/hu\/author\/hegyizs\/\"}]}<\/script>\n<!-- \/ Yoast SEO Premium plugin. -->","yoast_head_json":{"title":"Nem k\u00f6sz\u00f6ni meg a sz\u00edv\u00fcnk a t\u00fal sok gumicukrot - \u0160koda We Love Cycling - Magyarorsz\u00e1g","robots":{"index":"index","follow":"follow","max-snippet":"max-snippet:-1","max-image-preview":"max-image-preview:large","max-video-preview":"max-video-preview:-1"},"canonical":"https:\/\/www.welovecycling.com\/hu\/edzes-es-eletmod\/nem-koszoni-meg-a-szivunk-a-tul-sok-gumicukrot\/","og_locale":"hu_HU","og_type":"article","og_title":"Nem k\u00f6sz\u00f6ni meg a sz\u00edv\u00fcnk a t\u00fal sok gumicukrot","og_description":"M\u00e1r csak n\u00e9h\u00e1ny kilom\u00e9ter van h\u00e1tra, hogy el\u00e9rd az aznapi c\u00e9lt: hogy b\u00edrd energi\u00e1val, bekapsz egy cukork\u00e1t \u00e9s ez el\u00e9g [&hellip;]","og_url":"https:\/\/www.welovecycling.com\/hu\/edzes-es-eletmod\/nem-koszoni-meg-a-szivunk-a-tul-sok-gumicukrot\/","og_site_name":"\u0160koda We Love Cycling - Magyarorsz\u00e1g","article_publisher":"https:\/\/www.facebook.com\/WeLoveCyclingHungary\/","article_published_time":"2020-10-16T07:00:26+00:00","og_image":[{"width":1214,"height":691,"url":"https:\/\/d2p6e6u75xmxt8.cloudfront.net\/12\/2020\/10\/gumicukor.jpg","type":"image\/jpeg"}],"author":"hegyizs","twitter_card":"summary_large_image","twitter_misc":{"Written by":"WLC","Est. reading time":"3 minutes"},"schema":{"@context":"https:\/\/schema.org","@graph":[{"@type":"WebPage","@id":"https:\/\/www.welovecycling.com\/hu\/edzes-es-eletmod\/nem-koszoni-meg-a-szivunk-a-tul-sok-gumicukrot\/","url":"https:\/\/www.welovecycling.com\/hu\/edzes-es-eletmod\/nem-koszoni-meg-a-szivunk-a-tul-sok-gumicukrot\/","name":"Nem k\u00f6sz\u00f6ni meg a sz\u00edv\u00fcnk a t\u00fal sok gumicukrot - \u0160koda We Love Cycling - Magyarorsz\u00e1g","isPartOf":{"@id":"https:\/\/www.welovecycling.com\/hu\/#website"},"primaryImageOfPage":{"@id":"https:\/\/www.welovecycling.com\/hu\/edzes-es-eletmod\/nem-koszoni-meg-a-szivunk-a-tul-sok-gumicukrot\/#primaryimage"},"image":{"@id":"https:\/\/www.welovecycling.com\/hu\/edzes-es-eletmod\/nem-koszoni-meg-a-szivunk-a-tul-sok-gumicukrot\/#primaryimage"},"thumbnailUrl":"https:\/\/d2p6e6u75xmxt8.cloudfront.net\/12\/2020\/10\/gumicukor.jpg","datePublished":"2020-10-16T07:00:26+00:00","author":{"@id":"https:\/\/www.welovecycling.com\/hu\/#\/schema\/person\/414a2aebf1801691a5320edb6468e194"},"breadcrumb":{"@id":"https:\/\/www.welovecycling.com\/hu\/edzes-es-eletmod\/nem-koszoni-meg-a-szivunk-a-tul-sok-gumicukrot\/#breadcrumb"},"inLanguage":"hu","potentialAction":[{"@type":"ReadAction","target":["https:\/\/www.welovecycling.com\/hu\/edzes-es-eletmod\/nem-koszoni-meg-a-szivunk-a-tul-sok-gumicukrot\/"]}]},{"@type":"ImageObject","inLanguage":"hu","@id":"https:\/\/www.welovecycling.com\/hu\/edzes-es-eletmod\/nem-koszoni-meg-a-szivunk-a-tul-sok-gumicukrot\/#primaryimage","url":"https:\/\/d2p6e6u75xmxt8.cloudfront.net\/12\/2020\/10\/gumicukor.jpg","contentUrl":"https:\/\/d2p6e6u75xmxt8.cloudfront.net\/12\/2020\/10\/gumicukor.jpg","width":1214,"height":691},{"@type":"BreadcrumbList","@id":"https:\/\/www.welovecycling.com\/hu\/edzes-es-eletmod\/nem-koszoni-meg-a-szivunk-a-tul-sok-gumicukrot\/#breadcrumb","itemListElement":[{"@type":"ListItem","position":1,"name":"Home","item":"https:\/\/www.welovecycling.com\/hu\/"},{"@type":"ListItem","position":2,"name":"Nem k\u00f6sz\u00f6ni meg a sz\u00edv\u00fcnk a t\u00fal sok gumicukrot"}]},{"@type":"WebSite","@id":"https:\/\/www.welovecycling.com\/hu\/#website","url":"https:\/\/www.welovecycling.com\/hu\/","name":"\u0160koda We Love Cycling - Magyarorsz\u00e1g","description":"\u0160koda WeLoveCycling","potentialAction":[{"@type":"SearchAction","target":{"@type":"EntryPoint","urlTemplate":"https:\/\/www.welovecycling.com\/hu\/?s={search_term_string}"},"query-input":{"@type":"PropertyValueSpecification","valueRequired":true,"valueName":"search_term_string"}}],"inLanguage":"hu"},{"@type":"Person","@id":"https:\/\/www.welovecycling.com\/hu\/#\/schema\/person\/414a2aebf1801691a5320edb6468e194","name":"hegyizs","image":{"@type":"ImageObject","inLanguage":"hu","@id":"https:\/\/www.welovecycling.com\/hu\/#\/schema\/person\/image\/","url":"https:\/\/secure.gravatar.com\/avatar\/02cf8a7906b8cf90cecb4679defac7cfd33a1c2e3b88e4903d947f3bb58eedd3?s=96&d=mm&r=g","contentUrl":"https:\/\/secure.gravatar.com\/avatar\/02cf8a7906b8cf90cecb4679defac7cfd33a1c2e3b88e4903d947f3bb58eedd3?s=96&d=mm&r=g","caption":"hegyizs"},"url":"https:\/\/www.welovecycling.com\/hu\/author\/hegyizs\/"}]}},"_links":{"self":[{"href":"https:\/\/www.welovecycling.com\/hu\/wp-json\/wp\/v2\/posts\/8764","targetHints":{"allow":["GET"]}}],"collection":[{"href":"https:\/\/www.welovecycling.com\/hu\/wp-json\/wp\/v2\/posts"}],"about":[{"href":"https:\/\/www.welovecycling.com\/hu\/wp-json\/wp\/v2\/types\/post"}],"author":[{"embeddable":true,"href":"https:\/\/www.welovecycling.com\/hu\/wp-json\/wp\/v2\/users\/71"}],"replies":[{"embeddable":true,"href":"https:\/\/www.welovecycling.com\/hu\/wp-json\/wp\/v2\/comments?post=8764"}],"version-history":[{"count":2,"href":"https:\/\/www.welovecycling.com\/hu\/wp-json\/wp\/v2\/posts\/8764\/revisions"}],"predecessor-version":[{"id":8769,"href":"https:\/\/www.welovecycling.com\/hu\/wp-json\/wp\/v2\/posts\/8764\/revisions\/8769"}],"wp:featuredmedia":[{"embeddable":true,"href":"https:\/\/www.welovecycling.com\/hu\/wp-json\/wp\/v2\/media\/8765"}],"wp:attachment":[{"href":"https:\/\/www.welovecycling.com\/hu\/wp-json\/wp\/v2\/media?parent=8764"}],"wp:term":[{"taxonomy":"category","embeddable":true,"href":"https:\/\/www.welovecycling.com\/hu\/wp-json\/wp\/v2\/categories?post=8764"},{"taxonomy":"post_tag","embeddable":true,"href":"https:\/\/www.welovecycling.com\/hu\/wp-json\/wp\/v2\/tags?post=8764"},{"taxonomy":"global-categories","embeddable":true,"href":"https:\/\/www.welovecycling.com\/hu\/wp-json\/wp\/v2\/global-categories?post=8764"}],"curies":[{"name":"wp","href":"https:\/\/api.w.org\/{rel}","templated":true}]}}