{"id":8758,"date":"2020-10-17T08:00:04","date_gmt":"2020-10-17T07:00:04","guid":{"rendered":"https:\/\/www.welovecycling.com\/hu\/?p=8758"},"modified":"2020-10-09T17:17:32","modified_gmt":"2020-10-09T16:17:32","slug":"nala-vilaga-negy-labon-es-ket-kereken-a-fold-korul","status":"publish","type":"post","link":"https:\/\/www.welovecycling.com\/hu\/kozosseg-es-kultura\/nala-vilaga-negy-labon-es-ket-kereken-a-fold-korul\/","title":{"rendered":"Nala vil\u00e1ga: n\u00e9gy l\u00e1bon \u00e9s k\u00e9t ker\u00e9ken a F\u00f6ld k\u00f6r\u00fcl"},"content":{"rendered":"<p><strong>Dean Nicholson 30 \u00e9ves kor\u00e1ban nyak\u00e1ba kapta a l\u00e1b\u00e1t \u00e9s elindult Sk\u00f3ci\u00e1b\u00f3l, hogy k\u00f6rbebiciklizze a vil\u00e1got. Mag\u00e1nyos \u00e9s tanuls\u00e1gos kalandnak indult, de hamarosan v\u00e1ratlan \u00fatit\u00e1rssal hozta \u00f6ssze a sors. A Montenegro \u00e9s Bosznia k\u00f6z\u00f6tti hegyekben tal\u00e1lt egy kiscic\u00e1t, aki az\u00f3ta is elk\u00eds\u00e9ri mindenhova.<\/strong><!--more--><\/p>\n<p>Nala &#8211; ahogy Dean az Oroszl\u00e1nkir\u00e1ly h\u0151sn\u0151j\u00e9r\u0151l elnevezte a sov\u00e1ny kis k\u00f3bor macsk\u00e1t \u2013 hamar visszanyerte az erej\u00e9t \u00e9s m\u00e9g gyorsabb \u00fctemben v\u00e1lt az internet egyik szt\u00e1rj\u00e1v\u00e1. A b\u00e1tor \u00e9s f\u00fcggetlen felfedez\u0151, ugyanezekkel a tulajdons\u00e1gokkal rendelkez\u0151 gazd\u00e1j\u00e1val 750 ezer k\u00f6vet\u0151nek ny\u00fajt \u00edzel\u00edt\u0151t kalandjaib\u00f3l Instagramon, a tal\u00e1lkoz\u00e1sukr\u00f3l sz\u00f3l\u00f3 vide\u00f3t pedig t\u00f6bb mint 20 milli\u00f3an n\u00e9zt\u00e9k meg.<\/p>\n<div class=\"embed-controller-wrapper\">\n<div class=\"embed-wrapper\"><iframe title=\"Guy Biking Across the World Picks Up a Stray Kitty | The Dodo Soulmates\" width=\"500\" height=\"281\" data-src=\"https:\/\/www.youtube.com\/embed\/Uj0HAOKmRak?feature=oembed\" frameborder=\"0\" allow=\"accelerometer; autoplay; clipboard-write; encrypted-media; gyroscope; picture-in-picture; web-share\" referrerpolicy=\"strict-origin-when-cross-origin\" allowfullscreen><\/iframe><\/div>\n<\/div>\n<p>Miel\u0151tt \u00f6sszehozta volna \u0151ket a v\u00e9letlen, Nicholson mindig is ink\u00e1bb kutyap\u00e1rti volt. De ez hamar megv\u00e1ltozott: <em>\u201ea macsk\u00e1k igazi egy\u00e9nis\u00e9gek, csak meg kell \u0151ket ismerni\u201d <\/em>\u2013 mondta a Bicycling magazinnak a bring\u00e1s.<\/p>\n<p>A du\u00f3 \u00c1zsia \u00e9s Eur\u00f3pa sz\u00e1mos orsz\u00e1g\u00e1t bej\u00e1rta, \u00e9lvezte a helyiek vend\u00e9gszeretet\u00e9t \u00e9s megtett mindent, amit tudott, hogy visszaadja a kedvess\u00e9get, amit t\u0151l\u00fck kapott. Magyarorsz\u00e1gon is tal\u00e1lkozhatt\u00e1l vel\u00fck, b\u00e1r ez az utaz\u00e1s nem \u00fagy siker\u00fclt, ahogy Nicholson tervezte: itt \u00e9rte \u0151ket a pand\u00e9mia els\u0151 hull\u00e1ma, \u00edgy nem tudtak tov\u00e1bb menni. H\u00e1rom h\u00f3napot t\u00f6lt\u00f6ttek az orsz\u00e1gban, majd hazat\u00e9rtek Sk\u00f3ci\u00e1ba, az\u00f3ta azonban \u00fajra \u00faton vannak. Nicholson c\u00e9lja, hogy a g\u00f6r\u00f6gorsz\u00e1gi k\u00f3bor \u00e1llatokon seg\u00edtsen, ahogy seg\u00edtett m\u00e1r sok m\u00e1s bajba jutott n\u00e9gyl\u00e1b\u00fan is \u2013 de csak Nal\u00e1t tartotta meg. Emellett gy\u0171jt\u00e9st is szervez: <a href=\"https:\/\/www.1bike1world.com\/shop\/\">a Nal\u00e1r\u00f3l k\u00e9sz\u00fclt fot\u00f3kb\u00f3l \u00e1ll\u00f3 napt\u00e1r megv\u00e9tel\u00e9vel<\/a> b\u00e1rki t\u00e1mogathatja az \u00e1llatv\u00e9d\u0151 egyes\u00fcletek munk\u00e1j\u00e1t. Tavaly 130.000 doll\u00e1rt siker\u00fclt \u00f6sszegy\u0171jtenie.<\/p>\n<p><img loading=\"lazy\" decoding=\"async\" class=\"size-full wp-image-8760\" src=\"https:\/\/d2p6e6u75xmxt8.cloudfront.net\/12\/2020\/10\/2021_Cover.jpg\" alt=\"\" width=\"1000\" height=\"1000\" srcset=\"https:\/\/d2p6e6u75xmxt8.cloudfront.net\/12\/2020\/10\/2021_Cover.jpg 1000w, https:\/\/d2p6e6u75xmxt8.cloudfront.net\/12\/2020\/10\/2021_Cover-300x300.jpg 300w, https:\/\/d2p6e6u75xmxt8.cloudfront.net\/12\/2020\/10\/2021_Cover-150x150.jpg 150w, https:\/\/d2p6e6u75xmxt8.cloudfront.net\/12\/2020\/10\/2021_Cover-768x768.jpg 768w\" sizes=\"auto, (max-width: 1000px) 100vw, 1000px\" \/><\/p>\n<p><em>\u201eHa minden j\u00f3l megy, mozg\u00e1sban maradunk \u00e9s igyeksz\u00fcnk felh\u00edvni a figyelmet a k\u00f6rnyezetv\u00e9delmi probl\u00e9m\u00e1kra \u00e9s a gazd\u00e1tlan \u00e1llatokra. Szeretn\u00e9k a hangjuk lenni azoknak, akiknek nincs saj\u00e1tjuk.\u201d<\/em><\/p>\n<p>Nala t\u00f6rt\u00e9net\u00e9t m\u00e1r k\u00f6nyvben is elolvashatod, nem r\u00e9g jelent meg a <em>Nala\u2019s World: One Man, His rescue Cat, and a bike ride around the globe<\/em>, melyben k\u00f6zelebbr\u0151l is megismerheted az utaz\u00f3 macska \u00e9let\u00e9t.<\/p>\n<p><img loading=\"lazy\" decoding=\"async\" class=\"aligncenter size-full wp-image-8762\" src=\"https:\/\/d2p6e6u75xmxt8.cloudfront.net\/12\/2020\/10\/1601671884-511KS7wsoFL.jpg\" alt=\"\" width=\"331\" height=\"500\" srcset=\"https:\/\/d2p6e6u75xmxt8.cloudfront.net\/12\/2020\/10\/1601671884-511KS7wsoFL.jpg 331w, https:\/\/d2p6e6u75xmxt8.cloudfront.net\/12\/2020\/10\/1601671884-511KS7wsoFL-199x300.jpg 199w\" sizes=\"auto, (max-width: 331px) 100vw, 331px\" \/><\/p>\n<p><em>Forr\u00e1s: <\/em><a href=\"https:\/\/www.bicycling.com\/culture\/a34249217\/nalas-world-book-release-dean-nicholson\/\"><em>bicycling.com<\/em><\/a><\/p>\n","protected":false},"excerpt":{"rendered":"<p>Dean Nicholson 30 \u00e9ves kor\u00e1ban nyak\u00e1ba kapta a l\u00e1b\u00e1t \u00e9s elindult Sk\u00f3ci\u00e1b\u00f3l, hogy k\u00f6rbebiciklizze a vil\u00e1got. Mag\u00e1nyos \u00e9s tanuls\u00e1gos kalandnak [&hellip;]<\/p>\n","protected":false},"author":71,"featured_media":8759,"comment_status":"open","ping_status":"open","sticky":false,"template":"","format":"standard","meta":{"footnotes":""},"categories":[12],"tags":[],"global-categories":[],"class_list":["post-8758","post","type-post","status-publish","format-standard","has-post-thumbnail","hentry","category-kozosseg-es-kultura"],"yoast_head":"<!-- This site is optimized with the Yoast SEO Premium plugin v25.3 (Yoast SEO v25.9) - https:\/\/yoast.com\/wordpress\/plugins\/seo\/ -->\n<title>Nala vil\u00e1ga: n\u00e9gy l\u00e1bon \u00e9s k\u00e9t ker\u00e9ken a F\u00f6ld k\u00f6r\u00fcl - \u0160koda We Love Cycling - Magyarorsz\u00e1g<\/title>\n<meta name=\"robots\" content=\"index, follow, max-snippet:-1, max-image-preview:large, max-video-preview:-1\" \/>\n<link rel=\"canonical\" href=\"https:\/\/www.welovecycling.com\/hu\/kozosseg-es-kultura\/nala-vilaga-negy-labon-es-ket-kereken-a-fold-korul\/\" \/>\n<meta property=\"og:locale\" content=\"hu_HU\" \/>\n<meta property=\"og:type\" content=\"article\" \/>\n<meta property=\"og:title\" content=\"Nala vil\u00e1ga: n\u00e9gy l\u00e1bon \u00e9s k\u00e9t ker\u00e9ken a F\u00f6ld k\u00f6r\u00fcl\" \/>\n<meta property=\"og:description\" content=\"Dean Nicholson 30 \u00e9ves kor\u00e1ban nyak\u00e1ba kapta a l\u00e1b\u00e1t \u00e9s elindult Sk\u00f3ci\u00e1b\u00f3l, hogy k\u00f6rbebiciklizze a vil\u00e1got. Mag\u00e1nyos \u00e9s tanuls\u00e1gos kalandnak [&hellip;]\" \/>\n<meta property=\"og:url\" content=\"https:\/\/www.welovecycling.com\/hu\/kozosseg-es-kultura\/nala-vilaga-negy-labon-es-ket-kereken-a-fold-korul\/\" \/>\n<meta property=\"og:site_name\" content=\"\u0160koda We Love Cycling - Magyarorsz\u00e1g\" \/>\n<meta property=\"article:publisher\" content=\"https:\/\/www.facebook.com\/WeLoveCyclingHungary\/\" \/>\n<meta property=\"article:published_time\" content=\"2020-10-17T07:00:04+00:00\" \/>\n<meta property=\"og:image\" content=\"https:\/\/d2p6e6u75xmxt8.cloudfront.net\/12\/2020\/10\/nicholson9781538718780-nalasworld-hc-jpg-1601651778.jpg\" \/>\n\t<meta property=\"og:image:width\" content=\"956\" \/>\n\t<meta property=\"og:image:height\" content=\"571\" \/>\n\t<meta property=\"og:image:type\" content=\"image\/jpeg\" \/>\n<meta name=\"author\" content=\"hegyizs\" \/>\n<meta name=\"twitter:card\" content=\"summary_large_image\" \/>\n<meta name=\"twitter:label1\" content=\"Written by\" \/>\n\t<meta name=\"twitter:data1\" content=\"WLC\" \/>\n\t<meta name=\"twitter:label2\" content=\"Est. reading time\" \/>\n\t<meta name=\"twitter:data2\" content=\"2 minutes\" \/>\n<script type=\"application\/ld+json\" class=\"yoast-schema-graph\">{\"@context\":\"https:\/\/schema.org\",\"@graph\":[{\"@type\":\"WebPage\",\"@id\":\"https:\/\/www.welovecycling.com\/hu\/kozosseg-es-kultura\/nala-vilaga-negy-labon-es-ket-kereken-a-fold-korul\/\",\"url\":\"https:\/\/www.welovecycling.com\/hu\/kozosseg-es-kultura\/nala-vilaga-negy-labon-es-ket-kereken-a-fold-korul\/\",\"name\":\"Nala vil\u00e1ga: n\u00e9gy l\u00e1bon \u00e9s k\u00e9t ker\u00e9ken a F\u00f6ld k\u00f6r\u00fcl - \u0160koda We Love Cycling - Magyarorsz\u00e1g\",\"isPartOf\":{\"@id\":\"https:\/\/www.welovecycling.com\/hu\/#website\"},\"primaryImageOfPage\":{\"@id\":\"https:\/\/www.welovecycling.com\/hu\/kozosseg-es-kultura\/nala-vilaga-negy-labon-es-ket-kereken-a-fold-korul\/#primaryimage\"},\"image\":{\"@id\":\"https:\/\/www.welovecycling.com\/hu\/kozosseg-es-kultura\/nala-vilaga-negy-labon-es-ket-kereken-a-fold-korul\/#primaryimage\"},\"thumbnailUrl\":\"https:\/\/d2p6e6u75xmxt8.cloudfront.net\/12\/2020\/10\/nicholson9781538718780-nalasworld-hc-jpg-1601651778.jpg\",\"datePublished\":\"2020-10-17T07:00:04+00:00\",\"author\":{\"@id\":\"https:\/\/www.welovecycling.com\/hu\/#\/schema\/person\/414a2aebf1801691a5320edb6468e194\"},\"breadcrumb\":{\"@id\":\"https:\/\/www.welovecycling.com\/hu\/kozosseg-es-kultura\/nala-vilaga-negy-labon-es-ket-kereken-a-fold-korul\/#breadcrumb\"},\"inLanguage\":\"hu\",\"potentialAction\":[{\"@type\":\"ReadAction\",\"target\":[\"https:\/\/www.welovecycling.com\/hu\/kozosseg-es-kultura\/nala-vilaga-negy-labon-es-ket-kereken-a-fold-korul\/\"]}]},{\"@type\":\"ImageObject\",\"inLanguage\":\"hu\",\"@id\":\"https:\/\/www.welovecycling.com\/hu\/kozosseg-es-kultura\/nala-vilaga-negy-labon-es-ket-kereken-a-fold-korul\/#primaryimage\",\"url\":\"https:\/\/d2p6e6u75xmxt8.cloudfront.net\/12\/2020\/10\/nicholson9781538718780-nalasworld-hc-jpg-1601651778.jpg\",\"contentUrl\":\"https:\/\/d2p6e6u75xmxt8.cloudfront.net\/12\/2020\/10\/nicholson9781538718780-nalasworld-hc-jpg-1601651778.jpg\",\"width\":956,\"height\":571},{\"@type\":\"BreadcrumbList\",\"@id\":\"https:\/\/www.welovecycling.com\/hu\/kozosseg-es-kultura\/nala-vilaga-negy-labon-es-ket-kereken-a-fold-korul\/#breadcrumb\",\"itemListElement\":[{\"@type\":\"ListItem\",\"position\":1,\"name\":\"Home\",\"item\":\"https:\/\/www.welovecycling.com\/hu\/\"},{\"@type\":\"ListItem\",\"position\":2,\"name\":\"Nala vil\u00e1ga: n\u00e9gy l\u00e1bon \u00e9s k\u00e9t ker\u00e9ken a F\u00f6ld k\u00f6r\u00fcl\"}]},{\"@type\":\"WebSite\",\"@id\":\"https:\/\/www.welovecycling.com\/hu\/#website\",\"url\":\"https:\/\/www.welovecycling.com\/hu\/\",\"name\":\"\u0160koda We Love Cycling - Magyarorsz\u00e1g\",\"description\":\"\u0160koda WeLoveCycling\",\"potentialAction\":[{\"@type\":\"SearchAction\",\"target\":{\"@type\":\"EntryPoint\",\"urlTemplate\":\"https:\/\/www.welovecycling.com\/hu\/?s={search_term_string}\"},\"query-input\":{\"@type\":\"PropertyValueSpecification\",\"valueRequired\":true,\"valueName\":\"search_term_string\"}}],\"inLanguage\":\"hu\"},{\"@type\":\"Person\",\"@id\":\"https:\/\/www.welovecycling.com\/hu\/#\/schema\/person\/414a2aebf1801691a5320edb6468e194\",\"name\":\"hegyizs\",\"image\":{\"@type\":\"ImageObject\",\"inLanguage\":\"hu\",\"@id\":\"https:\/\/www.welovecycling.com\/hu\/#\/schema\/person\/image\/\",\"url\":\"https:\/\/secure.gravatar.com\/avatar\/02cf8a7906b8cf90cecb4679defac7cfd33a1c2e3b88e4903d947f3bb58eedd3?s=96&d=mm&r=g\",\"contentUrl\":\"https:\/\/secure.gravatar.com\/avatar\/02cf8a7906b8cf90cecb4679defac7cfd33a1c2e3b88e4903d947f3bb58eedd3?s=96&d=mm&r=g\",\"caption\":\"hegyizs\"},\"url\":\"https:\/\/www.welovecycling.com\/hu\/author\/hegyizs\/\"}]}<\/script>\n<!-- \/ Yoast SEO Premium plugin. -->","yoast_head_json":{"title":"Nala vil\u00e1ga: n\u00e9gy l\u00e1bon \u00e9s k\u00e9t ker\u00e9ken a F\u00f6ld k\u00f6r\u00fcl - \u0160koda We Love Cycling - Magyarorsz\u00e1g","robots":{"index":"index","follow":"follow","max-snippet":"max-snippet:-1","max-image-preview":"max-image-preview:large","max-video-preview":"max-video-preview:-1"},"canonical":"https:\/\/www.welovecycling.com\/hu\/kozosseg-es-kultura\/nala-vilaga-negy-labon-es-ket-kereken-a-fold-korul\/","og_locale":"hu_HU","og_type":"article","og_title":"Nala vil\u00e1ga: n\u00e9gy l\u00e1bon \u00e9s k\u00e9t ker\u00e9ken a F\u00f6ld k\u00f6r\u00fcl","og_description":"Dean Nicholson 30 \u00e9ves kor\u00e1ban nyak\u00e1ba kapta a l\u00e1b\u00e1t \u00e9s elindult Sk\u00f3ci\u00e1b\u00f3l, hogy k\u00f6rbebiciklizze a vil\u00e1got. Mag\u00e1nyos \u00e9s tanuls\u00e1gos kalandnak [&hellip;]","og_url":"https:\/\/www.welovecycling.com\/hu\/kozosseg-es-kultura\/nala-vilaga-negy-labon-es-ket-kereken-a-fold-korul\/","og_site_name":"\u0160koda We Love Cycling - Magyarorsz\u00e1g","article_publisher":"https:\/\/www.facebook.com\/WeLoveCyclingHungary\/","article_published_time":"2020-10-17T07:00:04+00:00","og_image":[{"width":956,"height":571,"url":"https:\/\/d2p6e6u75xmxt8.cloudfront.net\/12\/2020\/10\/nicholson9781538718780-nalasworld-hc-jpg-1601651778.jpg","type":"image\/jpeg"}],"author":"hegyizs","twitter_card":"summary_large_image","twitter_misc":{"Written by":"WLC","Est. reading time":"2 minutes"},"schema":{"@context":"https:\/\/schema.org","@graph":[{"@type":"WebPage","@id":"https:\/\/www.welovecycling.com\/hu\/kozosseg-es-kultura\/nala-vilaga-negy-labon-es-ket-kereken-a-fold-korul\/","url":"https:\/\/www.welovecycling.com\/hu\/kozosseg-es-kultura\/nala-vilaga-negy-labon-es-ket-kereken-a-fold-korul\/","name":"Nala vil\u00e1ga: n\u00e9gy l\u00e1bon \u00e9s k\u00e9t ker\u00e9ken a F\u00f6ld k\u00f6r\u00fcl - \u0160koda We Love Cycling - Magyarorsz\u00e1g","isPartOf":{"@id":"https:\/\/www.welovecycling.com\/hu\/#website"},"primaryImageOfPage":{"@id":"https:\/\/www.welovecycling.com\/hu\/kozosseg-es-kultura\/nala-vilaga-negy-labon-es-ket-kereken-a-fold-korul\/#primaryimage"},"image":{"@id":"https:\/\/www.welovecycling.com\/hu\/kozosseg-es-kultura\/nala-vilaga-negy-labon-es-ket-kereken-a-fold-korul\/#primaryimage"},"thumbnailUrl":"https:\/\/d2p6e6u75xmxt8.cloudfront.net\/12\/2020\/10\/nicholson9781538718780-nalasworld-hc-jpg-1601651778.jpg","datePublished":"2020-10-17T07:00:04+00:00","author":{"@id":"https:\/\/www.welovecycling.com\/hu\/#\/schema\/person\/414a2aebf1801691a5320edb6468e194"},"breadcrumb":{"@id":"https:\/\/www.welovecycling.com\/hu\/kozosseg-es-kultura\/nala-vilaga-negy-labon-es-ket-kereken-a-fold-korul\/#breadcrumb"},"inLanguage":"hu","potentialAction":[{"@type":"ReadAction","target":["https:\/\/www.welovecycling.com\/hu\/kozosseg-es-kultura\/nala-vilaga-negy-labon-es-ket-kereken-a-fold-korul\/"]}]},{"@type":"ImageObject","inLanguage":"hu","@id":"https:\/\/www.welovecycling.com\/hu\/kozosseg-es-kultura\/nala-vilaga-negy-labon-es-ket-kereken-a-fold-korul\/#primaryimage","url":"https:\/\/d2p6e6u75xmxt8.cloudfront.net\/12\/2020\/10\/nicholson9781538718780-nalasworld-hc-jpg-1601651778.jpg","contentUrl":"https:\/\/d2p6e6u75xmxt8.cloudfront.net\/12\/2020\/10\/nicholson9781538718780-nalasworld-hc-jpg-1601651778.jpg","width":956,"height":571},{"@type":"BreadcrumbList","@id":"https:\/\/www.welovecycling.com\/hu\/kozosseg-es-kultura\/nala-vilaga-negy-labon-es-ket-kereken-a-fold-korul\/#breadcrumb","itemListElement":[{"@type":"ListItem","position":1,"name":"Home","item":"https:\/\/www.welovecycling.com\/hu\/"},{"@type":"ListItem","position":2,"name":"Nala vil\u00e1ga: n\u00e9gy l\u00e1bon \u00e9s k\u00e9t ker\u00e9ken a F\u00f6ld k\u00f6r\u00fcl"}]},{"@type":"WebSite","@id":"https:\/\/www.welovecycling.com\/hu\/#website","url":"https:\/\/www.welovecycling.com\/hu\/","name":"\u0160koda We Love Cycling - Magyarorsz\u00e1g","description":"\u0160koda WeLoveCycling","potentialAction":[{"@type":"SearchAction","target":{"@type":"EntryPoint","urlTemplate":"https:\/\/www.welovecycling.com\/hu\/?s={search_term_string}"},"query-input":{"@type":"PropertyValueSpecification","valueRequired":true,"valueName":"search_term_string"}}],"inLanguage":"hu"},{"@type":"Person","@id":"https:\/\/www.welovecycling.com\/hu\/#\/schema\/person\/414a2aebf1801691a5320edb6468e194","name":"hegyizs","image":{"@type":"ImageObject","inLanguage":"hu","@id":"https:\/\/www.welovecycling.com\/hu\/#\/schema\/person\/image\/","url":"https:\/\/secure.gravatar.com\/avatar\/02cf8a7906b8cf90cecb4679defac7cfd33a1c2e3b88e4903d947f3bb58eedd3?s=96&d=mm&r=g","contentUrl":"https:\/\/secure.gravatar.com\/avatar\/02cf8a7906b8cf90cecb4679defac7cfd33a1c2e3b88e4903d947f3bb58eedd3?s=96&d=mm&r=g","caption":"hegyizs"},"url":"https:\/\/www.welovecycling.com\/hu\/author\/hegyizs\/"}]}},"_links":{"self":[{"href":"https:\/\/www.welovecycling.com\/hu\/wp-json\/wp\/v2\/posts\/8758","targetHints":{"allow":["GET"]}}],"collection":[{"href":"https:\/\/www.welovecycling.com\/hu\/wp-json\/wp\/v2\/posts"}],"about":[{"href":"https:\/\/www.welovecycling.com\/hu\/wp-json\/wp\/v2\/types\/post"}],"author":[{"embeddable":true,"href":"https:\/\/www.welovecycling.com\/hu\/wp-json\/wp\/v2\/users\/71"}],"replies":[{"embeddable":true,"href":"https:\/\/www.welovecycling.com\/hu\/wp-json\/wp\/v2\/comments?post=8758"}],"version-history":[{"count":1,"href":"https:\/\/www.welovecycling.com\/hu\/wp-json\/wp\/v2\/posts\/8758\/revisions"}],"predecessor-version":[{"id":8763,"href":"https:\/\/www.welovecycling.com\/hu\/wp-json\/wp\/v2\/posts\/8758\/revisions\/8763"}],"wp:featuredmedia":[{"embeddable":true,"href":"https:\/\/www.welovecycling.com\/hu\/wp-json\/wp\/v2\/media\/8759"}],"wp:attachment":[{"href":"https:\/\/www.welovecycling.com\/hu\/wp-json\/wp\/v2\/media?parent=8758"}],"wp:term":[{"taxonomy":"category","embeddable":true,"href":"https:\/\/www.welovecycling.com\/hu\/wp-json\/wp\/v2\/categories?post=8758"},{"taxonomy":"post_tag","embeddable":true,"href":"https:\/\/www.welovecycling.com\/hu\/wp-json\/wp\/v2\/tags?post=8758"},{"taxonomy":"global-categories","embeddable":true,"href":"https:\/\/www.welovecycling.com\/hu\/wp-json\/wp\/v2\/global-categories?post=8758"}],"curies":[{"name":"wp","href":"https:\/\/api.w.org\/{rel}","templated":true}]}}