{"id":8743,"date":"2020-10-15T08:00:16","date_gmt":"2020-10-15T07:00:16","guid":{"rendered":"https:\/\/www.welovecycling.com\/hu\/?p=8743"},"modified":"2020-10-09T17:16:20","modified_gmt":"2020-10-09T16:16:20","slug":"ez-egy-bicikli-koszonj-az-elso-egyensulyozo-gyerek-e-bringanak","status":"publish","type":"post","link":"https:\/\/www.welovecycling.com\/hu\/csalad\/ez-egy-bicikli-koszonj-az-elso-egyensulyozo-gyerek-e-bringanak\/","title":{"rendered":"Ez egy bicikli? K\u00f6sz\u00f6nj az els\u0151 egyens\u00falyoz\u00f3 gyerek E-bring\u00e1nak!"},"content":{"rendered":"<p><strong>A We Love Cycling munkat\u00e1rsa, Richard Gasperotti im\u00e1d id\u0151t t\u00f6lteni 6 \u00e9ves kisl\u00e1ny\u00e1val, Eleanor\u00e1val, id\u00e9n ny\u00e1ron pedig k\u00fcl\u00f6nleges meglepet\u00e9ssel lepte meg \u0151t: egy \u00faj ker\u00e9kp\u00e1rral. Val\u00f3j\u00e1ban ez nem is bicikli, \u00e9s nem is egyens\u00falyi ker\u00e9kp\u00e1r. A te gyerekednek is tetszene?<\/strong><\/p>\n<p><!--more--><\/p>\n<p><em>\u201eK\u00f6zelebbr\u0151l n\u00e9zve r\u00e1j\u00f6ssz, hogy ez a fekete sz\u00e9ps\u00e9g egy 16 h\u00fcvelykes kerekeken gurul\u00f3 egyens\u00falyoz\u00f3 e-bicikli. Grommy-nak h\u00edvj\u00e1k \u00e9s kevesebb, mint 800 eur\u00f3\u00e9rt nemcsak egy ker\u00e9kp\u00e1rt kapsz, amivel megtan\u00edthatod a gyerekeidet bicajozni, hanem egy olyan j\u00e1t\u00e9kot is, aminek te is \u00f6r\u00fclt\u00e9l volna gyermekkorodban\u201d<\/em> \u2013 mondta Richard.<\/p>\n<figure id=\"attachment_8744\" aria-describedby=\"caption-attachment-8744\" style=\"width: 1024px\" class=\"wp-caption alignnone\"><a href=\"https:\/\/d2p6e6u75xmxt8.cloudfront.net\/2\/2020\/10\/moondraker-gaspi-scaled.jpg\"><img loading=\"lazy\" decoding=\"async\" class=\"wp-image-8744 size-large\" src=\"https:\/\/d2p6e6u75xmxt8.cloudfront.net\/12\/2020\/10\/moondraker-gaspi-scaled-1024x683.jpg\" alt=\"Mondraker\" width=\"1024\" height=\"683\" srcset=\"https:\/\/d2p6e6u75xmxt8.cloudfront.net\/12\/2020\/10\/moondraker-gaspi-scaled-1024x683.jpg 1024w, https:\/\/d2p6e6u75xmxt8.cloudfront.net\/12\/2020\/10\/moondraker-gaspi-scaled-300x200.jpg 300w, https:\/\/d2p6e6u75xmxt8.cloudfront.net\/12\/2020\/10\/moondraker-gaspi-scaled-768x512.jpg 768w, https:\/\/d2p6e6u75xmxt8.cloudfront.net\/12\/2020\/10\/moondraker-gaspi-scaled-1536x1024.jpg 1536w, https:\/\/d2p6e6u75xmxt8.cloudfront.net\/12\/2020\/10\/moondraker-gaspi-scaled-2048x1366.jpg 2048w, https:\/\/d2p6e6u75xmxt8.cloudfront.net\/12\/2020\/10\/moondraker-gaspi-scaled-1920x1280.jpg 1920w, https:\/\/d2p6e6u75xmxt8.cloudfront.net\/12\/2020\/10\/moondraker-gaspi-scaled-272x182.jpg 272w, https:\/\/d2p6e6u75xmxt8.cloudfront.net\/12\/2020\/10\/moondraker-gaspi-scaled-1920x1280.jpg 1920w\" sizes=\"auto, (max-width: 1024px) 100vw, 1024px\" \/><\/a><figcaption id=\"caption-attachment-8744\" class=\"wp-caption-text\"><em>Nem bicikli, de nem is egyens\u00falyoz\u00f3 ker\u00e9kp\u00e1r. \u00a9 Richard Gasperotti<\/em><\/figcaption><\/figure>\n<p>Ami\u00f3ta Eleanora megszokta ezt az \u00f6nm\u0171k\u00f6d\u0151 j\u00e1rm\u0171vet, ami k\u00f6nnyen vezethet\u0151, 250W-os er\u0151forr\u00e1ssal \u00e9s 3 elektromos sebess\u00e9gv\u00e1lt\u00f3val rendelkezik, nem hajland\u00f3 norm\u00e1lis biciklivel k\u00f6zlekedni. M\u00e1sr\u00e9szt arra k\u00e9ri az apj\u00e1t, hadd maradjon a bukkan\u00f3kkal \u00e9s kanyarokkal tark\u00edtott r\u00e9gi MX p\u00e1ly\u00e1n, ahol \u00f6sszekavarodhat a homok alatta. <em>\u201eN\u00e9h\u00e1ny sz\u00fcl\u0151 kifog\u00e1solhatja ezt a furcsa tan\u00edt\u00f3 m\u00f3dszert, de biztos vagyok benne, hogy Eleanora ezt a j\u00e1t\u00e9kot egy igazi biciklire fogja cser\u00e9lni, amint el\u00e9g nagy lesz ahhoz, hogy ped\u00e1lozzon \u00e9s csatlakozni tud hozz\u00e1m a v\u00e1rosi ker\u00e9kp\u00e1rutakon.\u201d <\/em>\u2013 v\u00e9lekedik Richard.<\/p>\n<figure id=\"attachment_8745\" aria-describedby=\"caption-attachment-8745\" style=\"width: 1024px\" class=\"wp-caption alignnone\"><a href=\"https:\/\/d2p6e6u75xmxt8.cloudfront.net\/2\/2020\/10\/FM7B0898-scaled.jpg\"><img loading=\"lazy\" decoding=\"async\" class=\"wp-image-8745 size-large\" src=\"https:\/\/d2p6e6u75xmxt8.cloudfront.net\/12\/2020\/10\/FM7B0898-scaled-1024x683.jpg\" alt=\"Child Bicycle\" width=\"1024\" height=\"683\" srcset=\"https:\/\/d2p6e6u75xmxt8.cloudfront.net\/12\/2020\/10\/FM7B0898-scaled-1024x683.jpg 1024w, https:\/\/d2p6e6u75xmxt8.cloudfront.net\/12\/2020\/10\/FM7B0898-scaled-300x200.jpg 300w, https:\/\/d2p6e6u75xmxt8.cloudfront.net\/12\/2020\/10\/FM7B0898-scaled-768x512.jpg 768w, https:\/\/d2p6e6u75xmxt8.cloudfront.net\/12\/2020\/10\/FM7B0898-scaled-1536x1024.jpg 1536w, https:\/\/d2p6e6u75xmxt8.cloudfront.net\/12\/2020\/10\/FM7B0898-scaled-2048x1366.jpg 2048w, https:\/\/d2p6e6u75xmxt8.cloudfront.net\/12\/2020\/10\/FM7B0898-scaled-1920x1280.jpg 1920w, https:\/\/d2p6e6u75xmxt8.cloudfront.net\/12\/2020\/10\/FM7B0898-scaled-272x182.jpg 272w, https:\/\/d2p6e6u75xmxt8.cloudfront.net\/12\/2020\/10\/FM7B0898-scaled-1920x1280.jpg 1920w\" sizes=\"auto, (max-width: 1024px) 100vw, 1024px\" \/><\/a><figcaption id=\"caption-attachment-8745\" class=\"wp-caption-text\"><em>Eleanora nagyon boldognak t\u0171nik az \u00faj egyens\u00falyoz\u00f3 e-biciklij\u00e9n. \u00a9 Richard Gasperotti<\/em><\/figcaption><\/figure>\n<p>Richard szerint a Grommy legjobb el\u0151nye a k\u00f6nnyen cser\u00e9lhet\u0151 akkumul\u00e1toregys\u00e9g, ami olyan akkumul\u00e1torral rendelkezik, amit a legt\u00f6bben az \u00fajrat\u00f6lthet\u0151 f\u00far\u00f3g\u00e9pb\u0151l ismerhet\u00fcnk. <em>\u201eCsak ki kell h\u00fazni, betenni a t\u00f6lt\u0151be, \u00e9s k\u00f6r\u00fclbel\u00fcl egy \u00f3ra eltelt\u00e9vel a bicikli m\u00e9g 60 percig k\u00e9szen \u00e1ll\u201d<\/em> \u2013 mes\u00e9li Richard. A h\u00e1romfokozat\u00fa ir\u00e1ny\u00edt\u00f3 haszn\u00e1lat\u00e1t Eleanora olyan gyorsan megtanulta, mint a bab\u00e1i \u00f6lt\u00f6ztet\u00e9s\u00e9t. A maxim\u00e1lis sebess\u00e9ge valamivel meghaladja a 17 km\/\u00f3r\u00e1t, de a sebess\u00e9gfokozat korl\u00e1tozhat\u00f3, am\u00edg a gyerek megszokja a gyorsas\u00e1got. Ha pedig szeretn\u00e9nk, akkor kikapcsolhatjuk a motort, \u00edgy a gyerek egy sima egyens\u00falyi ker\u00e9kp\u00e1rral k\u00f6zlekedhet.<\/p>\n<figure id=\"attachment_8746\" aria-describedby=\"caption-attachment-8746\" style=\"width: 1024px\" class=\"wp-caption alignnone\"><a href=\"https:\/\/d2p6e6u75xmxt8.cloudfront.net\/2\/2020\/10\/gaspi-2.jpg\"><img loading=\"lazy\" decoding=\"async\" class=\"wp-image-8746 size-large\" src=\"https:\/\/d2p6e6u75xmxt8.cloudfront.net\/12\/2020\/10\/gaspi-2-1024x683.jpg\" alt=\"Child E-Bike\" width=\"1024\" height=\"683\" srcset=\"https:\/\/d2p6e6u75xmxt8.cloudfront.net\/12\/2020\/10\/gaspi-2-1024x683.jpg 1024w, https:\/\/d2p6e6u75xmxt8.cloudfront.net\/12\/2020\/10\/gaspi-2-300x200.jpg 300w, https:\/\/d2p6e6u75xmxt8.cloudfront.net\/12\/2020\/10\/gaspi-2-768x512.jpg 768w, https:\/\/d2p6e6u75xmxt8.cloudfront.net\/12\/2020\/10\/gaspi-2-272x182.jpg 272w, https:\/\/d2p6e6u75xmxt8.cloudfront.net\/12\/2020\/10\/gaspi-2.jpg 1288w\" sizes=\"auto, (max-width: 1024px) 100vw, 1024px\" \/><\/a><figcaption id=\"caption-attachment-8746\" class=\"wp-caption-text\"><em>Eleanora \u00e9ppen arra k\u00e9ri az apuk\u00e1j\u00e1t, hadd maradjon a r\u00e9gi buck\u00e1s \u00e9s kanyarg\u00f3s MX p\u00e1ly\u00e1n, ahol teljes g\u00e1zzal mehet. \u00a9 Richard Gasperotti<\/em><\/figcaption><\/figure>\n<p>A t\u00f6bbi Mondraker k\u00f6nny\u0171f\u00e9m biciklihez hasonl\u00f3an a Grommy-t is Spanyolorsz\u00e1gban, Alicant\u00e9ban tervezt\u00e9k. K\u00e9t m\u00e9retben el\u00e9rhet\u0151, a Grommy-12 3-5 \u00e9ves korig, a Grommy-16 5-8 \u00e9ves korig aj\u00e1nlott. Mindegyik j\u00e1rm\u0171 egyedi tervez\u00e9s\u0171 v\u00e1zzal \u00e9s villa geometri\u00e1val rendelkezik annak \u00e9rdek\u00e9ben, hogy biztos\u00edts\u00e1k a k\u00e9nyelmes korm\u00e1nyz\u00e1st az aszfalton \u00e9s nehezebb terepen egyar\u00e1nt. Richard \u00fagy gondolja, hogy a Grommy a lehet\u0151 legjobb v\u00e1laszt\u00e1s az MX k\u00f6z\u00f6ss\u00e9g sz\u00fcleinek, mivel a h\u00e1ts\u00f3 f\u00e9kkar a korm\u00e1ny bal oldal\u00e1n tal\u00e1lhat\u00f3, m\u00edg a jobb oldalon elektromos fojt\u00f3szelepet l\u00e1thatunk, a motorker\u00e9kp\u00e1rokhoz hasonl\u00f3an. <em>\u201eA l\u00e1nyom mindegyik be\u00e1ll\u00edt\u00e1ssal szereti, \u00e9s ami\u00f3ta \u00f6v\u00e9 a Grommy, nem kell t\u00f6bb\u00e9 r\u00e1sz\u00f3lni, hogy menjen ki j\u00e1tszani\u201d<\/em> \u2013 mondta Richard. \u00c9s mit sz\u00f3l ehhez Eleanora? <em>\u201eNagyon szeretem a teljes arcot v\u00e9d\u0151 sisakot \u00e9s cs\u00faszk\u00e1lok a homokban, nagyon j\u00f3 buli!\u201d<\/em><\/p>\n","protected":false},"excerpt":{"rendered":"<p>A We Love Cycling munkat\u00e1rsa, Richard Gasperotti im\u00e1d id\u0151t t\u00f6lteni 6 \u00e9ves kisl\u00e1ny\u00e1val, Eleanor\u00e1val, id\u00e9n ny\u00e1ron pedig k\u00fcl\u00f6nleges meglepet\u00e9ssel lepte [&hellip;]<\/p>\n","protected":false},"author":71,"featured_media":8748,"comment_status":"open","ping_status":"open","sticky":false,"template":"","format":"standard","meta":{"footnotes":""},"categories":[11],"tags":[],"global-categories":[],"class_list":["post-8743","post","type-post","status-publish","format-standard","has-post-thumbnail","hentry","category-csalad"],"yoast_head":"<!-- This site is optimized with the Yoast SEO Premium plugin v25.3 (Yoast SEO v25.9) - https:\/\/yoast.com\/wordpress\/plugins\/seo\/ -->\n<title>Ez egy bicikli? K\u00f6sz\u00f6nj az els\u0151 egyens\u00falyoz\u00f3 gyerek E-bring\u00e1nak!<\/title>\n<meta name=\"description\" content=\"A We Love Cycling munkat\u00e1rsa, Richard Gasperotti im\u00e1d id\u0151t t\u00f6lteni 6 \u00e9ves kisl\u00e1ny\u00e1val, Eleanor\u00e1val, id\u00e9n ny\u00e1ron pedig k\u00fcl\u00f6nleges meglepet\u00e9ssel lepte meg \u0151t: egy \u00faj ker\u00e9kp\u00e1rral. Val\u00f3j\u00e1ban ez nem is bicikli, \u00e9s nem is egyens\u00falyi ker\u00e9kp\u00e1r. A te gyerekednek is tetszene?\" \/>\n<meta name=\"robots\" content=\"index, follow, max-snippet:-1, max-image-preview:large, max-video-preview:-1\" \/>\n<link rel=\"canonical\" href=\"https:\/\/www.welovecycling.com\/hu\/csalad\/ez-egy-bicikli-koszonj-az-elso-egyensulyozo-gyerek-e-bringanak\/\" \/>\n<meta property=\"og:locale\" content=\"hu_HU\" \/>\n<meta property=\"og:type\" content=\"article\" \/>\n<meta property=\"og:title\" content=\"Ez egy bicikli? K\u00f6sz\u00f6nj az els\u0151 egyens\u00falyoz\u00f3 gyerek E-bring\u00e1nak!\" \/>\n<meta property=\"og:description\" content=\"A We Love Cycling munkat\u00e1rsa, Richard Gasperotti im\u00e1d id\u0151t t\u00f6lteni 6 \u00e9ves kisl\u00e1ny\u00e1val, Eleanor\u00e1val, id\u00e9n ny\u00e1ron pedig k\u00fcl\u00f6nleges meglepet\u00e9ssel lepte meg \u0151t: egy \u00faj ker\u00e9kp\u00e1rral. Val\u00f3j\u00e1ban ez nem is bicikli, \u00e9s nem is egyens\u00falyi ker\u00e9kp\u00e1r. A te gyerekednek is tetszene?\" \/>\n<meta property=\"og:url\" content=\"https:\/\/www.welovecycling.com\/hu\/csalad\/ez-egy-bicikli-koszonj-az-elso-egyensulyozo-gyerek-e-bringanak\/\" \/>\n<meta property=\"og:site_name\" content=\"\u0160koda We Love Cycling - Magyarorsz\u00e1g\" \/>\n<meta property=\"article:publisher\" content=\"https:\/\/www.facebook.com\/WeLoveCyclingHungary\/\" \/>\n<meta property=\"article:published_time\" content=\"2020-10-15T07:00:16+00:00\" \/>\n<meta property=\"og:image\" content=\"https:\/\/d2p6e6u75xmxt8.cloudfront.net\/12\/2020\/10\/gaspi-Kids-CVR.jpg\" \/>\n\t<meta property=\"og:image:width\" content=\"1366\" \/>\n\t<meta property=\"og:image:height\" content=\"600\" \/>\n\t<meta property=\"og:image:type\" content=\"image\/jpeg\" \/>\n<meta name=\"author\" content=\"hegyizs\" \/>\n<meta name=\"twitter:card\" content=\"summary_large_image\" \/>\n<meta name=\"twitter:label1\" content=\"Written by\" \/>\n\t<meta name=\"twitter:data1\" content=\"Adam Marsal\" \/>\n\t<meta name=\"twitter:label2\" content=\"Est. reading time\" \/>\n\t<meta name=\"twitter:data2\" content=\"5\" \/>\n<script type=\"application\/ld+json\" class=\"yoast-schema-graph\">{\"@context\":\"https:\/\/schema.org\",\"@graph\":[{\"@type\":\"WebPage\",\"@id\":\"https:\/\/www.welovecycling.com\/hu\/csalad\/ez-egy-bicikli-koszonj-az-elso-egyensulyozo-gyerek-e-bringanak\/\",\"url\":\"https:\/\/www.welovecycling.com\/hu\/csalad\/ez-egy-bicikli-koszonj-az-elso-egyensulyozo-gyerek-e-bringanak\/\",\"name\":\"Ez egy bicikli? K\u00f6sz\u00f6nj az els\u0151 egyens\u00falyoz\u00f3 gyerek E-bring\u00e1nak!\",\"isPartOf\":{\"@id\":\"https:\/\/www.welovecycling.com\/hu\/#website\"},\"primaryImageOfPage\":{\"@id\":\"https:\/\/www.welovecycling.com\/hu\/csalad\/ez-egy-bicikli-koszonj-az-elso-egyensulyozo-gyerek-e-bringanak\/#primaryimage\"},\"image\":{\"@id\":\"https:\/\/www.welovecycling.com\/hu\/csalad\/ez-egy-bicikli-koszonj-az-elso-egyensulyozo-gyerek-e-bringanak\/#primaryimage\"},\"thumbnailUrl\":\"https:\/\/d2p6e6u75xmxt8.cloudfront.net\/12\/2020\/10\/gaspi-Kids-CVR.jpg\",\"datePublished\":\"2020-10-15T07:00:16+00:00\",\"author\":{\"@id\":\"https:\/\/www.welovecycling.com\/hu\/#\/schema\/person\/414a2aebf1801691a5320edb6468e194\"},\"description\":\"A We Love Cycling munkat\u00e1rsa, Richard Gasperotti im\u00e1d id\u0151t t\u00f6lteni 6 \u00e9ves kisl\u00e1ny\u00e1val, Eleanor\u00e1val, id\u00e9n ny\u00e1ron pedig k\u00fcl\u00f6nleges meglepet\u00e9ssel lepte meg \u0151t: egy \u00faj ker\u00e9kp\u00e1rral. Val\u00f3j\u00e1ban ez nem is bicikli, \u00e9s nem is egyens\u00falyi ker\u00e9kp\u00e1r. A te gyerekednek is tetszene?\",\"breadcrumb\":{\"@id\":\"https:\/\/www.welovecycling.com\/hu\/csalad\/ez-egy-bicikli-koszonj-az-elso-egyensulyozo-gyerek-e-bringanak\/#breadcrumb\"},\"inLanguage\":\"hu\",\"potentialAction\":[{\"@type\":\"ReadAction\",\"target\":[\"https:\/\/www.welovecycling.com\/hu\/csalad\/ez-egy-bicikli-koszonj-az-elso-egyensulyozo-gyerek-e-bringanak\/\"]}]},{\"@type\":\"ImageObject\",\"inLanguage\":\"hu\",\"@id\":\"https:\/\/www.welovecycling.com\/hu\/csalad\/ez-egy-bicikli-koszonj-az-elso-egyensulyozo-gyerek-e-bringanak\/#primaryimage\",\"url\":\"https:\/\/d2p6e6u75xmxt8.cloudfront.net\/12\/2020\/10\/gaspi-Kids-CVR.jpg\",\"contentUrl\":\"https:\/\/d2p6e6u75xmxt8.cloudfront.net\/12\/2020\/10\/gaspi-Kids-CVR.jpg\",\"width\":1366,\"height\":600},{\"@type\":\"BreadcrumbList\",\"@id\":\"https:\/\/www.welovecycling.com\/hu\/csalad\/ez-egy-bicikli-koszonj-az-elso-egyensulyozo-gyerek-e-bringanak\/#breadcrumb\",\"itemListElement\":[{\"@type\":\"ListItem\",\"position\":1,\"name\":\"Home\",\"item\":\"https:\/\/www.welovecycling.com\/hu\/\"},{\"@type\":\"ListItem\",\"position\":2,\"name\":\"Ez egy bicikli? K\u00f6sz\u00f6nj az els\u0151 egyens\u00falyoz\u00f3 gyerek E-bring\u00e1nak!\"}]},{\"@type\":\"WebSite\",\"@id\":\"https:\/\/www.welovecycling.com\/hu\/#website\",\"url\":\"https:\/\/www.welovecycling.com\/hu\/\",\"name\":\"\u0160koda We Love Cycling - Magyarorsz\u00e1g\",\"description\":\"\u0160koda WeLoveCycling\",\"potentialAction\":[{\"@type\":\"SearchAction\",\"target\":{\"@type\":\"EntryPoint\",\"urlTemplate\":\"https:\/\/www.welovecycling.com\/hu\/?s={search_term_string}\"},\"query-input\":{\"@type\":\"PropertyValueSpecification\",\"valueRequired\":true,\"valueName\":\"search_term_string\"}}],\"inLanguage\":\"hu\"},{\"@type\":\"Person\",\"@id\":\"https:\/\/www.welovecycling.com\/hu\/#\/schema\/person\/414a2aebf1801691a5320edb6468e194\",\"name\":\"hegyizs\",\"image\":{\"@type\":\"ImageObject\",\"inLanguage\":\"hu\",\"@id\":\"https:\/\/www.welovecycling.com\/hu\/#\/schema\/person\/image\/\",\"url\":\"https:\/\/secure.gravatar.com\/avatar\/02cf8a7906b8cf90cecb4679defac7cfd33a1c2e3b88e4903d947f3bb58eedd3?s=96&d=mm&r=g\",\"contentUrl\":\"https:\/\/secure.gravatar.com\/avatar\/02cf8a7906b8cf90cecb4679defac7cfd33a1c2e3b88e4903d947f3bb58eedd3?s=96&d=mm&r=g\",\"caption\":\"hegyizs\"},\"url\":\"https:\/\/www.welovecycling.com\/hu\/author\/hegyizs\/\"}]}<\/script>\n<!-- \/ Yoast SEO Premium plugin. -->","yoast_head_json":{"title":"Ez egy bicikli? K\u00f6sz\u00f6nj az els\u0151 egyens\u00falyoz\u00f3 gyerek E-bring\u00e1nak!","description":"A We Love Cycling munkat\u00e1rsa, Richard Gasperotti im\u00e1d id\u0151t t\u00f6lteni 6 \u00e9ves kisl\u00e1ny\u00e1val, Eleanor\u00e1val, id\u00e9n ny\u00e1ron pedig k\u00fcl\u00f6nleges meglepet\u00e9ssel lepte meg \u0151t: egy \u00faj ker\u00e9kp\u00e1rral. Val\u00f3j\u00e1ban ez nem is bicikli, \u00e9s nem is egyens\u00falyi ker\u00e9kp\u00e1r. A te gyerekednek is tetszene?","robots":{"index":"index","follow":"follow","max-snippet":"max-snippet:-1","max-image-preview":"max-image-preview:large","max-video-preview":"max-video-preview:-1"},"canonical":"https:\/\/www.welovecycling.com\/hu\/csalad\/ez-egy-bicikli-koszonj-az-elso-egyensulyozo-gyerek-e-bringanak\/","og_locale":"hu_HU","og_type":"article","og_title":"Ez egy bicikli? K\u00f6sz\u00f6nj az els\u0151 egyens\u00falyoz\u00f3 gyerek E-bring\u00e1nak!","og_description":"A We Love Cycling munkat\u00e1rsa, Richard Gasperotti im\u00e1d id\u0151t t\u00f6lteni 6 \u00e9ves kisl\u00e1ny\u00e1val, Eleanor\u00e1val, id\u00e9n ny\u00e1ron pedig k\u00fcl\u00f6nleges meglepet\u00e9ssel lepte meg \u0151t: egy \u00faj ker\u00e9kp\u00e1rral. Val\u00f3j\u00e1ban ez nem is bicikli, \u00e9s nem is egyens\u00falyi ker\u00e9kp\u00e1r. A te gyerekednek is tetszene?","og_url":"https:\/\/www.welovecycling.com\/hu\/csalad\/ez-egy-bicikli-koszonj-az-elso-egyensulyozo-gyerek-e-bringanak\/","og_site_name":"\u0160koda We Love Cycling - Magyarorsz\u00e1g","article_publisher":"https:\/\/www.facebook.com\/WeLoveCyclingHungary\/","article_published_time":"2020-10-15T07:00:16+00:00","og_image":[{"width":1366,"height":600,"url":"https:\/\/d2p6e6u75xmxt8.cloudfront.net\/12\/2020\/10\/gaspi-Kids-CVR.jpg","type":"image\/jpeg"}],"author":"hegyizs","twitter_card":"summary_large_image","twitter_misc":{"Written by":"Adam Marsal","Est. reading time":"5"},"schema":{"@context":"https:\/\/schema.org","@graph":[{"@type":"WebPage","@id":"https:\/\/www.welovecycling.com\/hu\/csalad\/ez-egy-bicikli-koszonj-az-elso-egyensulyozo-gyerek-e-bringanak\/","url":"https:\/\/www.welovecycling.com\/hu\/csalad\/ez-egy-bicikli-koszonj-az-elso-egyensulyozo-gyerek-e-bringanak\/","name":"Ez egy bicikli? K\u00f6sz\u00f6nj az els\u0151 egyens\u00falyoz\u00f3 gyerek E-bring\u00e1nak!","isPartOf":{"@id":"https:\/\/www.welovecycling.com\/hu\/#website"},"primaryImageOfPage":{"@id":"https:\/\/www.welovecycling.com\/hu\/csalad\/ez-egy-bicikli-koszonj-az-elso-egyensulyozo-gyerek-e-bringanak\/#primaryimage"},"image":{"@id":"https:\/\/www.welovecycling.com\/hu\/csalad\/ez-egy-bicikli-koszonj-az-elso-egyensulyozo-gyerek-e-bringanak\/#primaryimage"},"thumbnailUrl":"https:\/\/d2p6e6u75xmxt8.cloudfront.net\/12\/2020\/10\/gaspi-Kids-CVR.jpg","datePublished":"2020-10-15T07:00:16+00:00","author":{"@id":"https:\/\/www.welovecycling.com\/hu\/#\/schema\/person\/414a2aebf1801691a5320edb6468e194"},"description":"A We Love Cycling munkat\u00e1rsa, Richard Gasperotti im\u00e1d id\u0151t t\u00f6lteni 6 \u00e9ves kisl\u00e1ny\u00e1val, Eleanor\u00e1val, id\u00e9n ny\u00e1ron pedig k\u00fcl\u00f6nleges meglepet\u00e9ssel lepte meg \u0151t: egy \u00faj ker\u00e9kp\u00e1rral. Val\u00f3j\u00e1ban ez nem is bicikli, \u00e9s nem is egyens\u00falyi ker\u00e9kp\u00e1r. A te gyerekednek is tetszene?","breadcrumb":{"@id":"https:\/\/www.welovecycling.com\/hu\/csalad\/ez-egy-bicikli-koszonj-az-elso-egyensulyozo-gyerek-e-bringanak\/#breadcrumb"},"inLanguage":"hu","potentialAction":[{"@type":"ReadAction","target":["https:\/\/www.welovecycling.com\/hu\/csalad\/ez-egy-bicikli-koszonj-az-elso-egyensulyozo-gyerek-e-bringanak\/"]}]},{"@type":"ImageObject","inLanguage":"hu","@id":"https:\/\/www.welovecycling.com\/hu\/csalad\/ez-egy-bicikli-koszonj-az-elso-egyensulyozo-gyerek-e-bringanak\/#primaryimage","url":"https:\/\/d2p6e6u75xmxt8.cloudfront.net\/12\/2020\/10\/gaspi-Kids-CVR.jpg","contentUrl":"https:\/\/d2p6e6u75xmxt8.cloudfront.net\/12\/2020\/10\/gaspi-Kids-CVR.jpg","width":1366,"height":600},{"@type":"BreadcrumbList","@id":"https:\/\/www.welovecycling.com\/hu\/csalad\/ez-egy-bicikli-koszonj-az-elso-egyensulyozo-gyerek-e-bringanak\/#breadcrumb","itemListElement":[{"@type":"ListItem","position":1,"name":"Home","item":"https:\/\/www.welovecycling.com\/hu\/"},{"@type":"ListItem","position":2,"name":"Ez egy bicikli? K\u00f6sz\u00f6nj az els\u0151 egyens\u00falyoz\u00f3 gyerek E-bring\u00e1nak!"}]},{"@type":"WebSite","@id":"https:\/\/www.welovecycling.com\/hu\/#website","url":"https:\/\/www.welovecycling.com\/hu\/","name":"\u0160koda We Love Cycling - Magyarorsz\u00e1g","description":"\u0160koda WeLoveCycling","potentialAction":[{"@type":"SearchAction","target":{"@type":"EntryPoint","urlTemplate":"https:\/\/www.welovecycling.com\/hu\/?s={search_term_string}"},"query-input":{"@type":"PropertyValueSpecification","valueRequired":true,"valueName":"search_term_string"}}],"inLanguage":"hu"},{"@type":"Person","@id":"https:\/\/www.welovecycling.com\/hu\/#\/schema\/person\/414a2aebf1801691a5320edb6468e194","name":"hegyizs","image":{"@type":"ImageObject","inLanguage":"hu","@id":"https:\/\/www.welovecycling.com\/hu\/#\/schema\/person\/image\/","url":"https:\/\/secure.gravatar.com\/avatar\/02cf8a7906b8cf90cecb4679defac7cfd33a1c2e3b88e4903d947f3bb58eedd3?s=96&d=mm&r=g","contentUrl":"https:\/\/secure.gravatar.com\/avatar\/02cf8a7906b8cf90cecb4679defac7cfd33a1c2e3b88e4903d947f3bb58eedd3?s=96&d=mm&r=g","caption":"hegyizs"},"url":"https:\/\/www.welovecycling.com\/hu\/author\/hegyizs\/"}]}},"_links":{"self":[{"href":"https:\/\/www.welovecycling.com\/hu\/wp-json\/wp\/v2\/posts\/8743","targetHints":{"allow":["GET"]}}],"collection":[{"href":"https:\/\/www.welovecycling.com\/hu\/wp-json\/wp\/v2\/posts"}],"about":[{"href":"https:\/\/www.welovecycling.com\/hu\/wp-json\/wp\/v2\/types\/post"}],"author":[{"embeddable":true,"href":"https:\/\/www.welovecycling.com\/hu\/wp-json\/wp\/v2\/users\/71"}],"replies":[{"embeddable":true,"href":"https:\/\/www.welovecycling.com\/hu\/wp-json\/wp\/v2\/comments?post=8743"}],"version-history":[{"count":2,"href":"https:\/\/www.welovecycling.com\/hu\/wp-json\/wp\/v2\/posts\/8743\/revisions"}],"predecessor-version":[{"id":8757,"href":"https:\/\/www.welovecycling.com\/hu\/wp-json\/wp\/v2\/posts\/8743\/revisions\/8757"}],"wp:featuredmedia":[{"embeddable":true,"href":"https:\/\/www.welovecycling.com\/hu\/wp-json\/wp\/v2\/media\/8748"}],"wp:attachment":[{"href":"https:\/\/www.welovecycling.com\/hu\/wp-json\/wp\/v2\/media?parent=8743"}],"wp:term":[{"taxonomy":"category","embeddable":true,"href":"https:\/\/www.welovecycling.com\/hu\/wp-json\/wp\/v2\/categories?post=8743"},{"taxonomy":"post_tag","embeddable":true,"href":"https:\/\/www.welovecycling.com\/hu\/wp-json\/wp\/v2\/tags?post=8743"},{"taxonomy":"global-categories","embeddable":true,"href":"https:\/\/www.welovecycling.com\/hu\/wp-json\/wp\/v2\/global-categories?post=8743"}],"curies":[{"name":"wp","href":"https:\/\/api.w.org\/{rel}","templated":true}]}}