{"id":8733,"date":"2020-10-18T08:00:58","date_gmt":"2020-10-18T07:00:58","guid":{"rendered":"https:\/\/www.welovecycling.com\/hu\/?p=8733"},"modified":"2020-10-09T17:18:20","modified_gmt":"2020-10-09T16:18:20","slug":"igy-fogok-iden-telen-is-biciklizni-anelkul-hogy-megfagynek-remelem","status":"publish","type":"post","link":"https:\/\/www.welovecycling.com\/hu\/kozosseg-es-kultura\/igy-fogok-iden-telen-is-biciklizni-anelkul-hogy-megfagynek-remelem\/","title":{"rendered":"\u00cdgy fogok id\u00e9n t\u00e9len is biciklizni, an\u00e9lk\u00fcl, hogy megfagyn\u00e9k (rem\u00e9lem)!"},"content":{"rendered":"<p><strong>Ez a t\u00e9l m\u00e1s lesz, mint a t\u00f6bbi: biciklizni fogok a lak\u00e1som k\u00f6zel\u00e9ben l\u00e9v\u0151 parkban. Az \u00faj mountain bike-omon fogok bring\u00e1zni, mert a t\u00e9l mindig lehangol, a ker\u00e9kp\u00e1roz\u00e1s pedig felvid\u00edt. Nem fogok bicajozni, ha esik, vagy havazik (nem vagyok \u0151r\u00fclt), de nagyon ut\u00e1lom a hideget, \u00fagyhogy ez is nagy kih\u00edv\u00e1s nekem. Sz\u00f3val melegen kell tartanom magam, ami k\u00f6nny\u0171, k\u00e9nyelmes \u00e9s term\u00e9szetesen h\u0151\u00e1ll\u00f3 ruh\u00e1zatot jelent.<\/strong><\/p>\n<p><!--more--><\/p>\n<p>Mivel a hideg (kl\u00edmav\u00e1ltoz\u00e1s el\u0151tti) New York-i teleken n\u0151ttem fel, tudom, hogy a felmeleged\u00e9snek h\u00e1rom szab\u00e1lya van: viselj t\u00f6bb r\u00e9teget, v\u00e9dd az \u00e9rz\u00e9keny v\u00e9gtagokat (k\u00e9z \u00e9s l\u00e1b), \u00e9s takard be a fejed. A sisakom gondoskodik a fejr\u0151l, de mi van a kezekkel \u00e9s a l\u00e1bakkal?<\/p>\n<figure id=\"attachment_8734\" aria-describedby=\"caption-attachment-8734\" style=\"width: 1024px\" class=\"wp-caption alignnone\"><a href=\"https:\/\/d2p6e6u75xmxt8.cloudfront.net\/2\/2020\/10\/winter-profimedia-0271711076.jpg\"><img loading=\"lazy\" decoding=\"async\" class=\"size-large wp-image-8734\" src=\"https:\/\/d2p6e6u75xmxt8.cloudfront.net\/12\/2020\/10\/winter-profimedia-0271711076-1024x681.jpg\" alt=\"\" width=\"1024\" height=\"681\" srcset=\"https:\/\/d2p6e6u75xmxt8.cloudfront.net\/12\/2020\/10\/winter-profimedia-0271711076-1024x681.jpg 1024w, https:\/\/d2p6e6u75xmxt8.cloudfront.net\/12\/2020\/10\/winter-profimedia-0271711076-300x199.jpg 300w, https:\/\/d2p6e6u75xmxt8.cloudfront.net\/12\/2020\/10\/winter-profimedia-0271711076-768x511.jpg 768w, https:\/\/d2p6e6u75xmxt8.cloudfront.net\/12\/2020\/10\/winter-profimedia-0271711076-272x182.jpg 272w, https:\/\/d2p6e6u75xmxt8.cloudfront.net\/12\/2020\/10\/winter-profimedia-0271711076.jpg 1250w\" sizes=\"auto, (max-width: 1024px) 100vw, 1024px\" \/><\/a><figcaption id=\"caption-attachment-8734\" class=\"wp-caption-text\"><em>Tartsd magad melegen t\u00e9len.\u00a9 Profimedia<\/em><\/figcaption><\/figure>\n<p>Alulr\u00f3l kezdve, n\u00e1lam olyan cip\u0151huzatok j\u00f6hetnek sz\u00f3ba, mint p\u00e9ld\u00e1ul a Pearl Izumi Pro Barrier WxB. Nem csak v\u00edz- \u00e9s sz\u00e9l\u00e1ll\u00f3ak, de plusz anyaggal er\u0151s\u00edtett\u00e9k meg a varratokat, hogy sz\u00e1raz maradjon a l\u00e1bad, emellett pol\u00e1r bels\u0151vel rendelkeznek, hogy melegen tartsanak. Az \u00e1ll\u00edthat\u00f3 z\u00e1r\u00f3rendszer megk\u00f6nny\u00edti a fel- \u00e9s lev\u00e9telt \u00e9s 55 doll\u00e1r\u00e9rt kaphat\u00f3 az Amazonon.<\/p>\n<p>Lehet, hogy kicsit dr\u00e1g\u00e1nak \u00e9rzem ezt egy huzat\u00e9rt, f\u0151leg, hogy kicsit orm\u00f3tlanul n\u00e9z ki. Van egy kev\u00e9s elk\u00f6lthet\u0151 p\u00e9nzem \u00e9s im\u00e1dom a bicikliz\u00e9st, mi\u00e9rt ne venn\u00e9k akkor m\u00e1r egy p\u00e1r t\u00e9li ker\u00e9kp\u00e1ros cip\u0151t, olyat, mint p\u00e9ld\u00e1ul a Fizik R5 Artica? Abszol\u00fat id\u0151j\u00e1r\u00e1s\u00e1ll\u00f3ak \u00e9s szil\u00e1rd sz\u00e9nnel meger\u0151s\u00edtett nejlon talppal rendelkeznek a biztos ped\u00e1loz\u00e1s \u00e9rdek\u00e9ben. Az Amazon k\u00f6r\u00fclbel\u00fcl 150 eur\u00f3\u00e9rt \u00e1rulja \u0151ket.<\/p>\n<figure id=\"attachment_8735\" aria-describedby=\"caption-attachment-8735\" style=\"width: 1024px\" class=\"wp-caption alignnone\"><a href=\"https:\/\/d2p6e6u75xmxt8.cloudfront.net\/2\/2020\/10\/fizik-arctica.jpg\"><img loading=\"lazy\" decoding=\"async\" class=\"wp-image-8735 size-large\" src=\"https:\/\/d2p6e6u75xmxt8.cloudfront.net\/12\/2020\/10\/fizik-arctica-1024x725.jpg\" alt=\"Fizik Arctica\" width=\"1024\" height=\"725\" srcset=\"https:\/\/d2p6e6u75xmxt8.cloudfront.net\/12\/2020\/10\/fizik-arctica-1024x725.jpg 1024w, https:\/\/d2p6e6u75xmxt8.cloudfront.net\/12\/2020\/10\/fizik-arctica-300x213.jpg 300w, https:\/\/d2p6e6u75xmxt8.cloudfront.net\/12\/2020\/10\/fizik-arctica-768x544.jpg 768w, https:\/\/d2p6e6u75xmxt8.cloudfront.net\/12\/2020\/10\/fizik-arctica.jpg 1214w\" sizes=\"auto, (max-width: 1024px) 100vw, 1024px\" \/><\/a><figcaption id=\"caption-attachment-8735\" class=\"wp-caption-text\"><em>Fizik R5 Artica ker\u00e9kp\u00e1ros cip\u0151k. \u00a9 Fizik<\/em><\/figcaption><\/figure>\n<p>Lehet, hogy nagyon szereted a szok\u00e1sos biciklis cip\u0151det (\u00e9n fut\u00f3cip\u0151t haszn\u00e1lok), mert annyira k\u00e9nyelmes \u00e9s kir\u00e1lyul n\u00e9z ki. Akkor val\u00f3sz\u00edn\u0171leg nem b\u00e1nn\u00e1d, ha 38 doll\u00e1r\u00e9rt be\u00faj\u00edtan\u00e1l egy Crosspoint Waterproof Crew Socksot, amit a Showers Pass c\u00e9g nevezett el igen tal\u00e1l\u00f3an. A Showers Pass t\u00e9li biciklis keszty\u0171t is \u00e1rul. K\u00f6t\u00f6ttek, v\u00edz\u00e1ll\u00f3ak, melegen tartj\u00e1k a kezedet fagypont k\u00f6r\u00fcli h\u0151m\u00e9rs\u00e9kleten is, \u00e9s k\u00f6r\u00fclbel\u00fcl 45 doll\u00e1rba ker\u00fclnek.<\/p>\n<p>Van egy j\u00f3 termo als\u00f3ruh\u00e1m \u2013 ezek a legt\u00f6bb s\u00edcuccot \u00e1rus\u00edt\u00f3 sport\u00fczletben kaphat\u00f3ak-, de ha kifejezetten bicikliz\u00e9shez k\u00e9sz\u00fclt als\u00f3ruh\u00e1zatot szeretn\u00e9l, a Castelli Prosecco Long Sleeve ide\u00e1lis v\u00e1laszt\u00e1s, mivel megakad\u00e1lyozza, hogy az izzadts\u00e1g a kab\u00e1tban ragadjon, \u00edgy nem fagysz meg er\u0151s menetsz\u00e9lben sem. Ny\u00e1ron is felveheted, ha nem szeretn\u00e9l izzadni. 100% poli\u00e9szter, r\u00e1simul a testre \u00e9s az oldal\u00e1n mikrosz\u00e1las bor\u00edt\u00e1s teszi lehet\u0151v\u00e9, hogy a tested l\u00e9legezhessen. K\u00f6r\u00fclbel\u00fcl 55 doll\u00e1r az Amazonon.<\/p>\n<figure id=\"attachment_8736\" aria-describedby=\"caption-attachment-8736\" style=\"width: 1024px\" class=\"wp-caption alignnone\"><a href=\"https:\/\/d2p6e6u75xmxt8.cloudfront.net\/2\/2020\/10\/castelli.jpg\"><img loading=\"lazy\" decoding=\"async\" class=\"wp-image-8736 size-large\" src=\"https:\/\/d2p6e6u75xmxt8.cloudfront.net\/12\/2020\/10\/castelli-1024x820.jpg\" alt=\"Castelli\" width=\"1024\" height=\"820\" srcset=\"https:\/\/d2p6e6u75xmxt8.cloudfront.net\/12\/2020\/10\/castelli-1024x820.jpg 1024w, https:\/\/d2p6e6u75xmxt8.cloudfront.net\/12\/2020\/10\/castelli-300x240.jpg 300w, https:\/\/d2p6e6u75xmxt8.cloudfront.net\/12\/2020\/10\/castelli-768x615.jpg 768w, https:\/\/d2p6e6u75xmxt8.cloudfront.net\/12\/2020\/10\/castelli.jpg 1272w\" sizes=\"auto, (max-width: 1024px) 100vw, 1024px\" \/><\/a><figcaption id=\"caption-attachment-8736\" class=\"wp-caption-text\">Prosecco Long Sleeve. \u00a9 Castelli<\/figcaption><\/figure>\n<p>De azt hiszem, \u00e9n ink\u00e1bb a Rapha Brevet szigetelt kab\u00e1tj\u00e1t v\u00e1lasztom, amit a t\u00e9li v\u00e9delemre tal\u00e1ltak ki. J\u00f3l n\u00e9z ki (mindig fontos), \u00e9s a Polartec Alpha szigetel\u00e9st k\u00f6nny\u0171, sz\u00e9l\u00e1ll\u00f3 nejlon bor\u00edtja. A dzseki h\u00e1tulja, valamint az ujjak el\u0151re n\u00e9z\u0151 r\u00e9szei teljesen szigeteltek. K\u00f6nny\u0171 \u00e9s rugalmas k\u00f6t\u00f6tt anyagb\u00f3l \u00e1ll\u00f3 cs\u00edk fut \u00e1t mindk\u00e9t kar h\u00e1tulj\u00e1n, majd folytat\u00f3dik a kab\u00e1t oldal\u00e1n, ezzel megk\u00f6nny\u00edti a kab\u00e1t szell\u0151z\u00e9s\u00e9t, emellett k\u00e9nyelmes \u00e9s t\u00f6k\u00e9letesen illeszkedik r\u00e1d ker\u00e9kp\u00e1roz\u00e1s k\u00f6zben.<\/p>\n<p>Ami k\u00fcl\u00f6n\u00f6sen tetszik, hogy a Brevet \u2013 hozz\u00e1m hasonl\u00f3an \u2013 nem val\u00f3 es\u0151ben val\u00f3 bicikliz\u00e9sre, b\u00e1r felfogja a t\u00f3cs\u00e1kb\u00f3l spriccel\u0151 vizet \u00e9s egy kis cseperg\u00e9s sem \u00e1rt neki. Emellett meglep\u0151en k\u00f6nny\u0171, ahhoz k\u00e9pest, hogy egy szigetelt kab\u00e1tr\u00f3l besz\u00e9l\u00fcnk. Ahogy n\u00e9zem, meg\u00e9ri a 205 doll\u00e1ros \u00e1r\u00e1t, ha melegen, \u00e9pen \u00e9s m\u00e9rs\u00e9kelten boldogan tart engem ezen a hossz\u00fa s\u00f6t\u00e9t, hideg t\u00e9len.<\/p>\n","protected":false},"excerpt":{"rendered":"<p>Ez a t\u00e9l m\u00e1s lesz, mint a t\u00f6bbi: biciklizni fogok a lak\u00e1som k\u00f6zel\u00e9ben l\u00e9v\u0151 parkban. Az \u00faj mountain bike-omon fogok [&hellip;]<\/p>\n","protected":false},"author":71,"featured_media":8738,"comment_status":"open","ping_status":"open","sticky":false,"template":"","format":"standard","meta":{"footnotes":""},"categories":[12],"tags":[],"global-categories":[],"class_list":["post-8733","post","type-post","status-publish","format-standard","has-post-thumbnail","hentry","category-kozosseg-es-kultura"],"yoast_head":"<!-- This site is optimized with the Yoast SEO Premium plugin v25.3 (Yoast SEO v25.9) - https:\/\/yoast.com\/wordpress\/plugins\/seo\/ -->\n<title>\u00cdgy fogok id\u00e9n t\u00e9len is biciklizni, an\u00e9lk\u00fcl, hogy megfagyn\u00e9k (rem\u00e9lem)!<\/title>\n<meta name=\"description\" content=\"Ez a t\u00e9l m\u00e1s lesz, mint a t\u00f6bbi: biciklizni fogok a lak\u00e1som k\u00f6zel\u00e9ben l\u00e9v\u0151 parkban. Az \u00faj mountain bike-omon fogok bring\u00e1zni, mert a t\u00e9l mindig lehangol, a ker\u00e9kp\u00e1roz\u00e1s pedig felvid\u00edt.\" \/>\n<meta name=\"robots\" content=\"index, follow, max-snippet:-1, max-image-preview:large, max-video-preview:-1\" \/>\n<link rel=\"canonical\" href=\"https:\/\/www.welovecycling.com\/hu\/kozosseg-es-kultura\/igy-fogok-iden-telen-is-biciklizni-anelkul-hogy-megfagynek-remelem\/\" \/>\n<meta property=\"og:locale\" content=\"hu_HU\" \/>\n<meta property=\"og:type\" content=\"article\" \/>\n<meta property=\"og:title\" content=\"\u00cdgy fogok id\u00e9n t\u00e9len is biciklizni, an\u00e9lk\u00fcl, hogy megfagyn\u00e9k (rem\u00e9lem)!\" \/>\n<meta property=\"og:description\" content=\"Ez a t\u00e9l m\u00e1s lesz, mint a t\u00f6bbi: biciklizni fogok a lak\u00e1som k\u00f6zel\u00e9ben l\u00e9v\u0151 parkban. Az \u00faj mountain bike-omon fogok bring\u00e1zni, mert a t\u00e9l mindig lehangol, a ker\u00e9kp\u00e1roz\u00e1s pedig felvid\u00edt. Nem fogok bicajozni, ha esik, vagy havazik (nem vagyok \u0151r\u00fclt), de nagyon ut\u00e1lom a hideget, \u00fagyhogy ez is nagy kih\u00edv\u00e1s nekem. Sz\u00f3val melegen kell tartanom magam, ami k\u00f6nny\u0171, k\u00e9nyelmes \u00e9s term\u00e9szetesen h\u0151\u00e1ll\u00f3 ruh\u00e1zatot jelent.\" \/>\n<meta property=\"og:url\" content=\"https:\/\/www.welovecycling.com\/hu\/kozosseg-es-kultura\/igy-fogok-iden-telen-is-biciklizni-anelkul-hogy-megfagynek-remelem\/\" \/>\n<meta property=\"og:site_name\" content=\"\u0160koda We Love Cycling - Magyarorsz\u00e1g\" \/>\n<meta property=\"article:publisher\" content=\"https:\/\/www.facebook.com\/WeLoveCyclingHungary\/\" \/>\n<meta property=\"article:published_time\" content=\"2020-10-18T07:00:58+00:00\" \/>\n<meta property=\"og:image\" content=\"https:\/\/d2p6e6u75xmxt8.cloudfront.net\/12\/2020\/10\/winter-cycling-profimedia-0399018180-CVR.jpg\" \/>\n\t<meta property=\"og:image:width\" content=\"1366\" \/>\n\t<meta property=\"og:image:height\" content=\"600\" \/>\n\t<meta property=\"og:image:type\" content=\"image\/jpeg\" \/>\n<meta name=\"author\" content=\"hegyizs\" \/>\n<meta name=\"twitter:card\" content=\"summary_large_image\" \/>\n<meta name=\"twitter:title\" content=\"\u00cdgy fogok id\u00e9n t\u00e9len is biciklizni, an\u00e9lk\u00fcl, hogy megfagyn\u00e9k (rem\u00e9lem)!\" \/>\n<meta name=\"twitter:label1\" content=\"Written by\" \/>\n\t<meta name=\"twitter:data1\" content=\"Siegfried Mortkowitz\" \/>\n\t<meta name=\"twitter:label2\" content=\"Est. reading time\" \/>\n\t<meta name=\"twitter:data2\" content=\"5\" \/>\n<script type=\"application\/ld+json\" class=\"yoast-schema-graph\">{\"@context\":\"https:\/\/schema.org\",\"@graph\":[{\"@type\":\"WebPage\",\"@id\":\"https:\/\/www.welovecycling.com\/hu\/kozosseg-es-kultura\/igy-fogok-iden-telen-is-biciklizni-anelkul-hogy-megfagynek-remelem\/\",\"url\":\"https:\/\/www.welovecycling.com\/hu\/kozosseg-es-kultura\/igy-fogok-iden-telen-is-biciklizni-anelkul-hogy-megfagynek-remelem\/\",\"name\":\"\u00cdgy fogok id\u00e9n t\u00e9len is biciklizni, an\u00e9lk\u00fcl, hogy megfagyn\u00e9k (rem\u00e9lem)!\",\"isPartOf\":{\"@id\":\"https:\/\/www.welovecycling.com\/hu\/#website\"},\"primaryImageOfPage\":{\"@id\":\"https:\/\/www.welovecycling.com\/hu\/kozosseg-es-kultura\/igy-fogok-iden-telen-is-biciklizni-anelkul-hogy-megfagynek-remelem\/#primaryimage\"},\"image\":{\"@id\":\"https:\/\/www.welovecycling.com\/hu\/kozosseg-es-kultura\/igy-fogok-iden-telen-is-biciklizni-anelkul-hogy-megfagynek-remelem\/#primaryimage\"},\"thumbnailUrl\":\"https:\/\/d2p6e6u75xmxt8.cloudfront.net\/12\/2020\/10\/winter-cycling-profimedia-0399018180-CVR.jpg\",\"datePublished\":\"2020-10-18T07:00:58+00:00\",\"author\":{\"@id\":\"https:\/\/www.welovecycling.com\/hu\/#\/schema\/person\/414a2aebf1801691a5320edb6468e194\"},\"description\":\"Ez a t\u00e9l m\u00e1s lesz, mint a t\u00f6bbi: biciklizni fogok a lak\u00e1som k\u00f6zel\u00e9ben l\u00e9v\u0151 parkban. Az \u00faj mountain bike-omon fogok bring\u00e1zni, mert a t\u00e9l mindig lehangol, a ker\u00e9kp\u00e1roz\u00e1s pedig felvid\u00edt.\",\"breadcrumb\":{\"@id\":\"https:\/\/www.welovecycling.com\/hu\/kozosseg-es-kultura\/igy-fogok-iden-telen-is-biciklizni-anelkul-hogy-megfagynek-remelem\/#breadcrumb\"},\"inLanguage\":\"hu\",\"potentialAction\":[{\"@type\":\"ReadAction\",\"target\":[\"https:\/\/www.welovecycling.com\/hu\/kozosseg-es-kultura\/igy-fogok-iden-telen-is-biciklizni-anelkul-hogy-megfagynek-remelem\/\"]}]},{\"@type\":\"ImageObject\",\"inLanguage\":\"hu\",\"@id\":\"https:\/\/www.welovecycling.com\/hu\/kozosseg-es-kultura\/igy-fogok-iden-telen-is-biciklizni-anelkul-hogy-megfagynek-remelem\/#primaryimage\",\"url\":\"https:\/\/d2p6e6u75xmxt8.cloudfront.net\/12\/2020\/10\/winter-cycling-profimedia-0399018180-CVR.jpg\",\"contentUrl\":\"https:\/\/d2p6e6u75xmxt8.cloudfront.net\/12\/2020\/10\/winter-cycling-profimedia-0399018180-CVR.jpg\",\"width\":1366,\"height\":600,\"caption\":\"Cycling in Winter\"},{\"@type\":\"BreadcrumbList\",\"@id\":\"https:\/\/www.welovecycling.com\/hu\/kozosseg-es-kultura\/igy-fogok-iden-telen-is-biciklizni-anelkul-hogy-megfagynek-remelem\/#breadcrumb\",\"itemListElement\":[{\"@type\":\"ListItem\",\"position\":1,\"name\":\"Home\",\"item\":\"https:\/\/www.welovecycling.com\/hu\/\"},{\"@type\":\"ListItem\",\"position\":2,\"name\":\"\u00cdgy fogok id\u00e9n t\u00e9len is biciklizni, an\u00e9lk\u00fcl, hogy megfagyn\u00e9k (rem\u00e9lem)!\"}]},{\"@type\":\"WebSite\",\"@id\":\"https:\/\/www.welovecycling.com\/hu\/#website\",\"url\":\"https:\/\/www.welovecycling.com\/hu\/\",\"name\":\"\u0160koda We Love Cycling - Magyarorsz\u00e1g\",\"description\":\"\u0160koda WeLoveCycling\",\"potentialAction\":[{\"@type\":\"SearchAction\",\"target\":{\"@type\":\"EntryPoint\",\"urlTemplate\":\"https:\/\/www.welovecycling.com\/hu\/?s={search_term_string}\"},\"query-input\":{\"@type\":\"PropertyValueSpecification\",\"valueRequired\":true,\"valueName\":\"search_term_string\"}}],\"inLanguage\":\"hu\"},{\"@type\":\"Person\",\"@id\":\"https:\/\/www.welovecycling.com\/hu\/#\/schema\/person\/414a2aebf1801691a5320edb6468e194\",\"name\":\"hegyizs\",\"image\":{\"@type\":\"ImageObject\",\"inLanguage\":\"hu\",\"@id\":\"https:\/\/www.welovecycling.com\/hu\/#\/schema\/person\/image\/\",\"url\":\"https:\/\/secure.gravatar.com\/avatar\/02cf8a7906b8cf90cecb4679defac7cfd33a1c2e3b88e4903d947f3bb58eedd3?s=96&d=mm&r=g\",\"contentUrl\":\"https:\/\/secure.gravatar.com\/avatar\/02cf8a7906b8cf90cecb4679defac7cfd33a1c2e3b88e4903d947f3bb58eedd3?s=96&d=mm&r=g\",\"caption\":\"hegyizs\"},\"url\":\"https:\/\/www.welovecycling.com\/hu\/author\/hegyizs\/\"}]}<\/script>\n<!-- \/ Yoast SEO Premium plugin. -->","yoast_head_json":{"title":"\u00cdgy fogok id\u00e9n t\u00e9len is biciklizni, an\u00e9lk\u00fcl, hogy megfagyn\u00e9k (rem\u00e9lem)!","description":"Ez a t\u00e9l m\u00e1s lesz, mint a t\u00f6bbi: biciklizni fogok a lak\u00e1som k\u00f6zel\u00e9ben l\u00e9v\u0151 parkban. Az \u00faj mountain bike-omon fogok bring\u00e1zni, mert a t\u00e9l mindig lehangol, a ker\u00e9kp\u00e1roz\u00e1s pedig felvid\u00edt.","robots":{"index":"index","follow":"follow","max-snippet":"max-snippet:-1","max-image-preview":"max-image-preview:large","max-video-preview":"max-video-preview:-1"},"canonical":"https:\/\/www.welovecycling.com\/hu\/kozosseg-es-kultura\/igy-fogok-iden-telen-is-biciklizni-anelkul-hogy-megfagynek-remelem\/","og_locale":"hu_HU","og_type":"article","og_title":"\u00cdgy fogok id\u00e9n t\u00e9len is biciklizni, an\u00e9lk\u00fcl, hogy megfagyn\u00e9k (rem\u00e9lem)!","og_description":"Ez a t\u00e9l m\u00e1s lesz, mint a t\u00f6bbi: biciklizni fogok a lak\u00e1som k\u00f6zel\u00e9ben l\u00e9v\u0151 parkban. Az \u00faj mountain bike-omon fogok bring\u00e1zni, mert a t\u00e9l mindig lehangol, a ker\u00e9kp\u00e1roz\u00e1s pedig felvid\u00edt. Nem fogok bicajozni, ha esik, vagy havazik (nem vagyok \u0151r\u00fclt), de nagyon ut\u00e1lom a hideget, \u00fagyhogy ez is nagy kih\u00edv\u00e1s nekem. Sz\u00f3val melegen kell tartanom magam, ami k\u00f6nny\u0171, k\u00e9nyelmes \u00e9s term\u00e9szetesen h\u0151\u00e1ll\u00f3 ruh\u00e1zatot jelent.","og_url":"https:\/\/www.welovecycling.com\/hu\/kozosseg-es-kultura\/igy-fogok-iden-telen-is-biciklizni-anelkul-hogy-megfagynek-remelem\/","og_site_name":"\u0160koda We Love Cycling - Magyarorsz\u00e1g","article_publisher":"https:\/\/www.facebook.com\/WeLoveCyclingHungary\/","article_published_time":"2020-10-18T07:00:58+00:00","og_image":[{"width":1366,"height":600,"url":"https:\/\/d2p6e6u75xmxt8.cloudfront.net\/12\/2020\/10\/winter-cycling-profimedia-0399018180-CVR.jpg","type":"image\/jpeg"}],"author":"hegyizs","twitter_card":"summary_large_image","twitter_title":"\u00cdgy fogok id\u00e9n t\u00e9len is biciklizni, an\u00e9lk\u00fcl, hogy megfagyn\u00e9k (rem\u00e9lem)!","twitter_misc":{"Written by":"Siegfried Mortkowitz","Est. reading time":"5"},"schema":{"@context":"https:\/\/schema.org","@graph":[{"@type":"WebPage","@id":"https:\/\/www.welovecycling.com\/hu\/kozosseg-es-kultura\/igy-fogok-iden-telen-is-biciklizni-anelkul-hogy-megfagynek-remelem\/","url":"https:\/\/www.welovecycling.com\/hu\/kozosseg-es-kultura\/igy-fogok-iden-telen-is-biciklizni-anelkul-hogy-megfagynek-remelem\/","name":"\u00cdgy fogok id\u00e9n t\u00e9len is biciklizni, an\u00e9lk\u00fcl, hogy megfagyn\u00e9k (rem\u00e9lem)!","isPartOf":{"@id":"https:\/\/www.welovecycling.com\/hu\/#website"},"primaryImageOfPage":{"@id":"https:\/\/www.welovecycling.com\/hu\/kozosseg-es-kultura\/igy-fogok-iden-telen-is-biciklizni-anelkul-hogy-megfagynek-remelem\/#primaryimage"},"image":{"@id":"https:\/\/www.welovecycling.com\/hu\/kozosseg-es-kultura\/igy-fogok-iden-telen-is-biciklizni-anelkul-hogy-megfagynek-remelem\/#primaryimage"},"thumbnailUrl":"https:\/\/d2p6e6u75xmxt8.cloudfront.net\/12\/2020\/10\/winter-cycling-profimedia-0399018180-CVR.jpg","datePublished":"2020-10-18T07:00:58+00:00","author":{"@id":"https:\/\/www.welovecycling.com\/hu\/#\/schema\/person\/414a2aebf1801691a5320edb6468e194"},"description":"Ez a t\u00e9l m\u00e1s lesz, mint a t\u00f6bbi: biciklizni fogok a lak\u00e1som k\u00f6zel\u00e9ben l\u00e9v\u0151 parkban. Az \u00faj mountain bike-omon fogok bring\u00e1zni, mert a t\u00e9l mindig lehangol, a ker\u00e9kp\u00e1roz\u00e1s pedig felvid\u00edt.","breadcrumb":{"@id":"https:\/\/www.welovecycling.com\/hu\/kozosseg-es-kultura\/igy-fogok-iden-telen-is-biciklizni-anelkul-hogy-megfagynek-remelem\/#breadcrumb"},"inLanguage":"hu","potentialAction":[{"@type":"ReadAction","target":["https:\/\/www.welovecycling.com\/hu\/kozosseg-es-kultura\/igy-fogok-iden-telen-is-biciklizni-anelkul-hogy-megfagynek-remelem\/"]}]},{"@type":"ImageObject","inLanguage":"hu","@id":"https:\/\/www.welovecycling.com\/hu\/kozosseg-es-kultura\/igy-fogok-iden-telen-is-biciklizni-anelkul-hogy-megfagynek-remelem\/#primaryimage","url":"https:\/\/d2p6e6u75xmxt8.cloudfront.net\/12\/2020\/10\/winter-cycling-profimedia-0399018180-CVR.jpg","contentUrl":"https:\/\/d2p6e6u75xmxt8.cloudfront.net\/12\/2020\/10\/winter-cycling-profimedia-0399018180-CVR.jpg","width":1366,"height":600,"caption":"Cycling in Winter"},{"@type":"BreadcrumbList","@id":"https:\/\/www.welovecycling.com\/hu\/kozosseg-es-kultura\/igy-fogok-iden-telen-is-biciklizni-anelkul-hogy-megfagynek-remelem\/#breadcrumb","itemListElement":[{"@type":"ListItem","position":1,"name":"Home","item":"https:\/\/www.welovecycling.com\/hu\/"},{"@type":"ListItem","position":2,"name":"\u00cdgy fogok id\u00e9n t\u00e9len is biciklizni, an\u00e9lk\u00fcl, hogy megfagyn\u00e9k (rem\u00e9lem)!"}]},{"@type":"WebSite","@id":"https:\/\/www.welovecycling.com\/hu\/#website","url":"https:\/\/www.welovecycling.com\/hu\/","name":"\u0160koda We Love Cycling - Magyarorsz\u00e1g","description":"\u0160koda WeLoveCycling","potentialAction":[{"@type":"SearchAction","target":{"@type":"EntryPoint","urlTemplate":"https:\/\/www.welovecycling.com\/hu\/?s={search_term_string}"},"query-input":{"@type":"PropertyValueSpecification","valueRequired":true,"valueName":"search_term_string"}}],"inLanguage":"hu"},{"@type":"Person","@id":"https:\/\/www.welovecycling.com\/hu\/#\/schema\/person\/414a2aebf1801691a5320edb6468e194","name":"hegyizs","image":{"@type":"ImageObject","inLanguage":"hu","@id":"https:\/\/www.welovecycling.com\/hu\/#\/schema\/person\/image\/","url":"https:\/\/secure.gravatar.com\/avatar\/02cf8a7906b8cf90cecb4679defac7cfd33a1c2e3b88e4903d947f3bb58eedd3?s=96&d=mm&r=g","contentUrl":"https:\/\/secure.gravatar.com\/avatar\/02cf8a7906b8cf90cecb4679defac7cfd33a1c2e3b88e4903d947f3bb58eedd3?s=96&d=mm&r=g","caption":"hegyizs"},"url":"https:\/\/www.welovecycling.com\/hu\/author\/hegyizs\/"}]}},"_links":{"self":[{"href":"https:\/\/www.welovecycling.com\/hu\/wp-json\/wp\/v2\/posts\/8733","targetHints":{"allow":["GET"]}}],"collection":[{"href":"https:\/\/www.welovecycling.com\/hu\/wp-json\/wp\/v2\/posts"}],"about":[{"href":"https:\/\/www.welovecycling.com\/hu\/wp-json\/wp\/v2\/types\/post"}],"author":[{"embeddable":true,"href":"https:\/\/www.welovecycling.com\/hu\/wp-json\/wp\/v2\/users\/71"}],"replies":[{"embeddable":true,"href":"https:\/\/www.welovecycling.com\/hu\/wp-json\/wp\/v2\/comments?post=8733"}],"version-history":[{"count":2,"href":"https:\/\/www.welovecycling.com\/hu\/wp-json\/wp\/v2\/posts\/8733\/revisions"}],"predecessor-version":[{"id":8752,"href":"https:\/\/www.welovecycling.com\/hu\/wp-json\/wp\/v2\/posts\/8733\/revisions\/8752"}],"wp:featuredmedia":[{"embeddable":true,"href":"https:\/\/www.welovecycling.com\/hu\/wp-json\/wp\/v2\/media\/8738"}],"wp:attachment":[{"href":"https:\/\/www.welovecycling.com\/hu\/wp-json\/wp\/v2\/media?parent=8733"}],"wp:term":[{"taxonomy":"category","embeddable":true,"href":"https:\/\/www.welovecycling.com\/hu\/wp-json\/wp\/v2\/categories?post=8733"},{"taxonomy":"post_tag","embeddable":true,"href":"https:\/\/www.welovecycling.com\/hu\/wp-json\/wp\/v2\/tags?post=8733"},{"taxonomy":"global-categories","embeddable":true,"href":"https:\/\/www.welovecycling.com\/hu\/wp-json\/wp\/v2\/global-categories?post=8733"}],"curies":[{"name":"wp","href":"https:\/\/api.w.org\/{rel}","templated":true}]}}