{"id":8721,"date":"2020-10-12T08:00:47","date_gmt":"2020-10-12T07:00:47","guid":{"rendered":"https:\/\/www.welovecycling.com\/hu\/?p=8721"},"modified":"2020-10-09T17:14:42","modified_gmt":"2020-10-09T16:14:42","slug":"ezek-a-legfontosabb-kerdesek-amiket-fel-kell-tenned-biciklivasarlaskor","status":"publish","type":"post","link":"https:\/\/www.welovecycling.com\/hu\/kozosseg-es-kultura\/ezek-a-legfontosabb-kerdesek-amiket-fel-kell-tenned-biciklivasarlaskor\/","title":{"rendered":"Ezek a legfontosabb k\u00e9rd\u00e9sek, amiket fel kell tenned bicikliv\u00e1s\u00e1rl\u00e1skor"},"content":{"rendered":"<p><strong>\u00dagy d\u00f6nt\u00f6tt\u00e9l, megveszed az els\u0151 biciklidet, friss\u00edted a mostanit vagy ink\u00e1bb beszerzel egy vadi\u00fajat \u2013 b\u00e1rhogy is, gratul\u00e1lunk! Ez mindenk\u00e9ppen egy izgalmas id\u0151szak, de kicsit megterhel\u0151 is lehet, ha nem \u00e9rtesz a ker\u00e9kp\u00e1roz\u00e1shoz \u00e9s nem ismered ki magad j\u00f3l egy \u00fczletben. Lehet, hogy hallott\u00e1l kellemetlen t\u00f6rt\u00e9neteket goromba elad\u00f3kr\u00f3l vagy f\u00e9lsz, hogy ki fogsz t\u0171nni a tapasztalatlans\u00e1god miatt. B\u00e1rmi legyen is a helyzet, a legjobb v\u00e1s\u00e1rl\u00f3i \u00e9lm\u00e9ny\u00e9rt \u00e9rdemes felk\u00e9sz\u00fclten \u00e9rkezni a boltba. Annak \u00e9rdek\u00e9ben, hogy magabiztosan tudj elindulni a ker\u00e9kp\u00e1r\u00fczletbe, \u00f6sszegy\u0171jt\u00f6tt\u00fcnk n\u00e9h\u00e1ny fontos k\u00e9rd\u00e9st, amit felt\u00e9tlen\u00fcl fel kell tenned v\u00e1s\u00e1rl\u00e1s el\u0151tt. L\u00e1ssunk is neki!<\/strong><\/p>\n<p><!--more--><\/p>\n<h2><strong>K\u00e9rd\u00e9sek, amiket \u00e9rdemes el\u0151re feltenni<\/strong><\/h2>\n<p>V\u00e1s\u00e1rl\u00e1s el\u0151tt okos dolog, ha m\u00e1r tudod, mit is keresel. A k\u00f6vetkez\u0151 k\u00e9rd\u00e9seket val\u00f3sz\u00edn\u0171leg egy j\u00f3 elad\u00f3 is fel fogja tenni neked, \u00edgy nem \u00e1rt, ha m\u00e1r most elgondolkodsz rajtuk.<\/p>\n<p><em><strong>Tudom, hogy mire fogom haszn\u00e1lni a biciklit?<\/strong><\/em><\/p>\n<p>Ez val\u00f3sz\u00edn\u0171leg a legfontosabb, amit tiszt\u00e1zni kell magadban, miel\u0151tt elkezded a keres\u00e9st. K\u00f6zleked\u00e9shez, kikapcsol\u00f3d\u00e1shoz vagy testmozg\u00e1shoz v\u00e1s\u00e1rolsz? Esetleg mindh\u00e1romhoz? Milyen gyakran fogsz biciklizni? Mekkora t\u00e1vokat tervezel megtenni? Maradsz az aszfaltozott fel\u00fcleteken vagy a term\u00e9szetet is felfedezed vele? Ezeknek a szempontoknak a v\u00e9giggondol\u00e1sa seg\u00edt abban, hogy kider\u00fclj\u00f6n, orsz\u00e1g\u00fati, fitness, v\u00e1rosi, elektromos, kavicsos vagy hegyi ker\u00e9kp\u00e1rt keresel. Nagyon sokfajta bicikli l\u00e9tezik, \u00edgy ez lesz a legjelent\u0151sebb k\u00e9rd\u00e9s, amit el kell d\u00f6ntened ahhoz, hogy le tudd sz\u0171k\u00edteni a v\u00e1laszt\u00e9kot.<\/p>\n<figure id=\"attachment_8722\" aria-describedby=\"caption-attachment-8722\" style=\"width: 1024px\" class=\"wp-caption alignnone\"><a href=\"https:\/\/d2p6e6u75xmxt8.cloudfront.net\/2\/2020\/09\/profimedia-0351355218.jpg\"><img loading=\"lazy\" decoding=\"async\" class=\"wp-image-8722 size-large\" src=\"https:\/\/d2p6e6u75xmxt8.cloudfront.net\/12\/2020\/10\/profimedia-0351355218-1024x683.jpg\" alt=\"Buying a bike\" width=\"1024\" height=\"683\" srcset=\"https:\/\/d2p6e6u75xmxt8.cloudfront.net\/12\/2020\/10\/profimedia-0351355218-1024x683.jpg 1024w, https:\/\/d2p6e6u75xmxt8.cloudfront.net\/12\/2020\/10\/profimedia-0351355218-300x200.jpg 300w, https:\/\/d2p6e6u75xmxt8.cloudfront.net\/12\/2020\/10\/profimedia-0351355218-768x512.jpg 768w, https:\/\/d2p6e6u75xmxt8.cloudfront.net\/12\/2020\/10\/profimedia-0351355218-272x182.jpg 272w, https:\/\/d2p6e6u75xmxt8.cloudfront.net\/12\/2020\/10\/profimedia-0351355218.jpg 1250w\" sizes=\"auto, (max-width: 1024px) 100vw, 1024px\" \/><\/a><figcaption id=\"caption-attachment-8722\" class=\"wp-caption-text\"><em>K\u00f6zleked\u00e9sre, kikapcsol\u00f3d\u00e1sra, vagy edz\u00e9sre haszn\u00e1ln\u00e1d a biciklit? Vagy tal\u00e1n mindh\u00e1romra? \u00a9 Profimedia<\/em><\/figcaption><\/figure>\n<p><em><strong>Hogyan k\u00e9pzelem el a bicikliz\u00e9st egy \u00e9v m\u00falva?<\/strong><\/em><\/p>\n<p>Ha valamiben komoly el\u0151rel\u00e9p\u00e9seket szeretn\u00e9l tenni, vagy csak egyszer\u0171en sokat szeretn\u00e9l biciklizni, fontos, hogy el\u0151re tervezz. Ne feledd, hogy alapvet\u0151en minden ker\u00e9kp\u00e1r kedvez a kezd\u0151knek, \u00e9s ide\u00e1lis esetben olyan biciklire v\u00e1gysz, ami veled egy\u00fctt fejl\u0151dik. Val\u00f3sz\u00edn\u0171leg nincs sz\u00fcks\u00e9ged minden cseng\u0151re az elej\u00e9n, de szeretn\u00e9l valamit, amivel lassan fejlesztheted az alkatr\u00e9szeket \u00e9s a kerekeket. De az is lehet, hogy egy \u00e9v bicikliz\u00e9s ut\u00e1n ink\u00e1bb elk\u00f6lten\u00e9d a p\u00e9nzt \u00e9s k\u00f6nnyebb keretre v\u00e1ltan\u00e1l az \u00f6sszes alkatr\u00e9sz \u00e1ttelep\u00edt\u00e9s\u00e9vel. Ne felejtsd el, hogy az elad\u00f3 ott van, ha seg\u00edts\u00e9gre van sz\u00fcks\u00e9ged, ne legy\u00e9l sz\u00e9gyenl\u0151s, nyugodtan oszd meg vele a j\u00f6v\u0151beli ker\u00e9kp\u00e1ros c\u00e9ljaidat!<\/p>\n<p><em><strong>Mennyi p\u00e9nzt szeretn\u00e9k r\u00e1k\u00f6lteni?<\/strong><\/em><\/p>\n<p>Ha a ker\u00e9kp\u00e1r v\u00e1s\u00e1rl\u00e1sakor meghat\u00e1rozott \u00f6sszeg \u00e1ll rendelkez\u00e9sedre, akkor k\u00f6nnyebb koncentr\u00e1lni \u00e9s elker\u00fclhet\u0151 az impulzusv\u00e1s\u00e1rl\u00e1s, amit k\u00e9s\u0151bb megb\u00e1nn\u00e1l. Gondolkodj re\u00e1lisan, de legyen az eszedben az is, hogy a legolcs\u00f3bb megold\u00e1s gyakran rejtett k\u00f6lts\u00e9gekkel j\u00e1rhat az \u00e9vek sor\u00e1n. Az olcs\u00f3 ker\u00e9kp\u00e1rok alkatr\u00e9szei \u00e1ltal\u00e1ban kev\u00e9sb\u00e9 massz\u00edvak, elk\u00e9pzelhet\u0151, hogy kapkodva szerelt\u00e9k \u00f6ssze \u0151ket, \u00e9s val\u00f3sz\u00edn\u0171leg m\u00e9g garancia sem j\u00e1r hozz\u00e1juk. Biztosnak kell lenned abban, hogy olyan j\u00e1rm\u0171vet kapsz, ami megfelel a tervezett bicikliz\u00e9shez. Cs\u00e1b\u00edt\u00f3 lehet a p\u00e9nz megtakar\u00edt\u00e1sa, de ha belegondolunk a jav\u00edt\u00e1sba bele\u00f6lt \u00f6sszegekbe, nem neh\u00e9z bel\u00e1tni, mi\u00e9rt \u00e9ri meg hossz\u00fat\u00e1von a nagyobb kiad\u00e1s.<\/p>\n<figure id=\"attachment_8723\" aria-describedby=\"caption-attachment-8723\" style=\"width: 1024px\" class=\"wp-caption alignnone\"><a href=\"https:\/\/d2p6e6u75xmxt8.cloudfront.net\/2\/2020\/09\/profimedia-0091208510.jpg\"><img loading=\"lazy\" decoding=\"async\" class=\"wp-image-8723 size-large\" src=\"https:\/\/d2p6e6u75xmxt8.cloudfront.net\/12\/2020\/10\/profimedia-0091208510-1024x768.jpg\" alt=\"Bike shop\" width=\"1024\" height=\"768\" srcset=\"https:\/\/d2p6e6u75xmxt8.cloudfront.net\/12\/2020\/10\/profimedia-0091208510-1024x768.jpg 1024w, https:\/\/d2p6e6u75xmxt8.cloudfront.net\/12\/2020\/10\/profimedia-0091208510-300x225.jpg 300w, https:\/\/d2p6e6u75xmxt8.cloudfront.net\/12\/2020\/10\/profimedia-0091208510-768x576.jpg 768w, https:\/\/d2p6e6u75xmxt8.cloudfront.net\/12\/2020\/10\/profimedia-0091208510.jpg 1250w\" sizes=\"auto, (max-width: 1024px) 100vw, 1024px\" \/><\/a><figcaption id=\"caption-attachment-8723\" class=\"wp-caption-text\"><em>A k\u00f6lts\u00e9gvet\u00e9s seg\u00edt a f\u00f3kusz\u00e1lt v\u00e1s\u00e1rl\u00e1sban \u00e9s elker\u00fclni az impulzus v\u00e1s\u00e1rl\u00e1st, amit k\u00e9s\u0151bb megb\u00e1nhatsz. \u00a9 Profimedia<\/em><\/figcaption><\/figure>\n<h2><strong>Ezeket k\u00e9rdezd v\u00e1s\u00e1rl\u00e1s k\u00f6zben<\/strong><\/h2>\n<p>Term\u00e9szetesen neked is lesz n\u00e9h\u00e1ny k\u00e9rd\u00e9sed az elad\u00f3 fel\u00e9! Itt van n\u00e9h\u00e1ny p\u00e9lda, amit semmik\u00e9pp ne hagyj v\u00e1lasz n\u00e9lk\u00fcl.<\/p>\n<p><em><strong>Tehetek egy tesztk\u00f6rt?<\/strong><\/em><\/p>\n<p>\u0150szint\u00e9n sz\u00f3lva, ha egy ker\u00e9kp\u00e1r\u00fczletben nem engedik, hogy gyorsan kipr\u00f3b\u00e1lhasd a biciklit, val\u00f3sz\u00edn\u0171leg m\u00e1shol kellene v\u00e1s\u00e1rolnod. A tesztk\u00f6r lehet\u0151s\u00e9get ad arra, hogy \u00e9rezd a ker\u00e9kp\u00e1rt \u00e9s meggy\u0151z\u0151dj arr\u00f3l, hogy az \u00f6sszes funkci\u00f3ja m\u0171k\u00f6dik \u2013 bele\u00e9rtve a sebess\u00e9gv\u00e1lt\u00e1st \u00e9s a f\u00e9kez\u00e9st is. Ha m\u00e9g teljesen \u00faj vagy a bicikliz\u00e9sben, neh\u00e9z lehet \u00e9rz\u00e9s alapj\u00e1n meg\u00edt\u00e9lni, mennyire illik hozz\u00e1d a bringa, de mindenk\u00e9ppen biztosnak kell lenned abban, hogy nem t\u00fal hossz\u00fa a v\u00e1z, \u00e9s k\u00e9nyelmesen el\u00e9red a korm\u00e1nyt. Ha nem \u00e9rzed, \u00fagy hogy j\u00f3 t\u00e1vols\u00e1gra van a korm\u00e1ny, k\u00e9rd meg az elad\u00f3t, hogy tesztelhesd ugyanazt a ker\u00e9kp\u00e1rt m\u00e1s m\u00e9retekben, magas \u00e9s alacsony \u00fcl\u00e9ssel is! A gyors \u00f6sszehasonl\u00edt\u00e1snak h\u00e1la hamar vil\u00e1goss\u00e1 v\u00e1lik, melyik illik a legjobban hozz\u00e1d.<\/p>\n<p><em><strong>Mennyire illik hozz\u00e1m?<\/strong><\/em><\/p>\n<p>Ha a ker\u00e9kp\u00e1rt nem \u00fagy \u00e1ll\u00edtj\u00e1k be, hogy illeszkedjen a testedhez, egy id\u0151 ut\u00e1n k\u00e9nyelmetlenn\u00e9 v\u00e1lik \u00e9s ak\u00e1r s\u00e9r\u00fcl\u00e9shez is vezethet. Sz\u00e1mos \u00fczlet biztos\u00edtja az alapvet\u0151 be\u00e1ll\u00edt\u00e1sokat v\u00e1s\u00e1rl\u00e1skor, hogy a legjobb \u00e9lm\u00e9nyekkel kezdhesd a teker\u00e9st. Az \u00fczletben legal\u00e1bb a nyereg magass\u00e1g\u00e1t be kell \u00e1ll\u00edtani, emellett az esetleges be\u00e1ll\u00edt\u00e1sokr\u00f3l sz\u00f3l\u00f3 tan\u00e1csok is elv\u00e1rtak az elad\u00f3 r\u00e9sz\u00e9r\u0151l. K\u00e9rdezd meg, van-e lehet\u0151s\u00e9g ut\u00f3lagos \u00e1t\u00e1ll\u00edt\u00e1sokra. Ez kezd\u0151k\u00e9nt k\u00fcl\u00f6n\u00f6sen megnyugtat\u00f3, hiszen vissza tudsz j\u00f6nni, ha tov\u00e1bbi be\u00e1ll\u00edt\u00e1sokra van sz\u00fcks\u00e9ged.<\/p>\n<p><em><strong>Mi a k\u00fcl\u00f6nbs\u00e9g a biciklik v\u00e1lt\u00f3k\u00e9szlete k\u00f6z\u00f6tt?<\/strong><\/em><\/p>\n<p>Ha k\u00e9t hasonl\u00f3 bring\u00e1t n\u00e9zt\u00e9l ki, de felt\u0171n\u0151en elt\u00e9r az \u00e1ruk, akkor j\u00f3 es\u00e9llyel a v\u00e1lt\u00f3k\u00e9szletben kell keresned a hib\u00e1t. Ez a kifejez\u00e9s minden olyan mechanikus alkatr\u00e9szre kiterjed, mint a v\u00e1lt\u00f3k, a l\u00e1nc \u00e9s a kazett\u00e1s l\u00e1ncker\u00e9ksor, \u00e9s nagy m\u00e9rt\u00e9kben befoly\u00e1solhatja a ker\u00e9kp\u00e1r \u00e1r\u00e1t. A magasabb \u00e1rkateg\u00f3ri\u00e1j\u00fa biciklik val\u00f3sz\u00edn\u0171leg kevesebbet nyomnak \u00e9s k\u00f6nnyebben v\u00e1ltanak, ami hat\u00e1rozottan pozit\u00edv, viszont lehet, hogy nem felt\u00e9tlen\u00fcl \u00e9ri meg a plusz p\u00e9nzt, ha m\u00e9g kezd\u0151 vagy. Ha kicsit jobban elmer\u00fclsz a v\u00e1lt\u00f3k\u00e9szletek fel\u00e9p\u00edt\u00e9s\u00e9ben, az seg\u00edthet egy olcs\u00f3bb, de t\u00f6k\u00e9letesen megfelel\u0151 bicikli kiv\u00e1laszt\u00e1s\u00e1ban.<\/p>\n<figure id=\"attachment_8724\" aria-describedby=\"caption-attachment-8724\" style=\"width: 1024px\" class=\"wp-caption alignnone\"><a href=\"https:\/\/d2p6e6u75xmxt8.cloudfront.net\/2\/2020\/09\/profimedia-0087287776.jpg\"><img loading=\"lazy\" decoding=\"async\" class=\"wp-image-8724 size-large\" src=\"https:\/\/d2p6e6u75xmxt8.cloudfront.net\/12\/2020\/10\/profimedia-0087287776-1024x768.jpg\" alt=\"Bike shop\" width=\"1024\" height=\"768\" srcset=\"https:\/\/d2p6e6u75xmxt8.cloudfront.net\/12\/2020\/10\/profimedia-0087287776-1024x768.jpg 1024w, https:\/\/d2p6e6u75xmxt8.cloudfront.net\/12\/2020\/10\/profimedia-0087287776-300x225.jpg 300w, https:\/\/d2p6e6u75xmxt8.cloudfront.net\/12\/2020\/10\/profimedia-0087287776-768x576.jpg 768w, https:\/\/d2p6e6u75xmxt8.cloudfront.net\/12\/2020\/10\/profimedia-0087287776.jpg 1250w\" sizes=\"auto, (max-width: 1024px) 100vw, 1024px\" \/><\/a><figcaption id=\"caption-attachment-8724\" class=\"wp-caption-text\">Ha k\u00e9t hasonl\u00f3 bring\u00e1t n\u00e9zt\u00e9l ki, de felt\u0171n\u0151en elt\u00e9r az \u00e1ruk, akkor j\u00f3 es\u00e9llyel a v\u00e1lt\u00f3k\u00e9szletben kell keresned a hib\u00e1t. \u00a9 Profimedia<\/figcaption><\/figure>\n<p><em><strong>J\u00e1r garancia a ker\u00e9kp\u00e1rhoz vagy az \u00e1r tartalmazza a karbantart\u00e1st?<\/strong><\/em><\/p>\n<p>Az egyik ok, ami\u00e9rt \u00e9rdemes j\u00f3l \u00e9rezned magad a ker\u00e9kp\u00e1r\u00fczletben, hogy ha j\u00f3l mennek a dolgok, rem\u00e9lhet\u0151leg ez csak az els\u0151 lesz a sok l\u00e1togat\u00e1s k\u00f6z\u00fcl. Val\u00f3sz\u00edn\u0171leg \u00e9vente p\u00e1rszor el fogod hozni a biciklidet szervizel\u00e9sre \u00e9s jav\u00edt\u00e1sra, ez\u00e9rt c\u00e9lszer\u0171 megismerni a bolt ir\u00e1nyelveit, hogyan m\u0171k\u00f6dnek n\u00e1luk ezek a szolg\u00e1ltat\u00e1sok. Tudd meg, mit takar a gy\u00e1rt\u00f3 j\u00f3t\u00e1ll\u00e1sa, \u00e9s seg\u00edt-e az \u00fczlet eligazodni ebben a folyamatban, vagy egyed\u00fcl kell megoldanod.<\/p>\n<p><em><strong>K\u00edn\u00e1lnak valamilyen ker\u00e9kp\u00e1rszerepl\u0151 tanfolyamot a nyilv\u00e1noss\u00e1g sz\u00e1m\u00e1ra?<\/strong><\/em><\/p>\n<p>Ha m\u00e9g nem ismered a ker\u00e9kp\u00e1roz\u00e1st, hamar r\u00e1j\u00f6ssz, mennyire hasznos tud lenni, ha rendelkezel az alapvet\u0151 karbantart\u00e1si \u00e9s jav\u00edt\u00e1si gyakorlatokkal. Annak \u00e9rdek\u00e9ben, hogy biztons\u00e1gosan tudj egyed\u00fcl utazni, j\u00e1rtasnak kell lenned a gumiabroncs-cser\u00e9ben \u00e9s a lecs\u00faszott l\u00e1nc r\u00f6gz\u00edt\u00e9s\u00e9ben. Fontos, hogy legyenek megfelel\u0151 eszk\u00f6zeid \u00e9s ismereteid, ez\u00e9rt der\u00edtsd ki, hogy az \u00fczlet rendelkezik-e olyan er\u0151forr\u00e1sokkal, amelyek el\u0151seg\u00edthetik a k\u00e9szs\u00e9geid fejleszt\u00e9s\u00e9t.<\/p>\n<h2><strong>M\u00e9g egy utols\u00f3 tan\u00e1cs<\/strong><\/h2>\n<p>V\u00e9g\u00fcl, ha olyan helyzetbe ker\u00fclsz, hogy maga az elad\u00f3 nem \u00e9rti a k\u00e9rd\u00e9st, fontold meg, hogy valahol m\u00e1shol veszel biciklit. Soha nem szabad k\u00e9nyelmetlen\u00fcl \u00e9rezned magad; a legjobb boltokban olyan elad\u00f3k dolgoznak, akik \u00f6szt\u00f6n\u00f6znek t\u00e9ged a k\u00e9rd\u00e9sekre. Soha ne felejtsd el, hogy ak\u00e1r egy egyszer\u0171, ak\u00e1r cs\u00facskateg\u00f3ri\u00e1s bring\u00e1t v\u00e1s\u00e1rolsz, \u00e9rezned kell, hogy komolyan veszik a k\u00e9rd\u00e9seidet \u00e9s az agg\u00e1lyaidat \u00e9s az elad\u00f3 val\u00f3ban a legjobbat szeretn\u00e9 neked!<\/p>\n","protected":false},"excerpt":{"rendered":"<p>\u00dagy d\u00f6nt\u00f6tt\u00e9l, megveszed az els\u0151 biciklidet, friss\u00edted a mostanit vagy ink\u00e1bb beszerzel egy vadi\u00fajat \u2013 b\u00e1rhogy is, gratul\u00e1lunk! Ez mindenk\u00e9ppen [&hellip;]<\/p>\n","protected":false},"author":71,"featured_media":8726,"comment_status":"open","ping_status":"open","sticky":false,"template":"","format":"standard","meta":{"footnotes":""},"categories":[12],"tags":[],"global-categories":[],"class_list":["post-8721","post","type-post","status-publish","format-standard","has-post-thumbnail","hentry","category-kozosseg-es-kultura"],"yoast_head":"<!-- This site is optimized with the Yoast SEO Premium plugin v25.3 (Yoast SEO v25.9) - https:\/\/yoast.com\/wordpress\/plugins\/seo\/ -->\n<title>Ezek a legfontosabb k\u00e9rd\u00e9sek, amiket fel kell tenned bicikliv\u00e1s\u00e1rl\u00e1skor<\/title>\n<meta name=\"description\" content=\"\u00dagy d\u00f6nt\u00f6tt\u00e9l, megveszed az els\u0151 biciklidet, friss\u00edted a mostanit vagy ink\u00e1bb beszerzel egy vadi\u00fajat \u2013 b\u00e1rhogy is, gratul\u00e1lunk!\" \/>\n<meta name=\"robots\" content=\"index, follow, max-snippet:-1, max-image-preview:large, max-video-preview:-1\" \/>\n<link rel=\"canonical\" href=\"https:\/\/www.welovecycling.com\/hu\/kozosseg-es-kultura\/ezek-a-legfontosabb-kerdesek-amiket-fel-kell-tenned-biciklivasarlaskor\/\" \/>\n<meta property=\"og:locale\" content=\"hu_HU\" \/>\n<meta property=\"og:type\" content=\"article\" \/>\n<meta property=\"og:title\" content=\"Ezek a legfontosabb k\u00e9rd\u00e9sek, amiket fel kell tenned bicikliv\u00e1s\u00e1rl\u00e1skor\" \/>\n<meta property=\"og:description\" content=\"\u00dagy d\u00f6nt\u00f6tt\u00e9l, megveszed az els\u0151 biciklidet, friss\u00edted a mostanit vagy ink\u00e1bb beszerzel egy vadi\u00fajat \u2013 b\u00e1rhogy is, gratul\u00e1lunk! Ez mindenk\u00e9ppen egy izgalmas id\u0151szak, de kicsit megterhel\u0151 is lehet, ha nem \u00e9rtesz a ker\u00e9kp\u00e1roz\u00e1shoz \u00e9s nem ismered ki magad j\u00f3l egy \u00fczletben.\" \/>\n<meta property=\"og:url\" content=\"https:\/\/www.welovecycling.com\/hu\/kozosseg-es-kultura\/ezek-a-legfontosabb-kerdesek-amiket-fel-kell-tenned-biciklivasarlaskor\/\" \/>\n<meta property=\"og:site_name\" content=\"\u0160koda We Love Cycling - Magyarorsz\u00e1g\" \/>\n<meta property=\"article:publisher\" content=\"https:\/\/www.facebook.com\/WeLoveCyclingHungary\/\" \/>\n<meta property=\"article:published_time\" content=\"2020-10-12T07:00:47+00:00\" \/>\n<meta property=\"og:image\" content=\"https:\/\/d2p6e6u75xmxt8.cloudfront.net\/12\/2020\/10\/bicycle-detail-profimedia-0532131691-CVR.jpg\" \/>\n\t<meta property=\"og:image:width\" content=\"1366\" \/>\n\t<meta property=\"og:image:height\" content=\"600\" \/>\n\t<meta property=\"og:image:type\" content=\"image\/jpeg\" \/>\n<meta name=\"author\" content=\"hegyizs\" \/>\n<meta name=\"twitter:card\" content=\"summary_large_image\" \/>\n<meta name=\"twitter:title\" content=\"Ezek a legfontosabb k\u00e9rd\u00e9sek, amiket fel kell tenned bicikliv\u00e1s\u00e1rl\u00e1skor\" \/>\n<meta name=\"twitter:label1\" content=\"Written by\" \/>\n\t<meta name=\"twitter:data1\" content=\"Megan Flottorp\" \/>\n\t<meta name=\"twitter:label2\" content=\"Est. reading time\" \/>\n\t<meta name=\"twitter:data2\" content=\"7\" \/>\n<script type=\"application\/ld+json\" class=\"yoast-schema-graph\">{\"@context\":\"https:\/\/schema.org\",\"@graph\":[{\"@type\":\"WebPage\",\"@id\":\"https:\/\/www.welovecycling.com\/hu\/kozosseg-es-kultura\/ezek-a-legfontosabb-kerdesek-amiket-fel-kell-tenned-biciklivasarlaskor\/\",\"url\":\"https:\/\/www.welovecycling.com\/hu\/kozosseg-es-kultura\/ezek-a-legfontosabb-kerdesek-amiket-fel-kell-tenned-biciklivasarlaskor\/\",\"name\":\"Ezek a legfontosabb k\u00e9rd\u00e9sek, amiket fel kell tenned bicikliv\u00e1s\u00e1rl\u00e1skor\",\"isPartOf\":{\"@id\":\"https:\/\/www.welovecycling.com\/hu\/#website\"},\"primaryImageOfPage\":{\"@id\":\"https:\/\/www.welovecycling.com\/hu\/kozosseg-es-kultura\/ezek-a-legfontosabb-kerdesek-amiket-fel-kell-tenned-biciklivasarlaskor\/#primaryimage\"},\"image\":{\"@id\":\"https:\/\/www.welovecycling.com\/hu\/kozosseg-es-kultura\/ezek-a-legfontosabb-kerdesek-amiket-fel-kell-tenned-biciklivasarlaskor\/#primaryimage\"},\"thumbnailUrl\":\"https:\/\/d2p6e6u75xmxt8.cloudfront.net\/12\/2020\/10\/bicycle-detail-profimedia-0532131691-CVR.jpg\",\"datePublished\":\"2020-10-12T07:00:47+00:00\",\"author\":{\"@id\":\"https:\/\/www.welovecycling.com\/hu\/#\/schema\/person\/414a2aebf1801691a5320edb6468e194\"},\"description\":\"\u00dagy d\u00f6nt\u00f6tt\u00e9l, megveszed az els\u0151 biciklidet, friss\u00edted a mostanit vagy ink\u00e1bb beszerzel egy vadi\u00fajat \u2013 b\u00e1rhogy is, gratul\u00e1lunk!\",\"breadcrumb\":{\"@id\":\"https:\/\/www.welovecycling.com\/hu\/kozosseg-es-kultura\/ezek-a-legfontosabb-kerdesek-amiket-fel-kell-tenned-biciklivasarlaskor\/#breadcrumb\"},\"inLanguage\":\"hu\",\"potentialAction\":[{\"@type\":\"ReadAction\",\"target\":[\"https:\/\/www.welovecycling.com\/hu\/kozosseg-es-kultura\/ezek-a-legfontosabb-kerdesek-amiket-fel-kell-tenned-biciklivasarlaskor\/\"]}]},{\"@type\":\"ImageObject\",\"inLanguage\":\"hu\",\"@id\":\"https:\/\/www.welovecycling.com\/hu\/kozosseg-es-kultura\/ezek-a-legfontosabb-kerdesek-amiket-fel-kell-tenned-biciklivasarlaskor\/#primaryimage\",\"url\":\"https:\/\/d2p6e6u75xmxt8.cloudfront.net\/12\/2020\/10\/bicycle-detail-profimedia-0532131691-CVR.jpg\",\"contentUrl\":\"https:\/\/d2p6e6u75xmxt8.cloudfront.net\/12\/2020\/10\/bicycle-detail-profimedia-0532131691-CVR.jpg\",\"width\":1366,\"height\":600,\"caption\":\"Bicycle shop\"},{\"@type\":\"BreadcrumbList\",\"@id\":\"https:\/\/www.welovecycling.com\/hu\/kozosseg-es-kultura\/ezek-a-legfontosabb-kerdesek-amiket-fel-kell-tenned-biciklivasarlaskor\/#breadcrumb\",\"itemListElement\":[{\"@type\":\"ListItem\",\"position\":1,\"name\":\"Home\",\"item\":\"https:\/\/www.welovecycling.com\/hu\/\"},{\"@type\":\"ListItem\",\"position\":2,\"name\":\"Ezek a legfontosabb k\u00e9rd\u00e9sek, amiket fel kell tenned bicikliv\u00e1s\u00e1rl\u00e1skor\"}]},{\"@type\":\"WebSite\",\"@id\":\"https:\/\/www.welovecycling.com\/hu\/#website\",\"url\":\"https:\/\/www.welovecycling.com\/hu\/\",\"name\":\"\u0160koda We Love Cycling - Magyarorsz\u00e1g\",\"description\":\"\u0160koda WeLoveCycling\",\"potentialAction\":[{\"@type\":\"SearchAction\",\"target\":{\"@type\":\"EntryPoint\",\"urlTemplate\":\"https:\/\/www.welovecycling.com\/hu\/?s={search_term_string}\"},\"query-input\":{\"@type\":\"PropertyValueSpecification\",\"valueRequired\":true,\"valueName\":\"search_term_string\"}}],\"inLanguage\":\"hu\"},{\"@type\":\"Person\",\"@id\":\"https:\/\/www.welovecycling.com\/hu\/#\/schema\/person\/414a2aebf1801691a5320edb6468e194\",\"name\":\"hegyizs\",\"image\":{\"@type\":\"ImageObject\",\"inLanguage\":\"hu\",\"@id\":\"https:\/\/www.welovecycling.com\/hu\/#\/schema\/person\/image\/\",\"url\":\"https:\/\/secure.gravatar.com\/avatar\/02cf8a7906b8cf90cecb4679defac7cfd33a1c2e3b88e4903d947f3bb58eedd3?s=96&d=mm&r=g\",\"contentUrl\":\"https:\/\/secure.gravatar.com\/avatar\/02cf8a7906b8cf90cecb4679defac7cfd33a1c2e3b88e4903d947f3bb58eedd3?s=96&d=mm&r=g\",\"caption\":\"hegyizs\"},\"url\":\"https:\/\/www.welovecycling.com\/hu\/author\/hegyizs\/\"}]}<\/script>\n<!-- \/ Yoast SEO Premium plugin. -->","yoast_head_json":{"title":"Ezek a legfontosabb k\u00e9rd\u00e9sek, amiket fel kell tenned bicikliv\u00e1s\u00e1rl\u00e1skor","description":"\u00dagy d\u00f6nt\u00f6tt\u00e9l, megveszed az els\u0151 biciklidet, friss\u00edted a mostanit vagy ink\u00e1bb beszerzel egy vadi\u00fajat \u2013 b\u00e1rhogy is, gratul\u00e1lunk!","robots":{"index":"index","follow":"follow","max-snippet":"max-snippet:-1","max-image-preview":"max-image-preview:large","max-video-preview":"max-video-preview:-1"},"canonical":"https:\/\/www.welovecycling.com\/hu\/kozosseg-es-kultura\/ezek-a-legfontosabb-kerdesek-amiket-fel-kell-tenned-biciklivasarlaskor\/","og_locale":"hu_HU","og_type":"article","og_title":"Ezek a legfontosabb k\u00e9rd\u00e9sek, amiket fel kell tenned bicikliv\u00e1s\u00e1rl\u00e1skor","og_description":"\u00dagy d\u00f6nt\u00f6tt\u00e9l, megveszed az els\u0151 biciklidet, friss\u00edted a mostanit vagy ink\u00e1bb beszerzel egy vadi\u00fajat \u2013 b\u00e1rhogy is, gratul\u00e1lunk! Ez mindenk\u00e9ppen egy izgalmas id\u0151szak, de kicsit megterhel\u0151 is lehet, ha nem \u00e9rtesz a ker\u00e9kp\u00e1roz\u00e1shoz \u00e9s nem ismered ki magad j\u00f3l egy \u00fczletben.","og_url":"https:\/\/www.welovecycling.com\/hu\/kozosseg-es-kultura\/ezek-a-legfontosabb-kerdesek-amiket-fel-kell-tenned-biciklivasarlaskor\/","og_site_name":"\u0160koda We Love Cycling - Magyarorsz\u00e1g","article_publisher":"https:\/\/www.facebook.com\/WeLoveCyclingHungary\/","article_published_time":"2020-10-12T07:00:47+00:00","og_image":[{"width":1366,"height":600,"url":"https:\/\/d2p6e6u75xmxt8.cloudfront.net\/12\/2020\/10\/bicycle-detail-profimedia-0532131691-CVR.jpg","type":"image\/jpeg"}],"author":"hegyizs","twitter_card":"summary_large_image","twitter_title":"Ezek a legfontosabb k\u00e9rd\u00e9sek, amiket fel kell tenned bicikliv\u00e1s\u00e1rl\u00e1skor","twitter_misc":{"Written by":"Megan Flottorp","Est. reading time":"7"},"schema":{"@context":"https:\/\/schema.org","@graph":[{"@type":"WebPage","@id":"https:\/\/www.welovecycling.com\/hu\/kozosseg-es-kultura\/ezek-a-legfontosabb-kerdesek-amiket-fel-kell-tenned-biciklivasarlaskor\/","url":"https:\/\/www.welovecycling.com\/hu\/kozosseg-es-kultura\/ezek-a-legfontosabb-kerdesek-amiket-fel-kell-tenned-biciklivasarlaskor\/","name":"Ezek a legfontosabb k\u00e9rd\u00e9sek, amiket fel kell tenned bicikliv\u00e1s\u00e1rl\u00e1skor","isPartOf":{"@id":"https:\/\/www.welovecycling.com\/hu\/#website"},"primaryImageOfPage":{"@id":"https:\/\/www.welovecycling.com\/hu\/kozosseg-es-kultura\/ezek-a-legfontosabb-kerdesek-amiket-fel-kell-tenned-biciklivasarlaskor\/#primaryimage"},"image":{"@id":"https:\/\/www.welovecycling.com\/hu\/kozosseg-es-kultura\/ezek-a-legfontosabb-kerdesek-amiket-fel-kell-tenned-biciklivasarlaskor\/#primaryimage"},"thumbnailUrl":"https:\/\/d2p6e6u75xmxt8.cloudfront.net\/12\/2020\/10\/bicycle-detail-profimedia-0532131691-CVR.jpg","datePublished":"2020-10-12T07:00:47+00:00","author":{"@id":"https:\/\/www.welovecycling.com\/hu\/#\/schema\/person\/414a2aebf1801691a5320edb6468e194"},"description":"\u00dagy d\u00f6nt\u00f6tt\u00e9l, megveszed az els\u0151 biciklidet, friss\u00edted a mostanit vagy ink\u00e1bb beszerzel egy vadi\u00fajat \u2013 b\u00e1rhogy is, gratul\u00e1lunk!","breadcrumb":{"@id":"https:\/\/www.welovecycling.com\/hu\/kozosseg-es-kultura\/ezek-a-legfontosabb-kerdesek-amiket-fel-kell-tenned-biciklivasarlaskor\/#breadcrumb"},"inLanguage":"hu","potentialAction":[{"@type":"ReadAction","target":["https:\/\/www.welovecycling.com\/hu\/kozosseg-es-kultura\/ezek-a-legfontosabb-kerdesek-amiket-fel-kell-tenned-biciklivasarlaskor\/"]}]},{"@type":"ImageObject","inLanguage":"hu","@id":"https:\/\/www.welovecycling.com\/hu\/kozosseg-es-kultura\/ezek-a-legfontosabb-kerdesek-amiket-fel-kell-tenned-biciklivasarlaskor\/#primaryimage","url":"https:\/\/d2p6e6u75xmxt8.cloudfront.net\/12\/2020\/10\/bicycle-detail-profimedia-0532131691-CVR.jpg","contentUrl":"https:\/\/d2p6e6u75xmxt8.cloudfront.net\/12\/2020\/10\/bicycle-detail-profimedia-0532131691-CVR.jpg","width":1366,"height":600,"caption":"Bicycle shop"},{"@type":"BreadcrumbList","@id":"https:\/\/www.welovecycling.com\/hu\/kozosseg-es-kultura\/ezek-a-legfontosabb-kerdesek-amiket-fel-kell-tenned-biciklivasarlaskor\/#breadcrumb","itemListElement":[{"@type":"ListItem","position":1,"name":"Home","item":"https:\/\/www.welovecycling.com\/hu\/"},{"@type":"ListItem","position":2,"name":"Ezek a legfontosabb k\u00e9rd\u00e9sek, amiket fel kell tenned bicikliv\u00e1s\u00e1rl\u00e1skor"}]},{"@type":"WebSite","@id":"https:\/\/www.welovecycling.com\/hu\/#website","url":"https:\/\/www.welovecycling.com\/hu\/","name":"\u0160koda We Love Cycling - Magyarorsz\u00e1g","description":"\u0160koda WeLoveCycling","potentialAction":[{"@type":"SearchAction","target":{"@type":"EntryPoint","urlTemplate":"https:\/\/www.welovecycling.com\/hu\/?s={search_term_string}"},"query-input":{"@type":"PropertyValueSpecification","valueRequired":true,"valueName":"search_term_string"}}],"inLanguage":"hu"},{"@type":"Person","@id":"https:\/\/www.welovecycling.com\/hu\/#\/schema\/person\/414a2aebf1801691a5320edb6468e194","name":"hegyizs","image":{"@type":"ImageObject","inLanguage":"hu","@id":"https:\/\/www.welovecycling.com\/hu\/#\/schema\/person\/image\/","url":"https:\/\/secure.gravatar.com\/avatar\/02cf8a7906b8cf90cecb4679defac7cfd33a1c2e3b88e4903d947f3bb58eedd3?s=96&d=mm&r=g","contentUrl":"https:\/\/secure.gravatar.com\/avatar\/02cf8a7906b8cf90cecb4679defac7cfd33a1c2e3b88e4903d947f3bb58eedd3?s=96&d=mm&r=g","caption":"hegyizs"},"url":"https:\/\/www.welovecycling.com\/hu\/author\/hegyizs\/"}]}},"_links":{"self":[{"href":"https:\/\/www.welovecycling.com\/hu\/wp-json\/wp\/v2\/posts\/8721","targetHints":{"allow":["GET"]}}],"collection":[{"href":"https:\/\/www.welovecycling.com\/hu\/wp-json\/wp\/v2\/posts"}],"about":[{"href":"https:\/\/www.welovecycling.com\/hu\/wp-json\/wp\/v2\/types\/post"}],"author":[{"embeddable":true,"href":"https:\/\/www.welovecycling.com\/hu\/wp-json\/wp\/v2\/users\/71"}],"replies":[{"embeddable":true,"href":"https:\/\/www.welovecycling.com\/hu\/wp-json\/wp\/v2\/comments?post=8721"}],"version-history":[{"count":2,"href":"https:\/\/www.welovecycling.com\/hu\/wp-json\/wp\/v2\/posts\/8721\/revisions"}],"predecessor-version":[{"id":8749,"href":"https:\/\/www.welovecycling.com\/hu\/wp-json\/wp\/v2\/posts\/8721\/revisions\/8749"}],"wp:featuredmedia":[{"embeddable":true,"href":"https:\/\/www.welovecycling.com\/hu\/wp-json\/wp\/v2\/media\/8726"}],"wp:attachment":[{"href":"https:\/\/www.welovecycling.com\/hu\/wp-json\/wp\/v2\/media?parent=8721"}],"wp:term":[{"taxonomy":"category","embeddable":true,"href":"https:\/\/www.welovecycling.com\/hu\/wp-json\/wp\/v2\/categories?post=8721"},{"taxonomy":"post_tag","embeddable":true,"href":"https:\/\/www.welovecycling.com\/hu\/wp-json\/wp\/v2\/tags?post=8721"},{"taxonomy":"global-categories","embeddable":true,"href":"https:\/\/www.welovecycling.com\/hu\/wp-json\/wp\/v2\/global-categories?post=8721"}],"curies":[{"name":"wp","href":"https:\/\/api.w.org\/{rel}","templated":true}]}}