{"id":8716,"date":"2020-10-11T08:00:12","date_gmt":"2020-10-11T07:00:12","guid":{"rendered":"https:\/\/www.welovecycling.com\/hu\/?p=8716"},"modified":"2020-10-02T19:33:58","modified_gmt":"2020-10-02T18:33:58","slug":"seruleshez-vezethet-a-tul-sok-stressz","status":"publish","type":"post","link":"https:\/\/www.welovecycling.com\/hu\/edzes-es-eletmod\/seruleshez-vezethet-a-tul-sok-stressz\/","title":{"rendered":"S\u00e9r\u00fcl\u00e9shez vezethet a t\u00fal sok stressz"},"content":{"rendered":"<p><strong>Az alacsony \u00e1sv\u00e1nyi csonts\u0171r\u0171s\u00e9g (BMD \u2013 bone mineral density) \u00e9s a f\u00e1rad\u00e1sos csontt\u00f6r\u00e9s k\u00f6z\u00f6tti kapcsolat megk\u00e9rd\u0151jelezhetetlen. B\u00e1r vannak olyan m\u00f3dszerek, melyek seg\u00edtenek megel\u0151zni a stresszt\u00f6r\u00e9st \u2013 ilyen p\u00e9ld\u00e1ul a fut\u00e1s \u00e9s a bicikliz\u00e9s is \u2013 egy \u00faj kutat\u00e1s szerint a legfontosabb a minket \u00e9r\u0151 stressz kezel\u00e9se. N\u00e9zz\u00fck, hogyan cs\u00f6kkentheted a fesz\u00fclts\u00e9get \u00e9s jav\u00edthatod csontjaid eg\u00e9szs\u00e9g\u00e9t!<\/strong><!--more--><\/p>\n<p>A Journal of Clinical Investigation foly\u00f3iratban megjelent tanulm\u00e1nyban a kutat\u00f3k az izol\u00e1ci\u00f3 okozta stressz \u00e9s a noradrenalin &#8211; neurotranszmitter \u00e9s hormon, mely a stresszkezel\u00e9s\u00e9rt felel\u0151s &#8211; k\u00f6z\u00f6tti \u00f6sszef\u00fcgg\u00e9st vizsg\u00e1lt\u00e1k. Ha a noradrenalin szintje huzamosabb ideig magas, ennek k\u00f6vetkezm\u00e9nyek\u00e9nt cs\u00f6kken az osztaog\u00e9n markerek\u00e9, melyek a csontsz\u00f6vet fejl\u0151d\u00e9s\u00e9\u00e9rt, t\u00f6bbek k\u00f6z\u00f6tt a kollag\u00e9n be\u00e9p\u00fcl\u00e9s\u00e9\u00e9rt felelnek.<\/p>\n<figure id=\"attachment_8718\" aria-describedby=\"caption-attachment-8718\" style=\"width: 605px\" class=\"wp-caption aligncenter\"><img loading=\"lazy\" decoding=\"async\" class=\"size-full wp-image-8718\" src=\"https:\/\/d2p6e6u75xmxt8.cloudfront.net\/12\/2020\/10\/wlc_10002.jpg\" alt=\"\" width=\"605\" height=\"662\" srcset=\"https:\/\/d2p6e6u75xmxt8.cloudfront.net\/12\/2020\/10\/wlc_10002.jpg 605w, https:\/\/d2p6e6u75xmxt8.cloudfront.net\/12\/2020\/10\/wlc_10002-274x300.jpg 274w\" sizes=\"auto, (max-width: 605px) 100vw, 605px\" \/><figcaption id=\"caption-attachment-8718\" class=\"wp-caption-text\">A csontok eg\u00e9szs\u00e9g\u00e9\u00e9rt nagyban felel\u0151s az \u00e9letm\u00f3dunk. Fot\u00f3: Pexels.com<\/figcaption><\/figure>\n<p>Megvizsg\u00e1lva azoknak az \u0171rhaj\u00f3soknak az adatait, akik sok id\u0151t t\u00f6lt\u00f6ttek elszigetelve, a kutat\u00f3k meg\u00e1llap\u00edtott\u00e1k, hogy a szorong\u00e1s fokoz\u00f3d\u00e1s\u00e1val a csonts\u0171r\u0171s\u00e9g cs\u00f6kkenni kezd. A mindennapi \u00e9letre vonatkoztatva ez azt jelenti, hogy a negat\u00edv stressz felold\u00e1sa er\u0151sebb csontokhoz vezet \u2013 persze minden m\u00e1s el\u0151nye mellett, mint amilyen az \u00e9rzelmi j\u00f3l\u00e9t, a jobb sz\u00edv-\u00e9s \u00e9rrendszeri funkci\u00f3k, vagy az er\u0151sebb immunit\u00e1s.<\/p>\n<p>Rengeteg m\u00f3dszer l\u00e9tezik a stresszszint cs\u00f6kkent\u00e9s\u00e9re, de a tanulm\u00e1ny szerint a legjobb az, ha el\u0151sz\u00f6r <a href=\"https:\/\/www.welovecycling.com\/hu\/edzes-es-eletmod\/sportolj-hogy-jol-aludhass\/\">az alv\u00e1s min\u0151s\u00e9g\u00e9re \u00f6sszpontos\u00edtunk<\/a>. A noradrenalin ugyanis jelent\u0151s szerepet j\u00e1tszik az alv\u00e1s-\u00e9brenl\u00e9t ciklusban, \u00edgy a t\u00f6bb alv\u00e1s seg\u00edthet a hormon szab\u00e1lyoz\u00e1s\u00e1ban, ahogy a kortizol \u00e9s a melatonin szinten tart\u00e1s\u00e1ban is. Ezek mind arra j\u00f3k, hogy talpon maradj! (A Mayo Klinika szerint a feln\u0151tteknek \u00e9jszak\u00e1nk\u00e9nt h\u00e9t-kilenc \u00f3r\u00e1t kell aludniuk.)<\/p>\n<figure id=\"attachment_8719\" aria-describedby=\"caption-attachment-8719\" style=\"width: 1024px\" class=\"wp-caption aligncenter\"><img loading=\"lazy\" decoding=\"async\" class=\"size-large wp-image-8719\" src=\"https:\/\/d2p6e6u75xmxt8.cloudfront.net\/12\/2020\/10\/wlc_10003-1024x637.jpg\" alt=\"\" width=\"1024\" height=\"637\" srcset=\"https:\/\/d2p6e6u75xmxt8.cloudfront.net\/12\/2020\/10\/wlc_10003-1024x637.jpg 1024w, https:\/\/d2p6e6u75xmxt8.cloudfront.net\/12\/2020\/10\/wlc_10003-300x187.jpg 300w, https:\/\/d2p6e6u75xmxt8.cloudfront.net\/12\/2020\/10\/wlc_10003-768x478.jpg 768w, https:\/\/d2p6e6u75xmxt8.cloudfront.net\/12\/2020\/10\/wlc_10003.jpg 1095w\" sizes=\"auto, (max-width: 1024px) 100vw, 1024px\" \/><figcaption id=\"caption-attachment-8719\" class=\"wp-caption-text\">Te alszol eleget? Fot\u00f3: Pexels.com<\/figcaption><\/figure>\n<p><em>\u201eHa hallgatunk bels\u0151 \u00f3r\u00e1nkra, az nagyon sokat seg\u00edt abban, hogy kipihenj\u00fck magunkat<\/em>\u201d \u2013 magyar\u00e1zta Madelyn Rosenthal, az Ohio \u00c1llami Egyetem Wexner Orvosi K\u00f6zpontj\u00e1nak alv\u00e1sgy\u00f3gy\u00e1szati szak\u00e9rt\u0151je a Runner&#8217;s World magazinnak. <em>&#8220;A j\u00f3 alv\u00e1s pedig hat\u00e1ssal lehet az em\u00e9szt\u00e9sre, a hangulatra, az \u00e1ll\u00f3k\u00e9pess\u00e9gre \u00e9s sok m\u00e1s t\u00e9nyez\u0151kre.&#8221;<\/em><\/p>\n<p>Innent\u0151l pedig m\u00e1r a pillang\u00f3-hat\u00e1s \u00e9rv\u00e9nyes\u00fcl. A ker\u00e9kp\u00e1roz\u00e1s p\u00e9ld\u00e1ul bizony\u00edtottan oldja a stresszt, \u00e9s el\u0151seg\u00edti a megfelel\u0151 b\u00e9lm\u0171k\u00f6d\u00e9st. Egy kiad\u00f3s testmozg\u00e1s ut\u00e1n pedig jobban alszunk. Kialakul egy nem is annyira \u00f6rd\u00f6gi k\u00f6r, aminek r\u00e9sze a csontok meger\u0151s\u00f6d\u00e9se is.<\/p>\n<p><em>Forr\u00e1s: <\/em><a href=\"https:\/\/www.runnersworld.com\/news\/a34144147\/how-chronic-stress-can-lead-to-injury\/\"><em>runnersworld.com<\/em><\/a><\/p>\n","protected":false},"excerpt":{"rendered":"<p>Az alacsony \u00e1sv\u00e1nyi csonts\u0171r\u0171s\u00e9g (BMD \u2013 bone mineral density) \u00e9s a f\u00e1rad\u00e1sos csontt\u00f6r\u00e9s k\u00f6z\u00f6tti kapcsolat megk\u00e9rd\u0151jelezhetetlen. B\u00e1r vannak olyan m\u00f3dszerek, [&hellip;]<\/p>\n","protected":false},"author":71,"featured_media":8717,"comment_status":"open","ping_status":"open","sticky":false,"template":"","format":"standard","meta":{"footnotes":""},"categories":[6],"tags":[],"global-categories":[],"class_list":["post-8716","post","type-post","status-publish","format-standard","has-post-thumbnail","hentry","category-edzes-es-eletmod"],"yoast_head":"<!-- This site is optimized with the Yoast SEO Premium plugin v25.3 (Yoast SEO v25.9) - https:\/\/yoast.com\/wordpress\/plugins\/seo\/ -->\n<title>S\u00e9r\u00fcl\u00e9shez vezethet a t\u00fal sok stressz - \u0160koda We Love Cycling - Magyarorsz\u00e1g<\/title>\n<meta name=\"description\" content=\"Az alacsony \u00e1sv\u00e1nyi csonts\u0171r\u0171s\u00e9g (BMD \u2013 bone mineral density) \u00e9s a f\u00e1rad\u00e1sos csontt\u00f6r\u00e9s k\u00f6z\u00f6tti kapcsolat megk\u00e9rd\u0151jelezhetetlen.\" \/>\n<meta name=\"robots\" content=\"index, follow, max-snippet:-1, max-image-preview:large, max-video-preview:-1\" \/>\n<link rel=\"canonical\" href=\"https:\/\/www.welovecycling.com\/hu\/edzes-es-eletmod\/seruleshez-vezethet-a-tul-sok-stressz\/\" \/>\n<meta property=\"og:locale\" content=\"hu_HU\" \/>\n<meta property=\"og:type\" content=\"article\" \/>\n<meta property=\"og:title\" content=\"S\u00e9r\u00fcl\u00e9shez vezethet a t\u00fal sok stressz\" \/>\n<meta property=\"og:description\" content=\"Az alacsony \u00e1sv\u00e1nyi csonts\u0171r\u0171s\u00e9g (BMD \u2013 bone mineral density) \u00e9s a f\u00e1rad\u00e1sos csontt\u00f6r\u00e9s k\u00f6z\u00f6tti kapcsolat megk\u00e9rd\u0151jelezhetetlen. B\u00e1r vannak olyan m\u00f3dszerek, melyek seg\u00edtenek megel\u0151zni a stresszt\u00f6r\u00e9st \u2013 ilyen p\u00e9ld\u00e1ul a fut\u00e1s \u00e9s a bicikliz\u00e9s is \u2013 egy \u00faj kutat\u00e1s szerint a legfontosabb a minket \u00e9r\u0151 stressz kezel\u00e9se. N\u00e9zz\u00fck, hogyan cs\u00f6kkentheted a fesz\u00fclts\u00e9get \u00e9s jav\u00edthatod csontjaid eg\u00e9szs\u00e9g\u00e9t!\" \/>\n<meta property=\"og:url\" content=\"https:\/\/www.welovecycling.com\/hu\/edzes-es-eletmod\/seruleshez-vezethet-a-tul-sok-stressz\/\" \/>\n<meta property=\"og:site_name\" content=\"\u0160koda We Love Cycling - Magyarorsz\u00e1g\" \/>\n<meta property=\"article:publisher\" content=\"https:\/\/www.facebook.com\/WeLoveCyclingHungary\/\" \/>\n<meta property=\"article:published_time\" content=\"2020-10-11T07:00:12+00:00\" \/>\n<meta property=\"og:image\" content=\"https:\/\/d2p6e6u75xmxt8.cloudfront.net\/12\/2020\/10\/wlc_10001.jpg\" \/>\n\t<meta property=\"og:image:width\" content=\"1172\" \/>\n\t<meta property=\"og:image:height\" content=\"612\" \/>\n\t<meta property=\"og:image:type\" content=\"image\/jpeg\" \/>\n<meta name=\"author\" content=\"hegyizs\" \/>\n<meta name=\"twitter:card\" content=\"summary_large_image\" \/>\n<meta name=\"twitter:label1\" content=\"Written by\" \/>\n\t<meta name=\"twitter:data1\" content=\"WLC\" \/>\n\t<meta name=\"twitter:label2\" content=\"Est. reading time\" \/>\n\t<meta name=\"twitter:data2\" content=\"3 minutes\" \/>\n<script type=\"application\/ld+json\" class=\"yoast-schema-graph\">{\"@context\":\"https:\/\/schema.org\",\"@graph\":[{\"@type\":\"WebPage\",\"@id\":\"https:\/\/www.welovecycling.com\/hu\/edzes-es-eletmod\/seruleshez-vezethet-a-tul-sok-stressz\/\",\"url\":\"https:\/\/www.welovecycling.com\/hu\/edzes-es-eletmod\/seruleshez-vezethet-a-tul-sok-stressz\/\",\"name\":\"S\u00e9r\u00fcl\u00e9shez vezethet a t\u00fal sok stressz - \u0160koda We Love Cycling - Magyarorsz\u00e1g\",\"isPartOf\":{\"@id\":\"https:\/\/www.welovecycling.com\/hu\/#website\"},\"primaryImageOfPage\":{\"@id\":\"https:\/\/www.welovecycling.com\/hu\/edzes-es-eletmod\/seruleshez-vezethet-a-tul-sok-stressz\/#primaryimage\"},\"image\":{\"@id\":\"https:\/\/www.welovecycling.com\/hu\/edzes-es-eletmod\/seruleshez-vezethet-a-tul-sok-stressz\/#primaryimage\"},\"thumbnailUrl\":\"https:\/\/d2p6e6u75xmxt8.cloudfront.net\/12\/2020\/10\/wlc_10001.jpg\",\"datePublished\":\"2020-10-11T07:00:12+00:00\",\"author\":{\"@id\":\"https:\/\/www.welovecycling.com\/hu\/#\/schema\/person\/414a2aebf1801691a5320edb6468e194\"},\"description\":\"Az alacsony \u00e1sv\u00e1nyi csonts\u0171r\u0171s\u00e9g (BMD \u2013 bone mineral density) \u00e9s a f\u00e1rad\u00e1sos csontt\u00f6r\u00e9s k\u00f6z\u00f6tti kapcsolat megk\u00e9rd\u0151jelezhetetlen.\",\"breadcrumb\":{\"@id\":\"https:\/\/www.welovecycling.com\/hu\/edzes-es-eletmod\/seruleshez-vezethet-a-tul-sok-stressz\/#breadcrumb\"},\"inLanguage\":\"hu\",\"potentialAction\":[{\"@type\":\"ReadAction\",\"target\":[\"https:\/\/www.welovecycling.com\/hu\/edzes-es-eletmod\/seruleshez-vezethet-a-tul-sok-stressz\/\"]}]},{\"@type\":\"ImageObject\",\"inLanguage\":\"hu\",\"@id\":\"https:\/\/www.welovecycling.com\/hu\/edzes-es-eletmod\/seruleshez-vezethet-a-tul-sok-stressz\/#primaryimage\",\"url\":\"https:\/\/d2p6e6u75xmxt8.cloudfront.net\/12\/2020\/10\/wlc_10001.jpg\",\"contentUrl\":\"https:\/\/d2p6e6u75xmxt8.cloudfront.net\/12\/2020\/10\/wlc_10001.jpg\",\"width\":1172,\"height\":612},{\"@type\":\"BreadcrumbList\",\"@id\":\"https:\/\/www.welovecycling.com\/hu\/edzes-es-eletmod\/seruleshez-vezethet-a-tul-sok-stressz\/#breadcrumb\",\"itemListElement\":[{\"@type\":\"ListItem\",\"position\":1,\"name\":\"Home\",\"item\":\"https:\/\/www.welovecycling.com\/hu\/\"},{\"@type\":\"ListItem\",\"position\":2,\"name\":\"S\u00e9r\u00fcl\u00e9shez vezethet a t\u00fal sok stressz\"}]},{\"@type\":\"WebSite\",\"@id\":\"https:\/\/www.welovecycling.com\/hu\/#website\",\"url\":\"https:\/\/www.welovecycling.com\/hu\/\",\"name\":\"\u0160koda We Love Cycling - Magyarorsz\u00e1g\",\"description\":\"\u0160koda WeLoveCycling\",\"potentialAction\":[{\"@type\":\"SearchAction\",\"target\":{\"@type\":\"EntryPoint\",\"urlTemplate\":\"https:\/\/www.welovecycling.com\/hu\/?s={search_term_string}\"},\"query-input\":{\"@type\":\"PropertyValueSpecification\",\"valueRequired\":true,\"valueName\":\"search_term_string\"}}],\"inLanguage\":\"hu\"},{\"@type\":\"Person\",\"@id\":\"https:\/\/www.welovecycling.com\/hu\/#\/schema\/person\/414a2aebf1801691a5320edb6468e194\",\"name\":\"hegyizs\",\"image\":{\"@type\":\"ImageObject\",\"inLanguage\":\"hu\",\"@id\":\"https:\/\/www.welovecycling.com\/hu\/#\/schema\/person\/image\/\",\"url\":\"https:\/\/secure.gravatar.com\/avatar\/02cf8a7906b8cf90cecb4679defac7cfd33a1c2e3b88e4903d947f3bb58eedd3?s=96&d=mm&r=g\",\"contentUrl\":\"https:\/\/secure.gravatar.com\/avatar\/02cf8a7906b8cf90cecb4679defac7cfd33a1c2e3b88e4903d947f3bb58eedd3?s=96&d=mm&r=g\",\"caption\":\"hegyizs\"},\"url\":\"https:\/\/www.welovecycling.com\/hu\/author\/hegyizs\/\"}]}<\/script>\n<!-- \/ Yoast SEO Premium plugin. -->","yoast_head_json":{"title":"S\u00e9r\u00fcl\u00e9shez vezethet a t\u00fal sok stressz - \u0160koda We Love Cycling - Magyarorsz\u00e1g","description":"Az alacsony \u00e1sv\u00e1nyi csonts\u0171r\u0171s\u00e9g (BMD \u2013 bone mineral density) \u00e9s a f\u00e1rad\u00e1sos csontt\u00f6r\u00e9s k\u00f6z\u00f6tti kapcsolat megk\u00e9rd\u0151jelezhetetlen.","robots":{"index":"index","follow":"follow","max-snippet":"max-snippet:-1","max-image-preview":"max-image-preview:large","max-video-preview":"max-video-preview:-1"},"canonical":"https:\/\/www.welovecycling.com\/hu\/edzes-es-eletmod\/seruleshez-vezethet-a-tul-sok-stressz\/","og_locale":"hu_HU","og_type":"article","og_title":"S\u00e9r\u00fcl\u00e9shez vezethet a t\u00fal sok stressz","og_description":"Az alacsony \u00e1sv\u00e1nyi csonts\u0171r\u0171s\u00e9g (BMD \u2013 bone mineral density) \u00e9s a f\u00e1rad\u00e1sos csontt\u00f6r\u00e9s k\u00f6z\u00f6tti kapcsolat megk\u00e9rd\u0151jelezhetetlen. B\u00e1r vannak olyan m\u00f3dszerek, melyek seg\u00edtenek megel\u0151zni a stresszt\u00f6r\u00e9st \u2013 ilyen p\u00e9ld\u00e1ul a fut\u00e1s \u00e9s a bicikliz\u00e9s is \u2013 egy \u00faj kutat\u00e1s szerint a legfontosabb a minket \u00e9r\u0151 stressz kezel\u00e9se. N\u00e9zz\u00fck, hogyan cs\u00f6kkentheted a fesz\u00fclts\u00e9get \u00e9s jav\u00edthatod csontjaid eg\u00e9szs\u00e9g\u00e9t!","og_url":"https:\/\/www.welovecycling.com\/hu\/edzes-es-eletmod\/seruleshez-vezethet-a-tul-sok-stressz\/","og_site_name":"\u0160koda We Love Cycling - Magyarorsz\u00e1g","article_publisher":"https:\/\/www.facebook.com\/WeLoveCyclingHungary\/","article_published_time":"2020-10-11T07:00:12+00:00","og_image":[{"width":1172,"height":612,"url":"https:\/\/d2p6e6u75xmxt8.cloudfront.net\/12\/2020\/10\/wlc_10001.jpg","type":"image\/jpeg"}],"author":"hegyizs","twitter_card":"summary_large_image","twitter_misc":{"Written by":"WLC","Est. reading time":"3 minutes"},"schema":{"@context":"https:\/\/schema.org","@graph":[{"@type":"WebPage","@id":"https:\/\/www.welovecycling.com\/hu\/edzes-es-eletmod\/seruleshez-vezethet-a-tul-sok-stressz\/","url":"https:\/\/www.welovecycling.com\/hu\/edzes-es-eletmod\/seruleshez-vezethet-a-tul-sok-stressz\/","name":"S\u00e9r\u00fcl\u00e9shez vezethet a t\u00fal sok stressz - \u0160koda We Love Cycling - Magyarorsz\u00e1g","isPartOf":{"@id":"https:\/\/www.welovecycling.com\/hu\/#website"},"primaryImageOfPage":{"@id":"https:\/\/www.welovecycling.com\/hu\/edzes-es-eletmod\/seruleshez-vezethet-a-tul-sok-stressz\/#primaryimage"},"image":{"@id":"https:\/\/www.welovecycling.com\/hu\/edzes-es-eletmod\/seruleshez-vezethet-a-tul-sok-stressz\/#primaryimage"},"thumbnailUrl":"https:\/\/d2p6e6u75xmxt8.cloudfront.net\/12\/2020\/10\/wlc_10001.jpg","datePublished":"2020-10-11T07:00:12+00:00","author":{"@id":"https:\/\/www.welovecycling.com\/hu\/#\/schema\/person\/414a2aebf1801691a5320edb6468e194"},"description":"Az alacsony \u00e1sv\u00e1nyi csonts\u0171r\u0171s\u00e9g (BMD \u2013 bone mineral density) \u00e9s a f\u00e1rad\u00e1sos csontt\u00f6r\u00e9s k\u00f6z\u00f6tti kapcsolat megk\u00e9rd\u0151jelezhetetlen.","breadcrumb":{"@id":"https:\/\/www.welovecycling.com\/hu\/edzes-es-eletmod\/seruleshez-vezethet-a-tul-sok-stressz\/#breadcrumb"},"inLanguage":"hu","potentialAction":[{"@type":"ReadAction","target":["https:\/\/www.welovecycling.com\/hu\/edzes-es-eletmod\/seruleshez-vezethet-a-tul-sok-stressz\/"]}]},{"@type":"ImageObject","inLanguage":"hu","@id":"https:\/\/www.welovecycling.com\/hu\/edzes-es-eletmod\/seruleshez-vezethet-a-tul-sok-stressz\/#primaryimage","url":"https:\/\/d2p6e6u75xmxt8.cloudfront.net\/12\/2020\/10\/wlc_10001.jpg","contentUrl":"https:\/\/d2p6e6u75xmxt8.cloudfront.net\/12\/2020\/10\/wlc_10001.jpg","width":1172,"height":612},{"@type":"BreadcrumbList","@id":"https:\/\/www.welovecycling.com\/hu\/edzes-es-eletmod\/seruleshez-vezethet-a-tul-sok-stressz\/#breadcrumb","itemListElement":[{"@type":"ListItem","position":1,"name":"Home","item":"https:\/\/www.welovecycling.com\/hu\/"},{"@type":"ListItem","position":2,"name":"S\u00e9r\u00fcl\u00e9shez vezethet a t\u00fal sok stressz"}]},{"@type":"WebSite","@id":"https:\/\/www.welovecycling.com\/hu\/#website","url":"https:\/\/www.welovecycling.com\/hu\/","name":"\u0160koda We Love Cycling - Magyarorsz\u00e1g","description":"\u0160koda WeLoveCycling","potentialAction":[{"@type":"SearchAction","target":{"@type":"EntryPoint","urlTemplate":"https:\/\/www.welovecycling.com\/hu\/?s={search_term_string}"},"query-input":{"@type":"PropertyValueSpecification","valueRequired":true,"valueName":"search_term_string"}}],"inLanguage":"hu"},{"@type":"Person","@id":"https:\/\/www.welovecycling.com\/hu\/#\/schema\/person\/414a2aebf1801691a5320edb6468e194","name":"hegyizs","image":{"@type":"ImageObject","inLanguage":"hu","@id":"https:\/\/www.welovecycling.com\/hu\/#\/schema\/person\/image\/","url":"https:\/\/secure.gravatar.com\/avatar\/02cf8a7906b8cf90cecb4679defac7cfd33a1c2e3b88e4903d947f3bb58eedd3?s=96&d=mm&r=g","contentUrl":"https:\/\/secure.gravatar.com\/avatar\/02cf8a7906b8cf90cecb4679defac7cfd33a1c2e3b88e4903d947f3bb58eedd3?s=96&d=mm&r=g","caption":"hegyizs"},"url":"https:\/\/www.welovecycling.com\/hu\/author\/hegyizs\/"}]}},"_links":{"self":[{"href":"https:\/\/www.welovecycling.com\/hu\/wp-json\/wp\/v2\/posts\/8716","targetHints":{"allow":["GET"]}}],"collection":[{"href":"https:\/\/www.welovecycling.com\/hu\/wp-json\/wp\/v2\/posts"}],"about":[{"href":"https:\/\/www.welovecycling.com\/hu\/wp-json\/wp\/v2\/types\/post"}],"author":[{"embeddable":true,"href":"https:\/\/www.welovecycling.com\/hu\/wp-json\/wp\/v2\/users\/71"}],"replies":[{"embeddable":true,"href":"https:\/\/www.welovecycling.com\/hu\/wp-json\/wp\/v2\/comments?post=8716"}],"version-history":[{"count":1,"href":"https:\/\/www.welovecycling.com\/hu\/wp-json\/wp\/v2\/posts\/8716\/revisions"}],"predecessor-version":[{"id":8720,"href":"https:\/\/www.welovecycling.com\/hu\/wp-json\/wp\/v2\/posts\/8716\/revisions\/8720"}],"wp:featuredmedia":[{"embeddable":true,"href":"https:\/\/www.welovecycling.com\/hu\/wp-json\/wp\/v2\/media\/8717"}],"wp:attachment":[{"href":"https:\/\/www.welovecycling.com\/hu\/wp-json\/wp\/v2\/media?parent=8716"}],"wp:term":[{"taxonomy":"category","embeddable":true,"href":"https:\/\/www.welovecycling.com\/hu\/wp-json\/wp\/v2\/categories?post=8716"},{"taxonomy":"post_tag","embeddable":true,"href":"https:\/\/www.welovecycling.com\/hu\/wp-json\/wp\/v2\/tags?post=8716"},{"taxonomy":"global-categories","embeddable":true,"href":"https:\/\/www.welovecycling.com\/hu\/wp-json\/wp\/v2\/global-categories?post=8716"}],"curies":[{"name":"wp","href":"https:\/\/api.w.org\/{rel}","templated":true}]}}