{"id":8712,"date":"2020-10-10T08:00:02","date_gmt":"2020-10-10T07:00:02","guid":{"rendered":"https:\/\/www.welovecycling.com\/hu\/?p=8712"},"modified":"2020-10-02T19:33:30","modified_gmt":"2020-10-02T18:33:30","slug":"a-kedvesseg-egeszsegesse-tesz","status":"publish","type":"post","link":"https:\/\/www.welovecycling.com\/hu\/kozosseg-es-kultura\/a-kedvesseg-egeszsegesse-tesz\/","title":{"rendered":"A kedvess\u00e9g eg\u00e9szs\u00e9gess\u00e9 tesz"},"content":{"rendered":"<p><strong>Rengeteg, az \u00e9rzelmi j\u00f3ll\u00e9t \u00e9s a fizikai eg\u00e9szs\u00e9g k\u00f6zti kapcsolatot keres\u0151 kutat\u00e1s aj\u00e1nlja ugyanazt: mozogj rendszeresen, t\u00e1pl\u00e1lkozz megfelel\u0151en, legyenek c\u00e9ljaid \u00e9s l\u00e9gy kedves m\u00e1sokkal. Egy \u00faj tanulm\u00e1ny szerint azonban ez ut\u00f3bbi kicsit bonyolultabb, mint amilyennek l\u00e1tszik.<\/strong><!--more--><\/p>\n<p>A Psychological Bulletin szakmai lapban megjelent anal\u00edzis 201 olyan tanulm\u00e1nyt vizsg\u00e1lt, mely az \u00fan. \u201eproszoci\u00e1lis\u201d viselked\u00e9sm\u00f3d eg\u00e9szs\u00e9gre val\u00f3 hat\u00e1s\u00e1r\u00f3l sz\u00f3lt \u2013 olyan jellemz\u0151ket \u00f6lel fel ez a magatart\u00e1st\u00edpus, mint p\u00e9ld\u00e1ul az egy\u00fcttm\u0171k\u00f6d\u0151, egy\u00fctt\u00e9rz\u0151, megb\u00edzhat\u00f3 \u00e9s \u00f6nzetlen.<\/p>\n<p>A vezet\u0151 szerz\u0151, Bryant Hui, a Hongkongi Egyetem kutat\u00e1si adjunktusa szerint a proszoci\u00e1lis magatart\u00e1snak jelent\u0151s hat\u00e1sa lehet t\u00e1rsadalmi szinten, hiszen sok embert \u00e9rinthet. P\u00e9ld\u00e1ul az \u00f6nk\u00e9ntess\u00e9g id\u0151vel jelent\u0151s v\u00e1ltoz\u00e1sokat \u00e9rhet el.<\/p>\n<p>Emellett egy\u00e9ni szinten sem elhanyagolhat\u00f3 a hat\u00e1s: a proszoci\u00e1lis viselked\u00e9s \u00e9s a testi eg\u00e9szs\u00e9g, illetve a pszichol\u00f3giai funkci\u00f3k m\u0171k\u00f6d\u00e9se k\u00f6z\u00f6tt nem csek\u00e9ly kapcsolat \u00e1ll fenn. <em>\u201eNem egy vil\u00e1grenget\u0151 felfedez\u00e9s ez, m\u00e9gis nagyon fontos\u201d <\/em>\u2013 nyilatkozta a kutat\u00f3 a Runner\u2019s World magazinnak.<\/p>\n<figure id=\"attachment_8714\" aria-describedby=\"caption-attachment-8714\" style=\"width: 1024px\" class=\"wp-caption aligncenter\"><img loading=\"lazy\" decoding=\"async\" class=\"wp-image-8714 size-large\" src=\"https:\/\/d2p6e6u75xmxt8.cloudfront.net\/12\/2020\/10\/wlc_1002-1024x635.jpg\" alt=\"\" width=\"1024\" height=\"635\" srcset=\"https:\/\/d2p6e6u75xmxt8.cloudfront.net\/12\/2020\/10\/wlc_1002-1024x635.jpg 1024w, https:\/\/d2p6e6u75xmxt8.cloudfront.net\/12\/2020\/10\/wlc_1002-300x186.jpg 300w, https:\/\/d2p6e6u75xmxt8.cloudfront.net\/12\/2020\/10\/wlc_1002-768x476.jpg 768w, https:\/\/d2p6e6u75xmxt8.cloudfront.net\/12\/2020\/10\/wlc_1002.jpg 1089w\" sizes=\"auto, (max-width: 1024px) 100vw, 1024px\" \/><figcaption id=\"caption-attachment-8714\" class=\"wp-caption-text\">@pexels.com<\/figcaption><\/figure>\n<p>Kider\u00fclt, hogy bizonyos viselked\u00e9st\u00edpusok jobbat tesznek saj\u00e1t eg\u00e9szs\u00e9g\u00fcnknek, mint m\u00e1sok. A v\u00e9letlenszer\u0171, nem tervezett j\u00f3indulat\u00fa cselekedetek &#8211; p\u00e9ld\u00e1ul egy id\u0151s szomsz\u00e9dnak seg\u00edteni vinni a bev\u00e1s\u00e1rl\u00f3szatyrokat, vagy megh\u00edvni egy bar\u00e1tunkat k\u00e1v\u00e9ra &#8211; \u00e1ltal\u00e1ban er\u0151sebben kapcsol\u00f3dnak a jobb \u00e1ltal\u00e1nos k\u00f6z\u00e9rzethez, mint az \u00fctemezett, tervezett tev\u00e9kenys\u00e9gek, p\u00e9ld\u00e1ul az \u00f6nk\u00e9ntess\u00e9g.<\/p>\n<p><em>\u201eEnnek egyik oka lehet az a t\u00e1rsadalmi kapcsolat, mely a spont\u00e1n kedves cselekedetek sor\u00e1n j\u00f6n l\u00e9tre\u201d<\/em> \u2013 magyar\u00e1zta Hui. \u201e<em>Az inform\u00e1lis adom\u00e1nyoz\u00e1st \u00e9s \u00f6nzetlens\u00e9get ink\u00e1bb \u00e9rezz\u00fck aj\u00e1nd\u00e9knak, mintsem k\u00f6teless\u00e9gnek.\u201d<\/em><\/p>\n<p>A kedvess\u00e9g fizikai j\u00f3l\u00e9tre val\u00f3 hat\u00e1sa koroszt\u00e1lyonk\u00e9nt v\u00e1ltozik: a fiatalabb r\u00e9sztvev\u0151k sokszor csak egy \u00e9rzelmi fell\u00e1ngol\u00e1st \u00e9reztek, az id\u0151sebbek viszont tart\u00f3s eg\u00e9sz\u00e9g\u00fcgyi hat\u00e1sr\u00f3l sz\u00e1moltak be. Emellett a n\u0151k eset\u00e9n er\u0151sebb az \u00f6sszef\u00fcgg\u00e9s, mint a f\u00e9rfiakn\u00e1l.<\/p>\n<p><em>\u201eA proszoci\u00e1lis magatart\u00e1s, szil\u00e1rd meggy\u0151z\u0151d\u00e9s\u00fcnk szerint, az egyetemes er\u00e9ny \u00e9s az emberis\u00e9g kult\u00far\u00e1j\u00e1nak elmaradhatatlan r\u00e9sze\u201d<\/em> \u2013 emelte ki a szakember. R\u00e1ad\u00e1sul az eg\u00e9szs\u00e9gnek is j\u00f3t tesz!<\/p>\n<p><em>Forr\u00e1s: <\/em><a href=\"https:\/\/www.runnersworld.com\/news\/a34030798\/acts-of-kindness-impact-on-health-well-being-study\/\"><em>runnersworld.com<\/em><\/a><\/p>\n","protected":false},"excerpt":{"rendered":"<p>Rengeteg, az \u00e9rzelmi j\u00f3ll\u00e9t \u00e9s a fizikai eg\u00e9szs\u00e9g k\u00f6zti kapcsolatot keres\u0151 kutat\u00e1s aj\u00e1nlja ugyanazt: mozogj rendszeresen, t\u00e1pl\u00e1lkozz megfelel\u0151en, legyenek c\u00e9ljaid [&hellip;]<\/p>\n","protected":false},"author":71,"featured_media":8713,"comment_status":"open","ping_status":"open","sticky":false,"template":"","format":"standard","meta":{"footnotes":""},"categories":[12],"tags":[],"global-categories":[],"class_list":["post-8712","post","type-post","status-publish","format-standard","has-post-thumbnail","hentry","category-kozosseg-es-kultura"],"yoast_head":"<!-- This site is optimized with the Yoast SEO Premium plugin v25.3 (Yoast SEO v25.9) - https:\/\/yoast.com\/wordpress\/plugins\/seo\/ -->\n<title>A kedvess\u00e9g eg\u00e9szs\u00e9gess\u00e9 tesz - \u0160koda We Love Cycling - Magyarorsz\u00e1g<\/title>\n<meta name=\"description\" content=\"Rengeteg, az \u00e9rzelmi j\u00f3ll\u00e9t \u00e9s a fizikai eg\u00e9szs\u00e9g k\u00f6zti kapcsolatot keres\u0151 kutat\u00e1s aj\u00e1nlja ugyanazt: mozogj rendszeresen, t\u00e1pl\u00e1lkozz megfelel\u0151en, legyenek c\u00e9ljaid \u00e9s l\u00e9gy kedves m\u00e1sokkal. Egy \u00faj tanulm\u00e1ny szerint azonban ez ut\u00f3bbi kicsit bonyolultabb, mint amilyennek l\u00e1tszik.\" \/>\n<meta name=\"robots\" content=\"index, follow, max-snippet:-1, max-image-preview:large, max-video-preview:-1\" \/>\n<link rel=\"canonical\" href=\"https:\/\/www.welovecycling.com\/hu\/kozosseg-es-kultura\/a-kedvesseg-egeszsegesse-tesz\/\" \/>\n<meta property=\"og:locale\" content=\"hu_HU\" \/>\n<meta property=\"og:type\" content=\"article\" \/>\n<meta property=\"og:title\" content=\"A kedvess\u00e9g eg\u00e9szs\u00e9gess\u00e9 tesz\" \/>\n<meta property=\"og:description\" content=\"Rengeteg, az \u00e9rzelmi j\u00f3ll\u00e9t \u00e9s a fizikai eg\u00e9szs\u00e9g k\u00f6zti kapcsolatot keres\u0151 kutat\u00e1s aj\u00e1nlja ugyanazt: mozogj rendszeresen, t\u00e1pl\u00e1lkozz megfelel\u0151en, legyenek c\u00e9ljaid \u00e9s l\u00e9gy kedves m\u00e1sokkal. Egy \u00faj tanulm\u00e1ny szerint azonban ez ut\u00f3bbi kicsit bonyolultabb, mint amilyennek l\u00e1tszik.\" \/>\n<meta property=\"og:url\" content=\"https:\/\/www.welovecycling.com\/hu\/kozosseg-es-kultura\/a-kedvesseg-egeszsegesse-tesz\/\" \/>\n<meta property=\"og:site_name\" content=\"\u0160koda We Love Cycling - Magyarorsz\u00e1g\" \/>\n<meta property=\"article:publisher\" content=\"https:\/\/www.facebook.com\/WeLoveCyclingHungary\/\" \/>\n<meta property=\"article:published_time\" content=\"2020-10-10T07:00:02+00:00\" \/>\n<meta property=\"og:image\" content=\"https:\/\/d2p6e6u75xmxt8.cloudfront.net\/12\/2020\/10\/wlc_1001.jpg\" \/>\n\t<meta property=\"og:image:width\" content=\"1035\" \/>\n\t<meta property=\"og:image:height\" content=\"614\" \/>\n\t<meta property=\"og:image:type\" content=\"image\/jpeg\" \/>\n<meta name=\"author\" content=\"hegyizs\" \/>\n<meta name=\"twitter:card\" content=\"summary_large_image\" \/>\n<meta name=\"twitter:label1\" content=\"Written by\" \/>\n\t<meta name=\"twitter:data1\" content=\"WLC\" \/>\n\t<meta name=\"twitter:label2\" content=\"Est. reading time\" \/>\n\t<meta name=\"twitter:data2\" content=\"2 minutes\" \/>\n<script type=\"application\/ld+json\" class=\"yoast-schema-graph\">{\"@context\":\"https:\/\/schema.org\",\"@graph\":[{\"@type\":\"WebPage\",\"@id\":\"https:\/\/www.welovecycling.com\/hu\/kozosseg-es-kultura\/a-kedvesseg-egeszsegesse-tesz\/\",\"url\":\"https:\/\/www.welovecycling.com\/hu\/kozosseg-es-kultura\/a-kedvesseg-egeszsegesse-tesz\/\",\"name\":\"A kedvess\u00e9g eg\u00e9szs\u00e9gess\u00e9 tesz - \u0160koda We Love Cycling - Magyarorsz\u00e1g\",\"isPartOf\":{\"@id\":\"https:\/\/www.welovecycling.com\/hu\/#website\"},\"primaryImageOfPage\":{\"@id\":\"https:\/\/www.welovecycling.com\/hu\/kozosseg-es-kultura\/a-kedvesseg-egeszsegesse-tesz\/#primaryimage\"},\"image\":{\"@id\":\"https:\/\/www.welovecycling.com\/hu\/kozosseg-es-kultura\/a-kedvesseg-egeszsegesse-tesz\/#primaryimage\"},\"thumbnailUrl\":\"https:\/\/d2p6e6u75xmxt8.cloudfront.net\/12\/2020\/10\/wlc_1001.jpg\",\"datePublished\":\"2020-10-10T07:00:02+00:00\",\"author\":{\"@id\":\"https:\/\/www.welovecycling.com\/hu\/#\/schema\/person\/414a2aebf1801691a5320edb6468e194\"},\"description\":\"Rengeteg, az \u00e9rzelmi j\u00f3ll\u00e9t \u00e9s a fizikai eg\u00e9szs\u00e9g k\u00f6zti kapcsolatot keres\u0151 kutat\u00e1s aj\u00e1nlja ugyanazt: mozogj rendszeresen, t\u00e1pl\u00e1lkozz megfelel\u0151en, legyenek c\u00e9ljaid \u00e9s l\u00e9gy kedves m\u00e1sokkal. Egy \u00faj tanulm\u00e1ny szerint azonban ez ut\u00f3bbi kicsit bonyolultabb, mint amilyennek l\u00e1tszik.\",\"breadcrumb\":{\"@id\":\"https:\/\/www.welovecycling.com\/hu\/kozosseg-es-kultura\/a-kedvesseg-egeszsegesse-tesz\/#breadcrumb\"},\"inLanguage\":\"hu\",\"potentialAction\":[{\"@type\":\"ReadAction\",\"target\":[\"https:\/\/www.welovecycling.com\/hu\/kozosseg-es-kultura\/a-kedvesseg-egeszsegesse-tesz\/\"]}]},{\"@type\":\"ImageObject\",\"inLanguage\":\"hu\",\"@id\":\"https:\/\/www.welovecycling.com\/hu\/kozosseg-es-kultura\/a-kedvesseg-egeszsegesse-tesz\/#primaryimage\",\"url\":\"https:\/\/d2p6e6u75xmxt8.cloudfront.net\/12\/2020\/10\/wlc_1001.jpg\",\"contentUrl\":\"https:\/\/d2p6e6u75xmxt8.cloudfront.net\/12\/2020\/10\/wlc_1001.jpg\",\"width\":1035,\"height\":614},{\"@type\":\"BreadcrumbList\",\"@id\":\"https:\/\/www.welovecycling.com\/hu\/kozosseg-es-kultura\/a-kedvesseg-egeszsegesse-tesz\/#breadcrumb\",\"itemListElement\":[{\"@type\":\"ListItem\",\"position\":1,\"name\":\"Home\",\"item\":\"https:\/\/www.welovecycling.com\/hu\/\"},{\"@type\":\"ListItem\",\"position\":2,\"name\":\"A kedvess\u00e9g eg\u00e9szs\u00e9gess\u00e9 tesz\"}]},{\"@type\":\"WebSite\",\"@id\":\"https:\/\/www.welovecycling.com\/hu\/#website\",\"url\":\"https:\/\/www.welovecycling.com\/hu\/\",\"name\":\"\u0160koda We Love Cycling - Magyarorsz\u00e1g\",\"description\":\"\u0160koda WeLoveCycling\",\"potentialAction\":[{\"@type\":\"SearchAction\",\"target\":{\"@type\":\"EntryPoint\",\"urlTemplate\":\"https:\/\/www.welovecycling.com\/hu\/?s={search_term_string}\"},\"query-input\":{\"@type\":\"PropertyValueSpecification\",\"valueRequired\":true,\"valueName\":\"search_term_string\"}}],\"inLanguage\":\"hu\"},{\"@type\":\"Person\",\"@id\":\"https:\/\/www.welovecycling.com\/hu\/#\/schema\/person\/414a2aebf1801691a5320edb6468e194\",\"name\":\"hegyizs\",\"image\":{\"@type\":\"ImageObject\",\"inLanguage\":\"hu\",\"@id\":\"https:\/\/www.welovecycling.com\/hu\/#\/schema\/person\/image\/\",\"url\":\"https:\/\/secure.gravatar.com\/avatar\/02cf8a7906b8cf90cecb4679defac7cfd33a1c2e3b88e4903d947f3bb58eedd3?s=96&d=mm&r=g\",\"contentUrl\":\"https:\/\/secure.gravatar.com\/avatar\/02cf8a7906b8cf90cecb4679defac7cfd33a1c2e3b88e4903d947f3bb58eedd3?s=96&d=mm&r=g\",\"caption\":\"hegyizs\"},\"url\":\"https:\/\/www.welovecycling.com\/hu\/author\/hegyizs\/\"}]}<\/script>\n<!-- \/ Yoast SEO Premium plugin. -->","yoast_head_json":{"title":"A kedvess\u00e9g eg\u00e9szs\u00e9gess\u00e9 tesz - \u0160koda We Love Cycling - Magyarorsz\u00e1g","description":"Rengeteg, az \u00e9rzelmi j\u00f3ll\u00e9t \u00e9s a fizikai eg\u00e9szs\u00e9g k\u00f6zti kapcsolatot keres\u0151 kutat\u00e1s aj\u00e1nlja ugyanazt: mozogj rendszeresen, t\u00e1pl\u00e1lkozz megfelel\u0151en, legyenek c\u00e9ljaid \u00e9s l\u00e9gy kedves m\u00e1sokkal. Egy \u00faj tanulm\u00e1ny szerint azonban ez ut\u00f3bbi kicsit bonyolultabb, mint amilyennek l\u00e1tszik.","robots":{"index":"index","follow":"follow","max-snippet":"max-snippet:-1","max-image-preview":"max-image-preview:large","max-video-preview":"max-video-preview:-1"},"canonical":"https:\/\/www.welovecycling.com\/hu\/kozosseg-es-kultura\/a-kedvesseg-egeszsegesse-tesz\/","og_locale":"hu_HU","og_type":"article","og_title":"A kedvess\u00e9g eg\u00e9szs\u00e9gess\u00e9 tesz","og_description":"Rengeteg, az \u00e9rzelmi j\u00f3ll\u00e9t \u00e9s a fizikai eg\u00e9szs\u00e9g k\u00f6zti kapcsolatot keres\u0151 kutat\u00e1s aj\u00e1nlja ugyanazt: mozogj rendszeresen, t\u00e1pl\u00e1lkozz megfelel\u0151en, legyenek c\u00e9ljaid \u00e9s l\u00e9gy kedves m\u00e1sokkal. Egy \u00faj tanulm\u00e1ny szerint azonban ez ut\u00f3bbi kicsit bonyolultabb, mint amilyennek l\u00e1tszik.","og_url":"https:\/\/www.welovecycling.com\/hu\/kozosseg-es-kultura\/a-kedvesseg-egeszsegesse-tesz\/","og_site_name":"\u0160koda We Love Cycling - Magyarorsz\u00e1g","article_publisher":"https:\/\/www.facebook.com\/WeLoveCyclingHungary\/","article_published_time":"2020-10-10T07:00:02+00:00","og_image":[{"width":1035,"height":614,"url":"https:\/\/d2p6e6u75xmxt8.cloudfront.net\/12\/2020\/10\/wlc_1001.jpg","type":"image\/jpeg"}],"author":"hegyizs","twitter_card":"summary_large_image","twitter_misc":{"Written by":"WLC","Est. reading time":"2 minutes"},"schema":{"@context":"https:\/\/schema.org","@graph":[{"@type":"WebPage","@id":"https:\/\/www.welovecycling.com\/hu\/kozosseg-es-kultura\/a-kedvesseg-egeszsegesse-tesz\/","url":"https:\/\/www.welovecycling.com\/hu\/kozosseg-es-kultura\/a-kedvesseg-egeszsegesse-tesz\/","name":"A kedvess\u00e9g eg\u00e9szs\u00e9gess\u00e9 tesz - \u0160koda We Love Cycling - Magyarorsz\u00e1g","isPartOf":{"@id":"https:\/\/www.welovecycling.com\/hu\/#website"},"primaryImageOfPage":{"@id":"https:\/\/www.welovecycling.com\/hu\/kozosseg-es-kultura\/a-kedvesseg-egeszsegesse-tesz\/#primaryimage"},"image":{"@id":"https:\/\/www.welovecycling.com\/hu\/kozosseg-es-kultura\/a-kedvesseg-egeszsegesse-tesz\/#primaryimage"},"thumbnailUrl":"https:\/\/d2p6e6u75xmxt8.cloudfront.net\/12\/2020\/10\/wlc_1001.jpg","datePublished":"2020-10-10T07:00:02+00:00","author":{"@id":"https:\/\/www.welovecycling.com\/hu\/#\/schema\/person\/414a2aebf1801691a5320edb6468e194"},"description":"Rengeteg, az \u00e9rzelmi j\u00f3ll\u00e9t \u00e9s a fizikai eg\u00e9szs\u00e9g k\u00f6zti kapcsolatot keres\u0151 kutat\u00e1s aj\u00e1nlja ugyanazt: mozogj rendszeresen, t\u00e1pl\u00e1lkozz megfelel\u0151en, legyenek c\u00e9ljaid \u00e9s l\u00e9gy kedves m\u00e1sokkal. Egy \u00faj tanulm\u00e1ny szerint azonban ez ut\u00f3bbi kicsit bonyolultabb, mint amilyennek l\u00e1tszik.","breadcrumb":{"@id":"https:\/\/www.welovecycling.com\/hu\/kozosseg-es-kultura\/a-kedvesseg-egeszsegesse-tesz\/#breadcrumb"},"inLanguage":"hu","potentialAction":[{"@type":"ReadAction","target":["https:\/\/www.welovecycling.com\/hu\/kozosseg-es-kultura\/a-kedvesseg-egeszsegesse-tesz\/"]}]},{"@type":"ImageObject","inLanguage":"hu","@id":"https:\/\/www.welovecycling.com\/hu\/kozosseg-es-kultura\/a-kedvesseg-egeszsegesse-tesz\/#primaryimage","url":"https:\/\/d2p6e6u75xmxt8.cloudfront.net\/12\/2020\/10\/wlc_1001.jpg","contentUrl":"https:\/\/d2p6e6u75xmxt8.cloudfront.net\/12\/2020\/10\/wlc_1001.jpg","width":1035,"height":614},{"@type":"BreadcrumbList","@id":"https:\/\/www.welovecycling.com\/hu\/kozosseg-es-kultura\/a-kedvesseg-egeszsegesse-tesz\/#breadcrumb","itemListElement":[{"@type":"ListItem","position":1,"name":"Home","item":"https:\/\/www.welovecycling.com\/hu\/"},{"@type":"ListItem","position":2,"name":"A kedvess\u00e9g eg\u00e9szs\u00e9gess\u00e9 tesz"}]},{"@type":"WebSite","@id":"https:\/\/www.welovecycling.com\/hu\/#website","url":"https:\/\/www.welovecycling.com\/hu\/","name":"\u0160koda We Love Cycling - Magyarorsz\u00e1g","description":"\u0160koda WeLoveCycling","potentialAction":[{"@type":"SearchAction","target":{"@type":"EntryPoint","urlTemplate":"https:\/\/www.welovecycling.com\/hu\/?s={search_term_string}"},"query-input":{"@type":"PropertyValueSpecification","valueRequired":true,"valueName":"search_term_string"}}],"inLanguage":"hu"},{"@type":"Person","@id":"https:\/\/www.welovecycling.com\/hu\/#\/schema\/person\/414a2aebf1801691a5320edb6468e194","name":"hegyizs","image":{"@type":"ImageObject","inLanguage":"hu","@id":"https:\/\/www.welovecycling.com\/hu\/#\/schema\/person\/image\/","url":"https:\/\/secure.gravatar.com\/avatar\/02cf8a7906b8cf90cecb4679defac7cfd33a1c2e3b88e4903d947f3bb58eedd3?s=96&d=mm&r=g","contentUrl":"https:\/\/secure.gravatar.com\/avatar\/02cf8a7906b8cf90cecb4679defac7cfd33a1c2e3b88e4903d947f3bb58eedd3?s=96&d=mm&r=g","caption":"hegyizs"},"url":"https:\/\/www.welovecycling.com\/hu\/author\/hegyizs\/"}]}},"_links":{"self":[{"href":"https:\/\/www.welovecycling.com\/hu\/wp-json\/wp\/v2\/posts\/8712","targetHints":{"allow":["GET"]}}],"collection":[{"href":"https:\/\/www.welovecycling.com\/hu\/wp-json\/wp\/v2\/posts"}],"about":[{"href":"https:\/\/www.welovecycling.com\/hu\/wp-json\/wp\/v2\/types\/post"}],"author":[{"embeddable":true,"href":"https:\/\/www.welovecycling.com\/hu\/wp-json\/wp\/v2\/users\/71"}],"replies":[{"embeddable":true,"href":"https:\/\/www.welovecycling.com\/hu\/wp-json\/wp\/v2\/comments?post=8712"}],"version-history":[{"count":1,"href":"https:\/\/www.welovecycling.com\/hu\/wp-json\/wp\/v2\/posts\/8712\/revisions"}],"predecessor-version":[{"id":8715,"href":"https:\/\/www.welovecycling.com\/hu\/wp-json\/wp\/v2\/posts\/8712\/revisions\/8715"}],"wp:featuredmedia":[{"embeddable":true,"href":"https:\/\/www.welovecycling.com\/hu\/wp-json\/wp\/v2\/media\/8713"}],"wp:attachment":[{"href":"https:\/\/www.welovecycling.com\/hu\/wp-json\/wp\/v2\/media?parent=8712"}],"wp:term":[{"taxonomy":"category","embeddable":true,"href":"https:\/\/www.welovecycling.com\/hu\/wp-json\/wp\/v2\/categories?post=8712"},{"taxonomy":"post_tag","embeddable":true,"href":"https:\/\/www.welovecycling.com\/hu\/wp-json\/wp\/v2\/tags?post=8712"},{"taxonomy":"global-categories","embeddable":true,"href":"https:\/\/www.welovecycling.com\/hu\/wp-json\/wp\/v2\/global-categories?post=8712"}],"curies":[{"name":"wp","href":"https:\/\/api.w.org\/{rel}","templated":true}]}}