{"id":8702,"date":"2020-10-09T08:00:01","date_gmt":"2020-10-09T07:00:01","guid":{"rendered":"https:\/\/www.welovecycling.com\/hu\/?p=8702"},"modified":"2020-10-02T19:32:56","modified_gmt":"2020-10-02T18:32:56","slug":"a-biciklizes-fellegvara","status":"publish","type":"post","link":"https:\/\/www.welovecycling.com\/hu\/kozosseg-es-kultura\/a-biciklizes-fellegvara\/","title":{"rendered":"A bicikliz\u00e9s fellegv\u00e1ra"},"content":{"rendered":"<p><strong>A ker\u00e9kp\u00e1roz\u00e1s a n\u00e9met kult\u00fara elengedhetetlen r\u00e9sze. Mivel a n\u00e9metek tiszt\u00e1ban vannak a ker\u00e9kp\u00e1roz\u00e1s eg\u00e9szs\u00e9g\u00fckre \u00e9s k\u00f6rnyezet\u00fckre gyakorolt el\u0151nyeivel, minden v\u00e1rosban sok a bring\u00e1s. S\u0151t, az orsz\u00e1g ker\u00e9kp\u00e1r\u00fat-h\u00e1l\u00f3zatai a vil\u00e1g leg\u00f6sszetettebbjei k\u00f6z\u00e9 tartoznak. Vizsg\u00e1ljuk meg, mit\u0151l ker\u00e9kp\u00e1ros mennyorsz\u00e1g N\u00e9metorsz\u00e1g!<\/strong><\/p>\n<p><!--more--><\/p>\n<h2><strong>Egyre n\u00f6vekszik a ker\u00e9kp\u00e1rosok sz\u00e1ma<\/strong><\/h2>\n<p>A n\u00e9met statisztik\u00e1k szerint az 500 000 lakos feletti n\u00e9met v\u00e1rosokban a h\u00e1ztart\u00e1sok 30 sz\u00e1zal\u00e9ka haszn\u00e1lja a ker\u00e9kp\u00e1rt egyed\u00fcli k\u00f6zleked\u00e9si eszk\u00f6zk\u00e9nt. Ez azt jelenti, hogy m\u00e9g aut\u00f3juk \u00e9s motorjuk sincs. A n\u00e9metek t\u00f6bb mint 80 sz\u00e1zal\u00e9ka d\u00f6nt a bicikli mellett, k\u00fcl\u00f6n\u00f6sen 15 km vagy ann\u00e1l kevesebb t\u00e1vols\u00e1g megt\u00e9telekor. Ez teszi \u0151ket az egyik legink\u00e1bb biciklis-bar\u00e1t nemzett\u00e9. A berliniek egy l\u00e9p\u00e9ssel m\u00e9g tov\u00e1bb mentek &#8211; becsl\u00e9sek szerint a f\u0151v\u00e1rosban 1000 lakosra 710 ker\u00e9kp\u00e1r jut. 620 km-es egybef\u00fcgg\u0151 ker\u00e9kp\u00e1r\u00fatj\u00e1val Berlin a biciklis infrastrukt\u00fara szempontj\u00e1b\u00f3l legfejlettebb v\u00e1rosok k\u00f6z\u00e9 tartozik. K\u00fcl\u00f6n\u00f6sen a fiatalok k\u00f6r\u00e9ben n\u0151tt meg ugr\u00e1sszer\u0171en az \u00e9rdekl\u0151d\u00e9s a ker\u00e9kp\u00e1roz\u00e1s ir\u00e1nt az ut\u00f3bbi id\u0151ben.<\/p>\n<figure id=\"attachment_8703\" aria-describedby=\"caption-attachment-8703\" style=\"width: 1024px\" class=\"wp-caption alignnone\"><a href=\"https:\/\/d2p6e6u75xmxt8.cloudfront.net\/2\/2020\/09\/dortmund-profimedia-0528462190.jpg\"><img loading=\"lazy\" decoding=\"async\" class=\"wp-image-8703 size-large\" src=\"https:\/\/d2p6e6u75xmxt8.cloudfront.net\/12\/2020\/10\/dortmund-profimedia-0528462190-1024x681.jpg\" alt=\"Dortmund Cycling\" width=\"1024\" height=\"681\" srcset=\"https:\/\/d2p6e6u75xmxt8.cloudfront.net\/12\/2020\/10\/dortmund-profimedia-0528462190-1024x681.jpg 1024w, https:\/\/d2p6e6u75xmxt8.cloudfront.net\/12\/2020\/10\/dortmund-profimedia-0528462190-300x199.jpg 300w, https:\/\/d2p6e6u75xmxt8.cloudfront.net\/12\/2020\/10\/dortmund-profimedia-0528462190-768x511.jpg 768w, https:\/\/d2p6e6u75xmxt8.cloudfront.net\/12\/2020\/10\/dortmund-profimedia-0528462190-272x182.jpg 272w, https:\/\/d2p6e6u75xmxt8.cloudfront.net\/12\/2020\/10\/dortmund-profimedia-0528462190.jpg 1250w\" sizes=\"auto, (max-width: 1024px) 100vw, 1024px\" \/><\/a><figcaption id=\"caption-attachment-8703\" class=\"wp-caption-text\"><em>Biciklit\u00e1rol\u00f3 a dortmundi vas\u00fat\u00e1llom\u00e1s mellett.<\/em><\/figcaption><\/figure>\n<h2><strong>F\u0151utak, csak ker\u00e9kp\u00e1rosoknak<\/strong><\/h2>\n<p>A n\u00e9met K\u00f6zleked\u00e9si Miniszt\u00e9rium k\u00f6vetkez\u0151 c\u00e9lja egy, kiz\u00e1r\u00f3lag ker\u00e9kp\u00e1roknak sz\u00e1nt orsz\u00e1g\u00fati h\u00e1l\u00f3zat fejleszt\u00e9se. Az utakon k\u00f6zleked\u0151 motoriz\u00e1lt j\u00e1rm\u0171vek negat\u00edv hat\u00e1sait szeretn\u00e9k cs\u00f6kkenteni a kiz\u00e1r\u00f3lag a bring\u00e1sok sz\u00e1m\u00e1ra kijel\u00f6lt utakkal, mint amilyen a zaj \u00e9s a k\u00e1rosanyagkibocs\u00e1t\u00e1s, hogy hozz\u00e1j\u00e1rulhassanak az \u00e9ghajlatv\u00e1ltoz\u00e1s m\u00e9rs\u00e9kl\u00e9s\u00e9hez is. Az \u00f6sszesen 100 kilom\u00e9ter hossz\u00fas\u00e1g\u00fa \u00fatvonalak egyike a r\u00e9gi vas\u00fatvonalakon halad majd \u00e1t Ruhr t\u00e9rs\u00e9g\u00e9nek t\u00edz nagyv\u00e1ros\u00e1t \u00e9rintve. Miut\u00e1n elk\u00e9sz\u00fclt, a sztr\u00e1da Eur\u00f3pa leghosszabb ker\u00e9kp\u00e1r\u00fatja lesz. El\u0151zetes felm\u00e9r\u00e9s alapj\u00e1n a tervez\u0151k arra sz\u00e1m\u00edtanak, hogy a k\u00f6rny\u00e9kbeli utakon naponta 50 000 aut\u00f3t cser\u00e9lnek majd le ker\u00e9kp\u00e1rra. Az \u00f6tlet akkor sz\u00fcletett meg, amikor 2010-ben, egy kultur\u00e1lis esem\u00e9nynek k\u00f6sz\u00f6nhet\u0151en lez\u00e1rt\u00e1k az A40-es f\u0151utat Duisburg \u00e9s Dortmund k\u00f6z\u00f6tt az aut\u00f3k sz\u00e1m\u00e1ra, \u00e9s csak a biciklisek k\u00f6zlekedhettek rajta. Az els\u0151 r\u00e9sz Duisburg \u00e9s Hamm k\u00f6z\u00f6tt m\u00e1r el is k\u00e9sz\u00fclt \u00e9s a ker\u00e9kp\u00e1rosok le vannak ny\u0171g\u00f6zve! Rengeteg hasonl\u00f3 projekt \u00e1ll \u00e1tad\u00e1s el\u0151tt m\u00e1s n\u00e9met nagyv\u00e1rosokban is, p\u00e9ld\u00e1ul Hamburgban, N\u00fcrnbergben, Frankfurtban \u00e9s M\u00fcnchenben.<\/p>\n<h2><strong>Vak\u00e1ci\u00f3 k\u00e9t ker\u00e9ken<\/strong><\/h2>\n<p>Az orsz\u00e1gon \u00e1t\u00edvel\u0151 ker\u00e9kp\u00e1rutak teljes hossza meghaladja a 18 600 km-t. Az \u00fatvonalak fenntart\u00e1sa \u00e9s meghosszabb\u00edt\u00e1sa \u00e9rdek\u00e9ben a korm\u00e1ny 2015 \u00f3ta \u00e9vente 98 milli\u00f3 eur\u00f3t fektet be. Ezenk\u00edv\u00fcl N\u00e9metorsz\u00e1g 200 t\u00e1vols\u00e1gi ker\u00e9kp\u00e1rutat k\u00edn\u00e1l azoknak a l\u00e1togat\u00f3knak, akik k\u00e9t ker\u00e9ken szeretn\u00e9k felfedezni az orsz\u00e1got. A turist\u00e1kat arra \u00f6szt\u00f6nzik, hogy a nyeregb\u0151l \u00e9lvezz\u00e9k a gy\u00f6ny\u00f6r\u0171 \u00fatvonalakat a foly\u00f3k \u00e9s a sz\u0151l\u0151\u00fcltetv\u00e9nyek mellett. Ker\u00e9kp\u00e1ros-bar\u00e1t sz\u00e1ll\u00e1st k\u00f6nny\u0171 tal\u00e1lni a N\u00e9met Ker\u00e9kp\u00e1ros Sz\u00f6vets\u00e9g \u00e1ltal \u00f6ssze\u00e1ll\u00edtott list\u00e1n. N\u00e9h\u00e1ny \u00fatvonal nemzetk\u00f6zi, p\u00e9ld\u00e1ul a Berlint \u00e9s Koppenh\u00e1g\u00e1t \u00f6sszek\u00f6t\u0151 630 km hossz\u00fa ker\u00e9kp\u00e1r\u00fat, amely a Sv\u00e9dorsz\u00e1g \u00e9s M\u00e1lta k\u00f6z\u00f6tti 6000 km-es EuroVelo 7 ker\u00e9kp\u00e1r\u00fat r\u00e9sze. Az \u0151szi ker\u00e9kp\u00e1ros nyaral\u00e1shoz <a href=\"https:\/\/www.germany.travel\/en\/home.html\">vezet\u0151 ker\u00e9kp\u00e1rutakat itt<\/a> tal\u00e1lod.<\/p>\n<figure id=\"attachment_8704\" aria-describedby=\"caption-attachment-8704\" style=\"width: 1024px\" class=\"wp-caption alignnone\"><a href=\"https:\/\/d2p6e6u75xmxt8.cloudfront.net\/2\/2020\/09\/germany-profimedia-0516617935.jpg\"><img loading=\"lazy\" decoding=\"async\" class=\"wp-image-8704 size-large\" src=\"https:\/\/d2p6e6u75xmxt8.cloudfront.net\/12\/2020\/10\/germany-profimedia-0516617935-1024x682.jpg\" alt=\"Cycle Paths Germany\" width=\"1024\" height=\"682\" srcset=\"https:\/\/d2p6e6u75xmxt8.cloudfront.net\/12\/2020\/10\/germany-profimedia-0516617935-1024x682.jpg 1024w, https:\/\/d2p6e6u75xmxt8.cloudfront.net\/12\/2020\/10\/germany-profimedia-0516617935-300x200.jpg 300w, https:\/\/d2p6e6u75xmxt8.cloudfront.net\/12\/2020\/10\/germany-profimedia-0516617935-768x512.jpg 768w, https:\/\/d2p6e6u75xmxt8.cloudfront.net\/12\/2020\/10\/germany-profimedia-0516617935-272x182.jpg 272w, https:\/\/d2p6e6u75xmxt8.cloudfront.net\/12\/2020\/10\/germany-profimedia-0516617935.jpg 1250w\" sizes=\"auto, (max-width: 1024px) 100vw, 1024px\" \/><\/a><figcaption id=\"caption-attachment-8704\" class=\"wp-caption-text\"><em>Az orsz\u00e1gon \u00e1t\u00edvel\u0151 ker\u00e9kp\u00e1rutak teljes hossza meghaladja a 18 600 km-t. \u00a9 Profimedia<\/em><\/figcaption><\/figure>\n<h2><strong>M\u00e9g saj\u00e1t bringa sem kell<\/strong><\/h2>\n<p>A n\u00e9metorsz\u00e1gi ker\u00e9kp\u00e1roz\u00e1sban az a legjobb, hogy nem is kell hozz\u00e1 saj\u00e1t ker\u00e9kp\u00e1r. Minden v\u00e1rosban vannak k\u00fcl\u00f6nb\u00f6z\u0151 ker\u00e9kp\u00e1r-megoszt\u00f3 szolg\u00e1ltat\u00e1sok, melyek ingyen vagy jelk\u00e9pes \u00f6sszegek\u00e9rt cser\u00e9be ny\u00fajtanak j\u00f3 min\u0151s\u00e9g\u0171 j\u00e1rm\u0171veket!<\/p>\n","protected":false},"excerpt":{"rendered":"<p>A ker\u00e9kp\u00e1roz\u00e1s a n\u00e9met kult\u00fara elengedhetetlen r\u00e9sze. Mivel a n\u00e9metek tiszt\u00e1ban vannak a ker\u00e9kp\u00e1roz\u00e1s eg\u00e9szs\u00e9g\u00fckre \u00e9s k\u00f6rnyezet\u00fckre gyakorolt el\u0151nyeivel, minden [&hellip;]<\/p>\n","protected":false},"author":71,"featured_media":8706,"comment_status":"open","ping_status":"open","sticky":false,"template":"","format":"standard","meta":{"footnotes":""},"categories":[12],"tags":[],"global-categories":[],"class_list":["post-8702","post","type-post","status-publish","format-standard","has-post-thumbnail","hentry","category-kozosseg-es-kultura"],"yoast_head":"<!-- This site is optimized with the Yoast SEO Premium plugin v25.3 (Yoast SEO v25.9) - https:\/\/yoast.com\/wordpress\/plugins\/seo\/ -->\n<title>A bicikliz\u00e9s fellegv\u00e1ra<\/title>\n<meta name=\"description\" content=\"A ker\u00e9kp\u00e1roz\u00e1s a n\u00e9met kult\u00fara elengedhetetlen r\u00e9sze. Mivel a n\u00e9metek tiszt\u00e1ban vannak a ker\u00e9kp\u00e1roz\u00e1s eg\u00e9szs\u00e9g\u00fckre \u00e9s k\u00f6rnyezet\u00fckre gyakorolt el\u0151nyeivel, minden v\u00e1rosban sok a bring\u00e1s.\" \/>\n<meta name=\"robots\" content=\"index, follow, max-snippet:-1, max-image-preview:large, max-video-preview:-1\" \/>\n<link rel=\"canonical\" href=\"https:\/\/www.welovecycling.com\/hu\/kozosseg-es-kultura\/a-biciklizes-fellegvara\/\" \/>\n<meta property=\"og:locale\" content=\"hu_HU\" \/>\n<meta property=\"og:type\" content=\"article\" \/>\n<meta property=\"og:title\" content=\"A bicikliz\u00e9s fellegv\u00e1ra\" \/>\n<meta property=\"og:description\" content=\"A ker\u00e9kp\u00e1roz\u00e1s a n\u00e9met kult\u00fara elengedhetetlen r\u00e9sze. Mivel a n\u00e9metek tiszt\u00e1ban vannak a ker\u00e9kp\u00e1roz\u00e1s eg\u00e9szs\u00e9g\u00fckre \u00e9s k\u00f6rnyezet\u00fckre gyakorolt el\u0151nyeivel, minden v\u00e1rosban sok a bring\u00e1s. S\u0151t, az orsz\u00e1g ker\u00e9kp\u00e1r\u00fat-h\u00e1l\u00f3zatai a vil\u00e1g leg\u00f6sszetettebbjei k\u00f6z\u00e9 tartoznak. Vizsg\u00e1ljuk meg, mit\u0151l ker\u00e9kp\u00e1ros mennyorsz\u00e1g N\u00e9metorsz\u00e1g!\" \/>\n<meta property=\"og:url\" content=\"https:\/\/www.welovecycling.com\/hu\/kozosseg-es-kultura\/a-biciklizes-fellegvara\/\" \/>\n<meta property=\"og:site_name\" content=\"\u0160koda We Love Cycling - Magyarorsz\u00e1g\" \/>\n<meta property=\"article:publisher\" content=\"https:\/\/www.facebook.com\/WeLoveCyclingHungary\/\" \/>\n<meta property=\"article:published_time\" content=\"2020-10-09T07:00:01+00:00\" \/>\n<meta property=\"og:image\" content=\"https:\/\/d2p6e6u75xmxt8.cloudfront.net\/12\/2020\/10\/berlin-profimedia-0556784948-CVR.jpg\" \/>\n\t<meta property=\"og:image:width\" content=\"1366\" \/>\n\t<meta property=\"og:image:height\" content=\"600\" \/>\n\t<meta property=\"og:image:type\" content=\"image\/jpeg\" \/>\n<meta name=\"author\" content=\"hegyizs\" \/>\n<meta name=\"twitter:card\" content=\"summary_large_image\" \/>\n<meta name=\"twitter:title\" content=\"A bicikliz\u00e9s fellegv\u00e1ra\" \/>\n<meta name=\"twitter:label1\" content=\"Written by\" \/>\n\t<meta name=\"twitter:data1\" content=\"Adam Marsal\" \/>\n\t<meta name=\"twitter:label2\" content=\"Est. reading time\" \/>\n\t<meta name=\"twitter:data2\" content=\"4\" \/>\n<script type=\"application\/ld+json\" class=\"yoast-schema-graph\">{\"@context\":\"https:\/\/schema.org\",\"@graph\":[{\"@type\":\"WebPage\",\"@id\":\"https:\/\/www.welovecycling.com\/hu\/kozosseg-es-kultura\/a-biciklizes-fellegvara\/\",\"url\":\"https:\/\/www.welovecycling.com\/hu\/kozosseg-es-kultura\/a-biciklizes-fellegvara\/\",\"name\":\"A bicikliz\u00e9s fellegv\u00e1ra\",\"isPartOf\":{\"@id\":\"https:\/\/www.welovecycling.com\/hu\/#website\"},\"primaryImageOfPage\":{\"@id\":\"https:\/\/www.welovecycling.com\/hu\/kozosseg-es-kultura\/a-biciklizes-fellegvara\/#primaryimage\"},\"image\":{\"@id\":\"https:\/\/www.welovecycling.com\/hu\/kozosseg-es-kultura\/a-biciklizes-fellegvara\/#primaryimage\"},\"thumbnailUrl\":\"https:\/\/d2p6e6u75xmxt8.cloudfront.net\/12\/2020\/10\/berlin-profimedia-0556784948-CVR.jpg\",\"datePublished\":\"2020-10-09T07:00:01+00:00\",\"author\":{\"@id\":\"https:\/\/www.welovecycling.com\/hu\/#\/schema\/person\/414a2aebf1801691a5320edb6468e194\"},\"description\":\"A ker\u00e9kp\u00e1roz\u00e1s a n\u00e9met kult\u00fara elengedhetetlen r\u00e9sze. Mivel a n\u00e9metek tiszt\u00e1ban vannak a ker\u00e9kp\u00e1roz\u00e1s eg\u00e9szs\u00e9g\u00fckre \u00e9s k\u00f6rnyezet\u00fckre gyakorolt el\u0151nyeivel, minden v\u00e1rosban sok a bring\u00e1s.\",\"breadcrumb\":{\"@id\":\"https:\/\/www.welovecycling.com\/hu\/kozosseg-es-kultura\/a-biciklizes-fellegvara\/#breadcrumb\"},\"inLanguage\":\"hu\",\"potentialAction\":[{\"@type\":\"ReadAction\",\"target\":[\"https:\/\/www.welovecycling.com\/hu\/kozosseg-es-kultura\/a-biciklizes-fellegvara\/\"]}]},{\"@type\":\"ImageObject\",\"inLanguage\":\"hu\",\"@id\":\"https:\/\/www.welovecycling.com\/hu\/kozosseg-es-kultura\/a-biciklizes-fellegvara\/#primaryimage\",\"url\":\"https:\/\/d2p6e6u75xmxt8.cloudfront.net\/12\/2020\/10\/berlin-profimedia-0556784948-CVR.jpg\",\"contentUrl\":\"https:\/\/d2p6e6u75xmxt8.cloudfront.net\/12\/2020\/10\/berlin-profimedia-0556784948-CVR.jpg\",\"width\":1366,\"height\":600,\"caption\":\"Berlin Cycling\"},{\"@type\":\"BreadcrumbList\",\"@id\":\"https:\/\/www.welovecycling.com\/hu\/kozosseg-es-kultura\/a-biciklizes-fellegvara\/#breadcrumb\",\"itemListElement\":[{\"@type\":\"ListItem\",\"position\":1,\"name\":\"Home\",\"item\":\"https:\/\/www.welovecycling.com\/hu\/\"},{\"@type\":\"ListItem\",\"position\":2,\"name\":\"A bicikliz\u00e9s fellegv\u00e1ra\"}]},{\"@type\":\"WebSite\",\"@id\":\"https:\/\/www.welovecycling.com\/hu\/#website\",\"url\":\"https:\/\/www.welovecycling.com\/hu\/\",\"name\":\"\u0160koda We Love Cycling - Magyarorsz\u00e1g\",\"description\":\"\u0160koda WeLoveCycling\",\"potentialAction\":[{\"@type\":\"SearchAction\",\"target\":{\"@type\":\"EntryPoint\",\"urlTemplate\":\"https:\/\/www.welovecycling.com\/hu\/?s={search_term_string}\"},\"query-input\":{\"@type\":\"PropertyValueSpecification\",\"valueRequired\":true,\"valueName\":\"search_term_string\"}}],\"inLanguage\":\"hu\"},{\"@type\":\"Person\",\"@id\":\"https:\/\/www.welovecycling.com\/hu\/#\/schema\/person\/414a2aebf1801691a5320edb6468e194\",\"name\":\"hegyizs\",\"image\":{\"@type\":\"ImageObject\",\"inLanguage\":\"hu\",\"@id\":\"https:\/\/www.welovecycling.com\/hu\/#\/schema\/person\/image\/\",\"url\":\"https:\/\/secure.gravatar.com\/avatar\/02cf8a7906b8cf90cecb4679defac7cfd33a1c2e3b88e4903d947f3bb58eedd3?s=96&d=mm&r=g\",\"contentUrl\":\"https:\/\/secure.gravatar.com\/avatar\/02cf8a7906b8cf90cecb4679defac7cfd33a1c2e3b88e4903d947f3bb58eedd3?s=96&d=mm&r=g\",\"caption\":\"hegyizs\"},\"url\":\"https:\/\/www.welovecycling.com\/hu\/author\/hegyizs\/\"}]}<\/script>\n<!-- \/ Yoast SEO Premium plugin. -->","yoast_head_json":{"title":"A bicikliz\u00e9s fellegv\u00e1ra","description":"A ker\u00e9kp\u00e1roz\u00e1s a n\u00e9met kult\u00fara elengedhetetlen r\u00e9sze. Mivel a n\u00e9metek tiszt\u00e1ban vannak a ker\u00e9kp\u00e1roz\u00e1s eg\u00e9szs\u00e9g\u00fckre \u00e9s k\u00f6rnyezet\u00fckre gyakorolt el\u0151nyeivel, minden v\u00e1rosban sok a bring\u00e1s.","robots":{"index":"index","follow":"follow","max-snippet":"max-snippet:-1","max-image-preview":"max-image-preview:large","max-video-preview":"max-video-preview:-1"},"canonical":"https:\/\/www.welovecycling.com\/hu\/kozosseg-es-kultura\/a-biciklizes-fellegvara\/","og_locale":"hu_HU","og_type":"article","og_title":"A bicikliz\u00e9s fellegv\u00e1ra","og_description":"A ker\u00e9kp\u00e1roz\u00e1s a n\u00e9met kult\u00fara elengedhetetlen r\u00e9sze. Mivel a n\u00e9metek tiszt\u00e1ban vannak a ker\u00e9kp\u00e1roz\u00e1s eg\u00e9szs\u00e9g\u00fckre \u00e9s k\u00f6rnyezet\u00fckre gyakorolt el\u0151nyeivel, minden v\u00e1rosban sok a bring\u00e1s. S\u0151t, az orsz\u00e1g ker\u00e9kp\u00e1r\u00fat-h\u00e1l\u00f3zatai a vil\u00e1g leg\u00f6sszetettebbjei k\u00f6z\u00e9 tartoznak. Vizsg\u00e1ljuk meg, mit\u0151l ker\u00e9kp\u00e1ros mennyorsz\u00e1g N\u00e9metorsz\u00e1g!","og_url":"https:\/\/www.welovecycling.com\/hu\/kozosseg-es-kultura\/a-biciklizes-fellegvara\/","og_site_name":"\u0160koda We Love Cycling - Magyarorsz\u00e1g","article_publisher":"https:\/\/www.facebook.com\/WeLoveCyclingHungary\/","article_published_time":"2020-10-09T07:00:01+00:00","og_image":[{"width":1366,"height":600,"url":"https:\/\/d2p6e6u75xmxt8.cloudfront.net\/12\/2020\/10\/berlin-profimedia-0556784948-CVR.jpg","type":"image\/jpeg"}],"author":"hegyizs","twitter_card":"summary_large_image","twitter_title":"A bicikliz\u00e9s fellegv\u00e1ra","twitter_misc":{"Written by":"Adam Marsal","Est. reading time":"4"},"schema":{"@context":"https:\/\/schema.org","@graph":[{"@type":"WebPage","@id":"https:\/\/www.welovecycling.com\/hu\/kozosseg-es-kultura\/a-biciklizes-fellegvara\/","url":"https:\/\/www.welovecycling.com\/hu\/kozosseg-es-kultura\/a-biciklizes-fellegvara\/","name":"A bicikliz\u00e9s fellegv\u00e1ra","isPartOf":{"@id":"https:\/\/www.welovecycling.com\/hu\/#website"},"primaryImageOfPage":{"@id":"https:\/\/www.welovecycling.com\/hu\/kozosseg-es-kultura\/a-biciklizes-fellegvara\/#primaryimage"},"image":{"@id":"https:\/\/www.welovecycling.com\/hu\/kozosseg-es-kultura\/a-biciklizes-fellegvara\/#primaryimage"},"thumbnailUrl":"https:\/\/d2p6e6u75xmxt8.cloudfront.net\/12\/2020\/10\/berlin-profimedia-0556784948-CVR.jpg","datePublished":"2020-10-09T07:00:01+00:00","author":{"@id":"https:\/\/www.welovecycling.com\/hu\/#\/schema\/person\/414a2aebf1801691a5320edb6468e194"},"description":"A ker\u00e9kp\u00e1roz\u00e1s a n\u00e9met kult\u00fara elengedhetetlen r\u00e9sze. Mivel a n\u00e9metek tiszt\u00e1ban vannak a ker\u00e9kp\u00e1roz\u00e1s eg\u00e9szs\u00e9g\u00fckre \u00e9s k\u00f6rnyezet\u00fckre gyakorolt el\u0151nyeivel, minden v\u00e1rosban sok a bring\u00e1s.","breadcrumb":{"@id":"https:\/\/www.welovecycling.com\/hu\/kozosseg-es-kultura\/a-biciklizes-fellegvara\/#breadcrumb"},"inLanguage":"hu","potentialAction":[{"@type":"ReadAction","target":["https:\/\/www.welovecycling.com\/hu\/kozosseg-es-kultura\/a-biciklizes-fellegvara\/"]}]},{"@type":"ImageObject","inLanguage":"hu","@id":"https:\/\/www.welovecycling.com\/hu\/kozosseg-es-kultura\/a-biciklizes-fellegvara\/#primaryimage","url":"https:\/\/d2p6e6u75xmxt8.cloudfront.net\/12\/2020\/10\/berlin-profimedia-0556784948-CVR.jpg","contentUrl":"https:\/\/d2p6e6u75xmxt8.cloudfront.net\/12\/2020\/10\/berlin-profimedia-0556784948-CVR.jpg","width":1366,"height":600,"caption":"Berlin Cycling"},{"@type":"BreadcrumbList","@id":"https:\/\/www.welovecycling.com\/hu\/kozosseg-es-kultura\/a-biciklizes-fellegvara\/#breadcrumb","itemListElement":[{"@type":"ListItem","position":1,"name":"Home","item":"https:\/\/www.welovecycling.com\/hu\/"},{"@type":"ListItem","position":2,"name":"A bicikliz\u00e9s fellegv\u00e1ra"}]},{"@type":"WebSite","@id":"https:\/\/www.welovecycling.com\/hu\/#website","url":"https:\/\/www.welovecycling.com\/hu\/","name":"\u0160koda We Love Cycling - Magyarorsz\u00e1g","description":"\u0160koda WeLoveCycling","potentialAction":[{"@type":"SearchAction","target":{"@type":"EntryPoint","urlTemplate":"https:\/\/www.welovecycling.com\/hu\/?s={search_term_string}"},"query-input":{"@type":"PropertyValueSpecification","valueRequired":true,"valueName":"search_term_string"}}],"inLanguage":"hu"},{"@type":"Person","@id":"https:\/\/www.welovecycling.com\/hu\/#\/schema\/person\/414a2aebf1801691a5320edb6468e194","name":"hegyizs","image":{"@type":"ImageObject","inLanguage":"hu","@id":"https:\/\/www.welovecycling.com\/hu\/#\/schema\/person\/image\/","url":"https:\/\/secure.gravatar.com\/avatar\/02cf8a7906b8cf90cecb4679defac7cfd33a1c2e3b88e4903d947f3bb58eedd3?s=96&d=mm&r=g","contentUrl":"https:\/\/secure.gravatar.com\/avatar\/02cf8a7906b8cf90cecb4679defac7cfd33a1c2e3b88e4903d947f3bb58eedd3?s=96&d=mm&r=g","caption":"hegyizs"},"url":"https:\/\/www.welovecycling.com\/hu\/author\/hegyizs\/"}]}},"_links":{"self":[{"href":"https:\/\/www.welovecycling.com\/hu\/wp-json\/wp\/v2\/posts\/8702","targetHints":{"allow":["GET"]}}],"collection":[{"href":"https:\/\/www.welovecycling.com\/hu\/wp-json\/wp\/v2\/posts"}],"about":[{"href":"https:\/\/www.welovecycling.com\/hu\/wp-json\/wp\/v2\/types\/post"}],"author":[{"embeddable":true,"href":"https:\/\/www.welovecycling.com\/hu\/wp-json\/wp\/v2\/users\/71"}],"replies":[{"embeddable":true,"href":"https:\/\/www.welovecycling.com\/hu\/wp-json\/wp\/v2\/comments?post=8702"}],"version-history":[{"count":2,"href":"https:\/\/www.welovecycling.com\/hu\/wp-json\/wp\/v2\/posts\/8702\/revisions"}],"predecessor-version":[{"id":8711,"href":"https:\/\/www.welovecycling.com\/hu\/wp-json\/wp\/v2\/posts\/8702\/revisions\/8711"}],"wp:featuredmedia":[{"embeddable":true,"href":"https:\/\/www.welovecycling.com\/hu\/wp-json\/wp\/v2\/media\/8706"}],"wp:attachment":[{"href":"https:\/\/www.welovecycling.com\/hu\/wp-json\/wp\/v2\/media?parent=8702"}],"wp:term":[{"taxonomy":"category","embeddable":true,"href":"https:\/\/www.welovecycling.com\/hu\/wp-json\/wp\/v2\/categories?post=8702"},{"taxonomy":"post_tag","embeddable":true,"href":"https:\/\/www.welovecycling.com\/hu\/wp-json\/wp\/v2\/tags?post=8702"},{"taxonomy":"global-categories","embeddable":true,"href":"https:\/\/www.welovecycling.com\/hu\/wp-json\/wp\/v2\/global-categories?post=8702"}],"curies":[{"name":"wp","href":"https:\/\/api.w.org\/{rel}","templated":true}]}}