{"id":8697,"date":"2020-10-08T08:00:17","date_gmt":"2020-10-08T07:00:17","guid":{"rendered":"https:\/\/www.welovecycling.com\/hu\/?p=8697"},"modified":"2020-10-02T19:32:24","modified_gmt":"2020-10-02T18:32:24","slug":"6-tanacs-ha-forgalomban-biciklizel","status":"publish","type":"post","link":"https:\/\/www.welovecycling.com\/hu\/orszaguti-kerekpar\/6-tanacs-ha-forgalomban-biciklizel\/","title":{"rendered":"6 tan\u00e1cs, ha forgalomban biciklizel"},"content":{"rendered":"<p><strong>Tal\u00e1n m\u00e1r tal\u00e1lkozt\u00e1l vel\u00fck, de ism\u00e9tl\u00e9s a tud\u00e1s anyja, a tud\u00e1s pedig most \u00e9letet menthet.<\/strong><\/p>\n<p><!--more--><\/p>\n<h2><strong>1. Maradj t\u00e1vol a padk\u00e1t\u00f3l!<\/strong><\/h2>\n<p>Ha t\u00fal k\u00f6zel tekersz a j\u00e1rda sz\u00e9l\u00e9hez, vesz\u00e9lybe sodorhatnak az \u00fat menti t\u00f6rmel\u00e9kek, a csatornafed\u0151k \u00e9s a k\u00e1ty\u00fak. Ha a s\u00e1v k\u00f6zep\u00e9n haladsz, nemcsak a kellemetlen meglepet\u00e9seket ker\u00fclheted el, de megakad\u00e1lyozhatod, hogy az aut\u00f3k olyan helyeken el\u0151zzenek meg, ahol t\u00fal sz\u0171k a hely kett\u0151t\u00f6knek, \u00e9s eltal\u00e1lhat egy t\u00fck\u00f6r, vagy lel\u00f6khetnek az \u00fatr\u00f3l.<\/p>\n<h2><strong>2. Lankadatlan \u00e9bers\u00e9g!<\/strong><\/h2>\n<p>Tanuld meg azonnal \u00e9szrevenni azokat a t\u00e1rgyakat, amivel keresztezhetitek egym\u00e1s \u00fatj\u00e1t. Nem csak a s\u00ednekre, pocsoly\u00e1kra, macskak\u00f6vekre kell figyelni, hanem a fociz\u00f3 gyerekekre, az okostelefont nyomkod\u00f3kra \u00e9s a babakocsisokra is. \u0150k nagyobb kock\u00e1zatot jelentenek, mint m\u00e1sok, ez\u00e9rt figyelemmel kell k\u00f6vetni mozg\u00e1sukat. Ugyan\u00edgy a parkol\u00f3 aut\u00f3k ajtaj\u00e1nak kicsap\u00f3d\u00e1s\u00e1ra is mindig sz\u00e1m\u00edtani kell! Ez\u00e9rt is jobb, ha nem a s\u00e1vod legsz\u00e9l\u00e9n tekersz.<\/p>\n<figure id=\"attachment_8698\" aria-describedby=\"caption-attachment-8698\" style=\"width: 999px\" class=\"wp-caption alignnone\"><a href=\"https:\/\/d2p6e6u75xmxt8.cloudfront.net\/12\/2020\/10\/urban-cyclist-profimedia-0387582423.jpg\"><img loading=\"lazy\" decoding=\"async\" class=\"wp-image-8698 size-full\" src=\"https:\/\/d2p6e6u75xmxt8.cloudfront.net\/12\/2020\/10\/urban-cyclist-profimedia-0387582423.jpg\" alt=\"Bicycle in city\" width=\"999\" height=\"667\" srcset=\"https:\/\/d2p6e6u75xmxt8.cloudfront.net\/12\/2020\/10\/urban-cyclist-profimedia-0387582423.jpg 999w, https:\/\/d2p6e6u75xmxt8.cloudfront.net\/12\/2020\/10\/urban-cyclist-profimedia-0387582423-300x200.jpg 300w, https:\/\/d2p6e6u75xmxt8.cloudfront.net\/12\/2020\/10\/urban-cyclist-profimedia-0387582423-768x513.jpg 768w, https:\/\/d2p6e6u75xmxt8.cloudfront.net\/12\/2020\/10\/urban-cyclist-profimedia-0387582423-272x182.jpg 272w\" sizes=\"auto, (max-width: 999px) 100vw, 999px\" \/><\/a><figcaption id=\"caption-attachment-8698\" class=\"wp-caption-text\"><em>Figyelj oda a k\u00f6r\u00fcl\u00f6tted l\u00e9v\u0151 dolgokra! \u00a9 Profimedia<\/em><\/figcaption><\/figure>\n<h2><strong>3. Olvadj bele a forgalomba!<\/strong><\/h2>\n<p>K\u00f6nnyebb t\u00e1j\u00e9koz\u00f3dni, ha tudod, mire sz\u00e1m\u00edthatsz a forgalom t\u00f6bbi r\u00e9sztvev\u0151j\u00e9t\u0151l. Ez\u00e9rt mondj\u00e1k, hogy a legjobb ker\u00e9kp\u00e1ros j\u00f3l vezet, \u00e9s a legjobb sof\u0151r tud biciklizni, hiszen \u00edgy el\u0151re l\u00e1tj\u00e1k a m\u00e1sik f\u00e9l sz\u00e1nd\u00e9kait. Kisebb es\u00e9llyel lepi meg \u0151ket az el\u0151tt\u00fck halad\u00f3 aut\u00f3 f\u00e9kez\u00e9se vagy egy hirtelen kanyar.<\/p>\n<h2><strong>4. Legy\u00e9l egy\u00e9rtelm\u0171!<\/strong><\/h2>\n<p>A kisz\u00e1m\u00edthat\u00f3s\u00e9g nagyon fontos, elegend\u0151 id\u0151t kell adnod a sof\u0151r\u00f6knek, hogy biztons\u00e1gosan meg tudjanak \u00e1llni vagy le tudjanak lass\u00edtani m\u00f6g\u00f6tted. Ne v\u00e1ltoztass ir\u00e1nyt az utols\u00f3 pillanatban, mindig maradj k\u00f6vetkezetes! Lehet, hogy megsp\u00f3rolsz p\u00e1r m\u00e1sodpercet, ha bepr\u00e9sel\u0151dsz k\u00e9t aut\u00f3 k\u00f6z\u00e9, de ha valami rosszul s\u00fcl el, ez ak\u00e1r az \u00e9letedbe is ker\u00fclhet. Ne felejtsd el, hogy biciklisk\u00e9nt egy nagy forgalm\u00fa \u00faton nehezebben vagy \u00e9szrevehet\u0151. Ha kell, kapcsold be a l\u00e1mp\u00e1idat!<\/p>\n<figure id=\"attachment_8699\" aria-describedby=\"caption-attachment-8699\" style=\"width: 1024px\" class=\"wp-caption alignnone\"><a href=\"https:\/\/d2p6e6u75xmxt8.cloudfront.net\/2\/2020\/09\/profimedia-0013147296.jpg\"><img loading=\"lazy\" decoding=\"async\" class=\"wp-image-8699 size-large\" src=\"https:\/\/d2p6e6u75xmxt8.cloudfront.net\/12\/2020\/10\/profimedia-0013147296-1024x682.jpg\" alt=\"Cycling in Traffic\" width=\"1024\" height=\"682\" srcset=\"https:\/\/d2p6e6u75xmxt8.cloudfront.net\/12\/2020\/10\/profimedia-0013147296-1024x682.jpg 1024w, https:\/\/d2p6e6u75xmxt8.cloudfront.net\/12\/2020\/10\/profimedia-0013147296-300x200.jpg 300w, https:\/\/d2p6e6u75xmxt8.cloudfront.net\/12\/2020\/10\/profimedia-0013147296-768x512.jpg 768w, https:\/\/d2p6e6u75xmxt8.cloudfront.net\/12\/2020\/10\/profimedia-0013147296-272x182.jpg 272w, https:\/\/d2p6e6u75xmxt8.cloudfront.net\/12\/2020\/10\/profimedia-0013147296.jpg 1250w\" sizes=\"auto, (max-width: 1024px) 100vw, 1024px\" \/><\/a><figcaption id=\"caption-attachment-8699\" class=\"wp-caption-text\"><em>Sz\u00e1nd\u00e9kaid legyenek egy\u00e9rtelm\u0171ek! \u00a9 Profimedia<\/em><\/figcaption><\/figure>\n<h2><strong>5. Keresd a szemkontaktust, kommunik\u00e1lj!<\/strong><\/h2>\n<p>A sof\u0151r\u00f6k is emberek. El\u0151fordulhat, hogy ink\u00e1bb ellens\u00e9gk\u00e9nt tekint\u00fcnk r\u00e1juk, akik maguknak akarj\u00e1k a teljes utat, de ez nem \u00edgy van. Anyuk\u00e1k \u00e9s apuk\u00e1k \u00fclnek a vol\u00e1n m\u00f6g\u00f6tt, akik ugyan\u00fagy hib\u00e1zhatnak, mint b\u00e1rki, de ez nem jelenti azt, hogy vesz\u00e9lybe akarnak sodorni. Kommunik\u00e1lj vel\u00fck, vedd fel a szemkontaktust, \u00e9s tudasd vel\u00fck, hogy te is figyelsz r\u00e1juk. Ha els\u0151bbs\u00e9get szeretn\u00e9l adni, jelezd fejb\u00f3lint\u00e1ssal, hogy nyugodtan \u00e1thajthassanak el\u0151tted!<\/p>\n<h2><strong>6. Maradj t\u00e1vol a teheraut\u00f3kt\u00f3l!<\/strong><\/h2>\n<p>Soha ne pr\u00f3b\u00e1lj meg <a href=\"https:\/\/www.welovecycling.com\/hu\/orszaguti-kerekpar\/igy-oszd-meg-biztonsagosan-az-utat-a-kamionsoforokkel\/\">teheraut\u00f3t el\u0151zni<\/a>! Nem csak hatalmasak, de nagyon sok a holtter\u00fck is, \u00edgy sokkal nehezebben vesznek \u00e9szre a benne \u00fcl\u0151 vezet\u0151k. Ha a l\u00e1mp\u00e1n\u00e1l egyszerre \u00e1lltok meg, pr\u00f3b\u00e1lj el\u00e9 ker\u00fclni, \u00fagy, hogy a sof\u0151r l\u00e1sson t\u00e9ged!<\/p>\n","protected":false},"excerpt":{"rendered":"<p>Tal\u00e1n m\u00e1r tal\u00e1lkozt\u00e1l vel\u00fck, de ism\u00e9tl\u00e9s a tud\u00e1s anyja, a tud\u00e1s pedig most \u00e9letet menthet.<\/p>\n","protected":false},"author":71,"featured_media":8701,"comment_status":"open","ping_status":"open","sticky":false,"template":"","format":"standard","meta":{"footnotes":""},"categories":[8],"tags":[],"global-categories":[],"class_list":["post-8697","post","type-post","status-publish","format-standard","has-post-thumbnail","hentry","category-orszaguti-kerekpar"],"yoast_head":"<!-- This site is optimized with the Yoast SEO Premium plugin v25.3 (Yoast SEO v25.9) - https:\/\/yoast.com\/wordpress\/plugins\/seo\/ -->\n<title>6 tan\u00e1cs, ha forgalomban biciklizel - \u0160koda We Love Cycling - Magyarorsz\u00e1g<\/title>\n<meta name=\"description\" content=\"Tal\u00e1n m\u00e1r tal\u00e1lkozt\u00e1l vel\u00fck, de ism\u00e9tl\u00e9s a tud\u00e1s anyja, a tud\u00e1s pedig most \u00e9letet menthet.\" \/>\n<meta name=\"robots\" content=\"index, follow, max-snippet:-1, max-image-preview:large, max-video-preview:-1\" \/>\n<link rel=\"canonical\" href=\"https:\/\/www.welovecycling.com\/hu\/orszaguti-kerekpar\/6-tanacs-ha-forgalomban-biciklizel\/\" \/>\n<meta property=\"og:locale\" content=\"hu_HU\" \/>\n<meta property=\"og:type\" content=\"article\" \/>\n<meta property=\"og:title\" content=\"6 tan\u00e1cs, ha forgalomban biciklizel\" \/>\n<meta property=\"og:description\" content=\"Tal\u00e1n m\u00e1r tal\u00e1lkozt\u00e1l vel\u00fck, de ism\u00e9tl\u00e9s a tud\u00e1s anyja, a tud\u00e1s pedig most \u00e9letet menthet.\" \/>\n<meta property=\"og:url\" content=\"https:\/\/www.welovecycling.com\/hu\/orszaguti-kerekpar\/6-tanacs-ha-forgalomban-biciklizel\/\" \/>\n<meta property=\"og:site_name\" content=\"\u0160koda We Love Cycling - Magyarorsz\u00e1g\" \/>\n<meta property=\"article:publisher\" content=\"https:\/\/www.facebook.com\/WeLoveCyclingHungary\/\" \/>\n<meta property=\"article:published_time\" content=\"2020-10-08T07:00:17+00:00\" \/>\n<meta property=\"og:image\" content=\"https:\/\/d2p6e6u75xmxt8.cloudfront.net\/12\/2020\/10\/urban-cyclist-profimedia-0487331209-CVR.jpg\" \/>\n\t<meta property=\"og:image:width\" content=\"1366\" \/>\n\t<meta property=\"og:image:height\" content=\"600\" \/>\n\t<meta property=\"og:image:type\" content=\"image\/jpeg\" \/>\n<meta name=\"author\" content=\"hegyizs\" \/>\n<meta name=\"twitter:card\" content=\"summary_large_image\" \/>\n<meta name=\"twitter:label1\" content=\"Written by\" \/>\n\t<meta name=\"twitter:data1\" content=\"Adam Marsal\" \/>\n\t<meta name=\"twitter:label2\" content=\"Est. reading time\" \/>\n\t<meta name=\"twitter:data2\" content=\"4\" \/>\n<script type=\"application\/ld+json\" class=\"yoast-schema-graph\">{\"@context\":\"https:\/\/schema.org\",\"@graph\":[{\"@type\":\"WebPage\",\"@id\":\"https:\/\/www.welovecycling.com\/hu\/orszaguti-kerekpar\/6-tanacs-ha-forgalomban-biciklizel\/\",\"url\":\"https:\/\/www.welovecycling.com\/hu\/orszaguti-kerekpar\/6-tanacs-ha-forgalomban-biciklizel\/\",\"name\":\"6 tan\u00e1cs, ha forgalomban biciklizel - \u0160koda We Love Cycling - Magyarorsz\u00e1g\",\"isPartOf\":{\"@id\":\"https:\/\/www.welovecycling.com\/hu\/#website\"},\"primaryImageOfPage\":{\"@id\":\"https:\/\/www.welovecycling.com\/hu\/orszaguti-kerekpar\/6-tanacs-ha-forgalomban-biciklizel\/#primaryimage\"},\"image\":{\"@id\":\"https:\/\/www.welovecycling.com\/hu\/orszaguti-kerekpar\/6-tanacs-ha-forgalomban-biciklizel\/#primaryimage\"},\"thumbnailUrl\":\"https:\/\/d2p6e6u75xmxt8.cloudfront.net\/12\/2020\/10\/urban-cyclist-profimedia-0487331209-CVR.jpg\",\"datePublished\":\"2020-10-08T07:00:17+00:00\",\"author\":{\"@id\":\"https:\/\/www.welovecycling.com\/hu\/#\/schema\/person\/414a2aebf1801691a5320edb6468e194\"},\"description\":\"Tal\u00e1n m\u00e1r tal\u00e1lkozt\u00e1l vel\u00fck, de ism\u00e9tl\u00e9s a tud\u00e1s anyja, a tud\u00e1s pedig most \u00e9letet menthet.\",\"breadcrumb\":{\"@id\":\"https:\/\/www.welovecycling.com\/hu\/orszaguti-kerekpar\/6-tanacs-ha-forgalomban-biciklizel\/#breadcrumb\"},\"inLanguage\":\"hu\",\"potentialAction\":[{\"@type\":\"ReadAction\",\"target\":[\"https:\/\/www.welovecycling.com\/hu\/orszaguti-kerekpar\/6-tanacs-ha-forgalomban-biciklizel\/\"]}]},{\"@type\":\"ImageObject\",\"inLanguage\":\"hu\",\"@id\":\"https:\/\/www.welovecycling.com\/hu\/orszaguti-kerekpar\/6-tanacs-ha-forgalomban-biciklizel\/#primaryimage\",\"url\":\"https:\/\/d2p6e6u75xmxt8.cloudfront.net\/12\/2020\/10\/urban-cyclist-profimedia-0487331209-CVR.jpg\",\"contentUrl\":\"https:\/\/d2p6e6u75xmxt8.cloudfront.net\/12\/2020\/10\/urban-cyclist-profimedia-0487331209-CVR.jpg\",\"width\":1366,\"height\":600,\"caption\":\"Urban Cycling\"},{\"@type\":\"BreadcrumbList\",\"@id\":\"https:\/\/www.welovecycling.com\/hu\/orszaguti-kerekpar\/6-tanacs-ha-forgalomban-biciklizel\/#breadcrumb\",\"itemListElement\":[{\"@type\":\"ListItem\",\"position\":1,\"name\":\"Home\",\"item\":\"https:\/\/www.welovecycling.com\/hu\/\"},{\"@type\":\"ListItem\",\"position\":2,\"name\":\"6 tan\u00e1cs, ha forgalomban biciklizel\"}]},{\"@type\":\"WebSite\",\"@id\":\"https:\/\/www.welovecycling.com\/hu\/#website\",\"url\":\"https:\/\/www.welovecycling.com\/hu\/\",\"name\":\"\u0160koda We Love Cycling - Magyarorsz\u00e1g\",\"description\":\"\u0160koda WeLoveCycling\",\"potentialAction\":[{\"@type\":\"SearchAction\",\"target\":{\"@type\":\"EntryPoint\",\"urlTemplate\":\"https:\/\/www.welovecycling.com\/hu\/?s={search_term_string}\"},\"query-input\":{\"@type\":\"PropertyValueSpecification\",\"valueRequired\":true,\"valueName\":\"search_term_string\"}}],\"inLanguage\":\"hu\"},{\"@type\":\"Person\",\"@id\":\"https:\/\/www.welovecycling.com\/hu\/#\/schema\/person\/414a2aebf1801691a5320edb6468e194\",\"name\":\"hegyizs\",\"image\":{\"@type\":\"ImageObject\",\"inLanguage\":\"hu\",\"@id\":\"https:\/\/www.welovecycling.com\/hu\/#\/schema\/person\/image\/\",\"url\":\"https:\/\/secure.gravatar.com\/avatar\/02cf8a7906b8cf90cecb4679defac7cfd33a1c2e3b88e4903d947f3bb58eedd3?s=96&d=mm&r=g\",\"contentUrl\":\"https:\/\/secure.gravatar.com\/avatar\/02cf8a7906b8cf90cecb4679defac7cfd33a1c2e3b88e4903d947f3bb58eedd3?s=96&d=mm&r=g\",\"caption\":\"hegyizs\"},\"url\":\"https:\/\/www.welovecycling.com\/hu\/author\/hegyizs\/\"}]}<\/script>\n<!-- \/ Yoast SEO Premium plugin. -->","yoast_head_json":{"title":"6 tan\u00e1cs, ha forgalomban biciklizel - \u0160koda We Love Cycling - Magyarorsz\u00e1g","description":"Tal\u00e1n m\u00e1r tal\u00e1lkozt\u00e1l vel\u00fck, de ism\u00e9tl\u00e9s a tud\u00e1s anyja, a tud\u00e1s pedig most \u00e9letet menthet.","robots":{"index":"index","follow":"follow","max-snippet":"max-snippet:-1","max-image-preview":"max-image-preview:large","max-video-preview":"max-video-preview:-1"},"canonical":"https:\/\/www.welovecycling.com\/hu\/orszaguti-kerekpar\/6-tanacs-ha-forgalomban-biciklizel\/","og_locale":"hu_HU","og_type":"article","og_title":"6 tan\u00e1cs, ha forgalomban biciklizel","og_description":"Tal\u00e1n m\u00e1r tal\u00e1lkozt\u00e1l vel\u00fck, de ism\u00e9tl\u00e9s a tud\u00e1s anyja, a tud\u00e1s pedig most \u00e9letet menthet.","og_url":"https:\/\/www.welovecycling.com\/hu\/orszaguti-kerekpar\/6-tanacs-ha-forgalomban-biciklizel\/","og_site_name":"\u0160koda We Love Cycling - Magyarorsz\u00e1g","article_publisher":"https:\/\/www.facebook.com\/WeLoveCyclingHungary\/","article_published_time":"2020-10-08T07:00:17+00:00","og_image":[{"width":1366,"height":600,"url":"https:\/\/d2p6e6u75xmxt8.cloudfront.net\/12\/2020\/10\/urban-cyclist-profimedia-0487331209-CVR.jpg","type":"image\/jpeg"}],"author":"hegyizs","twitter_card":"summary_large_image","twitter_misc":{"Written by":"Adam Marsal","Est. reading time":"4"},"schema":{"@context":"https:\/\/schema.org","@graph":[{"@type":"WebPage","@id":"https:\/\/www.welovecycling.com\/hu\/orszaguti-kerekpar\/6-tanacs-ha-forgalomban-biciklizel\/","url":"https:\/\/www.welovecycling.com\/hu\/orszaguti-kerekpar\/6-tanacs-ha-forgalomban-biciklizel\/","name":"6 tan\u00e1cs, ha forgalomban biciklizel - \u0160koda We Love Cycling - Magyarorsz\u00e1g","isPartOf":{"@id":"https:\/\/www.welovecycling.com\/hu\/#website"},"primaryImageOfPage":{"@id":"https:\/\/www.welovecycling.com\/hu\/orszaguti-kerekpar\/6-tanacs-ha-forgalomban-biciklizel\/#primaryimage"},"image":{"@id":"https:\/\/www.welovecycling.com\/hu\/orszaguti-kerekpar\/6-tanacs-ha-forgalomban-biciklizel\/#primaryimage"},"thumbnailUrl":"https:\/\/d2p6e6u75xmxt8.cloudfront.net\/12\/2020\/10\/urban-cyclist-profimedia-0487331209-CVR.jpg","datePublished":"2020-10-08T07:00:17+00:00","author":{"@id":"https:\/\/www.welovecycling.com\/hu\/#\/schema\/person\/414a2aebf1801691a5320edb6468e194"},"description":"Tal\u00e1n m\u00e1r tal\u00e1lkozt\u00e1l vel\u00fck, de ism\u00e9tl\u00e9s a tud\u00e1s anyja, a tud\u00e1s pedig most \u00e9letet menthet.","breadcrumb":{"@id":"https:\/\/www.welovecycling.com\/hu\/orszaguti-kerekpar\/6-tanacs-ha-forgalomban-biciklizel\/#breadcrumb"},"inLanguage":"hu","potentialAction":[{"@type":"ReadAction","target":["https:\/\/www.welovecycling.com\/hu\/orszaguti-kerekpar\/6-tanacs-ha-forgalomban-biciklizel\/"]}]},{"@type":"ImageObject","inLanguage":"hu","@id":"https:\/\/www.welovecycling.com\/hu\/orszaguti-kerekpar\/6-tanacs-ha-forgalomban-biciklizel\/#primaryimage","url":"https:\/\/d2p6e6u75xmxt8.cloudfront.net\/12\/2020\/10\/urban-cyclist-profimedia-0487331209-CVR.jpg","contentUrl":"https:\/\/d2p6e6u75xmxt8.cloudfront.net\/12\/2020\/10\/urban-cyclist-profimedia-0487331209-CVR.jpg","width":1366,"height":600,"caption":"Urban Cycling"},{"@type":"BreadcrumbList","@id":"https:\/\/www.welovecycling.com\/hu\/orszaguti-kerekpar\/6-tanacs-ha-forgalomban-biciklizel\/#breadcrumb","itemListElement":[{"@type":"ListItem","position":1,"name":"Home","item":"https:\/\/www.welovecycling.com\/hu\/"},{"@type":"ListItem","position":2,"name":"6 tan\u00e1cs, ha forgalomban biciklizel"}]},{"@type":"WebSite","@id":"https:\/\/www.welovecycling.com\/hu\/#website","url":"https:\/\/www.welovecycling.com\/hu\/","name":"\u0160koda We Love Cycling - Magyarorsz\u00e1g","description":"\u0160koda WeLoveCycling","potentialAction":[{"@type":"SearchAction","target":{"@type":"EntryPoint","urlTemplate":"https:\/\/www.welovecycling.com\/hu\/?s={search_term_string}"},"query-input":{"@type":"PropertyValueSpecification","valueRequired":true,"valueName":"search_term_string"}}],"inLanguage":"hu"},{"@type":"Person","@id":"https:\/\/www.welovecycling.com\/hu\/#\/schema\/person\/414a2aebf1801691a5320edb6468e194","name":"hegyizs","image":{"@type":"ImageObject","inLanguage":"hu","@id":"https:\/\/www.welovecycling.com\/hu\/#\/schema\/person\/image\/","url":"https:\/\/secure.gravatar.com\/avatar\/02cf8a7906b8cf90cecb4679defac7cfd33a1c2e3b88e4903d947f3bb58eedd3?s=96&d=mm&r=g","contentUrl":"https:\/\/secure.gravatar.com\/avatar\/02cf8a7906b8cf90cecb4679defac7cfd33a1c2e3b88e4903d947f3bb58eedd3?s=96&d=mm&r=g","caption":"hegyizs"},"url":"https:\/\/www.welovecycling.com\/hu\/author\/hegyizs\/"}]}},"_links":{"self":[{"href":"https:\/\/www.welovecycling.com\/hu\/wp-json\/wp\/v2\/posts\/8697","targetHints":{"allow":["GET"]}}],"collection":[{"href":"https:\/\/www.welovecycling.com\/hu\/wp-json\/wp\/v2\/posts"}],"about":[{"href":"https:\/\/www.welovecycling.com\/hu\/wp-json\/wp\/v2\/types\/post"}],"author":[{"embeddable":true,"href":"https:\/\/www.welovecycling.com\/hu\/wp-json\/wp\/v2\/users\/71"}],"replies":[{"embeddable":true,"href":"https:\/\/www.welovecycling.com\/hu\/wp-json\/wp\/v2\/comments?post=8697"}],"version-history":[{"count":2,"href":"https:\/\/www.welovecycling.com\/hu\/wp-json\/wp\/v2\/posts\/8697\/revisions"}],"predecessor-version":[{"id":8710,"href":"https:\/\/www.welovecycling.com\/hu\/wp-json\/wp\/v2\/posts\/8697\/revisions\/8710"}],"wp:featuredmedia":[{"embeddable":true,"href":"https:\/\/www.welovecycling.com\/hu\/wp-json\/wp\/v2\/media\/8701"}],"wp:attachment":[{"href":"https:\/\/www.welovecycling.com\/hu\/wp-json\/wp\/v2\/media?parent=8697"}],"wp:term":[{"taxonomy":"category","embeddable":true,"href":"https:\/\/www.welovecycling.com\/hu\/wp-json\/wp\/v2\/categories?post=8697"},{"taxonomy":"post_tag","embeddable":true,"href":"https:\/\/www.welovecycling.com\/hu\/wp-json\/wp\/v2\/tags?post=8697"},{"taxonomy":"global-categories","embeddable":true,"href":"https:\/\/www.welovecycling.com\/hu\/wp-json\/wp\/v2\/global-categories?post=8697"}],"curies":[{"name":"wp","href":"https:\/\/api.w.org\/{rel}","templated":true}]}}