{"id":8692,"date":"2020-10-07T08:00:00","date_gmt":"2020-10-07T07:00:00","guid":{"rendered":"https:\/\/www.welovecycling.com\/hu\/?p=8692"},"modified":"2020-10-02T19:31:51","modified_gmt":"2020-10-02T18:31:51","slug":"yoshizo-shimano-hagyateka-a-ferfi-aki-megvaltoztatta-a-kerekparozast","status":"publish","type":"post","link":"https:\/\/www.welovecycling.com\/hu\/kozosseg-es-kultura\/yoshizo-shimano-hagyateka-a-ferfi-aki-megvaltoztatta-a-kerekparozast\/","title":{"rendered":"Yoshizo Shimano hagyat\u00e9ka: a f\u00e9rfi, aki megv\u00e1ltoztatta a ker\u00e9kp\u00e1roz\u00e1st"},"content":{"rendered":"<p><strong>Szinte el sem tudunk k\u00e9pzelni olyan ker\u00e9kp\u00e1rost, aki soha \u00e9let\u00e9ben ne \u00fclt volna Shimano Inc. gy\u00e1rt\u00e1s\u00fa alkatr\u00e9szekkel felszerelt biciklin. Az egyik legnagyobb ker\u00e9kp\u00e1ralkatr\u00e9sz-gy\u00e1rt\u00f3 c\u00e9g j\u00f6v\u0151re \u00fcnnepli 100. \u00e9vfordul\u00f3j\u00e1t. A jap\u00e1n Sakaiban alap\u00edtott v\u00e1llalat az \u00e9vtizedek alatt glob\u00e1lis vezet\u0151v\u00e9 n\u0151tte ki mag\u00e1t, jelenleg horg\u00e1szfelszerel\u00e9seket \u00e9s ev\u0151eszk\u00f6z\u00f6ket is gy\u00e1rt, \u00e9ves nett\u00f3 \u00e1rbev\u00e9tele 3,2 milli\u00e1rd doll\u00e1rra r\u00fag. Yoshizo Shimano, az alap\u00edt\u00f3 fia, id\u00e9n j\u00faliusban hunyt el.<\/strong><\/p>\n<p><!--more--><\/p>\n<p>A Shimano Vasm\u0171vet 1921 febru\u00e1rj\u00e1ban Shozaburo Shimano, fiatal v\u00e1llalkoz\u00f3 alap\u00edtotta, aki csaknem 40 n\u00e9gyzetm\u00e9teres ter\u00fcletet b\u00e9relt egy lebontott celluloidgy\u00e1r hely\u00e9n. Abban az id\u0151ben a m\u0171hely egyetlen eszterg\u00e1b\u00f3l \u00e1llt, amelyet Shimano bar\u00e1tj\u00e1t\u00f3l, a Sano Vasm\u0171 tulajdonos\u00e1t\u00f3l k\u00f6lcs\u00f6nz\u00f6tt. A v\u00e1llalat els\u0151sorban szabadonfut\u00f3kat gy\u00e1rtott, ez pedig alapos g\u00e9p\u00e9szeti \u00e9s m\u00e9rn\u00f6ki ismereteket ig\u00e9nyelt. 1940-ben a v\u00e1llalat alkalmazottainak sz\u00e1ma m\u00e1r meghaladta a 300-at. Shozaburo Shimano 1958-ban elhunyt, alig egy \u00e9vvel azut\u00e1n, hogy a v\u00e1llalat bevezette els\u0151 bels\u0151, 3 sebess\u00e9ges v\u00e1lt\u00f3j\u00e1t.<\/p>\n<figure id=\"attachment_8693\" aria-describedby=\"caption-attachment-8693\" style=\"width: 1024px\" class=\"wp-caption alignnone\"><a href=\"https:\/\/d2p6e6u75xmxt8.cloudfront.net\/2\/2020\/09\/profimedia-0465996023.jpg\"><img loading=\"lazy\" decoding=\"async\" class=\"wp-image-8693 size-large\" src=\"https:\/\/d2p6e6u75xmxt8.cloudfront.net\/12\/2020\/10\/profimedia-0465996023-1024x638.jpg\" alt=\"Shimano at Mountain Bike World Cup\" width=\"1024\" height=\"638\" srcset=\"https:\/\/d2p6e6u75xmxt8.cloudfront.net\/12\/2020\/10\/profimedia-0465996023-1024x638.jpg 1024w, https:\/\/d2p6e6u75xmxt8.cloudfront.net\/12\/2020\/10\/profimedia-0465996023-300x187.jpg 300w, https:\/\/d2p6e6u75xmxt8.cloudfront.net\/12\/2020\/10\/profimedia-0465996023-768x479.jpg 768w, https:\/\/d2p6e6u75xmxt8.cloudfront.net\/12\/2020\/10\/profimedia-0465996023.jpg 1250w\" sizes=\"auto, (max-width: 1024px) 100vw, 1024px\" \/><\/a><figcaption id=\"caption-attachment-8693\" class=\"wp-caption-text\"><em>A UCI Mountain Bike World Cup Lenzerheide versenyt a Shimano t\u00e1mogatja. \u00a9 Profimedia<\/em><\/figcaption><\/figure>\n<p>Shozaburo legid\u0151sebb fia, Shozo Shimano vette \u00e1t az \u00fczletet azzal a sz\u00e1nd\u00e9kkal, hogy a tengerent\u00falra terjeszkedjen tov\u00e1bb. Nem sokkal k\u00e9s\u0151bb New Yorkban megalap\u00edtotta a Shimano American Corporation-t, testv\u00e9r\u00e9vel, Yoshizo Shiman\u00f3val. Az elad\u00e1sok az egekbe sz\u00f6ktek, miut\u00e1n a v\u00e1llalat \u00faj \u00fczemet nyitott Yamaguchban, amely havonta 50 000 egys\u00e9g f\u00e9ket tudott el\u0151\u00e1ll\u00edtani. A 70-es \u00e9vekben a c\u00e9g m\u00e1r N\u00e9metorsz\u00e1gban \u00e9s Szingap\u00farban is jelen volt. Az 1973-as \u00e9v m\u00e9rf\u00f6ldk\u0151nek tekinthet\u0151: ekkor adt\u00e1k ki a legend\u00e1s Dura-Ace alkatr\u00e9szeket. Amikor az Egyes\u00fclt \u00c1llamokb\u00f3l \u00e9rkez\u0151 ker\u00e9kp\u00e1ralkatr\u00e9szekre vonatkoz\u00f3 ig\u00e9ny meghaladta az eur\u00f3pai gy\u00e1rt\u00f3k kapacit\u00e1s\u00e1t, a Shimano \u00e9s a SunTour jap\u00e1n gy\u00e1rt\u00f3k mindent megtettek a kereslet kiel\u00e9g\u00edt\u00e9s\u00e9\u00e9rt. M\u00edg a SunTour a megl\u00e9v\u0151 rendszerek finom\u00edt\u00e1s\u00e1ra \u00f6sszpontos\u00edtott, a Shimano olyan \u00faj\u00edt\u00e1sokba fektetett, mint p\u00e9ld\u00e1ul az index k\u00f6zvetlen el\u0151dje. Az \u00e1rk\u00e9pz\u00e9sre gyakorolt \u200b\u200bnyom\u00e1snak \u00e9s a Shimano folyamatos innov\u00e1ci\u00f3j\u00e1nak k\u00f6sz\u00f6nhet\u0151en az eur\u00f3pai gy\u00e1rt\u00f3kat lassan megfosztott\u00e1k eredeti piaci helyzet\u00fckt\u0151l.<\/p>\n<p>Az apj\u00e1t\u00f3l \u00e9s az id\u0151sebb testv\u00e9rekt\u0151l szerzett ismereteket saj\u00e1t elk\u00e9pzel\u00e9seivel kieg\u00e9sz\u00edtve Yoshizo Shimano nagyban hozz\u00e1j\u00e1rult a v\u00e1llalat terjeszked\u00e9s\u00e9hez. Siker\u00fclt l\u00e9p\u00e9st tartania az Egyes\u00fclt \u00c1llamok 80-as \u00e9vekbeli hegyiker\u00e9kp\u00e1r-fellend\u00fcl\u00e9s\u00e9vel. 1995-ben \u0151 lett az eg\u00e9sz t\u00e1rsas\u00e1g eln\u00f6ke, k\u00e9t id\u0151sebb testv\u00e9r\u00e9t, Shoz\u00f3t \u00e9s Keiz\u00f3t k\u00f6vetve. 1998-ban bevezette az angolt a v\u00e1llalat hivatalos nyelvek\u00e9nt, ezzel is hangs\u00falyozva a glob\u00e1lis fejl\u0151d\u00e9st. Yoshizo Shimano lelkes ker\u00e9kp\u00e1ros maradt eg\u00e9szen id\u0151s kor\u00e1ig. Miel\u0151tt 2001-ben nyugd\u00edjba vonult, \u00faj kih\u00edv\u00e1sok fel\u00e9 ir\u00e1ny\u00edtotta a c\u00e9get, arra \u00f6szt\u00f6n\u00f6zve ut\u00f3dj\u00e1t, hogy az elektromos ker\u00e9kp\u00e1rok piac\u00e1ra is t\u00f6rjenek be.<\/p>\n<p><a href=\"https:\/\/d2p6e6u75xmxt8.cloudfront.net\/12\/2020\/10\/yoshizo-shimano-a-former-president-of-shimano-inc-pictured-news-photo-1594132968.jpg\"><img loading=\"lazy\" decoding=\"async\" class=\"alignnone size-full wp-image-8694\" src=\"https:\/\/d2p6e6u75xmxt8.cloudfront.net\/12\/2020\/10\/yoshizo-shimano-a-former-president-of-shimano-inc-pictured-news-photo-1594132968.jpg\" alt=\"Yoshizo Shimano\" width=\"640\" height=\"321\" srcset=\"https:\/\/d2p6e6u75xmxt8.cloudfront.net\/12\/2020\/10\/yoshizo-shimano-a-former-president-of-shimano-inc-pictured-news-photo-1594132968.jpg 640w, https:\/\/d2p6e6u75xmxt8.cloudfront.net\/12\/2020\/10\/yoshizo-shimano-a-former-president-of-shimano-inc-pictured-news-photo-1594132968-300x150.jpg 300w\" sizes=\"auto, (max-width: 640px) 100vw, 640px\" \/><\/a><\/p>\n<p>Yoshizo Shimano id\u00e9n ny\u00e1ron, 85 \u00e9vesen hunyt el,. A Shimano Inc. alap\u00edt\u00f3j\u00e1nak harmadik fia kr\u00f3nikus sz\u00edvbetegs\u00e9gben halt meg. <em>&#8220;A c\u00e9g fejl\u0151d\u00e9s\u00e9hez val\u00f3 hozz\u00e1j\u00e1rul\u00e1sa felbecs\u00fclhetetlen, hat\u00e1sa \u00f6r\u00f6kre \u00e9rezhet\u0151 lesz&#8221; <\/em>&#8211; \u00edrta a c\u00e9g a hal\u00e1l\u00e1r\u00f3l sz\u00f3l\u00f3 hivatalos k\u00f6zlem\u00e9nyben.<\/p>\n<h2><strong>A v\u00e1llalat m\u00e9rf\u00f6ldk\u00f6vei<\/strong><\/h2>\n<p><strong>1921<\/strong><\/p>\n<p>Shozaburo Shimano megalap\u00edtotta a Shimano Vasm\u0171vet. Megkezd\u0151d\u00f6tt a szabadonfut\u00f3k gy\u00e1rt\u00e1sa.<\/p>\n<p><strong>1957<\/strong><\/p>\n<p>Megalkott\u00e1k a bels\u0151, 3 sebess\u00e9ges v\u00e1lt\u00f3t<\/p>\n<p><strong>1959<\/strong><\/p>\n<p>Shozaburo Shimano alap\u00edt\u00f3 elhunyt, Shozo Shimano lett az eln\u00f6k<\/p>\n<p><strong>1973<\/strong><\/p>\n<p>Elind\u00edtott\u00e1k a Shimano versenycsapat\u00e1t \u00e9s kiadt\u00e1k a DURA-ACE alkatr\u00e9szek sorozat\u00e1t<\/p>\n<p><strong>1991<\/strong><\/p>\n<p>Az MTB-k XTR sorozata megjelent a piacon<\/p>\n<p><strong>1992<\/strong><\/p>\n<p>Keizo Shimano lett a harmadik eln\u00f6k<\/p>\n<p><strong>1995<\/strong><\/p>\n<p>Yoshizo Shimano lett a negyedik eln\u00f6k<\/p>\n<p><strong>2001<\/strong><\/p>\n<p>Yozo Shimano lett az \u00f6t\u00f6dik eln\u00f6k<\/p>\n<p><strong>2019<\/strong><\/p>\n<p>Forgalomba ker\u00fcltek a Shimano els\u0151 gravel ker\u00e9kp\u00e1rhoz k\u00e9sz\u00edtett alkatr\u00e9szei<\/p>\n","protected":false},"excerpt":{"rendered":"<p>Szinte el sem tudunk k\u00e9pzelni olyan ker\u00e9kp\u00e1rost, aki soha \u00e9let\u00e9ben ne \u00fclt volna Shimano Inc. gy\u00e1rt\u00e1s\u00fa alkatr\u00e9szekkel felszerelt biciklin. Az [&hellip;]<\/p>\n","protected":false},"author":71,"featured_media":8696,"comment_status":"open","ping_status":"open","sticky":false,"template":"","format":"standard","meta":{"footnotes":""},"categories":[12],"tags":[],"global-categories":[],"class_list":["post-8692","post","type-post","status-publish","format-standard","has-post-thumbnail","hentry","category-kozosseg-es-kultura"],"yoast_head":"<!-- This site is optimized with the Yoast SEO Premium plugin v25.3 (Yoast SEO v25.9) - https:\/\/yoast.com\/wordpress\/plugins\/seo\/ -->\n<title>Yoshizo Shimano hagyat\u00e9ka: a f\u00e9rfi, aki megv\u00e1ltoztatta a ker\u00e9kp\u00e1roz\u00e1st<\/title>\n<meta name=\"description\" content=\"Szinte el sem tudunk k\u00e9pzelni olyan ker\u00e9kp\u00e1rost, aki soha \u00e9let\u00e9ben ne \u00fclt volna Shimano Inc. gy\u00e1rt\u00e1s\u00fa alkatr\u00e9szekkel felszerelt biciklin.\" \/>\n<meta name=\"robots\" content=\"index, follow, max-snippet:-1, max-image-preview:large, max-video-preview:-1\" \/>\n<link rel=\"canonical\" href=\"https:\/\/www.welovecycling.com\/hu\/kozosseg-es-kultura\/yoshizo-shimano-hagyateka-a-ferfi-aki-megvaltoztatta-a-kerekparozast\/\" \/>\n<meta property=\"og:locale\" content=\"hu_HU\" \/>\n<meta property=\"og:type\" content=\"article\" \/>\n<meta property=\"og:title\" content=\"Yoshizo Shimano hagyat\u00e9ka: a f\u00e9rfi, aki megv\u00e1ltoztatta a ker\u00e9kp\u00e1roz\u00e1st\" \/>\n<meta property=\"og:description\" content=\"Szinte el sem tudunk k\u00e9pzelni olyan ker\u00e9kp\u00e1rost, aki soha \u00e9let\u00e9ben ne \u00fclt volna Shimano Inc. gy\u00e1rt\u00e1s\u00fa alkatr\u00e9szekkel felszerelt biciklin. Az egyik legnagyobb ker\u00e9kp\u00e1ralkatr\u00e9sz-gy\u00e1rt\u00f3 c\u00e9g j\u00f6v\u0151re \u00fcnnepli 100. \u00e9vfordul\u00f3j\u00e1t. A jap\u00e1n Sakaiban alap\u00edtott v\u00e1llalat az \u00e9vtizedek alatt glob\u00e1lis vezet\u0151v\u00e9 n\u0151tte ki mag\u00e1t, jelenleg horg\u00e1szfelszerel\u00e9seket \u00e9s ev\u0151eszk\u00f6z\u00f6ket is gy\u00e1rt, \u00e9ves nett\u00f3 \u00e1rbev\u00e9tele 3,2 milli\u00e1rd doll\u00e1rra r\u00fag. Yoshizo Shimano, az alap\u00edt\u00f3 fia, id\u00e9n j\u00faliusban hunyt el.\" \/>\n<meta property=\"og:url\" content=\"https:\/\/www.welovecycling.com\/hu\/kozosseg-es-kultura\/yoshizo-shimano-hagyateka-a-ferfi-aki-megvaltoztatta-a-kerekparozast\/\" \/>\n<meta property=\"og:site_name\" content=\"\u0160koda We Love Cycling - Magyarorsz\u00e1g\" \/>\n<meta property=\"article:publisher\" content=\"https:\/\/www.facebook.com\/WeLoveCyclingHungary\/\" \/>\n<meta property=\"article:published_time\" content=\"2020-10-07T07:00:00+00:00\" \/>\n<meta property=\"og:image\" content=\"https:\/\/d2p6e6u75xmxt8.cloudfront.net\/12\/2020\/10\/shimano-profimedia-0484657326-CVR.jpg\" \/>\n\t<meta property=\"og:image:width\" content=\"1366\" \/>\n\t<meta property=\"og:image:height\" content=\"600\" \/>\n\t<meta property=\"og:image:type\" content=\"image\/jpeg\" \/>\n<meta name=\"author\" content=\"hegyizs\" \/>\n<meta name=\"twitter:card\" content=\"summary_large_image\" \/>\n<meta name=\"twitter:title\" content=\"Yoshizo Shimano hagyat\u00e9ka: a f\u00e9rfi, aki megv\u00e1ltoztatta a ker\u00e9kp\u00e1roz\u00e1st\" \/>\n<meta name=\"twitter:label1\" content=\"Written by\" \/>\n\t<meta name=\"twitter:data1\" content=\"Adam Marsal\" \/>\n\t<meta name=\"twitter:label2\" content=\"Est. reading time\" \/>\n\t<meta name=\"twitter:data2\" content=\"5\" \/>\n<script type=\"application\/ld+json\" class=\"yoast-schema-graph\">{\"@context\":\"https:\/\/schema.org\",\"@graph\":[{\"@type\":\"WebPage\",\"@id\":\"https:\/\/www.welovecycling.com\/hu\/kozosseg-es-kultura\/yoshizo-shimano-hagyateka-a-ferfi-aki-megvaltoztatta-a-kerekparozast\/\",\"url\":\"https:\/\/www.welovecycling.com\/hu\/kozosseg-es-kultura\/yoshizo-shimano-hagyateka-a-ferfi-aki-megvaltoztatta-a-kerekparozast\/\",\"name\":\"Yoshizo Shimano hagyat\u00e9ka: a f\u00e9rfi, aki megv\u00e1ltoztatta a ker\u00e9kp\u00e1roz\u00e1st\",\"isPartOf\":{\"@id\":\"https:\/\/www.welovecycling.com\/hu\/#website\"},\"primaryImageOfPage\":{\"@id\":\"https:\/\/www.welovecycling.com\/hu\/kozosseg-es-kultura\/yoshizo-shimano-hagyateka-a-ferfi-aki-megvaltoztatta-a-kerekparozast\/#primaryimage\"},\"image\":{\"@id\":\"https:\/\/www.welovecycling.com\/hu\/kozosseg-es-kultura\/yoshizo-shimano-hagyateka-a-ferfi-aki-megvaltoztatta-a-kerekparozast\/#primaryimage\"},\"thumbnailUrl\":\"https:\/\/d2p6e6u75xmxt8.cloudfront.net\/12\/2020\/10\/shimano-profimedia-0484657326-CVR.jpg\",\"datePublished\":\"2020-10-07T07:00:00+00:00\",\"author\":{\"@id\":\"https:\/\/www.welovecycling.com\/hu\/#\/schema\/person\/414a2aebf1801691a5320edb6468e194\"},\"description\":\"Szinte el sem tudunk k\u00e9pzelni olyan ker\u00e9kp\u00e1rost, aki soha \u00e9let\u00e9ben ne \u00fclt volna Shimano Inc. gy\u00e1rt\u00e1s\u00fa alkatr\u00e9szekkel felszerelt biciklin.\",\"breadcrumb\":{\"@id\":\"https:\/\/www.welovecycling.com\/hu\/kozosseg-es-kultura\/yoshizo-shimano-hagyateka-a-ferfi-aki-megvaltoztatta-a-kerekparozast\/#breadcrumb\"},\"inLanguage\":\"hu\",\"potentialAction\":[{\"@type\":\"ReadAction\",\"target\":[\"https:\/\/www.welovecycling.com\/hu\/kozosseg-es-kultura\/yoshizo-shimano-hagyateka-a-ferfi-aki-megvaltoztatta-a-kerekparozast\/\"]}]},{\"@type\":\"ImageObject\",\"inLanguage\":\"hu\",\"@id\":\"https:\/\/www.welovecycling.com\/hu\/kozosseg-es-kultura\/yoshizo-shimano-hagyateka-a-ferfi-aki-megvaltoztatta-a-kerekparozast\/#primaryimage\",\"url\":\"https:\/\/d2p6e6u75xmxt8.cloudfront.net\/12\/2020\/10\/shimano-profimedia-0484657326-CVR.jpg\",\"contentUrl\":\"https:\/\/d2p6e6u75xmxt8.cloudfront.net\/12\/2020\/10\/shimano-profimedia-0484657326-CVR.jpg\",\"width\":1366,\"height\":600,\"caption\":\"Shimano\"},{\"@type\":\"BreadcrumbList\",\"@id\":\"https:\/\/www.welovecycling.com\/hu\/kozosseg-es-kultura\/yoshizo-shimano-hagyateka-a-ferfi-aki-megvaltoztatta-a-kerekparozast\/#breadcrumb\",\"itemListElement\":[{\"@type\":\"ListItem\",\"position\":1,\"name\":\"Home\",\"item\":\"https:\/\/www.welovecycling.com\/hu\/\"},{\"@type\":\"ListItem\",\"position\":2,\"name\":\"Yoshizo Shimano hagyat\u00e9ka: a f\u00e9rfi, aki megv\u00e1ltoztatta a ker\u00e9kp\u00e1roz\u00e1st\"}]},{\"@type\":\"WebSite\",\"@id\":\"https:\/\/www.welovecycling.com\/hu\/#website\",\"url\":\"https:\/\/www.welovecycling.com\/hu\/\",\"name\":\"\u0160koda We Love Cycling - Magyarorsz\u00e1g\",\"description\":\"\u0160koda WeLoveCycling\",\"potentialAction\":[{\"@type\":\"SearchAction\",\"target\":{\"@type\":\"EntryPoint\",\"urlTemplate\":\"https:\/\/www.welovecycling.com\/hu\/?s={search_term_string}\"},\"query-input\":{\"@type\":\"PropertyValueSpecification\",\"valueRequired\":true,\"valueName\":\"search_term_string\"}}],\"inLanguage\":\"hu\"},{\"@type\":\"Person\",\"@id\":\"https:\/\/www.welovecycling.com\/hu\/#\/schema\/person\/414a2aebf1801691a5320edb6468e194\",\"name\":\"hegyizs\",\"image\":{\"@type\":\"ImageObject\",\"inLanguage\":\"hu\",\"@id\":\"https:\/\/www.welovecycling.com\/hu\/#\/schema\/person\/image\/\",\"url\":\"https:\/\/secure.gravatar.com\/avatar\/02cf8a7906b8cf90cecb4679defac7cfd33a1c2e3b88e4903d947f3bb58eedd3?s=96&d=mm&r=g\",\"contentUrl\":\"https:\/\/secure.gravatar.com\/avatar\/02cf8a7906b8cf90cecb4679defac7cfd33a1c2e3b88e4903d947f3bb58eedd3?s=96&d=mm&r=g\",\"caption\":\"hegyizs\"},\"url\":\"https:\/\/www.welovecycling.com\/hu\/author\/hegyizs\/\"}]}<\/script>\n<!-- \/ Yoast SEO Premium plugin. -->","yoast_head_json":{"title":"Yoshizo Shimano hagyat\u00e9ka: a f\u00e9rfi, aki megv\u00e1ltoztatta a ker\u00e9kp\u00e1roz\u00e1st","description":"Szinte el sem tudunk k\u00e9pzelni olyan ker\u00e9kp\u00e1rost, aki soha \u00e9let\u00e9ben ne \u00fclt volna Shimano Inc. gy\u00e1rt\u00e1s\u00fa alkatr\u00e9szekkel felszerelt biciklin.","robots":{"index":"index","follow":"follow","max-snippet":"max-snippet:-1","max-image-preview":"max-image-preview:large","max-video-preview":"max-video-preview:-1"},"canonical":"https:\/\/www.welovecycling.com\/hu\/kozosseg-es-kultura\/yoshizo-shimano-hagyateka-a-ferfi-aki-megvaltoztatta-a-kerekparozast\/","og_locale":"hu_HU","og_type":"article","og_title":"Yoshizo Shimano hagyat\u00e9ka: a f\u00e9rfi, aki megv\u00e1ltoztatta a ker\u00e9kp\u00e1roz\u00e1st","og_description":"Szinte el sem tudunk k\u00e9pzelni olyan ker\u00e9kp\u00e1rost, aki soha \u00e9let\u00e9ben ne \u00fclt volna Shimano Inc. gy\u00e1rt\u00e1s\u00fa alkatr\u00e9szekkel felszerelt biciklin. Az egyik legnagyobb ker\u00e9kp\u00e1ralkatr\u00e9sz-gy\u00e1rt\u00f3 c\u00e9g j\u00f6v\u0151re \u00fcnnepli 100. \u00e9vfordul\u00f3j\u00e1t. A jap\u00e1n Sakaiban alap\u00edtott v\u00e1llalat az \u00e9vtizedek alatt glob\u00e1lis vezet\u0151v\u00e9 n\u0151tte ki mag\u00e1t, jelenleg horg\u00e1szfelszerel\u00e9seket \u00e9s ev\u0151eszk\u00f6z\u00f6ket is gy\u00e1rt, \u00e9ves nett\u00f3 \u00e1rbev\u00e9tele 3,2 milli\u00e1rd doll\u00e1rra r\u00fag. Yoshizo Shimano, az alap\u00edt\u00f3 fia, id\u00e9n j\u00faliusban hunyt el.","og_url":"https:\/\/www.welovecycling.com\/hu\/kozosseg-es-kultura\/yoshizo-shimano-hagyateka-a-ferfi-aki-megvaltoztatta-a-kerekparozast\/","og_site_name":"\u0160koda We Love Cycling - Magyarorsz\u00e1g","article_publisher":"https:\/\/www.facebook.com\/WeLoveCyclingHungary\/","article_published_time":"2020-10-07T07:00:00+00:00","og_image":[{"width":1366,"height":600,"url":"https:\/\/d2p6e6u75xmxt8.cloudfront.net\/12\/2020\/10\/shimano-profimedia-0484657326-CVR.jpg","type":"image\/jpeg"}],"author":"hegyizs","twitter_card":"summary_large_image","twitter_title":"Yoshizo Shimano hagyat\u00e9ka: a f\u00e9rfi, aki megv\u00e1ltoztatta a ker\u00e9kp\u00e1roz\u00e1st","twitter_misc":{"Written by":"Adam Marsal","Est. reading time":"5"},"schema":{"@context":"https:\/\/schema.org","@graph":[{"@type":"WebPage","@id":"https:\/\/www.welovecycling.com\/hu\/kozosseg-es-kultura\/yoshizo-shimano-hagyateka-a-ferfi-aki-megvaltoztatta-a-kerekparozast\/","url":"https:\/\/www.welovecycling.com\/hu\/kozosseg-es-kultura\/yoshizo-shimano-hagyateka-a-ferfi-aki-megvaltoztatta-a-kerekparozast\/","name":"Yoshizo Shimano hagyat\u00e9ka: a f\u00e9rfi, aki megv\u00e1ltoztatta a ker\u00e9kp\u00e1roz\u00e1st","isPartOf":{"@id":"https:\/\/www.welovecycling.com\/hu\/#website"},"primaryImageOfPage":{"@id":"https:\/\/www.welovecycling.com\/hu\/kozosseg-es-kultura\/yoshizo-shimano-hagyateka-a-ferfi-aki-megvaltoztatta-a-kerekparozast\/#primaryimage"},"image":{"@id":"https:\/\/www.welovecycling.com\/hu\/kozosseg-es-kultura\/yoshizo-shimano-hagyateka-a-ferfi-aki-megvaltoztatta-a-kerekparozast\/#primaryimage"},"thumbnailUrl":"https:\/\/d2p6e6u75xmxt8.cloudfront.net\/12\/2020\/10\/shimano-profimedia-0484657326-CVR.jpg","datePublished":"2020-10-07T07:00:00+00:00","author":{"@id":"https:\/\/www.welovecycling.com\/hu\/#\/schema\/person\/414a2aebf1801691a5320edb6468e194"},"description":"Szinte el sem tudunk k\u00e9pzelni olyan ker\u00e9kp\u00e1rost, aki soha \u00e9let\u00e9ben ne \u00fclt volna Shimano Inc. gy\u00e1rt\u00e1s\u00fa alkatr\u00e9szekkel felszerelt biciklin.","breadcrumb":{"@id":"https:\/\/www.welovecycling.com\/hu\/kozosseg-es-kultura\/yoshizo-shimano-hagyateka-a-ferfi-aki-megvaltoztatta-a-kerekparozast\/#breadcrumb"},"inLanguage":"hu","potentialAction":[{"@type":"ReadAction","target":["https:\/\/www.welovecycling.com\/hu\/kozosseg-es-kultura\/yoshizo-shimano-hagyateka-a-ferfi-aki-megvaltoztatta-a-kerekparozast\/"]}]},{"@type":"ImageObject","inLanguage":"hu","@id":"https:\/\/www.welovecycling.com\/hu\/kozosseg-es-kultura\/yoshizo-shimano-hagyateka-a-ferfi-aki-megvaltoztatta-a-kerekparozast\/#primaryimage","url":"https:\/\/d2p6e6u75xmxt8.cloudfront.net\/12\/2020\/10\/shimano-profimedia-0484657326-CVR.jpg","contentUrl":"https:\/\/d2p6e6u75xmxt8.cloudfront.net\/12\/2020\/10\/shimano-profimedia-0484657326-CVR.jpg","width":1366,"height":600,"caption":"Shimano"},{"@type":"BreadcrumbList","@id":"https:\/\/www.welovecycling.com\/hu\/kozosseg-es-kultura\/yoshizo-shimano-hagyateka-a-ferfi-aki-megvaltoztatta-a-kerekparozast\/#breadcrumb","itemListElement":[{"@type":"ListItem","position":1,"name":"Home","item":"https:\/\/www.welovecycling.com\/hu\/"},{"@type":"ListItem","position":2,"name":"Yoshizo Shimano hagyat\u00e9ka: a f\u00e9rfi, aki megv\u00e1ltoztatta a ker\u00e9kp\u00e1roz\u00e1st"}]},{"@type":"WebSite","@id":"https:\/\/www.welovecycling.com\/hu\/#website","url":"https:\/\/www.welovecycling.com\/hu\/","name":"\u0160koda We Love Cycling - Magyarorsz\u00e1g","description":"\u0160koda WeLoveCycling","potentialAction":[{"@type":"SearchAction","target":{"@type":"EntryPoint","urlTemplate":"https:\/\/www.welovecycling.com\/hu\/?s={search_term_string}"},"query-input":{"@type":"PropertyValueSpecification","valueRequired":true,"valueName":"search_term_string"}}],"inLanguage":"hu"},{"@type":"Person","@id":"https:\/\/www.welovecycling.com\/hu\/#\/schema\/person\/414a2aebf1801691a5320edb6468e194","name":"hegyizs","image":{"@type":"ImageObject","inLanguage":"hu","@id":"https:\/\/www.welovecycling.com\/hu\/#\/schema\/person\/image\/","url":"https:\/\/secure.gravatar.com\/avatar\/02cf8a7906b8cf90cecb4679defac7cfd33a1c2e3b88e4903d947f3bb58eedd3?s=96&d=mm&r=g","contentUrl":"https:\/\/secure.gravatar.com\/avatar\/02cf8a7906b8cf90cecb4679defac7cfd33a1c2e3b88e4903d947f3bb58eedd3?s=96&d=mm&r=g","caption":"hegyizs"},"url":"https:\/\/www.welovecycling.com\/hu\/author\/hegyizs\/"}]}},"_links":{"self":[{"href":"https:\/\/www.welovecycling.com\/hu\/wp-json\/wp\/v2\/posts\/8692","targetHints":{"allow":["GET"]}}],"collection":[{"href":"https:\/\/www.welovecycling.com\/hu\/wp-json\/wp\/v2\/posts"}],"about":[{"href":"https:\/\/www.welovecycling.com\/hu\/wp-json\/wp\/v2\/types\/post"}],"author":[{"embeddable":true,"href":"https:\/\/www.welovecycling.com\/hu\/wp-json\/wp\/v2\/users\/71"}],"replies":[{"embeddable":true,"href":"https:\/\/www.welovecycling.com\/hu\/wp-json\/wp\/v2\/comments?post=8692"}],"version-history":[{"count":2,"href":"https:\/\/www.welovecycling.com\/hu\/wp-json\/wp\/v2\/posts\/8692\/revisions"}],"predecessor-version":[{"id":8709,"href":"https:\/\/www.welovecycling.com\/hu\/wp-json\/wp\/v2\/posts\/8692\/revisions\/8709"}],"wp:featuredmedia":[{"embeddable":true,"href":"https:\/\/www.welovecycling.com\/hu\/wp-json\/wp\/v2\/media\/8696"}],"wp:attachment":[{"href":"https:\/\/www.welovecycling.com\/hu\/wp-json\/wp\/v2\/media?parent=8692"}],"wp:term":[{"taxonomy":"category","embeddable":true,"href":"https:\/\/www.welovecycling.com\/hu\/wp-json\/wp\/v2\/categories?post=8692"},{"taxonomy":"post_tag","embeddable":true,"href":"https:\/\/www.welovecycling.com\/hu\/wp-json\/wp\/v2\/tags?post=8692"},{"taxonomy":"global-categories","embeddable":true,"href":"https:\/\/www.welovecycling.com\/hu\/wp-json\/wp\/v2\/global-categories?post=8692"}],"curies":[{"name":"wp","href":"https:\/\/api.w.org\/{rel}","templated":true}]}}