{"id":8681,"date":"2020-10-05T08:00:27","date_gmt":"2020-10-05T07:00:27","guid":{"rendered":"https:\/\/www.welovecycling.com\/hu\/?p=8681"},"modified":"2020-10-02T19:30:46","modified_gmt":"2020-10-02T18:30:46","slug":"5-dolog-amit-megjegyzunk-az-idei-tdf-rol","status":"publish","type":"post","link":"https:\/\/www.welovecycling.com\/hu\/orszaguti-kerekpar\/5-dolog-amit-megjegyzunk-az-idei-tdf-rol\/","title":{"rendered":"5 dolog, amit megjegyz\u00fcnk az idei TdF-r\u0151l"},"content":{"rendered":"<p><strong>H\u0171, h\u00e1t ez egy igen izgalmas Tour volt! Alig volt olyan pillanat, amikor nem t\u00f6rt\u00e9nt semmi k\u00fcl\u00f6nleges! Ann\u00e1l t\u00f6bb hihetetlen t\u00e1mad\u00e1snak lehett\u00fcnk szemtan\u00fai, a legv\u00e1ratlanabb szakaszokon, \u00e9s persze az utols\u00f3 etap leny\u0171g\u00f6z\u0151 egy\u00e9ni eredm\u00e9nyeir\u0151l se feledkezz\u00fcnk meg. Mi ezt az \u00f6t dolgot tartjuk fontosnak kiemelni:<\/strong><\/p>\n<p><!--more--><\/p>\n<h2><strong>Term\u00e9szetesen Tadej Poga\u010dart<\/strong><\/h2>\n<p>Senki nem v\u00e1rta az \u00e9ppen csak 22 \u00e9ves szlov\u00e9n versenyz\u0151t\u0151l, hogy az id\u0151m\u00e9r\u0151 futamon legy\u0151zi honfit\u00e1rs\u00e1t, Primoz Rogli\u010dot, t\u00f6bb mint 2 perccel! Ezzel az el\u0151nnyel nyerte meg a k\u00f6rversenyt, ahonnan egy teljes trik\u00f3gy\u0171jtem\u00e9nnyel t\u00e9rt haza: a gy\u0151ztesnek j\u00e1r\u00f3 s\u00e1rga mez mellett a legjobb fiatal \u00e9s a legjobb hegym\u00e1sz\u00f3 trik\u00f3j\u00e1t is elnyerte. (A z\u00f6ld mez\u00e9rt folytatott k\u00fczdelemben azonban csak 8. lett, de h\u00e1t senki sem t\u00f6k\u00e9letes.)<\/p>\n<figure id=\"attachment_8682\" aria-describedby=\"caption-attachment-8682\" style=\"width: 1024px\" class=\"wp-caption alignnone\"><a href=\"https:\/\/d2p6e6u75xmxt8.cloudfront.net\/2\/2020\/09\/profimedia-0559068043.jpg\"><img loading=\"lazy\" decoding=\"async\" class=\"wp-image-8682 size-large\" src=\"https:\/\/d2p6e6u75xmxt8.cloudfront.net\/12\/2020\/10\/profimedia-0559068043-1024x681.jpg\" alt=\"Tadej Poga\u010dar\" width=\"1024\" height=\"681\" srcset=\"https:\/\/d2p6e6u75xmxt8.cloudfront.net\/12\/2020\/10\/profimedia-0559068043-1024x681.jpg 1024w, https:\/\/d2p6e6u75xmxt8.cloudfront.net\/12\/2020\/10\/profimedia-0559068043-300x199.jpg 300w, https:\/\/d2p6e6u75xmxt8.cloudfront.net\/12\/2020\/10\/profimedia-0559068043-768x511.jpg 768w, https:\/\/d2p6e6u75xmxt8.cloudfront.net\/12\/2020\/10\/profimedia-0559068043-272x182.jpg 272w, https:\/\/d2p6e6u75xmxt8.cloudfront.net\/12\/2020\/10\/profimedia-0559068043.jpg 1250w\" sizes=\"auto, (max-width: 1024px) 100vw, 1024px\" \/><\/a><figcaption id=\"caption-attachment-8682\" class=\"wp-caption-text\"><em>Poga\u010dar a 2020-as TdF-en. \u00a9 Profimedia<\/em><\/figcaption><\/figure>\n<p>A fiatal bring\u00e1s gy\u0151zelme megc\u00e1folni l\u00e1tszik az \u00e1ltal\u00e1nosan elfogadott hiedelmet, hogy a h\u00e1rom hetes versenyt nem lehet er\u0151s h\u00e1tt\u00e9rt\u00e1mogat\u00e1s n\u00e9lk\u00fcl megnyerni. Rogli\u010d csapata, a Jumbo-Visma kem\u00e9ny mez\u0151ny, mindent j\u00f3l csin\u00e1ltak a verseny alatt, m\u00e9gsem szerezt\u00e9k meg a s\u00e1rga trik\u00f3t. Poga\u010dar csapatt\u00e1rsai ezzel szemben szinte l\u00e1thatatlanok voltak. \u00dagy t\u0171nt, els\u0151sorban v\u00edzhord\u00f3nak \u00e9s kell\u00e9kesnek haszn\u00e1lta \u0151ket. A d\u00f6nt\u0151 id\u0151futam ut\u00e1n a bajnok megk\u00f6sz\u00f6nte a munk\u00e1t t\u00e1rsainak \u2013 amit a szakaszok felder\u00edt\u00e9s\u00e9be fektettek.<\/p>\n<p>Teh\u00e1t nincs sz\u00fcks\u00e9g er\u0151s csapatra a gy\u0151zelemhez, s\u0151t, egy\u00e1ltal\u00e1n nincs sz\u00fcks\u00e9g csapatra. Csak egy-k\u00e9t olyan bring\u00e1s kell, aki kib\u00edrja a verseny v\u00e9g\u00e9ig \u00e9s el\u00e9g vizet tud vinni a vezet\u0151j\u00fcknek.<\/p>\n<h2><strong>Aprop\u00f3, csapatok: mi t\u00f6rt\u00e9nt az Ineos-szal?<\/strong><\/h2>\n<p>Nem csak azt furcs\u00e1lljuk, hogy egy olyan emberre tett\u00e9k fel minden\u00fcket, aki nincs a legjobb form\u00e1ban \u2013 a kor\u00e1bbi bajnok Chris Froome \u00e9s Geraint Thomas mellett Egan Bernalra \u2013 de azt is, hogy \u00fagy fest, nem volt B terv\u00fck, pedig a nagyon is j\u00f3 form\u00e1ban l\u00e9v\u0151 Richard Carapaz j\u00f3 jel\u00f6lt lehetett volna.<\/p>\n<figure id=\"attachment_8683\" aria-describedby=\"caption-attachment-8683\" style=\"width: 1024px\" class=\"wp-caption alignnone\"><a href=\"https:\/\/d2p6e6u75xmxt8.cloudfront.net\/2\/2020\/09\/profimedia-0558625592.jpg\"><img loading=\"lazy\" decoding=\"async\" class=\"wp-image-8683 size-large\" src=\"https:\/\/d2p6e6u75xmxt8.cloudfront.net\/12\/2020\/10\/profimedia-0558625592-1024x664.jpg\" alt=\"Ineos Grenadiers\" width=\"1024\" height=\"664\" srcset=\"https:\/\/d2p6e6u75xmxt8.cloudfront.net\/12\/2020\/10\/profimedia-0558625592-1024x664.jpg 1024w, https:\/\/d2p6e6u75xmxt8.cloudfront.net\/12\/2020\/10\/profimedia-0558625592-300x194.jpg 300w, https:\/\/d2p6e6u75xmxt8.cloudfront.net\/12\/2020\/10\/profimedia-0558625592-768x498.jpg 768w, https:\/\/d2p6e6u75xmxt8.cloudfront.net\/12\/2020\/10\/profimedia-0558625592.jpg 1250w\" sizes=\"auto, (max-width: 1024px) 100vw, 1024px\" \/><\/a><figcaption id=\"caption-attachment-8683\" class=\"wp-caption-text\"><em>Mi t\u00f6rt\u00e9nt az Ineos-szal? \u00a9 Profimedia<\/em><\/figcaption><\/figure>\n<p>A tavalyi Giro-bajnok val\u00f3sz\u00edn\u0171leg nem lett volna ellenf\u00e9l Poga\u010darnak, de ha a kezdetekt\u0151l fogva t\u00e1mogatj\u00e1k, felker\u00fclhetett volna a dobog\u00f3ra. Rosszul megtervezett verseny volt ez a csapat sz\u00e1m\u00e1ra, akik kor\u00e1bban m\u00e1r h\u00e9tszer is megnyert\u00e9k a Tour-t. Lehet, hogy az volt a c\u00e9ljuk, hogy id\u00e9n mindh\u00e1rom Grand Tour-t megnyerj\u00e9k, ahogy Bradley Wiggins javasolta. Mindenesetre most mehetnek \u00faj strat\u00e9gi\u00e1t alkotni.<\/p>\n<h2><strong>Sagannak ez lenne a v\u00e9ge?<\/strong><\/h2>\n<p>Az idei versenyen Sagan r\u00e1 nem jellemz\u0151 m\u00f3don nem volt a cs\u00facson. Az elm\u00falt nyolc \u00e9vben h\u00e9tszer nyerte meg a z\u00f6ld trik\u00f3t, most viszont t\u00fal lass\u00fanak bizonyult, \u00edgy nem tudta be\u00e9rni Sam Benett-et. Rajong\u00f3i sz\u00e1m\u00e1ra j\u00f3 h\u00edr, hogy id\u00e9n el\u0151sz\u00f6r indul a Giro d\u2019Italia-n is: tal\u00e1n tudta, hogy nincs olyan form\u00e1ban, hogy versenybe sz\u00e1lljon a z\u00f6ld mez\u00e9rt, \u00edgy erej\u00e9t a Giro-ra tartogatta. A k\u00f6vetkez\u0151 h\u00f3napban nagy k\u00fczdelemre sz\u00e1m\u00edthat a 30 \u00e9ves szlov\u00e1k versenyz\u0151.<\/p>\n<figure id=\"attachment_8684\" aria-describedby=\"caption-attachment-8684\" style=\"width: 1024px\" class=\"wp-caption alignnone\"><a href=\"https:\/\/d2p6e6u75xmxt8.cloudfront.net\/2\/2020\/09\/profimedia-0558783457.jpg\"><img loading=\"lazy\" decoding=\"async\" class=\"wp-image-8684 size-large\" src=\"https:\/\/d2p6e6u75xmxt8.cloudfront.net\/12\/2020\/10\/profimedia-0558783457-1024x682.jpg\" alt=\"Peter Sagan\" width=\"1024\" height=\"682\" srcset=\"https:\/\/d2p6e6u75xmxt8.cloudfront.net\/12\/2020\/10\/profimedia-0558783457-1024x682.jpg 1024w, https:\/\/d2p6e6u75xmxt8.cloudfront.net\/12\/2020\/10\/profimedia-0558783457-300x200.jpg 300w, https:\/\/d2p6e6u75xmxt8.cloudfront.net\/12\/2020\/10\/profimedia-0558783457-768x512.jpg 768w, https:\/\/d2p6e6u75xmxt8.cloudfront.net\/12\/2020\/10\/profimedia-0558783457-272x182.jpg 272w, https:\/\/d2p6e6u75xmxt8.cloudfront.net\/12\/2020\/10\/profimedia-0558783457.jpg 1250w\" sizes=\"auto, (max-width: 1024px) 100vw, 1024px\" \/><\/a><figcaption id=\"caption-attachment-8684\" class=\"wp-caption-text\"><em>Az idei versenyen Sagan r\u00e1 nem jellemz\u0151 m\u00f3don nem volt a cs\u00facson<\/em>. <em>\u00a9 Profimedia<\/em><\/figcaption><\/figure>\n<h2><strong>Wout van Aert<\/strong><\/h2>\n<p>Mit is mondhatn\u00e1nk egy ker\u00e9kp\u00e1rosr\u00f3l, aki k\u00f6nnyed\u00e9n megnyert k\u00e9t sprintszakaszt \u00e9s csapatvezet\u0151je, Rogli\u010d \u00e1rny\u00e9k\u00e1ban fel\u00fclm\u00falta a vil\u00e1g legjobb m\u00e1sz\u00f3it a hegyi szakaszokon? A komment\u00e1torok k\u00f6z\u00f6tt gyorsan terjedt a vil\u00e1g legjobbja jelz\u0151, persze, m\u00e9g miel\u0151tt Poga\u010dar maga m\u00f6g\u00e9 utas\u00edtotta volna \u0151t is az id\u0151m\u00e9r\u0151n. Ha a Tour 7. szakasz\u00e1t is sz\u00e1m\u00edtjuk, van Aert ut\u00f3bbi 17 verseny\u00e9b\u0151l 8-at megnyert.<\/p>\n<p>Johan Bruyneel, a csapat menedzsere az \u00f6tsz\u00f6r\u00f6s Tour-bajnok Bernard Hinault-hoz hasonl\u00edtotta a 26 \u00e9ves belg\u00e1t. <em>\u201eCsak egy olyan versenyz\u0151t ismerek az elm\u00falt \u00e9vtizedb\u0151l, aki k\u00e9pes volt az utols\u00f3 emelked\u0151n is dikt\u00e1lni az iramot \u00e9s megnyerni a sprinteket is\u201d<\/em> \u2013 magyar\u00e1zta Bruyneel. <em>\u201eAzt gondolom, Wout van Aertben meg van minden, ami egy Grand Tour gy\u0151zelemhez kell. Ha megfelel\u0151en k\u00e9sz\u00fcl fel, \u00e9s nem vesz\u00edti el az erej\u00e9t a sprintek sor\u00e1n, van es\u00e9lye a dobog\u00f3ra.\u201d<\/em><\/p>\n<figure id=\"attachment_8685\" aria-describedby=\"caption-attachment-8685\" style=\"width: 1024px\" class=\"wp-caption alignnone\"><a href=\"https:\/\/d2p6e6u75xmxt8.cloudfront.net\/2\/2020\/09\/profimedia-0558803923.jpg\"><img loading=\"lazy\" decoding=\"async\" class=\"wp-image-8685 size-large\" src=\"https:\/\/d2p6e6u75xmxt8.cloudfront.net\/12\/2020\/10\/profimedia-0558803923-1024x679.jpg\" alt=\"Wout van Aert\" width=\"1024\" height=\"679\" srcset=\"https:\/\/d2p6e6u75xmxt8.cloudfront.net\/12\/2020\/10\/profimedia-0558803923-1024x679.jpg 1024w, https:\/\/d2p6e6u75xmxt8.cloudfront.net\/12\/2020\/10\/profimedia-0558803923-300x199.jpg 300w, https:\/\/d2p6e6u75xmxt8.cloudfront.net\/12\/2020\/10\/profimedia-0558803923-768x509.jpg 768w, https:\/\/d2p6e6u75xmxt8.cloudfront.net\/12\/2020\/10\/profimedia-0558803923.jpg 1250w\" sizes=\"auto, (max-width: 1024px) 100vw, 1024px\" \/><\/a><figcaption id=\"caption-attachment-8685\" class=\"wp-caption-text\"><em>Ha a Tour 7. szakasz\u00e1t is sz\u00e1m\u00edtjuk, van Aert ut\u00f3bbi 17 verseny\u00e9b\u0151l 8-at megnyert. \u00a9 Profimedia<\/em><\/figcaption><\/figure>\n<p>Azonban van Aert nem akar tipikus s\u00e1rga-mezes lenni: <em>\u201eHa csak arra koncentr\u00e1ln\u00e9k, hogy csodagyerek lehessek, egy ponton m\u00e1r nem lenne vissza\u00fat \u2013 a testem megv\u00e1ltozna, kil\u00f3kat vesz\u00edten\u00e9k, \u00e9s nem lenn\u00e9k m\u00e1r k\u00e9pes megnyerni a sprinteket \u00e9s a klasszikusokat. Ennyit nem \u00e9r.\u201d<\/em><\/p>\n<h2><strong>A j\u00f6v\u0151be tekint\u00fcnk \u00e9s tetszik, amit l\u00e1tunk<\/strong><\/h2>\n<p>A 22 \u00e9ves bajnok \u00e9s a szint\u00e9n fiatal Aert mellett m\u00e1s nagy rem\u00e9nys\u00e9geket is felfedezhett\u00fcnk az idei versenyen. Bernal m\u00e9g mindig csak 23, a legjobb napok m\u00e9g el\u0151tte \u00e1llnak. A sv\u00e1jci Marc Hirshi, szint\u00e9n 22, \u0151 is megnyert egy szakaszt, \u00e9s a Tour legintenz\u00edvebben t\u00e1mad\u00f3 versenyz\u0151 c\u00edm\u00e9t is. A kolumbiai Miguel \u00c1ngel L\u00f3pez (26) a \u201eQueen\u201d szakaszt nyerte meg, \u0151 is potenci\u00e1lis bajnok. A spanyol Enric Mas (25) pedig az \u00f6t\u00f6dik helyen v\u00e9gzett az \u00f6sszes\u00edtett versenyen. Tov\u00e1bb\u00e1 a n\u00e9met Lennard K\u00e4mna (24) \u00e9s az orosz Pavel Sivakov (23) is figyelemrem\u00e9lt\u00f3 teljes\u00edtm\u00e9nyt ny\u00fajtottak. M\u00e1r v\u00e1rjuk a k\u00f6vetkez\u0151 Tour-t!<\/p>\n","protected":false},"excerpt":{"rendered":"<p>H\u0171, h\u00e1t ez egy igen izgalmas Tour volt! Alig volt olyan pillanat, amikor nem t\u00f6rt\u00e9nt semmi k\u00fcl\u00f6nleges! Ann\u00e1l t\u00f6bb hihetetlen [&hellip;]<\/p>\n","protected":false},"author":71,"featured_media":8687,"comment_status":"open","ping_status":"open","sticky":false,"template":"","format":"standard","meta":{"footnotes":""},"categories":[8],"tags":[],"global-categories":[],"class_list":["post-8681","post","type-post","status-publish","format-standard","has-post-thumbnail","hentry","category-orszaguti-kerekpar"],"yoast_head":"<!-- This site is optimized with the Yoast SEO Premium plugin v25.3 (Yoast SEO v25.9) - https:\/\/yoast.com\/wordpress\/plugins\/seo\/ -->\n<title>5 dolog, amit megjegyz\u00fcnk az idei TdF-r\u0151l - \u0160koda We Love Cycling - Magyarorsz\u00e1g<\/title>\n<meta name=\"description\" content=\"H\u0171, h\u00e1t ez egy igen izgalmas Tour volt! Alig volt olyan pillanat, amikor nem t\u00f6rt\u00e9nt semmi k\u00fcl\u00f6nleges! Ann\u00e1l t\u00f6bb hihetetlen t\u00e1mad\u00e1snak lehett\u00fcnk szemtan\u00fai, a legv\u00e1ratlanabb szakaszokon, \u00e9s persze az utols\u00f3 etap leny\u0171g\u00f6z\u0151 egy\u00e9ni eredm\u00e9nyeir\u0151l se feledkezz\u00fcnk meg. Mi ezt az \u00f6t dolgot tartjuk fontosnak kiemelni:\" \/>\n<meta name=\"robots\" content=\"index, follow, max-snippet:-1, max-image-preview:large, max-video-preview:-1\" \/>\n<link rel=\"canonical\" href=\"https:\/\/www.welovecycling.com\/hu\/orszaguti-kerekpar\/5-dolog-amit-megjegyzunk-az-idei-tdf-rol\/\" \/>\n<meta property=\"og:locale\" content=\"hu_HU\" \/>\n<meta property=\"og:type\" content=\"article\" \/>\n<meta property=\"og:title\" content=\"5 dolog, amit megjegyz\u00fcnk az idei TdF-r\u0151l\" \/>\n<meta property=\"og:description\" content=\"H\u0171, h\u00e1t ez egy igen izgalmas Tour volt! Alig volt olyan pillanat, amikor nem t\u00f6rt\u00e9nt semmi k\u00fcl\u00f6nleges! Ann\u00e1l t\u00f6bb hihetetlen t\u00e1mad\u00e1snak lehett\u00fcnk szemtan\u00fai, a legv\u00e1ratlanabb szakaszokon, \u00e9s persze az utols\u00f3 etap leny\u0171g\u00f6z\u0151 egy\u00e9ni eredm\u00e9nyeir\u0151l se feledkezz\u00fcnk meg. Mi ezt az \u00f6t dolgot tartjuk fontosnak kiemelni.\" \/>\n<meta property=\"og:url\" content=\"https:\/\/www.welovecycling.com\/hu\/orszaguti-kerekpar\/5-dolog-amit-megjegyzunk-az-idei-tdf-rol\/\" \/>\n<meta property=\"og:site_name\" content=\"\u0160koda We Love Cycling - Magyarorsz\u00e1g\" \/>\n<meta property=\"article:publisher\" content=\"https:\/\/www.facebook.com\/WeLoveCyclingHungary\/\" \/>\n<meta property=\"article:published_time\" content=\"2020-10-05T07:00:27+00:00\" \/>\n<meta property=\"og:image\" content=\"https:\/\/d2p6e6u75xmxt8.cloudfront.net\/12\/2020\/10\/pogacar-profimedia-0558970827-CVR.jpg\" \/>\n\t<meta property=\"og:image:width\" content=\"1366\" \/>\n\t<meta property=\"og:image:height\" content=\"600\" \/>\n\t<meta property=\"og:image:type\" content=\"image\/jpeg\" \/>\n<meta name=\"author\" content=\"hegyizs\" \/>\n<meta name=\"twitter:card\" content=\"summary_large_image\" \/>\n<meta name=\"twitter:label1\" content=\"Written by\" \/>\n\t<meta name=\"twitter:data1\" content=\"Siegfried Mortkowitz\" \/>\n\t<meta name=\"twitter:label2\" content=\"Est. reading time\" \/>\n\t<meta name=\"twitter:data2\" content=\"6\" \/>\n<script type=\"application\/ld+json\" class=\"yoast-schema-graph\">{\"@context\":\"https:\/\/schema.org\",\"@graph\":[{\"@type\":\"WebPage\",\"@id\":\"https:\/\/www.welovecycling.com\/hu\/orszaguti-kerekpar\/5-dolog-amit-megjegyzunk-az-idei-tdf-rol\/\",\"url\":\"https:\/\/www.welovecycling.com\/hu\/orszaguti-kerekpar\/5-dolog-amit-megjegyzunk-az-idei-tdf-rol\/\",\"name\":\"5 dolog, amit megjegyz\u00fcnk az idei TdF-r\u0151l - \u0160koda We Love Cycling - Magyarorsz\u00e1g\",\"isPartOf\":{\"@id\":\"https:\/\/www.welovecycling.com\/hu\/#website\"},\"primaryImageOfPage\":{\"@id\":\"https:\/\/www.welovecycling.com\/hu\/orszaguti-kerekpar\/5-dolog-amit-megjegyzunk-az-idei-tdf-rol\/#primaryimage\"},\"image\":{\"@id\":\"https:\/\/www.welovecycling.com\/hu\/orszaguti-kerekpar\/5-dolog-amit-megjegyzunk-az-idei-tdf-rol\/#primaryimage\"},\"thumbnailUrl\":\"https:\/\/d2p6e6u75xmxt8.cloudfront.net\/12\/2020\/10\/pogacar-profimedia-0558970827-CVR.jpg\",\"datePublished\":\"2020-10-05T07:00:27+00:00\",\"author\":{\"@id\":\"https:\/\/www.welovecycling.com\/hu\/#\/schema\/person\/414a2aebf1801691a5320edb6468e194\"},\"description\":\"H\u0171, h\u00e1t ez egy igen izgalmas Tour volt! Alig volt olyan pillanat, amikor nem t\u00f6rt\u00e9nt semmi k\u00fcl\u00f6nleges! Ann\u00e1l t\u00f6bb hihetetlen t\u00e1mad\u00e1snak lehett\u00fcnk szemtan\u00fai, a legv\u00e1ratlanabb szakaszokon, \u00e9s persze az utols\u00f3 etap leny\u0171g\u00f6z\u0151 egy\u00e9ni eredm\u00e9nyeir\u0151l se feledkezz\u00fcnk meg. Mi ezt az \u00f6t dolgot tartjuk fontosnak kiemelni:\",\"breadcrumb\":{\"@id\":\"https:\/\/www.welovecycling.com\/hu\/orszaguti-kerekpar\/5-dolog-amit-megjegyzunk-az-idei-tdf-rol\/#breadcrumb\"},\"inLanguage\":\"hu\",\"potentialAction\":[{\"@type\":\"ReadAction\",\"target\":[\"https:\/\/www.welovecycling.com\/hu\/orszaguti-kerekpar\/5-dolog-amit-megjegyzunk-az-idei-tdf-rol\/\"]}]},{\"@type\":\"ImageObject\",\"inLanguage\":\"hu\",\"@id\":\"https:\/\/www.welovecycling.com\/hu\/orszaguti-kerekpar\/5-dolog-amit-megjegyzunk-az-idei-tdf-rol\/#primaryimage\",\"url\":\"https:\/\/d2p6e6u75xmxt8.cloudfront.net\/12\/2020\/10\/pogacar-profimedia-0558970827-CVR.jpg\",\"contentUrl\":\"https:\/\/d2p6e6u75xmxt8.cloudfront.net\/12\/2020\/10\/pogacar-profimedia-0558970827-CVR.jpg\",\"width\":1366,\"height\":600,\"caption\":\"Tadej Poga\u010dar\"},{\"@type\":\"BreadcrumbList\",\"@id\":\"https:\/\/www.welovecycling.com\/hu\/orszaguti-kerekpar\/5-dolog-amit-megjegyzunk-az-idei-tdf-rol\/#breadcrumb\",\"itemListElement\":[{\"@type\":\"ListItem\",\"position\":1,\"name\":\"Home\",\"item\":\"https:\/\/www.welovecycling.com\/hu\/\"},{\"@type\":\"ListItem\",\"position\":2,\"name\":\"5 dolog, amit megjegyz\u00fcnk az idei TdF-r\u0151l\"}]},{\"@type\":\"WebSite\",\"@id\":\"https:\/\/www.welovecycling.com\/hu\/#website\",\"url\":\"https:\/\/www.welovecycling.com\/hu\/\",\"name\":\"\u0160koda We Love Cycling - Magyarorsz\u00e1g\",\"description\":\"\u0160koda WeLoveCycling\",\"potentialAction\":[{\"@type\":\"SearchAction\",\"target\":{\"@type\":\"EntryPoint\",\"urlTemplate\":\"https:\/\/www.welovecycling.com\/hu\/?s={search_term_string}\"},\"query-input\":{\"@type\":\"PropertyValueSpecification\",\"valueRequired\":true,\"valueName\":\"search_term_string\"}}],\"inLanguage\":\"hu\"},{\"@type\":\"Person\",\"@id\":\"https:\/\/www.welovecycling.com\/hu\/#\/schema\/person\/414a2aebf1801691a5320edb6468e194\",\"name\":\"hegyizs\",\"image\":{\"@type\":\"ImageObject\",\"inLanguage\":\"hu\",\"@id\":\"https:\/\/www.welovecycling.com\/hu\/#\/schema\/person\/image\/\",\"url\":\"https:\/\/secure.gravatar.com\/avatar\/02cf8a7906b8cf90cecb4679defac7cfd33a1c2e3b88e4903d947f3bb58eedd3?s=96&d=mm&r=g\",\"contentUrl\":\"https:\/\/secure.gravatar.com\/avatar\/02cf8a7906b8cf90cecb4679defac7cfd33a1c2e3b88e4903d947f3bb58eedd3?s=96&d=mm&r=g\",\"caption\":\"hegyizs\"},\"url\":\"https:\/\/www.welovecycling.com\/hu\/author\/hegyizs\/\"}]}<\/script>\n<!-- \/ Yoast SEO Premium plugin. -->","yoast_head_json":{"title":"5 dolog, amit megjegyz\u00fcnk az idei TdF-r\u0151l - \u0160koda We Love Cycling - Magyarorsz\u00e1g","description":"H\u0171, h\u00e1t ez egy igen izgalmas Tour volt! Alig volt olyan pillanat, amikor nem t\u00f6rt\u00e9nt semmi k\u00fcl\u00f6nleges! Ann\u00e1l t\u00f6bb hihetetlen t\u00e1mad\u00e1snak lehett\u00fcnk szemtan\u00fai, a legv\u00e1ratlanabb szakaszokon, \u00e9s persze az utols\u00f3 etap leny\u0171g\u00f6z\u0151 egy\u00e9ni eredm\u00e9nyeir\u0151l se feledkezz\u00fcnk meg. Mi ezt az \u00f6t dolgot tartjuk fontosnak kiemelni:","robots":{"index":"index","follow":"follow","max-snippet":"max-snippet:-1","max-image-preview":"max-image-preview:large","max-video-preview":"max-video-preview:-1"},"canonical":"https:\/\/www.welovecycling.com\/hu\/orszaguti-kerekpar\/5-dolog-amit-megjegyzunk-az-idei-tdf-rol\/","og_locale":"hu_HU","og_type":"article","og_title":"5 dolog, amit megjegyz\u00fcnk az idei TdF-r\u0151l","og_description":"H\u0171, h\u00e1t ez egy igen izgalmas Tour volt! Alig volt olyan pillanat, amikor nem t\u00f6rt\u00e9nt semmi k\u00fcl\u00f6nleges! Ann\u00e1l t\u00f6bb hihetetlen t\u00e1mad\u00e1snak lehett\u00fcnk szemtan\u00fai, a legv\u00e1ratlanabb szakaszokon, \u00e9s persze az utols\u00f3 etap leny\u0171g\u00f6z\u0151 egy\u00e9ni eredm\u00e9nyeir\u0151l se feledkezz\u00fcnk meg. Mi ezt az \u00f6t dolgot tartjuk fontosnak kiemelni.","og_url":"https:\/\/www.welovecycling.com\/hu\/orszaguti-kerekpar\/5-dolog-amit-megjegyzunk-az-idei-tdf-rol\/","og_site_name":"\u0160koda We Love Cycling - Magyarorsz\u00e1g","article_publisher":"https:\/\/www.facebook.com\/WeLoveCyclingHungary\/","article_published_time":"2020-10-05T07:00:27+00:00","og_image":[{"width":1366,"height":600,"url":"https:\/\/d2p6e6u75xmxt8.cloudfront.net\/12\/2020\/10\/pogacar-profimedia-0558970827-CVR.jpg","type":"image\/jpeg"}],"author":"hegyizs","twitter_card":"summary_large_image","twitter_misc":{"Written by":"Siegfried Mortkowitz","Est. reading time":"6"},"schema":{"@context":"https:\/\/schema.org","@graph":[{"@type":"WebPage","@id":"https:\/\/www.welovecycling.com\/hu\/orszaguti-kerekpar\/5-dolog-amit-megjegyzunk-az-idei-tdf-rol\/","url":"https:\/\/www.welovecycling.com\/hu\/orszaguti-kerekpar\/5-dolog-amit-megjegyzunk-az-idei-tdf-rol\/","name":"5 dolog, amit megjegyz\u00fcnk az idei TdF-r\u0151l - \u0160koda We Love Cycling - Magyarorsz\u00e1g","isPartOf":{"@id":"https:\/\/www.welovecycling.com\/hu\/#website"},"primaryImageOfPage":{"@id":"https:\/\/www.welovecycling.com\/hu\/orszaguti-kerekpar\/5-dolog-amit-megjegyzunk-az-idei-tdf-rol\/#primaryimage"},"image":{"@id":"https:\/\/www.welovecycling.com\/hu\/orszaguti-kerekpar\/5-dolog-amit-megjegyzunk-az-idei-tdf-rol\/#primaryimage"},"thumbnailUrl":"https:\/\/d2p6e6u75xmxt8.cloudfront.net\/12\/2020\/10\/pogacar-profimedia-0558970827-CVR.jpg","datePublished":"2020-10-05T07:00:27+00:00","author":{"@id":"https:\/\/www.welovecycling.com\/hu\/#\/schema\/person\/414a2aebf1801691a5320edb6468e194"},"description":"H\u0171, h\u00e1t ez egy igen izgalmas Tour volt! Alig volt olyan pillanat, amikor nem t\u00f6rt\u00e9nt semmi k\u00fcl\u00f6nleges! Ann\u00e1l t\u00f6bb hihetetlen t\u00e1mad\u00e1snak lehett\u00fcnk szemtan\u00fai, a legv\u00e1ratlanabb szakaszokon, \u00e9s persze az utols\u00f3 etap leny\u0171g\u00f6z\u0151 egy\u00e9ni eredm\u00e9nyeir\u0151l se feledkezz\u00fcnk meg. Mi ezt az \u00f6t dolgot tartjuk fontosnak kiemelni:","breadcrumb":{"@id":"https:\/\/www.welovecycling.com\/hu\/orszaguti-kerekpar\/5-dolog-amit-megjegyzunk-az-idei-tdf-rol\/#breadcrumb"},"inLanguage":"hu","potentialAction":[{"@type":"ReadAction","target":["https:\/\/www.welovecycling.com\/hu\/orszaguti-kerekpar\/5-dolog-amit-megjegyzunk-az-idei-tdf-rol\/"]}]},{"@type":"ImageObject","inLanguage":"hu","@id":"https:\/\/www.welovecycling.com\/hu\/orszaguti-kerekpar\/5-dolog-amit-megjegyzunk-az-idei-tdf-rol\/#primaryimage","url":"https:\/\/d2p6e6u75xmxt8.cloudfront.net\/12\/2020\/10\/pogacar-profimedia-0558970827-CVR.jpg","contentUrl":"https:\/\/d2p6e6u75xmxt8.cloudfront.net\/12\/2020\/10\/pogacar-profimedia-0558970827-CVR.jpg","width":1366,"height":600,"caption":"Tadej Poga\u010dar"},{"@type":"BreadcrumbList","@id":"https:\/\/www.welovecycling.com\/hu\/orszaguti-kerekpar\/5-dolog-amit-megjegyzunk-az-idei-tdf-rol\/#breadcrumb","itemListElement":[{"@type":"ListItem","position":1,"name":"Home","item":"https:\/\/www.welovecycling.com\/hu\/"},{"@type":"ListItem","position":2,"name":"5 dolog, amit megjegyz\u00fcnk az idei TdF-r\u0151l"}]},{"@type":"WebSite","@id":"https:\/\/www.welovecycling.com\/hu\/#website","url":"https:\/\/www.welovecycling.com\/hu\/","name":"\u0160koda We Love Cycling - Magyarorsz\u00e1g","description":"\u0160koda WeLoveCycling","potentialAction":[{"@type":"SearchAction","target":{"@type":"EntryPoint","urlTemplate":"https:\/\/www.welovecycling.com\/hu\/?s={search_term_string}"},"query-input":{"@type":"PropertyValueSpecification","valueRequired":true,"valueName":"search_term_string"}}],"inLanguage":"hu"},{"@type":"Person","@id":"https:\/\/www.welovecycling.com\/hu\/#\/schema\/person\/414a2aebf1801691a5320edb6468e194","name":"hegyizs","image":{"@type":"ImageObject","inLanguage":"hu","@id":"https:\/\/www.welovecycling.com\/hu\/#\/schema\/person\/image\/","url":"https:\/\/secure.gravatar.com\/avatar\/02cf8a7906b8cf90cecb4679defac7cfd33a1c2e3b88e4903d947f3bb58eedd3?s=96&d=mm&r=g","contentUrl":"https:\/\/secure.gravatar.com\/avatar\/02cf8a7906b8cf90cecb4679defac7cfd33a1c2e3b88e4903d947f3bb58eedd3?s=96&d=mm&r=g","caption":"hegyizs"},"url":"https:\/\/www.welovecycling.com\/hu\/author\/hegyizs\/"}]}},"_links":{"self":[{"href":"https:\/\/www.welovecycling.com\/hu\/wp-json\/wp\/v2\/posts\/8681","targetHints":{"allow":["GET"]}}],"collection":[{"href":"https:\/\/www.welovecycling.com\/hu\/wp-json\/wp\/v2\/posts"}],"about":[{"href":"https:\/\/www.welovecycling.com\/hu\/wp-json\/wp\/v2\/types\/post"}],"author":[{"embeddable":true,"href":"https:\/\/www.welovecycling.com\/hu\/wp-json\/wp\/v2\/users\/71"}],"replies":[{"embeddable":true,"href":"https:\/\/www.welovecycling.com\/hu\/wp-json\/wp\/v2\/comments?post=8681"}],"version-history":[{"count":2,"href":"https:\/\/www.welovecycling.com\/hu\/wp-json\/wp\/v2\/posts\/8681\/revisions"}],"predecessor-version":[{"id":8707,"href":"https:\/\/www.welovecycling.com\/hu\/wp-json\/wp\/v2\/posts\/8681\/revisions\/8707"}],"wp:featuredmedia":[{"embeddable":true,"href":"https:\/\/www.welovecycling.com\/hu\/wp-json\/wp\/v2\/media\/8687"}],"wp:attachment":[{"href":"https:\/\/www.welovecycling.com\/hu\/wp-json\/wp\/v2\/media?parent=8681"}],"wp:term":[{"taxonomy":"category","embeddable":true,"href":"https:\/\/www.welovecycling.com\/hu\/wp-json\/wp\/v2\/categories?post=8681"},{"taxonomy":"post_tag","embeddable":true,"href":"https:\/\/www.welovecycling.com\/hu\/wp-json\/wp\/v2\/tags?post=8681"},{"taxonomy":"global-categories","embeddable":true,"href":"https:\/\/www.welovecycling.com\/hu\/wp-json\/wp\/v2\/global-categories?post=8681"}],"curies":[{"name":"wp","href":"https:\/\/api.w.org\/{rel}","templated":true}]}}