{"id":8658,"date":"2020-10-03T08:00:03","date_gmt":"2020-10-03T07:00:03","guid":{"rendered":"https:\/\/www.welovecycling.com\/hu\/?p=8658"},"modified":"2020-09-30T09:32:35","modified_gmt":"2020-09-30T08:32:35","slug":"merckx-a-vilag-ellen-kuzdelem-az-1971-es-tdf-en","status":"publish","type":"post","link":"https:\/\/www.welovecycling.com\/hu\/orszaguti-kerekpar\/merckx-a-vilag-ellen-kuzdelem-az-1971-es-tdf-en\/","title":{"rendered":"Merckx a vil\u00e1g ellen: k\u00fczdelem az 1971-es TdF-en"},"content":{"rendered":"<p><strong>Okkal ragadt r\u00e1 a kannib\u00e1l becen\u00e9v: Merckx mindent megnyert. Nemcsak a Grand Tour-okat, a klasszikusokat \u00e9s a bajnoks\u00e1gokat, hanem a kisebb megm\u00e9rettet\u00e9seket is. Sokan irigyelt\u00e9k eredm\u00e9nyeit \u00e9s bus\u00e1s fizet\u00e9s\u00e9t\u2026 vet\u00e9lyt\u00e1rsai \u00f6sszefogtak \u00e9s mindent megtettek, hogy 1971-ben elbukjon. Vajon el\u00e9g volt?<\/strong><\/p>\n<p><!--more--><\/p>\n<p>A nem hivatalos sz\u00f6vets\u00e9gnek egyetlen c\u00e9lja volt &#8211; megakad\u00e1lyozni, hogy a Tour ism\u00e9t Merckx egyszem\u00e9lyes bemutat\u00f3j\u00e1v\u00e1 v\u00e1ljon. A hegym\u00e1sz\u00f3k \u00faj gener\u00e1ci\u00f3ja, nevezetesen a holland Joop Zoetemelk, a spanyol Luis Oca\u00f1a \u00e9s a francia Bernard Th\u00e9venet r\u00f6gt\u00f6n megt\u00e1madta Merckx-et, amikor az els\u0151 hegyi szakaszhoz \u00e9rtek. Oca\u00f1a nyert a Puy de D\u00f4me-n\u00e1l, 15 m\u00e1sodpercet lopott a kannib\u00e1lt\u00f3l. Merckx ugyan megtartotta a s\u00e1rga trik\u00f3t, de a ment\u00e1lisan hatott r\u00e1 a veres\u00e9g. Siker\u00fclt elvetni benne a k\u00e9tely magjait.<\/p>\n<figure id=\"attachment_8659\" aria-describedby=\"caption-attachment-8659\" style=\"width: 1024px\" class=\"wp-caption alignnone\"><a href=\"https:\/\/d2p6e6u75xmxt8.cloudfront.net\/2\/2020\/09\/profimedia-0068196024.jpg\"><img loading=\"lazy\" decoding=\"async\" class=\"wp-image-8659 size-large\" src=\"https:\/\/d2p6e6u75xmxt8.cloudfront.net\/12\/2020\/09\/profimedia-0068196024-1024x780.jpg\" alt=\"1971 Tour\" width=\"1024\" height=\"780\" srcset=\"https:\/\/d2p6e6u75xmxt8.cloudfront.net\/12\/2020\/09\/profimedia-0068196024-1024x780.jpg 1024w, https:\/\/d2p6e6u75xmxt8.cloudfront.net\/12\/2020\/09\/profimedia-0068196024-300x228.jpg 300w, https:\/\/d2p6e6u75xmxt8.cloudfront.net\/12\/2020\/09\/profimedia-0068196024-768x585.jpg 768w, https:\/\/d2p6e6u75xmxt8.cloudfront.net\/12\/2020\/09\/profimedia-0068196024.jpg 1250w\" sizes=\"auto, (max-width: 1024px) 100vw, 1024px\" \/><\/a><figcaption id=\"caption-attachment-8659\" class=\"wp-caption-text\"><em>Merckx el\u00f6l, m\u00f6g\u00f6tte Oca\u00f1a. \u00a9 Profimedia<\/em><\/figcaption><\/figure>\n<p>Az egyik k\u00f6vetkez\u0151 szakasz lejt\u0151j\u00e9n Merckx technikai probl\u00e9m\u00e1ba \u00fctk\u00f6z\u00f6tt, versenyt\u00e1rsai azonban nem vett\u00e9k ezt figyelembe, \u00edgy egy percet vertek r\u00e1. A 11. etapon Oca\u00f1a ism\u00e9t t\u00e1madott, ez\u00fattal a nap els\u0151 emelked\u0151j\u00e9n az \u00f6t k\u00f6z\u00fcl. Sz\u00e1guldott. Merckx k\u00f6vetni akarta, de nem tudta, senki nem seg\u00edtett neki. A szakaszt 8 perccel \u00e9s 42 m\u00e1sodperccel vesz\u00edtette el. Ekkor az \u00f6sszes\u00edtett versenyen m\u00e1r t\u00f6bb mint 10 perc h\u00e1tr\u00e1nyban volt. Karrierje legnagyobb veres\u00e9g\u00e9vel kellett szemben\u00e9znie.<\/p>\n<p><em>\u201eOca\u00f1a ma hihetetlen\u00fcl er\u0151s volt\u201d<\/em> \u2013 ismerte be a szakasz ut\u00e1n. <em>\u201eTeljes\u00edt\u0151k\u00e9pess\u00e9g\u00e9nek a cs\u00facs\u00e1n van. Nem tudom elk\u00e9pzelni, hogy behozom a lemarad\u00e1st. Hacsak nem t\u00f6rt\u00e9nik valami csoda, vagy nem ereszt le teljesen, es\u00e9lyem sincs.\u201d<\/em><\/p>\n<p>Ez a nyilatkozat mindenkit megd\u00f6bbentett. M\u00e1ris feladta volna? Dehogy! A pihen\u0151nap alatt \u00f6sszeszedte az erej\u00e9t \u00e9s a 12. szakaszt t\u00e1mad\u00e1ssal ind\u00edtotta. F\u00e9l \u00f3r\u00e1val azel\u0151tt \u00e9rt Marseille-be, mint amire a szervez\u0151k sz\u00e1m\u00edtottak. Azonban Oca\u00f1a m\u00e9g mindig vezetett 7 perccel.<\/p>\n<figure id=\"attachment_8660\" aria-describedby=\"caption-attachment-8660\" style=\"width: 1024px\" class=\"wp-caption alignnone\"><a href=\"https:\/\/d2p6e6u75xmxt8.cloudfront.net\/2\/2020\/09\/profimedia-0017421579.jpg\"><img loading=\"lazy\" decoding=\"async\" class=\"size-large wp-image-8660\" src=\"https:\/\/d2p6e6u75xmxt8.cloudfront.net\/12\/2020\/09\/profimedia-0017421579-1024x854.jpg\" alt=\"Luis Ocana\" width=\"1024\" height=\"854\" srcset=\"https:\/\/d2p6e6u75xmxt8.cloudfront.net\/12\/2020\/09\/profimedia-0017421579-1024x854.jpg 1024w, https:\/\/d2p6e6u75xmxt8.cloudfront.net\/12\/2020\/09\/profimedia-0017421579-300x250.jpg 300w, https:\/\/d2p6e6u75xmxt8.cloudfront.net\/12\/2020\/09\/profimedia-0017421579-768x641.jpg 768w, https:\/\/d2p6e6u75xmxt8.cloudfront.net\/12\/2020\/09\/profimedia-0017421579.jpg 1250w\" sizes=\"auto, (max-width: 1024px) 100vw, 1024px\" \/><\/a><figcaption id=\"caption-attachment-8660\" class=\"wp-caption-text\"><em>Oca\u00f1a vezet, m\u00f6g\u00f6tte a belga Lucien Van Impe \u00e9s a holland Joop Zoetemelk. \u00a9 Profimedia<\/em><\/figcaption><\/figure>\n<p>A 14. szakaszban a versenyz\u0151knek h\u00e1rom hegycs\u00facsot is meg kellett m\u00e1szniuk. Az id\u0151j\u00e1r\u00e1s borzalmas volt. Col de Ment\u00e9 el\u0151tt Merckx t\u00e1madott, de ellenfele tartotta a temp\u00f3t. A kannib\u00e1l \u00fajra pr\u00f3b\u00e1lkozott, de k\u00e9ptelen volt lehagyni Oca\u00f1at. A rossz id\u0151j\u00e1r\u00e1s m\u00e9g rosszabbra fordult, m\u00e9g miel\u0151tt el\u00e9rt\u00e9k volna a hegycs\u00facsot, lecsapott a vihar: vill\u00e1mlott \u00e9s zuhogott az es\u0151. K\u00f6d ereszkedett a h\u00e1g\u00f3ra, alig lehetett l\u00e1tni, az \u00fat sz\u00e9l\u00e9n patakokban folyt a v\u00edz, a f\u00e9kek m\u00e1r nem m\u0171k\u00f6dtek, a versenyz\u0151knek l\u00e1bbal kellett lass\u00edtaniuk.<\/p>\n<p>Eddy Merckx er\u0151ss\u00e9ge a lejt\u0151k voltak, \u00edgy azt tervezte, hogy a Ment\u00e9 t\u00faloldal\u00e1n lehagyja Oca\u00f1at. Ut\u00f3bbi nem volt j\u00f3 downhilles, az edz\u0151je el\u0151re figyelmeztette, hogy ezen a szakaszon ne vegye fel a keszty\u0171t. De nem hallgatott r\u00e1.<\/p>\n<p>Merckx k\u00f6r\u00fclbel\u00fcl 4 km-et haladt lefel\u00e9, amikor elvesztette uralm\u00e1t a ker\u00e9kp\u00e1rja f\u00f6l\u00f6tt \u00e9s egy, az utat szeg\u00e9lyez\u0151 falnak csap\u00f3dott. A rajong\u00f3k seg\u00edtett\u00e9k fel. Oca\u00f1a szorosan k\u00f6vette, \u00edgy nem tudta kiker\u00fclni \u0151ket, \u00e9s elesett. Merckx ek\u00f6zben visszarakta a l\u00e1ncot a hely\u00e9re \u00e9s folytatta a versenyt. Ellenfele viszont k\u00e9nytelen volt \u00faj bring\u00e1t k\u00e9rni a csapataut\u00f3r\u00f3l. Az \u00e9ppen ekkor meg\u00e9rkez\u0151 Zoetemelt pont ki tudott t\u00e9rni az aut\u00f3 \u00fatj\u00e1b\u00f3l, viszont egyenesen Oca\u00f1anak csap\u00f3dott. Ezut\u00e1n a portug\u00e1l Agoshtinho sem tudta \u0151t kiker\u00fclni. A spanyol ker\u00e9kp\u00e1ros \u00f6sszeesett \u00e9s elvesztette az eszm\u00e9let\u00e9t. Helikopterrel sz\u00e1ll\u00edtott\u00e1k k\u00f3rh\u00e1zba.<\/p>\n<figure id=\"attachment_8661\" aria-describedby=\"caption-attachment-8661\" style=\"width: 791px\" class=\"wp-caption alignnone\"><a href=\"https:\/\/d2p6e6u75xmxt8.cloudfront.net\/2\/2020\/09\/profimedia-0068196027.jpg\"><img loading=\"lazy\" decoding=\"async\" class=\"wp-image-8661 size-large\" src=\"https:\/\/d2p6e6u75xmxt8.cloudfront.net\/12\/2020\/09\/profimedia-0068196027-791x1024.jpg\" alt=\"Luis Ocana\" width=\"791\" height=\"1024\" srcset=\"https:\/\/d2p6e6u75xmxt8.cloudfront.net\/12\/2020\/09\/profimedia-0068196027-791x1024.jpg 791w, https:\/\/d2p6e6u75xmxt8.cloudfront.net\/12\/2020\/09\/profimedia-0068196027-232x300.jpg 232w, https:\/\/d2p6e6u75xmxt8.cloudfront.net\/12\/2020\/09\/profimedia-0068196027-768x994.jpg 768w, https:\/\/d2p6e6u75xmxt8.cloudfront.net\/12\/2020\/09\/profimedia-0068196027.jpg 966w\" sizes=\"auto, (max-width: 791px) 100vw, 791px\" \/><\/a><figcaption id=\"caption-attachment-8661\" class=\"wp-caption-text\"><em>A bajnoki c\u00edm \u00e1lma szertefoszlott. \u00a9 Profimedia<\/em><\/figcaption><\/figure>\n<p>Merckx nyerte meg a s\u00e1rga trik\u00f3t, de nem fogadta el, \u00e9s ki akart sz\u00e1llni az eg\u00e9sz versenyb\u0151l. Csapatt\u00e1rsai \u00e9s a szervez\u0151k k\u00f6ny\u00f6r\u00f6gtek neki, hogy ne tegye. V\u00e9g\u00fcl folytatta, de a trik\u00f3t nem vette fel. N\u00e9gy nappal k\u00e9s\u0151bb megnyerte a 17. szakaszt, 2 perccel lehagyta Zoetemelket, majd az id\u0151futammal megszerezte az \u00f6sszes\u00edtett gy\u0151zelmet is.<\/p>\n<p><em>\u201eAk\u00e1rmi is t\u00f6rt\u00e9nt, nem gy\u0151ztem, mindig ott lesz a k\u00e9tely, hogy mi lett volna, ha\u2026\u201d<\/em> \u2013 mondta a kannib\u00e1l a verseny ut\u00e1n.<\/p>\n","protected":false},"excerpt":{"rendered":"<p>Okkal ragadt r\u00e1 a kannib\u00e1l becen\u00e9v: Merckx mindent megnyert. Nemcsak a Grand Tour-okat, a klasszikusokat \u00e9s a bajnoks\u00e1gokat, hanem a [&hellip;]<\/p>\n","protected":false},"author":71,"featured_media":8663,"comment_status":"open","ping_status":"open","sticky":false,"template":"","format":"standard","meta":{"footnotes":""},"categories":[8],"tags":[],"global-categories":[],"class_list":["post-8658","post","type-post","status-publish","format-standard","has-post-thumbnail","hentry","category-orszaguti-kerekpar"],"yoast_head":"<!-- This site is optimized with the Yoast SEO Premium plugin v25.3 (Yoast SEO v25.9) - https:\/\/yoast.com\/wordpress\/plugins\/seo\/ -->\n<title>Merckx a vil\u00e1g ellen: k\u00fczdelem az 1971-es TdF-en<\/title>\n<meta name=\"description\" content=\"Okkal ragadt r\u00e1 a kannib\u00e1l becen\u00e9v: Merckx mindent megnyert. Nemcsak a Grand Tour-okat, a klasszikusokat \u00e9s a bajnoks\u00e1gokat, hanem a kisebb megm\u00e9rettet\u00e9seket is.\" \/>\n<meta name=\"robots\" content=\"index, follow, max-snippet:-1, max-image-preview:large, max-video-preview:-1\" \/>\n<link rel=\"canonical\" href=\"https:\/\/www.welovecycling.com\/hu\/orszaguti-kerekpar\/merckx-a-vilag-ellen-kuzdelem-az-1971-es-tdf-en\/\" \/>\n<meta property=\"og:locale\" content=\"hu_HU\" \/>\n<meta property=\"og:type\" content=\"article\" \/>\n<meta property=\"og:title\" content=\"Merckx a vil\u00e1g ellen: k\u00fczdelem az 1971-es TdF-en\" \/>\n<meta property=\"og:description\" content=\"Okkal ragadt r\u00e1 a kannib\u00e1l becen\u00e9v: Merckx mindent megnyert. Nemcsak a Grand Tour-okat, a klasszikusokat \u00e9s a bajnoks\u00e1gokat, hanem a kisebb megm\u00e9rettet\u00e9seket is. Sokan irigyelt\u00e9k eredm\u00e9nyeit \u00e9s bus\u00e1s fizet\u00e9s\u00e9t\u2026 vet\u00e9lyt\u00e1rsai \u00f6sszefogtak \u00e9s mindent megtettek, hogy 1971-ben elbukjon. Vajon el\u00e9g volt?\" \/>\n<meta property=\"og:url\" content=\"https:\/\/www.welovecycling.com\/hu\/orszaguti-kerekpar\/merckx-a-vilag-ellen-kuzdelem-az-1971-es-tdf-en\/\" \/>\n<meta property=\"og:site_name\" content=\"\u0160koda We Love Cycling - Magyarorsz\u00e1g\" \/>\n<meta property=\"article:publisher\" content=\"https:\/\/www.facebook.com\/WeLoveCyclingHungary\/\" \/>\n<meta property=\"article:published_time\" content=\"2020-10-03T07:00:03+00:00\" \/>\n<meta property=\"og:image\" content=\"https:\/\/d2p6e6u75xmxt8.cloudfront.net\/12\/2020\/09\/eddy-merckx-1971-profimedia-0068194472-CVR.jpg\" \/>\n\t<meta property=\"og:image:width\" content=\"1366\" \/>\n\t<meta property=\"og:image:height\" content=\"600\" \/>\n\t<meta property=\"og:image:type\" content=\"image\/jpeg\" \/>\n<meta name=\"author\" content=\"hegyizs\" \/>\n<meta name=\"twitter:card\" content=\"summary_large_image\" \/>\n<meta name=\"twitter:title\" content=\"Merckx a vil\u00e1g ellen: k\u00fczdelem az 1971-es TdF-en\" \/>\n<meta name=\"twitter:label1\" content=\"Written by\" \/>\n\t<meta name=\"twitter:data1\" content=\"Jiri Kaloc\" \/>\n\t<meta name=\"twitter:label2\" content=\"Est. reading time\" \/>\n\t<meta name=\"twitter:data2\" content=\"5\" \/>\n<script type=\"application\/ld+json\" class=\"yoast-schema-graph\">{\"@context\":\"https:\/\/schema.org\",\"@graph\":[{\"@type\":\"WebPage\",\"@id\":\"https:\/\/www.welovecycling.com\/hu\/orszaguti-kerekpar\/merckx-a-vilag-ellen-kuzdelem-az-1971-es-tdf-en\/\",\"url\":\"https:\/\/www.welovecycling.com\/hu\/orszaguti-kerekpar\/merckx-a-vilag-ellen-kuzdelem-az-1971-es-tdf-en\/\",\"name\":\"Merckx a vil\u00e1g ellen: k\u00fczdelem az 1971-es TdF-en\",\"isPartOf\":{\"@id\":\"https:\/\/www.welovecycling.com\/hu\/#website\"},\"primaryImageOfPage\":{\"@id\":\"https:\/\/www.welovecycling.com\/hu\/orszaguti-kerekpar\/merckx-a-vilag-ellen-kuzdelem-az-1971-es-tdf-en\/#primaryimage\"},\"image\":{\"@id\":\"https:\/\/www.welovecycling.com\/hu\/orszaguti-kerekpar\/merckx-a-vilag-ellen-kuzdelem-az-1971-es-tdf-en\/#primaryimage\"},\"thumbnailUrl\":\"https:\/\/d2p6e6u75xmxt8.cloudfront.net\/12\/2020\/09\/eddy-merckx-1971-profimedia-0068194472-CVR.jpg\",\"datePublished\":\"2020-10-03T07:00:03+00:00\",\"author\":{\"@id\":\"https:\/\/www.welovecycling.com\/hu\/#\/schema\/person\/414a2aebf1801691a5320edb6468e194\"},\"description\":\"Okkal ragadt r\u00e1 a kannib\u00e1l becen\u00e9v: Merckx mindent megnyert. Nemcsak a Grand Tour-okat, a klasszikusokat \u00e9s a bajnoks\u00e1gokat, hanem a kisebb megm\u00e9rettet\u00e9seket is.\",\"breadcrumb\":{\"@id\":\"https:\/\/www.welovecycling.com\/hu\/orszaguti-kerekpar\/merckx-a-vilag-ellen-kuzdelem-az-1971-es-tdf-en\/#breadcrumb\"},\"inLanguage\":\"hu\",\"potentialAction\":[{\"@type\":\"ReadAction\",\"target\":[\"https:\/\/www.welovecycling.com\/hu\/orszaguti-kerekpar\/merckx-a-vilag-ellen-kuzdelem-az-1971-es-tdf-en\/\"]}]},{\"@type\":\"ImageObject\",\"inLanguage\":\"hu\",\"@id\":\"https:\/\/www.welovecycling.com\/hu\/orszaguti-kerekpar\/merckx-a-vilag-ellen-kuzdelem-az-1971-es-tdf-en\/#primaryimage\",\"url\":\"https:\/\/d2p6e6u75xmxt8.cloudfront.net\/12\/2020\/09\/eddy-merckx-1971-profimedia-0068194472-CVR.jpg\",\"contentUrl\":\"https:\/\/d2p6e6u75xmxt8.cloudfront.net\/12\/2020\/09\/eddy-merckx-1971-profimedia-0068194472-CVR.jpg\",\"width\":1366,\"height\":600,\"caption\":\"Eddy Merckx\"},{\"@type\":\"BreadcrumbList\",\"@id\":\"https:\/\/www.welovecycling.com\/hu\/orszaguti-kerekpar\/merckx-a-vilag-ellen-kuzdelem-az-1971-es-tdf-en\/#breadcrumb\",\"itemListElement\":[{\"@type\":\"ListItem\",\"position\":1,\"name\":\"Home\",\"item\":\"https:\/\/www.welovecycling.com\/hu\/\"},{\"@type\":\"ListItem\",\"position\":2,\"name\":\"Merckx a vil\u00e1g ellen: k\u00fczdelem az 1971-es TdF-en\"}]},{\"@type\":\"WebSite\",\"@id\":\"https:\/\/www.welovecycling.com\/hu\/#website\",\"url\":\"https:\/\/www.welovecycling.com\/hu\/\",\"name\":\"\u0160koda We Love Cycling - Magyarorsz\u00e1g\",\"description\":\"\u0160koda WeLoveCycling\",\"potentialAction\":[{\"@type\":\"SearchAction\",\"target\":{\"@type\":\"EntryPoint\",\"urlTemplate\":\"https:\/\/www.welovecycling.com\/hu\/?s={search_term_string}\"},\"query-input\":{\"@type\":\"PropertyValueSpecification\",\"valueRequired\":true,\"valueName\":\"search_term_string\"}}],\"inLanguage\":\"hu\"},{\"@type\":\"Person\",\"@id\":\"https:\/\/www.welovecycling.com\/hu\/#\/schema\/person\/414a2aebf1801691a5320edb6468e194\",\"name\":\"hegyizs\",\"image\":{\"@type\":\"ImageObject\",\"inLanguage\":\"hu\",\"@id\":\"https:\/\/www.welovecycling.com\/hu\/#\/schema\/person\/image\/\",\"url\":\"https:\/\/secure.gravatar.com\/avatar\/02cf8a7906b8cf90cecb4679defac7cfd33a1c2e3b88e4903d947f3bb58eedd3?s=96&d=mm&r=g\",\"contentUrl\":\"https:\/\/secure.gravatar.com\/avatar\/02cf8a7906b8cf90cecb4679defac7cfd33a1c2e3b88e4903d947f3bb58eedd3?s=96&d=mm&r=g\",\"caption\":\"hegyizs\"},\"url\":\"https:\/\/www.welovecycling.com\/hu\/author\/hegyizs\/\"}]}<\/script>\n<!-- \/ Yoast SEO Premium plugin. -->","yoast_head_json":{"title":"Merckx a vil\u00e1g ellen: k\u00fczdelem az 1971-es TdF-en","description":"Okkal ragadt r\u00e1 a kannib\u00e1l becen\u00e9v: Merckx mindent megnyert. Nemcsak a Grand Tour-okat, a klasszikusokat \u00e9s a bajnoks\u00e1gokat, hanem a kisebb megm\u00e9rettet\u00e9seket is.","robots":{"index":"index","follow":"follow","max-snippet":"max-snippet:-1","max-image-preview":"max-image-preview:large","max-video-preview":"max-video-preview:-1"},"canonical":"https:\/\/www.welovecycling.com\/hu\/orszaguti-kerekpar\/merckx-a-vilag-ellen-kuzdelem-az-1971-es-tdf-en\/","og_locale":"hu_HU","og_type":"article","og_title":"Merckx a vil\u00e1g ellen: k\u00fczdelem az 1971-es TdF-en","og_description":"Okkal ragadt r\u00e1 a kannib\u00e1l becen\u00e9v: Merckx mindent megnyert. Nemcsak a Grand Tour-okat, a klasszikusokat \u00e9s a bajnoks\u00e1gokat, hanem a kisebb megm\u00e9rettet\u00e9seket is. Sokan irigyelt\u00e9k eredm\u00e9nyeit \u00e9s bus\u00e1s fizet\u00e9s\u00e9t\u2026 vet\u00e9lyt\u00e1rsai \u00f6sszefogtak \u00e9s mindent megtettek, hogy 1971-ben elbukjon. Vajon el\u00e9g volt?","og_url":"https:\/\/www.welovecycling.com\/hu\/orszaguti-kerekpar\/merckx-a-vilag-ellen-kuzdelem-az-1971-es-tdf-en\/","og_site_name":"\u0160koda We Love Cycling - Magyarorsz\u00e1g","article_publisher":"https:\/\/www.facebook.com\/WeLoveCyclingHungary\/","article_published_time":"2020-10-03T07:00:03+00:00","og_image":[{"width":1366,"height":600,"url":"https:\/\/d2p6e6u75xmxt8.cloudfront.net\/12\/2020\/09\/eddy-merckx-1971-profimedia-0068194472-CVR.jpg","type":"image\/jpeg"}],"author":"hegyizs","twitter_card":"summary_large_image","twitter_title":"Merckx a vil\u00e1g ellen: k\u00fczdelem az 1971-es TdF-en","twitter_misc":{"Written by":"Jiri Kaloc","Est. reading time":"5"},"schema":{"@context":"https:\/\/schema.org","@graph":[{"@type":"WebPage","@id":"https:\/\/www.welovecycling.com\/hu\/orszaguti-kerekpar\/merckx-a-vilag-ellen-kuzdelem-az-1971-es-tdf-en\/","url":"https:\/\/www.welovecycling.com\/hu\/orszaguti-kerekpar\/merckx-a-vilag-ellen-kuzdelem-az-1971-es-tdf-en\/","name":"Merckx a vil\u00e1g ellen: k\u00fczdelem az 1971-es TdF-en","isPartOf":{"@id":"https:\/\/www.welovecycling.com\/hu\/#website"},"primaryImageOfPage":{"@id":"https:\/\/www.welovecycling.com\/hu\/orszaguti-kerekpar\/merckx-a-vilag-ellen-kuzdelem-az-1971-es-tdf-en\/#primaryimage"},"image":{"@id":"https:\/\/www.welovecycling.com\/hu\/orszaguti-kerekpar\/merckx-a-vilag-ellen-kuzdelem-az-1971-es-tdf-en\/#primaryimage"},"thumbnailUrl":"https:\/\/d2p6e6u75xmxt8.cloudfront.net\/12\/2020\/09\/eddy-merckx-1971-profimedia-0068194472-CVR.jpg","datePublished":"2020-10-03T07:00:03+00:00","author":{"@id":"https:\/\/www.welovecycling.com\/hu\/#\/schema\/person\/414a2aebf1801691a5320edb6468e194"},"description":"Okkal ragadt r\u00e1 a kannib\u00e1l becen\u00e9v: Merckx mindent megnyert. Nemcsak a Grand Tour-okat, a klasszikusokat \u00e9s a bajnoks\u00e1gokat, hanem a kisebb megm\u00e9rettet\u00e9seket is.","breadcrumb":{"@id":"https:\/\/www.welovecycling.com\/hu\/orszaguti-kerekpar\/merckx-a-vilag-ellen-kuzdelem-az-1971-es-tdf-en\/#breadcrumb"},"inLanguage":"hu","potentialAction":[{"@type":"ReadAction","target":["https:\/\/www.welovecycling.com\/hu\/orszaguti-kerekpar\/merckx-a-vilag-ellen-kuzdelem-az-1971-es-tdf-en\/"]}]},{"@type":"ImageObject","inLanguage":"hu","@id":"https:\/\/www.welovecycling.com\/hu\/orszaguti-kerekpar\/merckx-a-vilag-ellen-kuzdelem-az-1971-es-tdf-en\/#primaryimage","url":"https:\/\/d2p6e6u75xmxt8.cloudfront.net\/12\/2020\/09\/eddy-merckx-1971-profimedia-0068194472-CVR.jpg","contentUrl":"https:\/\/d2p6e6u75xmxt8.cloudfront.net\/12\/2020\/09\/eddy-merckx-1971-profimedia-0068194472-CVR.jpg","width":1366,"height":600,"caption":"Eddy Merckx"},{"@type":"BreadcrumbList","@id":"https:\/\/www.welovecycling.com\/hu\/orszaguti-kerekpar\/merckx-a-vilag-ellen-kuzdelem-az-1971-es-tdf-en\/#breadcrumb","itemListElement":[{"@type":"ListItem","position":1,"name":"Home","item":"https:\/\/www.welovecycling.com\/hu\/"},{"@type":"ListItem","position":2,"name":"Merckx a vil\u00e1g ellen: k\u00fczdelem az 1971-es TdF-en"}]},{"@type":"WebSite","@id":"https:\/\/www.welovecycling.com\/hu\/#website","url":"https:\/\/www.welovecycling.com\/hu\/","name":"\u0160koda We Love Cycling - Magyarorsz\u00e1g","description":"\u0160koda WeLoveCycling","potentialAction":[{"@type":"SearchAction","target":{"@type":"EntryPoint","urlTemplate":"https:\/\/www.welovecycling.com\/hu\/?s={search_term_string}"},"query-input":{"@type":"PropertyValueSpecification","valueRequired":true,"valueName":"search_term_string"}}],"inLanguage":"hu"},{"@type":"Person","@id":"https:\/\/www.welovecycling.com\/hu\/#\/schema\/person\/414a2aebf1801691a5320edb6468e194","name":"hegyizs","image":{"@type":"ImageObject","inLanguage":"hu","@id":"https:\/\/www.welovecycling.com\/hu\/#\/schema\/person\/image\/","url":"https:\/\/secure.gravatar.com\/avatar\/02cf8a7906b8cf90cecb4679defac7cfd33a1c2e3b88e4903d947f3bb58eedd3?s=96&d=mm&r=g","contentUrl":"https:\/\/secure.gravatar.com\/avatar\/02cf8a7906b8cf90cecb4679defac7cfd33a1c2e3b88e4903d947f3bb58eedd3?s=96&d=mm&r=g","caption":"hegyizs"},"url":"https:\/\/www.welovecycling.com\/hu\/author\/hegyizs\/"}]}},"_links":{"self":[{"href":"https:\/\/www.welovecycling.com\/hu\/wp-json\/wp\/v2\/posts\/8658","targetHints":{"allow":["GET"]}}],"collection":[{"href":"https:\/\/www.welovecycling.com\/hu\/wp-json\/wp\/v2\/posts"}],"about":[{"href":"https:\/\/www.welovecycling.com\/hu\/wp-json\/wp\/v2\/types\/post"}],"author":[{"embeddable":true,"href":"https:\/\/www.welovecycling.com\/hu\/wp-json\/wp\/v2\/users\/71"}],"replies":[{"embeddable":true,"href":"https:\/\/www.welovecycling.com\/hu\/wp-json\/wp\/v2\/comments?post=8658"}],"version-history":[{"count":2,"href":"https:\/\/www.welovecycling.com\/hu\/wp-json\/wp\/v2\/posts\/8658\/revisions"}],"predecessor-version":[{"id":8679,"href":"https:\/\/www.welovecycling.com\/hu\/wp-json\/wp\/v2\/posts\/8658\/revisions\/8679"}],"wp:featuredmedia":[{"embeddable":true,"href":"https:\/\/www.welovecycling.com\/hu\/wp-json\/wp\/v2\/media\/8663"}],"wp:attachment":[{"href":"https:\/\/www.welovecycling.com\/hu\/wp-json\/wp\/v2\/media?parent=8658"}],"wp:term":[{"taxonomy":"category","embeddable":true,"href":"https:\/\/www.welovecycling.com\/hu\/wp-json\/wp\/v2\/categories?post=8658"},{"taxonomy":"post_tag","embeddable":true,"href":"https:\/\/www.welovecycling.com\/hu\/wp-json\/wp\/v2\/tags?post=8658"},{"taxonomy":"global-categories","embeddable":true,"href":"https:\/\/www.welovecycling.com\/hu\/wp-json\/wp\/v2\/global-categories?post=8658"}],"curies":[{"name":"wp","href":"https:\/\/api.w.org\/{rel}","templated":true}]}}