{"id":8653,"date":"2020-10-02T08:00:56","date_gmt":"2020-10-02T07:00:56","guid":{"rendered":"https:\/\/www.welovecycling.com\/hu\/?p=8653"},"modified":"2020-09-29T14:49:32","modified_gmt":"2020-09-29T13:49:32","slug":"christian-philipp-a-tour-legnagyobb-kihivasa-a-logisztika","status":"publish","type":"post","link":"https:\/\/www.welovecycling.com\/hu\/blog\/christian-philipp-a-tour-legnagyobb-kihivasa-a-logisztika\/","title":{"rendered":"Christian Philipp: \u201eA Tour legnagyobb kih\u00edv\u00e1sa? A logisztika!\u201d"},"content":{"rendered":"<p><strong>A <em>#Ride2Unite<\/em> csapata tov\u00e1bbra is igyekszik \u00e9rt\u00e9kes ker\u00e9kp\u00e1roz\u00e1ssal kapcsolatos virtu\u00e1lis \u00e9lm\u00e9nyeket k\u00edn\u00e1lni olvas\u00f3inknak! A n\u00e9gykerek\u0171 st\u00fadi\u00f3 nem m\u00e1s j\u00e1rm\u0171vel j\u00e1rja az \u00e9letutakat, mint a 2020-as Tour de France b\u00e1rsonysz\u00edn\u0171 \u00e9kszere &#8211; az els\u0151 teljesen elektromos vezet\u0151 aut\u00f3, a \u0160koda ENYAQ iV. Legut\u00f3bbi vend\u00e9g\u00fcnk egyike azon kev\u00e9s f\u00e9rfiaknak, akik szabadon vezethetik &#8211; Christian Philipp volt.<\/strong><\/p>\n<p><!--more--><\/p>\n<p>Christian \u00e9let\u00e9t t\u00f6bb mint k\u00e9t \u00e9vtizede az aut\u00f3knak \u00e1ldozta. Kor\u00e1bbi profi aut\u00f3versenyz\u0151k\u00e9nt t\u00edz \u00e9vet t\u00f6lt\u00f6tt a vol\u00e1n m\u00f6g\u00f6tt, ami t\u00f6bbek k\u00f6z\u00f6tt t\u00f6k\u00e9letesen alkalmass\u00e1 tette \u0151t a \u0160koda glob\u00e1lis \u00e9lm\u00e9nymarketing vezet\u0151j\u00e9nek mai szerep\u00e9re. Arra a k\u00e9rd\u00e9sre, hogy tov\u00e1bbra is izgatott-e a m\u00e1rk\u00e1val val\u00f3 9 \u00e9ves kapcsolata miatt, \u00edgy v\u00e1laszolt: <em>\u201eNem is k\u00edv\u00e1nhatn\u00e9k t\u00f6bbet. A vil\u00e1g egyik legjobb \u00e9rz\u00e9se a Tour-on dolgozni.&#8221; <\/em>Ismeri a v\u00e1llalat t\u00f6rt\u00e9net\u00e9t: 1895-ben minden egy ker\u00e9kp\u00e1rm\u0171hellyel kezd\u0151d\u00f6tt: <em>\u201e[A \u0160koda] val\u00f3j\u00e1ban ker\u00e9kp\u00e1rokon sz\u00fcletett. T\u00f6k\u00e9letesen illeszkedik teh\u00e1t a Tour de France a m\u00e1rk\u00e1nkhoz. \u201d<\/em><\/p>\n<p><img loading=\"lazy\" decoding=\"async\" class=\"alignnone size-full wp-image-8655\" src=\"https:\/\/d2p6e6u75xmxt8.cloudfront.net\/12\/2020\/09\/pic.jpg\" alt=\"Christian Philipp\" width=\"1214\" height=\"918\" srcset=\"https:\/\/d2p6e6u75xmxt8.cloudfront.net\/12\/2020\/09\/pic.jpg 1214w, https:\/\/d2p6e6u75xmxt8.cloudfront.net\/12\/2020\/09\/pic-300x227.jpg 300w, https:\/\/d2p6e6u75xmxt8.cloudfront.net\/12\/2020\/09\/pic-1024x774.jpg 1024w, https:\/\/d2p6e6u75xmxt8.cloudfront.net\/12\/2020\/09\/pic-768x581.jpg 768w\" sizes=\"auto, (max-width: 1214px) 100vw, 1214px\" \/><\/p>\n<p>Jelenleg egyik f\u0151 c\u00e9lkit\u0171z\u00e9se a \u0160koda Sport szponzor\u00e1l\u00e1si strat\u00e9gi\u00e1j\u00e1nak kidolgoz\u00e1sa, amely t\u00f6bb vil\u00e1gh\u00edr\u0171 ker\u00e9kp\u00e1ros esem\u00e9nyt is \u00e9rint. A nagyszab\u00e1s\u00fa versenyek mellett Christian koordin\u00e1lja a m\u00e1rka tev\u00e9kenys\u00e9g\u00e9t a nagyk\u00f6z\u00f6ns\u00e9g \u00e9s az amat\u0151r ker\u00e9kp\u00e1rosok fel\u00e9. M\u00e9gis \u00fagy t\u0171nik, a sz\u00e1mtalan m\u00e1s esem\u00e9ny mellett, a Tour de France ragadta meg legink\u00e1bb sz\u00edv\u00e9t \u00e9s el\u00e9g\u00edti ki szakmai \u00e9rdekl\u0151d\u00e9s\u00e9t: <em>\u201eAzt kell, hogy mondjam, a Tour vonz a legjobban, ehhez a sportesem\u00e9nyhez ragaszkodnak legjobban az emberek, m\u00e9g id\u00e9n is ott \u00e1lltak az utak mellett, maszkban, \u00e9s tartva a t\u00e1vols\u00e1got. Ez nagyon k\u00fcl\u00f6nleges dolog, m\u00e1s sportokban nincs ilyen.\u201d<\/em><\/p>\n<div class=\"embed-controller-wrapper\"><iframe title=\"Spotify Embed: \u0160KODA&amp;apos;s Christian Philipp at the 2020 Tour: The Race&amp;apos;s Logistics, Driving the ENYAQ iV and More\" style=\"border-radius: 12px\" width=\"100%\" height=\"152\" frameborder=\"0\" allowfullscreen allow=\"autoplay; clipboard-write; encrypted-media; fullscreen; picture-in-picture\" loading=\"lazy\" data-src=\"https:\/\/open.spotify.com\/embed\/episode\/6FgfIIvu4QBAxSrOeM1oYQ?utm_source=oembed\"><\/iframe><\/div>\n<p>Az idei \u00e9v legnagyobb kih\u00edv\u00e1sair\u00f3l k\u00e9rdezt\u00fck, sz\u00e1m\u00e1ra a d\u00e1tum v\u00e1ltoz\u00e1sa okozta a neh\u00e9zs\u00e9geket: <em>\u201ea logisztika teljes \u00e1talak\u00edt\u00e1sa, a hotel \u00e9s a helysz\u00ednek lefoglal\u00e1sa \u00e9s m\u00e9g annyi, de annyi minden!\u201d<\/em><\/p>\n<p>Szabadidej\u00e9ben Christian \u00e9lvezi h\u00e1rom kedvenc tev\u00e9kenys\u00e9g\u00e9t: a ker\u00e9kp\u00e1roz\u00e1st, a motoroz\u00e1st \u00e9s az utaz\u00e1st. Nem sokban k\u00fcl\u00f6nb\u00f6zik a mag\u00e1n\u00e9lete a karrierj\u00e9t\u0151l!<\/p>\n","protected":false},"excerpt":{"rendered":"<p>A #Ride2Unite csapata tov\u00e1bbra is igyekszik \u00e9rt\u00e9kes ker\u00e9kp\u00e1roz\u00e1ssal kapcsolatos virtu\u00e1lis \u00e9lm\u00e9nyeket k\u00edn\u00e1lni olvas\u00f3inknak! A n\u00e9gykerek\u0171 st\u00fadi\u00f3 nem m\u00e1s j\u00e1rm\u0171vel j\u00e1rja [&hellip;]<\/p>\n","protected":false},"author":71,"featured_media":8657,"comment_status":"open","ping_status":"open","sticky":false,"template":"","format":"standard","meta":{"footnotes":""},"categories":[13],"tags":[],"global-categories":[],"class_list":["post-8653","post","type-post","status-publish","format-standard","has-post-thumbnail","hentry","category-blog"],"yoast_head":"<!-- This site is optimized with the Yoast SEO Premium plugin v25.3 (Yoast SEO v25.9) - https:\/\/yoast.com\/wordpress\/plugins\/seo\/ -->\n<title>Christian Philipp: \u201eA Tour legnagyobb kih\u00edv\u00e1sa? A logisztika!\u201d<\/title>\n<meta name=\"description\" content=\"A #Ride2Unite csapata tov\u00e1bbra is igyekszik \u00e9rt\u00e9kes ker\u00e9kp\u00e1roz\u00e1ssal kapcsolatos virtu\u00e1lis \u00e9lm\u00e9nyeket k\u00edn\u00e1lni olvas\u00f3inknak!\" \/>\n<meta name=\"robots\" content=\"index, follow, max-snippet:-1, max-image-preview:large, max-video-preview:-1\" \/>\n<link rel=\"canonical\" href=\"https:\/\/www.welovecycling.com\/hu\/blog\/christian-philipp-a-tour-legnagyobb-kihivasa-a-logisztika\/\" \/>\n<meta property=\"og:locale\" content=\"hu_HU\" \/>\n<meta property=\"og:type\" content=\"article\" \/>\n<meta property=\"og:title\" content=\"Christian Philipp: \u201eA Tour legnagyobb kih\u00edv\u00e1sa? A logisztika!\u201d\" \/>\n<meta property=\"og:description\" content=\"A #Ride2Unite csapata tov\u00e1bbra is igyekszik \u00e9rt\u00e9kes ker\u00e9kp\u00e1roz\u00e1ssal kapcsolatos virtu\u00e1lis \u00e9lm\u00e9nyeket k\u00edn\u00e1lni olvas\u00f3inknak! A n\u00e9gykerek\u0171 st\u00fadi\u00f3 nem m\u00e1s j\u00e1rm\u0171vel j\u00e1rja az \u00e9letutakat, mint a 2020-as Tour de France b\u00e1rsonysz\u00edn\u0171 \u00e9kszere - az els\u0151 teljesen elektromos vezet\u0151 aut\u00f3, a \u0160koda ENYAQ iV. Legut\u00f3bbi vend\u00e9g\u00fcnk egyike azon kev\u00e9s f\u00e9rfiaknak, akik szabadon vezethetik - Christian Philipp volt.\" \/>\n<meta property=\"og:url\" content=\"https:\/\/www.welovecycling.com\/hu\/blog\/christian-philipp-a-tour-legnagyobb-kihivasa-a-logisztika\/\" \/>\n<meta property=\"og:site_name\" content=\"\u0160koda We Love Cycling - Magyarorsz\u00e1g\" \/>\n<meta property=\"article:publisher\" content=\"https:\/\/www.facebook.com\/WeLoveCyclingHungary\/\" \/>\n<meta property=\"article:published_time\" content=\"2020-10-02T07:00:56+00:00\" \/>\n<meta property=\"og:image\" content=\"https:\/\/d2p6e6u75xmxt8.cloudfront.net\/12\/2020\/09\/cover-web.jpg\" \/>\n\t<meta property=\"og:image:width\" content=\"1366\" \/>\n\t<meta property=\"og:image:height\" content=\"600\" \/>\n\t<meta property=\"og:image:type\" content=\"image\/jpeg\" \/>\n<meta name=\"author\" content=\"hegyizs\" \/>\n<meta name=\"twitter:card\" content=\"summary_large_image\" \/>\n<meta name=\"twitter:label1\" content=\"Written by\" \/>\n\t<meta name=\"twitter:data1\" content=\"We Love Cycling\" \/>\n\t<meta name=\"twitter:label2\" content=\"Est. reading time\" \/>\n\t<meta name=\"twitter:data2\" content=\"4\" \/>\n<script type=\"application\/ld+json\" class=\"yoast-schema-graph\">{\"@context\":\"https:\/\/schema.org\",\"@graph\":[{\"@type\":\"WebPage\",\"@id\":\"https:\/\/www.welovecycling.com\/hu\/blog\/christian-philipp-a-tour-legnagyobb-kihivasa-a-logisztika\/\",\"url\":\"https:\/\/www.welovecycling.com\/hu\/blog\/christian-philipp-a-tour-legnagyobb-kihivasa-a-logisztika\/\",\"name\":\"Christian Philipp: \u201eA Tour legnagyobb kih\u00edv\u00e1sa? A logisztika!\u201d\",\"isPartOf\":{\"@id\":\"https:\/\/www.welovecycling.com\/hu\/#website\"},\"primaryImageOfPage\":{\"@id\":\"https:\/\/www.welovecycling.com\/hu\/blog\/christian-philipp-a-tour-legnagyobb-kihivasa-a-logisztika\/#primaryimage\"},\"image\":{\"@id\":\"https:\/\/www.welovecycling.com\/hu\/blog\/christian-philipp-a-tour-legnagyobb-kihivasa-a-logisztika\/#primaryimage\"},\"thumbnailUrl\":\"https:\/\/d2p6e6u75xmxt8.cloudfront.net\/12\/2020\/09\/cover-web.jpg\",\"datePublished\":\"2020-10-02T07:00:56+00:00\",\"author\":{\"@id\":\"https:\/\/www.welovecycling.com\/hu\/#\/schema\/person\/414a2aebf1801691a5320edb6468e194\"},\"description\":\"A #Ride2Unite csapata tov\u00e1bbra is igyekszik \u00e9rt\u00e9kes ker\u00e9kp\u00e1roz\u00e1ssal kapcsolatos virtu\u00e1lis \u00e9lm\u00e9nyeket k\u00edn\u00e1lni olvas\u00f3inknak!\",\"breadcrumb\":{\"@id\":\"https:\/\/www.welovecycling.com\/hu\/blog\/christian-philipp-a-tour-legnagyobb-kihivasa-a-logisztika\/#breadcrumb\"},\"inLanguage\":\"hu\",\"potentialAction\":[{\"@type\":\"ReadAction\",\"target\":[\"https:\/\/www.welovecycling.com\/hu\/blog\/christian-philipp-a-tour-legnagyobb-kihivasa-a-logisztika\/\"]}]},{\"@type\":\"ImageObject\",\"inLanguage\":\"hu\",\"@id\":\"https:\/\/www.welovecycling.com\/hu\/blog\/christian-philipp-a-tour-legnagyobb-kihivasa-a-logisztika\/#primaryimage\",\"url\":\"https:\/\/d2p6e6u75xmxt8.cloudfront.net\/12\/2020\/09\/cover-web.jpg\",\"contentUrl\":\"https:\/\/d2p6e6u75xmxt8.cloudfront.net\/12\/2020\/09\/cover-web.jpg\",\"width\":1366,\"height\":600,\"caption\":\"Christian Philipp\"},{\"@type\":\"BreadcrumbList\",\"@id\":\"https:\/\/www.welovecycling.com\/hu\/blog\/christian-philipp-a-tour-legnagyobb-kihivasa-a-logisztika\/#breadcrumb\",\"itemListElement\":[{\"@type\":\"ListItem\",\"position\":1,\"name\":\"Home\",\"item\":\"https:\/\/www.welovecycling.com\/hu\/\"},{\"@type\":\"ListItem\",\"position\":2,\"name\":\"Christian Philipp: \u201eA Tour legnagyobb kih\u00edv\u00e1sa? A logisztika!\u201d\"}]},{\"@type\":\"WebSite\",\"@id\":\"https:\/\/www.welovecycling.com\/hu\/#website\",\"url\":\"https:\/\/www.welovecycling.com\/hu\/\",\"name\":\"\u0160koda We Love Cycling - Magyarorsz\u00e1g\",\"description\":\"\u0160koda WeLoveCycling\",\"potentialAction\":[{\"@type\":\"SearchAction\",\"target\":{\"@type\":\"EntryPoint\",\"urlTemplate\":\"https:\/\/www.welovecycling.com\/hu\/?s={search_term_string}\"},\"query-input\":{\"@type\":\"PropertyValueSpecification\",\"valueRequired\":true,\"valueName\":\"search_term_string\"}}],\"inLanguage\":\"hu\"},{\"@type\":\"Person\",\"@id\":\"https:\/\/www.welovecycling.com\/hu\/#\/schema\/person\/414a2aebf1801691a5320edb6468e194\",\"name\":\"hegyizs\",\"image\":{\"@type\":\"ImageObject\",\"inLanguage\":\"hu\",\"@id\":\"https:\/\/www.welovecycling.com\/hu\/#\/schema\/person\/image\/\",\"url\":\"https:\/\/secure.gravatar.com\/avatar\/02cf8a7906b8cf90cecb4679defac7cfd33a1c2e3b88e4903d947f3bb58eedd3?s=96&d=mm&r=g\",\"contentUrl\":\"https:\/\/secure.gravatar.com\/avatar\/02cf8a7906b8cf90cecb4679defac7cfd33a1c2e3b88e4903d947f3bb58eedd3?s=96&d=mm&r=g\",\"caption\":\"hegyizs\"},\"url\":\"https:\/\/www.welovecycling.com\/hu\/author\/hegyizs\/\"}]}<\/script>\n<!-- \/ Yoast SEO Premium plugin. -->","yoast_head_json":{"title":"Christian Philipp: \u201eA Tour legnagyobb kih\u00edv\u00e1sa? A logisztika!\u201d","description":"A #Ride2Unite csapata tov\u00e1bbra is igyekszik \u00e9rt\u00e9kes ker\u00e9kp\u00e1roz\u00e1ssal kapcsolatos virtu\u00e1lis \u00e9lm\u00e9nyeket k\u00edn\u00e1lni olvas\u00f3inknak!","robots":{"index":"index","follow":"follow","max-snippet":"max-snippet:-1","max-image-preview":"max-image-preview:large","max-video-preview":"max-video-preview:-1"},"canonical":"https:\/\/www.welovecycling.com\/hu\/blog\/christian-philipp-a-tour-legnagyobb-kihivasa-a-logisztika\/","og_locale":"hu_HU","og_type":"article","og_title":"Christian Philipp: \u201eA Tour legnagyobb kih\u00edv\u00e1sa? A logisztika!\u201d","og_description":"A #Ride2Unite csapata tov\u00e1bbra is igyekszik \u00e9rt\u00e9kes ker\u00e9kp\u00e1roz\u00e1ssal kapcsolatos virtu\u00e1lis \u00e9lm\u00e9nyeket k\u00edn\u00e1lni olvas\u00f3inknak! A n\u00e9gykerek\u0171 st\u00fadi\u00f3 nem m\u00e1s j\u00e1rm\u0171vel j\u00e1rja az \u00e9letutakat, mint a 2020-as Tour de France b\u00e1rsonysz\u00edn\u0171 \u00e9kszere - az els\u0151 teljesen elektromos vezet\u0151 aut\u00f3, a \u0160koda ENYAQ iV. Legut\u00f3bbi vend\u00e9g\u00fcnk egyike azon kev\u00e9s f\u00e9rfiaknak, akik szabadon vezethetik - Christian Philipp volt.","og_url":"https:\/\/www.welovecycling.com\/hu\/blog\/christian-philipp-a-tour-legnagyobb-kihivasa-a-logisztika\/","og_site_name":"\u0160koda We Love Cycling - Magyarorsz\u00e1g","article_publisher":"https:\/\/www.facebook.com\/WeLoveCyclingHungary\/","article_published_time":"2020-10-02T07:00:56+00:00","og_image":[{"width":1366,"height":600,"url":"https:\/\/d2p6e6u75xmxt8.cloudfront.net\/12\/2020\/09\/cover-web.jpg","type":"image\/jpeg"}],"author":"hegyizs","twitter_card":"summary_large_image","twitter_misc":{"Written by":"We Love Cycling","Est. reading time":"4"},"schema":{"@context":"https:\/\/schema.org","@graph":[{"@type":"WebPage","@id":"https:\/\/www.welovecycling.com\/hu\/blog\/christian-philipp-a-tour-legnagyobb-kihivasa-a-logisztika\/","url":"https:\/\/www.welovecycling.com\/hu\/blog\/christian-philipp-a-tour-legnagyobb-kihivasa-a-logisztika\/","name":"Christian Philipp: \u201eA Tour legnagyobb kih\u00edv\u00e1sa? A logisztika!\u201d","isPartOf":{"@id":"https:\/\/www.welovecycling.com\/hu\/#website"},"primaryImageOfPage":{"@id":"https:\/\/www.welovecycling.com\/hu\/blog\/christian-philipp-a-tour-legnagyobb-kihivasa-a-logisztika\/#primaryimage"},"image":{"@id":"https:\/\/www.welovecycling.com\/hu\/blog\/christian-philipp-a-tour-legnagyobb-kihivasa-a-logisztika\/#primaryimage"},"thumbnailUrl":"https:\/\/d2p6e6u75xmxt8.cloudfront.net\/12\/2020\/09\/cover-web.jpg","datePublished":"2020-10-02T07:00:56+00:00","author":{"@id":"https:\/\/www.welovecycling.com\/hu\/#\/schema\/person\/414a2aebf1801691a5320edb6468e194"},"description":"A #Ride2Unite csapata tov\u00e1bbra is igyekszik \u00e9rt\u00e9kes ker\u00e9kp\u00e1roz\u00e1ssal kapcsolatos virtu\u00e1lis \u00e9lm\u00e9nyeket k\u00edn\u00e1lni olvas\u00f3inknak!","breadcrumb":{"@id":"https:\/\/www.welovecycling.com\/hu\/blog\/christian-philipp-a-tour-legnagyobb-kihivasa-a-logisztika\/#breadcrumb"},"inLanguage":"hu","potentialAction":[{"@type":"ReadAction","target":["https:\/\/www.welovecycling.com\/hu\/blog\/christian-philipp-a-tour-legnagyobb-kihivasa-a-logisztika\/"]}]},{"@type":"ImageObject","inLanguage":"hu","@id":"https:\/\/www.welovecycling.com\/hu\/blog\/christian-philipp-a-tour-legnagyobb-kihivasa-a-logisztika\/#primaryimage","url":"https:\/\/d2p6e6u75xmxt8.cloudfront.net\/12\/2020\/09\/cover-web.jpg","contentUrl":"https:\/\/d2p6e6u75xmxt8.cloudfront.net\/12\/2020\/09\/cover-web.jpg","width":1366,"height":600,"caption":"Christian Philipp"},{"@type":"BreadcrumbList","@id":"https:\/\/www.welovecycling.com\/hu\/blog\/christian-philipp-a-tour-legnagyobb-kihivasa-a-logisztika\/#breadcrumb","itemListElement":[{"@type":"ListItem","position":1,"name":"Home","item":"https:\/\/www.welovecycling.com\/hu\/"},{"@type":"ListItem","position":2,"name":"Christian Philipp: \u201eA Tour legnagyobb kih\u00edv\u00e1sa? A logisztika!\u201d"}]},{"@type":"WebSite","@id":"https:\/\/www.welovecycling.com\/hu\/#website","url":"https:\/\/www.welovecycling.com\/hu\/","name":"\u0160koda We Love Cycling - Magyarorsz\u00e1g","description":"\u0160koda WeLoveCycling","potentialAction":[{"@type":"SearchAction","target":{"@type":"EntryPoint","urlTemplate":"https:\/\/www.welovecycling.com\/hu\/?s={search_term_string}"},"query-input":{"@type":"PropertyValueSpecification","valueRequired":true,"valueName":"search_term_string"}}],"inLanguage":"hu"},{"@type":"Person","@id":"https:\/\/www.welovecycling.com\/hu\/#\/schema\/person\/414a2aebf1801691a5320edb6468e194","name":"hegyizs","image":{"@type":"ImageObject","inLanguage":"hu","@id":"https:\/\/www.welovecycling.com\/hu\/#\/schema\/person\/image\/","url":"https:\/\/secure.gravatar.com\/avatar\/02cf8a7906b8cf90cecb4679defac7cfd33a1c2e3b88e4903d947f3bb58eedd3?s=96&d=mm&r=g","contentUrl":"https:\/\/secure.gravatar.com\/avatar\/02cf8a7906b8cf90cecb4679defac7cfd33a1c2e3b88e4903d947f3bb58eedd3?s=96&d=mm&r=g","caption":"hegyizs"},"url":"https:\/\/www.welovecycling.com\/hu\/author\/hegyizs\/"}]}},"_links":{"self":[{"href":"https:\/\/www.welovecycling.com\/hu\/wp-json\/wp\/v2\/posts\/8653","targetHints":{"allow":["GET"]}}],"collection":[{"href":"https:\/\/www.welovecycling.com\/hu\/wp-json\/wp\/v2\/posts"}],"about":[{"href":"https:\/\/www.welovecycling.com\/hu\/wp-json\/wp\/v2\/types\/post"}],"author":[{"embeddable":true,"href":"https:\/\/www.welovecycling.com\/hu\/wp-json\/wp\/v2\/users\/71"}],"replies":[{"embeddable":true,"href":"https:\/\/www.welovecycling.com\/hu\/wp-json\/wp\/v2\/comments?post=8653"}],"version-history":[{"count":2,"href":"https:\/\/www.welovecycling.com\/hu\/wp-json\/wp\/v2\/posts\/8653\/revisions"}],"predecessor-version":[{"id":8667,"href":"https:\/\/www.welovecycling.com\/hu\/wp-json\/wp\/v2\/posts\/8653\/revisions\/8667"}],"wp:featuredmedia":[{"embeddable":true,"href":"https:\/\/www.welovecycling.com\/hu\/wp-json\/wp\/v2\/media\/8657"}],"wp:attachment":[{"href":"https:\/\/www.welovecycling.com\/hu\/wp-json\/wp\/v2\/media?parent=8653"}],"wp:term":[{"taxonomy":"category","embeddable":true,"href":"https:\/\/www.welovecycling.com\/hu\/wp-json\/wp\/v2\/categories?post=8653"},{"taxonomy":"post_tag","embeddable":true,"href":"https:\/\/www.welovecycling.com\/hu\/wp-json\/wp\/v2\/tags?post=8653"},{"taxonomy":"global-categories","embeddable":true,"href":"https:\/\/www.welovecycling.com\/hu\/wp-json\/wp\/v2\/global-categories?post=8653"}],"curies":[{"name":"wp","href":"https:\/\/api.w.org\/{rel}","templated":true}]}}