{"id":8647,"date":"2020-10-01T08:00:13","date_gmt":"2020-10-01T07:00:13","guid":{"rendered":"https:\/\/www.welovecycling.com\/hu\/?p=8647"},"modified":"2020-09-29T14:41:40","modified_gmt":"2020-09-29T13:41:40","slug":"az-arisztokrata-es-a-bulldog-legendas-kuzdelme","status":"publish","type":"post","link":"https:\/\/www.welovecycling.com\/hu\/orszaguti-kerekpar\/az-arisztokrata-es-a-bulldog-legendas-kuzdelme\/","title":{"rendered":"Az arisztokrata \u00e9s a bulldog legend\u00e1s k\u00fczdelme"},"content":{"rendered":"<p><strong>Nincs legend\u00e1s csata k\u00e9t egyform\u00e1n leny\u0171g\u00f6z\u0151 riv\u00e1lis n\u00e9lk\u00fcl. Az 1964-es Tour de France-en Raymond Poulidor \u00e9s Jacques Anquetil sz\u00e1llt ringbe a gy\u0151zelem\u00e9rt, \u00e9s a k\u00f6rverseny egyik legeml\u00e9kezetesebb csat\u00e1j\u00e1t v\u00edvt\u00e1k meg.<\/strong><\/p>\n<p><!--more--><\/p>\n<p>Jacques Anquetil egy ker\u00e9kp\u00e1ros legenda. \u0150 volt az els\u0151, aki \u00f6tsz\u00f6r megnyerte a Tour-t. 1961-ben megszerezte a s\u00e1rga trik\u00f3t az 1. szakaszban, \u00e9s eg\u00e9szen az utols\u00f3 szakaszig mag\u00e1n\u00e1l tartotta. 1964-ben azonban legy\u0151zt\u00e9k. Riv\u00e1lisa, Raymond Poulidor egy farmon nevelkedett, \u00e9s kiemelked\u0151en tehets\u00e9ges volt. 1959-ben szerz\u0151dtette a Mercier, a csapat, ahol az Anquetil karrierje is indult. K\u00e9t sikeres rajt a Tour-on \u00e9s egy, a Vuelt\u00e1n aratott diadal ut\u00e1n 1964-ben k\u00e9sz volt kih\u00edvni Anquetilt a bajnoki c\u00edm\u00e9rt.<\/p>\n<figure id=\"attachment_8648\" aria-describedby=\"caption-attachment-8648\" style=\"width: 1019px\" class=\"wp-caption alignnone\"><a href=\"https:\/\/d2p6e6u75xmxt8.cloudfront.net\/2\/2020\/09\/profimedia-0068093164.jpg\"><img loading=\"lazy\" decoding=\"async\" class=\"wp-image-8648 size-large\" src=\"https:\/\/d2p6e6u75xmxt8.cloudfront.net\/12\/2020\/09\/profimedia-0068093164-1019x1024.jpg\" alt=\"Jacques Anquetil\" width=\"1019\" height=\"1024\" srcset=\"https:\/\/d2p6e6u75xmxt8.cloudfront.net\/12\/2020\/09\/profimedia-0068093164-1019x1024.jpg 1019w, https:\/\/d2p6e6u75xmxt8.cloudfront.net\/12\/2020\/09\/profimedia-0068093164-300x300.jpg 300w, https:\/\/d2p6e6u75xmxt8.cloudfront.net\/12\/2020\/09\/profimedia-0068093164-150x150.jpg 150w, https:\/\/d2p6e6u75xmxt8.cloudfront.net\/12\/2020\/09\/profimedia-0068093164-768x772.jpg 768w, https:\/\/d2p6e6u75xmxt8.cloudfront.net\/12\/2020\/09\/profimedia-0068093164.jpg 1244w\" sizes=\"auto, (max-width: 1019px) 100vw, 1019px\" \/><\/a><figcaption id=\"caption-attachment-8648\" class=\"wp-caption-text\"><em>Anquetil az egyik hegyi szakaszon. \u00a9 Profimedia<\/em><\/figcaption><\/figure>\n<p>A francia szurkol\u00f3k Poulidor mellett \u00e1lltak. A k\u00e9t versenyz\u0151 t\u0171z \u00e9s v\u00edz volt: Anquetilt magas, \u00a0arca csontos, st\u00edlusos sz\u0151ke haj\u00e1val, hib\u00e1tlan, halv\u00e1ny b\u0151r\u00e9vel, er\u0151s \u00e9szak-francia akcentus\u00e1val \u00e9s eleg\u00e1ns ker\u00e9kp\u00e1ros st\u00edlus\u00e1val ki\u00e9rdemelte a biciklis arisztokrata becenevet. Poulidor a n\u00e9p embere volt, lassan besz\u00e9lt, k\u00f6z\u00e9p-franciai akcentussal, b\u0151re r\u00e1ncos \u00e9s napbarn\u00edtott, \u00fagy n\u00e9zett ki, mint egy ped\u00e1loz\u00f3 bulldog.<\/p>\n<p>Legdr\u00e1maibb \u00f6sszecsap\u00e1suk a 20. szakaszon \u00a0t\u00f6rt\u00e9nt. Anquetiln\u00e9l volt a s\u00e1rga trik\u00f3, Poulidor azonban csak 56 m\u00e1sodperccel maradt el t\u0151le. Poulidor terve az volt, hogy a Puy de D\u00f4me-ra val\u00f3 m\u00e1sz\u00e1s sor\u00e1n t\u00e1mad, \u00e9s \u00e1tveszi a vezet\u00e9st.<\/p>\n<p>Mintha a nagyk\u00f6nyvben \u00edrt\u00e1k volna meg. 10 km-t meredek m\u00e1sz\u00e1s ut\u00e1n fel\u00e9rtek a h\u00edres Puy de D\u00f4me kr\u00e1terig. Egym\u00e1s mellett tekertek, v\u00e1lluk \u00e9s k\u00f6ny\u00f6k\u00fck \u00f6ssze\u00e9rt, egym\u00e1shoz l\u00e1ncolva k\u00fczd\u00f6ttek, nem t\u00f6r\u0151dve a f\u00e1jdalommal. Annak ellen\u00e9re, hogy f\u00e9lmilli\u00f3 rajong\u00f3 ujjongott k\u00f6r\u00fcl\u00f6tt\u00fck, hallhatt\u00e1k egym\u00e1s l\u00e9legzetv\u00e9tel\u00e9t. Heves harc volt, igaz\u00e1n l\u00e1tv\u00e1nyos k\u00fczdelem. Poulidor volt a jobb m\u00e1sz\u00f3, de Anquetil a legjobb fegyver\u00e9t, strat\u00e9giai gondolkod\u00e1s\u00e1t haszn\u00e1lta. A bels\u0151 s\u00e1vot v\u00e1lasztotta, k\u00f6zelebb a hegyhez. H\u00e1romszor is bl\u00f6ff\u00f6lt: \u00fagy tett, mintha nem tudn\u00e1 tartani a temp\u00f3t. Poulidor h\u00e1romszor pr\u00f3b\u00e1lta sikertelen\u00fcl ler\u00e1zni, egyre ink\u00e1bb kimer\u00fclt. Amikor ism\u00e9t megpr\u00f3b\u00e1lt t\u00e1madni, Anquetil megragadta a mez\u00e9t. Az erk\u00f6lcsi csat\u00e1t elvesztette, de versenyben maradt.<\/p>\n<figure id=\"attachment_8649\" aria-describedby=\"caption-attachment-8649\" style=\"width: 1024px\" class=\"wp-caption alignnone\"><a href=\"https:\/\/d2p6e6u75xmxt8.cloudfront.net\/2\/2020\/09\/profimedia-0068092118.jpg\"><img loading=\"lazy\" decoding=\"async\" class=\"wp-image-8649 size-large\" src=\"https:\/\/d2p6e6u75xmxt8.cloudfront.net\/12\/2020\/09\/profimedia-0068092118-1024x798.jpg\" alt=\"Raymond Poulidor\" width=\"1024\" height=\"798\" srcset=\"https:\/\/d2p6e6u75xmxt8.cloudfront.net\/12\/2020\/09\/profimedia-0068092118-1024x798.jpg 1024w, https:\/\/d2p6e6u75xmxt8.cloudfront.net\/12\/2020\/09\/profimedia-0068092118-300x234.jpg 300w, https:\/\/d2p6e6u75xmxt8.cloudfront.net\/12\/2020\/09\/profimedia-0068092118-768x598.jpg 768w, https:\/\/d2p6e6u75xmxt8.cloudfront.net\/12\/2020\/09\/profimedia-0068092118.jpg 1250w\" sizes=\"auto, (max-width: 1024px) 100vw, 1024px\" \/><\/a><figcaption id=\"caption-attachment-8649\" class=\"wp-caption-text\"><em>Poulidor \u00e9s Federico Bahamont\u00e8s. \u00a9 Profimedia<\/em><\/figcaption><\/figure>\n<p><em>\u201eLass\u00edtottam, \u0151 is lass\u00edtott. T\u00e1madtam, reag\u00e1lt. Hihetetlen volt. M\u00e9g soha nem \u00e9reztem magam ilyen sz\u00f6rnyen a biciklin\u201d<\/em> \u2013 nyilatkozta Poulidor a szakasz ut\u00e1n.<\/p>\n<p>\u00d6tsz\u00e1z m\u00e9terrel a hegycs\u00facs el\u0151tt v\u00e9g\u00fcl Poulidor lehagyta riv\u00e1lis\u00e1t. Anquetil n\u00e9zte t\u00e1volod\u00f3 alakj\u00e1t, \u00e9s rem\u00e9lte, hogy nem veszett el mindent. Az\u00e9rt az 56 m\u00e1sodperces el\u0151nyt nem hozhatta be!<\/p>\n<p>Poulidor nyerte meg az etapot, Anquetil m\u00e1sodiknak \u00e9rt be \u00e9s majdnem \u00f6sszeesett. Nem kapott leveg\u0151t, a b\u0151re lila lett, de m\u00e9g \u00edgy is meg tudta k\u00e9rdezni:<\/p>\n<p><em>\u201eMennyi?\u201d<\/em><\/p>\n<p><em>\u201e14 m\u00e1sodperc el\u0151ny\u00f6d maradt\u201d<\/em> \u2013 kapta a v\u00e1laszt.<\/p>\n<p><em>\u201eAz t\u00f6bb mint el\u00e9g\u201d<\/em> \u2013 s\u00f3hajtott megk\u00f6nnyebb\u00fclten.<\/p>\n<p>Az utols\u00f3, id\u0151m\u00e9r\u0151 futamon Anquetil magabiztosan \u00e1llt rajthoz, ebben a m\u0171fajban volt a legjobb. Poulidor m\u00e1r t\u00falvolt az id\u0151futamon, nagyon gyorsan tekert, gyorsabban, mint aznap b\u00e1rki. Azt\u00e1n elj\u00f6tt Anquetil ideje. A szakasz els\u0151 fel\u00e9t Poulidor 5 m\u00e1sodperccel gyorsabban tette meg, a m\u00e1sodikban viszont Anquetil legy\u0151zte, \u00e9s megnyerte a futamot, \u00edgy az \u00f6sszes\u00edtett versenyt is. 55 m\u00e1sodperccel hagyta le ellenfel\u00e9t. Akkoriban ez volt az addigi legszorosabb k\u00fczdelem.<\/p>\n<figure id=\"attachment_8650\" aria-describedby=\"caption-attachment-8650\" style=\"width: 1024px\" class=\"wp-caption alignnone\"><a href=\"https:\/\/d2p6e6u75xmxt8.cloudfront.net\/2\/2020\/09\/profimedia-0068096148.jpg\"><img loading=\"lazy\" decoding=\"async\" class=\"wp-image-8650 size-large\" src=\"https:\/\/d2p6e6u75xmxt8.cloudfront.net\/12\/2020\/09\/profimedia-0068096148-1024x693.jpg\" alt=\"1964 Tour\" width=\"1024\" height=\"693\" srcset=\"https:\/\/d2p6e6u75xmxt8.cloudfront.net\/12\/2020\/09\/profimedia-0068096148-1024x693.jpg 1024w, https:\/\/d2p6e6u75xmxt8.cloudfront.net\/12\/2020\/09\/profimedia-0068096148-300x203.jpg 300w, https:\/\/d2p6e6u75xmxt8.cloudfront.net\/12\/2020\/09\/profimedia-0068096148-768x520.jpg 768w, https:\/\/d2p6e6u75xmxt8.cloudfront.net\/12\/2020\/09\/profimedia-0068096148.jpg 1250w\" sizes=\"auto, (max-width: 1024px) 100vw, 1024px\" \/><\/a><figcaption id=\"caption-attachment-8650\" class=\"wp-caption-text\"><em>Anquetil \u00e9s Poulidor a verseny ut\u00e1n. \u00a9 Profimedia<\/em><\/figcaption><\/figure>\n<p>P\u00e1rizsban a szurkol\u00f3k nem \u00f6r\u00fcltek, hogy Poulidor vesz\u00edtett, \u00e9s nem \u00fcnnepelt\u00e9k a bajnokot. Ezzel Anquetilnek egy\u00fctt kellett \u00e9lnie. Poulidor volt az \u00f6r\u00f6k kedvenc, \u0151 viszont megszerezte az \u00f6t\u00f6dik bajnoki c\u00edm\u00e9t.<\/p>\n","protected":false},"excerpt":{"rendered":"<p>Nincs legend\u00e1s csata k\u00e9t egyform\u00e1n leny\u0171g\u00f6z\u0151 riv\u00e1lis n\u00e9lk\u00fcl. Az 1964-es Tour de France-en Raymond Poulidor \u00e9s Jacques Anquetil sz\u00e1llt ringbe [&hellip;]<\/p>\n","protected":false},"author":71,"featured_media":8652,"comment_status":"open","ping_status":"open","sticky":false,"template":"","format":"standard","meta":{"footnotes":""},"categories":[8],"tags":[],"global-categories":[],"class_list":["post-8647","post","type-post","status-publish","format-standard","has-post-thumbnail","hentry","category-orszaguti-kerekpar"],"yoast_head":"<!-- This site is optimized with the Yoast SEO Premium plugin v25.3 (Yoast SEO v25.9) - https:\/\/yoast.com\/wordpress\/plugins\/seo\/ -->\n<title>Az arisztokrata \u00e9s a bulldog legend\u00e1s k\u00fczdelme<\/title>\n<meta name=\"description\" content=\"Nincs legend\u00e1s csata k\u00e9t egyform\u00e1n leny\u0171g\u00f6z\u0151 riv\u00e1lis n\u00e9lk\u00fcl. Az 1964-es Tour de France-en Raymond Poulidor \u00e9s Jacques Anquetil sz\u00e1llt ringbe a gy\u0151zelem\u00e9rt, \u00e9s a k\u00f6rverseny egyik legeml\u00e9kezetesebb csat\u00e1j\u00e1t v\u00edvt\u00e1k meg.\" \/>\n<meta name=\"robots\" content=\"index, follow, max-snippet:-1, max-image-preview:large, max-video-preview:-1\" \/>\n<link rel=\"canonical\" href=\"https:\/\/www.welovecycling.com\/hu\/orszaguti-kerekpar\/az-arisztokrata-es-a-bulldog-legendas-kuzdelme\/\" \/>\n<meta property=\"og:locale\" content=\"hu_HU\" \/>\n<meta property=\"og:type\" content=\"article\" \/>\n<meta property=\"og:title\" content=\"Az arisztokrata \u00e9s a bulldog legend\u00e1s k\u00fczdelme\" \/>\n<meta property=\"og:description\" content=\"Nincs legend\u00e1s csata k\u00e9t egyform\u00e1n leny\u0171g\u00f6z\u0151 riv\u00e1lis n\u00e9lk\u00fcl. Az 1964-es Tour de France-en Raymond Poulidor \u00e9s Jacques Anquetil sz\u00e1llt ringbe a gy\u0151zelem\u00e9rt, \u00e9s a k\u00f6rverseny egyik legeml\u00e9kezetesebb csat\u00e1j\u00e1t v\u00edvt\u00e1k meg.\" \/>\n<meta property=\"og:url\" content=\"https:\/\/www.welovecycling.com\/hu\/orszaguti-kerekpar\/az-arisztokrata-es-a-bulldog-legendas-kuzdelme\/\" \/>\n<meta property=\"og:site_name\" content=\"\u0160koda We Love Cycling - Magyarorsz\u00e1g\" \/>\n<meta property=\"article:publisher\" content=\"https:\/\/www.facebook.com\/WeLoveCyclingHungary\/\" \/>\n<meta property=\"article:published_time\" content=\"2020-10-01T07:00:13+00:00\" \/>\n<meta property=\"og:image\" content=\"https:\/\/d2p6e6u75xmxt8.cloudfront.net\/12\/2020\/09\/anquetil-poulidor-profimedia-0289505694-CVR.jpg\" \/>\n\t<meta property=\"og:image:width\" content=\"1366\" \/>\n\t<meta property=\"og:image:height\" content=\"600\" \/>\n\t<meta property=\"og:image:type\" content=\"image\/jpeg\" \/>\n<meta name=\"author\" content=\"hegyizs\" \/>\n<meta name=\"twitter:card\" content=\"summary_large_image\" \/>\n<meta name=\"twitter:title\" content=\"Az arisztokrata \u00e9s a bulldog legend\u00e1s k\u00fczdelme\" \/>\n<meta name=\"twitter:label1\" content=\"Written by\" \/>\n\t<meta name=\"twitter:data1\" content=\"Jiri Kaloc\" \/>\n\t<meta name=\"twitter:label2\" content=\"Est. reading time\" \/>\n\t<meta name=\"twitter:data2\" content=\"5\" \/>\n<script type=\"application\/ld+json\" class=\"yoast-schema-graph\">{\"@context\":\"https:\/\/schema.org\",\"@graph\":[{\"@type\":\"WebPage\",\"@id\":\"https:\/\/www.welovecycling.com\/hu\/orszaguti-kerekpar\/az-arisztokrata-es-a-bulldog-legendas-kuzdelme\/\",\"url\":\"https:\/\/www.welovecycling.com\/hu\/orszaguti-kerekpar\/az-arisztokrata-es-a-bulldog-legendas-kuzdelme\/\",\"name\":\"Az arisztokrata \u00e9s a bulldog legend\u00e1s k\u00fczdelme\",\"isPartOf\":{\"@id\":\"https:\/\/www.welovecycling.com\/hu\/#website\"},\"primaryImageOfPage\":{\"@id\":\"https:\/\/www.welovecycling.com\/hu\/orszaguti-kerekpar\/az-arisztokrata-es-a-bulldog-legendas-kuzdelme\/#primaryimage\"},\"image\":{\"@id\":\"https:\/\/www.welovecycling.com\/hu\/orszaguti-kerekpar\/az-arisztokrata-es-a-bulldog-legendas-kuzdelme\/#primaryimage\"},\"thumbnailUrl\":\"https:\/\/d2p6e6u75xmxt8.cloudfront.net\/12\/2020\/09\/anquetil-poulidor-profimedia-0289505694-CVR.jpg\",\"datePublished\":\"2020-10-01T07:00:13+00:00\",\"author\":{\"@id\":\"https:\/\/www.welovecycling.com\/hu\/#\/schema\/person\/414a2aebf1801691a5320edb6468e194\"},\"description\":\"Nincs legend\u00e1s csata k\u00e9t egyform\u00e1n leny\u0171g\u00f6z\u0151 riv\u00e1lis n\u00e9lk\u00fcl. Az 1964-es Tour de France-en Raymond Poulidor \u00e9s Jacques Anquetil sz\u00e1llt ringbe a gy\u0151zelem\u00e9rt, \u00e9s a k\u00f6rverseny egyik legeml\u00e9kezetesebb csat\u00e1j\u00e1t v\u00edvt\u00e1k meg.\",\"breadcrumb\":{\"@id\":\"https:\/\/www.welovecycling.com\/hu\/orszaguti-kerekpar\/az-arisztokrata-es-a-bulldog-legendas-kuzdelme\/#breadcrumb\"},\"inLanguage\":\"hu\",\"potentialAction\":[{\"@type\":\"ReadAction\",\"target\":[\"https:\/\/www.welovecycling.com\/hu\/orszaguti-kerekpar\/az-arisztokrata-es-a-bulldog-legendas-kuzdelme\/\"]}]},{\"@type\":\"ImageObject\",\"inLanguage\":\"hu\",\"@id\":\"https:\/\/www.welovecycling.com\/hu\/orszaguti-kerekpar\/az-arisztokrata-es-a-bulldog-legendas-kuzdelme\/#primaryimage\",\"url\":\"https:\/\/d2p6e6u75xmxt8.cloudfront.net\/12\/2020\/09\/anquetil-poulidor-profimedia-0289505694-CVR.jpg\",\"contentUrl\":\"https:\/\/d2p6e6u75xmxt8.cloudfront.net\/12\/2020\/09\/anquetil-poulidor-profimedia-0289505694-CVR.jpg\",\"width\":1366,\"height\":600,\"caption\":\"1964 Tour\"},{\"@type\":\"BreadcrumbList\",\"@id\":\"https:\/\/www.welovecycling.com\/hu\/orszaguti-kerekpar\/az-arisztokrata-es-a-bulldog-legendas-kuzdelme\/#breadcrumb\",\"itemListElement\":[{\"@type\":\"ListItem\",\"position\":1,\"name\":\"Home\",\"item\":\"https:\/\/www.welovecycling.com\/hu\/\"},{\"@type\":\"ListItem\",\"position\":2,\"name\":\"Az arisztokrata \u00e9s a bulldog legend\u00e1s k\u00fczdelme\"}]},{\"@type\":\"WebSite\",\"@id\":\"https:\/\/www.welovecycling.com\/hu\/#website\",\"url\":\"https:\/\/www.welovecycling.com\/hu\/\",\"name\":\"\u0160koda We Love Cycling - Magyarorsz\u00e1g\",\"description\":\"\u0160koda WeLoveCycling\",\"potentialAction\":[{\"@type\":\"SearchAction\",\"target\":{\"@type\":\"EntryPoint\",\"urlTemplate\":\"https:\/\/www.welovecycling.com\/hu\/?s={search_term_string}\"},\"query-input\":{\"@type\":\"PropertyValueSpecification\",\"valueRequired\":true,\"valueName\":\"search_term_string\"}}],\"inLanguage\":\"hu\"},{\"@type\":\"Person\",\"@id\":\"https:\/\/www.welovecycling.com\/hu\/#\/schema\/person\/414a2aebf1801691a5320edb6468e194\",\"name\":\"hegyizs\",\"image\":{\"@type\":\"ImageObject\",\"inLanguage\":\"hu\",\"@id\":\"https:\/\/www.welovecycling.com\/hu\/#\/schema\/person\/image\/\",\"url\":\"https:\/\/secure.gravatar.com\/avatar\/02cf8a7906b8cf90cecb4679defac7cfd33a1c2e3b88e4903d947f3bb58eedd3?s=96&d=mm&r=g\",\"contentUrl\":\"https:\/\/secure.gravatar.com\/avatar\/02cf8a7906b8cf90cecb4679defac7cfd33a1c2e3b88e4903d947f3bb58eedd3?s=96&d=mm&r=g\",\"caption\":\"hegyizs\"},\"url\":\"https:\/\/www.welovecycling.com\/hu\/author\/hegyizs\/\"}]}<\/script>\n<!-- \/ Yoast SEO Premium plugin. -->","yoast_head_json":{"title":"Az arisztokrata \u00e9s a bulldog legend\u00e1s k\u00fczdelme","description":"Nincs legend\u00e1s csata k\u00e9t egyform\u00e1n leny\u0171g\u00f6z\u0151 riv\u00e1lis n\u00e9lk\u00fcl. Az 1964-es Tour de France-en Raymond Poulidor \u00e9s Jacques Anquetil sz\u00e1llt ringbe a gy\u0151zelem\u00e9rt, \u00e9s a k\u00f6rverseny egyik legeml\u00e9kezetesebb csat\u00e1j\u00e1t v\u00edvt\u00e1k meg.","robots":{"index":"index","follow":"follow","max-snippet":"max-snippet:-1","max-image-preview":"max-image-preview:large","max-video-preview":"max-video-preview:-1"},"canonical":"https:\/\/www.welovecycling.com\/hu\/orszaguti-kerekpar\/az-arisztokrata-es-a-bulldog-legendas-kuzdelme\/","og_locale":"hu_HU","og_type":"article","og_title":"Az arisztokrata \u00e9s a bulldog legend\u00e1s k\u00fczdelme","og_description":"Nincs legend\u00e1s csata k\u00e9t egyform\u00e1n leny\u0171g\u00f6z\u0151 riv\u00e1lis n\u00e9lk\u00fcl. Az 1964-es Tour de France-en Raymond Poulidor \u00e9s Jacques Anquetil sz\u00e1llt ringbe a gy\u0151zelem\u00e9rt, \u00e9s a k\u00f6rverseny egyik legeml\u00e9kezetesebb csat\u00e1j\u00e1t v\u00edvt\u00e1k meg.","og_url":"https:\/\/www.welovecycling.com\/hu\/orszaguti-kerekpar\/az-arisztokrata-es-a-bulldog-legendas-kuzdelme\/","og_site_name":"\u0160koda We Love Cycling - Magyarorsz\u00e1g","article_publisher":"https:\/\/www.facebook.com\/WeLoveCyclingHungary\/","article_published_time":"2020-10-01T07:00:13+00:00","og_image":[{"width":1366,"height":600,"url":"https:\/\/d2p6e6u75xmxt8.cloudfront.net\/12\/2020\/09\/anquetil-poulidor-profimedia-0289505694-CVR.jpg","type":"image\/jpeg"}],"author":"hegyizs","twitter_card":"summary_large_image","twitter_title":"Az arisztokrata \u00e9s a bulldog legend\u00e1s k\u00fczdelme","twitter_misc":{"Written by":"Jiri Kaloc","Est. reading time":"5"},"schema":{"@context":"https:\/\/schema.org","@graph":[{"@type":"WebPage","@id":"https:\/\/www.welovecycling.com\/hu\/orszaguti-kerekpar\/az-arisztokrata-es-a-bulldog-legendas-kuzdelme\/","url":"https:\/\/www.welovecycling.com\/hu\/orszaguti-kerekpar\/az-arisztokrata-es-a-bulldog-legendas-kuzdelme\/","name":"Az arisztokrata \u00e9s a bulldog legend\u00e1s k\u00fczdelme","isPartOf":{"@id":"https:\/\/www.welovecycling.com\/hu\/#website"},"primaryImageOfPage":{"@id":"https:\/\/www.welovecycling.com\/hu\/orszaguti-kerekpar\/az-arisztokrata-es-a-bulldog-legendas-kuzdelme\/#primaryimage"},"image":{"@id":"https:\/\/www.welovecycling.com\/hu\/orszaguti-kerekpar\/az-arisztokrata-es-a-bulldog-legendas-kuzdelme\/#primaryimage"},"thumbnailUrl":"https:\/\/d2p6e6u75xmxt8.cloudfront.net\/12\/2020\/09\/anquetil-poulidor-profimedia-0289505694-CVR.jpg","datePublished":"2020-10-01T07:00:13+00:00","author":{"@id":"https:\/\/www.welovecycling.com\/hu\/#\/schema\/person\/414a2aebf1801691a5320edb6468e194"},"description":"Nincs legend\u00e1s csata k\u00e9t egyform\u00e1n leny\u0171g\u00f6z\u0151 riv\u00e1lis n\u00e9lk\u00fcl. Az 1964-es Tour de France-en Raymond Poulidor \u00e9s Jacques Anquetil sz\u00e1llt ringbe a gy\u0151zelem\u00e9rt, \u00e9s a k\u00f6rverseny egyik legeml\u00e9kezetesebb csat\u00e1j\u00e1t v\u00edvt\u00e1k meg.","breadcrumb":{"@id":"https:\/\/www.welovecycling.com\/hu\/orszaguti-kerekpar\/az-arisztokrata-es-a-bulldog-legendas-kuzdelme\/#breadcrumb"},"inLanguage":"hu","potentialAction":[{"@type":"ReadAction","target":["https:\/\/www.welovecycling.com\/hu\/orszaguti-kerekpar\/az-arisztokrata-es-a-bulldog-legendas-kuzdelme\/"]}]},{"@type":"ImageObject","inLanguage":"hu","@id":"https:\/\/www.welovecycling.com\/hu\/orszaguti-kerekpar\/az-arisztokrata-es-a-bulldog-legendas-kuzdelme\/#primaryimage","url":"https:\/\/d2p6e6u75xmxt8.cloudfront.net\/12\/2020\/09\/anquetil-poulidor-profimedia-0289505694-CVR.jpg","contentUrl":"https:\/\/d2p6e6u75xmxt8.cloudfront.net\/12\/2020\/09\/anquetil-poulidor-profimedia-0289505694-CVR.jpg","width":1366,"height":600,"caption":"1964 Tour"},{"@type":"BreadcrumbList","@id":"https:\/\/www.welovecycling.com\/hu\/orszaguti-kerekpar\/az-arisztokrata-es-a-bulldog-legendas-kuzdelme\/#breadcrumb","itemListElement":[{"@type":"ListItem","position":1,"name":"Home","item":"https:\/\/www.welovecycling.com\/hu\/"},{"@type":"ListItem","position":2,"name":"Az arisztokrata \u00e9s a bulldog legend\u00e1s k\u00fczdelme"}]},{"@type":"WebSite","@id":"https:\/\/www.welovecycling.com\/hu\/#website","url":"https:\/\/www.welovecycling.com\/hu\/","name":"\u0160koda We Love Cycling - Magyarorsz\u00e1g","description":"\u0160koda WeLoveCycling","potentialAction":[{"@type":"SearchAction","target":{"@type":"EntryPoint","urlTemplate":"https:\/\/www.welovecycling.com\/hu\/?s={search_term_string}"},"query-input":{"@type":"PropertyValueSpecification","valueRequired":true,"valueName":"search_term_string"}}],"inLanguage":"hu"},{"@type":"Person","@id":"https:\/\/www.welovecycling.com\/hu\/#\/schema\/person\/414a2aebf1801691a5320edb6468e194","name":"hegyizs","image":{"@type":"ImageObject","inLanguage":"hu","@id":"https:\/\/www.welovecycling.com\/hu\/#\/schema\/person\/image\/","url":"https:\/\/secure.gravatar.com\/avatar\/02cf8a7906b8cf90cecb4679defac7cfd33a1c2e3b88e4903d947f3bb58eedd3?s=96&d=mm&r=g","contentUrl":"https:\/\/secure.gravatar.com\/avatar\/02cf8a7906b8cf90cecb4679defac7cfd33a1c2e3b88e4903d947f3bb58eedd3?s=96&d=mm&r=g","caption":"hegyizs"},"url":"https:\/\/www.welovecycling.com\/hu\/author\/hegyizs\/"}]}},"_links":{"self":[{"href":"https:\/\/www.welovecycling.com\/hu\/wp-json\/wp\/v2\/posts\/8647","targetHints":{"allow":["GET"]}}],"collection":[{"href":"https:\/\/www.welovecycling.com\/hu\/wp-json\/wp\/v2\/posts"}],"about":[{"href":"https:\/\/www.welovecycling.com\/hu\/wp-json\/wp\/v2\/types\/post"}],"author":[{"embeddable":true,"href":"https:\/\/www.welovecycling.com\/hu\/wp-json\/wp\/v2\/users\/71"}],"replies":[{"embeddable":true,"href":"https:\/\/www.welovecycling.com\/hu\/wp-json\/wp\/v2\/comments?post=8647"}],"version-history":[{"count":2,"href":"https:\/\/www.welovecycling.com\/hu\/wp-json\/wp\/v2\/posts\/8647\/revisions"}],"predecessor-version":[{"id":8673,"href":"https:\/\/www.welovecycling.com\/hu\/wp-json\/wp\/v2\/posts\/8647\/revisions\/8673"}],"wp:featuredmedia":[{"embeddable":true,"href":"https:\/\/www.welovecycling.com\/hu\/wp-json\/wp\/v2\/media\/8652"}],"wp:attachment":[{"href":"https:\/\/www.welovecycling.com\/hu\/wp-json\/wp\/v2\/media?parent=8647"}],"wp:term":[{"taxonomy":"category","embeddable":true,"href":"https:\/\/www.welovecycling.com\/hu\/wp-json\/wp\/v2\/categories?post=8647"},{"taxonomy":"post_tag","embeddable":true,"href":"https:\/\/www.welovecycling.com\/hu\/wp-json\/wp\/v2\/tags?post=8647"},{"taxonomy":"global-categories","embeddable":true,"href":"https:\/\/www.welovecycling.com\/hu\/wp-json\/wp\/v2\/global-categories?post=8647"}],"curies":[{"name":"wp","href":"https:\/\/api.w.org\/{rel}","templated":true}]}}