{"id":8638,"date":"2020-09-29T08:00:18","date_gmt":"2020-09-29T07:00:18","guid":{"rendered":"https:\/\/www.welovecycling.com\/hu\/?p=8638"},"modified":"2020-09-29T14:53:59","modified_gmt":"2020-09-29T13:53:59","slug":"andy-schleck-a-tour-de-france-egy-nagy-buli-ami-remenyt-ad-az-embereknek","status":"publish","type":"post","link":"https:\/\/www.welovecycling.com\/hu\/blog\/andy-schleck-a-tour-de-france-egy-nagy-buli-ami-remenyt-ad-az-embereknek\/","title":{"rendered":"Andy Schleck: \u201eA Tour de France egy nagy buli, ami rem\u00e9nyt ad az embereknek\u201d"},"content":{"rendered":"<p><strong>A Tour de France versenyz\u0151inek fejl\u0151d\u00e9s\u00e9t \u00e9s teljes\u00edtm\u00e9ny\u00e9t illet\u0151en Andy Schleck \u00fagy v\u00e9li, hogy a legjobb \u00e9s a legrosszabb versenyz\u0151 k\u00f6z\u00f6tti szakad\u00e9k lassan megsz\u0171nik a globaliz\u00e1ci\u00f3nak k\u00f6sz\u00f6nhet\u0151en. A \u0160koda m\u00e1rkanagyk\u00f6vetek\u00e9nt Andy rendszeresen megjelenik a Tour de France VIP Hospitality programj\u00e1n. Ez teszi \u0151t a <em>#Ride2Unite<\/em> t\u00f6k\u00e9letes vend\u00e9g\u00e9v\u00e9, k\u00fcldet\u00e9s\u00fcnk, hogy a We Love Cycling alapvet\u0151 \u00e9rt\u00e9keit hangs\u00falyozzuk a sorozatban, melynek c\u00e9lja egy akt\u00edv, soksz\u00edn\u0171 \u00e9s t\u00e1j\u00e9kozott ker\u00e9kp\u00e1ros k\u00f6z\u00f6ss\u00e9g fel\u00e9p\u00edt\u00e9se. Keira McVitty az impoz\u00e1ns, teljesen elektromos \u00faj vezet\u0151 aut\u00f3, a \u0160koda ENYAQ iV h\u00e1ts\u00f3 \u00fcl\u00e9s\u00e9n k\u00e9sz\u00edtett interj\u00fat Andyvel.<\/strong><\/p>\n<p><!--more--><\/p>\n<p>Andy Raymond Schleck luxemburgi sz\u00fclet\u00e9s\u0171, egykori profi ker\u00e9kp\u00e1ros, 2010-es Tour de France gy\u0151ztes \u00e9s k\u00e9tszeres m\u00e1sodik helyezett (2009 \u00e9s 2011), csal\u00e1dj\u00e1nak harmadik gener\u00e1ci\u00f3s ker\u00e9kp\u00e1rosa. Miut\u00e1n 2005-ben beker\u00fclt a profik k\u00f6z\u00e9, Schleck gyakorlatilag egyik napr\u00f3l a m\u00e1sikra h\u00edres lett. 2009-ben karrierje eddigi legnagyobb gy\u0151zelm\u00e9t \u00e9rte el, amikor az er\u0151s szezont a Li\u00e8ge \u2013 Bastogne \u2013 Li\u00e8ge verseny megnyer\u00e9s\u00e9vel z\u00e1rta: ezzel \u0151 lett az els\u0151 luxemburgi gy\u0151ztes 1954 \u00f3ta. A kor\u00e1bbi interj\u00fakb\u00f3l tudjuk, hogy Andy j\u00f3 megfigyel\u0151k\u00e9pess\u00e9ggel \u00e9s meglehet\u0151sen sok sz\u00e9p eredm\u00e9nnyel rendelkezik, \u00edgy nagyon k\u00edv\u00e1ncsian v\u00e1rtuk, hogyan magyar\u00e1zza, hogy a Tour ennyire n\u00e9pszer\u0171 a n\u00e9z\u0151k k\u00f6r\u00e9ben. <em>\u201eEl\u0151sz\u00f6r is, a Tour de France egy nagy buli. Ahol csak \u00e1thalad az \u00fatvonal, t\u00f6rt\u00e9nelmi pillanatokat, boldogs\u00e1got, izgalmat hoz az ott \u00e9l\u0151knek. A n\u00e9z\u0151knek nincs sz\u00fcks\u00e9g\u00fck hangos zen\u00e9re vagy italokra, csak az\u00e9rt t\u00e1ncolnak az \u00fat sz\u00e9l\u00e9n, mert a Tour de France el\u0151tt\u00fck zajlik.\u201d <\/em>Andy \u00f6r\u00fcl, hogy a Tour-t v\u00e9g\u00fcl megrendezt\u00e9k, ha nem is az eredeti id\u0151pontban. \u00dagy v\u00e9li, ez legal\u00e1bb egy kicsit k\u00f6nny\u00edt az emberek lelk\u00e9n egy ilyen \u0151r\u00fclt \u00e9v ut\u00e1n.<\/p>\n<p><img loading=\"lazy\" decoding=\"async\" class=\"alignnone size-full wp-image-8639\" src=\"https:\/\/d2p6e6u75xmxt8.cloudfront.net\/12\/2020\/09\/Ride2UniteAndy.JPG.jpg\" alt=\"Andy Schleck\" width=\"1216\" height=\"1057\" srcset=\"https:\/\/d2p6e6u75xmxt8.cloudfront.net\/12\/2020\/09\/Ride2UniteAndy.JPG.jpg 1216w, https:\/\/d2p6e6u75xmxt8.cloudfront.net\/12\/2020\/09\/Ride2UniteAndy.JPG-300x261.jpg 300w, https:\/\/d2p6e6u75xmxt8.cloudfront.net\/12\/2020\/09\/Ride2UniteAndy.JPG-1024x890.jpg 1024w, https:\/\/d2p6e6u75xmxt8.cloudfront.net\/12\/2020\/09\/Ride2UniteAndy.JPG-768x668.jpg 768w\" sizes=\"auto, (max-width: 1216px) 100vw, 1216px\" \/><\/p>\n<p>F\u00e9nykor\u00e1ban rendszeres versenyz\u0151 volt, \u00edgy Schleck nagyon j\u00f3l eml\u00e9kszik erre a l\u00e9gk\u00f6rre. \u0150 volt a m\u00e1sodik ember, aki valaha is zsin\u00f3rban h\u00e1romszor nyerte el a legjobb fiatal versenyz\u0151 feh\u00e9r trik\u00f3j\u00e1t, az utols\u00f3t a 2010-es Tour-on, ahol k\u00e9t hegyi szakaszgy\u0151zelmet is begy\u0171jt\u00f6tt \u00e9s hat napig s\u00e1rga trik\u00f3ban tekert. Csak egy dolgot fejlesztene a versenyen: <em>\u201eM\u00e9g mindig nincs sok afrikai versenyz\u0151nk, pedig sok m\u00e1s sport\u00e1gban teljes\u00edtenek kiemelked\u0151en, nem \u00e9rtem, mi\u00e9rt ne lehetn\u00e9nek a ker\u00e9kp\u00e1roz\u00e1s \u00e9lvonal\u00e1ban is ott.\u201d<\/em><\/p>\n<p>Andy Schleck a 2014-es k\u00f6rversenyen t\u00f6rt\u00e9nt balesete ut\u00e1n visszavonult a hivat\u00e1sos ker\u00e9kp\u00e1roz\u00e1st\u00f3l. Most ker\u00e9kp\u00e1r\u00fczletet \u00e9s k\u00e1v\u00e9z\u00f3t vezet a luxemburgi Itzigben, ez lett im\u00e1dott hobbija, sok id\u0151t t\u00f6lt azzal, hogy seg\u00edtsen az embereknek megtal\u00e1lni vagy meg\u00e9p\u00edteni \u00e1lmaik ker\u00e9kp\u00e1rj\u00e1t. A \u0160koda ker\u00e9kp\u00e1ros nagyk\u00f6vete mellett a luxemburgi \u0160koda Tour eln\u00f6kek\u00e9nt, valamint edz\u0151k\u00e9nt \u00e9s tan\u00e1csad\u00f3k\u00e9nt is dolgozik.<\/p>\n","protected":false},"excerpt":{"rendered":"<p>A Tour de France versenyz\u0151inek fejl\u0151d\u00e9s\u00e9t \u00e9s teljes\u00edtm\u00e9ny\u00e9t illet\u0151en Andy Schleck \u00fagy v\u00e9li, hogy a legjobb \u00e9s a legrosszabb versenyz\u0151 [&hellip;]<\/p>\n","protected":false},"author":71,"featured_media":8641,"comment_status":"open","ping_status":"open","sticky":false,"template":"","format":"standard","meta":{"footnotes":""},"categories":[13],"tags":[],"global-categories":[],"class_list":["post-8638","post","type-post","status-publish","format-standard","has-post-thumbnail","hentry","category-blog"],"yoast_head":"<!-- This site is optimized with the Yoast SEO Premium plugin v25.3 (Yoast SEO v25.9) - https:\/\/yoast.com\/wordpress\/plugins\/seo\/ -->\n<title>Andy Schleck: \u201eA Tour de France egy nagy buli, ami rem\u00e9nyt ad az embereknek\u201d<\/title>\n<meta name=\"description\" content=\"A Tour de France versenyz\u0151inek fejl\u0151d\u00e9s\u00e9t \u00e9s teljes\u00edtm\u00e9ny\u00e9t illet\u0151en Andy Schleck \u00fagy v\u00e9li, hogy a legjobb \u00e9s a legrosszabb versenyz\u0151 k\u00f6z\u00f6tti szakad\u00e9k lassan megsz\u0171nik a globaliz\u00e1ci\u00f3nak k\u00f6sz\u00f6nhet\u0151en.\" \/>\n<meta name=\"robots\" content=\"index, follow, max-snippet:-1, max-image-preview:large, max-video-preview:-1\" \/>\n<link rel=\"canonical\" href=\"https:\/\/www.welovecycling.com\/hu\/blog\/andy-schleck-a-tour-de-france-egy-nagy-buli-ami-remenyt-ad-az-embereknek\/\" \/>\n<meta property=\"og:locale\" content=\"hu_HU\" \/>\n<meta property=\"og:type\" content=\"article\" \/>\n<meta property=\"og:title\" content=\"Andy Schleck: \u201eA Tour de France egy nagy buli, ami rem\u00e9nyt ad az embereknek\u201d\" \/>\n<meta property=\"og:description\" content=\"A Tour de France versenyz\u0151inek fejl\u0151d\u00e9s\u00e9t \u00e9s teljes\u00edtm\u00e9ny\u00e9t illet\u0151en Andy Schleck \u00fagy v\u00e9li, hogy a legjobb \u00e9s a legrosszabb versenyz\u0151 k\u00f6z\u00f6tti szakad\u00e9k lassan megsz\u0171nik a globaliz\u00e1ci\u00f3nak k\u00f6sz\u00f6nhet\u0151en.\" \/>\n<meta property=\"og:url\" content=\"https:\/\/www.welovecycling.com\/hu\/blog\/andy-schleck-a-tour-de-france-egy-nagy-buli-ami-remenyt-ad-az-embereknek\/\" \/>\n<meta property=\"og:site_name\" content=\"\u0160koda We Love Cycling - Magyarorsz\u00e1g\" \/>\n<meta property=\"article:publisher\" content=\"https:\/\/www.facebook.com\/WeLoveCyclingHungary\/\" \/>\n<meta property=\"article:published_time\" content=\"2020-09-29T07:00:18+00:00\" \/>\n<meta property=\"article:modified_time\" content=\"2020-09-29T13:53:59+00:00\" \/>\n<meta property=\"og:image\" content=\"https:\/\/d2p6e6u75xmxt8.cloudfront.net\/12\/2020\/09\/cover3.jpg\" \/>\n\t<meta property=\"og:image:width\" content=\"1366\" \/>\n\t<meta property=\"og:image:height\" content=\"600\" \/>\n\t<meta property=\"og:image:type\" content=\"image\/jpeg\" \/>\n<meta name=\"author\" content=\"hegyizs\" \/>\n<meta name=\"twitter:card\" content=\"summary_large_image\" \/>\n<meta name=\"twitter:title\" content=\"Andy Schleck: \u201eA Tour de France egy nagy buli, ami rem\u00e9nyt ad az embereknek\u201d\" \/>\n<meta name=\"twitter:label1\" content=\"Written by\" \/>\n\t<meta name=\"twitter:data1\" content=\"We Love Cycling\" \/>\n\t<meta name=\"twitter:label2\" content=\"Est. reading time\" \/>\n\t<meta name=\"twitter:data2\" content=\"5\" \/>\n<script type=\"application\/ld+json\" class=\"yoast-schema-graph\">{\"@context\":\"https:\/\/schema.org\",\"@graph\":[{\"@type\":\"WebPage\",\"@id\":\"https:\/\/www.welovecycling.com\/hu\/blog\/andy-schleck-a-tour-de-france-egy-nagy-buli-ami-remenyt-ad-az-embereknek\/\",\"url\":\"https:\/\/www.welovecycling.com\/hu\/blog\/andy-schleck-a-tour-de-france-egy-nagy-buli-ami-remenyt-ad-az-embereknek\/\",\"name\":\"Andy Schleck: \u201eA Tour de France egy nagy buli, ami rem\u00e9nyt ad az embereknek\u201d\",\"isPartOf\":{\"@id\":\"https:\/\/www.welovecycling.com\/hu\/#website\"},\"primaryImageOfPage\":{\"@id\":\"https:\/\/www.welovecycling.com\/hu\/blog\/andy-schleck-a-tour-de-france-egy-nagy-buli-ami-remenyt-ad-az-embereknek\/#primaryimage\"},\"image\":{\"@id\":\"https:\/\/www.welovecycling.com\/hu\/blog\/andy-schleck-a-tour-de-france-egy-nagy-buli-ami-remenyt-ad-az-embereknek\/#primaryimage\"},\"thumbnailUrl\":\"https:\/\/d2p6e6u75xmxt8.cloudfront.net\/12\/2020\/09\/cover3.jpg\",\"datePublished\":\"2020-09-29T07:00:18+00:00\",\"dateModified\":\"2020-09-29T13:53:59+00:00\",\"author\":{\"@id\":\"https:\/\/www.welovecycling.com\/hu\/#\/schema\/person\/414a2aebf1801691a5320edb6468e194\"},\"description\":\"A Tour de France versenyz\u0151inek fejl\u0151d\u00e9s\u00e9t \u00e9s teljes\u00edtm\u00e9ny\u00e9t illet\u0151en Andy Schleck \u00fagy v\u00e9li, hogy a legjobb \u00e9s a legrosszabb versenyz\u0151 k\u00f6z\u00f6tti szakad\u00e9k lassan megsz\u0171nik a globaliz\u00e1ci\u00f3nak k\u00f6sz\u00f6nhet\u0151en.\",\"breadcrumb\":{\"@id\":\"https:\/\/www.welovecycling.com\/hu\/blog\/andy-schleck-a-tour-de-france-egy-nagy-buli-ami-remenyt-ad-az-embereknek\/#breadcrumb\"},\"inLanguage\":\"hu\",\"potentialAction\":[{\"@type\":\"ReadAction\",\"target\":[\"https:\/\/www.welovecycling.com\/hu\/blog\/andy-schleck-a-tour-de-france-egy-nagy-buli-ami-remenyt-ad-az-embereknek\/\"]}]},{\"@type\":\"ImageObject\",\"inLanguage\":\"hu\",\"@id\":\"https:\/\/www.welovecycling.com\/hu\/blog\/andy-schleck-a-tour-de-france-egy-nagy-buli-ami-remenyt-ad-az-embereknek\/#primaryimage\",\"url\":\"https:\/\/d2p6e6u75xmxt8.cloudfront.net\/12\/2020\/09\/cover3.jpg\",\"contentUrl\":\"https:\/\/d2p6e6u75xmxt8.cloudfront.net\/12\/2020\/09\/cover3.jpg\",\"width\":1366,\"height\":600},{\"@type\":\"BreadcrumbList\",\"@id\":\"https:\/\/www.welovecycling.com\/hu\/blog\/andy-schleck-a-tour-de-france-egy-nagy-buli-ami-remenyt-ad-az-embereknek\/#breadcrumb\",\"itemListElement\":[{\"@type\":\"ListItem\",\"position\":1,\"name\":\"Home\",\"item\":\"https:\/\/www.welovecycling.com\/hu\/\"},{\"@type\":\"ListItem\",\"position\":2,\"name\":\"Andy Schleck: \u201eA Tour de France egy nagy buli, ami rem\u00e9nyt ad az embereknek\u201d\"}]},{\"@type\":\"WebSite\",\"@id\":\"https:\/\/www.welovecycling.com\/hu\/#website\",\"url\":\"https:\/\/www.welovecycling.com\/hu\/\",\"name\":\"\u0160koda We Love Cycling - Magyarorsz\u00e1g\",\"description\":\"\u0160koda WeLoveCycling\",\"potentialAction\":[{\"@type\":\"SearchAction\",\"target\":{\"@type\":\"EntryPoint\",\"urlTemplate\":\"https:\/\/www.welovecycling.com\/hu\/?s={search_term_string}\"},\"query-input\":{\"@type\":\"PropertyValueSpecification\",\"valueRequired\":true,\"valueName\":\"search_term_string\"}}],\"inLanguage\":\"hu\"},{\"@type\":\"Person\",\"@id\":\"https:\/\/www.welovecycling.com\/hu\/#\/schema\/person\/414a2aebf1801691a5320edb6468e194\",\"name\":\"hegyizs\",\"image\":{\"@type\":\"ImageObject\",\"inLanguage\":\"hu\",\"@id\":\"https:\/\/www.welovecycling.com\/hu\/#\/schema\/person\/image\/\",\"url\":\"https:\/\/secure.gravatar.com\/avatar\/02cf8a7906b8cf90cecb4679defac7cfd33a1c2e3b88e4903d947f3bb58eedd3?s=96&d=mm&r=g\",\"contentUrl\":\"https:\/\/secure.gravatar.com\/avatar\/02cf8a7906b8cf90cecb4679defac7cfd33a1c2e3b88e4903d947f3bb58eedd3?s=96&d=mm&r=g\",\"caption\":\"hegyizs\"},\"url\":\"https:\/\/www.welovecycling.com\/hu\/author\/hegyizs\/\"}]}<\/script>\n<!-- \/ Yoast SEO Premium plugin. -->","yoast_head_json":{"title":"Andy Schleck: \u201eA Tour de France egy nagy buli, ami rem\u00e9nyt ad az embereknek\u201d","description":"A Tour de France versenyz\u0151inek fejl\u0151d\u00e9s\u00e9t \u00e9s teljes\u00edtm\u00e9ny\u00e9t illet\u0151en Andy Schleck \u00fagy v\u00e9li, hogy a legjobb \u00e9s a legrosszabb versenyz\u0151 k\u00f6z\u00f6tti szakad\u00e9k lassan megsz\u0171nik a globaliz\u00e1ci\u00f3nak k\u00f6sz\u00f6nhet\u0151en.","robots":{"index":"index","follow":"follow","max-snippet":"max-snippet:-1","max-image-preview":"max-image-preview:large","max-video-preview":"max-video-preview:-1"},"canonical":"https:\/\/www.welovecycling.com\/hu\/blog\/andy-schleck-a-tour-de-france-egy-nagy-buli-ami-remenyt-ad-az-embereknek\/","og_locale":"hu_HU","og_type":"article","og_title":"Andy Schleck: \u201eA Tour de France egy nagy buli, ami rem\u00e9nyt ad az embereknek\u201d","og_description":"A Tour de France versenyz\u0151inek fejl\u0151d\u00e9s\u00e9t \u00e9s teljes\u00edtm\u00e9ny\u00e9t illet\u0151en Andy Schleck \u00fagy v\u00e9li, hogy a legjobb \u00e9s a legrosszabb versenyz\u0151 k\u00f6z\u00f6tti szakad\u00e9k lassan megsz\u0171nik a globaliz\u00e1ci\u00f3nak k\u00f6sz\u00f6nhet\u0151en.","og_url":"https:\/\/www.welovecycling.com\/hu\/blog\/andy-schleck-a-tour-de-france-egy-nagy-buli-ami-remenyt-ad-az-embereknek\/","og_site_name":"\u0160koda We Love Cycling - Magyarorsz\u00e1g","article_publisher":"https:\/\/www.facebook.com\/WeLoveCyclingHungary\/","article_published_time":"2020-09-29T07:00:18+00:00","article_modified_time":"2020-09-29T13:53:59+00:00","og_image":[{"width":1366,"height":600,"url":"https:\/\/d2p6e6u75xmxt8.cloudfront.net\/12\/2020\/09\/cover3.jpg","type":"image\/jpeg"}],"author":"hegyizs","twitter_card":"summary_large_image","twitter_title":"Andy Schleck: \u201eA Tour de France egy nagy buli, ami rem\u00e9nyt ad az embereknek\u201d","twitter_misc":{"Written by":"We Love Cycling","Est. reading time":"5"},"schema":{"@context":"https:\/\/schema.org","@graph":[{"@type":"WebPage","@id":"https:\/\/www.welovecycling.com\/hu\/blog\/andy-schleck-a-tour-de-france-egy-nagy-buli-ami-remenyt-ad-az-embereknek\/","url":"https:\/\/www.welovecycling.com\/hu\/blog\/andy-schleck-a-tour-de-france-egy-nagy-buli-ami-remenyt-ad-az-embereknek\/","name":"Andy Schleck: \u201eA Tour de France egy nagy buli, ami rem\u00e9nyt ad az embereknek\u201d","isPartOf":{"@id":"https:\/\/www.welovecycling.com\/hu\/#website"},"primaryImageOfPage":{"@id":"https:\/\/www.welovecycling.com\/hu\/blog\/andy-schleck-a-tour-de-france-egy-nagy-buli-ami-remenyt-ad-az-embereknek\/#primaryimage"},"image":{"@id":"https:\/\/www.welovecycling.com\/hu\/blog\/andy-schleck-a-tour-de-france-egy-nagy-buli-ami-remenyt-ad-az-embereknek\/#primaryimage"},"thumbnailUrl":"https:\/\/d2p6e6u75xmxt8.cloudfront.net\/12\/2020\/09\/cover3.jpg","datePublished":"2020-09-29T07:00:18+00:00","dateModified":"2020-09-29T13:53:59+00:00","author":{"@id":"https:\/\/www.welovecycling.com\/hu\/#\/schema\/person\/414a2aebf1801691a5320edb6468e194"},"description":"A Tour de France versenyz\u0151inek fejl\u0151d\u00e9s\u00e9t \u00e9s teljes\u00edtm\u00e9ny\u00e9t illet\u0151en Andy Schleck \u00fagy v\u00e9li, hogy a legjobb \u00e9s a legrosszabb versenyz\u0151 k\u00f6z\u00f6tti szakad\u00e9k lassan megsz\u0171nik a globaliz\u00e1ci\u00f3nak k\u00f6sz\u00f6nhet\u0151en.","breadcrumb":{"@id":"https:\/\/www.welovecycling.com\/hu\/blog\/andy-schleck-a-tour-de-france-egy-nagy-buli-ami-remenyt-ad-az-embereknek\/#breadcrumb"},"inLanguage":"hu","potentialAction":[{"@type":"ReadAction","target":["https:\/\/www.welovecycling.com\/hu\/blog\/andy-schleck-a-tour-de-france-egy-nagy-buli-ami-remenyt-ad-az-embereknek\/"]}]},{"@type":"ImageObject","inLanguage":"hu","@id":"https:\/\/www.welovecycling.com\/hu\/blog\/andy-schleck-a-tour-de-france-egy-nagy-buli-ami-remenyt-ad-az-embereknek\/#primaryimage","url":"https:\/\/d2p6e6u75xmxt8.cloudfront.net\/12\/2020\/09\/cover3.jpg","contentUrl":"https:\/\/d2p6e6u75xmxt8.cloudfront.net\/12\/2020\/09\/cover3.jpg","width":1366,"height":600},{"@type":"BreadcrumbList","@id":"https:\/\/www.welovecycling.com\/hu\/blog\/andy-schleck-a-tour-de-france-egy-nagy-buli-ami-remenyt-ad-az-embereknek\/#breadcrumb","itemListElement":[{"@type":"ListItem","position":1,"name":"Home","item":"https:\/\/www.welovecycling.com\/hu\/"},{"@type":"ListItem","position":2,"name":"Andy Schleck: \u201eA Tour de France egy nagy buli, ami rem\u00e9nyt ad az embereknek\u201d"}]},{"@type":"WebSite","@id":"https:\/\/www.welovecycling.com\/hu\/#website","url":"https:\/\/www.welovecycling.com\/hu\/","name":"\u0160koda We Love Cycling - Magyarorsz\u00e1g","description":"\u0160koda WeLoveCycling","potentialAction":[{"@type":"SearchAction","target":{"@type":"EntryPoint","urlTemplate":"https:\/\/www.welovecycling.com\/hu\/?s={search_term_string}"},"query-input":{"@type":"PropertyValueSpecification","valueRequired":true,"valueName":"search_term_string"}}],"inLanguage":"hu"},{"@type":"Person","@id":"https:\/\/www.welovecycling.com\/hu\/#\/schema\/person\/414a2aebf1801691a5320edb6468e194","name":"hegyizs","image":{"@type":"ImageObject","inLanguage":"hu","@id":"https:\/\/www.welovecycling.com\/hu\/#\/schema\/person\/image\/","url":"https:\/\/secure.gravatar.com\/avatar\/02cf8a7906b8cf90cecb4679defac7cfd33a1c2e3b88e4903d947f3bb58eedd3?s=96&d=mm&r=g","contentUrl":"https:\/\/secure.gravatar.com\/avatar\/02cf8a7906b8cf90cecb4679defac7cfd33a1c2e3b88e4903d947f3bb58eedd3?s=96&d=mm&r=g","caption":"hegyizs"},"url":"https:\/\/www.welovecycling.com\/hu\/author\/hegyizs\/"}]}},"_links":{"self":[{"href":"https:\/\/www.welovecycling.com\/hu\/wp-json\/wp\/v2\/posts\/8638","targetHints":{"allow":["GET"]}}],"collection":[{"href":"https:\/\/www.welovecycling.com\/hu\/wp-json\/wp\/v2\/posts"}],"about":[{"href":"https:\/\/www.welovecycling.com\/hu\/wp-json\/wp\/v2\/types\/post"}],"author":[{"embeddable":true,"href":"https:\/\/www.welovecycling.com\/hu\/wp-json\/wp\/v2\/users\/71"}],"replies":[{"embeddable":true,"href":"https:\/\/www.welovecycling.com\/hu\/wp-json\/wp\/v2\/comments?post=8638"}],"version-history":[{"count":2,"href":"https:\/\/www.welovecycling.com\/hu\/wp-json\/wp\/v2\/posts\/8638\/revisions"}],"predecessor-version":[{"id":8675,"href":"https:\/\/www.welovecycling.com\/hu\/wp-json\/wp\/v2\/posts\/8638\/revisions\/8675"}],"wp:featuredmedia":[{"embeddable":true,"href":"https:\/\/www.welovecycling.com\/hu\/wp-json\/wp\/v2\/media\/8641"}],"wp:attachment":[{"href":"https:\/\/www.welovecycling.com\/hu\/wp-json\/wp\/v2\/media?parent=8638"}],"wp:term":[{"taxonomy":"category","embeddable":true,"href":"https:\/\/www.welovecycling.com\/hu\/wp-json\/wp\/v2\/categories?post=8638"},{"taxonomy":"post_tag","embeddable":true,"href":"https:\/\/www.welovecycling.com\/hu\/wp-json\/wp\/v2\/tags?post=8638"},{"taxonomy":"global-categories","embeddable":true,"href":"https:\/\/www.welovecycling.com\/hu\/wp-json\/wp\/v2\/global-categories?post=8638"}],"curies":[{"name":"wp","href":"https:\/\/api.w.org\/{rel}","templated":true}]}}