{"id":8627,"date":"2020-09-28T08:00:16","date_gmt":"2020-09-28T07:00:16","guid":{"rendered":"https:\/\/www.welovecycling.com\/hu\/?p=8627"},"modified":"2020-09-24T13:44:38","modified_gmt":"2020-09-24T12:44:38","slug":"4-dolog-amit-tudnod-kell-az-idei-tdf-bajnokrol","status":"publish","type":"post","link":"https:\/\/www.welovecycling.com\/hu\/orszaguti-kerekpar\/4-dolog-amit-tudnod-kell-az-idei-tdf-bajnokrol\/","title":{"rendered":"4 dolog, amit tudnod kell az idei TdF bajnokr\u00f3l"},"content":{"rendered":"<p><strong>A t\u00f6rt\u00e9nelem m\u00e1sodik legfiatalabb Tour de France nyertese gyerekk\u00e9nt Contador \u00e9s Schleck k\u00fczdelmeit n\u00e9zte a t\u00e9v\u00e9ben. Tadej Poga\u010dar, 2020 v\u00e1ratlan bajnoka egy dr\u00e1mai id\u0151futammal alapozta meg siker\u00e9t.<\/strong><!--more--><\/p>\n<p>22. sz\u00fclet\u00e9snapj\u00e1ra a legnagyobb aj\u00e1nd\u00e9kot kapta: fel\u00e1llhatott a dobog\u00f3ra P\u00e1rizsban \u00e9s \u00e1tvehette a s\u00e1rga trik\u00f3t, amit Primo\u017e Rogli\u010d kezei k\u00f6z\u00fcl szerzett meg. De hogyan lett ilyen sikeres ennyire fiatalon?<\/p>\n<h2><strong>Szenved\u00e9ly egy \u00e9leten \u00e1t<\/strong><\/h2>\n<p><em>\u201e2009-ben vagy tal\u00e1n 2010-ben kezdtem el n\u00e9zni a Tour de France ad\u00e1sait, Alberto Contadort \u00e9s Andy Schlek-et k\u00f6vettem figyelemmel. Eg\u00e9sz napokat t\u00f6lt\u00f6ttem a t\u00e9v\u00e9 el\u0151tt, azt\u00e1n az aznapi verseny befejezt\u00e9vel \u00e9n is elmentem tekerni\u201d<\/em> \u2013 nyilatkozta a ljubljanai Tadej miut\u00e1n egy hihetetlen\u00fcl izgalmas fordulattal megszerezte az els\u0151 helyez\u00e9st.<\/p>\n<h2><strong>Az elm\u00falt \u00e9vsz\u00e1zad legfiatalabb bajnoka<\/strong><\/h2>\n<p>1904-ben a francia <a href=\"https:\/\/www.welovecycling.com\/hu\/orszaguti-kerekpar\/korkep-a-tour-de-france-osszes-eddig-nyerteserol-i-resz-1903-1922\/\">Henri Cornet 19 \u00e9vesen nyerte meg a versenyt<\/a>, \u00edgy tov\u00e1bbra is \u0151 marad a legfiatalabb gy\u0151ztes. Az 1998-as sz\u00fclet\u00e9s\u0171 Poga\u010dar lett a m\u00e1sodik legfiatalabb bajnok, a maga 21 \u2013 majdnem 22 \u2013 \u00e9v\u00e9vel.<\/p>\n<h2><strong>Karrier<\/strong><\/h2>\n<p>Poga\u010dar tavaly csatlakozott a profi lig\u00e1hoz, egyenesen a m\u00e9lyv\u00edzbe dobt\u00e1k, amikor az UAE Emirates \u00fagy d\u00f6nt\u00f6tt, hogy az egyik Grand Tour, a Vuelta de Espa\u00f1a rajtj\u00e1hoz \u00e1ll\u00edtj\u00e1k. H\u00e1rom szakaszt megnyert, \u00e9s v\u00e9g\u00fcl az impoz\u00e1ns harmadik helyen v\u00e9gzett, Rogli\u010d \u00e9s Alejandro Valverde m\u00f6g\u00f6tt. A legjobb fiatalnak j\u00e1r\u00f3 trik\u00f3t a spanyol versenyen is megszerezte.<\/p>\n<h2><strong>Gy\u0151zte m\u00e1r le ellenfel\u00e9t<\/strong><\/h2>\n<p>Nem volt olyan hatalmas meglepet\u00e9s, hogy a Tour 20. szakasz\u00e1ban a j\u00f3val tapasztaltabb Rogli\u010d elmaradt m\u00f6g\u00f6tte. Kor\u00e1bban, a szlov\u00e9n id\u0151futam-bajnoks\u00e1gon m\u00e1r r\u00e9szt vettek egy hasonl\u00f3 k\u00fczdelemben: emelked\u0151, majd sz\u00e1guld\u00e1s lefel\u00e9, egym\u00e1s ellen. Poga\u010dar ker\u00e9kp\u00e1rt cser\u00e9lt, Rogli\u010d pedig nem, a fiatal versenyz\u0151 v\u00e9g\u00fcl 9 m\u00e1sodperccel \u00e9rt hamarabb c\u00e9lba.<\/p>\n<p><em>Forr\u00e1s: <\/em><a href=\"https:\/\/www.bicycling.com\/tour-de-france\/a34088558\/who-is-tadej-pogacar\/\"><em>bicycling.com<\/em><\/a><\/p>\n","protected":false},"excerpt":{"rendered":"<p>A t\u00f6rt\u00e9nelem m\u00e1sodik legfiatalabb Tour de France nyertese gyerekk\u00e9nt Contador \u00e9s Schleck k\u00fczdelmeit n\u00e9zte a t\u00e9v\u00e9ben. Tadej Poga\u010dar, 2020 v\u00e1ratlan [&hellip;]<\/p>\n","protected":false},"author":71,"featured_media":8636,"comment_status":"open","ping_status":"open","sticky":false,"template":"","format":"standard","meta":{"footnotes":""},"categories":[8],"tags":[],"global-categories":[],"class_list":["post-8627","post","type-post","status-publish","format-standard","has-post-thumbnail","hentry","category-orszaguti-kerekpar"],"yoast_head":"<!-- This site is optimized with the Yoast SEO Premium plugin v25.3 (Yoast SEO v25.9) - https:\/\/yoast.com\/wordpress\/plugins\/seo\/ -->\n<title>4 dolog, amit tudnod kell az idei TdF bajnokr\u00f3l - \u0160koda We Love Cycling - Magyarorsz\u00e1g<\/title>\n<meta name=\"description\" content=\"A t\u00f6rt\u00e9nelem m\u00e1sodik legfiatalabb Tour de France nyertese gyerekk\u00e9nt Contador \u00e9s Schleck k\u00fczdelmeit n\u00e9zte a t\u00e9v\u00e9ben. Tadej Poga\u010dar, 2020 v\u00e1ratlan bajnoka egy dr\u00e1mai id\u0151futammal alapozta meg siker\u00e9t.\" \/>\n<meta name=\"robots\" content=\"index, follow, max-snippet:-1, max-image-preview:large, max-video-preview:-1\" \/>\n<link rel=\"canonical\" href=\"https:\/\/www.welovecycling.com\/hu\/orszaguti-kerekpar\/4-dolog-amit-tudnod-kell-az-idei-tdf-bajnokrol\/\" \/>\n<meta property=\"og:locale\" content=\"hu_HU\" \/>\n<meta property=\"og:type\" content=\"article\" \/>\n<meta property=\"og:title\" content=\"4 dolog, amit tudnod kell az idei TdF bajnokr\u00f3l\" \/>\n<meta property=\"og:description\" content=\"A t\u00f6rt\u00e9nelem m\u00e1sodik legfiatalabb Tour de France nyertese gyerekk\u00e9nt Contador \u00e9s Schleck k\u00fczdelmeit n\u00e9zte a t\u00e9v\u00e9ben. Tadej Poga\u010dar, 2020 v\u00e1ratlan bajnoka egy dr\u00e1mai id\u0151futammal alapozta meg siker\u00e9t.\" \/>\n<meta property=\"og:url\" content=\"https:\/\/www.welovecycling.com\/hu\/orszaguti-kerekpar\/4-dolog-amit-tudnod-kell-az-idei-tdf-bajnokrol\/\" \/>\n<meta property=\"og:site_name\" content=\"\u0160koda We Love Cycling - Magyarorsz\u00e1g\" \/>\n<meta property=\"article:publisher\" content=\"https:\/\/www.facebook.com\/WeLoveCyclingHungary\/\" \/>\n<meta property=\"article:published_time\" content=\"2020-09-28T07:00:16+00:00\" \/>\n<meta property=\"og:image\" content=\"https:\/\/d2p6e6u75xmxt8.cloudfront.net\/12\/2020\/09\/team-uae-emirates-rider-slovenias-tadej-pogacar-wearing-the-news-photo-1600629035.jpg\" \/>\n\t<meta property=\"og:image:width\" content=\"980\" \/>\n\t<meta property=\"og:image:height\" content=\"527\" \/>\n\t<meta property=\"og:image:type\" content=\"image\/jpeg\" \/>\n<meta name=\"author\" content=\"hegyizs\" \/>\n<meta name=\"twitter:card\" content=\"summary_large_image\" \/>\n<meta name=\"twitter:label1\" content=\"Written by\" \/>\n\t<meta name=\"twitter:data1\" content=\"WLC\" \/>\n\t<meta name=\"twitter:label2\" content=\"Est. reading time\" \/>\n\t<meta name=\"twitter:data2\" content=\"2 minutes\" \/>\n<script type=\"application\/ld+json\" class=\"yoast-schema-graph\">{\"@context\":\"https:\/\/schema.org\",\"@graph\":[{\"@type\":\"WebPage\",\"@id\":\"https:\/\/www.welovecycling.com\/hu\/orszaguti-kerekpar\/4-dolog-amit-tudnod-kell-az-idei-tdf-bajnokrol\/\",\"url\":\"https:\/\/www.welovecycling.com\/hu\/orszaguti-kerekpar\/4-dolog-amit-tudnod-kell-az-idei-tdf-bajnokrol\/\",\"name\":\"4 dolog, amit tudnod kell az idei TdF bajnokr\u00f3l - \u0160koda We Love Cycling - Magyarorsz\u00e1g\",\"isPartOf\":{\"@id\":\"https:\/\/www.welovecycling.com\/hu\/#website\"},\"primaryImageOfPage\":{\"@id\":\"https:\/\/www.welovecycling.com\/hu\/orszaguti-kerekpar\/4-dolog-amit-tudnod-kell-az-idei-tdf-bajnokrol\/#primaryimage\"},\"image\":{\"@id\":\"https:\/\/www.welovecycling.com\/hu\/orszaguti-kerekpar\/4-dolog-amit-tudnod-kell-az-idei-tdf-bajnokrol\/#primaryimage\"},\"thumbnailUrl\":\"https:\/\/d2p6e6u75xmxt8.cloudfront.net\/12\/2020\/09\/team-uae-emirates-rider-slovenias-tadej-pogacar-wearing-the-news-photo-1600629035.jpg\",\"datePublished\":\"2020-09-28T07:00:16+00:00\",\"author\":{\"@id\":\"https:\/\/www.welovecycling.com\/hu\/#\/schema\/person\/414a2aebf1801691a5320edb6468e194\"},\"description\":\"A t\u00f6rt\u00e9nelem m\u00e1sodik legfiatalabb Tour de France nyertese gyerekk\u00e9nt Contador \u00e9s Schleck k\u00fczdelmeit n\u00e9zte a t\u00e9v\u00e9ben. Tadej Poga\u010dar, 2020 v\u00e1ratlan bajnoka egy dr\u00e1mai id\u0151futammal alapozta meg siker\u00e9t.\",\"breadcrumb\":{\"@id\":\"https:\/\/www.welovecycling.com\/hu\/orszaguti-kerekpar\/4-dolog-amit-tudnod-kell-az-idei-tdf-bajnokrol\/#breadcrumb\"},\"inLanguage\":\"hu\",\"potentialAction\":[{\"@type\":\"ReadAction\",\"target\":[\"https:\/\/www.welovecycling.com\/hu\/orszaguti-kerekpar\/4-dolog-amit-tudnod-kell-az-idei-tdf-bajnokrol\/\"]}]},{\"@type\":\"ImageObject\",\"inLanguage\":\"hu\",\"@id\":\"https:\/\/www.welovecycling.com\/hu\/orszaguti-kerekpar\/4-dolog-amit-tudnod-kell-az-idei-tdf-bajnokrol\/#primaryimage\",\"url\":\"https:\/\/d2p6e6u75xmxt8.cloudfront.net\/12\/2020\/09\/team-uae-emirates-rider-slovenias-tadej-pogacar-wearing-the-news-photo-1600629035.jpg\",\"contentUrl\":\"https:\/\/d2p6e6u75xmxt8.cloudfront.net\/12\/2020\/09\/team-uae-emirates-rider-slovenias-tadej-pogacar-wearing-the-news-photo-1600629035.jpg\",\"width\":980,\"height\":527},{\"@type\":\"BreadcrumbList\",\"@id\":\"https:\/\/www.welovecycling.com\/hu\/orszaguti-kerekpar\/4-dolog-amit-tudnod-kell-az-idei-tdf-bajnokrol\/#breadcrumb\",\"itemListElement\":[{\"@type\":\"ListItem\",\"position\":1,\"name\":\"Home\",\"item\":\"https:\/\/www.welovecycling.com\/hu\/\"},{\"@type\":\"ListItem\",\"position\":2,\"name\":\"4 dolog, amit tudnod kell az idei TdF bajnokr\u00f3l\"}]},{\"@type\":\"WebSite\",\"@id\":\"https:\/\/www.welovecycling.com\/hu\/#website\",\"url\":\"https:\/\/www.welovecycling.com\/hu\/\",\"name\":\"\u0160koda We Love Cycling - Magyarorsz\u00e1g\",\"description\":\"\u0160koda WeLoveCycling\",\"potentialAction\":[{\"@type\":\"SearchAction\",\"target\":{\"@type\":\"EntryPoint\",\"urlTemplate\":\"https:\/\/www.welovecycling.com\/hu\/?s={search_term_string}\"},\"query-input\":{\"@type\":\"PropertyValueSpecification\",\"valueRequired\":true,\"valueName\":\"search_term_string\"}}],\"inLanguage\":\"hu\"},{\"@type\":\"Person\",\"@id\":\"https:\/\/www.welovecycling.com\/hu\/#\/schema\/person\/414a2aebf1801691a5320edb6468e194\",\"name\":\"hegyizs\",\"image\":{\"@type\":\"ImageObject\",\"inLanguage\":\"hu\",\"@id\":\"https:\/\/www.welovecycling.com\/hu\/#\/schema\/person\/image\/\",\"url\":\"https:\/\/secure.gravatar.com\/avatar\/02cf8a7906b8cf90cecb4679defac7cfd33a1c2e3b88e4903d947f3bb58eedd3?s=96&d=mm&r=g\",\"contentUrl\":\"https:\/\/secure.gravatar.com\/avatar\/02cf8a7906b8cf90cecb4679defac7cfd33a1c2e3b88e4903d947f3bb58eedd3?s=96&d=mm&r=g\",\"caption\":\"hegyizs\"},\"url\":\"https:\/\/www.welovecycling.com\/hu\/author\/hegyizs\/\"}]}<\/script>\n<!-- \/ Yoast SEO Premium plugin. -->","yoast_head_json":{"title":"4 dolog, amit tudnod kell az idei TdF bajnokr\u00f3l - \u0160koda We Love Cycling - Magyarorsz\u00e1g","description":"A t\u00f6rt\u00e9nelem m\u00e1sodik legfiatalabb Tour de France nyertese gyerekk\u00e9nt Contador \u00e9s Schleck k\u00fczdelmeit n\u00e9zte a t\u00e9v\u00e9ben. Tadej Poga\u010dar, 2020 v\u00e1ratlan bajnoka egy dr\u00e1mai id\u0151futammal alapozta meg siker\u00e9t.","robots":{"index":"index","follow":"follow","max-snippet":"max-snippet:-1","max-image-preview":"max-image-preview:large","max-video-preview":"max-video-preview:-1"},"canonical":"https:\/\/www.welovecycling.com\/hu\/orszaguti-kerekpar\/4-dolog-amit-tudnod-kell-az-idei-tdf-bajnokrol\/","og_locale":"hu_HU","og_type":"article","og_title":"4 dolog, amit tudnod kell az idei TdF bajnokr\u00f3l","og_description":"A t\u00f6rt\u00e9nelem m\u00e1sodik legfiatalabb Tour de France nyertese gyerekk\u00e9nt Contador \u00e9s Schleck k\u00fczdelmeit n\u00e9zte a t\u00e9v\u00e9ben. Tadej Poga\u010dar, 2020 v\u00e1ratlan bajnoka egy dr\u00e1mai id\u0151futammal alapozta meg siker\u00e9t.","og_url":"https:\/\/www.welovecycling.com\/hu\/orszaguti-kerekpar\/4-dolog-amit-tudnod-kell-az-idei-tdf-bajnokrol\/","og_site_name":"\u0160koda We Love Cycling - Magyarorsz\u00e1g","article_publisher":"https:\/\/www.facebook.com\/WeLoveCyclingHungary\/","article_published_time":"2020-09-28T07:00:16+00:00","og_image":[{"width":980,"height":527,"url":"https:\/\/d2p6e6u75xmxt8.cloudfront.net\/12\/2020\/09\/team-uae-emirates-rider-slovenias-tadej-pogacar-wearing-the-news-photo-1600629035.jpg","type":"image\/jpeg"}],"author":"hegyizs","twitter_card":"summary_large_image","twitter_misc":{"Written by":"WLC","Est. reading time":"2 minutes"},"schema":{"@context":"https:\/\/schema.org","@graph":[{"@type":"WebPage","@id":"https:\/\/www.welovecycling.com\/hu\/orszaguti-kerekpar\/4-dolog-amit-tudnod-kell-az-idei-tdf-bajnokrol\/","url":"https:\/\/www.welovecycling.com\/hu\/orszaguti-kerekpar\/4-dolog-amit-tudnod-kell-az-idei-tdf-bajnokrol\/","name":"4 dolog, amit tudnod kell az idei TdF bajnokr\u00f3l - \u0160koda We Love Cycling - Magyarorsz\u00e1g","isPartOf":{"@id":"https:\/\/www.welovecycling.com\/hu\/#website"},"primaryImageOfPage":{"@id":"https:\/\/www.welovecycling.com\/hu\/orszaguti-kerekpar\/4-dolog-amit-tudnod-kell-az-idei-tdf-bajnokrol\/#primaryimage"},"image":{"@id":"https:\/\/www.welovecycling.com\/hu\/orszaguti-kerekpar\/4-dolog-amit-tudnod-kell-az-idei-tdf-bajnokrol\/#primaryimage"},"thumbnailUrl":"https:\/\/d2p6e6u75xmxt8.cloudfront.net\/12\/2020\/09\/team-uae-emirates-rider-slovenias-tadej-pogacar-wearing-the-news-photo-1600629035.jpg","datePublished":"2020-09-28T07:00:16+00:00","author":{"@id":"https:\/\/www.welovecycling.com\/hu\/#\/schema\/person\/414a2aebf1801691a5320edb6468e194"},"description":"A t\u00f6rt\u00e9nelem m\u00e1sodik legfiatalabb Tour de France nyertese gyerekk\u00e9nt Contador \u00e9s Schleck k\u00fczdelmeit n\u00e9zte a t\u00e9v\u00e9ben. Tadej Poga\u010dar, 2020 v\u00e1ratlan bajnoka egy dr\u00e1mai id\u0151futammal alapozta meg siker\u00e9t.","breadcrumb":{"@id":"https:\/\/www.welovecycling.com\/hu\/orszaguti-kerekpar\/4-dolog-amit-tudnod-kell-az-idei-tdf-bajnokrol\/#breadcrumb"},"inLanguage":"hu","potentialAction":[{"@type":"ReadAction","target":["https:\/\/www.welovecycling.com\/hu\/orszaguti-kerekpar\/4-dolog-amit-tudnod-kell-az-idei-tdf-bajnokrol\/"]}]},{"@type":"ImageObject","inLanguage":"hu","@id":"https:\/\/www.welovecycling.com\/hu\/orszaguti-kerekpar\/4-dolog-amit-tudnod-kell-az-idei-tdf-bajnokrol\/#primaryimage","url":"https:\/\/d2p6e6u75xmxt8.cloudfront.net\/12\/2020\/09\/team-uae-emirates-rider-slovenias-tadej-pogacar-wearing-the-news-photo-1600629035.jpg","contentUrl":"https:\/\/d2p6e6u75xmxt8.cloudfront.net\/12\/2020\/09\/team-uae-emirates-rider-slovenias-tadej-pogacar-wearing-the-news-photo-1600629035.jpg","width":980,"height":527},{"@type":"BreadcrumbList","@id":"https:\/\/www.welovecycling.com\/hu\/orszaguti-kerekpar\/4-dolog-amit-tudnod-kell-az-idei-tdf-bajnokrol\/#breadcrumb","itemListElement":[{"@type":"ListItem","position":1,"name":"Home","item":"https:\/\/www.welovecycling.com\/hu\/"},{"@type":"ListItem","position":2,"name":"4 dolog, amit tudnod kell az idei TdF bajnokr\u00f3l"}]},{"@type":"WebSite","@id":"https:\/\/www.welovecycling.com\/hu\/#website","url":"https:\/\/www.welovecycling.com\/hu\/","name":"\u0160koda We Love Cycling - Magyarorsz\u00e1g","description":"\u0160koda WeLoveCycling","potentialAction":[{"@type":"SearchAction","target":{"@type":"EntryPoint","urlTemplate":"https:\/\/www.welovecycling.com\/hu\/?s={search_term_string}"},"query-input":{"@type":"PropertyValueSpecification","valueRequired":true,"valueName":"search_term_string"}}],"inLanguage":"hu"},{"@type":"Person","@id":"https:\/\/www.welovecycling.com\/hu\/#\/schema\/person\/414a2aebf1801691a5320edb6468e194","name":"hegyizs","image":{"@type":"ImageObject","inLanguage":"hu","@id":"https:\/\/www.welovecycling.com\/hu\/#\/schema\/person\/image\/","url":"https:\/\/secure.gravatar.com\/avatar\/02cf8a7906b8cf90cecb4679defac7cfd33a1c2e3b88e4903d947f3bb58eedd3?s=96&d=mm&r=g","contentUrl":"https:\/\/secure.gravatar.com\/avatar\/02cf8a7906b8cf90cecb4679defac7cfd33a1c2e3b88e4903d947f3bb58eedd3?s=96&d=mm&r=g","caption":"hegyizs"},"url":"https:\/\/www.welovecycling.com\/hu\/author\/hegyizs\/"}]}},"_links":{"self":[{"href":"https:\/\/www.welovecycling.com\/hu\/wp-json\/wp\/v2\/posts\/8627","targetHints":{"allow":["GET"]}}],"collection":[{"href":"https:\/\/www.welovecycling.com\/hu\/wp-json\/wp\/v2\/posts"}],"about":[{"href":"https:\/\/www.welovecycling.com\/hu\/wp-json\/wp\/v2\/types\/post"}],"author":[{"embeddable":true,"href":"https:\/\/www.welovecycling.com\/hu\/wp-json\/wp\/v2\/users\/71"}],"replies":[{"embeddable":true,"href":"https:\/\/www.welovecycling.com\/hu\/wp-json\/wp\/v2\/comments?post=8627"}],"version-history":[{"count":2,"href":"https:\/\/www.welovecycling.com\/hu\/wp-json\/wp\/v2\/posts\/8627\/revisions"}],"predecessor-version":[{"id":8637,"href":"https:\/\/www.welovecycling.com\/hu\/wp-json\/wp\/v2\/posts\/8627\/revisions\/8637"}],"wp:featuredmedia":[{"embeddable":true,"href":"https:\/\/www.welovecycling.com\/hu\/wp-json\/wp\/v2\/media\/8636"}],"wp:attachment":[{"href":"https:\/\/www.welovecycling.com\/hu\/wp-json\/wp\/v2\/media?parent=8627"}],"wp:term":[{"taxonomy":"category","embeddable":true,"href":"https:\/\/www.welovecycling.com\/hu\/wp-json\/wp\/v2\/categories?post=8627"},{"taxonomy":"post_tag","embeddable":true,"href":"https:\/\/www.welovecycling.com\/hu\/wp-json\/wp\/v2\/tags?post=8627"},{"taxonomy":"global-categories","embeddable":true,"href":"https:\/\/www.welovecycling.com\/hu\/wp-json\/wp\/v2\/global-categories?post=8627"}],"curies":[{"name":"wp","href":"https:\/\/api.w.org\/{rel}","templated":true}]}}