{"id":8621,"date":"2020-09-27T08:00:57","date_gmt":"2020-09-27T07:00:57","guid":{"rendered":"https:\/\/www.welovecycling.com\/hu\/?p=8621"},"modified":"2020-09-18T17:23:59","modified_gmt":"2020-09-18T16:23:59","slug":"hogyan-fesd-at-a-bringad-utmutato-lepesrol-lepesre","status":"publish","type":"post","link":"https:\/\/www.welovecycling.com\/hu\/kozosseg-es-kultura\/hogyan-fesd-at-a-bringad-utmutato-lepesrol-lepesre\/","title":{"rendered":"Hogyan fesd \u00e1t a bring\u00e1d: \u00fatmutat\u00f3 l\u00e9p\u00e9sr\u0151l l\u00e9p\u00e9sre"},"content":{"rendered":"<p><strong>Emily Kachorek, profi cyclocross versenyz\u0151 \u00e9s a <\/strong><a href=\"https:\/\/www.squidbikes.com\/\"><strong>Squid Bikes<\/strong><\/a><strong> t\u00e1rsalap\u00edt\u00f3ja, m\u00e1r gyerekk\u00e9nt tudta, hogy kreativit\u00e1s\u00e1val sokra viheti. Most az\u00e9rt kapja a fizet\u00e9s\u00e9t, hogy bring\u00e1kat fessen sz\u00ednesre. Persze ez nem olyan egyszer\u0171, mint amilyennek t\u0171nik: bonyolult mint\u00e1kb\u00f3l \u00e9s harmoniz\u00e1l\u00f3 sz\u00ednekb\u0151l alkot egyedi j\u00e1rg\u00e1nyokat, mindig \u00fajakat \u00e9s felt\u0171n\u0151eket. Ha azonban olyan bring\u00e1ra v\u00e1gysz, ami igaz\u00e1n illik hozz\u00e1d, jobb, ha k\u00e9zbe veszed az \u00fcgyet!<\/strong><!--more--><\/p>\n<p>Mindegy, hogy r\u00e9g\u00f3ta v\u00e1gysz egy egyedi darabra, vagy most poroltad le \u00f6reg bring\u00e1d, ami csak egy kis fel\u00faj\u00edt\u00e1sra v\u00e1r, a friss\u00edt\u0151 \u00e1talak\u00edt\u00e1s mindig j\u00f3 \u00f6tlet. Kachorek seg\u00edts\u00e9g\u00e9vel \u00f6ssze\u00e1ll\u00edtottunk egy kisokost, ami seg\u00edt, hogy a fest\u00e9s ne csak m\u00f3k\u00e1s, de eredm\u00e9nyes is legyen.<\/p>\n<h2><strong>1. Gyakorolj!<\/strong><\/h2>\n<p>Ha el\u0151sz\u00f6r festesz biciklit, vagy m\u00e1s fest\u00e9ket haszn\u00e1lsz, mint legut\u00f3bb, \u00e9rdemes gyakorolni kicsit, miel\u0151tt nekiesel dr\u00e1ga karbonv\u00e1zadnak. K\u00eds\u00e9rletezhetsz egy olcs\u00f3, r\u00e9gi v\u00e1zon, amit nem sajn\u00e1lsz, de egy f\u00e9mdarab is megteszi.<\/p>\n<h2><strong>2. K\u00e9sz\u00edtsd el\u0151 a biciklit!<\/strong><\/h2>\n<p>El\u0151sz\u00f6r alkohollal \u00e9s sz\u00f6szmentes ronggyal t\u00f6r\u00f6ld \u00e1t a v\u00e1zat. Teljesen tiszt\u00e1nak kell lennie! Ha nem alum\u00edniumb\u00f3l, ac\u00e9lb\u00f3l vagy karbonb\u00f3l k\u00e9sz\u00fclt, egy csiszol\u00f3pap\u00edrral \u00e9rdemes \u00e1tmenni rajta, hogy j\u00f3l tapadjon a fest\u00e9k. \u00c9ppen csak annyira d\u00f6rzs\u00f6ld, hogy a fels\u0151 fel\u00fcletnek text\u00far\u00e1t adj!<\/p>\n<h2><strong>3. V\u00e1lassz fest\u00e9ket!<\/strong><\/h2>\n<p>Fontos, hogy j\u00f3 min\u0151s\u00e9g\u0171, tart\u00f3s fest\u00e9ket v\u00e1lassz: n\u00e9zz k\u00f6r\u00fcl a helyi m\u0171v\u00e9szeti boltokban! Alacsony nyom\u00e1s\u00fa fest\u00e9ksz\u00f3r\u00f3t keress, k\u00f6nnyebb lesz vele dolgozni. Ha t\u00f6bb sz\u00ednt viszel haza, figyelj r\u00e1, hogy ugyanaz a m\u00e1rka legyen mind, k\u00fcl\u00f6nb\u00f6z\u0151 t\u00edpusok rosszul reag\u00e1lhatnak egym\u00e1sra.<\/p>\n<p><img loading=\"lazy\" decoding=\"async\" class=\"aligncenter size-large wp-image-8623\" src=\"https:\/\/d2p6e6u75xmxt8.cloudfront.net\/12\/2020\/09\/wlc39s2-1024x676.jpg\" alt=\"\" width=\"1024\" height=\"676\" srcset=\"https:\/\/d2p6e6u75xmxt8.cloudfront.net\/12\/2020\/09\/wlc39s2-1024x676.jpg 1024w, https:\/\/d2p6e6u75xmxt8.cloudfront.net\/12\/2020\/09\/wlc39s2-300x198.jpg 300w, https:\/\/d2p6e6u75xmxt8.cloudfront.net\/12\/2020\/09\/wlc39s2-768x507.jpg 768w, https:\/\/d2p6e6u75xmxt8.cloudfront.net\/12\/2020\/09\/wlc39s2.jpg 1272w\" sizes=\"auto, (max-width: 1024px) 100vw, 1024px\" \/><\/p>\n<h2><strong>4. Ragaszt\u00f3szalagoz\u00e1sra fel!<\/strong><\/h2>\n<p>Tegy\u00e9l mindenhova, amit nem szeretn\u00e9l lefesteni. Ha pedig mint\u00e1kat rajzolsz, v\u00e1rd meg, hogy megsz\u00e1radjon az els\u0151 r\u00e9teg, majd ragassz r\u00e1 fest\u0151szalagot a mint\u00e1nak megfelel\u0151en!<\/p>\n<h2><strong>5. Alak\u00edtsd ki a munka\u00e1llom\u00e1st!<\/strong><\/h2>\n<p>B\u00e1r kivitelezhet\u0151, l\u00e9nyegesen nehezebb \u00fagy festeni a v\u00e1zat, hogy k\u00f6zben tartanod kell. A legjobb, ha egy \u00e1llv\u00e1nyra teszed, esetleg k\u00f6telek seg\u00edts\u00e9g\u00e9vel felakasztod valamire. \u00c9rdemes rongyokkal v\u00e9deni a k\u00f6rnyezetet a sz\u00e9tsz\u00f3r\u00f3d\u00f3 fest\u00e9kt\u0151l.<\/p>\n<h2><strong>6. F\u00fajd!<\/strong><\/h2>\n<p>Miel\u0151tt festeni kezden\u00e9l, h\u00e1rom percig r\u00e1zd a fest\u00e9ksz\u00f3r\u00f3t, majd pr\u00f3b\u00e1ld ki valahol, hogy mekkora a hat\u00f3t\u00e1vols\u00e1ga. A fest\u00e9ket egyenletesen \u00e9s r\u00e9tegenk\u00e9nt kell sz\u00f3rni, tartsd a kezed szil\u00e1rdan! A r\u00e9tegeket hagy megsz\u00e1radni, miel\u0151tt \u00fajabb adagot f\u00fajn\u00e1l r\u00e1juk!<\/p>\n<p><img loading=\"lazy\" decoding=\"async\" class=\"aligncenter size-full wp-image-8624\" src=\"https:\/\/d2p6e6u75xmxt8.cloudfront.net\/12\/2020\/09\/wlc39s3.jpg\" alt=\"\" width=\"960\" height=\"716\" srcset=\"https:\/\/d2p6e6u75xmxt8.cloudfront.net\/12\/2020\/09\/wlc39s3.jpg 960w, https:\/\/d2p6e6u75xmxt8.cloudfront.net\/12\/2020\/09\/wlc39s3-300x224.jpg 300w, https:\/\/d2p6e6u75xmxt8.cloudfront.net\/12\/2020\/09\/wlc39s3-768x573.jpg 768w\" sizes=\"auto, (max-width: 960px) 100vw, 960px\" \/><\/p>\n<p>Vedd figyelembe az id\u0151j\u00e1r\u00e1st is! Kachorek sz\u00e1raz id\u0151ben (ez a legfontosabb), \u00e9s lehet\u0151leg melegebb napokon, alacsony p\u00e1ratartalom mellett aj\u00e1nlja a fest\u00e9st. \u00c9s ne felejtsd el: j\u00e1t\u00e9k az eg\u00e9sz!<\/p>\n<p><em>Forr\u00e1s: <\/em><a href=\"http:\/\/www.bicycling.com\" target=\"_blank\" rel=\"noopener noreferrer\"><em>www.bicycling.com<\/em><\/a><\/p>\n","protected":false},"excerpt":{"rendered":"<p>Emily Kachorek, profi cyclocross versenyz\u0151 \u00e9s a Squid Bikes t\u00e1rsalap\u00edt\u00f3ja, m\u00e1r gyerekk\u00e9nt tudta, hogy kreativit\u00e1s\u00e1val sokra viheti. Most az\u00e9rt kapja [&hellip;]<\/p>\n","protected":false},"author":71,"featured_media":8622,"comment_status":"open","ping_status":"open","sticky":false,"template":"","format":"standard","meta":{"footnotes":""},"categories":[12],"tags":[],"global-categories":[],"class_list":["post-8621","post","type-post","status-publish","format-standard","has-post-thumbnail","hentry","category-kozosseg-es-kultura"],"yoast_head":"<!-- This site is optimized with the Yoast SEO Premium plugin v25.3 (Yoast SEO v25.9) - https:\/\/yoast.com\/wordpress\/plugins\/seo\/ -->\n<title>Hogyan fesd \u00e1t a bring\u00e1d: \u00fatmutat\u00f3 l\u00e9p\u00e9sr\u0151l l\u00e9p\u00e9sre - \u0160koda We Love Cycling - Magyarorsz\u00e1g<\/title>\n<meta name=\"robots\" content=\"index, follow, max-snippet:-1, max-image-preview:large, max-video-preview:-1\" \/>\n<link rel=\"canonical\" href=\"https:\/\/www.welovecycling.com\/hu\/kozosseg-es-kultura\/hogyan-fesd-at-a-bringad-utmutato-lepesrol-lepesre\/\" \/>\n<meta property=\"og:locale\" content=\"hu_HU\" \/>\n<meta property=\"og:type\" content=\"article\" \/>\n<meta property=\"og:title\" content=\"Hogyan fesd \u00e1t a bring\u00e1d: \u00fatmutat\u00f3 l\u00e9p\u00e9sr\u0151l l\u00e9p\u00e9sre\" \/>\n<meta property=\"og:description\" content=\"Emily Kachorek, profi cyclocross versenyz\u0151 \u00e9s a Squid Bikes t\u00e1rsalap\u00edt\u00f3ja, m\u00e1r gyerekk\u00e9nt tudta, hogy kreativit\u00e1s\u00e1val sokra viheti. Most az\u00e9rt kapja [&hellip;]\" \/>\n<meta property=\"og:url\" content=\"https:\/\/www.welovecycling.com\/hu\/kozosseg-es-kultura\/hogyan-fesd-at-a-bringad-utmutato-lepesrol-lepesre\/\" \/>\n<meta property=\"og:site_name\" content=\"\u0160koda We Love Cycling - Magyarorsz\u00e1g\" \/>\n<meta property=\"article:publisher\" content=\"https:\/\/www.facebook.com\/WeLoveCyclingHungary\/\" \/>\n<meta property=\"article:published_time\" content=\"2020-09-27T07:00:57+00:00\" \/>\n<meta property=\"og:image\" content=\"https:\/\/d2p6e6u75xmxt8.cloudfront.net\/12\/2020\/09\/wlc39s.jpg\" \/>\n\t<meta property=\"og:image:width\" content=\"1350\" \/>\n\t<meta property=\"og:image:height\" content=\"894\" \/>\n\t<meta property=\"og:image:type\" content=\"image\/jpeg\" \/>\n<meta name=\"author\" content=\"hegyizs\" \/>\n<meta name=\"twitter:card\" content=\"summary_large_image\" \/>\n<meta name=\"twitter:label1\" content=\"Written by\" \/>\n\t<meta name=\"twitter:data1\" content=\"WLC\" \/>\n\t<meta name=\"twitter:label2\" content=\"Est. reading time\" \/>\n\t<meta name=\"twitter:data2\" content=\"3 minutes\" \/>\n<script type=\"application\/ld+json\" class=\"yoast-schema-graph\">{\"@context\":\"https:\/\/schema.org\",\"@graph\":[{\"@type\":\"WebPage\",\"@id\":\"https:\/\/www.welovecycling.com\/hu\/kozosseg-es-kultura\/hogyan-fesd-at-a-bringad-utmutato-lepesrol-lepesre\/\",\"url\":\"https:\/\/www.welovecycling.com\/hu\/kozosseg-es-kultura\/hogyan-fesd-at-a-bringad-utmutato-lepesrol-lepesre\/\",\"name\":\"Hogyan fesd \u00e1t a bring\u00e1d: \u00fatmutat\u00f3 l\u00e9p\u00e9sr\u0151l l\u00e9p\u00e9sre - \u0160koda We Love Cycling - Magyarorsz\u00e1g\",\"isPartOf\":{\"@id\":\"https:\/\/www.welovecycling.com\/hu\/#website\"},\"primaryImageOfPage\":{\"@id\":\"https:\/\/www.welovecycling.com\/hu\/kozosseg-es-kultura\/hogyan-fesd-at-a-bringad-utmutato-lepesrol-lepesre\/#primaryimage\"},\"image\":{\"@id\":\"https:\/\/www.welovecycling.com\/hu\/kozosseg-es-kultura\/hogyan-fesd-at-a-bringad-utmutato-lepesrol-lepesre\/#primaryimage\"},\"thumbnailUrl\":\"https:\/\/d2p6e6u75xmxt8.cloudfront.net\/12\/2020\/09\/wlc39s.jpg\",\"datePublished\":\"2020-09-27T07:00:57+00:00\",\"author\":{\"@id\":\"https:\/\/www.welovecycling.com\/hu\/#\/schema\/person\/414a2aebf1801691a5320edb6468e194\"},\"breadcrumb\":{\"@id\":\"https:\/\/www.welovecycling.com\/hu\/kozosseg-es-kultura\/hogyan-fesd-at-a-bringad-utmutato-lepesrol-lepesre\/#breadcrumb\"},\"inLanguage\":\"hu\",\"potentialAction\":[{\"@type\":\"ReadAction\",\"target\":[\"https:\/\/www.welovecycling.com\/hu\/kozosseg-es-kultura\/hogyan-fesd-at-a-bringad-utmutato-lepesrol-lepesre\/\"]}]},{\"@type\":\"ImageObject\",\"inLanguage\":\"hu\",\"@id\":\"https:\/\/www.welovecycling.com\/hu\/kozosseg-es-kultura\/hogyan-fesd-at-a-bringad-utmutato-lepesrol-lepesre\/#primaryimage\",\"url\":\"https:\/\/d2p6e6u75xmxt8.cloudfront.net\/12\/2020\/09\/wlc39s.jpg\",\"contentUrl\":\"https:\/\/d2p6e6u75xmxt8.cloudfront.net\/12\/2020\/09\/wlc39s.jpg\",\"width\":1350,\"height\":894},{\"@type\":\"BreadcrumbList\",\"@id\":\"https:\/\/www.welovecycling.com\/hu\/kozosseg-es-kultura\/hogyan-fesd-at-a-bringad-utmutato-lepesrol-lepesre\/#breadcrumb\",\"itemListElement\":[{\"@type\":\"ListItem\",\"position\":1,\"name\":\"Home\",\"item\":\"https:\/\/www.welovecycling.com\/hu\/\"},{\"@type\":\"ListItem\",\"position\":2,\"name\":\"Hogyan fesd \u00e1t a bring\u00e1d: \u00fatmutat\u00f3 l\u00e9p\u00e9sr\u0151l l\u00e9p\u00e9sre\"}]},{\"@type\":\"WebSite\",\"@id\":\"https:\/\/www.welovecycling.com\/hu\/#website\",\"url\":\"https:\/\/www.welovecycling.com\/hu\/\",\"name\":\"\u0160koda We Love Cycling - Magyarorsz\u00e1g\",\"description\":\"\u0160koda WeLoveCycling\",\"potentialAction\":[{\"@type\":\"SearchAction\",\"target\":{\"@type\":\"EntryPoint\",\"urlTemplate\":\"https:\/\/www.welovecycling.com\/hu\/?s={search_term_string}\"},\"query-input\":{\"@type\":\"PropertyValueSpecification\",\"valueRequired\":true,\"valueName\":\"search_term_string\"}}],\"inLanguage\":\"hu\"},{\"@type\":\"Person\",\"@id\":\"https:\/\/www.welovecycling.com\/hu\/#\/schema\/person\/414a2aebf1801691a5320edb6468e194\",\"name\":\"hegyizs\",\"image\":{\"@type\":\"ImageObject\",\"inLanguage\":\"hu\",\"@id\":\"https:\/\/www.welovecycling.com\/hu\/#\/schema\/person\/image\/\",\"url\":\"https:\/\/secure.gravatar.com\/avatar\/02cf8a7906b8cf90cecb4679defac7cfd33a1c2e3b88e4903d947f3bb58eedd3?s=96&d=mm&r=g\",\"contentUrl\":\"https:\/\/secure.gravatar.com\/avatar\/02cf8a7906b8cf90cecb4679defac7cfd33a1c2e3b88e4903d947f3bb58eedd3?s=96&d=mm&r=g\",\"caption\":\"hegyizs\"},\"url\":\"https:\/\/www.welovecycling.com\/hu\/author\/hegyizs\/\"}]}<\/script>\n<!-- \/ Yoast SEO Premium plugin. -->","yoast_head_json":{"title":"Hogyan fesd \u00e1t a bring\u00e1d: \u00fatmutat\u00f3 l\u00e9p\u00e9sr\u0151l l\u00e9p\u00e9sre - \u0160koda We Love Cycling - Magyarorsz\u00e1g","robots":{"index":"index","follow":"follow","max-snippet":"max-snippet:-1","max-image-preview":"max-image-preview:large","max-video-preview":"max-video-preview:-1"},"canonical":"https:\/\/www.welovecycling.com\/hu\/kozosseg-es-kultura\/hogyan-fesd-at-a-bringad-utmutato-lepesrol-lepesre\/","og_locale":"hu_HU","og_type":"article","og_title":"Hogyan fesd \u00e1t a bring\u00e1d: \u00fatmutat\u00f3 l\u00e9p\u00e9sr\u0151l l\u00e9p\u00e9sre","og_description":"Emily Kachorek, profi cyclocross versenyz\u0151 \u00e9s a Squid Bikes t\u00e1rsalap\u00edt\u00f3ja, m\u00e1r gyerekk\u00e9nt tudta, hogy kreativit\u00e1s\u00e1val sokra viheti. Most az\u00e9rt kapja [&hellip;]","og_url":"https:\/\/www.welovecycling.com\/hu\/kozosseg-es-kultura\/hogyan-fesd-at-a-bringad-utmutato-lepesrol-lepesre\/","og_site_name":"\u0160koda We Love Cycling - Magyarorsz\u00e1g","article_publisher":"https:\/\/www.facebook.com\/WeLoveCyclingHungary\/","article_published_time":"2020-09-27T07:00:57+00:00","og_image":[{"width":1350,"height":894,"url":"https:\/\/d2p6e6u75xmxt8.cloudfront.net\/12\/2020\/09\/wlc39s.jpg","type":"image\/jpeg"}],"author":"hegyizs","twitter_card":"summary_large_image","twitter_misc":{"Written by":"WLC","Est. reading time":"3 minutes"},"schema":{"@context":"https:\/\/schema.org","@graph":[{"@type":"WebPage","@id":"https:\/\/www.welovecycling.com\/hu\/kozosseg-es-kultura\/hogyan-fesd-at-a-bringad-utmutato-lepesrol-lepesre\/","url":"https:\/\/www.welovecycling.com\/hu\/kozosseg-es-kultura\/hogyan-fesd-at-a-bringad-utmutato-lepesrol-lepesre\/","name":"Hogyan fesd \u00e1t a bring\u00e1d: \u00fatmutat\u00f3 l\u00e9p\u00e9sr\u0151l l\u00e9p\u00e9sre - \u0160koda We Love Cycling - Magyarorsz\u00e1g","isPartOf":{"@id":"https:\/\/www.welovecycling.com\/hu\/#website"},"primaryImageOfPage":{"@id":"https:\/\/www.welovecycling.com\/hu\/kozosseg-es-kultura\/hogyan-fesd-at-a-bringad-utmutato-lepesrol-lepesre\/#primaryimage"},"image":{"@id":"https:\/\/www.welovecycling.com\/hu\/kozosseg-es-kultura\/hogyan-fesd-at-a-bringad-utmutato-lepesrol-lepesre\/#primaryimage"},"thumbnailUrl":"https:\/\/d2p6e6u75xmxt8.cloudfront.net\/12\/2020\/09\/wlc39s.jpg","datePublished":"2020-09-27T07:00:57+00:00","author":{"@id":"https:\/\/www.welovecycling.com\/hu\/#\/schema\/person\/414a2aebf1801691a5320edb6468e194"},"breadcrumb":{"@id":"https:\/\/www.welovecycling.com\/hu\/kozosseg-es-kultura\/hogyan-fesd-at-a-bringad-utmutato-lepesrol-lepesre\/#breadcrumb"},"inLanguage":"hu","potentialAction":[{"@type":"ReadAction","target":["https:\/\/www.welovecycling.com\/hu\/kozosseg-es-kultura\/hogyan-fesd-at-a-bringad-utmutato-lepesrol-lepesre\/"]}]},{"@type":"ImageObject","inLanguage":"hu","@id":"https:\/\/www.welovecycling.com\/hu\/kozosseg-es-kultura\/hogyan-fesd-at-a-bringad-utmutato-lepesrol-lepesre\/#primaryimage","url":"https:\/\/d2p6e6u75xmxt8.cloudfront.net\/12\/2020\/09\/wlc39s.jpg","contentUrl":"https:\/\/d2p6e6u75xmxt8.cloudfront.net\/12\/2020\/09\/wlc39s.jpg","width":1350,"height":894},{"@type":"BreadcrumbList","@id":"https:\/\/www.welovecycling.com\/hu\/kozosseg-es-kultura\/hogyan-fesd-at-a-bringad-utmutato-lepesrol-lepesre\/#breadcrumb","itemListElement":[{"@type":"ListItem","position":1,"name":"Home","item":"https:\/\/www.welovecycling.com\/hu\/"},{"@type":"ListItem","position":2,"name":"Hogyan fesd \u00e1t a bring\u00e1d: \u00fatmutat\u00f3 l\u00e9p\u00e9sr\u0151l l\u00e9p\u00e9sre"}]},{"@type":"WebSite","@id":"https:\/\/www.welovecycling.com\/hu\/#website","url":"https:\/\/www.welovecycling.com\/hu\/","name":"\u0160koda We Love Cycling - Magyarorsz\u00e1g","description":"\u0160koda WeLoveCycling","potentialAction":[{"@type":"SearchAction","target":{"@type":"EntryPoint","urlTemplate":"https:\/\/www.welovecycling.com\/hu\/?s={search_term_string}"},"query-input":{"@type":"PropertyValueSpecification","valueRequired":true,"valueName":"search_term_string"}}],"inLanguage":"hu"},{"@type":"Person","@id":"https:\/\/www.welovecycling.com\/hu\/#\/schema\/person\/414a2aebf1801691a5320edb6468e194","name":"hegyizs","image":{"@type":"ImageObject","inLanguage":"hu","@id":"https:\/\/www.welovecycling.com\/hu\/#\/schema\/person\/image\/","url":"https:\/\/secure.gravatar.com\/avatar\/02cf8a7906b8cf90cecb4679defac7cfd33a1c2e3b88e4903d947f3bb58eedd3?s=96&d=mm&r=g","contentUrl":"https:\/\/secure.gravatar.com\/avatar\/02cf8a7906b8cf90cecb4679defac7cfd33a1c2e3b88e4903d947f3bb58eedd3?s=96&d=mm&r=g","caption":"hegyizs"},"url":"https:\/\/www.welovecycling.com\/hu\/author\/hegyizs\/"}]}},"_links":{"self":[{"href":"https:\/\/www.welovecycling.com\/hu\/wp-json\/wp\/v2\/posts\/8621","targetHints":{"allow":["GET"]}}],"collection":[{"href":"https:\/\/www.welovecycling.com\/hu\/wp-json\/wp\/v2\/posts"}],"about":[{"href":"https:\/\/www.welovecycling.com\/hu\/wp-json\/wp\/v2\/types\/post"}],"author":[{"embeddable":true,"href":"https:\/\/www.welovecycling.com\/hu\/wp-json\/wp\/v2\/users\/71"}],"replies":[{"embeddable":true,"href":"https:\/\/www.welovecycling.com\/hu\/wp-json\/wp\/v2\/comments?post=8621"}],"version-history":[{"count":1,"href":"https:\/\/www.welovecycling.com\/hu\/wp-json\/wp\/v2\/posts\/8621\/revisions"}],"predecessor-version":[{"id":8625,"href":"https:\/\/www.welovecycling.com\/hu\/wp-json\/wp\/v2\/posts\/8621\/revisions\/8625"}],"wp:featuredmedia":[{"embeddable":true,"href":"https:\/\/www.welovecycling.com\/hu\/wp-json\/wp\/v2\/media\/8622"}],"wp:attachment":[{"href":"https:\/\/www.welovecycling.com\/hu\/wp-json\/wp\/v2\/media?parent=8621"}],"wp:term":[{"taxonomy":"category","embeddable":true,"href":"https:\/\/www.welovecycling.com\/hu\/wp-json\/wp\/v2\/categories?post=8621"},{"taxonomy":"post_tag","embeddable":true,"href":"https:\/\/www.welovecycling.com\/hu\/wp-json\/wp\/v2\/tags?post=8621"},{"taxonomy":"global-categories","embeddable":true,"href":"https:\/\/www.welovecycling.com\/hu\/wp-json\/wp\/v2\/global-categories?post=8621"}],"curies":[{"name":"wp","href":"https:\/\/api.w.org\/{rel}","templated":true}]}}