{"id":8603,"date":"2020-09-25T08:00:16","date_gmt":"2020-09-25T07:00:16","guid":{"rendered":"https:\/\/www.welovecycling.com\/hu\/?p=8603"},"modified":"2020-09-18T17:22:37","modified_gmt":"2020-09-18T16:22:37","slug":"miert-jobb-minden-masnal-a-biciklizes","status":"publish","type":"post","link":"https:\/\/www.welovecycling.com\/hu\/orszaguti-kerekpar\/miert-jobb-minden-masnal-a-biciklizes\/","title":{"rendered":"Mi\u00e9rt jobb minden m\u00e1sn\u00e1l a bicikliz\u00e9s?"},"content":{"rendered":"<p><strong>El kell ismern\u00fcnk, hogy a ker\u00e9kp\u00e1roz\u00e1s a legjobb sport\u00e1g mind k\u00f6z\u00fcl. Nem azt akarjuk mondani, hogy a t\u00f6bbi sport\u00e1g rossz, egyszer\u0171en csak nem olyan j\u00f3k, mint a ker\u00e9kp\u00e1roz\u00e1s.<\/strong><\/p>\n<p><!--more--><\/p>\n<p>A futball, a j\u00e9gkorong, a r\u00f6plabda vagy a kos\u00e1rlabda mind nagyszer\u0171 sport, rajong\u00f3k milli\u00f3i szerte a vil\u00e1gon ugyanolyan lelkesen n\u00e9zik ezeket, mint a The Witcher sorozatot. Azonban &#8211; b\u00e1r a ker\u00e9kp\u00e1roz\u00e1s is olyan sport, amit j\u00f3 egy\u00fctt csin\u00e1lni bar\u00e1tainkkal \u2013 egyed\u00fcl is felpattanhatunk a nyeregbe \u00e9s \u00e9lvezhetj\u00fck a teker\u00e9st. De m\u00e9gis hogyan akarsz passzolni, ha egyed\u00fcl tal\u00e1lod magad egy futballp\u00e1lya k\u00f6zep\u00e9n? Vagy g\u00f3lt szerezni, ha nincs kapus?<\/p>\n<p><a href=\"https:\/\/d2p6e6u75xmxt8.cloudfront.net\/2\/2020\/09\/profimedia-0556850396.jpg\"><img loading=\"lazy\" decoding=\"async\" class=\"wp-image-8604 size-large\" src=\"https:\/\/d2p6e6u75xmxt8.cloudfront.net\/12\/2020\/09\/profimedia-0556850396-1024x638.jpg\" alt=\"Urban cycling\" width=\"1024\" height=\"638\" srcset=\"https:\/\/d2p6e6u75xmxt8.cloudfront.net\/12\/2020\/09\/profimedia-0556850396-1024x638.jpg 1024w, https:\/\/d2p6e6u75xmxt8.cloudfront.net\/12\/2020\/09\/profimedia-0556850396-300x187.jpg 300w, https:\/\/d2p6e6u75xmxt8.cloudfront.net\/12\/2020\/09\/profimedia-0556850396-768x479.jpg 768w, https:\/\/d2p6e6u75xmxt8.cloudfront.net\/12\/2020\/09\/profimedia-0556850396.jpg 1250w\" sizes=\"auto, (max-width: 1024px) 100vw, 1024px\" \/><\/a><\/p>\n<p>Vagy gondoljunk az \u00fasz\u00e1sra. Fitt\u00e9 tesz, ha minden m\u00e1sodik nap beleveted magad a v\u00edzbe, de a k\u00f6rnyezet k\u00f6r\u00fcl\u00f6tted ritk\u00e1n v\u00e1ltozik. Esetleg ha egy kacsa \u00fagy d\u00f6nt, hogy el\u00e9g bel\u0151led, \u00e9s megkerget. M\u00e1r a kezdetekt\u0151l teljesen vizes vagy, ez a ker\u00e9kp\u00e1roz\u00e1sn\u00e1l csak az edz\u00e9s v\u00e9g\u00e9re k\u00f6vetkezik be. Lehet, hogy elf\u00e1radsz, kimer\u00fclsz a nyeregben, de biztosan nem fogsz meghalni, csak az\u00e9rt mert elfogyott az er\u0151d az \u00fat k\u00f6zep\u00e9n. Ha egy t\u00f3ban t\u00f6rt\u00e9nik ez, akkor sokkal val\u00f3sz\u00edn\u0171bb a bajos v\u00e9gkimenetel.<\/p>\n<p><a href=\"https:\/\/d2p6e6u75xmxt8.cloudfront.net\/2\/2020\/09\/pexels-juan-salamanca-61143.jpg\"><img loading=\"lazy\" decoding=\"async\" class=\"wp-image-8605 size-large\" src=\"https:\/\/d2p6e6u75xmxt8.cloudfront.net\/12\/2020\/09\/pexels-juan-salamanca-61143-1024x682.jpg\" alt=\"Football field\" width=\"1024\" height=\"682\" srcset=\"https:\/\/d2p6e6u75xmxt8.cloudfront.net\/12\/2020\/09\/pexels-juan-salamanca-61143-1024x682.jpg 1024w, https:\/\/d2p6e6u75xmxt8.cloudfront.net\/12\/2020\/09\/pexels-juan-salamanca-61143-300x200.jpg 300w, https:\/\/d2p6e6u75xmxt8.cloudfront.net\/12\/2020\/09\/pexels-juan-salamanca-61143-768x512.jpg 768w, https:\/\/d2p6e6u75xmxt8.cloudfront.net\/12\/2020\/09\/pexels-juan-salamanca-61143-272x182.jpg 272w, https:\/\/d2p6e6u75xmxt8.cloudfront.net\/12\/2020\/09\/pexels-juan-salamanca-61143.jpg 1280w\" sizes=\"auto, (max-width: 1024px) 100vw, 1024px\" \/><\/a><\/p>\n<p>A fut\u00e1s egy m\u00e1sik t\u00f6rt\u00e9net. Majdnem olyan j\u00f3, mint a ker\u00e9kp\u00e1roz\u00e1s, mivel lehet\u0151v\u00e9 teszi a v\u00e1ros k\u00fcl\u00f6nb\u00f6z\u0151 r\u00e9szeinek felfedez\u00e9s\u00e9t, de kocoghatsz egyet a h\u00e1zt\u00f6mb k\u00f6r\u00fcl is, m\u00e9gis t\u00fal sok h\u00e1tr\u00e1nya van. Hi\u00e1ba izzadsz ki magadb\u00f3l minden folyad\u00e9kot, hogy fel\u00e9rj a cs\u00facsra, nincs ut\u00e1na jutalom. Csak futhatsz tov\u00e1bb a lejt\u0151n, ami puszt\u00edt\u00f3 f\u00e1jdalmat okoz a cs\u00edp\u0151dben, a t\u00e9rdedben \u00e9s a bok\u00e1dban.<\/p>\n<p><a href=\"https:\/\/d2p6e6u75xmxt8.cloudfront.net\/2\/2020\/09\/pexels-andrea-piacquadio-3763869.jpg\"><img loading=\"lazy\" decoding=\"async\" class=\"wp-image-8606 size-large\" src=\"https:\/\/d2p6e6u75xmxt8.cloudfront.net\/12\/2020\/09\/pexels-andrea-piacquadio-3763869-1024x682.jpg\" alt=\"Running shoes\" width=\"1024\" height=\"682\" srcset=\"https:\/\/d2p6e6u75xmxt8.cloudfront.net\/12\/2020\/09\/pexels-andrea-piacquadio-3763869-1024x682.jpg 1024w, https:\/\/d2p6e6u75xmxt8.cloudfront.net\/12\/2020\/09\/pexels-andrea-piacquadio-3763869-300x200.jpg 300w, https:\/\/d2p6e6u75xmxt8.cloudfront.net\/12\/2020\/09\/pexels-andrea-piacquadio-3763869-768x512.jpg 768w, https:\/\/d2p6e6u75xmxt8.cloudfront.net\/12\/2020\/09\/pexels-andrea-piacquadio-3763869-272x182.jpg 272w, https:\/\/d2p6e6u75xmxt8.cloudfront.net\/12\/2020\/09\/pexels-andrea-piacquadio-3763869.jpg 1280w\" sizes=\"auto, (max-width: 1024px) 100vw, 1024px\" \/><\/a><\/p>\n<p>\u00c9s akkor ott van a szertorna. Persze csod\u00e1latos sport, m\u00e1r-m\u00e1r m\u0171v\u00e9szet, m\u00e9gsem mondjuk soha, hogy \u201egyere, menj\u00fcnk \u00e9s csin\u00e1ljunk p\u00e1r bukfencet, k\u00e9zen\u00e1tfordul\u00e1st \u00e9s dupla h\u00e1traszalt\u00f3t, j\u00f3 lesz!\u201d Folyamatos er\u0151nl\u00e9ti edz\u00e9s n\u00e9lk\u00fcl fel sem jutsz a felem\u00e1s korl\u00e1tra. Hacsak nem saj\u00e1t\u00edtod el az alapokat 5 \u00e9ves korodban, akkor m\u00e1r es\u00e9lyed sincs a profik k\u00f6z\u00e9 l\u00e9pni. Ker\u00e9kp\u00e1rozni viszont b\u00e1rmikor elkezdhetsz!<\/p>\n<p>Hasonl\u00f3 h\u00e1tr\u00e1nyai vannak m\u00e1s sportoknak is. Mondhatod p\u00e9ld\u00e1ul, hogy \u201ecsak megv\u00e1rom, hogy befagyjon a t\u00f3, \u00e1tkorcsoly\u00e1zok rajta \u00e9s bekapok egy szelet pizz\u00e1t a t\u00faloldalon\u201d vagy \u201ekarate-r\u00fag\u00e1sokkal \u00e1tverekedem magam a t\u00f6megen, hogy hamarabb eljussak a munkahelyemre\u201d, de tal\u00e1n ker\u00e9kp\u00e1rral k\u00f6nnyebben kivitelezed ezeket.<\/p>\n<p>R\u00e1ad\u00e1sul a ker\u00e9kp\u00e1r sem csak sz\u00f3rakoz\u00e1s, vagy k\u00f6zleked\u00e9si eszk\u00f6z, ott van az olimpi\u00e1n \u00e9s a vil\u00e1gbajnoks\u00e1gokon is. Vitathatatlanul a legsokoldal\u00fabb sport\u00e1g!<\/p>\n<p>&nbsp;<\/p>\n","protected":false},"excerpt":{"rendered":"<p>El kell ismern\u00fcnk, hogy a ker\u00e9kp\u00e1roz\u00e1s a legjobb sport\u00e1g mind k\u00f6z\u00fcl. Nem azt akarjuk mondani, hogy a t\u00f6bbi sport\u00e1g rossz, [&hellip;]<\/p>\n","protected":false},"author":71,"featured_media":8608,"comment_status":"open","ping_status":"open","sticky":false,"template":"","format":"standard","meta":{"footnotes":""},"categories":[8],"tags":[],"global-categories":[],"class_list":["post-8603","post","type-post","status-publish","format-standard","has-post-thumbnail","hentry","category-orszaguti-kerekpar"],"yoast_head":"<!-- This site is optimized with the Yoast SEO Premium plugin v25.3 (Yoast SEO v25.9) - https:\/\/yoast.com\/wordpress\/plugins\/seo\/ -->\n<title>Mi\u00e9rt jobb minden m\u00e1sn\u00e1l a bicikliz\u00e9s? - \u0160koda We Love Cycling - Magyarorsz\u00e1g<\/title>\n<meta name=\"description\" content=\"El kell ismern\u00fcnk, hogy a ker\u00e9kp\u00e1roz\u00e1s a legjobb sport\u00e1g mind k\u00f6z\u00fcl. Nem azt akarjuk mondani, hogy a t\u00f6bbi sport\u00e1g rossz, egyszer\u0171en csak nem olyan j\u00f3k, mint a ker\u00e9kp\u00e1roz\u00e1s.\" \/>\n<meta name=\"robots\" content=\"index, follow, max-snippet:-1, max-image-preview:large, max-video-preview:-1\" \/>\n<link rel=\"canonical\" href=\"https:\/\/www.welovecycling.com\/hu\/orszaguti-kerekpar\/miert-jobb-minden-masnal-a-biciklizes\/\" \/>\n<meta property=\"og:locale\" content=\"hu_HU\" \/>\n<meta property=\"og:type\" content=\"article\" \/>\n<meta property=\"og:title\" content=\"Mi\u00e9rt jobb minden m\u00e1sn\u00e1l a bicikliz\u00e9s?\" \/>\n<meta property=\"og:description\" content=\"El kell ismern\u00fcnk, hogy a ker\u00e9kp\u00e1roz\u00e1s a legjobb sport\u00e1g mind k\u00f6z\u00fcl. Nem azt akarjuk mondani, hogy a t\u00f6bbi sport\u00e1g rossz, egyszer\u0171en csak nem olyan j\u00f3k, mint a ker\u00e9kp\u00e1roz\u00e1s.\" \/>\n<meta property=\"og:url\" content=\"https:\/\/www.welovecycling.com\/hu\/orszaguti-kerekpar\/miert-jobb-minden-masnal-a-biciklizes\/\" \/>\n<meta property=\"og:site_name\" content=\"\u0160koda We Love Cycling - Magyarorsz\u00e1g\" \/>\n<meta property=\"article:publisher\" content=\"https:\/\/www.facebook.com\/WeLoveCyclingHungary\/\" \/>\n<meta property=\"article:published_time\" content=\"2020-09-25T07:00:16+00:00\" \/>\n<meta property=\"og:image\" content=\"https:\/\/d2p6e6u75xmxt8.cloudfront.net\/12\/2020\/09\/Training-CVR-profimedia-0374757289.jpg\" \/>\n\t<meta property=\"og:image:width\" content=\"1366\" \/>\n\t<meta property=\"og:image:height\" content=\"600\" \/>\n\t<meta property=\"og:image:type\" content=\"image\/jpeg\" \/>\n<meta name=\"author\" content=\"hegyizs\" \/>\n<meta name=\"twitter:card\" content=\"summary_large_image\" \/>\n<meta name=\"twitter:label1\" content=\"Written by\" \/>\n\t<meta name=\"twitter:data1\" content=\"Adam Marsal\" \/>\n\t<meta name=\"twitter:label2\" content=\"Est. reading time\" \/>\n\t<meta name=\"twitter:data2\" content=\"5\" \/>\n<script type=\"application\/ld+json\" class=\"yoast-schema-graph\">{\"@context\":\"https:\/\/schema.org\",\"@graph\":[{\"@type\":\"WebPage\",\"@id\":\"https:\/\/www.welovecycling.com\/hu\/orszaguti-kerekpar\/miert-jobb-minden-masnal-a-biciklizes\/\",\"url\":\"https:\/\/www.welovecycling.com\/hu\/orszaguti-kerekpar\/miert-jobb-minden-masnal-a-biciklizes\/\",\"name\":\"Mi\u00e9rt jobb minden m\u00e1sn\u00e1l a bicikliz\u00e9s? - \u0160koda We Love Cycling - Magyarorsz\u00e1g\",\"isPartOf\":{\"@id\":\"https:\/\/www.welovecycling.com\/hu\/#website\"},\"primaryImageOfPage\":{\"@id\":\"https:\/\/www.welovecycling.com\/hu\/orszaguti-kerekpar\/miert-jobb-minden-masnal-a-biciklizes\/#primaryimage\"},\"image\":{\"@id\":\"https:\/\/www.welovecycling.com\/hu\/orszaguti-kerekpar\/miert-jobb-minden-masnal-a-biciklizes\/#primaryimage\"},\"thumbnailUrl\":\"https:\/\/d2p6e6u75xmxt8.cloudfront.net\/12\/2020\/09\/Training-CVR-profimedia-0374757289.jpg\",\"datePublished\":\"2020-09-25T07:00:16+00:00\",\"author\":{\"@id\":\"https:\/\/www.welovecycling.com\/hu\/#\/schema\/person\/414a2aebf1801691a5320edb6468e194\"},\"description\":\"El kell ismern\u00fcnk, hogy a ker\u00e9kp\u00e1roz\u00e1s a legjobb sport\u00e1g mind k\u00f6z\u00fcl. Nem azt akarjuk mondani, hogy a t\u00f6bbi sport\u00e1g rossz, egyszer\u0171en csak nem olyan j\u00f3k, mint a ker\u00e9kp\u00e1roz\u00e1s.\",\"breadcrumb\":{\"@id\":\"https:\/\/www.welovecycling.com\/hu\/orszaguti-kerekpar\/miert-jobb-minden-masnal-a-biciklizes\/#breadcrumb\"},\"inLanguage\":\"hu\",\"potentialAction\":[{\"@type\":\"ReadAction\",\"target\":[\"https:\/\/www.welovecycling.com\/hu\/orszaguti-kerekpar\/miert-jobb-minden-masnal-a-biciklizes\/\"]}]},{\"@type\":\"ImageObject\",\"inLanguage\":\"hu\",\"@id\":\"https:\/\/www.welovecycling.com\/hu\/orszaguti-kerekpar\/miert-jobb-minden-masnal-a-biciklizes\/#primaryimage\",\"url\":\"https:\/\/d2p6e6u75xmxt8.cloudfront.net\/12\/2020\/09\/Training-CVR-profimedia-0374757289.jpg\",\"contentUrl\":\"https:\/\/d2p6e6u75xmxt8.cloudfront.net\/12\/2020\/09\/Training-CVR-profimedia-0374757289.jpg\",\"width\":1366,\"height\":600,\"caption\":\"Road Cycling\"},{\"@type\":\"BreadcrumbList\",\"@id\":\"https:\/\/www.welovecycling.com\/hu\/orszaguti-kerekpar\/miert-jobb-minden-masnal-a-biciklizes\/#breadcrumb\",\"itemListElement\":[{\"@type\":\"ListItem\",\"position\":1,\"name\":\"Home\",\"item\":\"https:\/\/www.welovecycling.com\/hu\/\"},{\"@type\":\"ListItem\",\"position\":2,\"name\":\"Mi\u00e9rt jobb minden m\u00e1sn\u00e1l a bicikliz\u00e9s?\"}]},{\"@type\":\"WebSite\",\"@id\":\"https:\/\/www.welovecycling.com\/hu\/#website\",\"url\":\"https:\/\/www.welovecycling.com\/hu\/\",\"name\":\"\u0160koda We Love Cycling - Magyarorsz\u00e1g\",\"description\":\"\u0160koda WeLoveCycling\",\"potentialAction\":[{\"@type\":\"SearchAction\",\"target\":{\"@type\":\"EntryPoint\",\"urlTemplate\":\"https:\/\/www.welovecycling.com\/hu\/?s={search_term_string}\"},\"query-input\":{\"@type\":\"PropertyValueSpecification\",\"valueRequired\":true,\"valueName\":\"search_term_string\"}}],\"inLanguage\":\"hu\"},{\"@type\":\"Person\",\"@id\":\"https:\/\/www.welovecycling.com\/hu\/#\/schema\/person\/414a2aebf1801691a5320edb6468e194\",\"name\":\"hegyizs\",\"image\":{\"@type\":\"ImageObject\",\"inLanguage\":\"hu\",\"@id\":\"https:\/\/www.welovecycling.com\/hu\/#\/schema\/person\/image\/\",\"url\":\"https:\/\/secure.gravatar.com\/avatar\/02cf8a7906b8cf90cecb4679defac7cfd33a1c2e3b88e4903d947f3bb58eedd3?s=96&d=mm&r=g\",\"contentUrl\":\"https:\/\/secure.gravatar.com\/avatar\/02cf8a7906b8cf90cecb4679defac7cfd33a1c2e3b88e4903d947f3bb58eedd3?s=96&d=mm&r=g\",\"caption\":\"hegyizs\"},\"url\":\"https:\/\/www.welovecycling.com\/hu\/author\/hegyizs\/\"}]}<\/script>\n<!-- \/ Yoast SEO Premium plugin. -->","yoast_head_json":{"title":"Mi\u00e9rt jobb minden m\u00e1sn\u00e1l a bicikliz\u00e9s? - \u0160koda We Love Cycling - Magyarorsz\u00e1g","description":"El kell ismern\u00fcnk, hogy a ker\u00e9kp\u00e1roz\u00e1s a legjobb sport\u00e1g mind k\u00f6z\u00fcl. Nem azt akarjuk mondani, hogy a t\u00f6bbi sport\u00e1g rossz, egyszer\u0171en csak nem olyan j\u00f3k, mint a ker\u00e9kp\u00e1roz\u00e1s.","robots":{"index":"index","follow":"follow","max-snippet":"max-snippet:-1","max-image-preview":"max-image-preview:large","max-video-preview":"max-video-preview:-1"},"canonical":"https:\/\/www.welovecycling.com\/hu\/orszaguti-kerekpar\/miert-jobb-minden-masnal-a-biciklizes\/","og_locale":"hu_HU","og_type":"article","og_title":"Mi\u00e9rt jobb minden m\u00e1sn\u00e1l a bicikliz\u00e9s?","og_description":"El kell ismern\u00fcnk, hogy a ker\u00e9kp\u00e1roz\u00e1s a legjobb sport\u00e1g mind k\u00f6z\u00fcl. Nem azt akarjuk mondani, hogy a t\u00f6bbi sport\u00e1g rossz, egyszer\u0171en csak nem olyan j\u00f3k, mint a ker\u00e9kp\u00e1roz\u00e1s.","og_url":"https:\/\/www.welovecycling.com\/hu\/orszaguti-kerekpar\/miert-jobb-minden-masnal-a-biciklizes\/","og_site_name":"\u0160koda We Love Cycling - Magyarorsz\u00e1g","article_publisher":"https:\/\/www.facebook.com\/WeLoveCyclingHungary\/","article_published_time":"2020-09-25T07:00:16+00:00","og_image":[{"width":1366,"height":600,"url":"https:\/\/d2p6e6u75xmxt8.cloudfront.net\/12\/2020\/09\/Training-CVR-profimedia-0374757289.jpg","type":"image\/jpeg"}],"author":"hegyizs","twitter_card":"summary_large_image","twitter_misc":{"Written by":"Adam Marsal","Est. reading time":"5"},"schema":{"@context":"https:\/\/schema.org","@graph":[{"@type":"WebPage","@id":"https:\/\/www.welovecycling.com\/hu\/orszaguti-kerekpar\/miert-jobb-minden-masnal-a-biciklizes\/","url":"https:\/\/www.welovecycling.com\/hu\/orszaguti-kerekpar\/miert-jobb-minden-masnal-a-biciklizes\/","name":"Mi\u00e9rt jobb minden m\u00e1sn\u00e1l a bicikliz\u00e9s? - \u0160koda We Love Cycling - Magyarorsz\u00e1g","isPartOf":{"@id":"https:\/\/www.welovecycling.com\/hu\/#website"},"primaryImageOfPage":{"@id":"https:\/\/www.welovecycling.com\/hu\/orszaguti-kerekpar\/miert-jobb-minden-masnal-a-biciklizes\/#primaryimage"},"image":{"@id":"https:\/\/www.welovecycling.com\/hu\/orszaguti-kerekpar\/miert-jobb-minden-masnal-a-biciklizes\/#primaryimage"},"thumbnailUrl":"https:\/\/d2p6e6u75xmxt8.cloudfront.net\/12\/2020\/09\/Training-CVR-profimedia-0374757289.jpg","datePublished":"2020-09-25T07:00:16+00:00","author":{"@id":"https:\/\/www.welovecycling.com\/hu\/#\/schema\/person\/414a2aebf1801691a5320edb6468e194"},"description":"El kell ismern\u00fcnk, hogy a ker\u00e9kp\u00e1roz\u00e1s a legjobb sport\u00e1g mind k\u00f6z\u00fcl. Nem azt akarjuk mondani, hogy a t\u00f6bbi sport\u00e1g rossz, egyszer\u0171en csak nem olyan j\u00f3k, mint a ker\u00e9kp\u00e1roz\u00e1s.","breadcrumb":{"@id":"https:\/\/www.welovecycling.com\/hu\/orszaguti-kerekpar\/miert-jobb-minden-masnal-a-biciklizes\/#breadcrumb"},"inLanguage":"hu","potentialAction":[{"@type":"ReadAction","target":["https:\/\/www.welovecycling.com\/hu\/orszaguti-kerekpar\/miert-jobb-minden-masnal-a-biciklizes\/"]}]},{"@type":"ImageObject","inLanguage":"hu","@id":"https:\/\/www.welovecycling.com\/hu\/orszaguti-kerekpar\/miert-jobb-minden-masnal-a-biciklizes\/#primaryimage","url":"https:\/\/d2p6e6u75xmxt8.cloudfront.net\/12\/2020\/09\/Training-CVR-profimedia-0374757289.jpg","contentUrl":"https:\/\/d2p6e6u75xmxt8.cloudfront.net\/12\/2020\/09\/Training-CVR-profimedia-0374757289.jpg","width":1366,"height":600,"caption":"Road Cycling"},{"@type":"BreadcrumbList","@id":"https:\/\/www.welovecycling.com\/hu\/orszaguti-kerekpar\/miert-jobb-minden-masnal-a-biciklizes\/#breadcrumb","itemListElement":[{"@type":"ListItem","position":1,"name":"Home","item":"https:\/\/www.welovecycling.com\/hu\/"},{"@type":"ListItem","position":2,"name":"Mi\u00e9rt jobb minden m\u00e1sn\u00e1l a bicikliz\u00e9s?"}]},{"@type":"WebSite","@id":"https:\/\/www.welovecycling.com\/hu\/#website","url":"https:\/\/www.welovecycling.com\/hu\/","name":"\u0160koda We Love Cycling - Magyarorsz\u00e1g","description":"\u0160koda WeLoveCycling","potentialAction":[{"@type":"SearchAction","target":{"@type":"EntryPoint","urlTemplate":"https:\/\/www.welovecycling.com\/hu\/?s={search_term_string}"},"query-input":{"@type":"PropertyValueSpecification","valueRequired":true,"valueName":"search_term_string"}}],"inLanguage":"hu"},{"@type":"Person","@id":"https:\/\/www.welovecycling.com\/hu\/#\/schema\/person\/414a2aebf1801691a5320edb6468e194","name":"hegyizs","image":{"@type":"ImageObject","inLanguage":"hu","@id":"https:\/\/www.welovecycling.com\/hu\/#\/schema\/person\/image\/","url":"https:\/\/secure.gravatar.com\/avatar\/02cf8a7906b8cf90cecb4679defac7cfd33a1c2e3b88e4903d947f3bb58eedd3?s=96&d=mm&r=g","contentUrl":"https:\/\/secure.gravatar.com\/avatar\/02cf8a7906b8cf90cecb4679defac7cfd33a1c2e3b88e4903d947f3bb58eedd3?s=96&d=mm&r=g","caption":"hegyizs"},"url":"https:\/\/www.welovecycling.com\/hu\/author\/hegyizs\/"}]}},"_links":{"self":[{"href":"https:\/\/www.welovecycling.com\/hu\/wp-json\/wp\/v2\/posts\/8603","targetHints":{"allow":["GET"]}}],"collection":[{"href":"https:\/\/www.welovecycling.com\/hu\/wp-json\/wp\/v2\/posts"}],"about":[{"href":"https:\/\/www.welovecycling.com\/hu\/wp-json\/wp\/v2\/types\/post"}],"author":[{"embeddable":true,"href":"https:\/\/www.welovecycling.com\/hu\/wp-json\/wp\/v2\/users\/71"}],"replies":[{"embeddable":true,"href":"https:\/\/www.welovecycling.com\/hu\/wp-json\/wp\/v2\/comments?post=8603"}],"version-history":[{"count":2,"href":"https:\/\/www.welovecycling.com\/hu\/wp-json\/wp\/v2\/posts\/8603\/revisions"}],"predecessor-version":[{"id":8617,"href":"https:\/\/www.welovecycling.com\/hu\/wp-json\/wp\/v2\/posts\/8603\/revisions\/8617"}],"wp:featuredmedia":[{"embeddable":true,"href":"https:\/\/www.welovecycling.com\/hu\/wp-json\/wp\/v2\/media\/8608"}],"wp:attachment":[{"href":"https:\/\/www.welovecycling.com\/hu\/wp-json\/wp\/v2\/media?parent=8603"}],"wp:term":[{"taxonomy":"category","embeddable":true,"href":"https:\/\/www.welovecycling.com\/hu\/wp-json\/wp\/v2\/categories?post=8603"},{"taxonomy":"post_tag","embeddable":true,"href":"https:\/\/www.welovecycling.com\/hu\/wp-json\/wp\/v2\/tags?post=8603"},{"taxonomy":"global-categories","embeddable":true,"href":"https:\/\/www.welovecycling.com\/hu\/wp-json\/wp\/v2\/global-categories?post=8603"}],"curies":[{"name":"wp","href":"https:\/\/api.w.org\/{rel}","templated":true}]}}