{"id":8599,"date":"2020-09-24T08:00:03","date_gmt":"2020-09-24T07:00:03","guid":{"rendered":"https:\/\/www.welovecycling.com\/hu\/?p=8599"},"modified":"2020-09-18T17:21:49","modified_gmt":"2020-09-18T16:21:49","slug":"adam-blythe-szegyen-hogy-nincs-noi-tdf-a-latohataron","status":"publish","type":"post","link":"https:\/\/www.welovecycling.com\/hu\/orszaguti-kerekpar\/adam-blythe-szegyen-hogy-nincs-noi-tdf-a-latohataron\/","title":{"rendered":"Adam Blythe: \u201eSz\u00e9gyen, hogy nincs n\u0151i TdF a l\u00e1t\u00f3hat\u00e1ron\u201d"},"content":{"rendered":"<p><strong>\u00d6sszehasonl\u00edtva profi ker\u00e9kp\u00e1ros karrierj\u00e9t jelenlegi munk\u00e1j\u00e1val, Adam Blythe a legszembet\u0171n\u0151bb k\u00fcl\u00f6nbs\u00e9get abban l\u00e1tja, hogy est\u00e9nk\u00e9nt b\u0171ntudat n\u00e9lk\u00fcl \u00e9lvezhet egy poh\u00e1r bort. A <em>#Ride2Unite<\/em> interj\u00fa- \u00e9s podcast-sorozatunkat folytatva ism\u00e9t besz\u00e9lgett\u00fcnk Mr. Blythe-el, a kor\u00e1bbiakt\u00f3l elt\u00e9r\u0151en ez\u00fattal szem\u00e9lyesen. A Tour vadonat\u00faj f\u0151 aut\u00f3ja, az impoz\u00e1ns, teljesen elektromos <\/strong><a href=\"https:\/\/www.skoda.hu\/enyaq-iv\/enyaq-iv\"><strong>\u0160koda ENYAQ iV<\/strong><\/a><strong> t\u00e1rsas\u00e1g\u00e1ban v\u00e1rtuk, hogy v\u00e9gezzen az NBS Sportnak adott interj\u00fan, \u00e9s id\u0151t szak\u00edtson r\u00e1nk.<\/strong><\/p>\n<p><!--more--><\/p>\n<p>Adam Blythe volt yorkshire-i profi orsz\u00e1g\u00fati \u00e9s track ker\u00e9kp\u00e1ros, 2010 \u00e9s 2019 k\u00f6z\u00f6tt versenyzett, t\u00f6bbek k\u00f6z\u00f6tt a Tinkoff vagy a Lotto \u2013 Soudal sz\u00edneiben. Blythe fiatal kor\u00e1ban kezdett versenyezni, \u00e9s gyorsan a WorldTour szintj\u00e9re l\u00e9pett. A \u0160koda-val val\u00f3 egy\u00fcttm\u0171k\u00f6d\u00e9s\u00e9t \u00e9s a t\u00far\u00e1val kapcsolatos gondolatait Adam \u00edgy foglalta \u00f6ssze: <em>\u201eA \u0160koda nagyk\u00f6vete vagyok, c\u00e9lom, hogy mindenkit ker\u00e9kp\u00e1roz\u00e1sra \u00f6szt\u00f6n\u00f6zzek \u00e9s hogy a nemek k\u00f6z\u00f6tti egyenl\u0151s\u00e9g megteremt\u00e9s\u00e9ben el\u0151rel\u00e9p\u00e9seket tegyek. Fontos sz\u00e1momra, hogy min\u00e9l t\u00f6bb n\u0151 \u00fclj\u00f6n biciklire, \u00edgy a Tour de France-on r\u00e9szt venni nagy \u00f6r\u00f6m, de egy kicsit sz\u00e9gyenkezem is, hogy nincs n\u0151i v\u00e1ltozat. &#8220;<\/em> M\u00e9lyebben belemer\u00fclve a n\u0151i ker\u00e9kp\u00e1roz\u00e1s t\u00e9m\u00e1j\u00e1ba, Adam kifejtette v\u00e9lem\u00e9ny\u00e9t: <em>\u201eNincs k\u00fcl\u00f6nbs\u00e9g a nemek k\u00f6z\u00f6tt ebben a tekintetben, a ker\u00e9kp\u00e1roz\u00e1s nem f\u00e9rfi, \u00e9s nem n\u0151i sport. Azt hiszem, ezt kell tudatos\u00edtani az emberekben. \u00c9n arra haszn\u00e1lom a hangom, hogy ezt megtegyem.&#8221;<\/em><\/p>\n<p><a href=\"https:\/\/d2p6e6u75xmxt8.cloudfront.net\/12\/2020\/09\/Screenshot-2020-09-16-at-16.36.17.jpg\"><img loading=\"lazy\" decoding=\"async\" class=\"alignnone wp-image-8600 size-full\" src=\"https:\/\/d2p6e6u75xmxt8.cloudfront.net\/12\/2020\/09\/Screenshot-2020-09-16-at-16.36.17.jpg\" alt=\"Adam Blythe\" width=\"1516\" height=\"1080\" srcset=\"https:\/\/d2p6e6u75xmxt8.cloudfront.net\/12\/2020\/09\/Screenshot-2020-09-16-at-16.36.17.jpg 1516w, https:\/\/d2p6e6u75xmxt8.cloudfront.net\/12\/2020\/09\/Screenshot-2020-09-16-at-16.36.17-300x214.jpg 300w, https:\/\/d2p6e6u75xmxt8.cloudfront.net\/12\/2020\/09\/Screenshot-2020-09-16-at-16.36.17-1024x729.jpg 1024w, https:\/\/d2p6e6u75xmxt8.cloudfront.net\/12\/2020\/09\/Screenshot-2020-09-16-at-16.36.17-768x547.jpg 768w\" sizes=\"auto, (max-width: 1516px) 100vw, 1516px\" \/><\/a><\/p>\n<p>Adam sz\u00e1mos vil\u00e1gh\u00edr\u0171 csapatban megjelent m\u00e1r \u00e9s olyan gy\u0151zelmeket gy\u0171jt\u00f6tt \u00f6ssze, mint a Brit Nemzeti Bajnoks\u00e1g vagy a RideLondon Classic. V\u00e9g\u00fcl a szezon befejez\u00e9se ut\u00e1n, 2019 okt\u00f3ber\u00e9ben \u00fagy d\u00f6nt\u00f6tt, hogy visszavonul. Ugyanebben az \u00e9vben rendszeresen szerepelt az Eurosport oldal\u00e1n, valamelyik nemzetk\u00f6zi verseny komment\u00e1torak\u00e9nt, ahol \u00e9l\u00e9nk sz\u00edn\u0171 ingkollekci\u00f3j\u00e1val elnyerte a n\u00e9z\u0151k sz\u00edv\u00e9t. Ami a jelenlegi riporteri p\u00e1lyafut\u00e1s\u00e1t \u00e9s a Tour-t illeti, Adam megjegyezte: <em>\u201eHossz\u00fa \u00e9s neh\u00e9z napok voltak, riporterk\u00e9nt eg\u00e9szen m\u00e1s r\u00e9szt venni a Tour-on, mint versenyz\u0151k\u00e9nt. De \u00e9lvezem, hogy most a m\u00e1sik oldalon \u00e1llok, hogy figyelhetek a sr\u00e1cokra, \u00e9s \u00e9rt\u00e9kelhetem, mennyire kem\u00e9nyen k\u00fczdenek. \u201d<\/em><\/p>\n<p>A k\u00f6zelm\u00faltban zajlott le a ZWIFT virtu\u00e1lis platformj\u00e1n a legels\u0151 n\u0151i virtu\u00e1lis Tour, amin Adam a Directeur Sportif szerep\u00e9t t\u00f6lt\u00f6tte be. Ahogy a fentiekb\u0151l mag\u00e1t\u00f3l \u00e9rtet\u0151d\u0151, Adam akt\u00edv t\u00e1mogat\u00f3ja, szervez\u0151je \u00e9s sz\u00f3sz\u00f3l\u00f3ja a n\u0151i ker\u00e9kp\u00e1ros rendezv\u00e9nyeknek \u00e9s projekteknek.<\/p>\n","protected":false},"excerpt":{"rendered":"<p>\u00d6sszehasonl\u00edtva profi ker\u00e9kp\u00e1ros karrierj\u00e9t jelenlegi munk\u00e1j\u00e1val, Adam Blythe a legszembet\u0171n\u0151bb k\u00fcl\u00f6nbs\u00e9get abban l\u00e1tja, hogy est\u00e9nk\u00e9nt b\u0171ntudat n\u00e9lk\u00fcl \u00e9lvezhet egy poh\u00e1r [&hellip;]<\/p>\n","protected":false},"author":71,"featured_media":8602,"comment_status":"open","ping_status":"open","sticky":false,"template":"","format":"standard","meta":{"footnotes":""},"categories":[8],"tags":[],"global-categories":[],"class_list":["post-8599","post","type-post","status-publish","format-standard","has-post-thumbnail","hentry","category-orszaguti-kerekpar"],"yoast_head":"<!-- This site is optimized with the Yoast SEO Premium plugin v25.3 (Yoast SEO v25.9) - https:\/\/yoast.com\/wordpress\/plugins\/seo\/ -->\n<title>Adam Blythe: \u201eSz\u00e9gyen, hogy nincs n\u0151i TdF a l\u00e1t\u00f3hat\u00e1ron\u201d<\/title>\n<meta name=\"description\" content=\"\u00d6sszehasonl\u00edtva profi ker\u00e9kp\u00e1ros karrierj\u00e9t jelenlegi munk\u00e1j\u00e1val, Adam Blythe a legszembet\u0171n\u0151bb k\u00fcl\u00f6nbs\u00e9get abban l\u00e1tja, hogy est\u00e9nk\u00e9nt b\u0171ntudat n\u00e9lk\u00fcl \u00e9lvezhet egy poh\u00e1r bort.\" \/>\n<meta name=\"robots\" content=\"index, follow, max-snippet:-1, max-image-preview:large, max-video-preview:-1\" \/>\n<link rel=\"canonical\" href=\"https:\/\/www.welovecycling.com\/hu\/orszaguti-kerekpar\/adam-blythe-szegyen-hogy-nincs-noi-tdf-a-latohataron\/\" \/>\n<meta property=\"og:locale\" content=\"hu_HU\" \/>\n<meta property=\"og:type\" content=\"article\" \/>\n<meta property=\"og:title\" content=\"Adam Blythe: \u201eSz\u00e9gyen, hogy nincs n\u0151i TdF a l\u00e1t\u00f3hat\u00e1ron\u201d\" \/>\n<meta property=\"og:description\" content=\"\u00d6sszehasonl\u00edtva profi ker\u00e9kp\u00e1ros karrierj\u00e9t jelenlegi munk\u00e1j\u00e1val, Adam Blythe a legszembet\u0171n\u0151bb k\u00fcl\u00f6nbs\u00e9get abban l\u00e1tja, hogy est\u00e9nk\u00e9nt b\u0171ntudat n\u00e9lk\u00fcl \u00e9lvezhet egy poh\u00e1r bort.\" \/>\n<meta property=\"og:url\" content=\"https:\/\/www.welovecycling.com\/hu\/orszaguti-kerekpar\/adam-blythe-szegyen-hogy-nincs-noi-tdf-a-latohataron\/\" \/>\n<meta property=\"og:site_name\" content=\"\u0160koda We Love Cycling - Magyarorsz\u00e1g\" \/>\n<meta property=\"article:publisher\" content=\"https:\/\/www.facebook.com\/WeLoveCyclingHungary\/\" \/>\n<meta property=\"article:published_time\" content=\"2020-09-24T07:00:03+00:00\" \/>\n<meta property=\"og:image\" content=\"https:\/\/d2p6e6u75xmxt8.cloudfront.net\/12\/2020\/09\/qq.jpg\" \/>\n\t<meta property=\"og:image:width\" content=\"1366\" \/>\n\t<meta property=\"og:image:height\" content=\"600\" \/>\n\t<meta property=\"og:image:type\" content=\"image\/jpeg\" \/>\n<meta name=\"author\" content=\"hegyizs\" \/>\n<meta name=\"twitter:card\" content=\"summary_large_image\" \/>\n<meta name=\"twitter:label1\" content=\"Written by\" \/>\n\t<meta name=\"twitter:data1\" content=\"Franti\u0161ka Bla\u017ekov\u00e1\" \/>\n\t<meta name=\"twitter:label2\" content=\"Est. reading time\" \/>\n\t<meta name=\"twitter:data2\" content=\"6\" \/>\n<script type=\"application\/ld+json\" class=\"yoast-schema-graph\">{\"@context\":\"https:\/\/schema.org\",\"@graph\":[{\"@type\":\"WebPage\",\"@id\":\"https:\/\/www.welovecycling.com\/hu\/orszaguti-kerekpar\/adam-blythe-szegyen-hogy-nincs-noi-tdf-a-latohataron\/\",\"url\":\"https:\/\/www.welovecycling.com\/hu\/orszaguti-kerekpar\/adam-blythe-szegyen-hogy-nincs-noi-tdf-a-latohataron\/\",\"name\":\"Adam Blythe: \u201eSz\u00e9gyen, hogy nincs n\u0151i TdF a l\u00e1t\u00f3hat\u00e1ron\u201d\",\"isPartOf\":{\"@id\":\"https:\/\/www.welovecycling.com\/hu\/#website\"},\"primaryImageOfPage\":{\"@id\":\"https:\/\/www.welovecycling.com\/hu\/orszaguti-kerekpar\/adam-blythe-szegyen-hogy-nincs-noi-tdf-a-latohataron\/#primaryimage\"},\"image\":{\"@id\":\"https:\/\/www.welovecycling.com\/hu\/orszaguti-kerekpar\/adam-blythe-szegyen-hogy-nincs-noi-tdf-a-latohataron\/#primaryimage\"},\"thumbnailUrl\":\"https:\/\/d2p6e6u75xmxt8.cloudfront.net\/12\/2020\/09\/qq.jpg\",\"datePublished\":\"2020-09-24T07:00:03+00:00\",\"author\":{\"@id\":\"https:\/\/www.welovecycling.com\/hu\/#\/schema\/person\/414a2aebf1801691a5320edb6468e194\"},\"description\":\"\u00d6sszehasonl\u00edtva profi ker\u00e9kp\u00e1ros karrierj\u00e9t jelenlegi munk\u00e1j\u00e1val, Adam Blythe a legszembet\u0171n\u0151bb k\u00fcl\u00f6nbs\u00e9get abban l\u00e1tja, hogy est\u00e9nk\u00e9nt b\u0171ntudat n\u00e9lk\u00fcl \u00e9lvezhet egy poh\u00e1r bort.\",\"breadcrumb\":{\"@id\":\"https:\/\/www.welovecycling.com\/hu\/orszaguti-kerekpar\/adam-blythe-szegyen-hogy-nincs-noi-tdf-a-latohataron\/#breadcrumb\"},\"inLanguage\":\"hu\",\"potentialAction\":[{\"@type\":\"ReadAction\",\"target\":[\"https:\/\/www.welovecycling.com\/hu\/orszaguti-kerekpar\/adam-blythe-szegyen-hogy-nincs-noi-tdf-a-latohataron\/\"]}]},{\"@type\":\"ImageObject\",\"inLanguage\":\"hu\",\"@id\":\"https:\/\/www.welovecycling.com\/hu\/orszaguti-kerekpar\/adam-blythe-szegyen-hogy-nincs-noi-tdf-a-latohataron\/#primaryimage\",\"url\":\"https:\/\/d2p6e6u75xmxt8.cloudfront.net\/12\/2020\/09\/qq.jpg\",\"contentUrl\":\"https:\/\/d2p6e6u75xmxt8.cloudfront.net\/12\/2020\/09\/qq.jpg\",\"width\":1366,\"height\":600,\"caption\":\"Adam Blythe, Keira McVitty, \u0160koda ENYAQ iV\"},{\"@type\":\"BreadcrumbList\",\"@id\":\"https:\/\/www.welovecycling.com\/hu\/orszaguti-kerekpar\/adam-blythe-szegyen-hogy-nincs-noi-tdf-a-latohataron\/#breadcrumb\",\"itemListElement\":[{\"@type\":\"ListItem\",\"position\":1,\"name\":\"Home\",\"item\":\"https:\/\/www.welovecycling.com\/hu\/\"},{\"@type\":\"ListItem\",\"position\":2,\"name\":\"Adam Blythe: \u201eSz\u00e9gyen, hogy nincs n\u0151i TdF a l\u00e1t\u00f3hat\u00e1ron\u201d\"}]},{\"@type\":\"WebSite\",\"@id\":\"https:\/\/www.welovecycling.com\/hu\/#website\",\"url\":\"https:\/\/www.welovecycling.com\/hu\/\",\"name\":\"\u0160koda We Love Cycling - Magyarorsz\u00e1g\",\"description\":\"\u0160koda WeLoveCycling\",\"potentialAction\":[{\"@type\":\"SearchAction\",\"target\":{\"@type\":\"EntryPoint\",\"urlTemplate\":\"https:\/\/www.welovecycling.com\/hu\/?s={search_term_string}\"},\"query-input\":{\"@type\":\"PropertyValueSpecification\",\"valueRequired\":true,\"valueName\":\"search_term_string\"}}],\"inLanguage\":\"hu\"},{\"@type\":\"Person\",\"@id\":\"https:\/\/www.welovecycling.com\/hu\/#\/schema\/person\/414a2aebf1801691a5320edb6468e194\",\"name\":\"hegyizs\",\"image\":{\"@type\":\"ImageObject\",\"inLanguage\":\"hu\",\"@id\":\"https:\/\/www.welovecycling.com\/hu\/#\/schema\/person\/image\/\",\"url\":\"https:\/\/secure.gravatar.com\/avatar\/02cf8a7906b8cf90cecb4679defac7cfd33a1c2e3b88e4903d947f3bb58eedd3?s=96&d=mm&r=g\",\"contentUrl\":\"https:\/\/secure.gravatar.com\/avatar\/02cf8a7906b8cf90cecb4679defac7cfd33a1c2e3b88e4903d947f3bb58eedd3?s=96&d=mm&r=g\",\"caption\":\"hegyizs\"},\"url\":\"https:\/\/www.welovecycling.com\/hu\/author\/hegyizs\/\"}]}<\/script>\n<!-- \/ Yoast SEO Premium plugin. -->","yoast_head_json":{"title":"Adam Blythe: \u201eSz\u00e9gyen, hogy nincs n\u0151i TdF a l\u00e1t\u00f3hat\u00e1ron\u201d","description":"\u00d6sszehasonl\u00edtva profi ker\u00e9kp\u00e1ros karrierj\u00e9t jelenlegi munk\u00e1j\u00e1val, Adam Blythe a legszembet\u0171n\u0151bb k\u00fcl\u00f6nbs\u00e9get abban l\u00e1tja, hogy est\u00e9nk\u00e9nt b\u0171ntudat n\u00e9lk\u00fcl \u00e9lvezhet egy poh\u00e1r bort.","robots":{"index":"index","follow":"follow","max-snippet":"max-snippet:-1","max-image-preview":"max-image-preview:large","max-video-preview":"max-video-preview:-1"},"canonical":"https:\/\/www.welovecycling.com\/hu\/orszaguti-kerekpar\/adam-blythe-szegyen-hogy-nincs-noi-tdf-a-latohataron\/","og_locale":"hu_HU","og_type":"article","og_title":"Adam Blythe: \u201eSz\u00e9gyen, hogy nincs n\u0151i TdF a l\u00e1t\u00f3hat\u00e1ron\u201d","og_description":"\u00d6sszehasonl\u00edtva profi ker\u00e9kp\u00e1ros karrierj\u00e9t jelenlegi munk\u00e1j\u00e1val, Adam Blythe a legszembet\u0171n\u0151bb k\u00fcl\u00f6nbs\u00e9get abban l\u00e1tja, hogy est\u00e9nk\u00e9nt b\u0171ntudat n\u00e9lk\u00fcl \u00e9lvezhet egy poh\u00e1r bort.","og_url":"https:\/\/www.welovecycling.com\/hu\/orszaguti-kerekpar\/adam-blythe-szegyen-hogy-nincs-noi-tdf-a-latohataron\/","og_site_name":"\u0160koda We Love Cycling - Magyarorsz\u00e1g","article_publisher":"https:\/\/www.facebook.com\/WeLoveCyclingHungary\/","article_published_time":"2020-09-24T07:00:03+00:00","og_image":[{"width":1366,"height":600,"url":"https:\/\/d2p6e6u75xmxt8.cloudfront.net\/12\/2020\/09\/qq.jpg","type":"image\/jpeg"}],"author":"hegyizs","twitter_card":"summary_large_image","twitter_misc":{"Written by":"Franti\u0161ka Bla\u017ekov\u00e1","Est. reading time":"6"},"schema":{"@context":"https:\/\/schema.org","@graph":[{"@type":"WebPage","@id":"https:\/\/www.welovecycling.com\/hu\/orszaguti-kerekpar\/adam-blythe-szegyen-hogy-nincs-noi-tdf-a-latohataron\/","url":"https:\/\/www.welovecycling.com\/hu\/orszaguti-kerekpar\/adam-blythe-szegyen-hogy-nincs-noi-tdf-a-latohataron\/","name":"Adam Blythe: \u201eSz\u00e9gyen, hogy nincs n\u0151i TdF a l\u00e1t\u00f3hat\u00e1ron\u201d","isPartOf":{"@id":"https:\/\/www.welovecycling.com\/hu\/#website"},"primaryImageOfPage":{"@id":"https:\/\/www.welovecycling.com\/hu\/orszaguti-kerekpar\/adam-blythe-szegyen-hogy-nincs-noi-tdf-a-latohataron\/#primaryimage"},"image":{"@id":"https:\/\/www.welovecycling.com\/hu\/orszaguti-kerekpar\/adam-blythe-szegyen-hogy-nincs-noi-tdf-a-latohataron\/#primaryimage"},"thumbnailUrl":"https:\/\/d2p6e6u75xmxt8.cloudfront.net\/12\/2020\/09\/qq.jpg","datePublished":"2020-09-24T07:00:03+00:00","author":{"@id":"https:\/\/www.welovecycling.com\/hu\/#\/schema\/person\/414a2aebf1801691a5320edb6468e194"},"description":"\u00d6sszehasonl\u00edtva profi ker\u00e9kp\u00e1ros karrierj\u00e9t jelenlegi munk\u00e1j\u00e1val, Adam Blythe a legszembet\u0171n\u0151bb k\u00fcl\u00f6nbs\u00e9get abban l\u00e1tja, hogy est\u00e9nk\u00e9nt b\u0171ntudat n\u00e9lk\u00fcl \u00e9lvezhet egy poh\u00e1r bort.","breadcrumb":{"@id":"https:\/\/www.welovecycling.com\/hu\/orszaguti-kerekpar\/adam-blythe-szegyen-hogy-nincs-noi-tdf-a-latohataron\/#breadcrumb"},"inLanguage":"hu","potentialAction":[{"@type":"ReadAction","target":["https:\/\/www.welovecycling.com\/hu\/orszaguti-kerekpar\/adam-blythe-szegyen-hogy-nincs-noi-tdf-a-latohataron\/"]}]},{"@type":"ImageObject","inLanguage":"hu","@id":"https:\/\/www.welovecycling.com\/hu\/orszaguti-kerekpar\/adam-blythe-szegyen-hogy-nincs-noi-tdf-a-latohataron\/#primaryimage","url":"https:\/\/d2p6e6u75xmxt8.cloudfront.net\/12\/2020\/09\/qq.jpg","contentUrl":"https:\/\/d2p6e6u75xmxt8.cloudfront.net\/12\/2020\/09\/qq.jpg","width":1366,"height":600,"caption":"Adam Blythe, Keira McVitty, \u0160koda ENYAQ iV"},{"@type":"BreadcrumbList","@id":"https:\/\/www.welovecycling.com\/hu\/orszaguti-kerekpar\/adam-blythe-szegyen-hogy-nincs-noi-tdf-a-latohataron\/#breadcrumb","itemListElement":[{"@type":"ListItem","position":1,"name":"Home","item":"https:\/\/www.welovecycling.com\/hu\/"},{"@type":"ListItem","position":2,"name":"Adam Blythe: \u201eSz\u00e9gyen, hogy nincs n\u0151i TdF a l\u00e1t\u00f3hat\u00e1ron\u201d"}]},{"@type":"WebSite","@id":"https:\/\/www.welovecycling.com\/hu\/#website","url":"https:\/\/www.welovecycling.com\/hu\/","name":"\u0160koda We Love Cycling - Magyarorsz\u00e1g","description":"\u0160koda WeLoveCycling","potentialAction":[{"@type":"SearchAction","target":{"@type":"EntryPoint","urlTemplate":"https:\/\/www.welovecycling.com\/hu\/?s={search_term_string}"},"query-input":{"@type":"PropertyValueSpecification","valueRequired":true,"valueName":"search_term_string"}}],"inLanguage":"hu"},{"@type":"Person","@id":"https:\/\/www.welovecycling.com\/hu\/#\/schema\/person\/414a2aebf1801691a5320edb6468e194","name":"hegyizs","image":{"@type":"ImageObject","inLanguage":"hu","@id":"https:\/\/www.welovecycling.com\/hu\/#\/schema\/person\/image\/","url":"https:\/\/secure.gravatar.com\/avatar\/02cf8a7906b8cf90cecb4679defac7cfd33a1c2e3b88e4903d947f3bb58eedd3?s=96&d=mm&r=g","contentUrl":"https:\/\/secure.gravatar.com\/avatar\/02cf8a7906b8cf90cecb4679defac7cfd33a1c2e3b88e4903d947f3bb58eedd3?s=96&d=mm&r=g","caption":"hegyizs"},"url":"https:\/\/www.welovecycling.com\/hu\/author\/hegyizs\/"}]}},"_links":{"self":[{"href":"https:\/\/www.welovecycling.com\/hu\/wp-json\/wp\/v2\/posts\/8599","targetHints":{"allow":["GET"]}}],"collection":[{"href":"https:\/\/www.welovecycling.com\/hu\/wp-json\/wp\/v2\/posts"}],"about":[{"href":"https:\/\/www.welovecycling.com\/hu\/wp-json\/wp\/v2\/types\/post"}],"author":[{"embeddable":true,"href":"https:\/\/www.welovecycling.com\/hu\/wp-json\/wp\/v2\/users\/71"}],"replies":[{"embeddable":true,"href":"https:\/\/www.welovecycling.com\/hu\/wp-json\/wp\/v2\/comments?post=8599"}],"version-history":[{"count":2,"href":"https:\/\/www.welovecycling.com\/hu\/wp-json\/wp\/v2\/posts\/8599\/revisions"}],"predecessor-version":[{"id":8614,"href":"https:\/\/www.welovecycling.com\/hu\/wp-json\/wp\/v2\/posts\/8599\/revisions\/8614"}],"wp:featuredmedia":[{"embeddable":true,"href":"https:\/\/www.welovecycling.com\/hu\/wp-json\/wp\/v2\/media\/8602"}],"wp:attachment":[{"href":"https:\/\/www.welovecycling.com\/hu\/wp-json\/wp\/v2\/media?parent=8599"}],"wp:term":[{"taxonomy":"category","embeddable":true,"href":"https:\/\/www.welovecycling.com\/hu\/wp-json\/wp\/v2\/categories?post=8599"},{"taxonomy":"post_tag","embeddable":true,"href":"https:\/\/www.welovecycling.com\/hu\/wp-json\/wp\/v2\/tags?post=8599"},{"taxonomy":"global-categories","embeddable":true,"href":"https:\/\/www.welovecycling.com\/hu\/wp-json\/wp\/v2\/global-categories?post=8599"}],"curies":[{"name":"wp","href":"https:\/\/api.w.org\/{rel}","templated":true}]}}