{"id":8593,"date":"2020-09-23T08:00:56","date_gmt":"2020-09-23T07:00:56","guid":{"rendered":"https:\/\/www.welovecycling.com\/hu\/?p=8593"},"modified":"2020-09-18T17:21:11","modified_gmt":"2020-09-18T16:21:11","slug":"matt-winston-a-sunweb-edzoje-es-a-tour-de-france","status":"publish","type":"post","link":"https:\/\/www.welovecycling.com\/hu\/orszaguti-kerekpar\/matt-winston-a-sunweb-edzoje-es-a-tour-de-france\/","title":{"rendered":"Matt Winston, a Sunweb edz\u0151je \u00e9s a Tour de France"},"content":{"rendered":"<p><strong>A sok izgalom, dics\u0151 pillanat \u00e9s csillog\u00e1s m\u00f6g\u00f6tt, amit a k\u00e9perny\u0151n l\u00e1tunk, kem\u00e9ny munka, a szem\u00e9lyzet odaad\u00e1sa \u00e9s rutinja \u00e1ll. A Sunweb csapata k\u00e9sz\u00edtett egy r\u00f6vid vide\u00f3t arr\u00f3l, hogy mi zajlik a Tour de France f\u00fcgg\u00f6nyei m\u00f6g\u00f6tt, az edz\u0151j\u00fck pedig beavatott minket a r\u00e9szletekbe is. A 9. szakaszt k\u00f6vet\u0151 pihen\u0151napon besz\u00e9lgett\u00fcnk Mr. Winstonnal. \u00c9s ahogy azt gondolhattuk, a pihen\u0151nap elnevez\u00e9s nem igaz\u00e1n illik ahhoz, ahogy az edz\u0151knek eltelik.<\/strong><\/p>\n<p><!--more--><\/p>\n<lite-youtube videoid=o-SZDnSaOwk params=\"enablejsapi=1\" style=\"background-image: url('https:\/\/i.ytimg.com\/vi_webp\/o-SZDnSaOwk\/maxresdefault.webp');\"><\/lite-youtube>\n<p>A vide\u00f3 elej\u00e9n Pim Heemskerk, a csapat szerel\u0151je a reggeli rutin alapjait fekteti \u00e9pp le. Ezut\u00e1n Matt Winston az egyik csapataut\u00f3b\u00f3l kisz\u00e1llva \u00fcdv\u00f6z\u00f6lt minket. Ezekben t\u00f6lti a Tour szakaszainak nagy r\u00e9sz\u00e9t, mindig a versenyz\u0151k nyom\u00e1ban van, mobil tan\u00e1csad\u00f3k\u00e9nt, m\u0171helyk\u00e9nt \u00e9s t\u00e1mogat\u00e1sk\u00e9nt funkcion\u00e1l. Matt nem r\u00e9g, 2019-ben csatlakozott a Sunweb csapathoz, mint edz\u0151. Ezt megel\u0151z\u0151en nyolc \u00e9ven \u00e1t edzette a brit ut\u00e1np\u00f3tl\u00e1s v\u00e1logatottat, jelenleg is dolgozik a ONE Pro Cycling csapat\u00e1val is.<\/p>\n<p>Biztosan nem volt k\u00f6nny\u0171 ez a v\u00e1lt\u00e1s: err\u0151l k\u00e9rdezt\u00fck el\u0151sz\u00f6r Winstont. <em>\u201eA csapat, akikkel kor\u00e1bban dolgoztam nem volt ilyen szinten, mint a mostani, sz\u00f3val igen, el\u00e9g nagy v\u00e1lt\u00e1s volt. Sokkal t\u00f6bb versenyre kell felk\u00e9sz\u00fcln\u00fcnk most, amik nagyobbak, \u00edgy a nyom\u00e1s is nagyobb, hogy j\u00f3l teljes\u00edts\u00fcnk rajtuk.\u201d<\/em><\/p>\n<p>A csapat edz\u0151je vezeti a csapataut\u00f3t is. Arra voltunk k\u00edv\u00e1ncsiak, hogy hogyan lehet megtanulni ilyen \u00f3vatosan lav\u00edrozni a ker\u00e9kp\u00e1rosok t\u00f6meg\u00e9ben \u00e9s a t\u00f6bbi j\u00e1rm\u0171 k\u00f6z\u00f6tt. \u201e<em>Tapasztalat k\u00e9rd\u00e9se. A nagy versenyeken k\u00e9t edz\u0151 \u00fcl az aut\u00f3kban, m\u00e1shol csak egy, aki vezet \u00e9s utas\u00edt\u00e1sokat ad a r\u00e1di\u00f3n kereszt\u00fcl, egyszerre. Az olyan versenyeken, mint a Tour de France, sokkal t\u00f6bb a versenyz\u0151 \u00e9s a n\u00e9z\u0151 is, \u00edgy van egy, aki csak a vezet\u00e9sre koncentr\u00e1l, egy m\u00e1sik pedig a versenyre \u00e9s a taktik\u00e1ra. Az aut\u00f3t vezet\u0151 emberek t\u00f6bbs\u00e9ge ker\u00e9kp\u00e1ros volt, mindannyian bicikliz\u00fcnk, \u00edgy meg tudjuk tippelni, merre mozdulnak majd el\u0151tt\u00fcnk. \u201d<\/em><\/p>\n<p><img loading=\"lazy\" decoding=\"async\" class=\"alignnone size-full wp-image-8595\" src=\"https:\/\/d2p6e6u75xmxt8.cloudfront.net\/12\/2020\/09\/WLC_TDF_Infographic_7.jpg\" alt=\"\" width=\"2160\" height=\"2160\" srcset=\"https:\/\/d2p6e6u75xmxt8.cloudfront.net\/12\/2020\/09\/WLC_TDF_Infographic_7.jpg 2160w, https:\/\/d2p6e6u75xmxt8.cloudfront.net\/12\/2020\/09\/WLC_TDF_Infographic_7-300x300.jpg 300w, https:\/\/d2p6e6u75xmxt8.cloudfront.net\/12\/2020\/09\/WLC_TDF_Infographic_7-1024x1024.jpg 1024w, https:\/\/d2p6e6u75xmxt8.cloudfront.net\/12\/2020\/09\/WLC_TDF_Infographic_7-150x150.jpg 150w, https:\/\/d2p6e6u75xmxt8.cloudfront.net\/12\/2020\/09\/WLC_TDF_Infographic_7-768x768.jpg 768w, https:\/\/d2p6e6u75xmxt8.cloudfront.net\/12\/2020\/09\/WLC_TDF_Infographic_7-1536x1536.jpg 1536w, https:\/\/d2p6e6u75xmxt8.cloudfront.net\/12\/2020\/09\/WLC_TDF_Infographic_7-2048x2048.jpg 2048w, https:\/\/d2p6e6u75xmxt8.cloudfront.net\/12\/2020\/09\/WLC_TDF_Infographic_7-1920x1920.jpg 1920w, https:\/\/d2p6e6u75xmxt8.cloudfront.net\/12\/2020\/09\/WLC_TDF_Infographic_7-1920x1920.jpg 1920w\" sizes=\"auto, (max-width: 2160px) 100vw, 2160px\" \/><\/p>\n<p>Nem fordulhat el\u0151 baleset, nincs id\u0151 izgalmakra. Hogy mi volt a legdurv\u00e1bb dolog, aminek Matt szemtan\u00faja volt? Mint kider\u00fclt, eg\u00e9szen friss az \u00e9lm\u00e9ny. <em>\u201eAzt hiszem a tegnapi volt a legizgalmasabb: Marck Hirschi 85 km-en \u00e1t tekert egyed\u00fcl egy sz\u00f6k\u00e9s ut\u00e1n, az utols\u00f3 k\u00e9t kilom\u00e9teren \u00e9rt\u00e9k utol, de m\u00e9g \u00edgy is harmadik lett. Nagyon hektikus \u00e9s mozgalmas nap volt, de ugyanennyire izgalmas is.\u201d<\/em><\/p>\n<p>A csapat aut\u00f3inak k\u00e9szen kell \u00e1llniuk mindenre, ami a versenyz\u0151ket \u00e9rheti, \u00edgy t\u00f6k\u00e9letesen felszereltek. Ahogy Matt elmondta nek\u00fcnk: <em>\u201eNyolc versenyz\u0151nk van a versenyen, \u00e9s a tet\u0151n mindegyik\u0151j\u00fcknek van egy biciklije. Mindig van k\u00e9t aut\u00f3nk, ami nyolc-nyolc p\u00f3tker\u00e9kp\u00e1rt sz\u00e1ll\u00edt. \u00d6sszess\u00e9g\u00e9ben minden versenyz\u0151nek h\u00e1rom ker\u00e9kp\u00e1rja van a teljes verseny alatt, \u00e9s minden aut\u00f3 nyolcat sz\u00e1ll\u00edt.\u201d <\/em><\/p>\n<p>Az aut\u00f3ban l\u00e9v\u0151 csapat edz\u0151j\u00e9nek gyakran m\u00e1sodpercek alatt, a verseny k\u00f6zep\u00e9n kell d\u00f6nt\u00e9seket hoznia. Hogy melyik volt a legnehezebb Matt sz\u00e1m\u00e1ra? <em>\u201eN\u00e9h\u00e1ny nappal ezel\u0151tt t\u00f6rt\u00e9nt egy sprint szakaszban, hogy a sprinter\u00fcnk lemaradt, ez\u00e9rt \u00fagy d\u00f6nt\u00f6tt\u00fcnk, hogy az eg\u00e9sz csapatnak v\u00e1rnia kell, hogy megpr\u00f3b\u00e1lj\u00e1k seg\u00edteni \u0151t. Ez sajnos nem siker\u00fclt, ami azt jelenti, hogy mindenki lemaradt a versenyr\u0151l. Egy ilyen d\u00f6nt\u00e9st nem k\u00f6nny\u0171 meghozni. Ha m\u0171k\u00f6dik, akkor mindenki boldog; ha nem, akkor nem annyira. De mit akarunk el\u00e9rni? Nyerni akarunk. Ehhez pedig j\u00e1tszanunk kell.\u201d<\/em><\/p>\n<figure id=\"attachment_8596\" aria-describedby=\"caption-attachment-8596\" style=\"width: 1250px\" class=\"wp-caption alignnone\"><img loading=\"lazy\" decoding=\"async\" class=\"size-full wp-image-8596\" src=\"https:\/\/d2p6e6u75xmxt8.cloudfront.net\/12\/2020\/09\/profimedia-0557675225.jpg\" alt=\"Team Sunweb\" width=\"1250\" height=\"834\" srcset=\"https:\/\/d2p6e6u75xmxt8.cloudfront.net\/12\/2020\/09\/profimedia-0557675225.jpg 1250w, https:\/\/d2p6e6u75xmxt8.cloudfront.net\/12\/2020\/09\/profimedia-0557675225-300x200.jpg 300w, https:\/\/d2p6e6u75xmxt8.cloudfront.net\/12\/2020\/09\/profimedia-0557675225-1024x683.jpg 1024w, https:\/\/d2p6e6u75xmxt8.cloudfront.net\/12\/2020\/09\/profimedia-0557675225-768x512.jpg 768w, https:\/\/d2p6e6u75xmxt8.cloudfront.net\/12\/2020\/09\/profimedia-0557675225-272x182.jpg 272w\" sizes=\"auto, (max-width: 1250px) 100vw, 1250px\" \/><figcaption id=\"caption-attachment-8596\" class=\"wp-caption-text\"><em>Soren Kragh Andersen \u00fcnnepel a 14. szakasz ut\u00e1n. \u00a9 EPA-EFE<\/em><\/figcaption><\/figure>\n<p>A versenyz\u0151k ment\u00e1lis j\u00f3l\u00e9t\u00e9re is gondolni kell, hiszen hossz\u00fa ideig tart\u00f3 nyom\u00e1snak vannak kit\u00e9ve. Arra a k\u00e9rd\u00e9sre, hogy Matt hogyan lazul le a Tour alatt \u00e9s ut\u00e1n, \u00edgy v\u00e1laszolt: <em>\u201ePr\u00f3b\u00e1lok egy kicsit biciklizni reggel a verseny el\u0151tt, ha van r\u00e1 id\u0151m. A Tour ut\u00e1n egyenesen a Giro-ra kell mennem. P\u00e1rizsb\u00f3l Szic\u00edli\u00e1ba fogok vezetni, \u00edgy tal\u00e1n kiveszek egy hetet, hogy laz\u00e1n, r\u00e1\u00e9r\u0151sen tegyem meg az utat. A k\u00f6vetkez\u0151 verseny el\u0151tt elt\u00f6lt\u00f6k egy kis id\u0151t Toszk\u00e1n\u00e1ban \u00e9s Szic\u00edli\u00e1ban.\u201d<\/em><\/p>\n<p>K\u00f6sz\u00f6nj\u00fck, hogy id\u0151t sz\u00e1nt\u00e1l r\u00e1nk, Matt!<\/p>\n","protected":false},"excerpt":{"rendered":"<p>A sok izgalom, dics\u0151 pillanat \u00e9s csillog\u00e1s m\u00f6g\u00f6tt, amit a k\u00e9perny\u0151n l\u00e1tunk, kem\u00e9ny munka, a szem\u00e9lyzet odaad\u00e1sa \u00e9s rutinja \u00e1ll. [&hellip;]<\/p>\n","protected":false},"author":71,"featured_media":8598,"comment_status":"open","ping_status":"open","sticky":false,"template":"","format":"standard","meta":{"footnotes":""},"categories":[8],"tags":[441],"global-categories":[],"class_list":["post-8593","post","type-post","status-publish","format-standard","has-post-thumbnail","hentry","category-orszaguti-kerekpar","tag-tour-de-france-2020"],"yoast_head":"<!-- This site is optimized with the Yoast SEO Premium plugin v25.3 (Yoast SEO v25.9) - https:\/\/yoast.com\/wordpress\/plugins\/seo\/ -->\n<title>Matt Winston, a Sunweb edz\u0151je \u00e9s a Tour de France<\/title>\n<meta name=\"description\" content=\"A sok izgalom, dics\u0151 pillanat \u00e9s csillog\u00e1s m\u00f6g\u00f6tt, amit a k\u00e9perny\u0151n l\u00e1tunk, kem\u00e9ny munka, a szem\u00e9lyzet odaad\u00e1sa \u00e9s rutinja \u00e1ll.\" \/>\n<meta name=\"robots\" content=\"index, follow, max-snippet:-1, max-image-preview:large, max-video-preview:-1\" \/>\n<link rel=\"canonical\" href=\"https:\/\/www.welovecycling.com\/hu\/orszaguti-kerekpar\/matt-winston-a-sunweb-edzoje-es-a-tour-de-france\/\" \/>\n<meta property=\"og:locale\" content=\"hu_HU\" \/>\n<meta property=\"og:type\" content=\"article\" \/>\n<meta property=\"og:title\" content=\"Matt Winston, a Sunweb edz\u0151je \u00e9s a Tour de France\" \/>\n<meta property=\"og:description\" content=\"A sok izgalom, dics\u0151 pillanat \u00e9s csillog\u00e1s m\u00f6g\u00f6tt, amit a k\u00e9perny\u0151n l\u00e1tunk, kem\u00e9ny munka, a szem\u00e9lyzet odaad\u00e1sa \u00e9s rutinja \u00e1ll. A Sunweb csapata k\u00e9sz\u00edtett egy r\u00f6vid vide\u00f3t arr\u00f3l, hogy mi zajlik a Tour de France f\u00fcgg\u00f6nyei m\u00f6g\u00f6tt, az edz\u0151j\u00fck pedig beavatott minket a r\u00e9szletekbe is. A 9. szakaszt k\u00f6vet\u0151 pihen\u0151napon besz\u00e9lgett\u00fcnk Mr. Winstonnal. \u00c9s ahogy azt gondolhattuk, a pihen\u0151nap elnevez\u00e9s nem igaz\u00e1n illik ahhoz, ahogy az edz\u0151knek eltelik.\" \/>\n<meta property=\"og:url\" content=\"https:\/\/www.welovecycling.com\/hu\/orszaguti-kerekpar\/matt-winston-a-sunweb-edzoje-es-a-tour-de-france\/\" \/>\n<meta property=\"og:site_name\" content=\"\u0160koda We Love Cycling - Magyarorsz\u00e1g\" \/>\n<meta property=\"article:publisher\" content=\"https:\/\/www.facebook.com\/WeLoveCyclingHungary\/\" \/>\n<meta property=\"article:published_time\" content=\"2020-09-23T07:00:56+00:00\" \/>\n<meta property=\"og:image\" content=\"https:\/\/d2p6e6u75xmxt8.cloudfront.net\/12\/2020\/09\/Sunweb-Team-CVR-1.jpg\" \/>\n\t<meta property=\"og:image:width\" content=\"1366\" \/>\n\t<meta property=\"og:image:height\" content=\"600\" \/>\n\t<meta property=\"og:image:type\" content=\"image\/jpeg\" \/>\n<meta name=\"author\" content=\"hegyizs\" \/>\n<meta name=\"twitter:card\" content=\"summary_large_image\" \/>\n<meta name=\"twitter:title\" content=\"Matt Winston, a Sunweb edz\u0151je \u00e9s a Tour de France\" \/>\n<meta name=\"twitter:label1\" content=\"Written by\" \/>\n\t<meta name=\"twitter:data1\" content=\"Frantiska Blazkova\" \/>\n\t<meta name=\"twitter:label2\" content=\"Est. reading time\" \/>\n\t<meta name=\"twitter:data2\" content=\"5\" \/>\n<script type=\"application\/ld+json\" class=\"yoast-schema-graph\">{\"@context\":\"https:\/\/schema.org\",\"@graph\":[{\"@type\":\"WebPage\",\"@id\":\"https:\/\/www.welovecycling.com\/hu\/orszaguti-kerekpar\/matt-winston-a-sunweb-edzoje-es-a-tour-de-france\/\",\"url\":\"https:\/\/www.welovecycling.com\/hu\/orszaguti-kerekpar\/matt-winston-a-sunweb-edzoje-es-a-tour-de-france\/\",\"name\":\"Matt Winston, a Sunweb edz\u0151je \u00e9s a Tour de France\",\"isPartOf\":{\"@id\":\"https:\/\/www.welovecycling.com\/hu\/#website\"},\"primaryImageOfPage\":{\"@id\":\"https:\/\/www.welovecycling.com\/hu\/orszaguti-kerekpar\/matt-winston-a-sunweb-edzoje-es-a-tour-de-france\/#primaryimage\"},\"image\":{\"@id\":\"https:\/\/www.welovecycling.com\/hu\/orszaguti-kerekpar\/matt-winston-a-sunweb-edzoje-es-a-tour-de-france\/#primaryimage\"},\"thumbnailUrl\":\"https:\/\/d2p6e6u75xmxt8.cloudfront.net\/12\/2020\/09\/Sunweb-Team-CVR-1.jpg\",\"datePublished\":\"2020-09-23T07:00:56+00:00\",\"author\":{\"@id\":\"https:\/\/www.welovecycling.com\/hu\/#\/schema\/person\/414a2aebf1801691a5320edb6468e194\"},\"description\":\"A sok izgalom, dics\u0151 pillanat \u00e9s csillog\u00e1s m\u00f6g\u00f6tt, amit a k\u00e9perny\u0151n l\u00e1tunk, kem\u00e9ny munka, a szem\u00e9lyzet odaad\u00e1sa \u00e9s rutinja \u00e1ll.\",\"breadcrumb\":{\"@id\":\"https:\/\/www.welovecycling.com\/hu\/orszaguti-kerekpar\/matt-winston-a-sunweb-edzoje-es-a-tour-de-france\/#breadcrumb\"},\"inLanguage\":\"hu\",\"potentialAction\":[{\"@type\":\"ReadAction\",\"target\":[\"https:\/\/www.welovecycling.com\/hu\/orszaguti-kerekpar\/matt-winston-a-sunweb-edzoje-es-a-tour-de-france\/\"]}]},{\"@type\":\"ImageObject\",\"inLanguage\":\"hu\",\"@id\":\"https:\/\/www.welovecycling.com\/hu\/orszaguti-kerekpar\/matt-winston-a-sunweb-edzoje-es-a-tour-de-france\/#primaryimage\",\"url\":\"https:\/\/d2p6e6u75xmxt8.cloudfront.net\/12\/2020\/09\/Sunweb-Team-CVR-1.jpg\",\"contentUrl\":\"https:\/\/d2p6e6u75xmxt8.cloudfront.net\/12\/2020\/09\/Sunweb-Team-CVR-1.jpg\",\"width\":1366,\"height\":600,\"caption\":\"Team Sunweb\"},{\"@type\":\"BreadcrumbList\",\"@id\":\"https:\/\/www.welovecycling.com\/hu\/orszaguti-kerekpar\/matt-winston-a-sunweb-edzoje-es-a-tour-de-france\/#breadcrumb\",\"itemListElement\":[{\"@type\":\"ListItem\",\"position\":1,\"name\":\"Home\",\"item\":\"https:\/\/www.welovecycling.com\/hu\/\"},{\"@type\":\"ListItem\",\"position\":2,\"name\":\"Matt Winston, a Sunweb edz\u0151je \u00e9s a Tour de France\"}]},{\"@type\":\"WebSite\",\"@id\":\"https:\/\/www.welovecycling.com\/hu\/#website\",\"url\":\"https:\/\/www.welovecycling.com\/hu\/\",\"name\":\"\u0160koda We Love Cycling - Magyarorsz\u00e1g\",\"description\":\"\u0160koda WeLoveCycling\",\"potentialAction\":[{\"@type\":\"SearchAction\",\"target\":{\"@type\":\"EntryPoint\",\"urlTemplate\":\"https:\/\/www.welovecycling.com\/hu\/?s={search_term_string}\"},\"query-input\":{\"@type\":\"PropertyValueSpecification\",\"valueRequired\":true,\"valueName\":\"search_term_string\"}}],\"inLanguage\":\"hu\"},{\"@type\":\"Person\",\"@id\":\"https:\/\/www.welovecycling.com\/hu\/#\/schema\/person\/414a2aebf1801691a5320edb6468e194\",\"name\":\"hegyizs\",\"image\":{\"@type\":\"ImageObject\",\"inLanguage\":\"hu\",\"@id\":\"https:\/\/www.welovecycling.com\/hu\/#\/schema\/person\/image\/\",\"url\":\"https:\/\/secure.gravatar.com\/avatar\/02cf8a7906b8cf90cecb4679defac7cfd33a1c2e3b88e4903d947f3bb58eedd3?s=96&d=mm&r=g\",\"contentUrl\":\"https:\/\/secure.gravatar.com\/avatar\/02cf8a7906b8cf90cecb4679defac7cfd33a1c2e3b88e4903d947f3bb58eedd3?s=96&d=mm&r=g\",\"caption\":\"hegyizs\"},\"url\":\"https:\/\/www.welovecycling.com\/hu\/author\/hegyizs\/\"}]}<\/script>\n<!-- \/ Yoast SEO Premium plugin. -->","yoast_head_json":{"title":"Matt Winston, a Sunweb edz\u0151je \u00e9s a Tour de France","description":"A sok izgalom, dics\u0151 pillanat \u00e9s csillog\u00e1s m\u00f6g\u00f6tt, amit a k\u00e9perny\u0151n l\u00e1tunk, kem\u00e9ny munka, a szem\u00e9lyzet odaad\u00e1sa \u00e9s rutinja \u00e1ll.","robots":{"index":"index","follow":"follow","max-snippet":"max-snippet:-1","max-image-preview":"max-image-preview:large","max-video-preview":"max-video-preview:-1"},"canonical":"https:\/\/www.welovecycling.com\/hu\/orszaguti-kerekpar\/matt-winston-a-sunweb-edzoje-es-a-tour-de-france\/","og_locale":"hu_HU","og_type":"article","og_title":"Matt Winston, a Sunweb edz\u0151je \u00e9s a Tour de France","og_description":"A sok izgalom, dics\u0151 pillanat \u00e9s csillog\u00e1s m\u00f6g\u00f6tt, amit a k\u00e9perny\u0151n l\u00e1tunk, kem\u00e9ny munka, a szem\u00e9lyzet odaad\u00e1sa \u00e9s rutinja \u00e1ll. A Sunweb csapata k\u00e9sz\u00edtett egy r\u00f6vid vide\u00f3t arr\u00f3l, hogy mi zajlik a Tour de France f\u00fcgg\u00f6nyei m\u00f6g\u00f6tt, az edz\u0151j\u00fck pedig beavatott minket a r\u00e9szletekbe is. A 9. szakaszt k\u00f6vet\u0151 pihen\u0151napon besz\u00e9lgett\u00fcnk Mr. Winstonnal. \u00c9s ahogy azt gondolhattuk, a pihen\u0151nap elnevez\u00e9s nem igaz\u00e1n illik ahhoz, ahogy az edz\u0151knek eltelik.","og_url":"https:\/\/www.welovecycling.com\/hu\/orszaguti-kerekpar\/matt-winston-a-sunweb-edzoje-es-a-tour-de-france\/","og_site_name":"\u0160koda We Love Cycling - Magyarorsz\u00e1g","article_publisher":"https:\/\/www.facebook.com\/WeLoveCyclingHungary\/","article_published_time":"2020-09-23T07:00:56+00:00","og_image":[{"width":1366,"height":600,"url":"https:\/\/d2p6e6u75xmxt8.cloudfront.net\/12\/2020\/09\/Sunweb-Team-CVR-1.jpg","type":"image\/jpeg"}],"author":"hegyizs","twitter_card":"summary_large_image","twitter_title":"Matt Winston, a Sunweb edz\u0151je \u00e9s a Tour de France","twitter_misc":{"Written by":"Frantiska Blazkova","Est. reading time":"5"},"schema":{"@context":"https:\/\/schema.org","@graph":[{"@type":"WebPage","@id":"https:\/\/www.welovecycling.com\/hu\/orszaguti-kerekpar\/matt-winston-a-sunweb-edzoje-es-a-tour-de-france\/","url":"https:\/\/www.welovecycling.com\/hu\/orszaguti-kerekpar\/matt-winston-a-sunweb-edzoje-es-a-tour-de-france\/","name":"Matt Winston, a Sunweb edz\u0151je \u00e9s a Tour de France","isPartOf":{"@id":"https:\/\/www.welovecycling.com\/hu\/#website"},"primaryImageOfPage":{"@id":"https:\/\/www.welovecycling.com\/hu\/orszaguti-kerekpar\/matt-winston-a-sunweb-edzoje-es-a-tour-de-france\/#primaryimage"},"image":{"@id":"https:\/\/www.welovecycling.com\/hu\/orszaguti-kerekpar\/matt-winston-a-sunweb-edzoje-es-a-tour-de-france\/#primaryimage"},"thumbnailUrl":"https:\/\/d2p6e6u75xmxt8.cloudfront.net\/12\/2020\/09\/Sunweb-Team-CVR-1.jpg","datePublished":"2020-09-23T07:00:56+00:00","author":{"@id":"https:\/\/www.welovecycling.com\/hu\/#\/schema\/person\/414a2aebf1801691a5320edb6468e194"},"description":"A sok izgalom, dics\u0151 pillanat \u00e9s csillog\u00e1s m\u00f6g\u00f6tt, amit a k\u00e9perny\u0151n l\u00e1tunk, kem\u00e9ny munka, a szem\u00e9lyzet odaad\u00e1sa \u00e9s rutinja \u00e1ll.","breadcrumb":{"@id":"https:\/\/www.welovecycling.com\/hu\/orszaguti-kerekpar\/matt-winston-a-sunweb-edzoje-es-a-tour-de-france\/#breadcrumb"},"inLanguage":"hu","potentialAction":[{"@type":"ReadAction","target":["https:\/\/www.welovecycling.com\/hu\/orszaguti-kerekpar\/matt-winston-a-sunweb-edzoje-es-a-tour-de-france\/"]}]},{"@type":"ImageObject","inLanguage":"hu","@id":"https:\/\/www.welovecycling.com\/hu\/orszaguti-kerekpar\/matt-winston-a-sunweb-edzoje-es-a-tour-de-france\/#primaryimage","url":"https:\/\/d2p6e6u75xmxt8.cloudfront.net\/12\/2020\/09\/Sunweb-Team-CVR-1.jpg","contentUrl":"https:\/\/d2p6e6u75xmxt8.cloudfront.net\/12\/2020\/09\/Sunweb-Team-CVR-1.jpg","width":1366,"height":600,"caption":"Team Sunweb"},{"@type":"BreadcrumbList","@id":"https:\/\/www.welovecycling.com\/hu\/orszaguti-kerekpar\/matt-winston-a-sunweb-edzoje-es-a-tour-de-france\/#breadcrumb","itemListElement":[{"@type":"ListItem","position":1,"name":"Home","item":"https:\/\/www.welovecycling.com\/hu\/"},{"@type":"ListItem","position":2,"name":"Matt Winston, a Sunweb edz\u0151je \u00e9s a Tour de France"}]},{"@type":"WebSite","@id":"https:\/\/www.welovecycling.com\/hu\/#website","url":"https:\/\/www.welovecycling.com\/hu\/","name":"\u0160koda We Love Cycling - Magyarorsz\u00e1g","description":"\u0160koda WeLoveCycling","potentialAction":[{"@type":"SearchAction","target":{"@type":"EntryPoint","urlTemplate":"https:\/\/www.welovecycling.com\/hu\/?s={search_term_string}"},"query-input":{"@type":"PropertyValueSpecification","valueRequired":true,"valueName":"search_term_string"}}],"inLanguage":"hu"},{"@type":"Person","@id":"https:\/\/www.welovecycling.com\/hu\/#\/schema\/person\/414a2aebf1801691a5320edb6468e194","name":"hegyizs","image":{"@type":"ImageObject","inLanguage":"hu","@id":"https:\/\/www.welovecycling.com\/hu\/#\/schema\/person\/image\/","url":"https:\/\/secure.gravatar.com\/avatar\/02cf8a7906b8cf90cecb4679defac7cfd33a1c2e3b88e4903d947f3bb58eedd3?s=96&d=mm&r=g","contentUrl":"https:\/\/secure.gravatar.com\/avatar\/02cf8a7906b8cf90cecb4679defac7cfd33a1c2e3b88e4903d947f3bb58eedd3?s=96&d=mm&r=g","caption":"hegyizs"},"url":"https:\/\/www.welovecycling.com\/hu\/author\/hegyizs\/"}]}},"_links":{"self":[{"href":"https:\/\/www.welovecycling.com\/hu\/wp-json\/wp\/v2\/posts\/8593","targetHints":{"allow":["GET"]}}],"collection":[{"href":"https:\/\/www.welovecycling.com\/hu\/wp-json\/wp\/v2\/posts"}],"about":[{"href":"https:\/\/www.welovecycling.com\/hu\/wp-json\/wp\/v2\/types\/post"}],"author":[{"embeddable":true,"href":"https:\/\/www.welovecycling.com\/hu\/wp-json\/wp\/v2\/users\/71"}],"replies":[{"embeddable":true,"href":"https:\/\/www.welovecycling.com\/hu\/wp-json\/wp\/v2\/comments?post=8593"}],"version-history":[{"count":2,"href":"https:\/\/www.welovecycling.com\/hu\/wp-json\/wp\/v2\/posts\/8593\/revisions"}],"predecessor-version":[{"id":8613,"href":"https:\/\/www.welovecycling.com\/hu\/wp-json\/wp\/v2\/posts\/8593\/revisions\/8613"}],"wp:featuredmedia":[{"embeddable":true,"href":"https:\/\/www.welovecycling.com\/hu\/wp-json\/wp\/v2\/media\/8598"}],"wp:attachment":[{"href":"https:\/\/www.welovecycling.com\/hu\/wp-json\/wp\/v2\/media?parent=8593"}],"wp:term":[{"taxonomy":"category","embeddable":true,"href":"https:\/\/www.welovecycling.com\/hu\/wp-json\/wp\/v2\/categories?post=8593"},{"taxonomy":"post_tag","embeddable":true,"href":"https:\/\/www.welovecycling.com\/hu\/wp-json\/wp\/v2\/tags?post=8593"},{"taxonomy":"global-categories","embeddable":true,"href":"https:\/\/www.welovecycling.com\/hu\/wp-json\/wp\/v2\/global-categories?post=8593"}],"curies":[{"name":"wp","href":"https:\/\/api.w.org\/{rel}","templated":true}]}}