{"id":8588,"date":"2020-09-22T08:00:33","date_gmt":"2020-09-22T07:00:33","guid":{"rendered":"https:\/\/www.welovecycling.com\/hu\/?p=8588"},"modified":"2020-09-18T17:20:32","modified_gmt":"2020-09-18T16:20:32","slug":"eugene-christopher-aki-egy-kovacsmuhelyben-javitotta-meg-a-villajat-a-tour-alatt","status":"publish","type":"post","link":"https:\/\/www.welovecycling.com\/hu\/orszaguti-kerekpar\/eugene-christopher-aki-egy-kovacsmuhelyben-javitotta-meg-a-villajat-a-tour-alatt\/","title":{"rendered":"Eugene Christopher, aki egy kov\u00e1csm\u0171helyben jav\u00edtotta meg a vill\u00e1j\u00e1t a Tour alatt"},"content":{"rendered":"<p><strong>A modern Tour de France versenyz\u0151inek nem kell t\u00fals\u00e1gosan agg\u00f3dniuk a technikai probl\u00e9m\u00e1k miatt. Legt\u00f6bbsz\u00f6r viszonylag k\u00f6nny\u0171 cserebiciklit szerezni, ha valami nem stimmel. Ez azonban nem volt mindig \u00edgy. Hogyan k\u00fczd\u00f6ttek meg a versenyz\u0151k a t\u00f6nkrement alkatr\u00e9szekkel abban az id\u0151ben, amikor nem t\u00e1mogatta \u0151ket egy teljes szak\u00e9rt\u0151i csapat?<\/strong><\/p>\n<p><!--more--><\/p>\n<p>Az 1913-as Tour volt az els\u0151, amely az \u00f3ramutat\u00f3 j\u00e1r\u00e1s\u00e1val ellent\u00e9tes ir\u00e1nyban vezette k\u00f6rbe a ker\u00e9kp\u00e1rosokat Franciaorsz\u00e1gon. Ez volt az eddigi leghosszabb \u00fatvonal a maga 5388 km-\u00e9vel, \u00e9s az egyik nagy kedvenc, a francia Eugene Christophe \u00f6lni tudott volna a gy\u0151zelem\u00e9rt.<\/p>\n<p>Christophe 4 perccel volt elmaradva az 1912-es gy\u0151ztes, Odile Defraye m\u00f6g\u00f6tt, amikor a mez\u0151ny meg\u00e9rkezett a Pireneusi-hegys\u00e9gbe. Az volt a terve, hogy a legend\u00e1s hegyi szakaszban t\u00e1mad. Ezt sikeresen meg is tette, \u00e9s az izomf\u00e1jdalmakkal k\u00fczd\u0151 Defraye t\u00f6bb mint egy \u00f3r\u00e1s lemarad\u00e1ssal \u00e9rte el a Tourmalet alj\u00e1t, ahol feladta a versenyt. Az egyetlen l\u00e1t\u00f3t\u00e1vols\u00e1gon bel\u00fcl l\u00e9v\u0151 versenyz\u0151 a belga Philippe Thys volt, de csod\u00e1ra lett volna sz\u00fcks\u00e9ge a felz\u00e1rk\u00f3z\u00e1shoz.<\/p>\n<figure id=\"attachment_8589\" aria-describedby=\"caption-attachment-8589\" style=\"width: 1024px\" class=\"wp-caption alignnone\"><a href=\"https:\/\/d2p6e6u75xmxt8.cloudfront.net\/2\/2020\/09\/profimedia-0286570057-1.jpg\"><img loading=\"lazy\" decoding=\"async\" class=\"wp-image-8589 size-large\" src=\"https:\/\/d2p6e6u75xmxt8.cloudfront.net\/12\/2020\/09\/profimedia-0286570057-1-1024x865.jpg\" alt=\"Eug\u00e8ne Christophe 1912\" width=\"1024\" height=\"865\" srcset=\"https:\/\/d2p6e6u75xmxt8.cloudfront.net\/12\/2020\/09\/profimedia-0286570057-1-1024x865.jpg 1024w, https:\/\/d2p6e6u75xmxt8.cloudfront.net\/12\/2020\/09\/profimedia-0286570057-1-300x253.jpg 300w, https:\/\/d2p6e6u75xmxt8.cloudfront.net\/12\/2020\/09\/profimedia-0286570057-1-768x648.jpg 768w, https:\/\/d2p6e6u75xmxt8.cloudfront.net\/12\/2020\/09\/profimedia-0286570057-1.jpg 1266w\" sizes=\"auto, (max-width: 1024px) 100vw, 1024px\" \/><\/a><figcaption id=\"caption-attachment-8589\" class=\"wp-caption-text\"><em>Christophe 1920-ben. \u00a9 Profimedia<\/em><\/figcaption><\/figure>\n<p>Christophe felrep\u00fclt a f\u00f6ld\u00faton, hogy el\u00e9rje a Tourmalet tetej\u00e9t, ahol levette a h\u00e1ts\u00f3 kerek\u00e9t, hogy nagyobb sebess\u00e9gfokozatba kapcsoljon. M\u00e9g sok \u00e9v telt el, mire elkezdtek k\u00e9zi sebess\u00e9gv\u00e1lt\u00f3t haszn\u00e1lni. Az 1913-as Tour versenyz\u0151inek \u201ek\u00e9tsebess\u00e9g\u0171\u201d ker\u00e9kp\u00e1rokkal kellett be\u00e9rni\u00fck. K\u00e9t k\u00fcl\u00f6nb\u00f6z\u0151 l\u00e1ncker\u00e9k volt a ker\u00e9k k\u00e9t oldal\u00e1n. A sebess\u00e9gv\u00e1lt\u00e1shoz le kellett venni\u00fck az eg\u00e9sz kereket, meg kellett ford\u00edtaniuk, \u00e9s a m\u00e1sik ir\u00e1nyba \u00e1ll\u00edtaniuk. Christophe jelent\u0151s, 18 perces el\u0151nnyel sz\u00e1guldott le a hegyr\u0151l. K\u00f6zben \u00e9nekelt. De azt\u00e1n katasztr\u00f3fa t\u00f6rt\u00e9nt. K\u00e9s\u0151bb \u00edgy mes\u00e9lte el a t\u00f6rt\u00e9nteket:<\/p>\n<p><em>\u201eA Ste-Marie-de-Campan el\u0151tt k\u00f6r\u00fclbel\u00fcl 10 kilom\u00e9terrel \u00fagy \u00e9reztem, hogy valami nincs rendben a korm\u00e1nyommal. Nem tudtam ir\u00e1ny\u00edtani a biciklimet. Meg\u00e1lltam \u00e9s lesz\u00e1lltam. Akkor l\u00e1ttam, hogy elt\u00f6rt a vill\u00e1m.\u201d<\/em><\/p>\n<p>Kov\u00e1csk\u00e9nt Eugene Christophe sok mindent meg tudott jav\u00edtani, de egy elt\u00f6rt villa m\u00e9g neki is t\u00fal nagy falatnak t\u0171nt. Egyed\u00fcl volt. D\u00f6ntenie kellett: levette az els\u0151 kerek\u00e9t, bal kez\u00e9be kapta, mik\u00f6zben a ker\u00e9kp\u00e1r v\u00e1z\u00e1t a jobb v\u00e1ll\u00e1n vitte tov\u00e1bb. Gyalog folytatta \u00fatj\u00e1t, mik\u00f6zben a versenyz\u0151k folyamatosan elhaladtak mellette. A lejt\u0151k\u00f6n \u00fclve cs\u00faszott le, \u00e9s birk\u00e1k \u00e1ltal kitaposott \u00f6sv\u00e9nyeket keresett, hogy id\u0151t takar\u00edtson meg. 10 km gyalogl\u00e1s ut\u00e1n el\u00e9rte Ste-Marie-de-Campan-t, ahol megl\u00e1tott egy kisl\u00e1nyt.<\/p>\n<p>&#8211; <em>\u201eHol dolgozik a helyi kov\u00e1cs?\u201d<\/em> &#8211; k\u00e9rdezte Christophe.<\/p>\n<p>&#8211; \u201e<em>A falu m\u00e1sik oldal\u00e1n\u201d-<\/em> v\u00e1laszolta a l\u00e1ny.<\/p>\n<p>&#8211; <em>\u201eK\u00e9rlek, mutasd az utat!\u201d<\/em><\/p>\n<figure id=\"attachment_8590\" aria-describedby=\"caption-attachment-8590\" style=\"width: 1024px\" class=\"wp-caption alignnone\"><a href=\"https:\/\/d2p6e6u75xmxt8.cloudfront.net\/2\/2020\/09\/profimedia-0330140367.jpg\"><img loading=\"lazy\" decoding=\"async\" class=\"wp-image-8590 size-large\" src=\"https:\/\/d2p6e6u75xmxt8.cloudfront.net\/12\/2020\/09\/profimedia-0330140367-1024x682.jpg\" alt=\"Eug\u00e8ne Christophe\" width=\"1024\" height=\"682\" srcset=\"https:\/\/d2p6e6u75xmxt8.cloudfront.net\/12\/2020\/09\/profimedia-0330140367-1024x682.jpg 1024w, https:\/\/d2p6e6u75xmxt8.cloudfront.net\/12\/2020\/09\/profimedia-0330140367-300x200.jpg 300w, https:\/\/d2p6e6u75xmxt8.cloudfront.net\/12\/2020\/09\/profimedia-0330140367-768x512.jpg 768w, https:\/\/d2p6e6u75xmxt8.cloudfront.net\/12\/2020\/09\/profimedia-0330140367-272x182.jpg 272w, https:\/\/d2p6e6u75xmxt8.cloudfront.net\/12\/2020\/09\/profimedia-0330140367.jpg 1250w\" sizes=\"auto, (max-width: 1024px) 100vw, 1024px\" \/><\/a><figcaption id=\"caption-attachment-8590\" class=\"wp-caption-text\"><em>Jean Stablinski \u00e9s Eug\u00e8ne Christophe, 1968. \u00a9 Profimedia<\/em><\/figcaption><\/figure>\n<p>Amikor Christophe szakadt ruh\u00e1j\u00e1ban \u00e9s s\u00e1rt\u00f3l koszos arccal a kov\u00e1cshoz \u00e9rt, a verseny szervez\u0151i m\u00e1r ott v\u00e1rt\u00e1k. Bez\u00e1rt\u00e1k az ajt\u00f3kat, hogy ne tudjon bej\u00f6nni a f\u00e9l falu k\u00edv\u00e1ncsiskodni.<\/p>\n<p><em>\u201eMeg tudom jav\u00edtani a vill\u00e1j\u00e1t. \u201d-<\/em> aj\u00e1nlotta fel Lecomte, a helyi kov\u00e1cs.<\/p>\n<p>A szervez\u0151k azonban szigor\u00faak voltak, \u00e9s nem engedt\u00e9k meg neki. B\u00e1rmilyen k\u00fcls\u0151 seg\u00edts\u00e9g kiz\u00e1r\u00e1ssal j\u00e1rt volna. Teh\u00e1t Lecomte csak sz\u00f3beli tan\u00e1csokkal seg\u00edthetett Christophe-nak, amikor maga vette kezel\u00e9sbe a vill\u00e1t.<\/p>\n<p><em>\u201eMindk\u00e9t kez\u00e9t haszn\u00e1lnia kell a kalap\u00e1l\u00e1s\u00e1hoz!&#8221;<\/em> &#8211; mondta Lecomte.<\/p>\n<p><em>\u201eM\u00e9gis hogyan tartsam \u00e9letben akkor a t\u00fczet?<\/em> \u2013 k\u00e9rdezett vissza Christope.<\/p>\n<p>K\u00e9ts\u00e9gbees\u00e9s\u00e9ben egy 7 \u00e9ves fi\u00fat k\u00e9rt meg, hogy f\u00fajja a t\u00fczet a f\u00fajtat\u00f3val. V\u00e9g\u00fcl siker\u00fclt neki kijav\u00edtani a vill\u00e1t. A ker\u00e9kp\u00e1r \u00f6sszeszerel\u00e9se ut\u00e1n k\u00e9szen \u00e1llt a verseny folytat\u00e1s\u00e1ra.<\/p>\n<p><em>&#8220;Sz\u00e9p munka. De a kisfi\u00fa m\u0171k\u00f6dtette a f\u00fajtat\u00f3t. Ez k\u00fcls\u0151 seg\u00edts\u00e9g. 10 perc b\u00fcntet\u00e9st kapsz\u201d-<\/em> t\u00e1j\u00e9koztatta a verseny szervez\u0151je.<\/p>\n<p>Christophe \u00e1tkoz\u00f3dott, de hamarosan \u00fajra a c\u00e9lra koncentr\u00e1lt. Eddigre t\u00f6bb mint 4 \u00f3r\u00e1t vesz\u00edtett. Megt\u00f6mte zsebeit keny\u00e9rrel, \u00e9s ped\u00e1lozni kezdett. 15 versenyt\u00e1rsa mellett siker\u00fclt elhaladnia aznap \u00e9s tov\u00e1bbi 2 cs\u00facsot m\u00e1szott meg. Hi\u00e1ba, a gy\u0151zelem m\u00e1r csak \u00e1lom maradt.<\/p>\n<p>A szurkol\u00f3k tiltakoz\u00e1sa miatt a szervez\u0151k 3 percre cs\u00f6kkentett\u00e9k a b\u00fcntet\u00e9s\u00e9t, de ez nem v\u00e1ltoztatott az eredm\u00e9nyen. Eugene Christophe a 7. helyen v\u00e9gzett az \u00f6sszes\u00edtett versenyen. Az 1913-as verseny esem\u00e9nyei m\u00e9gis h\u00edresebb\u00e9 tett\u00e9k, mint mag\u00e1t a bajnokot.<\/p>\n","protected":false},"excerpt":{"rendered":"<p>A modern Tour de France versenyz\u0151inek nem kell t\u00fals\u00e1gosan agg\u00f3dniuk a technikai probl\u00e9m\u00e1k miatt. Legt\u00f6bbsz\u00f6r viszonylag k\u00f6nny\u0171 cserebiciklit szerezni, ha [&hellip;]<\/p>\n","protected":false},"author":71,"featured_media":8592,"comment_status":"open","ping_status":"open","sticky":false,"template":"","format":"standard","meta":{"footnotes":""},"categories":[8],"tags":[441],"global-categories":[],"class_list":["post-8588","post","type-post","status-publish","format-standard","has-post-thumbnail","hentry","category-orszaguti-kerekpar","tag-tour-de-france-2020"],"yoast_head":"<!-- This site is optimized with the Yoast SEO Premium plugin v25.3 (Yoast SEO v25.9) - https:\/\/yoast.com\/wordpress\/plugins\/seo\/ -->\n<title>Eugene Christopher, aki egy kov\u00e1csm\u0171helyben jav\u00edtotta meg a vill\u00e1j\u00e1t a Tour alatt<\/title>\n<meta name=\"description\" content=\"A modern Tour de France versenyz\u0151inek nem kell t\u00fals\u00e1gosan agg\u00f3dniuk a technikai probl\u00e9m\u00e1k miatt. Legt\u00f6bbsz\u00f6r viszonylag k\u00f6nny\u0171 cserebiciklit szerezni, ha valami nem stimmel. Ez azonban nem volt mindig \u00edgy.\" \/>\n<meta name=\"robots\" content=\"index, follow, max-snippet:-1, max-image-preview:large, max-video-preview:-1\" \/>\n<link rel=\"canonical\" href=\"https:\/\/www.welovecycling.com\/hu\/orszaguti-kerekpar\/eugene-christopher-aki-egy-kovacsmuhelyben-javitotta-meg-a-villajat-a-tour-alatt\/\" \/>\n<meta property=\"og:locale\" content=\"hu_HU\" \/>\n<meta property=\"og:type\" content=\"article\" \/>\n<meta property=\"og:title\" content=\"Eugene Christopher, aki egy kov\u00e1csm\u0171helyben jav\u00edtotta meg a vill\u00e1j\u00e1t a Tour alatt\" \/>\n<meta property=\"og:description\" content=\"A modern Tour de France versenyz\u0151inek nem kell t\u00fals\u00e1gosan agg\u00f3dniuk a technikai probl\u00e9m\u00e1k miatt. Legt\u00f6bbsz\u00f6r viszonylag k\u00f6nny\u0171 cserebiciklit szerezni, ha valami nem stimmel. Ez azonban nem volt mindig \u00edgy.\" \/>\n<meta property=\"og:url\" content=\"https:\/\/www.welovecycling.com\/hu\/orszaguti-kerekpar\/eugene-christopher-aki-egy-kovacsmuhelyben-javitotta-meg-a-villajat-a-tour-alatt\/\" \/>\n<meta property=\"og:site_name\" content=\"\u0160koda We Love Cycling - Magyarorsz\u00e1g\" \/>\n<meta property=\"article:publisher\" content=\"https:\/\/www.facebook.com\/WeLoveCyclingHungary\/\" \/>\n<meta property=\"article:published_time\" content=\"2020-09-22T07:00:33+00:00\" \/>\n<meta property=\"og:image\" content=\"https:\/\/d2p6e6u75xmxt8.cloudfront.net\/12\/2020\/09\/Eugene-Christophe-profimedia-0226021645-CVR.jpg\" \/>\n\t<meta property=\"og:image:width\" content=\"1366\" \/>\n\t<meta property=\"og:image:height\" content=\"600\" \/>\n\t<meta property=\"og:image:type\" content=\"image\/jpeg\" \/>\n<meta name=\"author\" content=\"hegyizs\" \/>\n<meta name=\"twitter:card\" content=\"summary_large_image\" \/>\n<meta name=\"twitter:label1\" content=\"Written by\" \/>\n\t<meta name=\"twitter:data1\" content=\"Jiri Kaloc\" \/>\n\t<meta name=\"twitter:label2\" content=\"Est. reading time\" \/>\n\t<meta name=\"twitter:data2\" content=\"6\" \/>\n<script type=\"application\/ld+json\" class=\"yoast-schema-graph\">{\"@context\":\"https:\/\/schema.org\",\"@graph\":[{\"@type\":\"WebPage\",\"@id\":\"https:\/\/www.welovecycling.com\/hu\/orszaguti-kerekpar\/eugene-christopher-aki-egy-kovacsmuhelyben-javitotta-meg-a-villajat-a-tour-alatt\/\",\"url\":\"https:\/\/www.welovecycling.com\/hu\/orszaguti-kerekpar\/eugene-christopher-aki-egy-kovacsmuhelyben-javitotta-meg-a-villajat-a-tour-alatt\/\",\"name\":\"Eugene Christopher, aki egy kov\u00e1csm\u0171helyben jav\u00edtotta meg a vill\u00e1j\u00e1t a Tour alatt\",\"isPartOf\":{\"@id\":\"https:\/\/www.welovecycling.com\/hu\/#website\"},\"primaryImageOfPage\":{\"@id\":\"https:\/\/www.welovecycling.com\/hu\/orszaguti-kerekpar\/eugene-christopher-aki-egy-kovacsmuhelyben-javitotta-meg-a-villajat-a-tour-alatt\/#primaryimage\"},\"image\":{\"@id\":\"https:\/\/www.welovecycling.com\/hu\/orszaguti-kerekpar\/eugene-christopher-aki-egy-kovacsmuhelyben-javitotta-meg-a-villajat-a-tour-alatt\/#primaryimage\"},\"thumbnailUrl\":\"https:\/\/d2p6e6u75xmxt8.cloudfront.net\/12\/2020\/09\/Eugene-Christophe-profimedia-0226021645-CVR.jpg\",\"datePublished\":\"2020-09-22T07:00:33+00:00\",\"author\":{\"@id\":\"https:\/\/www.welovecycling.com\/hu\/#\/schema\/person\/414a2aebf1801691a5320edb6468e194\"},\"description\":\"A modern Tour de France versenyz\u0151inek nem kell t\u00fals\u00e1gosan agg\u00f3dniuk a technikai probl\u00e9m\u00e1k miatt. Legt\u00f6bbsz\u00f6r viszonylag k\u00f6nny\u0171 cserebiciklit szerezni, ha valami nem stimmel. Ez azonban nem volt mindig \u00edgy.\",\"breadcrumb\":{\"@id\":\"https:\/\/www.welovecycling.com\/hu\/orszaguti-kerekpar\/eugene-christopher-aki-egy-kovacsmuhelyben-javitotta-meg-a-villajat-a-tour-alatt\/#breadcrumb\"},\"inLanguage\":\"hu\",\"potentialAction\":[{\"@type\":\"ReadAction\",\"target\":[\"https:\/\/www.welovecycling.com\/hu\/orszaguti-kerekpar\/eugene-christopher-aki-egy-kovacsmuhelyben-javitotta-meg-a-villajat-a-tour-alatt\/\"]}]},{\"@type\":\"ImageObject\",\"inLanguage\":\"hu\",\"@id\":\"https:\/\/www.welovecycling.com\/hu\/orszaguti-kerekpar\/eugene-christopher-aki-egy-kovacsmuhelyben-javitotta-meg-a-villajat-a-tour-alatt\/#primaryimage\",\"url\":\"https:\/\/d2p6e6u75xmxt8.cloudfront.net\/12\/2020\/09\/Eugene-Christophe-profimedia-0226021645-CVR.jpg\",\"contentUrl\":\"https:\/\/d2p6e6u75xmxt8.cloudfront.net\/12\/2020\/09\/Eugene-Christophe-profimedia-0226021645-CVR.jpg\",\"width\":1366,\"height\":600,\"caption\":\"1913 Tour\"},{\"@type\":\"BreadcrumbList\",\"@id\":\"https:\/\/www.welovecycling.com\/hu\/orszaguti-kerekpar\/eugene-christopher-aki-egy-kovacsmuhelyben-javitotta-meg-a-villajat-a-tour-alatt\/#breadcrumb\",\"itemListElement\":[{\"@type\":\"ListItem\",\"position\":1,\"name\":\"Home\",\"item\":\"https:\/\/www.welovecycling.com\/hu\/\"},{\"@type\":\"ListItem\",\"position\":2,\"name\":\"Eugene Christopher, aki egy kov\u00e1csm\u0171helyben jav\u00edtotta meg a vill\u00e1j\u00e1t a Tour alatt\"}]},{\"@type\":\"WebSite\",\"@id\":\"https:\/\/www.welovecycling.com\/hu\/#website\",\"url\":\"https:\/\/www.welovecycling.com\/hu\/\",\"name\":\"\u0160koda We Love Cycling - Magyarorsz\u00e1g\",\"description\":\"\u0160koda WeLoveCycling\",\"potentialAction\":[{\"@type\":\"SearchAction\",\"target\":{\"@type\":\"EntryPoint\",\"urlTemplate\":\"https:\/\/www.welovecycling.com\/hu\/?s={search_term_string}\"},\"query-input\":{\"@type\":\"PropertyValueSpecification\",\"valueRequired\":true,\"valueName\":\"search_term_string\"}}],\"inLanguage\":\"hu\"},{\"@type\":\"Person\",\"@id\":\"https:\/\/www.welovecycling.com\/hu\/#\/schema\/person\/414a2aebf1801691a5320edb6468e194\",\"name\":\"hegyizs\",\"image\":{\"@type\":\"ImageObject\",\"inLanguage\":\"hu\",\"@id\":\"https:\/\/www.welovecycling.com\/hu\/#\/schema\/person\/image\/\",\"url\":\"https:\/\/secure.gravatar.com\/avatar\/02cf8a7906b8cf90cecb4679defac7cfd33a1c2e3b88e4903d947f3bb58eedd3?s=96&d=mm&r=g\",\"contentUrl\":\"https:\/\/secure.gravatar.com\/avatar\/02cf8a7906b8cf90cecb4679defac7cfd33a1c2e3b88e4903d947f3bb58eedd3?s=96&d=mm&r=g\",\"caption\":\"hegyizs\"},\"url\":\"https:\/\/www.welovecycling.com\/hu\/author\/hegyizs\/\"}]}<\/script>\n<!-- \/ Yoast SEO Premium plugin. -->","yoast_head_json":{"title":"Eugene Christopher, aki egy kov\u00e1csm\u0171helyben jav\u00edtotta meg a vill\u00e1j\u00e1t a Tour alatt","description":"A modern Tour de France versenyz\u0151inek nem kell t\u00fals\u00e1gosan agg\u00f3dniuk a technikai probl\u00e9m\u00e1k miatt. Legt\u00f6bbsz\u00f6r viszonylag k\u00f6nny\u0171 cserebiciklit szerezni, ha valami nem stimmel. Ez azonban nem volt mindig \u00edgy.","robots":{"index":"index","follow":"follow","max-snippet":"max-snippet:-1","max-image-preview":"max-image-preview:large","max-video-preview":"max-video-preview:-1"},"canonical":"https:\/\/www.welovecycling.com\/hu\/orszaguti-kerekpar\/eugene-christopher-aki-egy-kovacsmuhelyben-javitotta-meg-a-villajat-a-tour-alatt\/","og_locale":"hu_HU","og_type":"article","og_title":"Eugene Christopher, aki egy kov\u00e1csm\u0171helyben jav\u00edtotta meg a vill\u00e1j\u00e1t a Tour alatt","og_description":"A modern Tour de France versenyz\u0151inek nem kell t\u00fals\u00e1gosan agg\u00f3dniuk a technikai probl\u00e9m\u00e1k miatt. Legt\u00f6bbsz\u00f6r viszonylag k\u00f6nny\u0171 cserebiciklit szerezni, ha valami nem stimmel. Ez azonban nem volt mindig \u00edgy.","og_url":"https:\/\/www.welovecycling.com\/hu\/orszaguti-kerekpar\/eugene-christopher-aki-egy-kovacsmuhelyben-javitotta-meg-a-villajat-a-tour-alatt\/","og_site_name":"\u0160koda We Love Cycling - Magyarorsz\u00e1g","article_publisher":"https:\/\/www.facebook.com\/WeLoveCyclingHungary\/","article_published_time":"2020-09-22T07:00:33+00:00","og_image":[{"width":1366,"height":600,"url":"https:\/\/d2p6e6u75xmxt8.cloudfront.net\/12\/2020\/09\/Eugene-Christophe-profimedia-0226021645-CVR.jpg","type":"image\/jpeg"}],"author":"hegyizs","twitter_card":"summary_large_image","twitter_misc":{"Written by":"Jiri Kaloc","Est. reading time":"6"},"schema":{"@context":"https:\/\/schema.org","@graph":[{"@type":"WebPage","@id":"https:\/\/www.welovecycling.com\/hu\/orszaguti-kerekpar\/eugene-christopher-aki-egy-kovacsmuhelyben-javitotta-meg-a-villajat-a-tour-alatt\/","url":"https:\/\/www.welovecycling.com\/hu\/orszaguti-kerekpar\/eugene-christopher-aki-egy-kovacsmuhelyben-javitotta-meg-a-villajat-a-tour-alatt\/","name":"Eugene Christopher, aki egy kov\u00e1csm\u0171helyben jav\u00edtotta meg a vill\u00e1j\u00e1t a Tour alatt","isPartOf":{"@id":"https:\/\/www.welovecycling.com\/hu\/#website"},"primaryImageOfPage":{"@id":"https:\/\/www.welovecycling.com\/hu\/orszaguti-kerekpar\/eugene-christopher-aki-egy-kovacsmuhelyben-javitotta-meg-a-villajat-a-tour-alatt\/#primaryimage"},"image":{"@id":"https:\/\/www.welovecycling.com\/hu\/orszaguti-kerekpar\/eugene-christopher-aki-egy-kovacsmuhelyben-javitotta-meg-a-villajat-a-tour-alatt\/#primaryimage"},"thumbnailUrl":"https:\/\/d2p6e6u75xmxt8.cloudfront.net\/12\/2020\/09\/Eugene-Christophe-profimedia-0226021645-CVR.jpg","datePublished":"2020-09-22T07:00:33+00:00","author":{"@id":"https:\/\/www.welovecycling.com\/hu\/#\/schema\/person\/414a2aebf1801691a5320edb6468e194"},"description":"A modern Tour de France versenyz\u0151inek nem kell t\u00fals\u00e1gosan agg\u00f3dniuk a technikai probl\u00e9m\u00e1k miatt. Legt\u00f6bbsz\u00f6r viszonylag k\u00f6nny\u0171 cserebiciklit szerezni, ha valami nem stimmel. Ez azonban nem volt mindig \u00edgy.","breadcrumb":{"@id":"https:\/\/www.welovecycling.com\/hu\/orszaguti-kerekpar\/eugene-christopher-aki-egy-kovacsmuhelyben-javitotta-meg-a-villajat-a-tour-alatt\/#breadcrumb"},"inLanguage":"hu","potentialAction":[{"@type":"ReadAction","target":["https:\/\/www.welovecycling.com\/hu\/orszaguti-kerekpar\/eugene-christopher-aki-egy-kovacsmuhelyben-javitotta-meg-a-villajat-a-tour-alatt\/"]}]},{"@type":"ImageObject","inLanguage":"hu","@id":"https:\/\/www.welovecycling.com\/hu\/orszaguti-kerekpar\/eugene-christopher-aki-egy-kovacsmuhelyben-javitotta-meg-a-villajat-a-tour-alatt\/#primaryimage","url":"https:\/\/d2p6e6u75xmxt8.cloudfront.net\/12\/2020\/09\/Eugene-Christophe-profimedia-0226021645-CVR.jpg","contentUrl":"https:\/\/d2p6e6u75xmxt8.cloudfront.net\/12\/2020\/09\/Eugene-Christophe-profimedia-0226021645-CVR.jpg","width":1366,"height":600,"caption":"1913 Tour"},{"@type":"BreadcrumbList","@id":"https:\/\/www.welovecycling.com\/hu\/orszaguti-kerekpar\/eugene-christopher-aki-egy-kovacsmuhelyben-javitotta-meg-a-villajat-a-tour-alatt\/#breadcrumb","itemListElement":[{"@type":"ListItem","position":1,"name":"Home","item":"https:\/\/www.welovecycling.com\/hu\/"},{"@type":"ListItem","position":2,"name":"Eugene Christopher, aki egy kov\u00e1csm\u0171helyben jav\u00edtotta meg a vill\u00e1j\u00e1t a Tour alatt"}]},{"@type":"WebSite","@id":"https:\/\/www.welovecycling.com\/hu\/#website","url":"https:\/\/www.welovecycling.com\/hu\/","name":"\u0160koda We Love Cycling - Magyarorsz\u00e1g","description":"\u0160koda WeLoveCycling","potentialAction":[{"@type":"SearchAction","target":{"@type":"EntryPoint","urlTemplate":"https:\/\/www.welovecycling.com\/hu\/?s={search_term_string}"},"query-input":{"@type":"PropertyValueSpecification","valueRequired":true,"valueName":"search_term_string"}}],"inLanguage":"hu"},{"@type":"Person","@id":"https:\/\/www.welovecycling.com\/hu\/#\/schema\/person\/414a2aebf1801691a5320edb6468e194","name":"hegyizs","image":{"@type":"ImageObject","inLanguage":"hu","@id":"https:\/\/www.welovecycling.com\/hu\/#\/schema\/person\/image\/","url":"https:\/\/secure.gravatar.com\/avatar\/02cf8a7906b8cf90cecb4679defac7cfd33a1c2e3b88e4903d947f3bb58eedd3?s=96&d=mm&r=g","contentUrl":"https:\/\/secure.gravatar.com\/avatar\/02cf8a7906b8cf90cecb4679defac7cfd33a1c2e3b88e4903d947f3bb58eedd3?s=96&d=mm&r=g","caption":"hegyizs"},"url":"https:\/\/www.welovecycling.com\/hu\/author\/hegyizs\/"}]}},"_links":{"self":[{"href":"https:\/\/www.welovecycling.com\/hu\/wp-json\/wp\/v2\/posts\/8588","targetHints":{"allow":["GET"]}}],"collection":[{"href":"https:\/\/www.welovecycling.com\/hu\/wp-json\/wp\/v2\/posts"}],"about":[{"href":"https:\/\/www.welovecycling.com\/hu\/wp-json\/wp\/v2\/types\/post"}],"author":[{"embeddable":true,"href":"https:\/\/www.welovecycling.com\/hu\/wp-json\/wp\/v2\/users\/71"}],"replies":[{"embeddable":true,"href":"https:\/\/www.welovecycling.com\/hu\/wp-json\/wp\/v2\/comments?post=8588"}],"version-history":[{"count":2,"href":"https:\/\/www.welovecycling.com\/hu\/wp-json\/wp\/v2\/posts\/8588\/revisions"}],"predecessor-version":[{"id":8610,"href":"https:\/\/www.welovecycling.com\/hu\/wp-json\/wp\/v2\/posts\/8588\/revisions\/8610"}],"wp:featuredmedia":[{"embeddable":true,"href":"https:\/\/www.welovecycling.com\/hu\/wp-json\/wp\/v2\/media\/8592"}],"wp:attachment":[{"href":"https:\/\/www.welovecycling.com\/hu\/wp-json\/wp\/v2\/media?parent=8588"}],"wp:term":[{"taxonomy":"category","embeddable":true,"href":"https:\/\/www.welovecycling.com\/hu\/wp-json\/wp\/v2\/categories?post=8588"},{"taxonomy":"post_tag","embeddable":true,"href":"https:\/\/www.welovecycling.com\/hu\/wp-json\/wp\/v2\/tags?post=8588"},{"taxonomy":"global-categories","embeddable":true,"href":"https:\/\/www.welovecycling.com\/hu\/wp-json\/wp\/v2\/global-categories?post=8588"}],"curies":[{"name":"wp","href":"https:\/\/api.w.org\/{rel}","templated":true}]}}