{"id":8582,"date":"2020-09-21T08:00:20","date_gmt":"2020-09-21T07:00:20","guid":{"rendered":"https:\/\/www.welovecycling.com\/hu\/?p=8582"},"modified":"2020-09-18T17:19:59","modified_gmt":"2020-09-18T16:19:59","slug":"rettegek-hogy-ellopjak","status":"publish","type":"post","link":"https:\/\/www.welovecycling.com\/hu\/biztonsag\/rettegek-hogy-ellopjak\/","title":{"rendered":"Rettegek, hogy ellopj\u00e1k"},"content":{"rendered":"<p><strong>Az elm\u00falt f\u00e9l \u00e9vben egyre t\u00f6bben haszn\u00e1lj\u00e1k biciklij\u00fcket k\u00f6zleked\u00e9si- \u00e9s sporteszk\u00f6zk\u00e9nt egyar\u00e1nt. Ez azt jelenti, hogy p\u00e9ld\u00e1tlan mennyis\u00e9g\u0171 \u00faj ker\u00e9kp\u00e1r ker\u00fclt ki az \u00fczletekb\u0151l. B\u00e1r \u00f6r\u00fcl\u00fcnk annak, hogy t\u00f6bben \u00e9lvezik a sportot, a kereslet megugr\u00e1sa az \u00faj \u00e9s haszn\u00e1lt ker\u00e9kp\u00e1rok hi\u00e1ny\u00e1t jelenti a piacon. Ez pedig sajnos \u00f6szt\u00f6nz\u00e9s lehet azok sz\u00e1m\u00e1ra, akik hajland\u00f3k etik\u00e1tlan eszk\u00f6z\u00f6kh\u00f6z folyamodni a beszerz\u00e9shez.<\/strong><\/p>\n<p><!--more--><\/p>\n<p>\u00dagy t\u0171nik, hogy a ker\u00e9kp\u00e1rlop\u00e1s lassan soha nem l\u00e1tott m\u00e9reteket \u00f6lt. Egyes helyeken, p\u00e9ld\u00e1ul az Egyes\u00fclt Kir\u00e1lys\u00e1gban, a jelent\u00e9sek szerint k\u00e9tszeres\u00e9re n\u0151tt az elt\u0171nt biciklik sz\u00e1ma az ut\u00f3bbi id\u0151szakban. Sajnos sok olyan t\u00f6rt\u00e9netet hallhatunk, mint p\u00e9ld\u00e1ul az \u00e1pol\u00f3\u00e9t, aki egy f\u00e1raszt\u00f3 12 \u00f3r\u00e1s m\u0171szak ut\u00e1n nem tal\u00e1lta ott a ker\u00e9kp\u00e1rj\u00e1t, ahol hagyta, vagy egy hatgyerekes csal\u00e1d\u00e9t, akinek egy teljes csal\u00e1di felszerel\u00e9s\u00e9t ellopt\u00e1k a gar\u00e1zsukb\u00f3l. Aggaszt\u00f3 statisztik\u00e1kat olvashatunk. Ett\u0151l pedig csak m\u00e9g ink\u00e1bb elt\u00f6lt minket a szorong\u00e1s, ha \u0151rizetlen\u00fcl kell hagynunk saj\u00e1t j\u00e1rg\u00e1nyunkat.<\/p>\n<p>Ha biciklink egyben ment\u00e1lis eg\u00e9szs\u00e9g\u00fcnk, fizikai fitts\u00e9g\u00fcnk \u00e9s mindennapjaink t\u00e1masza, van okunk aggodalomra. N\u00e9h\u00e1ny ember sz\u00e1m\u00e1ra azonban a szorong\u00e1s szinte m\u00e1r elviselhetetlenn\u00e9 v\u00e1lik. Ahogy egyik olvas\u00f3nk kifejtette: <em>\u201eNagyon szeretem a biciklimet, de folyamatosan agg\u00f3dom, hogy ellopj\u00e1k. Gondolkodom rajta, hogy ink\u00e1bb eladom, mert m\u00e9g ha alaposan le is z\u00e1rom, akkor is olyan ideges vagyok, hogy csak erre tudok gondolni.\u201d<\/em> Ez a fajta stressz t\u00f6nkreteheti a szenved\u00e9lyt, \u00e9s sutba v\u00e1ghatja a ker\u00e9kp\u00e1roz\u00e1s \u00e1ltal ny\u00fajtott pozit\u00edv hat\u00e1sokat.<\/p>\n<p>Vess\u00fcnk egy pillant\u00e1st arra, hogy mi okozza ezt a szorong\u00e1st! Hoztunk n\u00e9h\u00e1ny tippet \u00e9s tr\u00fckk\u00f6t, amelyek seg\u00edts\u00e9g\u00e9vel megbirk\u00f3zhatunk a negat\u00edv \u00e9rz\u00e9sekkel.<\/p>\n<figure id=\"attachment_8583\" aria-describedby=\"caption-attachment-8583\" style=\"width: 1024px\" class=\"wp-caption alignnone\"><a href=\"https:\/\/d2p6e6u75xmxt8.cloudfront.net\/2\/2020\/09\/profimedia-0351755860-1.jpg\"><img loading=\"lazy\" decoding=\"async\" class=\"wp-image-8583 size-large\" src=\"https:\/\/d2p6e6u75xmxt8.cloudfront.net\/12\/2020\/09\/profimedia-0351755860-1-1024x768.jpg\" alt=\"Bike theft\" width=\"1024\" height=\"768\" srcset=\"https:\/\/d2p6e6u75xmxt8.cloudfront.net\/12\/2020\/09\/profimedia-0351755860-1-1024x768.jpg 1024w, https:\/\/d2p6e6u75xmxt8.cloudfront.net\/12\/2020\/09\/profimedia-0351755860-1-300x225.jpg 300w, https:\/\/d2p6e6u75xmxt8.cloudfront.net\/12\/2020\/09\/profimedia-0351755860-1-768x576.jpg 768w, https:\/\/d2p6e6u75xmxt8.cloudfront.net\/12\/2020\/09\/profimedia-0351755860-1.jpg 1250w\" sizes=\"auto, (max-width: 1024px) 100vw, 1024px\" \/><\/a><figcaption id=\"caption-attachment-8583\" class=\"wp-caption-text\"><em>A ker\u00e9kp\u00e1rlop\u00e1sok sz\u00e1ma egyre n\u00f6vekszik. \u00a9 Profimedia<\/em><\/figcaption><\/figure>\n<h2><strong>Mi\u00e9rt szorongunk?<\/strong><\/h2>\n<p>Az, hogy agg\u00f3dunk ker\u00e9kp\u00e1runk\u00e9rt, norm\u00e1lis. Az azonban, ha a szorong\u00e1s folyamatosan elt\u00e9r\u00edt m\u00e1s tev\u00e9kenys\u00e9gekt\u0151l \u00e9s nem tudsz ellazulni, m\u00e1r nem eg\u00e9szs\u00e9ges. Ha van negat\u00edv tapasztalatod, vagyis lopt\u00e1k m\u00e1r el biciklid, akkor k\u00f6nnyebben ker\u00edthet hatalm\u00e1ba ez az \u00e9rz\u00e9s. Ha pedig szem\u00e9lyesen nem vagy \u00e9rintett, a h\u00edrek akkor is el\u00e9rnek hozz\u00e1d. Olvashatunk riportokat a t\u00e9m\u00e1r\u00f3l, ha pedig folyton ott motoszk\u00e1l a fej\u00fcnkben a gondolat, akkor k\u00fcl\u00f6n\u00f6sen szembe t\u0171nnek majd a lop\u00e1sokr\u00f3l sz\u00f3l\u00f3 h\u00edrek, \u00edgy \u00fagy t\u0171nik, hogy m\u00e9g gyakrabban t\u00f6rt\u00e9nnek, mint a val\u00f3s\u00e1gban.<\/p>\n<h2><strong>N\u00e9zz szembe a f\u00e9lelmeddel!<\/strong><\/h2>\n<p>J\u00f3 kezd\u0151 l\u00e9p\u00e9s, ha meg\u00e9rted, hogy mi az oka a szorong\u00e1snak, \u00e9s mit tehetn\u00e9l ellene? El\u0151sz\u00f6r is fontos, hogy tudatos\u00edtsd magadban a probl\u00e9m\u00e1t, \u00e9s ne feledd, hogy vannak dolgok, amiket megtehetsz biciklid \u2013 \u00e9s idegeid \u2013 biztons\u00e1ga \u00e9rdek\u00e9ben. Az alapismeretek mellett, mint amilyen az U-lakat hasznoss\u00e1ga \u00e9s az ide\u00e1lis parkol\u00f3hely kiv\u00e1laszt\u00e1sa, hoztunk m\u00e9g n\u00e9h\u00e1ny tippet, ami j\u00f3l j\u00f6het!<\/p>\n<h2><strong>Biztos\u00edt\u00e1s<\/strong><\/h2>\n<p>Tal\u00e1n a leghat\u00e9konyabb a nyugodt lelki\u00e1llapot el\u00e9r\u00e9s\u00e9hez, ha biztos\u00edt\u00e1st k\u00f6tsz biciklidre. Ez persze f\u00fcgg att\u00f3l, hogy milyen \u00e1llapotban van \u00e9s mennyit \u00e9r a j\u00e1rg\u00e1ny, de t\u00f6bbnyire meg\u00e9ri: nem csak s\u00e9r\u00fcl\u00e9sek eset\u00e9n fizet, de akkor is, ha ellopj\u00e1k. \u00c1ltal\u00e1ban az \u00f6sszegb\u0151l futja egy \u00faj bring\u00e1ra. \u00c9rdemes k\u00f6r\u00fcln\u00e9zni a piacon, hogy megtal\u00e1ld a legjobb aj\u00e1nlatot!<\/p>\n<figure id=\"attachment_8584\" aria-describedby=\"caption-attachment-8584\" style=\"width: 1024px\" class=\"wp-caption alignnone\"><a href=\"https:\/\/d2p6e6u75xmxt8.cloudfront.net\/2\/2020\/09\/profimedia-0315549214.jpg\"><img loading=\"lazy\" decoding=\"async\" class=\"wp-image-8584 size-large\" src=\"https:\/\/d2p6e6u75xmxt8.cloudfront.net\/12\/2020\/09\/profimedia-0315549214-1024x682.jpg\" alt=\"Bike theft\" width=\"1024\" height=\"682\" srcset=\"https:\/\/d2p6e6u75xmxt8.cloudfront.net\/12\/2020\/09\/profimedia-0315549214-1024x682.jpg 1024w, https:\/\/d2p6e6u75xmxt8.cloudfront.net\/12\/2020\/09\/profimedia-0315549214-300x200.jpg 300w, https:\/\/d2p6e6u75xmxt8.cloudfront.net\/12\/2020\/09\/profimedia-0315549214-768x512.jpg 768w, https:\/\/d2p6e6u75xmxt8.cloudfront.net\/12\/2020\/09\/profimedia-0315549214-272x182.jpg 272w, https:\/\/d2p6e6u75xmxt8.cloudfront.net\/12\/2020\/09\/profimedia-0315549214.jpg 1250w\" sizes=\"auto, (max-width: 1024px) 100vw, 1024px\" \/><\/a><figcaption id=\"caption-attachment-8584\" class=\"wp-caption-text\">\u00a0\u00a9 Profimedia<\/figcaption><\/figure>\n<h2><strong>K\u00f6vesd!<\/strong><\/h2>\n<p>Direktebb m\u00f3dszer a nyomk\u00f6vet\u0151 haszn\u00e1lata. Ma m\u00e1r igen pontosak \u00e9s k\u00f6nnyen haszn\u00e1lhat\u00f3ak. A telefonodon kereszt\u00fcl k\u00f6zvetlen\u00fcl a zsebedb\u0151l kapod az inf\u00f3t, ha a biciklid elmozd\u00edtott\u00e1k. A legt\u00f6bb nyomk\u00f6vet\u0151 olyan pici, hogy \u00e9szre sem lehet venni a bring\u00e1n, s\u0151t, n\u00e9melyik m\u00e9g riaszt\u00f3val is fel van szerelve!<\/p>\n<p>Ha pedig nem szeretn\u00e9l beruh\u00e1zni r\u00e1, egyszer\u0171en ragassz egy matric\u00e1t a v\u00e1zra a k\u00f6vetkez\u0151 felirattal: \u201eEz a bicikli nyomk\u00f6vet\u0151vel van felszerelve.\u201d Biztosan elriasztja a tolvajokat!<\/p>\n<h2><strong>\u00c1lc\u00e1zd!<\/strong><\/h2>\n<p>\u00c9s ha m\u00e1r tr\u00fckk\u00f6z\u00fcnk: van m\u00e1s is a tarsolyunkban. Mindannyian szeret\u00fcnk dicsekedni k\u00e9tkerek\u0171 b\u00fcszkes\u00e9g\u00fcnkkel, de ha l\u00e1tszik bring\u00e1don, hogy sokat \u00e9r, annak \u00e1rnyoldala is van. \u00c9rdemes elgondolkodnod rajta, hogyan tehetn\u00e9d kev\u00e9sb\u00e9 vonz\u00f3v\u00e1 a hozz\u00e1 nem \u00e9rt\u0151k sz\u00e1m\u00e1ra. Egy gyors fest\u00e9s \u00e9s n\u00e9h\u00e1ny matrica nagyban hozz\u00e1j\u00e1rulhat ahhoz, hogy a ker\u00e9kp\u00e1r nemk\u00edv\u00e1natosnak vagy legal\u00e1bbis j\u00f3l felismerhet\u0151nek t\u0171nj\u00f6n. Ha fekszik neked ez a st\u00edlus, ak\u00e1r mint\u00e1s \u00fcl\u00e9shuzatot vagy sz\u00ednes t\u00e1sk\u00e1kat is beszerezhetsz hozz\u00e1! A c\u00e9l, hogy a ker\u00e9kp\u00e1rt ne \u00e9rje meg ellopni, vagy megpr\u00f3b\u00e1lni elrejteni.<\/p>\n<figure id=\"attachment_8585\" aria-describedby=\"caption-attachment-8585\" style=\"width: 1024px\" class=\"wp-caption alignnone\"><a href=\"https:\/\/d2p6e6u75xmxt8.cloudfront.net\/2\/2020\/09\/profimedia-0518913353.jpg\"><img loading=\"lazy\" decoding=\"async\" class=\"wp-image-8585 size-large\" src=\"https:\/\/d2p6e6u75xmxt8.cloudfront.net\/12\/2020\/09\/profimedia-0518913353-1024x682.jpg\" alt=\"Bicycle Wheels\" width=\"1024\" height=\"682\" srcset=\"https:\/\/d2p6e6u75xmxt8.cloudfront.net\/12\/2020\/09\/profimedia-0518913353-1024x682.jpg 1024w, https:\/\/d2p6e6u75xmxt8.cloudfront.net\/12\/2020\/09\/profimedia-0518913353-300x200.jpg 300w, https:\/\/d2p6e6u75xmxt8.cloudfront.net\/12\/2020\/09\/profimedia-0518913353-768x512.jpg 768w, https:\/\/d2p6e6u75xmxt8.cloudfront.net\/12\/2020\/09\/profimedia-0518913353-272x182.jpg 272w, https:\/\/d2p6e6u75xmxt8.cloudfront.net\/12\/2020\/09\/profimedia-0518913353.jpg 1250w\" sizes=\"auto, (max-width: 1024px) 100vw, 1024px\" \/><\/a><figcaption id=\"caption-attachment-8585\" class=\"wp-caption-text\">Beware of thieves. \u00a9 Profimedia<\/figcaption><\/figure>\n<h2><strong>Regisztr\u00e1ld!<\/strong><\/h2>\n<p>Ha szerencs\u00e9d van, helyi szervezeten kereszt\u00fcl is megteheted, de orsz\u00e1gosan biztosan. Csak a v\u00e1zsz\u00e1mot \u00e9s n\u00e9h\u00e1ny fot\u00f3t kell felt\u00f6ltened a rendszerbe, hogy figyelemmel tudj\u00e1k k\u00f6vetni a haszn\u00e1lt ker\u00e9kp\u00e1r-piacot, ha bejelented, hogy ellopt\u00e1k j\u00e1rg\u00e1nyodat.<\/p>\n<h2><strong>Nagy leveg\u0151!<\/strong><\/h2>\n<p>Ha megteszed az \u00f3vint\u00e9zked\u00e9seket \u00e9s hallgatsz az \u00f6szt\u00f6neidre, nem lesz baj. A statisztik\u00e1k ijeszt\u0151ek lehetnek, de val\u00f3j\u00e1ban a legt\u00f6bb meglovas\u00edtott biciklit nem t\u00e1rolt\u00e1k biztons\u00e1gosan.<\/p>\n<p>Egy m\u00e1sik m\u00f3dja a ker\u00e9kp\u00e1rlop\u00e1s visszaszor\u00edt\u00e1s\u00e1nak az, ha odafigyel\u00fcnk egym\u00e1sra. Ha gyan\u00fas dolgot \u00e9szlelsz, \u00e9s biztons\u00e1gos k\u00f6rny\u00e9ken vagy, ne f\u00e9lj odamenni \u00e9s feltenni p\u00e1r k\u00e9rd\u00e9st a biciklivel kapcsolatban! Sok esetben el\u00e9g egy kis k\u00e9retlen figyelem \u00e9s a tolvaj ink\u00e1bb lel\u00e9p. Seg\u00edts\u00fcnk egym\u00e1snak!<\/p>\n","protected":false},"excerpt":{"rendered":"<p>Az elm\u00falt f\u00e9l \u00e9vben egyre t\u00f6bben haszn\u00e1lj\u00e1k biciklij\u00fcket k\u00f6zleked\u00e9si- \u00e9s sporteszk\u00f6zk\u00e9nt egyar\u00e1nt. Ez azt jelenti, hogy p\u00e9ld\u00e1tlan mennyis\u00e9g\u0171 \u00faj ker\u00e9kp\u00e1r [&hellip;]<\/p>\n","protected":false},"author":71,"featured_media":8587,"comment_status":"open","ping_status":"open","sticky":false,"template":"","format":"standard","meta":{"footnotes":""},"categories":[10],"tags":[],"global-categories":[],"class_list":["post-8582","post","type-post","status-publish","format-standard","has-post-thumbnail","hentry","category-biztonsag"],"yoast_head":"<!-- This site is optimized with the Yoast SEO Premium plugin v25.3 (Yoast SEO v25.9) - https:\/\/yoast.com\/wordpress\/plugins\/seo\/ -->\n<title>Rettegek, hogy ellopj\u00e1k - \u0160koda We Love Cycling - Magyarorsz\u00e1g<\/title>\n<meta name=\"description\" content=\"Az elm\u00falt f\u00e9l \u00e9vben egyre t\u00f6bben haszn\u00e1lj\u00e1k biciklij\u00fcket k\u00f6zleked\u00e9si- \u00e9s sporteszk\u00f6zk\u00e9nt egyar\u00e1nt.\" \/>\n<meta name=\"robots\" content=\"index, follow, max-snippet:-1, max-image-preview:large, max-video-preview:-1\" \/>\n<link rel=\"canonical\" href=\"https:\/\/www.welovecycling.com\/hu\/biztonsag\/rettegek-hogy-ellopjak\/\" \/>\n<meta property=\"og:locale\" content=\"hu_HU\" \/>\n<meta property=\"og:type\" content=\"article\" \/>\n<meta property=\"og:title\" content=\"Rettegek, hogy ellopj\u00e1k\" \/>\n<meta property=\"og:description\" content=\"Az elm\u00falt f\u00e9l \u00e9vben egyre t\u00f6bben haszn\u00e1lj\u00e1k biciklij\u00fcket k\u00f6zleked\u00e9si- \u00e9s sporteszk\u00f6zk\u00e9nt egyar\u00e1nt.\" \/>\n<meta property=\"og:url\" content=\"https:\/\/www.welovecycling.com\/hu\/biztonsag\/rettegek-hogy-ellopjak\/\" \/>\n<meta property=\"og:site_name\" content=\"\u0160koda We Love Cycling - Magyarorsz\u00e1g\" \/>\n<meta property=\"article:publisher\" content=\"https:\/\/www.facebook.com\/WeLoveCyclingHungary\/\" \/>\n<meta property=\"article:published_time\" content=\"2020-09-21T07:00:20+00:00\" \/>\n<meta property=\"og:image\" content=\"https:\/\/d2p6e6u75xmxt8.cloudfront.net\/12\/2020\/09\/theft-profimedia-0400069814-CVR.jpg\" \/>\n\t<meta property=\"og:image:width\" content=\"1366\" \/>\n\t<meta property=\"og:image:height\" content=\"600\" \/>\n\t<meta property=\"og:image:type\" content=\"image\/jpeg\" \/>\n<meta name=\"author\" content=\"hegyizs\" \/>\n<meta name=\"twitter:card\" content=\"summary_large_image\" \/>\n<meta name=\"twitter:label1\" content=\"Written by\" \/>\n\t<meta name=\"twitter:data1\" content=\"Megan Flottorp\" \/>\n\t<meta name=\"twitter:label2\" content=\"Est. reading time\" \/>\n\t<meta name=\"twitter:data2\" content=\"6\" \/>\n<script type=\"application\/ld+json\" class=\"yoast-schema-graph\">{\"@context\":\"https:\/\/schema.org\",\"@graph\":[{\"@type\":\"WebPage\",\"@id\":\"https:\/\/www.welovecycling.com\/hu\/biztonsag\/rettegek-hogy-ellopjak\/\",\"url\":\"https:\/\/www.welovecycling.com\/hu\/biztonsag\/rettegek-hogy-ellopjak\/\",\"name\":\"Rettegek, hogy ellopj\u00e1k - \u0160koda We Love Cycling - Magyarorsz\u00e1g\",\"isPartOf\":{\"@id\":\"https:\/\/www.welovecycling.com\/hu\/#website\"},\"primaryImageOfPage\":{\"@id\":\"https:\/\/www.welovecycling.com\/hu\/biztonsag\/rettegek-hogy-ellopjak\/#primaryimage\"},\"image\":{\"@id\":\"https:\/\/www.welovecycling.com\/hu\/biztonsag\/rettegek-hogy-ellopjak\/#primaryimage\"},\"thumbnailUrl\":\"https:\/\/d2p6e6u75xmxt8.cloudfront.net\/12\/2020\/09\/theft-profimedia-0400069814-CVR.jpg\",\"datePublished\":\"2020-09-21T07:00:20+00:00\",\"author\":{\"@id\":\"https:\/\/www.welovecycling.com\/hu\/#\/schema\/person\/414a2aebf1801691a5320edb6468e194\"},\"description\":\"Az elm\u00falt f\u00e9l \u00e9vben egyre t\u00f6bben haszn\u00e1lj\u00e1k biciklij\u00fcket k\u00f6zleked\u00e9si- \u00e9s sporteszk\u00f6zk\u00e9nt egyar\u00e1nt.\",\"breadcrumb\":{\"@id\":\"https:\/\/www.welovecycling.com\/hu\/biztonsag\/rettegek-hogy-ellopjak\/#breadcrumb\"},\"inLanguage\":\"hu\",\"potentialAction\":[{\"@type\":\"ReadAction\",\"target\":[\"https:\/\/www.welovecycling.com\/hu\/biztonsag\/rettegek-hogy-ellopjak\/\"]}]},{\"@type\":\"ImageObject\",\"inLanguage\":\"hu\",\"@id\":\"https:\/\/www.welovecycling.com\/hu\/biztonsag\/rettegek-hogy-ellopjak\/#primaryimage\",\"url\":\"https:\/\/d2p6e6u75xmxt8.cloudfront.net\/12\/2020\/09\/theft-profimedia-0400069814-CVR.jpg\",\"contentUrl\":\"https:\/\/d2p6e6u75xmxt8.cloudfront.net\/12\/2020\/09\/theft-profimedia-0400069814-CVR.jpg\",\"width\":1366,\"height\":600,\"caption\":\"Bike Theft\"},{\"@type\":\"BreadcrumbList\",\"@id\":\"https:\/\/www.welovecycling.com\/hu\/biztonsag\/rettegek-hogy-ellopjak\/#breadcrumb\",\"itemListElement\":[{\"@type\":\"ListItem\",\"position\":1,\"name\":\"Home\",\"item\":\"https:\/\/www.welovecycling.com\/hu\/\"},{\"@type\":\"ListItem\",\"position\":2,\"name\":\"Rettegek, hogy ellopj\u00e1k\"}]},{\"@type\":\"WebSite\",\"@id\":\"https:\/\/www.welovecycling.com\/hu\/#website\",\"url\":\"https:\/\/www.welovecycling.com\/hu\/\",\"name\":\"\u0160koda We Love Cycling - Magyarorsz\u00e1g\",\"description\":\"\u0160koda WeLoveCycling\",\"potentialAction\":[{\"@type\":\"SearchAction\",\"target\":{\"@type\":\"EntryPoint\",\"urlTemplate\":\"https:\/\/www.welovecycling.com\/hu\/?s={search_term_string}\"},\"query-input\":{\"@type\":\"PropertyValueSpecification\",\"valueRequired\":true,\"valueName\":\"search_term_string\"}}],\"inLanguage\":\"hu\"},{\"@type\":\"Person\",\"@id\":\"https:\/\/www.welovecycling.com\/hu\/#\/schema\/person\/414a2aebf1801691a5320edb6468e194\",\"name\":\"hegyizs\",\"image\":{\"@type\":\"ImageObject\",\"inLanguage\":\"hu\",\"@id\":\"https:\/\/www.welovecycling.com\/hu\/#\/schema\/person\/image\/\",\"url\":\"https:\/\/secure.gravatar.com\/avatar\/02cf8a7906b8cf90cecb4679defac7cfd33a1c2e3b88e4903d947f3bb58eedd3?s=96&d=mm&r=g\",\"contentUrl\":\"https:\/\/secure.gravatar.com\/avatar\/02cf8a7906b8cf90cecb4679defac7cfd33a1c2e3b88e4903d947f3bb58eedd3?s=96&d=mm&r=g\",\"caption\":\"hegyizs\"},\"url\":\"https:\/\/www.welovecycling.com\/hu\/author\/hegyizs\/\"}]}<\/script>\n<!-- \/ Yoast SEO Premium plugin. -->","yoast_head_json":{"title":"Rettegek, hogy ellopj\u00e1k - \u0160koda We Love Cycling - Magyarorsz\u00e1g","description":"Az elm\u00falt f\u00e9l \u00e9vben egyre t\u00f6bben haszn\u00e1lj\u00e1k biciklij\u00fcket k\u00f6zleked\u00e9si- \u00e9s sporteszk\u00f6zk\u00e9nt egyar\u00e1nt.","robots":{"index":"index","follow":"follow","max-snippet":"max-snippet:-1","max-image-preview":"max-image-preview:large","max-video-preview":"max-video-preview:-1"},"canonical":"https:\/\/www.welovecycling.com\/hu\/biztonsag\/rettegek-hogy-ellopjak\/","og_locale":"hu_HU","og_type":"article","og_title":"Rettegek, hogy ellopj\u00e1k","og_description":"Az elm\u00falt f\u00e9l \u00e9vben egyre t\u00f6bben haszn\u00e1lj\u00e1k biciklij\u00fcket k\u00f6zleked\u00e9si- \u00e9s sporteszk\u00f6zk\u00e9nt egyar\u00e1nt.","og_url":"https:\/\/www.welovecycling.com\/hu\/biztonsag\/rettegek-hogy-ellopjak\/","og_site_name":"\u0160koda We Love Cycling - Magyarorsz\u00e1g","article_publisher":"https:\/\/www.facebook.com\/WeLoveCyclingHungary\/","article_published_time":"2020-09-21T07:00:20+00:00","og_image":[{"width":1366,"height":600,"url":"https:\/\/d2p6e6u75xmxt8.cloudfront.net\/12\/2020\/09\/theft-profimedia-0400069814-CVR.jpg","type":"image\/jpeg"}],"author":"hegyizs","twitter_card":"summary_large_image","twitter_misc":{"Written by":"Megan Flottorp","Est. reading time":"6"},"schema":{"@context":"https:\/\/schema.org","@graph":[{"@type":"WebPage","@id":"https:\/\/www.welovecycling.com\/hu\/biztonsag\/rettegek-hogy-ellopjak\/","url":"https:\/\/www.welovecycling.com\/hu\/biztonsag\/rettegek-hogy-ellopjak\/","name":"Rettegek, hogy ellopj\u00e1k - \u0160koda We Love Cycling - Magyarorsz\u00e1g","isPartOf":{"@id":"https:\/\/www.welovecycling.com\/hu\/#website"},"primaryImageOfPage":{"@id":"https:\/\/www.welovecycling.com\/hu\/biztonsag\/rettegek-hogy-ellopjak\/#primaryimage"},"image":{"@id":"https:\/\/www.welovecycling.com\/hu\/biztonsag\/rettegek-hogy-ellopjak\/#primaryimage"},"thumbnailUrl":"https:\/\/d2p6e6u75xmxt8.cloudfront.net\/12\/2020\/09\/theft-profimedia-0400069814-CVR.jpg","datePublished":"2020-09-21T07:00:20+00:00","author":{"@id":"https:\/\/www.welovecycling.com\/hu\/#\/schema\/person\/414a2aebf1801691a5320edb6468e194"},"description":"Az elm\u00falt f\u00e9l \u00e9vben egyre t\u00f6bben haszn\u00e1lj\u00e1k biciklij\u00fcket k\u00f6zleked\u00e9si- \u00e9s sporteszk\u00f6zk\u00e9nt egyar\u00e1nt.","breadcrumb":{"@id":"https:\/\/www.welovecycling.com\/hu\/biztonsag\/rettegek-hogy-ellopjak\/#breadcrumb"},"inLanguage":"hu","potentialAction":[{"@type":"ReadAction","target":["https:\/\/www.welovecycling.com\/hu\/biztonsag\/rettegek-hogy-ellopjak\/"]}]},{"@type":"ImageObject","inLanguage":"hu","@id":"https:\/\/www.welovecycling.com\/hu\/biztonsag\/rettegek-hogy-ellopjak\/#primaryimage","url":"https:\/\/d2p6e6u75xmxt8.cloudfront.net\/12\/2020\/09\/theft-profimedia-0400069814-CVR.jpg","contentUrl":"https:\/\/d2p6e6u75xmxt8.cloudfront.net\/12\/2020\/09\/theft-profimedia-0400069814-CVR.jpg","width":1366,"height":600,"caption":"Bike Theft"},{"@type":"BreadcrumbList","@id":"https:\/\/www.welovecycling.com\/hu\/biztonsag\/rettegek-hogy-ellopjak\/#breadcrumb","itemListElement":[{"@type":"ListItem","position":1,"name":"Home","item":"https:\/\/www.welovecycling.com\/hu\/"},{"@type":"ListItem","position":2,"name":"Rettegek, hogy ellopj\u00e1k"}]},{"@type":"WebSite","@id":"https:\/\/www.welovecycling.com\/hu\/#website","url":"https:\/\/www.welovecycling.com\/hu\/","name":"\u0160koda We Love Cycling - Magyarorsz\u00e1g","description":"\u0160koda WeLoveCycling","potentialAction":[{"@type":"SearchAction","target":{"@type":"EntryPoint","urlTemplate":"https:\/\/www.welovecycling.com\/hu\/?s={search_term_string}"},"query-input":{"@type":"PropertyValueSpecification","valueRequired":true,"valueName":"search_term_string"}}],"inLanguage":"hu"},{"@type":"Person","@id":"https:\/\/www.welovecycling.com\/hu\/#\/schema\/person\/414a2aebf1801691a5320edb6468e194","name":"hegyizs","image":{"@type":"ImageObject","inLanguage":"hu","@id":"https:\/\/www.welovecycling.com\/hu\/#\/schema\/person\/image\/","url":"https:\/\/secure.gravatar.com\/avatar\/02cf8a7906b8cf90cecb4679defac7cfd33a1c2e3b88e4903d947f3bb58eedd3?s=96&d=mm&r=g","contentUrl":"https:\/\/secure.gravatar.com\/avatar\/02cf8a7906b8cf90cecb4679defac7cfd33a1c2e3b88e4903d947f3bb58eedd3?s=96&d=mm&r=g","caption":"hegyizs"},"url":"https:\/\/www.welovecycling.com\/hu\/author\/hegyizs\/"}]}},"_links":{"self":[{"href":"https:\/\/www.welovecycling.com\/hu\/wp-json\/wp\/v2\/posts\/8582","targetHints":{"allow":["GET"]}}],"collection":[{"href":"https:\/\/www.welovecycling.com\/hu\/wp-json\/wp\/v2\/posts"}],"about":[{"href":"https:\/\/www.welovecycling.com\/hu\/wp-json\/wp\/v2\/types\/post"}],"author":[{"embeddable":true,"href":"https:\/\/www.welovecycling.com\/hu\/wp-json\/wp\/v2\/users\/71"}],"replies":[{"embeddable":true,"href":"https:\/\/www.welovecycling.com\/hu\/wp-json\/wp\/v2\/comments?post=8582"}],"version-history":[{"count":2,"href":"https:\/\/www.welovecycling.com\/hu\/wp-json\/wp\/v2\/posts\/8582\/revisions"}],"predecessor-version":[{"id":8609,"href":"https:\/\/www.welovecycling.com\/hu\/wp-json\/wp\/v2\/posts\/8582\/revisions\/8609"}],"wp:featuredmedia":[{"embeddable":true,"href":"https:\/\/www.welovecycling.com\/hu\/wp-json\/wp\/v2\/media\/8587"}],"wp:attachment":[{"href":"https:\/\/www.welovecycling.com\/hu\/wp-json\/wp\/v2\/media?parent=8582"}],"wp:term":[{"taxonomy":"category","embeddable":true,"href":"https:\/\/www.welovecycling.com\/hu\/wp-json\/wp\/v2\/categories?post=8582"},{"taxonomy":"post_tag","embeddable":true,"href":"https:\/\/www.welovecycling.com\/hu\/wp-json\/wp\/v2\/tags?post=8582"},{"taxonomy":"global-categories","embeddable":true,"href":"https:\/\/www.welovecycling.com\/hu\/wp-json\/wp\/v2\/global-categories?post=8582"}],"curies":[{"name":"wp","href":"https:\/\/api.w.org\/{rel}","templated":true}]}}