{"id":8573,"date":"2020-09-19T08:00:27","date_gmt":"2020-09-19T07:00:27","guid":{"rendered":"https:\/\/www.welovecycling.com\/hu\/?p=8573"},"modified":"2020-09-12T13:26:44","modified_gmt":"2020-09-12T12:26:44","slug":"igy-fogadd-az-uj-bicikliseket","status":"publish","type":"post","link":"https:\/\/www.welovecycling.com\/hu\/kozosseg-es-kultura\/igy-fogadd-az-uj-bicikliseket\/","title":{"rendered":"\u00cdgy fogadd az \u00faj bicikliseket"},"content":{"rendered":"<p><strong>Biztosan te is \u00e9szrevetted, hogy megszaporodtak a biciklisek az ut\u00f3bbi id\u0151ben. A koronav\u00edrus egyik hat\u00e1sa ez: a bez\u00e1rt konditermek \u00e9s a sz\u00f3rakoz\u00e1si lehet\u0151s\u00e9gek korl\u00e1toz\u00e1sa nagy bring\u00e1s bummhoz vezettek. Sokan a testmozg\u00e1s mellett a t\u00f6megk\u00f6zleked\u00e9s alternat\u00edv\u00e1jak\u00e9nt is haszn\u00e1lj\u00e1k a k\u00e9tkerek\u0171 j\u00e1rg\u00e1nyokat. Ak\u00e1rhogy is, sok \u00faj tag van bring\u00e1s k\u00f6z\u00f6ss\u00e9g\u00fcnkben, \u00e9s nagyon is sz\u00e1m\u00edt, hogyan fogadjuk \u0151ket.<\/strong><!--more--><\/p>\n<h2><strong>Egy b\u00f3lint\u00e1s is el\u00e9g<\/strong><\/h2>\n<p>Csak jelezd, hogy \u00e9szrevetted \u0151ket, j\u00f3l fog nekik esni! Ha legk\u00f6zelebb szembej\u00f6n veled egy m\u00e1sik biciklis, mosolyogj, ints, vagy csak b\u00f3lints egyet, ha pedig egy\u00fctt \u00e1lltok meg a l\u00e1mp\u00e1n\u00e1l, m\u00e9g egy kis besz\u00e9lget\u00e9s is belef\u00e9r. Ez egy egyszer\u0171 m\u00f3dja a k\u00f6z\u00f6ss\u00e9gteremt\u00e9snek!<\/p>\n<h2><strong>Aj\u00e1nld fel a seg\u00edts\u00e9ged!<\/strong><\/h2>\n<p>Saj\u00e1t bar\u00e1ti k\u00f6r\u00f6dben m\u00e1r lehet, hogy mindenki hozz\u00e1d fordul, ha bring\u00e1s k\u00e9rd\u00e9s mer\u00fcl fel benne, de mi\u00e9rt ne terjeszthetn\u00e9d tud\u00e1sod m\u00e1sok k\u00f6z\u00f6tt is? F\u0151leg a teljesen kezd\u0151knek j\u00f6hetnek j\u00f3l a tapasztalataid. Ha \u00e9szreveszel valakit, aki lapos ker\u00e9kkel vagy m\u00e1s technikai probl\u00e9m\u00e1val k\u00fczd, seg\u00edts neki! Persze arra az\u00e9rt figyelj, hogy ne er\u0151ltesd r\u00e1 magad senkire, aki nem nyitott a seg\u00edts\u00e9gedre. Vannak, akik szeretnek m\u00e1sokt\u00f3l tanulni, \u00e9s vannak, akik saj\u00e1t maguk oldj\u00e1k meg a probl\u00e9m\u00e1ikat.<\/p>\n<h2><strong>Lass\u00edts le!<\/strong><\/h2>\n<p>Sz\u00f3 szerint! Ha forgalmas \u00faton tekersz, ahol sok a biciklis, a gyalogos \u00e9s a gyerek, vegy\u00e9l vissza a sebess\u00e9gb\u0151l \u00e9s hagyj el\u00e9g helyet m\u00e1soknak! Semmi sem m\u00e9rges\u00edti el jobban a j\u00e1r\u00f3kel\u0151kkel val\u00f3 viszonyt, mint egy t\u0151l\u00fck alig p\u00e1r centire, hurrik\u00e1nk\u00e9nt elsz\u00e1guld\u00f3 biciklis. Legy\u00fcnk mi a sport j\u00f3t\u00e9kony nagyk\u00f6vetei!<\/p>\n<h2><strong>Oszd meg kedvenc \u00fatvonalaid!<\/strong><\/h2>\n<p>Az egyik legjobb, amit tehetsz egy kezd\u0151 bring\u00e1ssal, ha szuper \u00fatvonalakkal l\u00e1tod el, ahol h\u00f3dolhat \u00faj szenved\u00e9ly\u00e9nek. Meghat\u00e1roz\u00f3 \u00e9lm\u00e9nyek lehetnek az els\u0151 teker\u00e9sek, nem mindegy h\u00e1t, hogy hol ejti meg \u0151ket az ember!<\/p>\n<h2><strong>H\u00edvd el \u0151ket magaddal!<\/strong><\/h2>\n<p>Persze m\u00e9g enn\u00e9l is nagyobb seg\u00edts\u00e9g, ha csatlakozol hozz\u00e1juk egy \u00fatra. Magabiztosabban tekerhetnek majd m\u00f6g\u00f6tted, \u00e1tvehetik a szok\u00e1saidat, \u00e9s feltehetik a k\u00e9rd\u00e9seiket. Arr\u00f3l, hogy hogyan viselkedj egy k\u00f6z\u00f6s t\u00far\u00e1n, <a href=\"https:\/\/www.welovecycling.com\/hu\/kozosseg-es-kultura\/szabaduljunk-meg-a-bringas-elitizmus-fogalmatol\/\">ebben a cikk\u00fcnkben olvashatsz<\/a>.<\/p>\n<p><em>Forr\u00e1s: <\/em><a href=\"https:\/\/www.bicycling.com\/skills-tips\/a33751664\/how-to-welcome-new-cyclists\/\"><em>bicycling.com<\/em><\/a><\/p>\n","protected":false},"excerpt":{"rendered":"<p>Biztosan te is \u00e9szrevetted, hogy megszaporodtak a biciklisek az ut\u00f3bbi id\u0151ben. A koronav\u00edrus egyik hat\u00e1sa ez: a bez\u00e1rt konditermek \u00e9s [&hellip;]<\/p>\n","protected":false},"author":71,"featured_media":8574,"comment_status":"open","ping_status":"open","sticky":false,"template":"","format":"standard","meta":{"footnotes":""},"categories":[12],"tags":[],"global-categories":[],"class_list":["post-8573","post","type-post","status-publish","format-standard","has-post-thumbnail","hentry","category-kozosseg-es-kultura"],"yoast_head":"<!-- This site is optimized with the Yoast SEO Premium plugin v25.3 (Yoast SEO v25.9) - https:\/\/yoast.com\/wordpress\/plugins\/seo\/ -->\n<title>\u00cdgy fogadd az \u00faj bicikliseket - \u0160koda We Love Cycling - Magyarorsz\u00e1g<\/title>\n<meta name=\"description\" content=\"Biztosan te is \u00e9szrevetted, hogy megszaporodtak a biciklisek az ut\u00f3bbi id\u0151ben. A koronav\u00edrus egyik hat\u00e1sa ez: a bez\u00e1rt konditermek \u00e9s a sz\u00f3rakoz\u00e1si lehet\u0151s\u00e9gek korl\u00e1toz\u00e1sa nagy bring\u00e1s bummhoz vezettek.\" \/>\n<meta name=\"robots\" content=\"index, follow, max-snippet:-1, max-image-preview:large, max-video-preview:-1\" \/>\n<link rel=\"canonical\" href=\"https:\/\/www.welovecycling.com\/hu\/kozosseg-es-kultura\/igy-fogadd-az-uj-bicikliseket\/\" \/>\n<meta property=\"og:locale\" content=\"hu_HU\" \/>\n<meta property=\"og:type\" content=\"article\" \/>\n<meta property=\"og:title\" content=\"\u00cdgy fogadd az \u00faj bicikliseket\" \/>\n<meta property=\"og:description\" content=\"Biztosan te is \u00e9szrevetted, hogy megszaporodtak a biciklisek az ut\u00f3bbi id\u0151ben. A koronav\u00edrus egyik hat\u00e1sa ez: a bez\u00e1rt konditermek \u00e9s a sz\u00f3rakoz\u00e1si lehet\u0151s\u00e9gek korl\u00e1toz\u00e1sa nagy bring\u00e1s bummhoz vezettek.\" \/>\n<meta property=\"og:url\" content=\"https:\/\/www.welovecycling.com\/hu\/kozosseg-es-kultura\/igy-fogadd-az-uj-bicikliseket\/\" \/>\n<meta property=\"og:site_name\" content=\"\u0160koda We Love Cycling - Magyarorsz\u00e1g\" \/>\n<meta property=\"article:publisher\" content=\"https:\/\/www.facebook.com\/WeLoveCyclingHungary\/\" \/>\n<meta property=\"article:published_time\" content=\"2020-09-19T07:00:27+00:00\" \/>\n<meta property=\"og:image\" content=\"https:\/\/d2p6e6u75xmxt8.cloudfront.net\/12\/2020\/09\/millenial-bike-riders-in-urban-setting-royalty-free-image-1598306868.jpg\" \/>\n\t<meta property=\"og:image:width\" content=\"980\" \/>\n\t<meta property=\"og:image:height\" content=\"653\" \/>\n\t<meta property=\"og:image:type\" content=\"image\/jpeg\" \/>\n<meta name=\"author\" content=\"hegyizs\" \/>\n<meta name=\"twitter:card\" content=\"summary_large_image\" \/>\n<meta name=\"twitter:label1\" content=\"Written by\" \/>\n\t<meta name=\"twitter:data1\" content=\"WLC\" \/>\n\t<meta name=\"twitter:label2\" content=\"Est. reading time\" \/>\n\t<meta name=\"twitter:data2\" content=\"2 minutes\" \/>\n<script type=\"application\/ld+json\" class=\"yoast-schema-graph\">{\"@context\":\"https:\/\/schema.org\",\"@graph\":[{\"@type\":\"WebPage\",\"@id\":\"https:\/\/www.welovecycling.com\/hu\/kozosseg-es-kultura\/igy-fogadd-az-uj-bicikliseket\/\",\"url\":\"https:\/\/www.welovecycling.com\/hu\/kozosseg-es-kultura\/igy-fogadd-az-uj-bicikliseket\/\",\"name\":\"\u00cdgy fogadd az \u00faj bicikliseket - \u0160koda We Love Cycling - Magyarorsz\u00e1g\",\"isPartOf\":{\"@id\":\"https:\/\/www.welovecycling.com\/hu\/#website\"},\"primaryImageOfPage\":{\"@id\":\"https:\/\/www.welovecycling.com\/hu\/kozosseg-es-kultura\/igy-fogadd-az-uj-bicikliseket\/#primaryimage\"},\"image\":{\"@id\":\"https:\/\/www.welovecycling.com\/hu\/kozosseg-es-kultura\/igy-fogadd-az-uj-bicikliseket\/#primaryimage\"},\"thumbnailUrl\":\"https:\/\/d2p6e6u75xmxt8.cloudfront.net\/12\/2020\/09\/millenial-bike-riders-in-urban-setting-royalty-free-image-1598306868.jpg\",\"datePublished\":\"2020-09-19T07:00:27+00:00\",\"author\":{\"@id\":\"https:\/\/www.welovecycling.com\/hu\/#\/schema\/person\/414a2aebf1801691a5320edb6468e194\"},\"description\":\"Biztosan te is \u00e9szrevetted, hogy megszaporodtak a biciklisek az ut\u00f3bbi id\u0151ben. A koronav\u00edrus egyik hat\u00e1sa ez: a bez\u00e1rt konditermek \u00e9s a sz\u00f3rakoz\u00e1si lehet\u0151s\u00e9gek korl\u00e1toz\u00e1sa nagy bring\u00e1s bummhoz vezettek.\",\"breadcrumb\":{\"@id\":\"https:\/\/www.welovecycling.com\/hu\/kozosseg-es-kultura\/igy-fogadd-az-uj-bicikliseket\/#breadcrumb\"},\"inLanguage\":\"hu\",\"potentialAction\":[{\"@type\":\"ReadAction\",\"target\":[\"https:\/\/www.welovecycling.com\/hu\/kozosseg-es-kultura\/igy-fogadd-az-uj-bicikliseket\/\"]}]},{\"@type\":\"ImageObject\",\"inLanguage\":\"hu\",\"@id\":\"https:\/\/www.welovecycling.com\/hu\/kozosseg-es-kultura\/igy-fogadd-az-uj-bicikliseket\/#primaryimage\",\"url\":\"https:\/\/d2p6e6u75xmxt8.cloudfront.net\/12\/2020\/09\/millenial-bike-riders-in-urban-setting-royalty-free-image-1598306868.jpg\",\"contentUrl\":\"https:\/\/d2p6e6u75xmxt8.cloudfront.net\/12\/2020\/09\/millenial-bike-riders-in-urban-setting-royalty-free-image-1598306868.jpg\",\"width\":980,\"height\":653},{\"@type\":\"BreadcrumbList\",\"@id\":\"https:\/\/www.welovecycling.com\/hu\/kozosseg-es-kultura\/igy-fogadd-az-uj-bicikliseket\/#breadcrumb\",\"itemListElement\":[{\"@type\":\"ListItem\",\"position\":1,\"name\":\"Home\",\"item\":\"https:\/\/www.welovecycling.com\/hu\/\"},{\"@type\":\"ListItem\",\"position\":2,\"name\":\"\u00cdgy fogadd az \u00faj bicikliseket\"}]},{\"@type\":\"WebSite\",\"@id\":\"https:\/\/www.welovecycling.com\/hu\/#website\",\"url\":\"https:\/\/www.welovecycling.com\/hu\/\",\"name\":\"\u0160koda We Love Cycling - Magyarorsz\u00e1g\",\"description\":\"\u0160koda WeLoveCycling\",\"potentialAction\":[{\"@type\":\"SearchAction\",\"target\":{\"@type\":\"EntryPoint\",\"urlTemplate\":\"https:\/\/www.welovecycling.com\/hu\/?s={search_term_string}\"},\"query-input\":{\"@type\":\"PropertyValueSpecification\",\"valueRequired\":true,\"valueName\":\"search_term_string\"}}],\"inLanguage\":\"hu\"},{\"@type\":\"Person\",\"@id\":\"https:\/\/www.welovecycling.com\/hu\/#\/schema\/person\/414a2aebf1801691a5320edb6468e194\",\"name\":\"hegyizs\",\"image\":{\"@type\":\"ImageObject\",\"inLanguage\":\"hu\",\"@id\":\"https:\/\/www.welovecycling.com\/hu\/#\/schema\/person\/image\/\",\"url\":\"https:\/\/secure.gravatar.com\/avatar\/02cf8a7906b8cf90cecb4679defac7cfd33a1c2e3b88e4903d947f3bb58eedd3?s=96&d=mm&r=g\",\"contentUrl\":\"https:\/\/secure.gravatar.com\/avatar\/02cf8a7906b8cf90cecb4679defac7cfd33a1c2e3b88e4903d947f3bb58eedd3?s=96&d=mm&r=g\",\"caption\":\"hegyizs\"},\"url\":\"https:\/\/www.welovecycling.com\/hu\/author\/hegyizs\/\"}]}<\/script>\n<!-- \/ Yoast SEO Premium plugin. -->","yoast_head_json":{"title":"\u00cdgy fogadd az \u00faj bicikliseket - \u0160koda We Love Cycling - Magyarorsz\u00e1g","description":"Biztosan te is \u00e9szrevetted, hogy megszaporodtak a biciklisek az ut\u00f3bbi id\u0151ben. A koronav\u00edrus egyik hat\u00e1sa ez: a bez\u00e1rt konditermek \u00e9s a sz\u00f3rakoz\u00e1si lehet\u0151s\u00e9gek korl\u00e1toz\u00e1sa nagy bring\u00e1s bummhoz vezettek.","robots":{"index":"index","follow":"follow","max-snippet":"max-snippet:-1","max-image-preview":"max-image-preview:large","max-video-preview":"max-video-preview:-1"},"canonical":"https:\/\/www.welovecycling.com\/hu\/kozosseg-es-kultura\/igy-fogadd-az-uj-bicikliseket\/","og_locale":"hu_HU","og_type":"article","og_title":"\u00cdgy fogadd az \u00faj bicikliseket","og_description":"Biztosan te is \u00e9szrevetted, hogy megszaporodtak a biciklisek az ut\u00f3bbi id\u0151ben. A koronav\u00edrus egyik hat\u00e1sa ez: a bez\u00e1rt konditermek \u00e9s a sz\u00f3rakoz\u00e1si lehet\u0151s\u00e9gek korl\u00e1toz\u00e1sa nagy bring\u00e1s bummhoz vezettek.","og_url":"https:\/\/www.welovecycling.com\/hu\/kozosseg-es-kultura\/igy-fogadd-az-uj-bicikliseket\/","og_site_name":"\u0160koda We Love Cycling - Magyarorsz\u00e1g","article_publisher":"https:\/\/www.facebook.com\/WeLoveCyclingHungary\/","article_published_time":"2020-09-19T07:00:27+00:00","og_image":[{"width":980,"height":653,"url":"https:\/\/d2p6e6u75xmxt8.cloudfront.net\/12\/2020\/09\/millenial-bike-riders-in-urban-setting-royalty-free-image-1598306868.jpg","type":"image\/jpeg"}],"author":"hegyizs","twitter_card":"summary_large_image","twitter_misc":{"Written by":"WLC","Est. reading time":"2 minutes"},"schema":{"@context":"https:\/\/schema.org","@graph":[{"@type":"WebPage","@id":"https:\/\/www.welovecycling.com\/hu\/kozosseg-es-kultura\/igy-fogadd-az-uj-bicikliseket\/","url":"https:\/\/www.welovecycling.com\/hu\/kozosseg-es-kultura\/igy-fogadd-az-uj-bicikliseket\/","name":"\u00cdgy fogadd az \u00faj bicikliseket - \u0160koda We Love Cycling - Magyarorsz\u00e1g","isPartOf":{"@id":"https:\/\/www.welovecycling.com\/hu\/#website"},"primaryImageOfPage":{"@id":"https:\/\/www.welovecycling.com\/hu\/kozosseg-es-kultura\/igy-fogadd-az-uj-bicikliseket\/#primaryimage"},"image":{"@id":"https:\/\/www.welovecycling.com\/hu\/kozosseg-es-kultura\/igy-fogadd-az-uj-bicikliseket\/#primaryimage"},"thumbnailUrl":"https:\/\/d2p6e6u75xmxt8.cloudfront.net\/12\/2020\/09\/millenial-bike-riders-in-urban-setting-royalty-free-image-1598306868.jpg","datePublished":"2020-09-19T07:00:27+00:00","author":{"@id":"https:\/\/www.welovecycling.com\/hu\/#\/schema\/person\/414a2aebf1801691a5320edb6468e194"},"description":"Biztosan te is \u00e9szrevetted, hogy megszaporodtak a biciklisek az ut\u00f3bbi id\u0151ben. A koronav\u00edrus egyik hat\u00e1sa ez: a bez\u00e1rt konditermek \u00e9s a sz\u00f3rakoz\u00e1si lehet\u0151s\u00e9gek korl\u00e1toz\u00e1sa nagy bring\u00e1s bummhoz vezettek.","breadcrumb":{"@id":"https:\/\/www.welovecycling.com\/hu\/kozosseg-es-kultura\/igy-fogadd-az-uj-bicikliseket\/#breadcrumb"},"inLanguage":"hu","potentialAction":[{"@type":"ReadAction","target":["https:\/\/www.welovecycling.com\/hu\/kozosseg-es-kultura\/igy-fogadd-az-uj-bicikliseket\/"]}]},{"@type":"ImageObject","inLanguage":"hu","@id":"https:\/\/www.welovecycling.com\/hu\/kozosseg-es-kultura\/igy-fogadd-az-uj-bicikliseket\/#primaryimage","url":"https:\/\/d2p6e6u75xmxt8.cloudfront.net\/12\/2020\/09\/millenial-bike-riders-in-urban-setting-royalty-free-image-1598306868.jpg","contentUrl":"https:\/\/d2p6e6u75xmxt8.cloudfront.net\/12\/2020\/09\/millenial-bike-riders-in-urban-setting-royalty-free-image-1598306868.jpg","width":980,"height":653},{"@type":"BreadcrumbList","@id":"https:\/\/www.welovecycling.com\/hu\/kozosseg-es-kultura\/igy-fogadd-az-uj-bicikliseket\/#breadcrumb","itemListElement":[{"@type":"ListItem","position":1,"name":"Home","item":"https:\/\/www.welovecycling.com\/hu\/"},{"@type":"ListItem","position":2,"name":"\u00cdgy fogadd az \u00faj bicikliseket"}]},{"@type":"WebSite","@id":"https:\/\/www.welovecycling.com\/hu\/#website","url":"https:\/\/www.welovecycling.com\/hu\/","name":"\u0160koda We Love Cycling - Magyarorsz\u00e1g","description":"\u0160koda WeLoveCycling","potentialAction":[{"@type":"SearchAction","target":{"@type":"EntryPoint","urlTemplate":"https:\/\/www.welovecycling.com\/hu\/?s={search_term_string}"},"query-input":{"@type":"PropertyValueSpecification","valueRequired":true,"valueName":"search_term_string"}}],"inLanguage":"hu"},{"@type":"Person","@id":"https:\/\/www.welovecycling.com\/hu\/#\/schema\/person\/414a2aebf1801691a5320edb6468e194","name":"hegyizs","image":{"@type":"ImageObject","inLanguage":"hu","@id":"https:\/\/www.welovecycling.com\/hu\/#\/schema\/person\/image\/","url":"https:\/\/secure.gravatar.com\/avatar\/02cf8a7906b8cf90cecb4679defac7cfd33a1c2e3b88e4903d947f3bb58eedd3?s=96&d=mm&r=g","contentUrl":"https:\/\/secure.gravatar.com\/avatar\/02cf8a7906b8cf90cecb4679defac7cfd33a1c2e3b88e4903d947f3bb58eedd3?s=96&d=mm&r=g","caption":"hegyizs"},"url":"https:\/\/www.welovecycling.com\/hu\/author\/hegyizs\/"}]}},"_links":{"self":[{"href":"https:\/\/www.welovecycling.com\/hu\/wp-json\/wp\/v2\/posts\/8573","targetHints":{"allow":["GET"]}}],"collection":[{"href":"https:\/\/www.welovecycling.com\/hu\/wp-json\/wp\/v2\/posts"}],"about":[{"href":"https:\/\/www.welovecycling.com\/hu\/wp-json\/wp\/v2\/types\/post"}],"author":[{"embeddable":true,"href":"https:\/\/www.welovecycling.com\/hu\/wp-json\/wp\/v2\/users\/71"}],"replies":[{"embeddable":true,"href":"https:\/\/www.welovecycling.com\/hu\/wp-json\/wp\/v2\/comments?post=8573"}],"version-history":[{"count":1,"href":"https:\/\/www.welovecycling.com\/hu\/wp-json\/wp\/v2\/posts\/8573\/revisions"}],"predecessor-version":[{"id":8575,"href":"https:\/\/www.welovecycling.com\/hu\/wp-json\/wp\/v2\/posts\/8573\/revisions\/8575"}],"wp:featuredmedia":[{"embeddable":true,"href":"https:\/\/www.welovecycling.com\/hu\/wp-json\/wp\/v2\/media\/8574"}],"wp:attachment":[{"href":"https:\/\/www.welovecycling.com\/hu\/wp-json\/wp\/v2\/media?parent=8573"}],"wp:term":[{"taxonomy":"category","embeddable":true,"href":"https:\/\/www.welovecycling.com\/hu\/wp-json\/wp\/v2\/categories?post=8573"},{"taxonomy":"post_tag","embeddable":true,"href":"https:\/\/www.welovecycling.com\/hu\/wp-json\/wp\/v2\/tags?post=8573"},{"taxonomy":"global-categories","embeddable":true,"href":"https:\/\/www.welovecycling.com\/hu\/wp-json\/wp\/v2\/global-categories?post=8573"}],"curies":[{"name":"wp","href":"https:\/\/api.w.org\/{rel}","templated":true}]}}