{"id":8563,"date":"2020-09-18T08:00:20","date_gmt":"2020-09-18T07:00:20","guid":{"rendered":"https:\/\/www.welovecycling.com\/hu\/?p=8563"},"modified":"2020-09-12T13:26:19","modified_gmt":"2020-09-12T12:26:19","slug":"tour-de-france-taplalkozasi-kisokos-hegyi-szakaszokhoz","status":"publish","type":"post","link":"https:\/\/www.welovecycling.com\/hu\/edzes-es-eletmod\/tour-de-france-taplalkozasi-kisokos-hegyi-szakaszokhoz\/","title":{"rendered":"Tour de France t\u00e1pl\u00e1lkoz\u00e1si kisokos hegyi szakaszokhoz"},"content":{"rendered":"<p><strong>A Tour teljes\u00edt\u00e9s\u00e9hez sz\u00fcks\u00e9ges \u00e9telmennyis\u00e9g napr\u00f3l napra v\u00e1ltozik. S\u00edk szakaszokon kevesebb energi\u00e1ra van sz\u00fcks\u00e9g\u00fck a versenyz\u0151knek, ez\u00e9rt nem kell annyi sz\u00e9nhidr\u00e1tot bevinni\u00fck, mint egy kem\u00e9ny hegyi etap el\u0151tt. Ut\u00f3bbi esetben viszont sokszor k\u00fczdeni\u00fck kell magukkal, hogy elegend\u0151 \u00e9telt tudjanak elfogyasztani, \u00e9s ne \u00fcr\u00fclj\u00f6n ki energia-k\u00e9szlet\u00fck.<\/strong><\/p>\n<p><!--more--><\/p>\n<p>A hegyi szakaszok d\u00f6nt\u0151 jelent\u0151s\u00e9g\u0171ek lehetnek az \u00f6sszes\u00edtett verseny szempontj\u00e1b\u00f3l. Fontos teh\u00e1t, hogy energi\u00e1val telve induljanak neki a r\u00e9sztvev\u0151k, min\u00e9l t\u00f6bb sz\u00e9nhidr\u00e1tot vigyenek be \u00fat k\u00f6zben \u00e9s folyamatosan hidrat\u00e1ljanak.<\/p>\n<h2><strong>A szakaszt megel\u0151z\u0151 nap<\/strong><\/h2>\n<p>Fontos, hogy m\u00e1r a futamot megel\u0151z\u0151 napon megkezdj\u00e9k a glikog\u00e9nk\u00e9szletek felt\u00f6lt\u00e9s\u00e9t. A hegyi szakaszt megel\u0151z\u0151 vacsora \u00e1ltal\u00e1ban nagy mennyis\u00e9g\u0171 sz\u00e9nhidr\u00e1tot tartalmaz, feh\u00e9r rizs form\u00e1j\u00e1ban. Emellett n\u00e9mi feh\u00e9rjeforr\u00e1s, mint p\u00e9ld\u00e1ul csirke is ker\u00fcl a t\u00e1ny\u00e9rra. Desszertnek t\u00f6bbnyire palacsinta, gy\u00fcm\u00f6lcs vagy m\u00e1s magas sz\u00e9nhidr\u00e1t-tartalm\u00fa \u00e9dess\u00e9g k\u00f6vetkezik.<\/p>\n<p><a href=\"https:\/\/d2p6e6u75xmxt8.cloudfront.net\/2\/2020\/08\/pexels-dmytro-2732666.jpg\"><img loading=\"lazy\" decoding=\"async\" class=\"wp-image-8564 size-large\" src=\"https:\/\/d2p6e6u75xmxt8.cloudfront.net\/12\/2020\/09\/pexels-dmytro-2732666-1024x674.jpg\" alt=\"Nutrition\" width=\"1024\" height=\"674\" srcset=\"https:\/\/d2p6e6u75xmxt8.cloudfront.net\/12\/2020\/09\/pexels-dmytro-2732666-1024x674.jpg 1024w, https:\/\/d2p6e6u75xmxt8.cloudfront.net\/12\/2020\/09\/pexels-dmytro-2732666-300x197.jpg 300w, https:\/\/d2p6e6u75xmxt8.cloudfront.net\/12\/2020\/09\/pexels-dmytro-2732666-768x505.jpg 768w, https:\/\/d2p6e6u75xmxt8.cloudfront.net\/12\/2020\/09\/pexels-dmytro-2732666.jpg 1280w\" sizes=\"auto, (max-width: 1024px) 100vw, 1024px\" \/><\/a><\/p>\n<h2><strong>Reggeli<\/strong><\/h2>\n<p>A reggeli toj\u00e1sr\u00e1ntott\u00e1b\u00f3l, rizsb\u0151l \u00e9s gy\u00fcm\u00f6lcsl\u00e9b\u0151l \u00e1ll, mindez j\u00f3val nagyobb mennyis\u00e9gben, mint egy s\u00edk szakasz el\u0151tt. A palacsint\u00e1t sokszor vastagon megkenik lekv\u00e1rral, hogy el\u00e9rj\u00e9k a k\u00edv\u00e1nt sz\u00e9nhidr\u00e1t-mennyis\u00e9get.<\/p>\n<h2><strong>A biciklin<\/strong><\/h2>\n<p>\u0150r\u00fcletesen sok energiaszeletet, energiag\u00e9lt \u00e9s rizsszeletet kell magukkal vinni\u00fck a versenyz\u0151knek egy hegyi szakaszra. Egy hat \u00f3r\u00e1s \u00fat alatt ak\u00e1r 20 nassolnival\u00f3 is elfogyhat. A titkos fegyver azonban az energiaital!<\/p>\n<figure id=\"attachment_8565\" aria-describedby=\"caption-attachment-8565\" style=\"width: 1000px\" class=\"wp-caption alignnone\"><a href=\"https:\/\/d2p6e6u75xmxt8.cloudfront.net\/12\/2020\/09\/profimedia-0402730951.jpg\"><img loading=\"lazy\" decoding=\"async\" class=\"wp-image-8565 size-full\" src=\"https:\/\/d2p6e6u75xmxt8.cloudfront.net\/12\/2020\/09\/profimedia-0402730951.jpg\" alt=\"Tour Diet\" width=\"1000\" height=\"667\" srcset=\"https:\/\/d2p6e6u75xmxt8.cloudfront.net\/12\/2020\/09\/profimedia-0402730951.jpg 1000w, https:\/\/d2p6e6u75xmxt8.cloudfront.net\/12\/2020\/09\/profimedia-0402730951-300x200.jpg 300w, https:\/\/d2p6e6u75xmxt8.cloudfront.net\/12\/2020\/09\/profimedia-0402730951-768x512.jpg 768w, https:\/\/d2p6e6u75xmxt8.cloudfront.net\/12\/2020\/09\/profimedia-0402730951-272x182.jpg 272w\" sizes=\"auto, (max-width: 1000px) 100vw, 1000px\" \/><\/a><figcaption id=\"caption-attachment-8565\" class=\"wp-caption-text\">\u00a9 Profimedia<\/figcaption><\/figure>\n<h2><strong>A verseny ut\u00e1n<\/strong><\/h2>\n<p>A szinte folyamatos ev\u00e9s a verseny ut\u00e1n sem \u00e1llhat le. A nyeregb\u0151l lesz\u00e1llva r\u00f6gt\u00f6n egy regener\u00e1l\u00f3 itallal kezdenek, k\u00e9s\u0151bb pedig j\u00f6het a rizs \u00e9s m\u00e9g t\u00f6bb energiaszelet, esetleg cukorka.<\/p>\n<h2><strong>Vacsora<\/strong><\/h2>\n<p>A vacsora att\u00f3l f\u00fcgg, milyen t\u00edpus\u00fa szakasz v\u00e1rja \u0151ket m\u00e1snap. Lazac, rizs, gy\u00fcm\u00f6lcsl\u00e9, vagy csirke, ha s\u00edk futam vagy pihen\u0151nap k\u00f6vetkezik. A profik ak\u00e1r 15 gramm sz\u00e9nhidr\u00e1tot is bevihetnek tests\u00falyuk minden kil\u00f3ja ut\u00e1n. Ezt az\u00e9rt ne pr\u00f3b\u00e1ljuk ki otthon!<\/p>\n","protected":false},"excerpt":{"rendered":"<p>A Tour teljes\u00edt\u00e9s\u00e9hez sz\u00fcks\u00e9ges \u00e9telmennyis\u00e9g napr\u00f3l napra v\u00e1ltozik. S\u00edk szakaszokon kevesebb energi\u00e1ra van sz\u00fcks\u00e9g\u00fck a versenyz\u0151knek, ez\u00e9rt nem kell annyi [&hellip;]<\/p>\n","protected":false},"author":71,"featured_media":8567,"comment_status":"open","ping_status":"open","sticky":false,"template":"","format":"standard","meta":{"footnotes":""},"categories":[6],"tags":[441],"global-categories":[],"class_list":["post-8563","post","type-post","status-publish","format-standard","has-post-thumbnail","hentry","category-edzes-es-eletmod","tag-tour-de-france-2020"],"yoast_head":"<!-- This site is optimized with the Yoast SEO Premium plugin v25.3 (Yoast SEO v25.9) - https:\/\/yoast.com\/wordpress\/plugins\/seo\/ -->\n<title>Tour de France t\u00e1pl\u00e1lkoz\u00e1si kisokos hegyi szakaszokhoz<\/title>\n<meta name=\"description\" content=\"A Tour teljes\u00edt\u00e9s\u00e9hez sz\u00fcks\u00e9ges \u00e9telmennyis\u00e9g napr\u00f3l napra v\u00e1ltozik. S\u00edk szakaszokon kevesebb energi\u00e1ra van sz\u00fcks\u00e9g\u00fck a versenyz\u0151knek, ez\u00e9rt nem kell annyi sz\u00e9nhidr\u00e1tot bevinni\u00fck, mint egy kem\u00e9ny hegyi etap el\u0151tt.\" \/>\n<meta name=\"robots\" content=\"index, follow, max-snippet:-1, max-image-preview:large, max-video-preview:-1\" \/>\n<link rel=\"canonical\" href=\"https:\/\/www.welovecycling.com\/hu\/edzes-es-eletmod\/tour-de-france-taplalkozasi-kisokos-hegyi-szakaszokhoz\/\" \/>\n<meta property=\"og:locale\" content=\"hu_HU\" \/>\n<meta property=\"og:type\" content=\"article\" \/>\n<meta property=\"og:title\" content=\"Tour de France t\u00e1pl\u00e1lkoz\u00e1si kisokos hegyi szakaszokhoz\" \/>\n<meta property=\"og:description\" content=\"A Tour teljes\u00edt\u00e9s\u00e9hez sz\u00fcks\u00e9ges \u00e9telmennyis\u00e9g napr\u00f3l napra v\u00e1ltozik. S\u00edk szakaszokon kevesebb energi\u00e1ra van sz\u00fcks\u00e9g\u00fck a versenyz\u0151knek, ez\u00e9rt nem kell annyi sz\u00e9nhidr\u00e1tot bevinni\u00fck, mint egy kem\u00e9ny hegyi etap el\u0151tt.\" \/>\n<meta property=\"og:url\" content=\"https:\/\/www.welovecycling.com\/hu\/edzes-es-eletmod\/tour-de-france-taplalkozasi-kisokos-hegyi-szakaszokhoz\/\" \/>\n<meta property=\"og:site_name\" content=\"\u0160koda We Love Cycling - Magyarorsz\u00e1g\" \/>\n<meta property=\"article:publisher\" content=\"https:\/\/www.facebook.com\/WeLoveCyclingHungary\/\" \/>\n<meta property=\"article:published_time\" content=\"2020-09-18T07:00:20+00:00\" \/>\n<meta property=\"og:image\" content=\"https:\/\/d2p6e6u75xmxt8.cloudfront.net\/12\/2020\/09\/mountain-stage-profimedia-CVR-0555519438.jpg\" \/>\n\t<meta property=\"og:image:width\" content=\"1366\" \/>\n\t<meta property=\"og:image:height\" content=\"600\" \/>\n\t<meta property=\"og:image:type\" content=\"image\/jpeg\" \/>\n<meta name=\"author\" content=\"hegyizs\" \/>\n<meta name=\"twitter:card\" content=\"summary_large_image\" \/>\n<meta name=\"twitter:title\" content=\"Tour de France t\u00e1pl\u00e1lkoz\u00e1si kisokos hegyi szakaszokhoz\" \/>\n<meta name=\"twitter:label1\" content=\"Written by\" \/>\n\t<meta name=\"twitter:data1\" content=\"Jiri Kaloc\" \/>\n\t<meta name=\"twitter:label2\" content=\"Est. reading time\" \/>\n\t<meta name=\"twitter:data2\" content=\"5\" \/>\n<script type=\"application\/ld+json\" class=\"yoast-schema-graph\">{\"@context\":\"https:\/\/schema.org\",\"@graph\":[{\"@type\":\"WebPage\",\"@id\":\"https:\/\/www.welovecycling.com\/hu\/edzes-es-eletmod\/tour-de-france-taplalkozasi-kisokos-hegyi-szakaszokhoz\/\",\"url\":\"https:\/\/www.welovecycling.com\/hu\/edzes-es-eletmod\/tour-de-france-taplalkozasi-kisokos-hegyi-szakaszokhoz\/\",\"name\":\"Tour de France t\u00e1pl\u00e1lkoz\u00e1si kisokos hegyi szakaszokhoz\",\"isPartOf\":{\"@id\":\"https:\/\/www.welovecycling.com\/hu\/#website\"},\"primaryImageOfPage\":{\"@id\":\"https:\/\/www.welovecycling.com\/hu\/edzes-es-eletmod\/tour-de-france-taplalkozasi-kisokos-hegyi-szakaszokhoz\/#primaryimage\"},\"image\":{\"@id\":\"https:\/\/www.welovecycling.com\/hu\/edzes-es-eletmod\/tour-de-france-taplalkozasi-kisokos-hegyi-szakaszokhoz\/#primaryimage\"},\"thumbnailUrl\":\"https:\/\/d2p6e6u75xmxt8.cloudfront.net\/12\/2020\/09\/mountain-stage-profimedia-CVR-0555519438.jpg\",\"datePublished\":\"2020-09-18T07:00:20+00:00\",\"author\":{\"@id\":\"https:\/\/www.welovecycling.com\/hu\/#\/schema\/person\/414a2aebf1801691a5320edb6468e194\"},\"description\":\"A Tour teljes\u00edt\u00e9s\u00e9hez sz\u00fcks\u00e9ges \u00e9telmennyis\u00e9g napr\u00f3l napra v\u00e1ltozik. S\u00edk szakaszokon kevesebb energi\u00e1ra van sz\u00fcks\u00e9g\u00fck a versenyz\u0151knek, ez\u00e9rt nem kell annyi sz\u00e9nhidr\u00e1tot bevinni\u00fck, mint egy kem\u00e9ny hegyi etap el\u0151tt.\",\"breadcrumb\":{\"@id\":\"https:\/\/www.welovecycling.com\/hu\/edzes-es-eletmod\/tour-de-france-taplalkozasi-kisokos-hegyi-szakaszokhoz\/#breadcrumb\"},\"inLanguage\":\"hu\",\"potentialAction\":[{\"@type\":\"ReadAction\",\"target\":[\"https:\/\/www.welovecycling.com\/hu\/edzes-es-eletmod\/tour-de-france-taplalkozasi-kisokos-hegyi-szakaszokhoz\/\"]}]},{\"@type\":\"ImageObject\",\"inLanguage\":\"hu\",\"@id\":\"https:\/\/www.welovecycling.com\/hu\/edzes-es-eletmod\/tour-de-france-taplalkozasi-kisokos-hegyi-szakaszokhoz\/#primaryimage\",\"url\":\"https:\/\/d2p6e6u75xmxt8.cloudfront.net\/12\/2020\/09\/mountain-stage-profimedia-CVR-0555519438.jpg\",\"contentUrl\":\"https:\/\/d2p6e6u75xmxt8.cloudfront.net\/12\/2020\/09\/mountain-stage-profimedia-CVR-0555519438.jpg\",\"width\":1366,\"height\":600,\"caption\":\"Tour de France\"},{\"@type\":\"BreadcrumbList\",\"@id\":\"https:\/\/www.welovecycling.com\/hu\/edzes-es-eletmod\/tour-de-france-taplalkozasi-kisokos-hegyi-szakaszokhoz\/#breadcrumb\",\"itemListElement\":[{\"@type\":\"ListItem\",\"position\":1,\"name\":\"Home\",\"item\":\"https:\/\/www.welovecycling.com\/hu\/\"},{\"@type\":\"ListItem\",\"position\":2,\"name\":\"Tour de France t\u00e1pl\u00e1lkoz\u00e1si kisokos hegyi szakaszokhoz\"}]},{\"@type\":\"WebSite\",\"@id\":\"https:\/\/www.welovecycling.com\/hu\/#website\",\"url\":\"https:\/\/www.welovecycling.com\/hu\/\",\"name\":\"\u0160koda We Love Cycling - Magyarorsz\u00e1g\",\"description\":\"\u0160koda WeLoveCycling\",\"potentialAction\":[{\"@type\":\"SearchAction\",\"target\":{\"@type\":\"EntryPoint\",\"urlTemplate\":\"https:\/\/www.welovecycling.com\/hu\/?s={search_term_string}\"},\"query-input\":{\"@type\":\"PropertyValueSpecification\",\"valueRequired\":true,\"valueName\":\"search_term_string\"}}],\"inLanguage\":\"hu\"},{\"@type\":\"Person\",\"@id\":\"https:\/\/www.welovecycling.com\/hu\/#\/schema\/person\/414a2aebf1801691a5320edb6468e194\",\"name\":\"hegyizs\",\"image\":{\"@type\":\"ImageObject\",\"inLanguage\":\"hu\",\"@id\":\"https:\/\/www.welovecycling.com\/hu\/#\/schema\/person\/image\/\",\"url\":\"https:\/\/secure.gravatar.com\/avatar\/02cf8a7906b8cf90cecb4679defac7cfd33a1c2e3b88e4903d947f3bb58eedd3?s=96&d=mm&r=g\",\"contentUrl\":\"https:\/\/secure.gravatar.com\/avatar\/02cf8a7906b8cf90cecb4679defac7cfd33a1c2e3b88e4903d947f3bb58eedd3?s=96&d=mm&r=g\",\"caption\":\"hegyizs\"},\"url\":\"https:\/\/www.welovecycling.com\/hu\/author\/hegyizs\/\"}]}<\/script>\n<!-- \/ Yoast SEO Premium plugin. -->","yoast_head_json":{"title":"Tour de France t\u00e1pl\u00e1lkoz\u00e1si kisokos hegyi szakaszokhoz","description":"A Tour teljes\u00edt\u00e9s\u00e9hez sz\u00fcks\u00e9ges \u00e9telmennyis\u00e9g napr\u00f3l napra v\u00e1ltozik. S\u00edk szakaszokon kevesebb energi\u00e1ra van sz\u00fcks\u00e9g\u00fck a versenyz\u0151knek, ez\u00e9rt nem kell annyi sz\u00e9nhidr\u00e1tot bevinni\u00fck, mint egy kem\u00e9ny hegyi etap el\u0151tt.","robots":{"index":"index","follow":"follow","max-snippet":"max-snippet:-1","max-image-preview":"max-image-preview:large","max-video-preview":"max-video-preview:-1"},"canonical":"https:\/\/www.welovecycling.com\/hu\/edzes-es-eletmod\/tour-de-france-taplalkozasi-kisokos-hegyi-szakaszokhoz\/","og_locale":"hu_HU","og_type":"article","og_title":"Tour de France t\u00e1pl\u00e1lkoz\u00e1si kisokos hegyi szakaszokhoz","og_description":"A Tour teljes\u00edt\u00e9s\u00e9hez sz\u00fcks\u00e9ges \u00e9telmennyis\u00e9g napr\u00f3l napra v\u00e1ltozik. S\u00edk szakaszokon kevesebb energi\u00e1ra van sz\u00fcks\u00e9g\u00fck a versenyz\u0151knek, ez\u00e9rt nem kell annyi sz\u00e9nhidr\u00e1tot bevinni\u00fck, mint egy kem\u00e9ny hegyi etap el\u0151tt.","og_url":"https:\/\/www.welovecycling.com\/hu\/edzes-es-eletmod\/tour-de-france-taplalkozasi-kisokos-hegyi-szakaszokhoz\/","og_site_name":"\u0160koda We Love Cycling - Magyarorsz\u00e1g","article_publisher":"https:\/\/www.facebook.com\/WeLoveCyclingHungary\/","article_published_time":"2020-09-18T07:00:20+00:00","og_image":[{"width":1366,"height":600,"url":"https:\/\/d2p6e6u75xmxt8.cloudfront.net\/12\/2020\/09\/mountain-stage-profimedia-CVR-0555519438.jpg","type":"image\/jpeg"}],"author":"hegyizs","twitter_card":"summary_large_image","twitter_title":"Tour de France t\u00e1pl\u00e1lkoz\u00e1si kisokos hegyi szakaszokhoz","twitter_misc":{"Written by":"Jiri Kaloc","Est. reading time":"5"},"schema":{"@context":"https:\/\/schema.org","@graph":[{"@type":"WebPage","@id":"https:\/\/www.welovecycling.com\/hu\/edzes-es-eletmod\/tour-de-france-taplalkozasi-kisokos-hegyi-szakaszokhoz\/","url":"https:\/\/www.welovecycling.com\/hu\/edzes-es-eletmod\/tour-de-france-taplalkozasi-kisokos-hegyi-szakaszokhoz\/","name":"Tour de France t\u00e1pl\u00e1lkoz\u00e1si kisokos hegyi szakaszokhoz","isPartOf":{"@id":"https:\/\/www.welovecycling.com\/hu\/#website"},"primaryImageOfPage":{"@id":"https:\/\/www.welovecycling.com\/hu\/edzes-es-eletmod\/tour-de-france-taplalkozasi-kisokos-hegyi-szakaszokhoz\/#primaryimage"},"image":{"@id":"https:\/\/www.welovecycling.com\/hu\/edzes-es-eletmod\/tour-de-france-taplalkozasi-kisokos-hegyi-szakaszokhoz\/#primaryimage"},"thumbnailUrl":"https:\/\/d2p6e6u75xmxt8.cloudfront.net\/12\/2020\/09\/mountain-stage-profimedia-CVR-0555519438.jpg","datePublished":"2020-09-18T07:00:20+00:00","author":{"@id":"https:\/\/www.welovecycling.com\/hu\/#\/schema\/person\/414a2aebf1801691a5320edb6468e194"},"description":"A Tour teljes\u00edt\u00e9s\u00e9hez sz\u00fcks\u00e9ges \u00e9telmennyis\u00e9g napr\u00f3l napra v\u00e1ltozik. S\u00edk szakaszokon kevesebb energi\u00e1ra van sz\u00fcks\u00e9g\u00fck a versenyz\u0151knek, ez\u00e9rt nem kell annyi sz\u00e9nhidr\u00e1tot bevinni\u00fck, mint egy kem\u00e9ny hegyi etap el\u0151tt.","breadcrumb":{"@id":"https:\/\/www.welovecycling.com\/hu\/edzes-es-eletmod\/tour-de-france-taplalkozasi-kisokos-hegyi-szakaszokhoz\/#breadcrumb"},"inLanguage":"hu","potentialAction":[{"@type":"ReadAction","target":["https:\/\/www.welovecycling.com\/hu\/edzes-es-eletmod\/tour-de-france-taplalkozasi-kisokos-hegyi-szakaszokhoz\/"]}]},{"@type":"ImageObject","inLanguage":"hu","@id":"https:\/\/www.welovecycling.com\/hu\/edzes-es-eletmod\/tour-de-france-taplalkozasi-kisokos-hegyi-szakaszokhoz\/#primaryimage","url":"https:\/\/d2p6e6u75xmxt8.cloudfront.net\/12\/2020\/09\/mountain-stage-profimedia-CVR-0555519438.jpg","contentUrl":"https:\/\/d2p6e6u75xmxt8.cloudfront.net\/12\/2020\/09\/mountain-stage-profimedia-CVR-0555519438.jpg","width":1366,"height":600,"caption":"Tour de France"},{"@type":"BreadcrumbList","@id":"https:\/\/www.welovecycling.com\/hu\/edzes-es-eletmod\/tour-de-france-taplalkozasi-kisokos-hegyi-szakaszokhoz\/#breadcrumb","itemListElement":[{"@type":"ListItem","position":1,"name":"Home","item":"https:\/\/www.welovecycling.com\/hu\/"},{"@type":"ListItem","position":2,"name":"Tour de France t\u00e1pl\u00e1lkoz\u00e1si kisokos hegyi szakaszokhoz"}]},{"@type":"WebSite","@id":"https:\/\/www.welovecycling.com\/hu\/#website","url":"https:\/\/www.welovecycling.com\/hu\/","name":"\u0160koda We Love Cycling - Magyarorsz\u00e1g","description":"\u0160koda WeLoveCycling","potentialAction":[{"@type":"SearchAction","target":{"@type":"EntryPoint","urlTemplate":"https:\/\/www.welovecycling.com\/hu\/?s={search_term_string}"},"query-input":{"@type":"PropertyValueSpecification","valueRequired":true,"valueName":"search_term_string"}}],"inLanguage":"hu"},{"@type":"Person","@id":"https:\/\/www.welovecycling.com\/hu\/#\/schema\/person\/414a2aebf1801691a5320edb6468e194","name":"hegyizs","image":{"@type":"ImageObject","inLanguage":"hu","@id":"https:\/\/www.welovecycling.com\/hu\/#\/schema\/person\/image\/","url":"https:\/\/secure.gravatar.com\/avatar\/02cf8a7906b8cf90cecb4679defac7cfd33a1c2e3b88e4903d947f3bb58eedd3?s=96&d=mm&r=g","contentUrl":"https:\/\/secure.gravatar.com\/avatar\/02cf8a7906b8cf90cecb4679defac7cfd33a1c2e3b88e4903d947f3bb58eedd3?s=96&d=mm&r=g","caption":"hegyizs"},"url":"https:\/\/www.welovecycling.com\/hu\/author\/hegyizs\/"}]}},"_links":{"self":[{"href":"https:\/\/www.welovecycling.com\/hu\/wp-json\/wp\/v2\/posts\/8563","targetHints":{"allow":["GET"]}}],"collection":[{"href":"https:\/\/www.welovecycling.com\/hu\/wp-json\/wp\/v2\/posts"}],"about":[{"href":"https:\/\/www.welovecycling.com\/hu\/wp-json\/wp\/v2\/types\/post"}],"author":[{"embeddable":true,"href":"https:\/\/www.welovecycling.com\/hu\/wp-json\/wp\/v2\/users\/71"}],"replies":[{"embeddable":true,"href":"https:\/\/www.welovecycling.com\/hu\/wp-json\/wp\/v2\/comments?post=8563"}],"version-history":[{"count":2,"href":"https:\/\/www.welovecycling.com\/hu\/wp-json\/wp\/v2\/posts\/8563\/revisions"}],"predecessor-version":[{"id":8572,"href":"https:\/\/www.welovecycling.com\/hu\/wp-json\/wp\/v2\/posts\/8563\/revisions\/8572"}],"wp:featuredmedia":[{"embeddable":true,"href":"https:\/\/www.welovecycling.com\/hu\/wp-json\/wp\/v2\/media\/8567"}],"wp:attachment":[{"href":"https:\/\/www.welovecycling.com\/hu\/wp-json\/wp\/v2\/media?parent=8563"}],"wp:term":[{"taxonomy":"category","embeddable":true,"href":"https:\/\/www.welovecycling.com\/hu\/wp-json\/wp\/v2\/categories?post=8563"},{"taxonomy":"post_tag","embeddable":true,"href":"https:\/\/www.welovecycling.com\/hu\/wp-json\/wp\/v2\/tags?post=8563"},{"taxonomy":"global-categories","embeddable":true,"href":"https:\/\/www.welovecycling.com\/hu\/wp-json\/wp\/v2\/global-categories?post=8563"}],"curies":[{"name":"wp","href":"https:\/\/api.w.org\/{rel}","templated":true}]}}