{"id":8559,"date":"2020-09-17T08:00:26","date_gmt":"2020-09-17T07:00:26","guid":{"rendered":"https:\/\/www.welovecycling.com\/hu\/?p=8559"},"modified":"2020-09-12T13:25:34","modified_gmt":"2020-09-12T12:25:34","slug":"hogyan-ismerheted-fel-a-lelkes-orszagutisokat","status":"publish","type":"post","link":"https:\/\/www.welovecycling.com\/hu\/orszaguti-kerekpar\/hogyan-ismerheted-fel-a-lelkes-orszagutisokat\/","title":{"rendered":"Hogyan ismerheted fel a lelkes orsz\u00e1g\u00fatisokat?"},"content":{"rendered":"<p><strong>Figyeld a jeleket: ha ezeket l\u00e1tod, szinte biztos, hogy orsz\u00e1g\u00fatissal van dolgod!<\/strong><\/p>\n<p><!--more--><\/p>\n<p>1. \u00dagy n\u00e9z ki, mint egy zsok\u00e9, csak \u00e9ppen nem \u00e9rt a lovakhoz.<\/p>\n<p>2. K\u00e9thetente legal\u00e1bb egyszer \u00e1t\u00e9l egy hal\u00e1lk\u00f6zeli \u00e9lm\u00e9nyt egy kamionnak k\u00f6sz\u00f6nhet\u0151en.<\/p>\n<p>3. B\u00e1rmit sz\u00edvesen megeszik, amiben van t\u00e9szta, ban\u00e1n vagy a kett\u0151 egyszerre.<\/p>\n<p>4. Biztos lehetsz benne, hogy ak\u00e1rmi is t\u00f6rt\u00e9nik, fel\u00e1ll a f\u00f6ldr\u0151l, \u00e9s hajt tov\u00e1bb. Egy kificamodott k\u00f6ny\u00f6k, egy dagadt szem \u00e9s p\u00e1r t\u00f6r\u00f6tt borda ellen\u00e9re is.<\/p>\n<p>5. Pihen\u0151id\u0151ben a pulzusa olyan alacsony, mint egy halott\u00e9.<\/p>\n<p>6. Teljesen j\u00f3l el van otthon egyed\u00fcl: a t\u00fck\u00f6r el\u0151tt, tapad\u00f3s ruh\u00e1iban.<\/p>\n<figure id=\"attachment_8560\" aria-describedby=\"caption-attachment-8560\" style=\"width: 1024px\" class=\"wp-caption alignnone\"><a href=\"https:\/\/d2p6e6u75xmxt8.cloudfront.net\/2\/2020\/09\/pexels-nishant-aneja-2517923.jpg\"><img loading=\"lazy\" decoding=\"async\" class=\"size-large wp-image-8560\" src=\"https:\/\/d2p6e6u75xmxt8.cloudfront.net\/12\/2020\/09\/pexels-nishant-aneja-2517923-1024x682.jpg\" alt=\"Road cyclist\" width=\"1024\" height=\"682\" srcset=\"https:\/\/d2p6e6u75xmxt8.cloudfront.net\/12\/2020\/09\/pexels-nishant-aneja-2517923-1024x682.jpg 1024w, https:\/\/d2p6e6u75xmxt8.cloudfront.net\/12\/2020\/09\/pexels-nishant-aneja-2517923-300x200.jpg 300w, https:\/\/d2p6e6u75xmxt8.cloudfront.net\/12\/2020\/09\/pexels-nishant-aneja-2517923-768x512.jpg 768w, https:\/\/d2p6e6u75xmxt8.cloudfront.net\/12\/2020\/09\/pexels-nishant-aneja-2517923-272x182.jpg 272w, https:\/\/d2p6e6u75xmxt8.cloudfront.net\/12\/2020\/09\/pexels-nishant-aneja-2517923.jpg 1280w\" sizes=\"auto, (max-width: 1024px) 100vw, 1024px\" \/><\/a><figcaption id=\"caption-attachment-8560\" class=\"wp-caption-text\">Te felismersz a t\u00f6megben egy orsz\u00e1g\u00fatist?<\/figcaption><\/figure>\n<p>7. Nem csak haszn\u00e1lja a szakszavakat, hanem \u00e9rti is \u0151ket.<\/p>\n<p>8. Hi\u00e1ba fogadta meg, hogy kevesebbet besz\u00e9l majd a bicikliz\u00e9sr\u0151l, v\u00e9g\u00fcl csak megpr\u00f3b\u00e1lja elmagyar\u00e1zni, hogy pontosan mi t\u00f6rt\u00e9nt a Tour de France utols\u00f3 szakasz\u00e1n a kertipartyn, ahol mindenki m\u00e1s focit n\u00e9z.<\/p>\n<p>9. Furcsa kin\u00e9zet\u0171 f\u00e9mcs\u00f6vek l\u00f3gnak a kocsija h\u00e1tulj\u00e1n \u00e9s\/vagy tetej\u00e9n.<\/p>\n<p>10. Olyannyira m\u00e1s sz\u00edn\u0171 a v\u00e9gtagja, mint a teste, hogy \u00fagy n\u00e9z ki, mintha t\u00fal\u00e9lt volna egy atombomba-k\u00eds\u00e9rletet.<\/p>\n","protected":false},"excerpt":{"rendered":"<p>Figyeld a jeleket: ha ezeket l\u00e1tod, szinte biztos, hogy orsz\u00e1g\u00fatissal van dolgod!<\/p>\n","protected":false},"author":71,"featured_media":8562,"comment_status":"open","ping_status":"open","sticky":false,"template":"","format":"standard","meta":{"footnotes":""},"categories":[8],"tags":[],"global-categories":[],"class_list":["post-8559","post","type-post","status-publish","format-standard","has-post-thumbnail","hentry","category-orszaguti-kerekpar"],"yoast_head":"<!-- This site is optimized with the Yoast SEO Premium plugin v25.3 (Yoast SEO v25.9) - https:\/\/yoast.com\/wordpress\/plugins\/seo\/ -->\n<title>Hogyan ismerheted fel a lelkes orsz\u00e1g\u00fatisokat? -<\/title>\n<meta name=\"description\" content=\"Figyeld a jeleket: ha ezeket l\u00e1tod, szinte biztos, hogy orsz\u00e1g\u00fatissal van dolgod!\" \/>\n<meta name=\"robots\" content=\"index, follow, max-snippet:-1, max-image-preview:large, max-video-preview:-1\" \/>\n<link rel=\"canonical\" href=\"https:\/\/www.welovecycling.com\/hu\/orszaguti-kerekpar\/hogyan-ismerheted-fel-a-lelkes-orszagutisokat\/\" \/>\n<meta property=\"og:locale\" content=\"hu_HU\" \/>\n<meta property=\"og:type\" content=\"article\" \/>\n<meta property=\"og:title\" content=\"Hogyan ismerheted fel a lelkes orsz\u00e1g\u00fatisokat?\" \/>\n<meta property=\"og:description\" content=\"Figyeld a jeleket: ha ezeket l\u00e1tod, szinte biztos, hogy orsz\u00e1g\u00fatissal van dolgod!\" \/>\n<meta property=\"og:url\" content=\"https:\/\/www.welovecycling.com\/hu\/orszaguti-kerekpar\/hogyan-ismerheted-fel-a-lelkes-orszagutisokat\/\" \/>\n<meta property=\"og:site_name\" content=\"\u0160koda We Love Cycling - Magyarorsz\u00e1g\" \/>\n<meta property=\"article:publisher\" content=\"https:\/\/www.facebook.com\/WeLoveCyclingHungary\/\" \/>\n<meta property=\"article:published_time\" content=\"2020-09-17T07:00:26+00:00\" \/>\n<meta property=\"og:image\" content=\"https:\/\/d2p6e6u75xmxt8.cloudfront.net\/12\/2020\/09\/urban-cyclist-profimedia-0202070520-CVR.jpg\" \/>\n\t<meta property=\"og:image:width\" content=\"1366\" \/>\n\t<meta property=\"og:image:height\" content=\"600\" \/>\n\t<meta property=\"og:image:type\" content=\"image\/jpeg\" \/>\n<meta name=\"author\" content=\"hegyizs\" \/>\n<meta name=\"twitter:card\" content=\"summary_large_image\" \/>\n<meta name=\"twitter:label1\" content=\"Written by\" \/>\n\t<meta name=\"twitter:data1\" content=\"Adam Marsal\" \/>\n\t<meta name=\"twitter:label2\" content=\"Est. reading time\" \/>\n\t<meta name=\"twitter:data2\" content=\"3\" \/>\n<script type=\"application\/ld+json\" class=\"yoast-schema-graph\">{\"@context\":\"https:\/\/schema.org\",\"@graph\":[{\"@type\":\"WebPage\",\"@id\":\"https:\/\/www.welovecycling.com\/hu\/orszaguti-kerekpar\/hogyan-ismerheted-fel-a-lelkes-orszagutisokat\/\",\"url\":\"https:\/\/www.welovecycling.com\/hu\/orszaguti-kerekpar\/hogyan-ismerheted-fel-a-lelkes-orszagutisokat\/\",\"name\":\"Hogyan ismerheted fel a lelkes orsz\u00e1g\u00fatisokat? -\",\"isPartOf\":{\"@id\":\"https:\/\/www.welovecycling.com\/hu\/#website\"},\"primaryImageOfPage\":{\"@id\":\"https:\/\/www.welovecycling.com\/hu\/orszaguti-kerekpar\/hogyan-ismerheted-fel-a-lelkes-orszagutisokat\/#primaryimage\"},\"image\":{\"@id\":\"https:\/\/www.welovecycling.com\/hu\/orszaguti-kerekpar\/hogyan-ismerheted-fel-a-lelkes-orszagutisokat\/#primaryimage\"},\"thumbnailUrl\":\"https:\/\/d2p6e6u75xmxt8.cloudfront.net\/12\/2020\/09\/urban-cyclist-profimedia-0202070520-CVR.jpg\",\"datePublished\":\"2020-09-17T07:00:26+00:00\",\"author\":{\"@id\":\"https:\/\/www.welovecycling.com\/hu\/#\/schema\/person\/414a2aebf1801691a5320edb6468e194\"},\"description\":\"Figyeld a jeleket: ha ezeket l\u00e1tod, szinte biztos, hogy orsz\u00e1g\u00fatissal van dolgod!\",\"breadcrumb\":{\"@id\":\"https:\/\/www.welovecycling.com\/hu\/orszaguti-kerekpar\/hogyan-ismerheted-fel-a-lelkes-orszagutisokat\/#breadcrumb\"},\"inLanguage\":\"hu\",\"potentialAction\":[{\"@type\":\"ReadAction\",\"target\":[\"https:\/\/www.welovecycling.com\/hu\/orszaguti-kerekpar\/hogyan-ismerheted-fel-a-lelkes-orszagutisokat\/\"]}]},{\"@type\":\"ImageObject\",\"inLanguage\":\"hu\",\"@id\":\"https:\/\/www.welovecycling.com\/hu\/orszaguti-kerekpar\/hogyan-ismerheted-fel-a-lelkes-orszagutisokat\/#primaryimage\",\"url\":\"https:\/\/d2p6e6u75xmxt8.cloudfront.net\/12\/2020\/09\/urban-cyclist-profimedia-0202070520-CVR.jpg\",\"contentUrl\":\"https:\/\/d2p6e6u75xmxt8.cloudfront.net\/12\/2020\/09\/urban-cyclist-profimedia-0202070520-CVR.jpg\",\"width\":1366,\"height\":600},{\"@type\":\"BreadcrumbList\",\"@id\":\"https:\/\/www.welovecycling.com\/hu\/orszaguti-kerekpar\/hogyan-ismerheted-fel-a-lelkes-orszagutisokat\/#breadcrumb\",\"itemListElement\":[{\"@type\":\"ListItem\",\"position\":1,\"name\":\"Home\",\"item\":\"https:\/\/www.welovecycling.com\/hu\/\"},{\"@type\":\"ListItem\",\"position\":2,\"name\":\"Hogyan ismerheted fel a lelkes orsz\u00e1g\u00fatisokat?\"}]},{\"@type\":\"WebSite\",\"@id\":\"https:\/\/www.welovecycling.com\/hu\/#website\",\"url\":\"https:\/\/www.welovecycling.com\/hu\/\",\"name\":\"\u0160koda We Love Cycling - Magyarorsz\u00e1g\",\"description\":\"\u0160koda WeLoveCycling\",\"potentialAction\":[{\"@type\":\"SearchAction\",\"target\":{\"@type\":\"EntryPoint\",\"urlTemplate\":\"https:\/\/www.welovecycling.com\/hu\/?s={search_term_string}\"},\"query-input\":{\"@type\":\"PropertyValueSpecification\",\"valueRequired\":true,\"valueName\":\"search_term_string\"}}],\"inLanguage\":\"hu\"},{\"@type\":\"Person\",\"@id\":\"https:\/\/www.welovecycling.com\/hu\/#\/schema\/person\/414a2aebf1801691a5320edb6468e194\",\"name\":\"hegyizs\",\"image\":{\"@type\":\"ImageObject\",\"inLanguage\":\"hu\",\"@id\":\"https:\/\/www.welovecycling.com\/hu\/#\/schema\/person\/image\/\",\"url\":\"https:\/\/secure.gravatar.com\/avatar\/02cf8a7906b8cf90cecb4679defac7cfd33a1c2e3b88e4903d947f3bb58eedd3?s=96&d=mm&r=g\",\"contentUrl\":\"https:\/\/secure.gravatar.com\/avatar\/02cf8a7906b8cf90cecb4679defac7cfd33a1c2e3b88e4903d947f3bb58eedd3?s=96&d=mm&r=g\",\"caption\":\"hegyizs\"},\"url\":\"https:\/\/www.welovecycling.com\/hu\/author\/hegyizs\/\"}]}<\/script>\n<!-- \/ Yoast SEO Premium plugin. -->","yoast_head_json":{"title":"Hogyan ismerheted fel a lelkes orsz\u00e1g\u00fatisokat? -","description":"Figyeld a jeleket: ha ezeket l\u00e1tod, szinte biztos, hogy orsz\u00e1g\u00fatissal van dolgod!","robots":{"index":"index","follow":"follow","max-snippet":"max-snippet:-1","max-image-preview":"max-image-preview:large","max-video-preview":"max-video-preview:-1"},"canonical":"https:\/\/www.welovecycling.com\/hu\/orszaguti-kerekpar\/hogyan-ismerheted-fel-a-lelkes-orszagutisokat\/","og_locale":"hu_HU","og_type":"article","og_title":"Hogyan ismerheted fel a lelkes orsz\u00e1g\u00fatisokat?","og_description":"Figyeld a jeleket: ha ezeket l\u00e1tod, szinte biztos, hogy orsz\u00e1g\u00fatissal van dolgod!","og_url":"https:\/\/www.welovecycling.com\/hu\/orszaguti-kerekpar\/hogyan-ismerheted-fel-a-lelkes-orszagutisokat\/","og_site_name":"\u0160koda We Love Cycling - Magyarorsz\u00e1g","article_publisher":"https:\/\/www.facebook.com\/WeLoveCyclingHungary\/","article_published_time":"2020-09-17T07:00:26+00:00","og_image":[{"width":1366,"height":600,"url":"https:\/\/d2p6e6u75xmxt8.cloudfront.net\/12\/2020\/09\/urban-cyclist-profimedia-0202070520-CVR.jpg","type":"image\/jpeg"}],"author":"hegyizs","twitter_card":"summary_large_image","twitter_misc":{"Written by":"Adam Marsal","Est. reading time":"3"},"schema":{"@context":"https:\/\/schema.org","@graph":[{"@type":"WebPage","@id":"https:\/\/www.welovecycling.com\/hu\/orszaguti-kerekpar\/hogyan-ismerheted-fel-a-lelkes-orszagutisokat\/","url":"https:\/\/www.welovecycling.com\/hu\/orszaguti-kerekpar\/hogyan-ismerheted-fel-a-lelkes-orszagutisokat\/","name":"Hogyan ismerheted fel a lelkes orsz\u00e1g\u00fatisokat? -","isPartOf":{"@id":"https:\/\/www.welovecycling.com\/hu\/#website"},"primaryImageOfPage":{"@id":"https:\/\/www.welovecycling.com\/hu\/orszaguti-kerekpar\/hogyan-ismerheted-fel-a-lelkes-orszagutisokat\/#primaryimage"},"image":{"@id":"https:\/\/www.welovecycling.com\/hu\/orszaguti-kerekpar\/hogyan-ismerheted-fel-a-lelkes-orszagutisokat\/#primaryimage"},"thumbnailUrl":"https:\/\/d2p6e6u75xmxt8.cloudfront.net\/12\/2020\/09\/urban-cyclist-profimedia-0202070520-CVR.jpg","datePublished":"2020-09-17T07:00:26+00:00","author":{"@id":"https:\/\/www.welovecycling.com\/hu\/#\/schema\/person\/414a2aebf1801691a5320edb6468e194"},"description":"Figyeld a jeleket: ha ezeket l\u00e1tod, szinte biztos, hogy orsz\u00e1g\u00fatissal van dolgod!","breadcrumb":{"@id":"https:\/\/www.welovecycling.com\/hu\/orszaguti-kerekpar\/hogyan-ismerheted-fel-a-lelkes-orszagutisokat\/#breadcrumb"},"inLanguage":"hu","potentialAction":[{"@type":"ReadAction","target":["https:\/\/www.welovecycling.com\/hu\/orszaguti-kerekpar\/hogyan-ismerheted-fel-a-lelkes-orszagutisokat\/"]}]},{"@type":"ImageObject","inLanguage":"hu","@id":"https:\/\/www.welovecycling.com\/hu\/orszaguti-kerekpar\/hogyan-ismerheted-fel-a-lelkes-orszagutisokat\/#primaryimage","url":"https:\/\/d2p6e6u75xmxt8.cloudfront.net\/12\/2020\/09\/urban-cyclist-profimedia-0202070520-CVR.jpg","contentUrl":"https:\/\/d2p6e6u75xmxt8.cloudfront.net\/12\/2020\/09\/urban-cyclist-profimedia-0202070520-CVR.jpg","width":1366,"height":600},{"@type":"BreadcrumbList","@id":"https:\/\/www.welovecycling.com\/hu\/orszaguti-kerekpar\/hogyan-ismerheted-fel-a-lelkes-orszagutisokat\/#breadcrumb","itemListElement":[{"@type":"ListItem","position":1,"name":"Home","item":"https:\/\/www.welovecycling.com\/hu\/"},{"@type":"ListItem","position":2,"name":"Hogyan ismerheted fel a lelkes orsz\u00e1g\u00fatisokat?"}]},{"@type":"WebSite","@id":"https:\/\/www.welovecycling.com\/hu\/#website","url":"https:\/\/www.welovecycling.com\/hu\/","name":"\u0160koda We Love Cycling - Magyarorsz\u00e1g","description":"\u0160koda WeLoveCycling","potentialAction":[{"@type":"SearchAction","target":{"@type":"EntryPoint","urlTemplate":"https:\/\/www.welovecycling.com\/hu\/?s={search_term_string}"},"query-input":{"@type":"PropertyValueSpecification","valueRequired":true,"valueName":"search_term_string"}}],"inLanguage":"hu"},{"@type":"Person","@id":"https:\/\/www.welovecycling.com\/hu\/#\/schema\/person\/414a2aebf1801691a5320edb6468e194","name":"hegyizs","image":{"@type":"ImageObject","inLanguage":"hu","@id":"https:\/\/www.welovecycling.com\/hu\/#\/schema\/person\/image\/","url":"https:\/\/secure.gravatar.com\/avatar\/02cf8a7906b8cf90cecb4679defac7cfd33a1c2e3b88e4903d947f3bb58eedd3?s=96&d=mm&r=g","contentUrl":"https:\/\/secure.gravatar.com\/avatar\/02cf8a7906b8cf90cecb4679defac7cfd33a1c2e3b88e4903d947f3bb58eedd3?s=96&d=mm&r=g","caption":"hegyizs"},"url":"https:\/\/www.welovecycling.com\/hu\/author\/hegyizs\/"}]}},"_links":{"self":[{"href":"https:\/\/www.welovecycling.com\/hu\/wp-json\/wp\/v2\/posts\/8559","targetHints":{"allow":["GET"]}}],"collection":[{"href":"https:\/\/www.welovecycling.com\/hu\/wp-json\/wp\/v2\/posts"}],"about":[{"href":"https:\/\/www.welovecycling.com\/hu\/wp-json\/wp\/v2\/types\/post"}],"author":[{"embeddable":true,"href":"https:\/\/www.welovecycling.com\/hu\/wp-json\/wp\/v2\/users\/71"}],"replies":[{"embeddable":true,"href":"https:\/\/www.welovecycling.com\/hu\/wp-json\/wp\/v2\/comments?post=8559"}],"version-history":[{"count":2,"href":"https:\/\/www.welovecycling.com\/hu\/wp-json\/wp\/v2\/posts\/8559\/revisions"}],"predecessor-version":[{"id":8571,"href":"https:\/\/www.welovecycling.com\/hu\/wp-json\/wp\/v2\/posts\/8559\/revisions\/8571"}],"wp:featuredmedia":[{"embeddable":true,"href":"https:\/\/www.welovecycling.com\/hu\/wp-json\/wp\/v2\/media\/8562"}],"wp:attachment":[{"href":"https:\/\/www.welovecycling.com\/hu\/wp-json\/wp\/v2\/media?parent=8559"}],"wp:term":[{"taxonomy":"category","embeddable":true,"href":"https:\/\/www.welovecycling.com\/hu\/wp-json\/wp\/v2\/categories?post=8559"},{"taxonomy":"post_tag","embeddable":true,"href":"https:\/\/www.welovecycling.com\/hu\/wp-json\/wp\/v2\/tags?post=8559"},{"taxonomy":"global-categories","embeddable":true,"href":"https:\/\/www.welovecycling.com\/hu\/wp-json\/wp\/v2\/global-categories?post=8559"}],"curies":[{"name":"wp","href":"https:\/\/api.w.org\/{rel}","templated":true}]}}