{"id":8553,"date":"2020-09-16T08:00:38","date_gmt":"2020-09-16T07:00:38","guid":{"rendered":"https:\/\/www.welovecycling.com\/hu\/?p=8553"},"modified":"2020-09-12T13:24:59","modified_gmt":"2020-09-12T12:24:59","slug":"keszen-alltak-az-1910-es-tour-versenyzoi-a-pireneusokra","status":"publish","type":"post","link":"https:\/\/www.welovecycling.com\/hu\/orszaguti-kerekpar\/keszen-alltak-az-1910-es-tour-versenyzoi-a-pireneusokra\/","title":{"rendered":"K\u00e9szen \u00e1lltak az 1910-es Tour versenyz\u0151i a Pireneusokra?"},"content":{"rendered":"<p><strong>A Tour de France els\u0151 id\u0151szaka kem\u00e9ny volt. Minden \u00e9vben egyre nehezebb \u00e9s nehezebb lett a p\u00e1lya, egyre \u0151r\u00fcltebb helyeken kellett \u00e1ttekerni\u00fck a versenyz\u0151knek, m\u00edgnem 1910-ben a szervez\u0151k \u00fagy d\u00f6nt\u00f6ttek, a Pireneusokat is be\u00e9p\u00edtek az \u00fatvonalba. Hogy mi\u00e9rt gondolt\u00e1k, hogy ez j\u00f3 \u00f6tlet, amikor ki\u00e9p\u00edtett \u00fat nem volt, medve viszont ann\u00e1l t\u00f6bb? Remek k\u00e9rd\u00e9s.<\/strong><\/p>\n<p><!--more--><\/p>\n<p>A gondolat, hogy a Pireneusokkal minden id\u0151k legjobb Tour-j\u00e1t \u00e1ll\u00edthatj\u00e1k \u00f6ssze, Alphonse Steines fej\u00e9ben fogalmaz\u00f3dott meg, aki Henri Desgrange-nek seg\u00edtett a szervez\u00e9sben. Hazudnia kellett \u00e9s kock\u00e1ztatnia a saj\u00e1t \u00e9let\u00e9t, hogy v\u00e9ghezvigye az \u00f6tletet, de megtette. Valahogy \u00edgy zajlott le a dolog:<\/p>\n<p><em>\u201eTudom, hogy lehetne m\u00e9g nagyobb a Tour!\u201d <\/em>\u2013 kezdte Steines.<\/p>\n<p><em>\u201eNagyobb? Nem el\u00e9g hatalmas \u00edgy is?\u201d<\/em> \u2013 k\u00e9rdezett vissza Desgrange.<\/p>\n<p><em>\u201eNem. \u00c1t kell szeln\u00fcnk a hat\u00e1rokat.\u201d<\/em><\/p>\n<p><em>\u201eA hat\u00e1rokat? Nem eml\u00e9kszel, milyen katasztr\u00f3fa volt, amikor Elz\u00e1szon \u00e1t vitt az \u00fatvonal? A n\u00e9met korm\u00e1ny akkor vil\u00e1goss\u00e1 tette, hogy t\u00f6bbet nem csin\u00e1lhatunk ilyet. Franciaorsz\u00e1gban kellene maradnunk.\u201d<\/em><\/p>\n<p><em>\u201eNem \u00e9rtek egyet. Minden szomsz\u00e9dunk im\u00e1dn\u00e1, ha megl\u00e1togatn\u00e1nk \u0151ket. Mit sz\u00f3lsz Spanyolorsz\u00e1ghoz?\u201d<\/em><\/p>\n<p><em>\u201eAhhoz \u00e1t kellene menn\u00fcnk a Pireneusokon!\u201d<\/em><\/p>\n<p><em>\u201ePontosan! Ezt k\u00e9ne tenn\u00fcnk. \u00c1tmenni a Pireneusokon.\u201d<\/em><\/p>\n<p><em>\u201eTess\u00e9k? Viccelsz, ugye? Fel fogj\u00e1k falni a versenyz\u0151ket a medv\u00e9k! Vagy el fognak t\u00e9vedni! Vagy meghalnak v\u00e9gkimer\u00fcl\u00e9sben\u2026\u201d<\/em><\/p>\n<figure id=\"attachment_8554\" aria-describedby=\"caption-attachment-8554\" style=\"width: 1024px\" class=\"wp-caption alignnone\"><a href=\"https:\/\/d2p6e6u75xmxt8.cloudfront.net\/2\/2020\/09\/profimedia-0067944227.jpg\"><img loading=\"lazy\" decoding=\"async\" class=\"wp-image-8554 size-large\" src=\"https:\/\/d2p6e6u75xmxt8.cloudfront.net\/12\/2020\/09\/profimedia-0067944227-1024x700.jpg\" alt=\"Tour de France Mountain Stage\" width=\"1024\" height=\"700\" srcset=\"https:\/\/d2p6e6u75xmxt8.cloudfront.net\/12\/2020\/09\/profimedia-0067944227-1024x700.jpg 1024w, https:\/\/d2p6e6u75xmxt8.cloudfront.net\/12\/2020\/09\/profimedia-0067944227-300x205.jpg 300w, https:\/\/d2p6e6u75xmxt8.cloudfront.net\/12\/2020\/09\/profimedia-0067944227-768x525.jpg 768w, https:\/\/d2p6e6u75xmxt8.cloudfront.net\/12\/2020\/09\/profimedia-0067944227.jpg 1250w\" sizes=\"auto, (max-width: 1024px) 100vw, 1024px\" \/><\/a><figcaption id=\"caption-attachment-8554\" class=\"wp-caption-text\"><em>Tour de France, 1910, hegyi futam. \u00a9 Profimedia<\/em><\/figcaption><\/figure>\n<p>De Steines komolyan gondolta a dolgot. Annyira komolyan, hogy v\u00e9g\u00fcl siker\u00fclt Desgrange-t is meggy\u0151znie. Le\u00fcltek egy t\u00e9rk\u00e9p mell\u00e9 \u00e9s elkezdt\u00e9k tervezgetni az \u00fatvonalat. Steines \u00fagy gondolta, az lenne a legjobb, ha a Perpignant\u00f3l indulna, \u00e9s \u00e1tvezetne a Peypresourde, az Aspin, a Tourmalet \u00e9s az Abisque cs\u00facs\u00e1n.<\/p>\n<p><em>\u201eM\u00e9gis hogy lehetne ez sikeres? Azt tervezed, hogy 2000 m\u00e9ter f\u00f6l\u00e9 k\u00fcld\u00f6d a versenyz\u0151ket. L\u00e9teznek egy\u00e1ltal\u00e1n ezek a helyek? Vannak arra utak?\u201d<\/em> \u2013 sorolta k\u00e9telyeit Desgrange.<\/p>\n<p><em>\u201ePersze, ismerem \u00e9n ezt a vid\u00e9ket!\u201d<\/em> \u2013 bl\u00f6ff\u00f6lt seg\u00e9dje.<\/p>\n<p><em>\u201eAkkor te magad fogod \u0151ket bej\u00e1rni!\u201d<\/em> \u2013 v\u00e1laszolt Desgrange.<\/p>\n<p>\u00cdgy h\u00e1t Stenies fogta mag\u00e1t \u00e9s elindult t\u00e9l v\u00e9g\u00e9n, hogy megn\u00e9zze a terepet. T\u00e9nyleg nem voltak haszn\u00e1lhat\u00f3 utak. Siker\u00fclt viszont lepakt\u00e1lnia egy helyi m\u00e9rn\u00f6kkel, aki elv\u00e1llalta, hogy \u00e9p\u00edttet egy kavicsos utat Aubisque-ig. Azt\u00e1n indult tov\u00e1bb Tourmalet-hez. Ekkor m\u00e9g teljesen ellepte a h\u00f3, ez\u00e9rt visszafordult, \u00e9s \u00fagy d\u00f6nt\u00f6tt, egy h\u00f3nappal a Tour kezdete el\u0151tt veszi szem\u00fcgyre. Pau v\u00e1ros\u00e1ban felb\u00e9relt egy helyi sof\u0151rt, \u00e9s kocsival indultak el a 19 km hossz\u00fa emelked\u0151n.<\/p>\n<p><em>\u201eVezet valamilyen \u00fat felfel\u00e9?\u201d<\/em> \u2013 k\u00e9rdezte Steines rem\u00e9nykedve.<\/p>\n<p><em>\u201e\u00dat? Az nincs\u201d<\/em> \u2013 v\u00e1laszolta a sof\u0151r. <em>\u201eDe van egy szikl\u00e1s \u00f6sv\u00e9ny az \u00f6szv\u00e9rek sz\u00e1m\u00e1ra.\u201d<\/em><\/p>\n<figure id=\"attachment_8555\" aria-describedby=\"caption-attachment-8555\" style=\"width: 1024px\" class=\"wp-caption alignnone\"><a href=\"https:\/\/d2p6e6u75xmxt8.cloudfront.net\/2\/2020\/09\/sheep-3689344_1280.jpg\"><img loading=\"lazy\" decoding=\"async\" class=\"wp-image-8555 size-large\" src=\"https:\/\/d2p6e6u75xmxt8.cloudfront.net\/12\/2020\/09\/sheep-3689344_1280-1024x682.jpg\" alt=\"Tourmalet\" width=\"1024\" height=\"682\" srcset=\"https:\/\/d2p6e6u75xmxt8.cloudfront.net\/12\/2020\/09\/sheep-3689344_1280-1024x682.jpg 1024w, https:\/\/d2p6e6u75xmxt8.cloudfront.net\/12\/2020\/09\/sheep-3689344_1280-300x200.jpg 300w, https:\/\/d2p6e6u75xmxt8.cloudfront.net\/12\/2020\/09\/sheep-3689344_1280-768x512.jpg 768w, https:\/\/d2p6e6u75xmxt8.cloudfront.net\/12\/2020\/09\/sheep-3689344_1280-272x182.jpg 272w, https:\/\/d2p6e6u75xmxt8.cloudfront.net\/12\/2020\/09\/sheep-3689344_1280.jpg 1280w\" sizes=\"auto, (max-width: 1024px) 100vw, 1024px\" \/><\/a><figcaption id=\"caption-attachment-8555\" class=\"wp-caption-text\"><em>\u00dat a Tourmaleten 1910-ben? Ugyan!<\/em><\/figcaption><\/figure>\n<p>Steines elmosolyodott: nem tudta m\u00e9g, mi v\u00e1r r\u00e1. H\u00e1rom kilom\u00e9terrel a cs\u00facs el\u0151tt az aut\u00f3 elakadt a h\u00f3ban. A sof\u0151r m\u00e9g f\u00e9l kilom\u00e9tert gyalogolt Steines-szel, de azt\u00e1n azt mondta, \u0151 nem megy tov\u00e1bb.<\/p>\n<p><em>\u201eMajdnem hat \u00f3ra van, a nap lassan lemegy, \u00e9s \u00e1tj\u00f6nnek a medv\u00e9k Spanyolorsz\u00e1gb\u00f3l, amikor havazik!\u201d<\/em><\/p>\n<p><em>\u201eV\u00e1rjon r\u00e1m a hegy m\u00e1sik oldal\u00e1n, Baregesben\u201d<\/em> \u2013 v\u00e1laszolta Steines.<\/p>\n<p>A tele\u00fcl\u00e9s 12 km-re volt t\u0151l\u00fck, de Steines elhat\u00e1rozta mag\u00e1t. Tov\u00e1bb gyalogolt a h\u00f3ban, a jeges hegycs\u00facs fel\u00e9. Egyszercsak \u00f6sszetal\u00e1lkozott p\u00e1r fi\u00faval, akik birk\u00e1kat tereltek.<\/p>\n<p><em>\u201eJ\u00f3l ismeritek a Tourmalet-t?\u201d<\/em><\/p>\n<p><em>\u201eJ\u00f3l.\u201d<\/em><\/p>\n<p><em>\u201eEl tudtok igaz\u00edtani?\u201d<\/em><\/p>\n<p>Az utols\u00f3 k\u00e9t kilom\u00e9tert 2,5 \u00f3ra alatt tett\u00e9k meg. K\u00e9s\u0151 volt m\u00e1r \u00e9s vaks\u00f6t\u00e9t. Nem voltak csillagok \u00e9s nem vil\u00e1g\u00edtott a hold sem. A fi\u00fanak, aki seg\u00edtett neki, vissza kellett t\u00e9rnie a faluj\u00e1ba, \u00edgy egyed\u00fcl hagyta Steines-t. Kicsit megpihent a cs\u00facson, de hamar r\u00e1j\u00f6tt, hogyha t\u00fal sok\u00e1ig itt marad, k\u00f6nnyen hal\u00e1lra fagyhat. Elindult, de megcs\u00faszott \u00e9s gurulni kezdett. Egy hegyi patakba \u00e9rkezett. Vizesen \u00e9s hipotermi\u00e1s \u00e1llapotban tal\u00e1lt r\u00e1 az \u00fatra. Kimer\u00fclt, mozdulni sem b\u00edrt. Egy id\u0151 ut\u00e1n ism\u00e9t hangot hallott:<\/p>\n<p><em>\u201eKi van ott?\u201d<\/em> \u2013 k\u00e9rdezte egy idegen.<\/p>\n<p>Steines cs\u00f6ndben maradt, att\u00f3l f\u00e9lt, rabl\u00f3kba botlott. De azt\u00e1n r\u00e1j\u00f6tt, hogy ez lehet az egyetlen es\u00e9lye az \u00e9letben marad\u00e1sra:<\/p>\n<p><em>\u201eElt\u00e9vedtem. \u00c1tj\u00f6ttem a hegycs\u00facson.\u201d<\/em><\/p>\n<p><em>\u201eAkkor biztosan te vagy Steines. M\u00e1r v\u00e1rtunk r\u00e1d. Egy sereg hegyiment\u0151 keres t\u00e9ged.\u201d<\/em><\/p>\n<p>Amikor v\u00e9gre biztons\u00e1gban volt, meg\u00edrta a legend\u00e1s t\u00e1viratot Desgranges-nek: <em>\u201e\u00c1tkeltem a Tourmalet cs\u00facs\u00e1n STOP Nagyon j\u00f3 az \u00fat STOP Teljesen haszn\u00e1lhat\u00f3 STOP.\u201d<\/em><\/p>\n<figure id=\"attachment_8556\" aria-describedby=\"caption-attachment-8556\" style=\"width: 1024px\" class=\"wp-caption alignnone\"><a href=\"https:\/\/d2p6e6u75xmxt8.cloudfront.net\/2\/2020\/09\/Plaque_Alphonse_Steines_Weimerskirch.jpg\"><img loading=\"lazy\" decoding=\"async\" class=\"wp-image-8556 size-large\" src=\"https:\/\/d2p6e6u75xmxt8.cloudfront.net\/12\/2020\/09\/Plaque_Alphonse_Steines_Weimerskirch-1024x750.jpg\" alt=\"Alphonse Steines Tour\" width=\"1024\" height=\"750\" srcset=\"https:\/\/d2p6e6u75xmxt8.cloudfront.net\/12\/2020\/09\/Plaque_Alphonse_Steines_Weimerskirch-1024x750.jpg 1024w, https:\/\/d2p6e6u75xmxt8.cloudfront.net\/12\/2020\/09\/Plaque_Alphonse_Steines_Weimerskirch-300x220.jpg 300w, https:\/\/d2p6e6u75xmxt8.cloudfront.net\/12\/2020\/09\/Plaque_Alphonse_Steines_Weimerskirch-768x563.jpg 768w, https:\/\/d2p6e6u75xmxt8.cloudfront.net\/12\/2020\/09\/Plaque_Alphonse_Steines_Weimerskirch-1536x1125.jpg 1536w, https:\/\/d2p6e6u75xmxt8.cloudfront.net\/12\/2020\/09\/Plaque_Alphonse_Steines_Weimerskirch.jpg 1600w\" sizes=\"auto, (max-width: 1024px) 100vw, 1024px\" \/><\/a><figcaption id=\"caption-attachment-8556\" class=\"wp-caption-text\"><em>Alphonse Steines eml\u00e9kplakettje Luxemburgban. \u00a9 Wikimedia Commons<\/em><\/figcaption><\/figure>\n<p>Egy h\u00f3nappal k\u00e9s\u0151bb, k\u00e9t szakasz is a Pireneusokban vezetett a Tour de France-en. A m\u00e1sodik m\u00e1ig a legnehezebb etap maradt a maga 326 kilom\u00e9ter\u00e9vel, \u00e9s a n\u00e9gy hegycs\u00faccsal. A szakaszgy\u0151ztes Octave Lapize h\u00edres mondata mindent el\u00e1rul: amikor mintegy 15 \u00f3ra teker\u00e9s ut\u00e1n \u00e1tkelt a negyedik hegyen is ezt kiab\u00e1lta a szervez\u0151knek: <em>\u201eGyilkosok! Mind gyilkosok vagytok!\u201d <\/em>De nem csak hogy nem halt bele a szakaszba, megnyerte az eg\u00e9sz versenyt. A Pireneusok olyan sikert arattak, amilyen Steines meg\u00e1lmodott. Ma m\u00e1r nehezen tudn\u00e1nk elk\u00e9pzelni a k\u00f6rversenyt olyan helyek n\u00e9lk\u00fcl, mint a Tourmalet!<\/p>\n","protected":false},"excerpt":{"rendered":"<p>A Tour de France els\u0151 id\u0151szaka kem\u00e9ny volt. Minden \u00e9vben egyre nehezebb \u00e9s nehezebb lett a p\u00e1lya, egyre \u0151r\u00fcltebb helyeken [&hellip;]<\/p>\n","protected":false},"author":71,"featured_media":8558,"comment_status":"open","ping_status":"open","sticky":false,"template":"","format":"standard","meta":{"footnotes":""},"categories":[8],"tags":[],"global-categories":[],"class_list":["post-8553","post","type-post","status-publish","format-standard","has-post-thumbnail","hentry","category-orszaguti-kerekpar"],"yoast_head":"<!-- This site is optimized with the Yoast SEO Premium plugin v25.3 (Yoast SEO v25.9) - https:\/\/yoast.com\/wordpress\/plugins\/seo\/ -->\n<title>K\u00e9szen \u00e1lltak az 1910-es Tour versenyz\u0151i a Pireneusokra?<\/title>\n<meta name=\"description\" content=\"A Tour de France els\u0151 id\u0151szaka kem\u00e9ny volt. Minden \u00e9vben egyre nehezebb \u00e9s nehezebb lett a p\u00e1lya, egyre \u0151r\u00fcltebb helyeken kellett \u00e1ttekerni\u00fck a versenyz\u0151knek, m\u00edgnem 1910-ben a szervez\u0151k \u00fagy d\u00f6nt\u00f6ttek, a Pireneusokat is be\u00e9p\u00edtek az \u00fatvonalba. Hogy mi\u00e9rt gondolt\u00e1k, hogy ez j\u00f3 \u00f6tlet, amikor ki\u00e9p\u00edtett \u00fat nem volt, medve viszont ann\u00e1l t\u00f6bb? Remek k\u00e9rd\u00e9s.\" \/>\n<meta name=\"robots\" content=\"index, follow, max-snippet:-1, max-image-preview:large, max-video-preview:-1\" \/>\n<link rel=\"canonical\" href=\"https:\/\/www.welovecycling.com\/hu\/orszaguti-kerekpar\/keszen-alltak-az-1910-es-tour-versenyzoi-a-pireneusokra\/\" \/>\n<meta property=\"og:locale\" content=\"hu_HU\" \/>\n<meta property=\"og:type\" content=\"article\" \/>\n<meta property=\"og:title\" content=\"K\u00e9szen \u00e1lltak az 1910-es Tour versenyz\u0151i a Pireneusokra?\" \/>\n<meta property=\"og:description\" content=\"A Tour de France els\u0151 id\u0151szaka kem\u00e9ny volt. Minden \u00e9vben egyre nehezebb \u00e9s nehezebb lett a p\u00e1lya, egyre \u0151r\u00fcltebb helyeken kellett \u00e1ttekerni\u00fck a versenyz\u0151knek, m\u00edgnem 1910-ben a szervez\u0151k \u00fagy d\u00f6nt\u00f6ttek, a Pireneusokat is be\u00e9p\u00edtek az \u00fatvonalba. Hogy mi\u00e9rt gondolt\u00e1k, hogy ez j\u00f3 \u00f6tlet, amikor ki\u00e9p\u00edtett \u00fat nem volt, medve viszont ann\u00e1l t\u00f6bb? Remek k\u00e9rd\u00e9s.\" \/>\n<meta property=\"og:url\" content=\"https:\/\/www.welovecycling.com\/hu\/orszaguti-kerekpar\/keszen-alltak-az-1910-es-tour-versenyzoi-a-pireneusokra\/\" \/>\n<meta property=\"og:site_name\" content=\"\u0160koda We Love Cycling - Magyarorsz\u00e1g\" \/>\n<meta property=\"article:publisher\" content=\"https:\/\/www.facebook.com\/WeLoveCyclingHungary\/\" \/>\n<meta property=\"article:published_time\" content=\"2020-09-16T07:00:38+00:00\" \/>\n<meta property=\"og:image\" content=\"https:\/\/d2p6e6u75xmxt8.cloudfront.net\/12\/2020\/09\/tourmalet-pixabay-CVR.jpg\" \/>\n\t<meta property=\"og:image:width\" content=\"1366\" \/>\n\t<meta property=\"og:image:height\" content=\"600\" \/>\n\t<meta property=\"og:image:type\" content=\"image\/jpeg\" \/>\n<meta name=\"author\" content=\"hegyizs\" \/>\n<meta name=\"twitter:card\" content=\"summary_large_image\" \/>\n<meta name=\"twitter:label1\" content=\"Written by\" \/>\n\t<meta name=\"twitter:data1\" content=\"Jiri Kaloc\" \/>\n\t<meta name=\"twitter:label2\" content=\"Est. reading time\" \/>\n\t<meta name=\"twitter:data2\" content=\"4\" \/>\n<script type=\"application\/ld+json\" class=\"yoast-schema-graph\">{\"@context\":\"https:\/\/schema.org\",\"@graph\":[{\"@type\":\"WebPage\",\"@id\":\"https:\/\/www.welovecycling.com\/hu\/orszaguti-kerekpar\/keszen-alltak-az-1910-es-tour-versenyzoi-a-pireneusokra\/\",\"url\":\"https:\/\/www.welovecycling.com\/hu\/orszaguti-kerekpar\/keszen-alltak-az-1910-es-tour-versenyzoi-a-pireneusokra\/\",\"name\":\"K\u00e9szen \u00e1lltak az 1910-es Tour versenyz\u0151i a Pireneusokra?\",\"isPartOf\":{\"@id\":\"https:\/\/www.welovecycling.com\/hu\/#website\"},\"primaryImageOfPage\":{\"@id\":\"https:\/\/www.welovecycling.com\/hu\/orszaguti-kerekpar\/keszen-alltak-az-1910-es-tour-versenyzoi-a-pireneusokra\/#primaryimage\"},\"image\":{\"@id\":\"https:\/\/www.welovecycling.com\/hu\/orszaguti-kerekpar\/keszen-alltak-az-1910-es-tour-versenyzoi-a-pireneusokra\/#primaryimage\"},\"thumbnailUrl\":\"https:\/\/d2p6e6u75xmxt8.cloudfront.net\/12\/2020\/09\/tourmalet-pixabay-CVR.jpg\",\"datePublished\":\"2020-09-16T07:00:38+00:00\",\"author\":{\"@id\":\"https:\/\/www.welovecycling.com\/hu\/#\/schema\/person\/414a2aebf1801691a5320edb6468e194\"},\"description\":\"A Tour de France els\u0151 id\u0151szaka kem\u00e9ny volt. Minden \u00e9vben egyre nehezebb \u00e9s nehezebb lett a p\u00e1lya, egyre \u0151r\u00fcltebb helyeken kellett \u00e1ttekerni\u00fck a versenyz\u0151knek, m\u00edgnem 1910-ben a szervez\u0151k \u00fagy d\u00f6nt\u00f6ttek, a Pireneusokat is be\u00e9p\u00edtek az \u00fatvonalba. Hogy mi\u00e9rt gondolt\u00e1k, hogy ez j\u00f3 \u00f6tlet, amikor ki\u00e9p\u00edtett \u00fat nem volt, medve viszont ann\u00e1l t\u00f6bb? Remek k\u00e9rd\u00e9s.\",\"breadcrumb\":{\"@id\":\"https:\/\/www.welovecycling.com\/hu\/orszaguti-kerekpar\/keszen-alltak-az-1910-es-tour-versenyzoi-a-pireneusokra\/#breadcrumb\"},\"inLanguage\":\"hu\",\"potentialAction\":[{\"@type\":\"ReadAction\",\"target\":[\"https:\/\/www.welovecycling.com\/hu\/orszaguti-kerekpar\/keszen-alltak-az-1910-es-tour-versenyzoi-a-pireneusokra\/\"]}]},{\"@type\":\"ImageObject\",\"inLanguage\":\"hu\",\"@id\":\"https:\/\/www.welovecycling.com\/hu\/orszaguti-kerekpar\/keszen-alltak-az-1910-es-tour-versenyzoi-a-pireneusokra\/#primaryimage\",\"url\":\"https:\/\/d2p6e6u75xmxt8.cloudfront.net\/12\/2020\/09\/tourmalet-pixabay-CVR.jpg\",\"contentUrl\":\"https:\/\/d2p6e6u75xmxt8.cloudfront.net\/12\/2020\/09\/tourmalet-pixabay-CVR.jpg\",\"width\":1366,\"height\":600,\"caption\":\"Tourmalet\"},{\"@type\":\"BreadcrumbList\",\"@id\":\"https:\/\/www.welovecycling.com\/hu\/orszaguti-kerekpar\/keszen-alltak-az-1910-es-tour-versenyzoi-a-pireneusokra\/#breadcrumb\",\"itemListElement\":[{\"@type\":\"ListItem\",\"position\":1,\"name\":\"Home\",\"item\":\"https:\/\/www.welovecycling.com\/hu\/\"},{\"@type\":\"ListItem\",\"position\":2,\"name\":\"K\u00e9szen \u00e1lltak az 1910-es Tour versenyz\u0151i a Pireneusokra?\"}]},{\"@type\":\"WebSite\",\"@id\":\"https:\/\/www.welovecycling.com\/hu\/#website\",\"url\":\"https:\/\/www.welovecycling.com\/hu\/\",\"name\":\"\u0160koda We Love Cycling - Magyarorsz\u00e1g\",\"description\":\"\u0160koda WeLoveCycling\",\"potentialAction\":[{\"@type\":\"SearchAction\",\"target\":{\"@type\":\"EntryPoint\",\"urlTemplate\":\"https:\/\/www.welovecycling.com\/hu\/?s={search_term_string}\"},\"query-input\":{\"@type\":\"PropertyValueSpecification\",\"valueRequired\":true,\"valueName\":\"search_term_string\"}}],\"inLanguage\":\"hu\"},{\"@type\":\"Person\",\"@id\":\"https:\/\/www.welovecycling.com\/hu\/#\/schema\/person\/414a2aebf1801691a5320edb6468e194\",\"name\":\"hegyizs\",\"image\":{\"@type\":\"ImageObject\",\"inLanguage\":\"hu\",\"@id\":\"https:\/\/www.welovecycling.com\/hu\/#\/schema\/person\/image\/\",\"url\":\"https:\/\/secure.gravatar.com\/avatar\/02cf8a7906b8cf90cecb4679defac7cfd33a1c2e3b88e4903d947f3bb58eedd3?s=96&d=mm&r=g\",\"contentUrl\":\"https:\/\/secure.gravatar.com\/avatar\/02cf8a7906b8cf90cecb4679defac7cfd33a1c2e3b88e4903d947f3bb58eedd3?s=96&d=mm&r=g\",\"caption\":\"hegyizs\"},\"url\":\"https:\/\/www.welovecycling.com\/hu\/author\/hegyizs\/\"}]}<\/script>\n<!-- \/ Yoast SEO Premium plugin. -->","yoast_head_json":{"title":"K\u00e9szen \u00e1lltak az 1910-es Tour versenyz\u0151i a Pireneusokra?","description":"A Tour de France els\u0151 id\u0151szaka kem\u00e9ny volt. Minden \u00e9vben egyre nehezebb \u00e9s nehezebb lett a p\u00e1lya, egyre \u0151r\u00fcltebb helyeken kellett \u00e1ttekerni\u00fck a versenyz\u0151knek, m\u00edgnem 1910-ben a szervez\u0151k \u00fagy d\u00f6nt\u00f6ttek, a Pireneusokat is be\u00e9p\u00edtek az \u00fatvonalba. Hogy mi\u00e9rt gondolt\u00e1k, hogy ez j\u00f3 \u00f6tlet, amikor ki\u00e9p\u00edtett \u00fat nem volt, medve viszont ann\u00e1l t\u00f6bb? Remek k\u00e9rd\u00e9s.","robots":{"index":"index","follow":"follow","max-snippet":"max-snippet:-1","max-image-preview":"max-image-preview:large","max-video-preview":"max-video-preview:-1"},"canonical":"https:\/\/www.welovecycling.com\/hu\/orszaguti-kerekpar\/keszen-alltak-az-1910-es-tour-versenyzoi-a-pireneusokra\/","og_locale":"hu_HU","og_type":"article","og_title":"K\u00e9szen \u00e1lltak az 1910-es Tour versenyz\u0151i a Pireneusokra?","og_description":"A Tour de France els\u0151 id\u0151szaka kem\u00e9ny volt. Minden \u00e9vben egyre nehezebb \u00e9s nehezebb lett a p\u00e1lya, egyre \u0151r\u00fcltebb helyeken kellett \u00e1ttekerni\u00fck a versenyz\u0151knek, m\u00edgnem 1910-ben a szervez\u0151k \u00fagy d\u00f6nt\u00f6ttek, a Pireneusokat is be\u00e9p\u00edtek az \u00fatvonalba. Hogy mi\u00e9rt gondolt\u00e1k, hogy ez j\u00f3 \u00f6tlet, amikor ki\u00e9p\u00edtett \u00fat nem volt, medve viszont ann\u00e1l t\u00f6bb? Remek k\u00e9rd\u00e9s.","og_url":"https:\/\/www.welovecycling.com\/hu\/orszaguti-kerekpar\/keszen-alltak-az-1910-es-tour-versenyzoi-a-pireneusokra\/","og_site_name":"\u0160koda We Love Cycling - Magyarorsz\u00e1g","article_publisher":"https:\/\/www.facebook.com\/WeLoveCyclingHungary\/","article_published_time":"2020-09-16T07:00:38+00:00","og_image":[{"width":1366,"height":600,"url":"https:\/\/d2p6e6u75xmxt8.cloudfront.net\/12\/2020\/09\/tourmalet-pixabay-CVR.jpg","type":"image\/jpeg"}],"author":"hegyizs","twitter_card":"summary_large_image","twitter_misc":{"Written by":"Jiri Kaloc","Est. reading time":"4"},"schema":{"@context":"https:\/\/schema.org","@graph":[{"@type":"WebPage","@id":"https:\/\/www.welovecycling.com\/hu\/orszaguti-kerekpar\/keszen-alltak-az-1910-es-tour-versenyzoi-a-pireneusokra\/","url":"https:\/\/www.welovecycling.com\/hu\/orszaguti-kerekpar\/keszen-alltak-az-1910-es-tour-versenyzoi-a-pireneusokra\/","name":"K\u00e9szen \u00e1lltak az 1910-es Tour versenyz\u0151i a Pireneusokra?","isPartOf":{"@id":"https:\/\/www.welovecycling.com\/hu\/#website"},"primaryImageOfPage":{"@id":"https:\/\/www.welovecycling.com\/hu\/orszaguti-kerekpar\/keszen-alltak-az-1910-es-tour-versenyzoi-a-pireneusokra\/#primaryimage"},"image":{"@id":"https:\/\/www.welovecycling.com\/hu\/orszaguti-kerekpar\/keszen-alltak-az-1910-es-tour-versenyzoi-a-pireneusokra\/#primaryimage"},"thumbnailUrl":"https:\/\/d2p6e6u75xmxt8.cloudfront.net\/12\/2020\/09\/tourmalet-pixabay-CVR.jpg","datePublished":"2020-09-16T07:00:38+00:00","author":{"@id":"https:\/\/www.welovecycling.com\/hu\/#\/schema\/person\/414a2aebf1801691a5320edb6468e194"},"description":"A Tour de France els\u0151 id\u0151szaka kem\u00e9ny volt. Minden \u00e9vben egyre nehezebb \u00e9s nehezebb lett a p\u00e1lya, egyre \u0151r\u00fcltebb helyeken kellett \u00e1ttekerni\u00fck a versenyz\u0151knek, m\u00edgnem 1910-ben a szervez\u0151k \u00fagy d\u00f6nt\u00f6ttek, a Pireneusokat is be\u00e9p\u00edtek az \u00fatvonalba. Hogy mi\u00e9rt gondolt\u00e1k, hogy ez j\u00f3 \u00f6tlet, amikor ki\u00e9p\u00edtett \u00fat nem volt, medve viszont ann\u00e1l t\u00f6bb? Remek k\u00e9rd\u00e9s.","breadcrumb":{"@id":"https:\/\/www.welovecycling.com\/hu\/orszaguti-kerekpar\/keszen-alltak-az-1910-es-tour-versenyzoi-a-pireneusokra\/#breadcrumb"},"inLanguage":"hu","potentialAction":[{"@type":"ReadAction","target":["https:\/\/www.welovecycling.com\/hu\/orszaguti-kerekpar\/keszen-alltak-az-1910-es-tour-versenyzoi-a-pireneusokra\/"]}]},{"@type":"ImageObject","inLanguage":"hu","@id":"https:\/\/www.welovecycling.com\/hu\/orszaguti-kerekpar\/keszen-alltak-az-1910-es-tour-versenyzoi-a-pireneusokra\/#primaryimage","url":"https:\/\/d2p6e6u75xmxt8.cloudfront.net\/12\/2020\/09\/tourmalet-pixabay-CVR.jpg","contentUrl":"https:\/\/d2p6e6u75xmxt8.cloudfront.net\/12\/2020\/09\/tourmalet-pixabay-CVR.jpg","width":1366,"height":600,"caption":"Tourmalet"},{"@type":"BreadcrumbList","@id":"https:\/\/www.welovecycling.com\/hu\/orszaguti-kerekpar\/keszen-alltak-az-1910-es-tour-versenyzoi-a-pireneusokra\/#breadcrumb","itemListElement":[{"@type":"ListItem","position":1,"name":"Home","item":"https:\/\/www.welovecycling.com\/hu\/"},{"@type":"ListItem","position":2,"name":"K\u00e9szen \u00e1lltak az 1910-es Tour versenyz\u0151i a Pireneusokra?"}]},{"@type":"WebSite","@id":"https:\/\/www.welovecycling.com\/hu\/#website","url":"https:\/\/www.welovecycling.com\/hu\/","name":"\u0160koda We Love Cycling - Magyarorsz\u00e1g","description":"\u0160koda WeLoveCycling","potentialAction":[{"@type":"SearchAction","target":{"@type":"EntryPoint","urlTemplate":"https:\/\/www.welovecycling.com\/hu\/?s={search_term_string}"},"query-input":{"@type":"PropertyValueSpecification","valueRequired":true,"valueName":"search_term_string"}}],"inLanguage":"hu"},{"@type":"Person","@id":"https:\/\/www.welovecycling.com\/hu\/#\/schema\/person\/414a2aebf1801691a5320edb6468e194","name":"hegyizs","image":{"@type":"ImageObject","inLanguage":"hu","@id":"https:\/\/www.welovecycling.com\/hu\/#\/schema\/person\/image\/","url":"https:\/\/secure.gravatar.com\/avatar\/02cf8a7906b8cf90cecb4679defac7cfd33a1c2e3b88e4903d947f3bb58eedd3?s=96&d=mm&r=g","contentUrl":"https:\/\/secure.gravatar.com\/avatar\/02cf8a7906b8cf90cecb4679defac7cfd33a1c2e3b88e4903d947f3bb58eedd3?s=96&d=mm&r=g","caption":"hegyizs"},"url":"https:\/\/www.welovecycling.com\/hu\/author\/hegyizs\/"}]}},"_links":{"self":[{"href":"https:\/\/www.welovecycling.com\/hu\/wp-json\/wp\/v2\/posts\/8553","targetHints":{"allow":["GET"]}}],"collection":[{"href":"https:\/\/www.welovecycling.com\/hu\/wp-json\/wp\/v2\/posts"}],"about":[{"href":"https:\/\/www.welovecycling.com\/hu\/wp-json\/wp\/v2\/types\/post"}],"author":[{"embeddable":true,"href":"https:\/\/www.welovecycling.com\/hu\/wp-json\/wp\/v2\/users\/71"}],"replies":[{"embeddable":true,"href":"https:\/\/www.welovecycling.com\/hu\/wp-json\/wp\/v2\/comments?post=8553"}],"version-history":[{"count":2,"href":"https:\/\/www.welovecycling.com\/hu\/wp-json\/wp\/v2\/posts\/8553\/revisions"}],"predecessor-version":[{"id":8570,"href":"https:\/\/www.welovecycling.com\/hu\/wp-json\/wp\/v2\/posts\/8553\/revisions\/8570"}],"wp:featuredmedia":[{"embeddable":true,"href":"https:\/\/www.welovecycling.com\/hu\/wp-json\/wp\/v2\/media\/8558"}],"wp:attachment":[{"href":"https:\/\/www.welovecycling.com\/hu\/wp-json\/wp\/v2\/media?parent=8553"}],"wp:term":[{"taxonomy":"category","embeddable":true,"href":"https:\/\/www.welovecycling.com\/hu\/wp-json\/wp\/v2\/categories?post=8553"},{"taxonomy":"post_tag","embeddable":true,"href":"https:\/\/www.welovecycling.com\/hu\/wp-json\/wp\/v2\/tags?post=8553"},{"taxonomy":"global-categories","embeddable":true,"href":"https:\/\/www.welovecycling.com\/hu\/wp-json\/wp\/v2\/global-categories?post=8553"}],"curies":[{"name":"wp","href":"https:\/\/api.w.org\/{rel}","templated":true}]}}