{"id":8550,"date":"2020-09-15T08:00:27","date_gmt":"2020-09-15T07:00:27","guid":{"rendered":"https:\/\/www.welovecycling.com\/hu\/?p=8550"},"modified":"2020-09-12T13:24:26","modified_gmt":"2020-09-12T12:24:26","slug":"a-8-legidegesitobb-bringas-tipus","status":"publish","type":"post","link":"https:\/\/www.welovecycling.com\/hu\/kozosseg-es-kultura\/a-8-legidegesitobb-bringas-tipus\/","title":{"rendered":"A 8 legideges\u00edt\u0151bb bring\u00e1s-t\u00edpus"},"content":{"rendered":"<p><strong>Minden biciklis a csal\u00e1dunk tagja. Azonban itt is vannak olyanok, akiket kev\u00e9sb\u00e9 szeret\u00fcnk \u2013 szok\u00e1saik m\u00e1r-m\u00e1r ideges\u00edt\u0151ek. Hoztunk n\u00e9h\u00e1ny p\u00e9ld\u00e1t olyan ker\u00e9kp\u00e1rosokra, akikkel nem tal\u00e1lkozunk sz\u00edvesen. Van, hogy a saj\u00e1t eg\u00f3nk miatt\u2026<\/strong><\/p>\n<p><!--more--><\/p>\n<p>1. Az agressz\u00edv, mag\u00e1t profinak tart\u00f3 bring\u00e1s, aki \u00e1tverekedi mag\u00e1t a b\u00e9k\u00e9s csal\u00e1dokon, akik a j\u00e1rd\u00e1n s\u00e9t\u00e1lnak, mert h\u00e1t \u00fagyis ut\u00e1lja a bicikliseket mindenki, akkor meg nem mindegy?<\/p>\n<p>2. Az e-biciklisek, akik elh\u00faznak melletted, pedig olyan alacsonyan \u00fclnek, hogy lehetetlens\u00e9g lenne norm\u00e1lisan tekerni\u00fck.<\/p>\n<p>3. Akik keresik a fesz\u00fclts\u00e9get: b\u00e1rkivel k\u00e9pesek \u00f6sszeveszni, aki azt az utat haszn\u00e1lja, mint \u0151k, legyen gyalogos, aut\u00f3s vagy rollerez\u0151.<\/p>\n<p>4. A turist\u00e1k, akik nem \u00e9reznek f\u00e9lelmet: a bicikli\u00fat k\u00f6zep\u00e9n sz\u00e1guldanak \u00e1t b\u00e9relt bring\u00e1ikkal. Mindenki m\u00e1s menek\u00fclni k\u00e9nytelen el\u0151l\u00fck, hogy elker\u00fclj\u00e9k az \u00fctk\u00f6z\u00e9st.<\/p>\n<p>5. H\u00edvatlan t\u00e1rsak, akik igyekeznek szorosan m\u00f6g\u00f6tted maradni, hogy pihenhessenek kicsit, ameddig fogod nekik a szelet. Persze a helycsere m\u00e1r nem j\u00e1tszik.<\/p>\n<figure id=\"attachment_7956\" aria-describedby=\"caption-attachment-7956\" style=\"width: 1250px\" class=\"wp-caption alignnone\"><a href=\"https:\/\/d2p6e6u75xmxt8.cloudfront.net\/12\/2020\/06\/profimedia-0374729557.jpg\"><img loading=\"lazy\" decoding=\"async\" class=\"wp-image-7956 \" src=\"https:\/\/d2p6e6u75xmxt8.cloudfront.net\/12\/2020\/06\/profimedia-0374729557.jpg\" alt=\"Cyclists\" width=\"1250\" height=\"833\" \/><\/a><figcaption id=\"caption-attachment-7956\" class=\"wp-caption-text\"><em>\u00d3vakodj a h\u00edvatlan vend\u00e9gekt\u0151l! \u00a9 Profimedia<\/em><\/figcaption><\/figure>\n<p>6. Akik meg\u00e1ll\u00edtanak, hogy seg\u00edts nekik defektetjav\u00edtani, de nincs n\u00e1luk sem szersz\u00e1m, sem plusz gumi, semmi.<\/p>\n<p>7. Akik mindent lefilmeznek GoPro kamer\u00e1jukkal, mintha egy hihetetlen bring\u00e1s kalandon venn\u00e9nek r\u00e9szt, pedig olyan lass\u00faak, mint a tet\u0171.<\/p>\n<p>8. Mindenki, aki gyorsabb vagy \u00e9pp lassabb n\u00e1lad!<\/p>\n","protected":false},"excerpt":{"rendered":"<p>Minden biciklis a csal\u00e1dunk tagja. Azonban itt is vannak olyanok, akiket kev\u00e9sb\u00e9 szeret\u00fcnk \u2013 szok\u00e1saik m\u00e1r-m\u00e1r ideges\u00edt\u0151ek. Hoztunk n\u00e9h\u00e1ny p\u00e9ld\u00e1t [&hellip;]<\/p>\n","protected":false},"author":71,"featured_media":8552,"comment_status":"open","ping_status":"open","sticky":false,"template":"","format":"standard","meta":{"footnotes":""},"categories":[12],"tags":[],"global-categories":[],"class_list":["post-8550","post","type-post","status-publish","format-standard","has-post-thumbnail","hentry","category-kozosseg-es-kultura"],"yoast_head":"<!-- This site is optimized with the Yoast SEO Premium plugin v25.3 (Yoast SEO v25.9) - https:\/\/yoast.com\/wordpress\/plugins\/seo\/ -->\n<title>A 8 legideges\u00edt\u0151bb bring\u00e1s-t\u00edpus - \u0160koda We Love Cycling - Magyarorsz\u00e1g<\/title>\n<meta name=\"description\" content=\"Minden biciklis a csal\u00e1dunk tagja. Azonban itt is vannak olyanok, akiket kev\u00e9sb\u00e9 szeret\u00fcnk \u2013 szok\u00e1saik m\u00e1r-m\u00e1r ideges\u00edt\u0151ek. Hoztunk n\u00e9h\u00e1ny p\u00e9ld\u00e1t olyan ker\u00e9kp\u00e1rosokra, akikkel nem tal\u00e1lkozunk sz\u00edvesen. Van, hogy a saj\u00e1t eg\u00f3nk miatt\u2026\" \/>\n<meta name=\"robots\" content=\"index, follow, max-snippet:-1, max-image-preview:large, max-video-preview:-1\" \/>\n<link rel=\"canonical\" href=\"https:\/\/www.welovecycling.com\/hu\/kozosseg-es-kultura\/a-8-legidegesitobb-bringas-tipus\/\" \/>\n<meta property=\"og:locale\" content=\"hu_HU\" \/>\n<meta property=\"og:type\" content=\"article\" \/>\n<meta property=\"og:title\" content=\"A 8 legideges\u00edt\u0151bb bring\u00e1s-t\u00edpus\" \/>\n<meta property=\"og:description\" content=\"Minden biciklis a csal\u00e1dunk tagja. Azonban itt is vannak olyanok, akiket kev\u00e9sb\u00e9 szeret\u00fcnk \u2013 szok\u00e1saik m\u00e1r-m\u00e1r ideges\u00edt\u0151ek. Hoztunk n\u00e9h\u00e1ny p\u00e9ld\u00e1t olyan ker\u00e9kp\u00e1rosokra, akikkel nem tal\u00e1lkozunk sz\u00edvesen. Van, hogy a saj\u00e1t eg\u00f3nk miatt\u2026\" \/>\n<meta property=\"og:url\" content=\"https:\/\/www.welovecycling.com\/hu\/kozosseg-es-kultura\/a-8-legidegesitobb-bringas-tipus\/\" \/>\n<meta property=\"og:site_name\" content=\"\u0160koda We Love Cycling - Magyarorsz\u00e1g\" \/>\n<meta property=\"article:publisher\" content=\"https:\/\/www.facebook.com\/WeLoveCyclingHungary\/\" \/>\n<meta property=\"article:published_time\" content=\"2020-09-15T07:00:27+00:00\" \/>\n<meta property=\"og:image\" content=\"https:\/\/d2p6e6u75xmxt8.cloudfront.net\/12\/2020\/09\/cyclist-picture-profimedia-0443004591-CVR.jpg\" \/>\n\t<meta property=\"og:image:width\" content=\"1366\" \/>\n\t<meta property=\"og:image:height\" content=\"600\" \/>\n\t<meta property=\"og:image:type\" content=\"image\/jpeg\" \/>\n<meta name=\"author\" content=\"hegyizs\" \/>\n<meta name=\"twitter:card\" content=\"summary_large_image\" \/>\n<meta name=\"twitter:title\" content=\"A 8 legideges\u00edt\u0151bb bring\u00e1s-t\u00edpus\" \/>\n<meta name=\"twitter:label1\" content=\"Written by\" \/>\n\t<meta name=\"twitter:data1\" content=\"Adam Marsal\" \/>\n\t<meta name=\"twitter:label2\" content=\"Est. reading time\" \/>\n\t<meta name=\"twitter:data2\" content=\"3\" \/>\n<script type=\"application\/ld+json\" class=\"yoast-schema-graph\">{\"@context\":\"https:\/\/schema.org\",\"@graph\":[{\"@type\":\"WebPage\",\"@id\":\"https:\/\/www.welovecycling.com\/hu\/kozosseg-es-kultura\/a-8-legidegesitobb-bringas-tipus\/\",\"url\":\"https:\/\/www.welovecycling.com\/hu\/kozosseg-es-kultura\/a-8-legidegesitobb-bringas-tipus\/\",\"name\":\"A 8 legideges\u00edt\u0151bb bring\u00e1s-t\u00edpus - \u0160koda We Love Cycling - Magyarorsz\u00e1g\",\"isPartOf\":{\"@id\":\"https:\/\/www.welovecycling.com\/hu\/#website\"},\"primaryImageOfPage\":{\"@id\":\"https:\/\/www.welovecycling.com\/hu\/kozosseg-es-kultura\/a-8-legidegesitobb-bringas-tipus\/#primaryimage\"},\"image\":{\"@id\":\"https:\/\/www.welovecycling.com\/hu\/kozosseg-es-kultura\/a-8-legidegesitobb-bringas-tipus\/#primaryimage\"},\"thumbnailUrl\":\"https:\/\/d2p6e6u75xmxt8.cloudfront.net\/12\/2020\/09\/cyclist-picture-profimedia-0443004591-CVR.jpg\",\"datePublished\":\"2020-09-15T07:00:27+00:00\",\"author\":{\"@id\":\"https:\/\/www.welovecycling.com\/hu\/#\/schema\/person\/414a2aebf1801691a5320edb6468e194\"},\"description\":\"Minden biciklis a csal\u00e1dunk tagja. Azonban itt is vannak olyanok, akiket kev\u00e9sb\u00e9 szeret\u00fcnk \u2013 szok\u00e1saik m\u00e1r-m\u00e1r ideges\u00edt\u0151ek. Hoztunk n\u00e9h\u00e1ny p\u00e9ld\u00e1t olyan ker\u00e9kp\u00e1rosokra, akikkel nem tal\u00e1lkozunk sz\u00edvesen. Van, hogy a saj\u00e1t eg\u00f3nk miatt\u2026\",\"breadcrumb\":{\"@id\":\"https:\/\/www.welovecycling.com\/hu\/kozosseg-es-kultura\/a-8-legidegesitobb-bringas-tipus\/#breadcrumb\"},\"inLanguage\":\"hu\",\"potentialAction\":[{\"@type\":\"ReadAction\",\"target\":[\"https:\/\/www.welovecycling.com\/hu\/kozosseg-es-kultura\/a-8-legidegesitobb-bringas-tipus\/\"]}]},{\"@type\":\"ImageObject\",\"inLanguage\":\"hu\",\"@id\":\"https:\/\/www.welovecycling.com\/hu\/kozosseg-es-kultura\/a-8-legidegesitobb-bringas-tipus\/#primaryimage\",\"url\":\"https:\/\/d2p6e6u75xmxt8.cloudfront.net\/12\/2020\/09\/cyclist-picture-profimedia-0443004591-CVR.jpg\",\"contentUrl\":\"https:\/\/d2p6e6u75xmxt8.cloudfront.net\/12\/2020\/09\/cyclist-picture-profimedia-0443004591-CVR.jpg\",\"width\":1366,\"height\":600},{\"@type\":\"BreadcrumbList\",\"@id\":\"https:\/\/www.welovecycling.com\/hu\/kozosseg-es-kultura\/a-8-legidegesitobb-bringas-tipus\/#breadcrumb\",\"itemListElement\":[{\"@type\":\"ListItem\",\"position\":1,\"name\":\"Home\",\"item\":\"https:\/\/www.welovecycling.com\/hu\/\"},{\"@type\":\"ListItem\",\"position\":2,\"name\":\"A 8 legideges\u00edt\u0151bb bring\u00e1s-t\u00edpus\"}]},{\"@type\":\"WebSite\",\"@id\":\"https:\/\/www.welovecycling.com\/hu\/#website\",\"url\":\"https:\/\/www.welovecycling.com\/hu\/\",\"name\":\"\u0160koda We Love Cycling - Magyarorsz\u00e1g\",\"description\":\"\u0160koda WeLoveCycling\",\"potentialAction\":[{\"@type\":\"SearchAction\",\"target\":{\"@type\":\"EntryPoint\",\"urlTemplate\":\"https:\/\/www.welovecycling.com\/hu\/?s={search_term_string}\"},\"query-input\":{\"@type\":\"PropertyValueSpecification\",\"valueRequired\":true,\"valueName\":\"search_term_string\"}}],\"inLanguage\":\"hu\"},{\"@type\":\"Person\",\"@id\":\"https:\/\/www.welovecycling.com\/hu\/#\/schema\/person\/414a2aebf1801691a5320edb6468e194\",\"name\":\"hegyizs\",\"image\":{\"@type\":\"ImageObject\",\"inLanguage\":\"hu\",\"@id\":\"https:\/\/www.welovecycling.com\/hu\/#\/schema\/person\/image\/\",\"url\":\"https:\/\/secure.gravatar.com\/avatar\/02cf8a7906b8cf90cecb4679defac7cfd33a1c2e3b88e4903d947f3bb58eedd3?s=96&d=mm&r=g\",\"contentUrl\":\"https:\/\/secure.gravatar.com\/avatar\/02cf8a7906b8cf90cecb4679defac7cfd33a1c2e3b88e4903d947f3bb58eedd3?s=96&d=mm&r=g\",\"caption\":\"hegyizs\"},\"url\":\"https:\/\/www.welovecycling.com\/hu\/author\/hegyizs\/\"}]}<\/script>\n<!-- \/ Yoast SEO Premium plugin. -->","yoast_head_json":{"title":"A 8 legideges\u00edt\u0151bb bring\u00e1s-t\u00edpus - \u0160koda We Love Cycling - Magyarorsz\u00e1g","description":"Minden biciklis a csal\u00e1dunk tagja. Azonban itt is vannak olyanok, akiket kev\u00e9sb\u00e9 szeret\u00fcnk \u2013 szok\u00e1saik m\u00e1r-m\u00e1r ideges\u00edt\u0151ek. Hoztunk n\u00e9h\u00e1ny p\u00e9ld\u00e1t olyan ker\u00e9kp\u00e1rosokra, akikkel nem tal\u00e1lkozunk sz\u00edvesen. Van, hogy a saj\u00e1t eg\u00f3nk miatt\u2026","robots":{"index":"index","follow":"follow","max-snippet":"max-snippet:-1","max-image-preview":"max-image-preview:large","max-video-preview":"max-video-preview:-1"},"canonical":"https:\/\/www.welovecycling.com\/hu\/kozosseg-es-kultura\/a-8-legidegesitobb-bringas-tipus\/","og_locale":"hu_HU","og_type":"article","og_title":"A 8 legideges\u00edt\u0151bb bring\u00e1s-t\u00edpus","og_description":"Minden biciklis a csal\u00e1dunk tagja. Azonban itt is vannak olyanok, akiket kev\u00e9sb\u00e9 szeret\u00fcnk \u2013 szok\u00e1saik m\u00e1r-m\u00e1r ideges\u00edt\u0151ek. Hoztunk n\u00e9h\u00e1ny p\u00e9ld\u00e1t olyan ker\u00e9kp\u00e1rosokra, akikkel nem tal\u00e1lkozunk sz\u00edvesen. Van, hogy a saj\u00e1t eg\u00f3nk miatt\u2026","og_url":"https:\/\/www.welovecycling.com\/hu\/kozosseg-es-kultura\/a-8-legidegesitobb-bringas-tipus\/","og_site_name":"\u0160koda We Love Cycling - Magyarorsz\u00e1g","article_publisher":"https:\/\/www.facebook.com\/WeLoveCyclingHungary\/","article_published_time":"2020-09-15T07:00:27+00:00","og_image":[{"width":1366,"height":600,"url":"https:\/\/d2p6e6u75xmxt8.cloudfront.net\/12\/2020\/09\/cyclist-picture-profimedia-0443004591-CVR.jpg","type":"image\/jpeg"}],"author":"hegyizs","twitter_card":"summary_large_image","twitter_title":"A 8 legideges\u00edt\u0151bb bring\u00e1s-t\u00edpus","twitter_misc":{"Written by":"Adam Marsal","Est. reading time":"3"},"schema":{"@context":"https:\/\/schema.org","@graph":[{"@type":"WebPage","@id":"https:\/\/www.welovecycling.com\/hu\/kozosseg-es-kultura\/a-8-legidegesitobb-bringas-tipus\/","url":"https:\/\/www.welovecycling.com\/hu\/kozosseg-es-kultura\/a-8-legidegesitobb-bringas-tipus\/","name":"A 8 legideges\u00edt\u0151bb bring\u00e1s-t\u00edpus - \u0160koda We Love Cycling - Magyarorsz\u00e1g","isPartOf":{"@id":"https:\/\/www.welovecycling.com\/hu\/#website"},"primaryImageOfPage":{"@id":"https:\/\/www.welovecycling.com\/hu\/kozosseg-es-kultura\/a-8-legidegesitobb-bringas-tipus\/#primaryimage"},"image":{"@id":"https:\/\/www.welovecycling.com\/hu\/kozosseg-es-kultura\/a-8-legidegesitobb-bringas-tipus\/#primaryimage"},"thumbnailUrl":"https:\/\/d2p6e6u75xmxt8.cloudfront.net\/12\/2020\/09\/cyclist-picture-profimedia-0443004591-CVR.jpg","datePublished":"2020-09-15T07:00:27+00:00","author":{"@id":"https:\/\/www.welovecycling.com\/hu\/#\/schema\/person\/414a2aebf1801691a5320edb6468e194"},"description":"Minden biciklis a csal\u00e1dunk tagja. Azonban itt is vannak olyanok, akiket kev\u00e9sb\u00e9 szeret\u00fcnk \u2013 szok\u00e1saik m\u00e1r-m\u00e1r ideges\u00edt\u0151ek. Hoztunk n\u00e9h\u00e1ny p\u00e9ld\u00e1t olyan ker\u00e9kp\u00e1rosokra, akikkel nem tal\u00e1lkozunk sz\u00edvesen. Van, hogy a saj\u00e1t eg\u00f3nk miatt\u2026","breadcrumb":{"@id":"https:\/\/www.welovecycling.com\/hu\/kozosseg-es-kultura\/a-8-legidegesitobb-bringas-tipus\/#breadcrumb"},"inLanguage":"hu","potentialAction":[{"@type":"ReadAction","target":["https:\/\/www.welovecycling.com\/hu\/kozosseg-es-kultura\/a-8-legidegesitobb-bringas-tipus\/"]}]},{"@type":"ImageObject","inLanguage":"hu","@id":"https:\/\/www.welovecycling.com\/hu\/kozosseg-es-kultura\/a-8-legidegesitobb-bringas-tipus\/#primaryimage","url":"https:\/\/d2p6e6u75xmxt8.cloudfront.net\/12\/2020\/09\/cyclist-picture-profimedia-0443004591-CVR.jpg","contentUrl":"https:\/\/d2p6e6u75xmxt8.cloudfront.net\/12\/2020\/09\/cyclist-picture-profimedia-0443004591-CVR.jpg","width":1366,"height":600},{"@type":"BreadcrumbList","@id":"https:\/\/www.welovecycling.com\/hu\/kozosseg-es-kultura\/a-8-legidegesitobb-bringas-tipus\/#breadcrumb","itemListElement":[{"@type":"ListItem","position":1,"name":"Home","item":"https:\/\/www.welovecycling.com\/hu\/"},{"@type":"ListItem","position":2,"name":"A 8 legideges\u00edt\u0151bb bring\u00e1s-t\u00edpus"}]},{"@type":"WebSite","@id":"https:\/\/www.welovecycling.com\/hu\/#website","url":"https:\/\/www.welovecycling.com\/hu\/","name":"\u0160koda We Love Cycling - Magyarorsz\u00e1g","description":"\u0160koda WeLoveCycling","potentialAction":[{"@type":"SearchAction","target":{"@type":"EntryPoint","urlTemplate":"https:\/\/www.welovecycling.com\/hu\/?s={search_term_string}"},"query-input":{"@type":"PropertyValueSpecification","valueRequired":true,"valueName":"search_term_string"}}],"inLanguage":"hu"},{"@type":"Person","@id":"https:\/\/www.welovecycling.com\/hu\/#\/schema\/person\/414a2aebf1801691a5320edb6468e194","name":"hegyizs","image":{"@type":"ImageObject","inLanguage":"hu","@id":"https:\/\/www.welovecycling.com\/hu\/#\/schema\/person\/image\/","url":"https:\/\/secure.gravatar.com\/avatar\/02cf8a7906b8cf90cecb4679defac7cfd33a1c2e3b88e4903d947f3bb58eedd3?s=96&d=mm&r=g","contentUrl":"https:\/\/secure.gravatar.com\/avatar\/02cf8a7906b8cf90cecb4679defac7cfd33a1c2e3b88e4903d947f3bb58eedd3?s=96&d=mm&r=g","caption":"hegyizs"},"url":"https:\/\/www.welovecycling.com\/hu\/author\/hegyizs\/"}]}},"_links":{"self":[{"href":"https:\/\/www.welovecycling.com\/hu\/wp-json\/wp\/v2\/posts\/8550","targetHints":{"allow":["GET"]}}],"collection":[{"href":"https:\/\/www.welovecycling.com\/hu\/wp-json\/wp\/v2\/posts"}],"about":[{"href":"https:\/\/www.welovecycling.com\/hu\/wp-json\/wp\/v2\/types\/post"}],"author":[{"embeddable":true,"href":"https:\/\/www.welovecycling.com\/hu\/wp-json\/wp\/v2\/users\/71"}],"replies":[{"embeddable":true,"href":"https:\/\/www.welovecycling.com\/hu\/wp-json\/wp\/v2\/comments?post=8550"}],"version-history":[{"count":2,"href":"https:\/\/www.welovecycling.com\/hu\/wp-json\/wp\/v2\/posts\/8550\/revisions"}],"predecessor-version":[{"id":8569,"href":"https:\/\/www.welovecycling.com\/hu\/wp-json\/wp\/v2\/posts\/8550\/revisions\/8569"}],"wp:featuredmedia":[{"embeddable":true,"href":"https:\/\/www.welovecycling.com\/hu\/wp-json\/wp\/v2\/media\/8552"}],"wp:attachment":[{"href":"https:\/\/www.welovecycling.com\/hu\/wp-json\/wp\/v2\/media?parent=8550"}],"wp:term":[{"taxonomy":"category","embeddable":true,"href":"https:\/\/www.welovecycling.com\/hu\/wp-json\/wp\/v2\/categories?post=8550"},{"taxonomy":"post_tag","embeddable":true,"href":"https:\/\/www.welovecycling.com\/hu\/wp-json\/wp\/v2\/tags?post=8550"},{"taxonomy":"global-categories","embeddable":true,"href":"https:\/\/www.welovecycling.com\/hu\/wp-json\/wp\/v2\/global-categories?post=8550"}],"curies":[{"name":"wp","href":"https:\/\/api.w.org\/{rel}","templated":true}]}}