{"id":8545,"date":"2020-09-14T08:00:19","date_gmt":"2020-09-14T07:00:19","guid":{"rendered":"https:\/\/www.welovecycling.com\/hu\/?p=8545"},"modified":"2020-09-12T13:23:34","modified_gmt":"2020-09-12T12:23:34","slug":"a-lathatatlan-mezony-es-a-rapha-womens-100-verseny","status":"publish","type":"post","link":"https:\/\/www.welovecycling.com\/hu\/orszaguti-kerekpar\/a-lathatatlan-mezony-es-a-rapha-womens-100-verseny\/","title":{"rendered":"A \u201eL\u00e1thatatlan Mez\u0151ny\u201d \u00e9s a Rapha Women\u2019s 100 verseny"},"content":{"rendered":"<p><strong>Id\u00e9n a k\u00f6vetkez\u0151 szlogennel t\u00e9r vissza a Rapha Women\u2019s 100: magunkban <\/strong><strong>teker\u00fcnk, de nem vagyunk mag\u00e1nyosak.<\/strong><!--more--><\/p>\n<p>Szeptember 6-\u00e1n nyolcadik alkalommal ker\u00fclt megrendez\u00e9sre a Rapha Women\u2019s 100, egy olyan form\u00e1ban, amit megengednek a k\u00f6r\u00fclm\u00e9nyek. Az esem\u00e9ny 2013-ban zajlott le el\u0151sz\u00f6r, hogy b\u00e1tor\u00edtsa a ker\u00e9kp\u00e1ros n\u0151ket, hogy \u00f6sszetartsanak, b\u00e1tran foglalj\u00e1k el az \u00fat \u0151ket megillet\u0151 r\u00e9sz\u00e9t, \u00e9s tekerjenek, ahogy csak tudnak. Id\u00e9n a ruham\u00e1rka sem hagyhatta figyelmen k\u00edv\u00fcl a v\u00e1ltoz\u00e1sokat \u00e9s megszor\u00edt\u00e1sokat, \u00edgy sz\u00e1mos m\u00e1s esem\u00e9nyhez hasonl\u00f3an a Rapha verseny\u00e9t is a t\u00e1vols\u00e1gtart\u00e1s \u00e9s a fizikai kontaktus minimaliz\u00e1l\u00e1s\u00e1nak jegy\u00e9ben rendezt\u00e9k meg.<\/p>\n<p>A szervez\u0151k elhat\u00e1rozt\u00e1k, hogy id\u00e9n is megtartj\u00e1k a n\u0151i ker\u00e9kp\u00e1roz\u00e1s \u00fcnnep\u00e9t, ha esik, ha f\u00faj, ha vil\u00e1gj\u00e1rv\u00e1ny van. Alkalmazkodniuk kellett ehhez a k\u00fcl\u00f6nleges helyzethez, de ez nem \u00e1ll\u00edtotta meg \u0151ket. B\u00e1r a legt\u00f6bb orsz\u00e1gban a csoportos ker\u00e9kp\u00e1rt\u00far\u00e1kat nem tiltj\u00e1k a korl\u00e1toz\u00e1sok, a Rapha arra \u00f6szt\u00f6n\u00f6zte versenyz\u0151it, hogy egyed\u00fcl tekerj\u00e9k le a 100 km-es t\u00e1vols\u00e1got, \u00e9s r\u00f6gz\u00edts\u00e9k Stravaban az utat. Az inspir\u00e1ci\u00f3t pedig hihetetlen n\u0151i bring\u00e1sok ny\u00fajtott\u00e1k.<\/p>\n<lite-youtube videoid=ergcbm-kaVk params=\"enablejsapi=1\" style=\"background-image: url('https:\/\/i.ytimg.com\/vi_webp\/ergcbm-kaVk\/maxresdefault.webp');\"><\/lite-youtube>\n<h2><strong>A L\u00e1thatatlan Mez\u0151ny<\/strong><\/h2>\n<p>\u00d6t n\u0151 alkotja a verseny nagyk\u00f6vets\u00e9g\u00e9t, k\u00f6zt\u00fck a nemzetk\u00f6zileg elismert bajnok, Emily Chappell. K\u00e9ts\u00e9gtelen\u00fcl \u0151 az egyik leg\u00e9rdekesebb \u00e9s legbefoly\u00e1sosabb ember a ker\u00e9kp\u00e1ros k\u00f6z\u00f6ss\u00e9gben: Chappell bring\u00e1s fut\u00e1rb\u00f3l avanzs\u00e1lt hihetetlen\u00fcl er\u0151s versenyz\u0151v\u00e9, aki annak szentelte karrierj\u00e9t, hogy megszerzett szak\u00e9rtelm\u00e9t m\u00e1s n\u0151knek is \u00e1tadja, hozz\u00e1j\u00e1rulva ezzel sikereikhez.<\/p>\n<p>Legfrissebb k\u00f6nyv\u00e9ben \u2013 Where There\u2019s a Will: Hope, Grief and Endurance in a Cycle Race Across a Continent \u2013 visszaeml\u00e9kszik mindazokra a kih\u00edv\u00e1sokra, melyeket le kellett k\u00fczdenie, \u00e9s \u00f6sszefoglalja a tanuls\u00e1gokat, melyeket karrierje sor\u00e1n levont. Tapasztalatai mellett tan\u00e1csokkal is szolg\u00e1l, a ker\u00e9kp\u00e1r helyes be\u00e1ll\u00edt\u00e1sait\u00f3l kezdve, a t\u00e1pl\u00e1lkoz\u00e1son \u00e1t, eg\u00e9szen a pszichol\u00f3giai \u00e9s \u00e9rzelmi probl\u00e9m\u00e1k lek\u00fczd\u00e9s\u00e9ig.<\/p>\n<p>A Raphy Women\u2019s 100 keret\u00e9ben is terjeszti filoz\u00f3fi\u00e1j\u00e1t: c\u00e9lja, hogy seg\u00edtse a r\u00e9sztvev\u0151ket, hogy sikeresek legyenek, m\u00e9g akkor is, ha egyed\u00fcl kell elindulniuk egy hossz\u00fa, neh\u00e9z \u00faton. Amikor neh\u00e9zs\u00e9gbe \u00fctk\u00f6zik, Chappell az \u00e1ltala \u201eL\u00e1thatatlan Mez\u0151nyk\u00e9nt\u201d nevezett csapatra gondol: olyan n\u0151kre, akik inspir\u00e1lj\u00e1k, ak\u00e1r ismeri \u0151ket szem\u00e9lyesen, ak\u00e1r nem. Felid\u00e9zi az aktivist\u00e1kat, tud\u00f3sokat, politikusokat, akik az \u00e9vek sor\u00e1n felkeltett\u00e9k a figyelm\u00e9t. \u00dagy k\u00e9pzeli, ez az \u00e1lomcsapat vele teker, egy\u00fctt haladnak, \u00e9s motiv\u00e1lj\u00e1k, s\u00fcrgetik \u0151t.<\/p>\n<p>https:\/\/www.instagram.com\/p\/CD6dpsnFlq6\/?utm_source=ig_web_copy_link<\/p>\n<p><em>\u201eA L\u00e1thatatlan Mez\u0151ny akkor sz\u00fcletett, amikor elhagyott minden er\u0151m egy emelked\u0151 l\u00e1b\u00e1n\u00e1l. A k\u00e9ts\u00e9gbees\u00e9sb\u0151l, amit ilyenkor \u00e9rzel: b\u00e1rmilyen szalmasz\u00e1lba belekapaszkodn\u00e1l, hogy folytatni tudd, csak m\u00e9g egy kicsit. M\u00e1r nem maradt saj\u00e1t er\u0151d, ez\u00e9rt m\u00e1sok\u00e9t kell k\u00f6lcs\u00f6nk\u00e9rned.\u201d<\/em><\/p>\n<p>Ha valamikor, akkor ig\u00e9n igaz\u00e1n igazak ezek a szavak. Egyed\u00fcl kell v\u00e9gigmenn\u00fcnk olyan utakon, ahol eddig elk\u00eds\u00e9rtek t\u00e1rsaink. A korl\u00e1toz\u00e1sok miatt t\u00f6bb ember teker mag\u00e1ban, mint eddig b\u00e1rmikor, \u00e9s csak most vessz\u00fck \u00e9szre, mennyire fontos, hogy t\u00e1mogassuk egym\u00e1st.<\/p>\n<h2><strong>A diverzit\u00e1s nev\u00e9ben<\/strong><\/h2>\n<p>A Rapha Women\u2019s 100 rengeteg inspir\u00e1ci\u00f3val fegyverkezett fel: Chappell mellett n\u00e9gy m\u00e1sik ker\u00e9kp\u00e1ros is arra \u00f6szt\u00f6nzi a r\u00e9sztvev\u0151ket, hogy ne adj\u00e1k fel. Ahogy a szervez\u0151k jellemezt\u00e9k \u0151ket: <em>\u201eigaz\u00e1n inspir\u00e1l\u00f3 n\u0151k \u0151k, akik ki\u00e1llnak a diverzit\u00e1s\u00e9rt, nem csak a ker\u00e9kp\u00e1ros k\u00f6z\u00f6ss\u00e9gen bel\u00fcl.\u201d<\/em><\/p>\n<p>Hogy kik \u0151k? Shuhena Islam, \u00fcgyv\u00e9d \u00e9s bicikli-\u0151r\u00fclt, aki a muszlim n\u0151ket t\u00e1mogatja, hogy min\u00e9l t\u00f6bben felfedezhess\u00e9k a bicikliz\u00e9s \u00f6r\u00f6m\u00e9t. Jools Walker, aki eg\u00e9sz karrierj\u00e9t annak szentelte, hogy a ker\u00e9kp\u00e1ros k\u00f6z\u00f6ss\u00e9get befogad\u00f3bb\u00e1 tegye. Kadeena Cox, paralimpiai dobog\u00f3s \u00e9s vil\u00e1gbajnok, \u00e9s Lyndsey Fraine, producer, aki a bicikliz\u00e9st arra haszn\u00e1lta, hogy felh\u00edvja a figyelmet az endometr\u00f3zisra.<\/p>\n<p>https:\/\/www.instagram.com\/p\/CErpbSqINoq\/?utm_source=ig_web_copy_link<\/p>\n<p>A m\u00e1rka elk\u00f6telezetts\u00e9g\u00e9t mutatja, hogy nemcsak besz\u00e9lnek a probl\u00e9m\u00e1r\u00f3l, hanem tesznek is ellen\u00fck. A Rapha a 2021-es szponzor\u00e1ci\u00f3k \u00f6sszeg\u00e9nek fel\u00e9t alulreprezent\u00e1lt t\u00e1rsadalmi r\u00e9tegek t\u00e1mogat\u00e1s\u00e1ra ford\u00edtotta, \u00fagymint feket\u00e9k, \u00e1zsiaiak, kisebbs\u00e9gek, n\u0151k \u00e9s az LGBTQ+ k\u00f6z\u00f6ss\u00e9gek bring\u00e1saira.<\/p>\n","protected":false},"excerpt":{"rendered":"<p>Id\u00e9n a k\u00f6vetkez\u0151 szlogennel t\u00e9r vissza a Rapha Women\u2019s 100: magunkban teker\u00fcnk, de nem vagyunk mag\u00e1nyosak.<\/p>\n","protected":false},"author":71,"featured_media":8549,"comment_status":"open","ping_status":"open","sticky":false,"template":"","format":"standard","meta":{"footnotes":""},"categories":[8],"tags":[],"global-categories":[],"class_list":["post-8545","post","type-post","status-publish","format-standard","has-post-thumbnail","hentry","category-orszaguti-kerekpar"],"yoast_head":"<!-- This site is optimized with the Yoast SEO Premium plugin v25.3 (Yoast SEO v25.9) - https:\/\/yoast.com\/wordpress\/plugins\/seo\/ -->\n<title>A \u201eL\u00e1thatatlan Mez\u0151ny\u201d \u00e9s a Rapha Women\u2019s 100 verseny<\/title>\n<meta name=\"description\" content=\"Id\u00e9n a k\u00f6vetkez\u0151 szlogennel t\u00e9r vissza a Rapha Women\u2019s 100: magunkban teker\u00fcnk, de nem vagyunk mag\u00e1nyosak.\" \/>\n<meta name=\"robots\" content=\"index, follow, max-snippet:-1, max-image-preview:large, max-video-preview:-1\" \/>\n<link rel=\"canonical\" href=\"https:\/\/www.welovecycling.com\/hu\/orszaguti-kerekpar\/a-lathatatlan-mezony-es-a-rapha-womens-100-verseny\/\" \/>\n<meta property=\"og:locale\" content=\"hu_HU\" \/>\n<meta property=\"og:type\" content=\"article\" \/>\n<meta property=\"og:title\" content=\"A \u201eL\u00e1thatatlan Mez\u0151ny\u201d \u00e9s a Rapha Women\u2019s 100 verseny\" \/>\n<meta property=\"og:description\" content=\"Id\u00e9n a k\u00f6vetkez\u0151 szlogennel t\u00e9r vissza a Rapha Women\u2019s 100: magunkban teker\u00fcnk, de nem vagyunk mag\u00e1nyosak.\" \/>\n<meta property=\"og:url\" content=\"https:\/\/www.welovecycling.com\/hu\/orszaguti-kerekpar\/a-lathatatlan-mezony-es-a-rapha-womens-100-verseny\/\" \/>\n<meta property=\"og:site_name\" content=\"\u0160koda We Love Cycling - Magyarorsz\u00e1g\" \/>\n<meta property=\"article:publisher\" content=\"https:\/\/www.facebook.com\/WeLoveCyclingHungary\/\" \/>\n<meta property=\"article:published_time\" content=\"2020-09-14T07:00:19+00:00\" \/>\n<meta property=\"og:image\" content=\"https:\/\/d2p6e6u75xmxt8.cloudfront.net\/12\/2020\/09\/woman-racing-profimedia-0010605675-CVR.jpg\" \/>\n\t<meta property=\"og:image:width\" content=\"1366\" \/>\n\t<meta property=\"og:image:height\" content=\"600\" \/>\n\t<meta property=\"og:image:type\" content=\"image\/jpeg\" \/>\n<meta name=\"author\" content=\"hegyizs\" \/>\n<meta name=\"twitter:card\" content=\"summary_large_image\" \/>\n<meta name=\"twitter:title\" content=\"A \u201eL\u00e1thatatlan Mez\u0151ny\u201d \u00e9s a Rapha Women\u2019s 100 verseny\" \/>\n<meta name=\"twitter:label1\" content=\"Written by\" \/>\n\t<meta name=\"twitter:data1\" content=\"Megan Flottorp\" \/>\n\t<meta name=\"twitter:label2\" content=\"Est. reading time\" \/>\n\t<meta name=\"twitter:data2\" content=\"5\" \/>\n<script type=\"application\/ld+json\" class=\"yoast-schema-graph\">{\"@context\":\"https:\/\/schema.org\",\"@graph\":[{\"@type\":\"WebPage\",\"@id\":\"https:\/\/www.welovecycling.com\/hu\/orszaguti-kerekpar\/a-lathatatlan-mezony-es-a-rapha-womens-100-verseny\/\",\"url\":\"https:\/\/www.welovecycling.com\/hu\/orszaguti-kerekpar\/a-lathatatlan-mezony-es-a-rapha-womens-100-verseny\/\",\"name\":\"A \u201eL\u00e1thatatlan Mez\u0151ny\u201d \u00e9s a Rapha Women\u2019s 100 verseny\",\"isPartOf\":{\"@id\":\"https:\/\/www.welovecycling.com\/hu\/#website\"},\"primaryImageOfPage\":{\"@id\":\"https:\/\/www.welovecycling.com\/hu\/orszaguti-kerekpar\/a-lathatatlan-mezony-es-a-rapha-womens-100-verseny\/#primaryimage\"},\"image\":{\"@id\":\"https:\/\/www.welovecycling.com\/hu\/orszaguti-kerekpar\/a-lathatatlan-mezony-es-a-rapha-womens-100-verseny\/#primaryimage\"},\"thumbnailUrl\":\"https:\/\/d2p6e6u75xmxt8.cloudfront.net\/12\/2020\/09\/woman-racing-profimedia-0010605675-CVR.jpg\",\"datePublished\":\"2020-09-14T07:00:19+00:00\",\"author\":{\"@id\":\"https:\/\/www.welovecycling.com\/hu\/#\/schema\/person\/414a2aebf1801691a5320edb6468e194\"},\"description\":\"Id\u00e9n a k\u00f6vetkez\u0151 szlogennel t\u00e9r vissza a Rapha Women\u2019s 100: magunkban teker\u00fcnk, de nem vagyunk mag\u00e1nyosak.\",\"breadcrumb\":{\"@id\":\"https:\/\/www.welovecycling.com\/hu\/orszaguti-kerekpar\/a-lathatatlan-mezony-es-a-rapha-womens-100-verseny\/#breadcrumb\"},\"inLanguage\":\"hu\",\"potentialAction\":[{\"@type\":\"ReadAction\",\"target\":[\"https:\/\/www.welovecycling.com\/hu\/orszaguti-kerekpar\/a-lathatatlan-mezony-es-a-rapha-womens-100-verseny\/\"]}]},{\"@type\":\"ImageObject\",\"inLanguage\":\"hu\",\"@id\":\"https:\/\/www.welovecycling.com\/hu\/orszaguti-kerekpar\/a-lathatatlan-mezony-es-a-rapha-womens-100-verseny\/#primaryimage\",\"url\":\"https:\/\/d2p6e6u75xmxt8.cloudfront.net\/12\/2020\/09\/woman-racing-profimedia-0010605675-CVR.jpg\",\"contentUrl\":\"https:\/\/d2p6e6u75xmxt8.cloudfront.net\/12\/2020\/09\/woman-racing-profimedia-0010605675-CVR.jpg\",\"width\":1366,\"height\":600,\"caption\":\"Women's race\"},{\"@type\":\"BreadcrumbList\",\"@id\":\"https:\/\/www.welovecycling.com\/hu\/orszaguti-kerekpar\/a-lathatatlan-mezony-es-a-rapha-womens-100-verseny\/#breadcrumb\",\"itemListElement\":[{\"@type\":\"ListItem\",\"position\":1,\"name\":\"Home\",\"item\":\"https:\/\/www.welovecycling.com\/hu\/\"},{\"@type\":\"ListItem\",\"position\":2,\"name\":\"A \u201eL\u00e1thatatlan Mez\u0151ny\u201d \u00e9s a Rapha Women\u2019s 100 verseny\"}]},{\"@type\":\"WebSite\",\"@id\":\"https:\/\/www.welovecycling.com\/hu\/#website\",\"url\":\"https:\/\/www.welovecycling.com\/hu\/\",\"name\":\"\u0160koda We Love Cycling - Magyarorsz\u00e1g\",\"description\":\"\u0160koda WeLoveCycling\",\"potentialAction\":[{\"@type\":\"SearchAction\",\"target\":{\"@type\":\"EntryPoint\",\"urlTemplate\":\"https:\/\/www.welovecycling.com\/hu\/?s={search_term_string}\"},\"query-input\":{\"@type\":\"PropertyValueSpecification\",\"valueRequired\":true,\"valueName\":\"search_term_string\"}}],\"inLanguage\":\"hu\"},{\"@type\":\"Person\",\"@id\":\"https:\/\/www.welovecycling.com\/hu\/#\/schema\/person\/414a2aebf1801691a5320edb6468e194\",\"name\":\"hegyizs\",\"image\":{\"@type\":\"ImageObject\",\"inLanguage\":\"hu\",\"@id\":\"https:\/\/www.welovecycling.com\/hu\/#\/schema\/person\/image\/\",\"url\":\"https:\/\/secure.gravatar.com\/avatar\/02cf8a7906b8cf90cecb4679defac7cfd33a1c2e3b88e4903d947f3bb58eedd3?s=96&d=mm&r=g\",\"contentUrl\":\"https:\/\/secure.gravatar.com\/avatar\/02cf8a7906b8cf90cecb4679defac7cfd33a1c2e3b88e4903d947f3bb58eedd3?s=96&d=mm&r=g\",\"caption\":\"hegyizs\"},\"url\":\"https:\/\/www.welovecycling.com\/hu\/author\/hegyizs\/\"}]}<\/script>\n<!-- \/ Yoast SEO Premium plugin. -->","yoast_head_json":{"title":"A \u201eL\u00e1thatatlan Mez\u0151ny\u201d \u00e9s a Rapha Women\u2019s 100 verseny","description":"Id\u00e9n a k\u00f6vetkez\u0151 szlogennel t\u00e9r vissza a Rapha Women\u2019s 100: magunkban teker\u00fcnk, de nem vagyunk mag\u00e1nyosak.","robots":{"index":"index","follow":"follow","max-snippet":"max-snippet:-1","max-image-preview":"max-image-preview:large","max-video-preview":"max-video-preview:-1"},"canonical":"https:\/\/www.welovecycling.com\/hu\/orszaguti-kerekpar\/a-lathatatlan-mezony-es-a-rapha-womens-100-verseny\/","og_locale":"hu_HU","og_type":"article","og_title":"A \u201eL\u00e1thatatlan Mez\u0151ny\u201d \u00e9s a Rapha Women\u2019s 100 verseny","og_description":"Id\u00e9n a k\u00f6vetkez\u0151 szlogennel t\u00e9r vissza a Rapha Women\u2019s 100: magunkban teker\u00fcnk, de nem vagyunk mag\u00e1nyosak.","og_url":"https:\/\/www.welovecycling.com\/hu\/orszaguti-kerekpar\/a-lathatatlan-mezony-es-a-rapha-womens-100-verseny\/","og_site_name":"\u0160koda We Love Cycling - Magyarorsz\u00e1g","article_publisher":"https:\/\/www.facebook.com\/WeLoveCyclingHungary\/","article_published_time":"2020-09-14T07:00:19+00:00","og_image":[{"width":1366,"height":600,"url":"https:\/\/d2p6e6u75xmxt8.cloudfront.net\/12\/2020\/09\/woman-racing-profimedia-0010605675-CVR.jpg","type":"image\/jpeg"}],"author":"hegyizs","twitter_card":"summary_large_image","twitter_title":"A \u201eL\u00e1thatatlan Mez\u0151ny\u201d \u00e9s a Rapha Women\u2019s 100 verseny","twitter_misc":{"Written by":"Megan Flottorp","Est. reading time":"5"},"schema":{"@context":"https:\/\/schema.org","@graph":[{"@type":"WebPage","@id":"https:\/\/www.welovecycling.com\/hu\/orszaguti-kerekpar\/a-lathatatlan-mezony-es-a-rapha-womens-100-verseny\/","url":"https:\/\/www.welovecycling.com\/hu\/orszaguti-kerekpar\/a-lathatatlan-mezony-es-a-rapha-womens-100-verseny\/","name":"A \u201eL\u00e1thatatlan Mez\u0151ny\u201d \u00e9s a Rapha Women\u2019s 100 verseny","isPartOf":{"@id":"https:\/\/www.welovecycling.com\/hu\/#website"},"primaryImageOfPage":{"@id":"https:\/\/www.welovecycling.com\/hu\/orszaguti-kerekpar\/a-lathatatlan-mezony-es-a-rapha-womens-100-verseny\/#primaryimage"},"image":{"@id":"https:\/\/www.welovecycling.com\/hu\/orszaguti-kerekpar\/a-lathatatlan-mezony-es-a-rapha-womens-100-verseny\/#primaryimage"},"thumbnailUrl":"https:\/\/d2p6e6u75xmxt8.cloudfront.net\/12\/2020\/09\/woman-racing-profimedia-0010605675-CVR.jpg","datePublished":"2020-09-14T07:00:19+00:00","author":{"@id":"https:\/\/www.welovecycling.com\/hu\/#\/schema\/person\/414a2aebf1801691a5320edb6468e194"},"description":"Id\u00e9n a k\u00f6vetkez\u0151 szlogennel t\u00e9r vissza a Rapha Women\u2019s 100: magunkban teker\u00fcnk, de nem vagyunk mag\u00e1nyosak.","breadcrumb":{"@id":"https:\/\/www.welovecycling.com\/hu\/orszaguti-kerekpar\/a-lathatatlan-mezony-es-a-rapha-womens-100-verseny\/#breadcrumb"},"inLanguage":"hu","potentialAction":[{"@type":"ReadAction","target":["https:\/\/www.welovecycling.com\/hu\/orszaguti-kerekpar\/a-lathatatlan-mezony-es-a-rapha-womens-100-verseny\/"]}]},{"@type":"ImageObject","inLanguage":"hu","@id":"https:\/\/www.welovecycling.com\/hu\/orszaguti-kerekpar\/a-lathatatlan-mezony-es-a-rapha-womens-100-verseny\/#primaryimage","url":"https:\/\/d2p6e6u75xmxt8.cloudfront.net\/12\/2020\/09\/woman-racing-profimedia-0010605675-CVR.jpg","contentUrl":"https:\/\/d2p6e6u75xmxt8.cloudfront.net\/12\/2020\/09\/woman-racing-profimedia-0010605675-CVR.jpg","width":1366,"height":600,"caption":"Women's race"},{"@type":"BreadcrumbList","@id":"https:\/\/www.welovecycling.com\/hu\/orszaguti-kerekpar\/a-lathatatlan-mezony-es-a-rapha-womens-100-verseny\/#breadcrumb","itemListElement":[{"@type":"ListItem","position":1,"name":"Home","item":"https:\/\/www.welovecycling.com\/hu\/"},{"@type":"ListItem","position":2,"name":"A \u201eL\u00e1thatatlan Mez\u0151ny\u201d \u00e9s a Rapha Women\u2019s 100 verseny"}]},{"@type":"WebSite","@id":"https:\/\/www.welovecycling.com\/hu\/#website","url":"https:\/\/www.welovecycling.com\/hu\/","name":"\u0160koda We Love Cycling - Magyarorsz\u00e1g","description":"\u0160koda WeLoveCycling","potentialAction":[{"@type":"SearchAction","target":{"@type":"EntryPoint","urlTemplate":"https:\/\/www.welovecycling.com\/hu\/?s={search_term_string}"},"query-input":{"@type":"PropertyValueSpecification","valueRequired":true,"valueName":"search_term_string"}}],"inLanguage":"hu"},{"@type":"Person","@id":"https:\/\/www.welovecycling.com\/hu\/#\/schema\/person\/414a2aebf1801691a5320edb6468e194","name":"hegyizs","image":{"@type":"ImageObject","inLanguage":"hu","@id":"https:\/\/www.welovecycling.com\/hu\/#\/schema\/person\/image\/","url":"https:\/\/secure.gravatar.com\/avatar\/02cf8a7906b8cf90cecb4679defac7cfd33a1c2e3b88e4903d947f3bb58eedd3?s=96&d=mm&r=g","contentUrl":"https:\/\/secure.gravatar.com\/avatar\/02cf8a7906b8cf90cecb4679defac7cfd33a1c2e3b88e4903d947f3bb58eedd3?s=96&d=mm&r=g","caption":"hegyizs"},"url":"https:\/\/www.welovecycling.com\/hu\/author\/hegyizs\/"}]}},"_links":{"self":[{"href":"https:\/\/www.welovecycling.com\/hu\/wp-json\/wp\/v2\/posts\/8545","targetHints":{"allow":["GET"]}}],"collection":[{"href":"https:\/\/www.welovecycling.com\/hu\/wp-json\/wp\/v2\/posts"}],"about":[{"href":"https:\/\/www.welovecycling.com\/hu\/wp-json\/wp\/v2\/types\/post"}],"author":[{"embeddable":true,"href":"https:\/\/www.welovecycling.com\/hu\/wp-json\/wp\/v2\/users\/71"}],"replies":[{"embeddable":true,"href":"https:\/\/www.welovecycling.com\/hu\/wp-json\/wp\/v2\/comments?post=8545"}],"version-history":[{"count":1,"href":"https:\/\/www.welovecycling.com\/hu\/wp-json\/wp\/v2\/posts\/8545\/revisions"}],"predecessor-version":[{"id":8568,"href":"https:\/\/www.welovecycling.com\/hu\/wp-json\/wp\/v2\/posts\/8545\/revisions\/8568"}],"wp:featuredmedia":[{"embeddable":true,"href":"https:\/\/www.welovecycling.com\/hu\/wp-json\/wp\/v2\/media\/8549"}],"wp:attachment":[{"href":"https:\/\/www.welovecycling.com\/hu\/wp-json\/wp\/v2\/media?parent=8545"}],"wp:term":[{"taxonomy":"category","embeddable":true,"href":"https:\/\/www.welovecycling.com\/hu\/wp-json\/wp\/v2\/categories?post=8545"},{"taxonomy":"post_tag","embeddable":true,"href":"https:\/\/www.welovecycling.com\/hu\/wp-json\/wp\/v2\/tags?post=8545"},{"taxonomy":"global-categories","embeddable":true,"href":"https:\/\/www.welovecycling.com\/hu\/wp-json\/wp\/v2\/global-categories?post=8545"}],"curies":[{"name":"wp","href":"https:\/\/api.w.org\/{rel}","templated":true}]}}