{"id":8519,"date":"2020-09-13T08:00:42","date_gmt":"2020-09-13T07:00:42","guid":{"rendered":"https:\/\/www.welovecycling.com\/hu\/?p=8519"},"modified":"2020-09-09T13:40:45","modified_gmt":"2020-09-09T12:40:45","slug":"korkep-a-tour-de-france-osszes-eddig-nyerteserol-iv-resz-1975-2019","status":"publish","type":"post","link":"https:\/\/www.welovecycling.com\/hu\/orszaguti-kerekpar\/korkep-a-tour-de-france-osszes-eddig-nyerteserol-iv-resz-1975-2019\/","title":{"rendered":"K\u00f6rk\u00e9p a Tour de France \u00f6sszes eddig nyertes\u00e9r\u0151l, IV. r\u00e9sz \u2013 1975-2019"},"content":{"rendered":"<p><strong>Eml\u00e9keztek az elm\u00falt h\u00fasz \u00e9v versenyeire? Had seg\u00edts\u00fcnk: Indurain egym\u00e1s ut\u00e1n \u00f6tsz\u00f6r, Armstrong h\u00e9tszer nyerte meg a Tour-t, a s\u00e1rga trik\u00f3k \u00e9vekkel k\u00e9s\u0151bb v\u00e1ndoroltak \u00e1t \u00faj gazd\u00e1ikhoz, \u00e9s sokszor a n\u00e9z\u0151ket is meglepte, hogy ki \u00e1llt fel \u00e9pp a dobog\u00f3ra. Doppingbotr\u00e1nyok minden\u00fctt. Folytat\u00f3dik az \u00f6sszes eddigi Tour-gy\u0151ztes list\u00e1ja!<\/strong><!--more--><\/p>\n<h2><strong>Bernard Th\u00e9venet<\/strong><\/h2>\n<figure id=\"attachment_8521\" aria-describedby=\"caption-attachment-8521\" style=\"width: 980px\" class=\"wp-caption aligncenter\"><img loading=\"lazy\" decoding=\"async\" class=\"size-full wp-image-8521\" src=\"https:\/\/d2p6e6u75xmxt8.cloudfront.net\/12\/2020\/09\/bernard-thevenet-french-racing-cyclist-winner-of-the-tour-news-photo-143372973-1560546154.jpg\" alt=\"\" width=\"980\" height=\"654\" srcset=\"https:\/\/d2p6e6u75xmxt8.cloudfront.net\/12\/2020\/09\/bernard-thevenet-french-racing-cyclist-winner-of-the-tour-news-photo-143372973-1560546154.jpg 980w, https:\/\/d2p6e6u75xmxt8.cloudfront.net\/12\/2020\/09\/bernard-thevenet-french-racing-cyclist-winner-of-the-tour-news-photo-143372973-1560546154-300x200.jpg 300w, https:\/\/d2p6e6u75xmxt8.cloudfront.net\/12\/2020\/09\/bernard-thevenet-french-racing-cyclist-winner-of-the-tour-news-photo-143372973-1560546154-768x513.jpg 768w, https:\/\/d2p6e6u75xmxt8.cloudfront.net\/12\/2020\/09\/bernard-thevenet-french-racing-cyclist-winner-of-the-tour-news-photo-143372973-1560546154-272x182.jpg 272w\" sizes=\"auto, (max-width: 980px) 100vw, 980px\" \/><figcaption id=\"caption-attachment-8521\" class=\"wp-caption-text\">Roger ViolletGetty Images<\/figcaption><\/figure>\n<p><strong>Orsz\u00e1g: <\/strong>Franciaorsz\u00e1g<\/p>\n<p><strong>Csapat: <\/strong>Peugeot<\/p>\n<p><strong>A gy\u0151zelmek ideje: <\/strong>1975, 1977<\/p>\n<p>B\u00e1r Th\u00e9venet meg\u00e9rdemelte az 1975-\u00f6s gy\u0151zelmet, erre az \u00e9vre mindig \u00fagy fogunk eml\u00e9kezni, mint amikor egy rajong\u00f3 meg\u00fct\u00f6tte Merckx-t, mik\u00f6zben felfel\u00e9 teker a Puy de D\u00f4me-ra, \u00edgy s\u00falyosan csorb\u00edtotta az es\u00e9lyeit a hatodik gy\u0151zelem megszerz\u00e9s\u00e9re. Merckx hatalmas er\u0151fesz\u00edt\u00e9seket tett, hogy s\u00e9r\u00fcl\u00e9sei ellen\u00e9re behozza a lemarad\u00e1st (k\u00e9s\u0151bb a versenyen is elesett \u00e9s elt\u00f6rte az \u00e1ll\u00e1t), de Th\u00e9venet kitartott \u00e9s megnyerte a Tourt. A verseny egyik legn\u00e9pszer\u0171bb bajnokak\u00e9nt tartj\u00e1k sz\u00e1mon.<\/p>\n<h2><strong>Lucein van Impe<\/strong><\/h2>\n<figure id=\"attachment_8522\" aria-describedby=\"caption-attachment-8522\" style=\"width: 980px\" class=\"wp-caption aligncenter\"><img loading=\"lazy\" decoding=\"async\" class=\"size-full wp-image-8522\" src=\"https:\/\/d2p6e6u75xmxt8.cloudfront.net\/12\/2020\/09\/lucien-van-impe-from-belgium-wearing-the-red-and-white-news-photo-161858932-1560546270.jpg\" alt=\"\" width=\"980\" height=\"686\" srcset=\"https:\/\/d2p6e6u75xmxt8.cloudfront.net\/12\/2020\/09\/lucien-van-impe-from-belgium-wearing-the-red-and-white-news-photo-161858932-1560546270.jpg 980w, https:\/\/d2p6e6u75xmxt8.cloudfront.net\/12\/2020\/09\/lucien-van-impe-from-belgium-wearing-the-red-and-white-news-photo-161858932-1560546270-300x210.jpg 300w, https:\/\/d2p6e6u75xmxt8.cloudfront.net\/12\/2020\/09\/lucien-van-impe-from-belgium-wearing-the-red-and-white-news-photo-161858932-1560546270-768x538.jpg 768w\" sizes=\"auto, (max-width: 980px) 100vw, 980px\" \/><figcaption id=\"caption-attachment-8522\" class=\"wp-caption-text\">AFPGetty Images<\/figcaption><\/figure>\n<p><strong>Orsz\u00e1g: <\/strong>Belgium<\/p>\n<p><strong>Csapat: <\/strong>Gitane\u2013Campagnolo<\/p>\n<p><strong>A gy\u0151zelem ideje: <\/strong>1976<\/p>\n<p>Az egyik legjobb hegym\u00e1sz\u00f3 ker\u00e9kp\u00e1ros, Van Impe k\u00e9t c\u00edmet is mag\u00e1\u00e9nak tudhatott: \u0151 volt az els\u0151 \u00e9s az utols\u00f3 belga, aki megnyerte a versenyt Merckx ut\u00e1n. 1967-ben az emelked\u0151k domin\u00e1ltak, Van Impe, Joop Zoetemelk \u00e9s Oca\u00f1a olyan kem\u00e9nyen versengtek egym\u00e1ssal, hogy az egyik szakaszon a h\u00e1tramaradt 93 versenyz\u0151b\u0151l 45-en kics\u00fasztak az id\u0151b\u0151l. Fellebbez\u00e9st ny\u00fajtottak be, amit el is fogadtak, \u00edgy szerencs\u00e9re mindenki folytathatta a versenyt.<\/p>\n<h2><strong>Bernard Hinault<\/strong><\/h2>\n<figure id=\"attachment_8520\" aria-describedby=\"caption-attachment-8520\" style=\"width: 980px\" class=\"wp-caption aligncenter\"><img loading=\"lazy\" decoding=\"async\" class=\"size-full wp-image-8520\" src=\"https:\/\/d2p6e6u75xmxt8.cloudfront.net\/12\/2020\/09\/frenchman-bernard-hinault-the-overall-leader-of-the-72nd-news-photo-161858852-1560546391.jpg\" alt=\"\" width=\"980\" height=\"686\" srcset=\"https:\/\/d2p6e6u75xmxt8.cloudfront.net\/12\/2020\/09\/frenchman-bernard-hinault-the-overall-leader-of-the-72nd-news-photo-161858852-1560546391.jpg 980w, https:\/\/d2p6e6u75xmxt8.cloudfront.net\/12\/2020\/09\/frenchman-bernard-hinault-the-overall-leader-of-the-72nd-news-photo-161858852-1560546391-300x210.jpg 300w, https:\/\/d2p6e6u75xmxt8.cloudfront.net\/12\/2020\/09\/frenchman-bernard-hinault-the-overall-leader-of-the-72nd-news-photo-161858852-1560546391-768x538.jpg 768w\" sizes=\"auto, (max-width: 980px) 100vw, 980px\" \/><figcaption id=\"caption-attachment-8520\" class=\"wp-caption-text\">AFPGetty Images<\/figcaption><\/figure>\n<p><strong>Orsz\u00e1g: <\/strong>Franciaorsz\u00e1g<\/p>\n<p><strong>Csapat: <\/strong>Renault, La Vie Claire<\/p>\n<p><strong>A gy\u0151zelmek ideje: <\/strong>1978, 1979, 1981, 1982, 1985<\/p>\n<p>A k\u00f6rverseny t\u00f6rt\u00e9nelm\u00e9nek egyik legsz\u00ednesebb szem\u00e9lyis\u00e9ge, a \u201eBorz\u201d 1978-ban kezdte meg a gy\u0151zelmi sz\u00e9ri\u00e1j\u00e1t. Sokszor az id\u0151futam sor\u00e1n kov\u00e1csolt el\u0151nyt a t\u00f6bbiekkel szemben, vagy agressz\u00edv strat\u00e9gi\u00e1val vette \u00e1t a vezet\u00e9st a hegyi szakaszokon. Hinault nem el\u00e9gedett meg azzal, hogy csup\u00e1n legy\u0151zte ellenfeleit; le akarta t\u00f6rni \u0151ket. Tal\u00e1n utols\u00f3 gy\u0151zelm\u00e9r\u0151l a legismertebb (1985), amelyben jelent\u0151s seg\u00edts\u00e9get kapott Greg LeMondt\u00f3l, aki a verseny tal\u00e1n leger\u0151sebb versenyz\u0151je volt abban az \u00e9vben. Hinault \u00fczletet k\u00f6t\u00f6tt a fiatal amerikaival, \u00e9s meg\u00edg\u00e9rte, hogy a k\u00f6vetkez\u0151 \u00e9vben LeMond\u00e9rt indul, ha fel\u00e1ldozza jelenlegi es\u00e9lyeit a francia t\u00e1mogat\u00e1s\u00e1ra. Hinault megnyerte az \u00f6t\u00f6dik Tour-j\u00e1t, de 1986-ban nem \u00e1llta a szav\u00e1t. Hinault tov\u00e1bbra is a Tour egyik legkedveltebb figur\u00e1ja, nem r\u00e9g vonult vissza.<\/p>\n<h2><strong>Joop Zoetemelk<\/strong><\/h2>\n<figure id=\"attachment_8523\" aria-describedby=\"caption-attachment-8523\" style=\"width: 770px\" class=\"wp-caption aligncenter\"><img loading=\"lazy\" decoding=\"async\" class=\"size-full wp-image-8523\" src=\"https:\/\/d2p6e6u75xmxt8.cloudfront.net\/12\/2020\/09\/joop-zoetemelk-sportler-radrennfahrer-nl-bei-der-tour-de-news-photo-537141999-1560546496.jpg\" alt=\"\" width=\"770\" height=\"515\" srcset=\"https:\/\/d2p6e6u75xmxt8.cloudfront.net\/12\/2020\/09\/joop-zoetemelk-sportler-radrennfahrer-nl-bei-der-tour-de-news-photo-537141999-1560546496.jpg 770w, https:\/\/d2p6e6u75xmxt8.cloudfront.net\/12\/2020\/09\/joop-zoetemelk-sportler-radrennfahrer-nl-bei-der-tour-de-news-photo-537141999-1560546496-300x201.jpg 300w, https:\/\/d2p6e6u75xmxt8.cloudfront.net\/12\/2020\/09\/joop-zoetemelk-sportler-radrennfahrer-nl-bei-der-tour-de-news-photo-537141999-1560546496-768x514.jpg 768w, https:\/\/d2p6e6u75xmxt8.cloudfront.net\/12\/2020\/09\/joop-zoetemelk-sportler-radrennfahrer-nl-bei-der-tour-de-news-photo-537141999-1560546496-272x182.jpg 272w\" sizes=\"auto, (max-width: 770px) 100vw, 770px\" \/><figcaption id=\"caption-attachment-8523\" class=\"wp-caption-text\">ullstein bildGetty Images<\/figcaption><\/figure>\n<p><strong>Orsz\u00e1g: <\/strong>Hollandia<\/p>\n<p><strong>Csapat: <\/strong>TI\u2013Raleigh\u2013Creda<\/p>\n<p><strong>A gy\u0151zelmek ideje: <\/strong>1980<\/p>\n<p>T\u00f6bb mint egy \u00e9vtizeddel azut\u00e1n, hogy olyan legend\u00e1k ellen versenyzett, mint Merckx, Th\u00e9venet \u00e9s Hinault, Zoetemelk v\u00e9g\u00fcl 1980-ban megnyerte a Tour de France-t. Ez volt a 10. k\u00eds\u00e9rlete. (J\u00f3l j\u00f6tt neki, hogy Hinault titokban elhagyta a versenyt, pedig vezetett, r\u00e1ad\u00e1sul nem sokkal azel\u0151tt m\u00e9g azzal dicsekedett, hogy soha nem fog kil\u00e9pni s\u00e1rga trik\u00f3ban.) Zoetemelk rend\u00fcletlen\u00fcl tekert tov\u00e1bb, \u00e9s b\u00e1r nem volt l\u00e1tv\u00e1nyos, ahogy versenyzett, a Tour v\u00e9g\u00e9re m\u00e1r csaknem hat perc el\u0151nyre tett szert. \u00d6sszess\u00e9g\u00e9ben a holland 14 alkalommal versenyzett a Tour-on, egyszer az els\u0151 helyet, hatszor a m\u00e1sodikat szerezte meg, \u00e9s tov\u00e1bbi \u00f6t alkalommal volt benne a legjobb t\u00edzben.<\/p>\n<h2><strong>Laurent Fignon<\/strong><\/h2>\n<figure id=\"attachment_8524\" aria-describedby=\"caption-attachment-8524\" style=\"width: 980px\" class=\"wp-caption aligncenter\"><img loading=\"lazy\" decoding=\"async\" class=\"size-full wp-image-8524\" src=\"https:\/\/d2p6e6u75xmxt8.cloudfront.net\/12\/2020\/09\/laurent-fignon-from-france-during-stage-15-an-individual-news-photo-685190975-1560546625.jpg\" alt=\"\" width=\"980\" height=\"654\" srcset=\"https:\/\/d2p6e6u75xmxt8.cloudfront.net\/12\/2020\/09\/laurent-fignon-from-france-during-stage-15-an-individual-news-photo-685190975-1560546625.jpg 980w, https:\/\/d2p6e6u75xmxt8.cloudfront.net\/12\/2020\/09\/laurent-fignon-from-france-during-stage-15-an-individual-news-photo-685190975-1560546625-300x200.jpg 300w, https:\/\/d2p6e6u75xmxt8.cloudfront.net\/12\/2020\/09\/laurent-fignon-from-france-during-stage-15-an-individual-news-photo-685190975-1560546625-768x513.jpg 768w, https:\/\/d2p6e6u75xmxt8.cloudfront.net\/12\/2020\/09\/laurent-fignon-from-france-during-stage-15-an-individual-news-photo-685190975-1560546625-272x182.jpg 272w\" sizes=\"auto, (max-width: 980px) 100vw, 980px\" \/><figcaption id=\"caption-attachment-8524\" class=\"wp-caption-text\">Jean-Yves RuszniewskiGetty Images<\/figcaption><\/figure>\n<p><strong>Orsz\u00e1g: <\/strong>Franciaorsz\u00e1g<\/p>\n<p><strong>Csapat: <\/strong>Renault-Elf<\/p>\n<p><strong>A gy\u0151zelmek ideje: <\/strong>1983, 1984<\/p>\n<p>Fignont a legt\u00f6bb amerikai rajong\u00f3 \u00fagy ismeri, mint a versenyz\u0151, aki nyolc m\u00e1sodperccel vesz\u00edtette el a &#8217;89-es Tour-t, annak ellen\u00e9re, hogy 1983-ban \u00e9s 1984-ben is megnyerte a versenyt. Hinault t\u00e9rds\u00e9r\u00fcl\u00e9se ekkoriban s\u00falyosbodott, \u00edgy ki kellett hagynia a &#8216; 83-as versenyt. Ez megnyitotta az ajt\u00f3t Fignon, Hinault egyik fiatal csapatt\u00e1rsa el\u0151tt. Fokozatosan haladt el\u0151re, \u00edgy csak a Tour utols\u00f3 el\u0151tti napj\u00e1n t\u00f6rt az \u00e9lre. A m\u00e1sodik gy\u0151zelme azonban m\u00e9g leny\u0171g\u00f6z\u0151bb volt. 1984-ben Hinault visszat\u00e9rt a versenyre, hogy egy \u00faj csapatban, a La Vie Claire-ben tekerjen. Fignon gy\u00f6ny\u00f6r\u0171en kezelte ezt az \u00faj kih\u00edv\u00e1st, t\u00f6bb mint 10 perccel legy\u0151zte \u0151t!<\/p>\n<h2><strong>Greg Lemond<\/strong><\/h2>\n<figure id=\"attachment_8525\" aria-describedby=\"caption-attachment-8525\" style=\"width: 980px\" class=\"wp-caption aligncenter\"><img loading=\"lazy\" decoding=\"async\" class=\"size-full wp-image-8525\" src=\"https:\/\/d2p6e6u75xmxt8.cloudfront.net\/12\/2020\/09\/cyclist-greg-lemond-wearing-the-yellow-jersey-holds-the-news-photo-877455156-1560546771.jpg\" alt=\"\" width=\"980\" height=\"653\" srcset=\"https:\/\/d2p6e6u75xmxt8.cloudfront.net\/12\/2020\/09\/cyclist-greg-lemond-wearing-the-yellow-jersey-holds-the-news-photo-877455156-1560546771.jpg 980w, https:\/\/d2p6e6u75xmxt8.cloudfront.net\/12\/2020\/09\/cyclist-greg-lemond-wearing-the-yellow-jersey-holds-the-news-photo-877455156-1560546771-300x200.jpg 300w, https:\/\/d2p6e6u75xmxt8.cloudfront.net\/12\/2020\/09\/cyclist-greg-lemond-wearing-the-yellow-jersey-holds-the-news-photo-877455156-1560546771-768x512.jpg 768w, https:\/\/d2p6e6u75xmxt8.cloudfront.net\/12\/2020\/09\/cyclist-greg-lemond-wearing-the-yellow-jersey-holds-the-news-photo-877455156-1560546771-272x182.jpg 272w\" sizes=\"auto, (max-width: 980px) 100vw, 980px\" \/><figcaption id=\"caption-attachment-8525\" class=\"wp-caption-text\">-Getty Images<\/figcaption><\/figure>\n<p><strong>Orsz\u00e1g: <\/strong>USA<\/p>\n<p><strong>Csapat: <\/strong>La Vie Claire, AD Renting\u2013W-Cup\u2013Bottecchia, Z\u2013Tomasso<\/p>\n<p><strong>A gy\u0151zelmek ideje: <\/strong>1986, 1989, 1990<\/p>\n<p>LeMond 1984-ben megmutatta a benne rejl\u0151 potenci\u00e1lt, teljes\u00edtm\u00e9nye egy h\u00e1rom\u00e9ves, egymilli\u00f3 doll\u00e1ros szerz\u0151d\u00e9st szerzett neki: Hinault\u00e9rt tekerhetett a k\u00f6vetkez\u0151 \u00e9vben a La Vie Claire csapat tagjak\u00e9nt. Ami ezut\u00e1n t\u00f6rt\u00e9nt, az m\u00e1r legenda: seg\u00edtett Hinaultnak \u201985 -ben nyerni, majd legy\u0151zte \u0151t (mik\u00f6zben m\u00e9g mindig csapatt\u00e1rsa volt) \u201986 -ban. De a t\u00f6rt\u00e9netnek itt nincs v\u00e9ge. Annak ellen\u00e9re, hogy 1987 \u00e1prilis\u00e1ban egy vad\u00e1szbalesetben s\u00falyosan megs\u00e9r\u00fclt, ism\u00e9t visszat\u00e9rt a Tour verseny\u00e9re, \u00e9s megnyerte a \u201989 -es esem\u00e9nyt, miut\u00e1n az utols\u00f3 napon egy id\u0151m\u00e9r\u0151 edz\u00e9sen legy\u0151zte Fignont. Nyolc m\u00e1sodperces gy\u0151zelmi k\u00fcl\u00f6nbs\u00e9ge tov\u00e1bbra is a legkisebb a Tour t\u00f6rt\u00e9net\u00e9ben. LeMond azt\u00e1n 1990-ben ism\u00e9t nyert, ez\u00fattal a sziv\u00e1rv\u00e1nymezt viselte az orsz\u00e1g\u00fati vil\u00e1gbajnokk\u00e9nt. \u0150 a Tour egyetlen hivatalos amerikai gy\u0151ztese.<\/p>\n<h2><strong>Stephen Roche<\/strong><\/h2>\n<figure id=\"attachment_8526\" aria-describedby=\"caption-attachment-8526\" style=\"width: 980px\" class=\"wp-caption aligncenter\"><img loading=\"lazy\" decoding=\"async\" class=\"size-full wp-image-8526\" src=\"https:\/\/d2p6e6u75xmxt8.cloudfront.net\/12\/2020\/09\/stephen-roche-from-ireland-and-the-carrera-team-wearing-the-news-photo-161859059-1560546855.jpg\" alt=\"\" width=\"980\" height=\"653\" srcset=\"https:\/\/d2p6e6u75xmxt8.cloudfront.net\/12\/2020\/09\/stephen-roche-from-ireland-and-the-carrera-team-wearing-the-news-photo-161859059-1560546855.jpg 980w, https:\/\/d2p6e6u75xmxt8.cloudfront.net\/12\/2020\/09\/stephen-roche-from-ireland-and-the-carrera-team-wearing-the-news-photo-161859059-1560546855-300x200.jpg 300w, https:\/\/d2p6e6u75xmxt8.cloudfront.net\/12\/2020\/09\/stephen-roche-from-ireland-and-the-carrera-team-wearing-the-news-photo-161859059-1560546855-768x512.jpg 768w, https:\/\/d2p6e6u75xmxt8.cloudfront.net\/12\/2020\/09\/stephen-roche-from-ireland-and-the-carrera-team-wearing-the-news-photo-161859059-1560546855-272x182.jpg 272w\" sizes=\"auto, (max-width: 980px) 100vw, 980px\" \/><figcaption id=\"caption-attachment-8526\" class=\"wp-caption-text\">PASCAL PAVANIGetty Images<\/figcaption><\/figure>\n<p><strong>Orsz\u00e1g: <\/strong>\u00cdrorsz\u00e1g<\/p>\n<p><strong>Csapat: <\/strong>Carrera<\/p>\n<p><strong>A gy\u0151zelem ideje: <\/strong>1987<\/p>\n<p>Roche \u00cdrorsz\u00e1g els\u0151 \u00e9s egyetlen Tour de France-nyertese. A hihetetlen szezon k\u00f6zep\u00e9n, amikor a Giro d&#8217;Italia \u00e9s az orsz\u00e1g\u00fati vil\u00e1gbajnoks\u00e1g els\u0151 hely\u00e9t is elvitte, Eddy Merckxhez hasonl\u00f3an egyed\u00fcli versenyz\u0151k\u00e9nt teljes\u00edtette a brav\u00fart. Roche Tour-gy\u0151zelme nem sokon m\u00falt, a gy\u0151zelem megszerz\u00e9s\u00e9hez az utols\u00f3 id\u0151m\u00e9r\u0151 futamon is diadalmaskodnia kellett &#8211; hihetetlen er\u0151fesz\u00edt\u00e9s \u00e1r\u00e1n tudott a spanyol Pedro Delgado k\u00f6zel\u00e9ben maradni, hogy v\u00e9g\u00fcl 90 m\u00e1sodperccel hamarabb \u00e9rjen be a c\u00e9lba, mint vet\u00e9lyt\u00e1rsa.<\/p>\n<h2><strong>Pedro Delgado<\/strong><\/h2>\n<figure id=\"attachment_8527\" aria-describedby=\"caption-attachment-8527\" style=\"width: 980px\" class=\"wp-caption aligncenter\"><img loading=\"lazy\" decoding=\"async\" class=\"size-full wp-image-8527\" src=\"https:\/\/d2p6e6u75xmxt8.cloudfront.net\/12\/2020\/09\/le-cycliste-espagnol-pedro-delgado-pendant-le-tour-de-news-photo-956679574-1560546925.jpg\" alt=\"\" width=\"980\" height=\"650\" srcset=\"https:\/\/d2p6e6u75xmxt8.cloudfront.net\/12\/2020\/09\/le-cycliste-espagnol-pedro-delgado-pendant-le-tour-de-news-photo-956679574-1560546925.jpg 980w, https:\/\/d2p6e6u75xmxt8.cloudfront.net\/12\/2020\/09\/le-cycliste-espagnol-pedro-delgado-pendant-le-tour-de-news-photo-956679574-1560546925-300x199.jpg 300w, https:\/\/d2p6e6u75xmxt8.cloudfront.net\/12\/2020\/09\/le-cycliste-espagnol-pedro-delgado-pendant-le-tour-de-news-photo-956679574-1560546925-768x509.jpg 768w\" sizes=\"auto, (max-width: 980px) 100vw, 980px\" \/><figcaption id=\"caption-attachment-8527\" class=\"wp-caption-text\">NUTANGetty Images<\/figcaption><\/figure>\n<p><strong>Orsz\u00e1g: <\/strong>Spanyolorsz\u00e1g<\/p>\n<p><strong>Csapat: <\/strong>Reynolds<\/p>\n<p><strong>A gy\u0151zelem ideje: <\/strong>1988<\/p>\n<p>Tizen\u00f6t \u00e9vvel Oca\u00f1a sikerei ut\u00e1n Delgado elind\u00edtotta a spanyolok renesz\u00e1nsz\u00e1t, \u00e9s egy \u00e9vvel azut\u00e1n, hogy m\u00e1sodik lett Roche m\u00f6g\u00f6tt, megnyerte a versenyt. Kap\u00f3ra j\u00f6tt, hogy LeMond \u00e9s Roche sem \u00e1llt ebben az \u00e9vben rajthoz, mindketten m\u0171t\u00e9tek ut\u00e1n l\u00e1badoztak. B\u00e1r Delgado elbukott egy drogteszten a verseny alatt, de mivel a k\u00e9rd\u00e9ses anyag nem szerepelt a tilt\u00f3list\u00e1n, enged\u00e9lyt kapott a folytat\u00e1sra. A karma a k\u00f6vetkez\u0151 \u00e9vben \u00e9rte utol: csaknem h\u00e1rom perces k\u00e9s\u00e9ssel jelent meg a nyit\u00f3 futamon, \u00edgy \u0151 lett az els\u0151 bajnok, aki az utols\u00f3 helyen kezdte a k\u00f6vetkez\u0151 versenyt.<\/p>\n<h2><strong>Miguel Indurain<\/strong><\/h2>\n<figure id=\"attachment_8528\" aria-describedby=\"caption-attachment-8528\" style=\"width: 980px\" class=\"wp-caption aligncenter\"><img loading=\"lazy\" decoding=\"async\" class=\"size-full wp-image-8528\" src=\"https:\/\/d2p6e6u75xmxt8.cloudfront.net\/12\/2020\/09\/five-times-winner-miguel-indurain-of-spain-in-action-during-news-photo-1246523-1560547000.jpg\" alt=\"\" width=\"980\" height=\"653\" srcset=\"https:\/\/d2p6e6u75xmxt8.cloudfront.net\/12\/2020\/09\/five-times-winner-miguel-indurain-of-spain-in-action-during-news-photo-1246523-1560547000.jpg 980w, https:\/\/d2p6e6u75xmxt8.cloudfront.net\/12\/2020\/09\/five-times-winner-miguel-indurain-of-spain-in-action-during-news-photo-1246523-1560547000-300x200.jpg 300w, https:\/\/d2p6e6u75xmxt8.cloudfront.net\/12\/2020\/09\/five-times-winner-miguel-indurain-of-spain-in-action-during-news-photo-1246523-1560547000-768x512.jpg 768w, https:\/\/d2p6e6u75xmxt8.cloudfront.net\/12\/2020\/09\/five-times-winner-miguel-indurain-of-spain-in-action-during-news-photo-1246523-1560547000-272x182.jpg 272w\" sizes=\"auto, (max-width: 980px) 100vw, 980px\" \/><figcaption id=\"caption-attachment-8528\" class=\"wp-caption-text\">Pascal RondeauGetty Images<\/figcaption><\/figure>\n<p><strong>Orsz\u00e1g: <\/strong>Spanyolorsz\u00e1g<\/p>\n<p><strong>Csapat: <\/strong>Banesto<\/p>\n<p><strong>A gy\u0151zelmek ideje: <\/strong>1991, 1992, 1993, 1994, 1995<\/p>\n<p>Az egyetlen versenyz\u0151, aki sorozatban \u00f6t Tour-t is megnyert: Indurain \u00fagy uralta a versenyt, mint kevesen. El\u0151ny\u00e9nek legnagyobb r\u00e9sz\u00e9t hihetetlen id\u0151m\u00e9r\u0151 futamokon szerezte, majd kiv\u00e1lasztott egy pillanatot a hegyekben val\u00f3 t\u00e1mad\u00e1sra, ezut\u00e1n pedig m\u00e1r nem lehetett utol\u00e9rni. De tudott improviz\u00e1lni is. Mindenkit megd\u00f6bbentett amikor 1995-ben a 7. szakasz v\u00e9g\u00e9n t\u00e1madott. Senki nem gondolta, hogy ez a nap befoly\u00e1soln\u00e1 az \u00f6sszetett verseny \u00e1ll\u00e1s\u00e1t. Indurain a belga Johan Bruyneel t\u00e1rsas\u00e1g\u00e1ban megsz\u00f6k\u00f6tt az \u00f6sszes t\u00f6bbi el\u0151l. Bruyneel megszerezte a szakaszgy\u0151zelmet \u00e9s a s\u00e1rga trik\u00f3t, de Indurain t\u00f6bb mint egy percet nyert az etapon, ezzel megalapozta v\u00e9gs\u0151 gy\u0151zelm\u00e9t.<\/p>\n<h2><strong>Bjarne Riis<\/strong><\/h2>\n<figure id=\"attachment_8529\" aria-describedby=\"caption-attachment-8529\" style=\"width: 980px\" class=\"wp-caption aligncenter\"><img loading=\"lazy\" decoding=\"async\" class=\"size-full wp-image-8529\" src=\"https:\/\/d2p6e6u75xmxt8.cloudfront.net\/12\/2020\/09\/july-1996-tour-de-france-bjarne-riis-deutsche-telekom-in-news-photo-504182171-1560547161.jpg\" alt=\"\" width=\"980\" height=\"653\" srcset=\"https:\/\/d2p6e6u75xmxt8.cloudfront.net\/12\/2020\/09\/july-1996-tour-de-france-bjarne-riis-deutsche-telekom-in-news-photo-504182171-1560547161.jpg 980w, https:\/\/d2p6e6u75xmxt8.cloudfront.net\/12\/2020\/09\/july-1996-tour-de-france-bjarne-riis-deutsche-telekom-in-news-photo-504182171-1560547161-300x200.jpg 300w, https:\/\/d2p6e6u75xmxt8.cloudfront.net\/12\/2020\/09\/july-1996-tour-de-france-bjarne-riis-deutsche-telekom-in-news-photo-504182171-1560547161-768x512.jpg 768w, https:\/\/d2p6e6u75xmxt8.cloudfront.net\/12\/2020\/09\/july-1996-tour-de-france-bjarne-riis-deutsche-telekom-in-news-photo-504182171-1560547161-272x182.jpg 272w\" sizes=\"auto, (max-width: 980px) 100vw, 980px\" \/><figcaption id=\"caption-attachment-8529\" class=\"wp-caption-text\">Lars RonbogGetty Images<\/figcaption><\/figure>\n<p><strong>Orsz\u00e1g: <\/strong>D\u00e1nia<\/p>\n<p><strong>Csapat: <\/strong>Team Telekom<\/p>\n<p><strong>A gy\u0151zelem ideje: <\/strong>1996<\/p>\n<p>Riis ellentmond\u00e1sos gy\u0151zelemmel vetett v\u00e9get Indurain uralkod\u00e1s\u00e1nak, amelyben &#8211; k\u00e9s\u0151bb elismerte &#8211; a drogfogyaszt\u00e1s is szerepet j\u00e1tszott. Ez nem volt olyan meglep\u0151, az 1990-es \u00e9vekben el\u00e1rasztott\u00e1k a versenyt a k\u00fcl\u00f6nb\u00f6z\u0151 csal\u00e1sok. 2007-es vallom\u00e1sa ut\u00e1n Riis nev\u00e9t elt\u00e1vol\u00edtott\u00e1k a rekordk\u00f6nyvekb\u0151l, de a szervez\u0151k 2008-ban vissza\u00edrt\u00e1k, \u00e9s egy csillaggal jel\u00f6lt\u00e9k meg. <em>&#8220;Nem \u00edrhatjuk \u00e1t a t\u00f6rt\u00e9nelmet&#8221;<\/em> &#8211; mondta akkor a Tour m\u00e9diaigazgat\u00f3ja.<\/p>\n<h2><strong>Jan Ullrich<\/strong><\/h2>\n<figure id=\"attachment_8530\" aria-describedby=\"caption-attachment-8530\" style=\"width: 980px\" class=\"wp-caption aligncenter\"><img loading=\"lazy\" decoding=\"async\" class=\"size-full wp-image-8530\" src=\"https:\/\/d2p6e6u75xmxt8.cloudfront.net\/12\/2020\/09\/jan-ullrich-jubelt-der-menge-zu-news-photo-52837737-1560547242.jpg\" alt=\"\" width=\"980\" height=\"647\" srcset=\"https:\/\/d2p6e6u75xmxt8.cloudfront.net\/12\/2020\/09\/jan-ullrich-jubelt-der-menge-zu-news-photo-52837737-1560547242.jpg 980w, https:\/\/d2p6e6u75xmxt8.cloudfront.net\/12\/2020\/09\/jan-ullrich-jubelt-der-menge-zu-news-photo-52837737-1560547242-300x198.jpg 300w, https:\/\/d2p6e6u75xmxt8.cloudfront.net\/12\/2020\/09\/jan-ullrich-jubelt-der-menge-zu-news-photo-52837737-1560547242-768x507.jpg 768w\" sizes=\"auto, (max-width: 980px) 100vw, 980px\" \/><figcaption id=\"caption-attachment-8530\" class=\"wp-caption-text\">BongartsGetty Images<\/figcaption><\/figure>\n<p><strong>Orsz\u00e1g: <\/strong>D\u00e1nia<\/p>\n<p><strong>Csapat: <\/strong>Team Telekom<\/p>\n<p><strong>A gy\u0151zelem ideje: <\/strong>1997<\/p>\n<p>Miut\u00e1n 1996-ban seg\u00edtette Riist a gy\u0151zelem megszerz\u00e9s\u00e9ben, \u0151 maga pedig \u00f6sszes\u00edt\u00e9sben a m\u00e1sodik helyet szerezte meg, Ullrich 1997-ben \u00e1tvette a Team Telekom gyepl\u0151j\u00e9t, miut\u00e1n megnyerte a 10. szakaszt a Pireneusokban. A strat\u00e9gia az lett volna, hogy Riis temp\u00f3j\u00e1hoz igazodik a csapat, \u0151t azonban senki sem tudta k\u00f6vetni, \u00edgy Ullrich hamarosan egyed\u00fcl tal\u00e1lta mag\u00e1t a fronton. A 23 \u00e9ves ker\u00e9kp\u00e1ros aznap d\u00e9lut\u00e1n felvette els\u0151 s\u00e1rga trik\u00f3j\u00e1t, majd h\u00e1rom nappal k\u00e9s\u0151bb egy Saint-\u00c9tienne-i id\u0151m\u00e9r\u0151 futamon meger\u0151s\u00edtette el\u0151ny\u00e9t. Ullrich olyan gyorsan tekert, hogy be\u00e9rte Richard Virenque-et, aki h\u00e1rom perccel el\u0151tte indult.<\/p>\n<h2><strong>Marco Pantani<\/strong><\/h2>\n<figure id=\"attachment_8531\" aria-describedby=\"caption-attachment-8531\" style=\"width: 980px\" class=\"wp-caption aligncenter\"><img loading=\"lazy\" decoding=\"async\" class=\"size-full wp-image-8531\" src=\"https:\/\/d2p6e6u75xmxt8.cloudfront.net\/12\/2020\/09\/marco-pantani-ita-news-photo-52870041-1560547296.jpg\" alt=\"\" width=\"980\" height=\"652\" srcset=\"https:\/\/d2p6e6u75xmxt8.cloudfront.net\/12\/2020\/09\/marco-pantani-ita-news-photo-52870041-1560547296.jpg 980w, https:\/\/d2p6e6u75xmxt8.cloudfront.net\/12\/2020\/09\/marco-pantani-ita-news-photo-52870041-1560547296-300x200.jpg 300w, https:\/\/d2p6e6u75xmxt8.cloudfront.net\/12\/2020\/09\/marco-pantani-ita-news-photo-52870041-1560547296-768x511.jpg 768w, https:\/\/d2p6e6u75xmxt8.cloudfront.net\/12\/2020\/09\/marco-pantani-ita-news-photo-52870041-1560547296-272x182.jpg 272w\" sizes=\"auto, (max-width: 980px) 100vw, 980px\" \/><figcaption id=\"caption-attachment-8531\" class=\"wp-caption-text\">Andreas RentzGetty Images<\/figcaption><\/figure>\n<p><strong>Orsz\u00e1g: <\/strong>Olaszorsz\u00e1g<\/p>\n<p><strong>Csapat: <\/strong>Mercatone Uno-Bianchi<\/p>\n<p><strong>A gy\u0151zelem ideje: <\/strong>1998<\/p>\n<p>Az utols\u00f3 versenyz\u0151, aki ugyanabban az \u00e9vben megnyerte a Giro d&#8217;Italia-t \u00e9s a Tour de France-t. Pantani Gimondi 1965-\u00f6s gy\u0151zelme \u00f3ta el\u0151sz\u00f6r szerezte meg Olaszorsz\u00e1gnak a s\u00e1rga trik\u00f3t. L\u00e9nyeg\u00e9ben a 15. szakaszban nyert, egy alpesi, hideg \u00e9s nedves etapon. A Galibier lejt\u0151in felgyorsulva \u00e1tszelte a nap utols\u00f3 el\u0151tti emelked\u0151j\u00e9t, \u00e9s lehagyta a s\u00e1rga trik\u00f3s Ullrichot. A Les Deux Alpes tetej\u00e9re \u00e9rve m\u00e1r t\u00f6bb mint kilenc perc el\u0151nye volt a n\u00e9mettel szemben, amit nem is tudtak m\u00e1r elvenni t\u0151le.<\/p>\n<h2><strong>Lance Armstrong<\/strong><\/h2>\n<figure id=\"attachment_8532\" aria-describedby=\"caption-attachment-8532\" style=\"width: 980px\" class=\"wp-caption aligncenter\"><img loading=\"lazy\" decoding=\"async\" class=\"size-full wp-image-8532\" src=\"https:\/\/d2p6e6u75xmxt8.cloudfront.net\/12\/2020\/09\/lance-armstrong-of-the-u-s-postal-service-team-wears-the-news-photo-1485239-1560547445.jpg\" alt=\"\" width=\"980\" height=\"701\" srcset=\"https:\/\/d2p6e6u75xmxt8.cloudfront.net\/12\/2020\/09\/lance-armstrong-of-the-u-s-postal-service-team-wears-the-news-photo-1485239-1560547445.jpg 980w, https:\/\/d2p6e6u75xmxt8.cloudfront.net\/12\/2020\/09\/lance-armstrong-of-the-u-s-postal-service-team-wears-the-news-photo-1485239-1560547445-300x215.jpg 300w, https:\/\/d2p6e6u75xmxt8.cloudfront.net\/12\/2020\/09\/lance-armstrong-of-the-u-s-postal-service-team-wears-the-news-photo-1485239-1560547445-768x549.jpg 768w\" sizes=\"auto, (max-width: 980px) 100vw, 980px\" \/><figcaption id=\"caption-attachment-8532\" class=\"wp-caption-text\">Doug PensingerGetty Images<\/figcaption><\/figure>\n<p><strong>Orsz\u00e1g: <\/strong>USA<\/p>\n<p><strong>Csapat: <\/strong>U.S. Postal Service, Discovery Channel<\/p>\n<p><strong>A gy\u0151zelmek ideje: <\/strong><span style=\"text-decoration: line-through;\">1999, 2000, 2001, 2002, 2003, 2004, 2005<\/span><\/p>\n<p>Ismerj\u00fck a t\u00f6rt\u00e9netet: Armstrongot 1996-ban r\u00e1kkal diagnosztiz\u00e1lt\u00e1k, majd 1999 \u00e9s 2005 k\u00f6z\u00f6tt h\u00e9t Tours de France-t nyert meg. Nyugd\u00edjba vonul\u00e1sa ut\u00e1n ism\u00e9t visszat\u00e9rt, hogy \u00fajra megpr\u00f3b\u00e1ljon nyerni, ezzel sok versenyz\u0151t feld\u00fch\u00edtett, akiket annak idej\u00e9n kihaszn\u00e1lt, b\u00e1ntalmazott \u00e9s eldobott. V\u00e9g\u00fcl az eg\u00e9sz \u00fcgy rend\u0151rs\u00e9gi nyomoz\u00e1sba torkollott, melynek sor\u00e1n f\u00e9ny der\u00fclt az egyik legprec\u00edzebb \u00e9s legkifinomultabb szervezett doppingprogramra, amelyet a sportvil\u00e1g valaha l\u00e1tott. C\u00edmeit 2012-ben vett\u00e9k el t\u0151le, \u00edgy 1999 \u00e9s 2005 k\u00f6z\u00f6tt egyetlen hivatalos Tour-gy\u0151ztes sem maradt. Armstrong nev\u00e9t egyszer\u0171en \u00e1th\u00fazt\u00e1k.<\/p>\n<h2><strong>Oscar Pereiro<\/strong><\/h2>\n<figure id=\"attachment_8533\" aria-describedby=\"caption-attachment-8533\" style=\"width: 980px\" class=\"wp-caption aligncenter\"><img loading=\"lazy\" decoding=\"async\" class=\"size-full wp-image-8533\" src=\"https:\/\/d2p6e6u75xmxt8.cloudfront.net\/12\/2020\/09\/winner-of-the-2006-tour-de-france-oscar-pereiro-of-spain-news-photo-84442220-1560547513.jpg\" alt=\"\" width=\"980\" height=\"653\" srcset=\"https:\/\/d2p6e6u75xmxt8.cloudfront.net\/12\/2020\/09\/winner-of-the-2006-tour-de-france-oscar-pereiro-of-spain-news-photo-84442220-1560547513.jpg 980w, https:\/\/d2p6e6u75xmxt8.cloudfront.net\/12\/2020\/09\/winner-of-the-2006-tour-de-france-oscar-pereiro-of-spain-news-photo-84442220-1560547513-300x200.jpg 300w, https:\/\/d2p6e6u75xmxt8.cloudfront.net\/12\/2020\/09\/winner-of-the-2006-tour-de-france-oscar-pereiro-of-spain-news-photo-84442220-1560547513-768x512.jpg 768w, https:\/\/d2p6e6u75xmxt8.cloudfront.net\/12\/2020\/09\/winner-of-the-2006-tour-de-france-oscar-pereiro-of-spain-news-photo-84442220-1560547513-272x182.jpg 272w\" sizes=\"auto, (max-width: 980px) 100vw, 980px\" \/><figcaption id=\"caption-attachment-8533\" class=\"wp-caption-text\">JAMIE MCDONALDGetty Images<\/figcaption><\/figure>\n<p><strong>Orsz\u00e1g: <\/strong>Spanyolorsz\u00e1g<\/p>\n<p><strong>Csapat: <\/strong>Caisse d&#8217;Epargne<\/p>\n<p><strong>A gy\u0151zelem ideje: <\/strong>2006<\/p>\n<p>A 90-es \u00e9vek v\u00e9ge botr\u00e1nyos id\u0151szak volt a profi ker\u00e9kp\u00e1roz\u00e1sban, de a 2000-es \u00e9vek v\u00e9ge felvette a harcot az ezredv\u00e9ggel. N\u00e9zz\u00fck csak a 2006-os versenyt: eredetileg Floyd Landis vehette \u00e1t a s\u00e1rga trik\u00f3t, de k\u00e9s\u0151bb kider\u00fclt, hogy az amerikai megbukott egy drogteszten. Elvett\u00e9k t\u0151le a c\u00edmet, \u00e9s Pereiro, az eredeti m\u00e1sodik helyezett lett a gy\u0151ztes. Pereiro gy\u0151zelm\u00e9t nagyr\u00e9szt a 13. szakasznak k\u00f6sz\u00f6nheti, ahol m\u00e1sodik lett. Arra viszont nem sz\u00e1m\u00edtott, hogy versenyezhet a bajnoki c\u00edm\u00e9rt: v\u00e9g\u00fcl kifizet\u0151d\u00f6tt munk\u00e1ja.<\/p>\n<h2><strong>Alberto Contador<\/strong><\/h2>\n<figure id=\"attachment_8534\" aria-describedby=\"caption-attachment-8534\" style=\"width: 980px\" class=\"wp-caption aligncenter\"><img loading=\"lazy\" decoding=\"async\" class=\"size-full wp-image-8534\" src=\"https:\/\/d2p6e6u75xmxt8.cloudfront.net\/12\/2020\/09\/yellow-jersey-of-overall-leader-2007-tour-de-france-winner-news-photo-95492273-1560547577.jpg\" alt=\"\" width=\"980\" height=\"721\" srcset=\"https:\/\/d2p6e6u75xmxt8.cloudfront.net\/12\/2020\/09\/yellow-jersey-of-overall-leader-2007-tour-de-france-winner-news-photo-95492273-1560547577.jpg 980w, https:\/\/d2p6e6u75xmxt8.cloudfront.net\/12\/2020\/09\/yellow-jersey-of-overall-leader-2007-tour-de-france-winner-news-photo-95492273-1560547577-300x221.jpg 300w, https:\/\/d2p6e6u75xmxt8.cloudfront.net\/12\/2020\/09\/yellow-jersey-of-overall-leader-2007-tour-de-france-winner-news-photo-95492273-1560547577-768x565.jpg 768w\" sizes=\"auto, (max-width: 980px) 100vw, 980px\" \/><figcaption id=\"caption-attachment-8534\" class=\"wp-caption-text\">PATRICK HERTZOGGetty Images<\/figcaption><\/figure>\n<p><strong>Orsz\u00e1g: <\/strong>Spanyolorsz\u00e1g<\/p>\n<p><strong>Csapat: <\/strong>Discovery Channel, Astana<\/p>\n<p><strong>A gy\u0151zelmek ideje: <\/strong>2007, 2009<\/p>\n<p>A 2007-es megm\u00e9rettet\u00e9st olyan doppingbotr\u00e1nyok tark\u00edtott\u00e1k, amelyek megakad\u00e1lyozt\u00e1k egyes versenyz\u0151k indul\u00e1s\u00e1t \u00e9s m\u00e1sok be\u00e9rkez\u00e9s\u00e9t, v\u00e9g\u00fcl a k\u00f6z\u00f6ns\u00e9g sem tudta, ki nyerte meg a versenyt. V\u00e9g\u00fcl Contador megszerezte els\u0151 Tour-gy\u0151zelm\u00e9t, f\u0151leg az\u00e9rt, mert Ivan Basso, a f\u0151 es\u00e9lyes \u00fagy d\u00f6nt\u00f6tt, hogy nem indul, Michael Rasmussent pedig eltiltott\u00e1k, mik\u00f6zben rajta volt a s\u00e1rga trik\u00f3. \u00cdgy a fiatal Contador el\u0151tt megny\u00edlt az \u00fat. 2009-ben pedig Armstrong mellett versenyzett az Astana t\u00e1rsvezet\u0151jek\u00e9nt. Itt agressz\u00edv st\u00edlusa ker\u00fclt el\u0151t\u00e9rbe, ami v\u00e9g\u00fcl sz\u00fcks\u00e9gesnek bizonyult, tekintettel arra, hogy a csapat nyilv\u00e1nval\u00f3an el\u0151nyben r\u00e9szes\u00edtette Armstrongot. Contador a k\u00f6vetkez\u0151 \u00e9vben \u00fajra nyert, de ett\u0151l a bajnoki c\u00edmt\u0151l egy sikertelen drogteszt ut\u00e1n megfosztott\u00e1k. Ennek ellen\u00e9re tov\u00e1bbra is az elm\u00falt 15 \u00e9v egyik legn\u00e9pszer\u0171bb versenyz\u0151je maradt.<\/p>\n<h2><strong>Carlos Sastre<\/strong><\/h2>\n<figure id=\"attachment_8535\" aria-describedby=\"caption-attachment-8535\" style=\"width: 980px\" class=\"wp-caption aligncenter\"><img loading=\"lazy\" decoding=\"async\" class=\"size-full wp-image-8535\" src=\"https:\/\/d2p6e6u75xmxt8.cloudfront.net\/12\/2020\/09\/tour-de-france-2008s-winner-spanish-carlos-sastre-rides-news-photo-82089139-1560547668.jpg\" alt=\"\" width=\"980\" height=\"706\" srcset=\"https:\/\/d2p6e6u75xmxt8.cloudfront.net\/12\/2020\/09\/tour-de-france-2008s-winner-spanish-carlos-sastre-rides-news-photo-82089139-1560547668.jpg 980w, https:\/\/d2p6e6u75xmxt8.cloudfront.net\/12\/2020\/09\/tour-de-france-2008s-winner-spanish-carlos-sastre-rides-news-photo-82089139-1560547668-300x216.jpg 300w, https:\/\/d2p6e6u75xmxt8.cloudfront.net\/12\/2020\/09\/tour-de-france-2008s-winner-spanish-carlos-sastre-rides-news-photo-82089139-1560547668-768x553.jpg 768w\" sizes=\"auto, (max-width: 980px) 100vw, 980px\" \/><figcaption id=\"caption-attachment-8535\" class=\"wp-caption-text\">AFPGetty Images<\/figcaption><\/figure>\n<p><strong>Orsz\u00e1g: <\/strong>Spanyolorsz\u00e1g<\/p>\n<p><strong>Csapat: <\/strong>Team Saxo Bank<\/p>\n<p><strong>A gy\u0151zelem ideje: <\/strong>2008<\/p>\n<p>Azt mondj\u00e1k, hogy az Alpe d&#8217;Huez-en minden eld\u0151lhet. \u00cdgy volt ez 2008-ban is, amikor Sastre a hegy alj\u00e1n\u00e1l t\u00e1madott \u00e9s megnyerte a szakaszt. Pontosan annyi id\u0151vel szerezte meg a s\u00e1rga trik\u00f3t, hogy az el\u00e9g legyen az \u00f6sszetett gy\u0151zelemhez. Egy csendes versenyz\u0151, aki kor\u00e1bban arr\u00f3l volt ismert, hogy 2006-ban egy szakaszgy\u0151zelmet egy cumival a sz\u00e1j\u00e1ban, \u00fcnnepelt. Sastre gy\u0151zelm\u00e9t kataliz\u00e1tork\u00e9nt is emlegetik, amely Armstrongot kicsalogatta nyugd\u00edjas \u00e9let\u00e9b\u0151l.<\/p>\n<h2><strong>Andy Schleck<\/strong><\/h2>\n<figure id=\"attachment_8536\" aria-describedby=\"caption-attachment-8536\" style=\"width: 980px\" class=\"wp-caption aligncenter\"><img loading=\"lazy\" decoding=\"async\" class=\"size-full wp-image-8536\" src=\"https:\/\/d2p6e6u75xmxt8.cloudfront.net\/12\/2020\/09\/luxembourgs-andy-schleck-crosses-the-finish-line-after-news-photo-102976684-1560547764.jpg\" alt=\"\" width=\"980\" height=\"653\" srcset=\"https:\/\/d2p6e6u75xmxt8.cloudfront.net\/12\/2020\/09\/luxembourgs-andy-schleck-crosses-the-finish-line-after-news-photo-102976684-1560547764.jpg 980w, https:\/\/d2p6e6u75xmxt8.cloudfront.net\/12\/2020\/09\/luxembourgs-andy-schleck-crosses-the-finish-line-after-news-photo-102976684-1560547764-300x200.jpg 300w, https:\/\/d2p6e6u75xmxt8.cloudfront.net\/12\/2020\/09\/luxembourgs-andy-schleck-crosses-the-finish-line-after-news-photo-102976684-1560547764-768x512.jpg 768w, https:\/\/d2p6e6u75xmxt8.cloudfront.net\/12\/2020\/09\/luxembourgs-andy-schleck-crosses-the-finish-line-after-news-photo-102976684-1560547764-272x182.jpg 272w\" sizes=\"auto, (max-width: 980px) 100vw, 980px\" \/><figcaption id=\"caption-attachment-8536\" class=\"wp-caption-text\">Spencer PlattGetty Images<\/figcaption><\/figure>\n<p><strong>Orsz\u00e1g: <\/strong>Luxemburg<\/p>\n<p><strong>Csapat: <\/strong>Team Saxo Bank<\/p>\n<p><strong>A gy\u0151zelem ideje: <\/strong>2010<\/p>\n<p>Amikor a legt\u00f6bb ember meghallja ezt a nevet, r\u00f6gt\u00f6n az jut esz\u00e9be, amikor Schleck l\u00e1nca a 2010-es Tour-on leesett egy emelked\u0151n, mik\u00f6zben a versenyz\u0151 az \u00e9len tekert. Ahogy len\u00e9zett \u00e9s felfogta, hogy mi t\u00f6rt\u00e9nt, Contador m\u00e1r t\u00e1madott. A szakasz v\u00e9g\u00e9re Contador 39 m\u00e1sodpercet vert r\u00e1 &#8211; ez pont el\u00e9g volt az \u00f6sszes\u00edtett gy\u0151zelemhez. K\u00e9s\u0151bb azonban COntadort visszamen\u0151leg kiz\u00e1rt\u00e1k, \u00edgy 2012-ben Schlecket megkapta a s\u00e1rga trik\u00f3t.<\/p>\n<h2><strong>Cadel Evans<\/strong><\/h2>\n<figure id=\"attachment_8537\" aria-describedby=\"caption-attachment-8537\" style=\"width: 980px\" class=\"wp-caption aligncenter\"><img loading=\"lazy\" decoding=\"async\" class=\"size-full wp-image-8537\" src=\"https:\/\/d2p6e6u75xmxt8.cloudfront.net\/12\/2020\/09\/yellow-jersey-of-overall-leader-australias-cadel-evans-news-photo-119747336-1560547875.jpg\" alt=\"\" width=\"980\" height=\"652\" srcset=\"https:\/\/d2p6e6u75xmxt8.cloudfront.net\/12\/2020\/09\/yellow-jersey-of-overall-leader-australias-cadel-evans-news-photo-119747336-1560547875.jpg 980w, https:\/\/d2p6e6u75xmxt8.cloudfront.net\/12\/2020\/09\/yellow-jersey-of-overall-leader-australias-cadel-evans-news-photo-119747336-1560547875-300x200.jpg 300w, https:\/\/d2p6e6u75xmxt8.cloudfront.net\/12\/2020\/09\/yellow-jersey-of-overall-leader-australias-cadel-evans-news-photo-119747336-1560547875-768x511.jpg 768w, https:\/\/d2p6e6u75xmxt8.cloudfront.net\/12\/2020\/09\/yellow-jersey-of-overall-leader-australias-cadel-evans-news-photo-119747336-1560547875-272x182.jpg 272w\" sizes=\"auto, (max-width: 980px) 100vw, 980px\" \/><figcaption id=\"caption-attachment-8537\" class=\"wp-caption-text\">LIONEL BONAVENTUREGetty Images<\/figcaption><\/figure>\n<p><strong>Orsz\u00e1g: <\/strong>Ausztr\u00e1lia<\/p>\n<p><strong>Csapat: <\/strong>BMC<\/p>\n<p><strong>A gy\u0151zelem ideje: <\/strong>2011<\/p>\n<p>Az egyetlen ausztr\u00e1l, aki valaha is megnyerte a Tour de France-t, Evans az utols\u00f3 el\u0151tti napon biztos\u00edtotta gy\u0151zelm\u00e9t, amikor az egy\u00e9ni id\u0151m\u00e9r\u0151n megel\u0151zte Schlecket. A lobban\u00e9kony bring\u00e1s, aki kiab\u00e1lt egy \u00fajs\u00e1g\u00edr\u00f3val, ami\u00e9rt majdnem r\u00e1l\u00e9pett a kuty\u00e1j\u00e1ra!<\/p>\n<h2><strong>Bradley Wiggins<\/strong><\/h2>\n<figure id=\"attachment_8538\" aria-describedby=\"caption-attachment-8538\" style=\"width: 980px\" class=\"wp-caption aligncenter\"><img loading=\"lazy\" decoding=\"async\" class=\"size-full wp-image-8538\" src=\"https:\/\/d2p6e6u75xmxt8.cloudfront.net\/12\/2020\/09\/overall-leaders-yellow-jersey-british-bradley-wiggins-news-photo-148991012-1560547957.jpg\" alt=\"\" width=\"980\" height=\"652\" srcset=\"https:\/\/d2p6e6u75xmxt8.cloudfront.net\/12\/2020\/09\/overall-leaders-yellow-jersey-british-bradley-wiggins-news-photo-148991012-1560547957.jpg 980w, https:\/\/d2p6e6u75xmxt8.cloudfront.net\/12\/2020\/09\/overall-leaders-yellow-jersey-british-bradley-wiggins-news-photo-148991012-1560547957-300x200.jpg 300w, https:\/\/d2p6e6u75xmxt8.cloudfront.net\/12\/2020\/09\/overall-leaders-yellow-jersey-british-bradley-wiggins-news-photo-148991012-1560547957-768x511.jpg 768w, https:\/\/d2p6e6u75xmxt8.cloudfront.net\/12\/2020\/09\/overall-leaders-yellow-jersey-british-bradley-wiggins-news-photo-148991012-1560547957-272x182.jpg 272w\" sizes=\"auto, (max-width: 980px) 100vw, 980px\" \/><figcaption id=\"caption-attachment-8538\" class=\"wp-caption-text\">PASCAL PAVANIGetty Images<\/figcaption><\/figure>\n<p><strong>Orsz\u00e1g: <\/strong>Nagy-Britannia<\/p>\n<p><strong>Csapat: <\/strong>Team Sky<\/p>\n<p><strong>A gy\u0151zelem ideje: <\/strong>2012<\/p>\n<p>Egy \u00e9vvel azut\u00e1n, hogy Evans megnyerte Ausztr\u00e1lia els\u0151 s\u00e1rga trik\u00f3j\u00e1t, Wiggins hazavitte az els\u0151t Nagy-Britannia sz\u00e1m\u00e1ra. Indurain-hez hasonl\u00f3 strat\u00e9gi\u00e1t alkalmazott: uralta az id\u0151m\u00e9r\u0151ket \u00e9s egyenletesen haladt \u00e1t a hegyeken. Chris Froome, a Sky tehets\u00e9ges csapattagja felbukkan\u00e1sa miatt, Wiggins soha nem t\u00e9rt vissza, hogy megv\u00e9dje a c\u00edm\u00e9t.<\/p>\n<h2><strong>Chris Froome<\/strong><\/h2>\n<figure id=\"attachment_8539\" aria-describedby=\"caption-attachment-8539\" style=\"width: 980px\" class=\"wp-caption aligncenter\"><img loading=\"lazy\" decoding=\"async\" class=\"size-full wp-image-8539\" src=\"https:\/\/d2p6e6u75xmxt8.cloudfront.net\/12\/2020\/09\/christopher-froome-oof-great-britain-and-team-sky-news-photo-173080344-1560548049.jpg\" alt=\"\" width=\"980\" height=\"651\" srcset=\"https:\/\/d2p6e6u75xmxt8.cloudfront.net\/12\/2020\/09\/christopher-froome-oof-great-britain-and-team-sky-news-photo-173080344-1560548049.jpg 980w, https:\/\/d2p6e6u75xmxt8.cloudfront.net\/12\/2020\/09\/christopher-froome-oof-great-britain-and-team-sky-news-photo-173080344-1560548049-300x199.jpg 300w, https:\/\/d2p6e6u75xmxt8.cloudfront.net\/12\/2020\/09\/christopher-froome-oof-great-britain-and-team-sky-news-photo-173080344-1560548049-768x510.jpg 768w, https:\/\/d2p6e6u75xmxt8.cloudfront.net\/12\/2020\/09\/christopher-froome-oof-great-britain-and-team-sky-news-photo-173080344-1560548049-272x182.jpg 272w\" sizes=\"auto, (max-width: 980px) 100vw, 980px\" \/><figcaption id=\"caption-attachment-8539\" class=\"wp-caption-text\">Agence ZoomGetty Images<\/figcaption><\/figure>\n<p><strong>Orsz\u00e1g: <\/strong>Nagy-Britannia<\/p>\n<p><strong>Csapat: <\/strong>Team Sky<\/p>\n<p><strong>A gy\u0151zelmek ideje: <\/strong>2013, 2015, 2016, 2017<\/p>\n<p>Miut\u00e1n Froome 2012-ben m\u00e1sodik helyez\u00e9st \u00e9rt el &#8211; Wiggins ut\u00e1n \u2013 a Sky csapatvezet\u0151je r\u00e1j\u00f6tt, hogy \u0151 a leges\u00e9lyesebb egy \u00fajabb britt Tour de France gy\u0151zelemre. A 2013-as gy\u0151zelem ut\u00e1n Froome m\u00e9g h\u00e1romszor nyert. Most egy gy\u0151zelemre van att\u00f3l, hogy csatlakozzon Anquetilhez, Merckx-hez, Hinault-hoz \u00e9s Indurain-hez, mint olyan versenyz\u0151, aki \u00f6tsz\u00f6r nyerte meg a futamot. Sajnos az idei versenyt egy s\u00falyos s\u00e9r\u00fcl\u00e9s miatt ki kellett hagynia. Froome sok kritik\u00e1t kapott m\u00e1r a st\u00edlusa miatt, de sportol\u00f3k\u00e9nt meg\u00e9rdemli a tiszteletet.<\/p>\n<h2><strong>Vincenzo Nibali<\/strong><\/h2>\n<p><img loading=\"lazy\" decoding=\"async\" class=\"aligncenter size-full wp-image-8540\" src=\"https:\/\/d2p6e6u75xmxt8.cloudfront.net\/12\/2020\/09\/101th-tour-de-france-stage-17-nibali-vincenzo-yellow-leader-news-photo-532484282-1560548127.jpg\" alt=\"\" width=\"980\" height=\"653\" srcset=\"https:\/\/d2p6e6u75xmxt8.cloudfront.net\/12\/2020\/09\/101th-tour-de-france-stage-17-nibali-vincenzo-yellow-leader-news-photo-532484282-1560548127.jpg 980w, https:\/\/d2p6e6u75xmxt8.cloudfront.net\/12\/2020\/09\/101th-tour-de-france-stage-17-nibali-vincenzo-yellow-leader-news-photo-532484282-1560548127-300x200.jpg 300w, https:\/\/d2p6e6u75xmxt8.cloudfront.net\/12\/2020\/09\/101th-tour-de-france-stage-17-nibali-vincenzo-yellow-leader-news-photo-532484282-1560548127-768x512.jpg 768w, https:\/\/d2p6e6u75xmxt8.cloudfront.net\/12\/2020\/09\/101th-tour-de-france-stage-17-nibali-vincenzo-yellow-leader-news-photo-532484282-1560548127-272x182.jpg 272w\" sizes=\"auto, (max-width: 980px) 100vw, 980px\" \/><\/p>\n<p><strong>Orsz\u00e1g: <\/strong>Olaszorsz\u00e1g<\/p>\n<p><strong>Csapat: <\/strong>Astana<\/p>\n<p><strong>A gy\u0151zelem ideje: <\/strong>2014<\/p>\n<p>Pantani \u00f3ta az els\u0151 olasz, aki megnyerte a Tour-t. Nibali uralta a 2014-es versenyt, n\u00e9gy szakaszon is gy\u0151z\u00f6tt \u00e9s 19 napig viselte a s\u00e1rga trik\u00f3t. A gy\u0151zelemmel egy lett a hat (mostm\u00e1r h\u00e9t) versenyz\u0151b\u0151l, aki karrierje sor\u00e1n mindh\u00e1rom Grand Tourt megnyerte.<\/p>\n<h2><strong>Geraint Thomas<\/strong><\/h2>\n<figure id=\"attachment_8541\" aria-describedby=\"caption-attachment-8541\" style=\"width: 980px\" class=\"wp-caption aligncenter\"><img loading=\"lazy\" decoding=\"async\" class=\"size-full wp-image-8541\" src=\"https:\/\/d2p6e6u75xmxt8.cloudfront.net\/12\/2020\/09\/start-geraint-thomas-of-great-britain-and-team-sky-yellow-news-photo-1057175464-1560548207.jpg\" alt=\"\" width=\"980\" height=\"613\" srcset=\"https:\/\/d2p6e6u75xmxt8.cloudfront.net\/12\/2020\/09\/start-geraint-thomas-of-great-britain-and-team-sky-yellow-news-photo-1057175464-1560548207.jpg 980w, https:\/\/d2p6e6u75xmxt8.cloudfront.net\/12\/2020\/09\/start-geraint-thomas-of-great-britain-and-team-sky-yellow-news-photo-1057175464-1560548207-300x188.jpg 300w, https:\/\/d2p6e6u75xmxt8.cloudfront.net\/12\/2020\/09\/start-geraint-thomas-of-great-britain-and-team-sky-yellow-news-photo-1057175464-1560548207-768x480.jpg 768w\" sizes=\"auto, (max-width: 980px) 100vw, 980px\" \/><figcaption id=\"caption-attachment-8541\" class=\"wp-caption-text\">David RamosGetty Images<\/figcaption><\/figure>\n<p><strong>Orsz\u00e1g: <\/strong>Nagy-Britannia<\/p>\n<p><strong>Csapat: <\/strong>Team Sky<\/p>\n<p><strong>A gy\u0151zelem ideje: <\/strong>2018<\/p>\n<p>Thomas, aki egy Grand Touron sem v\u00e9gzett soha a 15. helyn\u00e9l el\u0151r\u00e9bb, az elej\u00e9t\u0151l a v\u00e9g\u00e9ig vezette a 2018-as versenyt. Legnagyobb vet\u00e9lyt\u00e1rsa, egyben csapatt\u00e1rsa is, Froome volt. Mindketten a Team Sky t\u00e1rsvezet\u0151jek\u00e9nt l\u00e9ptek be a versenyre, \u00e9s Thomas megkapta az enged\u00e9lyt, hogy sz\u00fcks\u00e9g eset\u00e9n egyed\u00fcl tekerjen tov\u00e1bb. \u00cdgy is lett: amikor Froome balesetet szenvedett az 1. szakasz v\u00e9ge fel\u00e9, \u00e9s csaknem egy percet vesz\u00edtett. A kor\u00e1bbi \u00e9vekben Thomas v\u00e1rhat\u00f3an megv\u00e1rta volna kapit\u00e1ny\u00e1t, de ez\u00fattal nem tette. A Sky h\u00e9t \u00e9v alatt a hatodik Tour-gy\u0151zelmet tudhatta mag\u00e1\u00e9nak.<\/p>\n<h2><strong>Egan Bernal<\/strong><\/h2>\n<figure id=\"attachment_8542\" aria-describedby=\"caption-attachment-8542\" style=\"width: 980px\" class=\"wp-caption aligncenter\"><img loading=\"lazy\" decoding=\"async\" class=\"size-full wp-image-8542\" src=\"https:\/\/d2p6e6u75xmxt8.cloudfront.net\/12\/2020\/09\/colombian-cyclist-egan-bernal-waves-during-the-106-tour-de-news-photo-1598453615.jpg\" alt=\"\" width=\"980\" height=\"654\" srcset=\"https:\/\/d2p6e6u75xmxt8.cloudfront.net\/12\/2020\/09\/colombian-cyclist-egan-bernal-waves-during-the-106-tour-de-news-photo-1598453615.jpg 980w, https:\/\/d2p6e6u75xmxt8.cloudfront.net\/12\/2020\/09\/colombian-cyclist-egan-bernal-waves-during-the-106-tour-de-news-photo-1598453615-300x200.jpg 300w, https:\/\/d2p6e6u75xmxt8.cloudfront.net\/12\/2020\/09\/colombian-cyclist-egan-bernal-waves-during-the-106-tour-de-news-photo-1598453615-768x513.jpg 768w, https:\/\/d2p6e6u75xmxt8.cloudfront.net\/12\/2020\/09\/colombian-cyclist-egan-bernal-waves-during-the-106-tour-de-news-photo-1598453615-272x182.jpg 272w\" sizes=\"auto, (max-width: 980px) 100vw, 980px\" \/><figcaption id=\"caption-attachment-8542\" class=\"wp-caption-text\">Guillermo Legaria SchweizerGetty Images<\/figcaption><\/figure>\n<p><strong>Orsz\u00e1g: <\/strong>Kolumbia<\/p>\n<p><strong>Csapat: <\/strong>Team INEOS<\/p>\n<p><strong>A gy\u0151zelem ideje: <\/strong>2019<\/p>\n<p>Amikor Egan Bernal tavaly \u00e1thajtott a c\u00e9lvonalon, hogy megszerezze a t\u00f6rt\u00e9nelmi els\u0151 kolumbiai Tour de France-gy\u0151zelm\u00e9t Kolumbia sz\u00e1m\u00e1ra, haz\u00e1j\u00e1ban minden sz\u00edv \u00e9rte dobogott. Mind\u00f6ssze 22 \u00e9ves (\u00e9s nagyj\u00e1b\u00f3l hat h\u00f3napos) kor\u00e1val a t\u00f6rt\u00e9nelem harmadik legfiatalabb gy\u0151ztese lett. Ha ilyen fiatalon ilyen nagy teljes\u00edtm\u00e9nyre k\u00e9pes, vajon mit hoz sz\u00e1m\u00e1ra a j\u00f6v\u0151?<\/p>\n<p><em>A cikksorozat forr\u00e1sa: <\/em><a href=\"https:\/\/www.bicycling.com\/tour-de-france\/g22059401\/tour-de-france-winners\/\"><em>www.bicycling.com<\/em><\/a><\/p>\n","protected":false},"excerpt":{"rendered":"<p>Eml\u00e9keztek az elm\u00falt h\u00fasz \u00e9v versenyeire? Had seg\u00edts\u00fcnk: Indurain egym\u00e1s ut\u00e1n \u00f6tsz\u00f6r, Armstrong h\u00e9tszer nyerte meg a Tour-t, a s\u00e1rga [&hellip;]<\/p>\n","protected":false},"author":71,"featured_media":8520,"comment_status":"open","ping_status":"open","sticky":false,"template":"","format":"standard","meta":{"footnotes":""},"categories":[8],"tags":[],"global-categories":[],"class_list":["post-8519","post","type-post","status-publish","format-standard","has-post-thumbnail","hentry","category-orszaguti-kerekpar"],"yoast_head":"<!-- This site is optimized with the Yoast SEO Premium plugin v25.3 (Yoast SEO v25.9) - https:\/\/yoast.com\/wordpress\/plugins\/seo\/ -->\n<title>K\u00f6rk\u00e9p a Tour de France \u00f6sszes eddig nyertes\u00e9r\u0151l, IV. r\u00e9sz \u2013 1975-2019 - \u0160koda We Love Cycling - Magyarorsz\u00e1g<\/title>\n<meta name=\"description\" content=\"Eml\u00e9keztek az elm\u00falt h\u00fasz \u00e9v versenyeire? Had seg\u00edts\u00fcnk: Indurain egym\u00e1s ut\u00e1n \u00f6tsz\u00f6r, Armstrong h\u00e9tszer nyerte meg a Tour-t, a s\u00e1rga trik\u00f3k \u00e9vekkel k\u00e9s\u0151bb v\u00e1ndoroltak \u00e1t \u00faj gazd\u00e1ikhoz, \u00e9s sokszor a n\u00e9z\u0151ket is meglepte, hogy ki \u00e1llt fel \u00e9pp a dobog\u00f3ra.\" \/>\n<meta name=\"robots\" content=\"index, follow, max-snippet:-1, max-image-preview:large, max-video-preview:-1\" \/>\n<link rel=\"canonical\" href=\"https:\/\/www.welovecycling.com\/hu\/orszaguti-kerekpar\/korkep-a-tour-de-france-osszes-eddig-nyerteserol-iv-resz-1975-2019\/\" \/>\n<meta property=\"og:locale\" content=\"hu_HU\" \/>\n<meta property=\"og:type\" content=\"article\" \/>\n<meta property=\"og:title\" content=\"K\u00f6rk\u00e9p a Tour de France \u00f6sszes eddig nyertes\u00e9r\u0151l, IV. r\u00e9sz \u2013 1975-2019\" \/>\n<meta property=\"og:description\" content=\"Eml\u00e9keztek az elm\u00falt h\u00fasz \u00e9v versenyeire? Had seg\u00edts\u00fcnk: Indurain egym\u00e1s ut\u00e1n \u00f6tsz\u00f6r, Armstrong h\u00e9tszer nyerte meg a Tour-t, a s\u00e1rga trik\u00f3k \u00e9vekkel k\u00e9s\u0151bb v\u00e1ndoroltak \u00e1t \u00faj gazd\u00e1ikhoz, \u00e9s sokszor a n\u00e9z\u0151ket is meglepte, hogy ki \u00e1llt fel \u00e9pp a dobog\u00f3ra.\" \/>\n<meta property=\"og:url\" content=\"https:\/\/www.welovecycling.com\/hu\/orszaguti-kerekpar\/korkep-a-tour-de-france-osszes-eddig-nyerteserol-iv-resz-1975-2019\/\" \/>\n<meta property=\"og:site_name\" content=\"\u0160koda We Love Cycling - Magyarorsz\u00e1g\" \/>\n<meta property=\"article:publisher\" content=\"https:\/\/www.facebook.com\/WeLoveCyclingHungary\/\" \/>\n<meta property=\"article:published_time\" content=\"2020-09-13T07:00:42+00:00\" \/>\n<meta property=\"og:image\" content=\"https:\/\/d2p6e6u75xmxt8.cloudfront.net\/12\/2020\/09\/frenchman-bernard-hinault-the-overall-leader-of-the-72nd-news-photo-161858852-1560546391.jpg\" \/>\n\t<meta property=\"og:image:width\" content=\"980\" \/>\n\t<meta property=\"og:image:height\" content=\"686\" \/>\n\t<meta property=\"og:image:type\" content=\"image\/jpeg\" \/>\n<meta name=\"author\" content=\"hegyizs\" \/>\n<meta name=\"twitter:card\" content=\"summary_large_image\" \/>\n<meta name=\"twitter:label1\" content=\"Written by\" \/>\n\t<meta name=\"twitter:data1\" content=\"WLC\" \/>\n\t<meta name=\"twitter:label2\" content=\"Est. reading time\" \/>\n\t<meta name=\"twitter:data2\" content=\"15 minutes\" \/>\n<script type=\"application\/ld+json\" class=\"yoast-schema-graph\">{\"@context\":\"https:\/\/schema.org\",\"@graph\":[{\"@type\":\"WebPage\",\"@id\":\"https:\/\/www.welovecycling.com\/hu\/orszaguti-kerekpar\/korkep-a-tour-de-france-osszes-eddig-nyerteserol-iv-resz-1975-2019\/\",\"url\":\"https:\/\/www.welovecycling.com\/hu\/orszaguti-kerekpar\/korkep-a-tour-de-france-osszes-eddig-nyerteserol-iv-resz-1975-2019\/\",\"name\":\"K\u00f6rk\u00e9p a Tour de France \u00f6sszes eddig nyertes\u00e9r\u0151l, IV. r\u00e9sz \u2013 1975-2019 - \u0160koda We Love Cycling - Magyarorsz\u00e1g\",\"isPartOf\":{\"@id\":\"https:\/\/www.welovecycling.com\/hu\/#website\"},\"primaryImageOfPage\":{\"@id\":\"https:\/\/www.welovecycling.com\/hu\/orszaguti-kerekpar\/korkep-a-tour-de-france-osszes-eddig-nyerteserol-iv-resz-1975-2019\/#primaryimage\"},\"image\":{\"@id\":\"https:\/\/www.welovecycling.com\/hu\/orszaguti-kerekpar\/korkep-a-tour-de-france-osszes-eddig-nyerteserol-iv-resz-1975-2019\/#primaryimage\"},\"thumbnailUrl\":\"https:\/\/d2p6e6u75xmxt8.cloudfront.net\/12\/2020\/09\/frenchman-bernard-hinault-the-overall-leader-of-the-72nd-news-photo-161858852-1560546391.jpg\",\"datePublished\":\"2020-09-13T07:00:42+00:00\",\"author\":{\"@id\":\"https:\/\/www.welovecycling.com\/hu\/#\/schema\/person\/414a2aebf1801691a5320edb6468e194\"},\"description\":\"Eml\u00e9keztek az elm\u00falt h\u00fasz \u00e9v versenyeire? Had seg\u00edts\u00fcnk: Indurain egym\u00e1s ut\u00e1n \u00f6tsz\u00f6r, Armstrong h\u00e9tszer nyerte meg a Tour-t, a s\u00e1rga trik\u00f3k \u00e9vekkel k\u00e9s\u0151bb v\u00e1ndoroltak \u00e1t \u00faj gazd\u00e1ikhoz, \u00e9s sokszor a n\u00e9z\u0151ket is meglepte, hogy ki \u00e1llt fel \u00e9pp a dobog\u00f3ra.\",\"breadcrumb\":{\"@id\":\"https:\/\/www.welovecycling.com\/hu\/orszaguti-kerekpar\/korkep-a-tour-de-france-osszes-eddig-nyerteserol-iv-resz-1975-2019\/#breadcrumb\"},\"inLanguage\":\"hu\",\"potentialAction\":[{\"@type\":\"ReadAction\",\"target\":[\"https:\/\/www.welovecycling.com\/hu\/orszaguti-kerekpar\/korkep-a-tour-de-france-osszes-eddig-nyerteserol-iv-resz-1975-2019\/\"]}]},{\"@type\":\"ImageObject\",\"inLanguage\":\"hu\",\"@id\":\"https:\/\/www.welovecycling.com\/hu\/orszaguti-kerekpar\/korkep-a-tour-de-france-osszes-eddig-nyerteserol-iv-resz-1975-2019\/#primaryimage\",\"url\":\"https:\/\/d2p6e6u75xmxt8.cloudfront.net\/12\/2020\/09\/frenchman-bernard-hinault-the-overall-leader-of-the-72nd-news-photo-161858852-1560546391.jpg\",\"contentUrl\":\"https:\/\/d2p6e6u75xmxt8.cloudfront.net\/12\/2020\/09\/frenchman-bernard-hinault-the-overall-leader-of-the-72nd-news-photo-161858852-1560546391.jpg\",\"width\":980,\"height\":686,\"caption\":\"AFPGetty Images\"},{\"@type\":\"BreadcrumbList\",\"@id\":\"https:\/\/www.welovecycling.com\/hu\/orszaguti-kerekpar\/korkep-a-tour-de-france-osszes-eddig-nyerteserol-iv-resz-1975-2019\/#breadcrumb\",\"itemListElement\":[{\"@type\":\"ListItem\",\"position\":1,\"name\":\"Home\",\"item\":\"https:\/\/www.welovecycling.com\/hu\/\"},{\"@type\":\"ListItem\",\"position\":2,\"name\":\"K\u00f6rk\u00e9p a Tour de France \u00f6sszes eddig nyertes\u00e9r\u0151l, IV. r\u00e9sz \u2013 1975-2019\"}]},{\"@type\":\"WebSite\",\"@id\":\"https:\/\/www.welovecycling.com\/hu\/#website\",\"url\":\"https:\/\/www.welovecycling.com\/hu\/\",\"name\":\"\u0160koda We Love Cycling - Magyarorsz\u00e1g\",\"description\":\"\u0160koda WeLoveCycling\",\"potentialAction\":[{\"@type\":\"SearchAction\",\"target\":{\"@type\":\"EntryPoint\",\"urlTemplate\":\"https:\/\/www.welovecycling.com\/hu\/?s={search_term_string}\"},\"query-input\":{\"@type\":\"PropertyValueSpecification\",\"valueRequired\":true,\"valueName\":\"search_term_string\"}}],\"inLanguage\":\"hu\"},{\"@type\":\"Person\",\"@id\":\"https:\/\/www.welovecycling.com\/hu\/#\/schema\/person\/414a2aebf1801691a5320edb6468e194\",\"name\":\"hegyizs\",\"image\":{\"@type\":\"ImageObject\",\"inLanguage\":\"hu\",\"@id\":\"https:\/\/www.welovecycling.com\/hu\/#\/schema\/person\/image\/\",\"url\":\"https:\/\/secure.gravatar.com\/avatar\/02cf8a7906b8cf90cecb4679defac7cfd33a1c2e3b88e4903d947f3bb58eedd3?s=96&d=mm&r=g\",\"contentUrl\":\"https:\/\/secure.gravatar.com\/avatar\/02cf8a7906b8cf90cecb4679defac7cfd33a1c2e3b88e4903d947f3bb58eedd3?s=96&d=mm&r=g\",\"caption\":\"hegyizs\"},\"url\":\"https:\/\/www.welovecycling.com\/hu\/author\/hegyizs\/\"}]}<\/script>\n<!-- \/ Yoast SEO Premium plugin. -->","yoast_head_json":{"title":"K\u00f6rk\u00e9p a Tour de France \u00f6sszes eddig nyertes\u00e9r\u0151l, IV. r\u00e9sz \u2013 1975-2019 - \u0160koda We Love Cycling - Magyarorsz\u00e1g","description":"Eml\u00e9keztek az elm\u00falt h\u00fasz \u00e9v versenyeire? Had seg\u00edts\u00fcnk: Indurain egym\u00e1s ut\u00e1n \u00f6tsz\u00f6r, Armstrong h\u00e9tszer nyerte meg a Tour-t, a s\u00e1rga trik\u00f3k \u00e9vekkel k\u00e9s\u0151bb v\u00e1ndoroltak \u00e1t \u00faj gazd\u00e1ikhoz, \u00e9s sokszor a n\u00e9z\u0151ket is meglepte, hogy ki \u00e1llt fel \u00e9pp a dobog\u00f3ra.","robots":{"index":"index","follow":"follow","max-snippet":"max-snippet:-1","max-image-preview":"max-image-preview:large","max-video-preview":"max-video-preview:-1"},"canonical":"https:\/\/www.welovecycling.com\/hu\/orszaguti-kerekpar\/korkep-a-tour-de-france-osszes-eddig-nyerteserol-iv-resz-1975-2019\/","og_locale":"hu_HU","og_type":"article","og_title":"K\u00f6rk\u00e9p a Tour de France \u00f6sszes eddig nyertes\u00e9r\u0151l, IV. r\u00e9sz \u2013 1975-2019","og_description":"Eml\u00e9keztek az elm\u00falt h\u00fasz \u00e9v versenyeire? Had seg\u00edts\u00fcnk: Indurain egym\u00e1s ut\u00e1n \u00f6tsz\u00f6r, Armstrong h\u00e9tszer nyerte meg a Tour-t, a s\u00e1rga trik\u00f3k \u00e9vekkel k\u00e9s\u0151bb v\u00e1ndoroltak \u00e1t \u00faj gazd\u00e1ikhoz, \u00e9s sokszor a n\u00e9z\u0151ket is meglepte, hogy ki \u00e1llt fel \u00e9pp a dobog\u00f3ra.","og_url":"https:\/\/www.welovecycling.com\/hu\/orszaguti-kerekpar\/korkep-a-tour-de-france-osszes-eddig-nyerteserol-iv-resz-1975-2019\/","og_site_name":"\u0160koda We Love Cycling - Magyarorsz\u00e1g","article_publisher":"https:\/\/www.facebook.com\/WeLoveCyclingHungary\/","article_published_time":"2020-09-13T07:00:42+00:00","og_image":[{"width":980,"height":686,"url":"https:\/\/d2p6e6u75xmxt8.cloudfront.net\/12\/2020\/09\/frenchman-bernard-hinault-the-overall-leader-of-the-72nd-news-photo-161858852-1560546391.jpg","type":"image\/jpeg"}],"author":"hegyizs","twitter_card":"summary_large_image","twitter_misc":{"Written by":"WLC","Est. reading time":"15 minutes"},"schema":{"@context":"https:\/\/schema.org","@graph":[{"@type":"WebPage","@id":"https:\/\/www.welovecycling.com\/hu\/orszaguti-kerekpar\/korkep-a-tour-de-france-osszes-eddig-nyerteserol-iv-resz-1975-2019\/","url":"https:\/\/www.welovecycling.com\/hu\/orszaguti-kerekpar\/korkep-a-tour-de-france-osszes-eddig-nyerteserol-iv-resz-1975-2019\/","name":"K\u00f6rk\u00e9p a Tour de France \u00f6sszes eddig nyertes\u00e9r\u0151l, IV. r\u00e9sz \u2013 1975-2019 - \u0160koda We Love Cycling - Magyarorsz\u00e1g","isPartOf":{"@id":"https:\/\/www.welovecycling.com\/hu\/#website"},"primaryImageOfPage":{"@id":"https:\/\/www.welovecycling.com\/hu\/orszaguti-kerekpar\/korkep-a-tour-de-france-osszes-eddig-nyerteserol-iv-resz-1975-2019\/#primaryimage"},"image":{"@id":"https:\/\/www.welovecycling.com\/hu\/orszaguti-kerekpar\/korkep-a-tour-de-france-osszes-eddig-nyerteserol-iv-resz-1975-2019\/#primaryimage"},"thumbnailUrl":"https:\/\/d2p6e6u75xmxt8.cloudfront.net\/12\/2020\/09\/frenchman-bernard-hinault-the-overall-leader-of-the-72nd-news-photo-161858852-1560546391.jpg","datePublished":"2020-09-13T07:00:42+00:00","author":{"@id":"https:\/\/www.welovecycling.com\/hu\/#\/schema\/person\/414a2aebf1801691a5320edb6468e194"},"description":"Eml\u00e9keztek az elm\u00falt h\u00fasz \u00e9v versenyeire? Had seg\u00edts\u00fcnk: Indurain egym\u00e1s ut\u00e1n \u00f6tsz\u00f6r, Armstrong h\u00e9tszer nyerte meg a Tour-t, a s\u00e1rga trik\u00f3k \u00e9vekkel k\u00e9s\u0151bb v\u00e1ndoroltak \u00e1t \u00faj gazd\u00e1ikhoz, \u00e9s sokszor a n\u00e9z\u0151ket is meglepte, hogy ki \u00e1llt fel \u00e9pp a dobog\u00f3ra.","breadcrumb":{"@id":"https:\/\/www.welovecycling.com\/hu\/orszaguti-kerekpar\/korkep-a-tour-de-france-osszes-eddig-nyerteserol-iv-resz-1975-2019\/#breadcrumb"},"inLanguage":"hu","potentialAction":[{"@type":"ReadAction","target":["https:\/\/www.welovecycling.com\/hu\/orszaguti-kerekpar\/korkep-a-tour-de-france-osszes-eddig-nyerteserol-iv-resz-1975-2019\/"]}]},{"@type":"ImageObject","inLanguage":"hu","@id":"https:\/\/www.welovecycling.com\/hu\/orszaguti-kerekpar\/korkep-a-tour-de-france-osszes-eddig-nyerteserol-iv-resz-1975-2019\/#primaryimage","url":"https:\/\/d2p6e6u75xmxt8.cloudfront.net\/12\/2020\/09\/frenchman-bernard-hinault-the-overall-leader-of-the-72nd-news-photo-161858852-1560546391.jpg","contentUrl":"https:\/\/d2p6e6u75xmxt8.cloudfront.net\/12\/2020\/09\/frenchman-bernard-hinault-the-overall-leader-of-the-72nd-news-photo-161858852-1560546391.jpg","width":980,"height":686,"caption":"AFPGetty Images"},{"@type":"BreadcrumbList","@id":"https:\/\/www.welovecycling.com\/hu\/orszaguti-kerekpar\/korkep-a-tour-de-france-osszes-eddig-nyerteserol-iv-resz-1975-2019\/#breadcrumb","itemListElement":[{"@type":"ListItem","position":1,"name":"Home","item":"https:\/\/www.welovecycling.com\/hu\/"},{"@type":"ListItem","position":2,"name":"K\u00f6rk\u00e9p a Tour de France \u00f6sszes eddig nyertes\u00e9r\u0151l, IV. r\u00e9sz \u2013 1975-2019"}]},{"@type":"WebSite","@id":"https:\/\/www.welovecycling.com\/hu\/#website","url":"https:\/\/www.welovecycling.com\/hu\/","name":"\u0160koda We Love Cycling - Magyarorsz\u00e1g","description":"\u0160koda WeLoveCycling","potentialAction":[{"@type":"SearchAction","target":{"@type":"EntryPoint","urlTemplate":"https:\/\/www.welovecycling.com\/hu\/?s={search_term_string}"},"query-input":{"@type":"PropertyValueSpecification","valueRequired":true,"valueName":"search_term_string"}}],"inLanguage":"hu"},{"@type":"Person","@id":"https:\/\/www.welovecycling.com\/hu\/#\/schema\/person\/414a2aebf1801691a5320edb6468e194","name":"hegyizs","image":{"@type":"ImageObject","inLanguage":"hu","@id":"https:\/\/www.welovecycling.com\/hu\/#\/schema\/person\/image\/","url":"https:\/\/secure.gravatar.com\/avatar\/02cf8a7906b8cf90cecb4679defac7cfd33a1c2e3b88e4903d947f3bb58eedd3?s=96&d=mm&r=g","contentUrl":"https:\/\/secure.gravatar.com\/avatar\/02cf8a7906b8cf90cecb4679defac7cfd33a1c2e3b88e4903d947f3bb58eedd3?s=96&d=mm&r=g","caption":"hegyizs"},"url":"https:\/\/www.welovecycling.com\/hu\/author\/hegyizs\/"}]}},"_links":{"self":[{"href":"https:\/\/www.welovecycling.com\/hu\/wp-json\/wp\/v2\/posts\/8519","targetHints":{"allow":["GET"]}}],"collection":[{"href":"https:\/\/www.welovecycling.com\/hu\/wp-json\/wp\/v2\/posts"}],"about":[{"href":"https:\/\/www.welovecycling.com\/hu\/wp-json\/wp\/v2\/types\/post"}],"author":[{"embeddable":true,"href":"https:\/\/www.welovecycling.com\/hu\/wp-json\/wp\/v2\/users\/71"}],"replies":[{"embeddable":true,"href":"https:\/\/www.welovecycling.com\/hu\/wp-json\/wp\/v2\/comments?post=8519"}],"version-history":[{"count":1,"href":"https:\/\/www.welovecycling.com\/hu\/wp-json\/wp\/v2\/posts\/8519\/revisions"}],"predecessor-version":[{"id":8543,"href":"https:\/\/www.welovecycling.com\/hu\/wp-json\/wp\/v2\/posts\/8519\/revisions\/8543"}],"wp:featuredmedia":[{"embeddable":true,"href":"https:\/\/www.welovecycling.com\/hu\/wp-json\/wp\/v2\/media\/8520"}],"wp:attachment":[{"href":"https:\/\/www.welovecycling.com\/hu\/wp-json\/wp\/v2\/media?parent=8519"}],"wp:term":[{"taxonomy":"category","embeddable":true,"href":"https:\/\/www.welovecycling.com\/hu\/wp-json\/wp\/v2\/categories?post=8519"},{"taxonomy":"post_tag","embeddable":true,"href":"https:\/\/www.welovecycling.com\/hu\/wp-json\/wp\/v2\/tags?post=8519"},{"taxonomy":"global-categories","embeddable":true,"href":"https:\/\/www.welovecycling.com\/hu\/wp-json\/wp\/v2\/global-categories?post=8519"}],"curies":[{"name":"wp","href":"https:\/\/api.w.org\/{rel}","templated":true}]}}