{"id":8501,"date":"2020-09-12T08:00:18","date_gmt":"2020-09-12T07:00:18","guid":{"rendered":"https:\/\/www.welovecycling.com\/hu\/?p=8501"},"modified":"2020-09-09T13:39:57","modified_gmt":"2020-09-09T12:39:57","slug":"korkep-a-tour-de-france-osszes-eddig-nyerteserol-iii-resz-1947-1974","status":"publish","type":"post","link":"https:\/\/www.welovecycling.com\/hu\/orszaguti-kerekpar\/korkep-a-tour-de-france-osszes-eddig-nyerteserol-iii-resz-1947-1974\/","title":{"rendered":"K\u00f6rk\u00e9p a Tour de France \u00f6sszes eddig nyertes\u00e9r\u0151l, III. r\u00e9sz \u2013 1947-1974"},"content":{"rendered":"<p><strong>A Tour t\u00f6rt\u00e9net\u00e9nek legnagyobb alakjai, \u00f6tsz\u00f6r\u00f6s bajnok, \u00e9s rekord m\u00e9ret\u0171 el\u0151ny: a k\u00f6rverseny k\u00f6vetkez\u0151 20 \u00e9ve sem volt kev\u00e9sb\u00e9 izgalmas a kor\u00e1bbiakn\u00e1l.<\/strong><!--more--><\/p>\n<h2><strong>Jean Robic<\/strong><\/h2>\n<figure id=\"attachment_8503\" aria-describedby=\"caption-attachment-8503\" style=\"width: 768px\" class=\"wp-caption aligncenter\"><img loading=\"lazy\" decoding=\"async\" class=\"size-full wp-image-8503\" src=\"https:\/\/d2p6e6u75xmxt8.cloudfront.net\/12\/2020\/09\/cyclist-jean-robic-during-a-stage-of-the-tour-1953-on-july-news-photo-466706463-1560544923.jpg\" alt=\"\" width=\"768\" height=\"519\" srcset=\"https:\/\/d2p6e6u75xmxt8.cloudfront.net\/12\/2020\/09\/cyclist-jean-robic-during-a-stage-of-the-tour-1953-on-july-news-photo-466706463-1560544923.jpg 768w, https:\/\/d2p6e6u75xmxt8.cloudfront.net\/12\/2020\/09\/cyclist-jean-robic-during-a-stage-of-the-tour-1953-on-july-news-photo-466706463-1560544923-300x203.jpg 300w\" sizes=\"auto, (max-width: 768px) 100vw, 768px\" \/><figcaption id=\"caption-attachment-8503\" class=\"wp-caption-text\">Keystone-FranceGetty Images<\/figcaption><\/figure>\n<p><strong>Orsz\u00e1g: <\/strong>Franciaorsz\u00e1g<\/p>\n<p><strong>Csapat: <\/strong>Franciaorsz\u00e1g<\/p>\n<p><strong>A gy\u0151zelem ideje: <\/strong>1947<\/p>\n<p>A j\u00f3 \u00f6reg \u201eLeatherhead\u201d becenevet b\u0151rb\u0151l k\u00e9sz\u00fclt sisakj\u00e1r\u00f3l kapta, amit egy baleset ut\u00e1n kezdett el hordani, mely sor\u00e1n koponyat\u00f6r\u00e9st szenvedett. Robic a Tour utols\u00f3 szakasz\u00e1ban egy mer\u00e9sz t\u00e1mad\u00e1ssal nyerte meg a h\u00e1bor\u00fa ut\u00e1ni els\u0151 versenyt.<\/p>\n<h2><strong>Fausto Coppi<\/strong><\/h2>\n<figure id=\"attachment_8504\" aria-describedby=\"caption-attachment-8504\" style=\"width: 980px\" class=\"wp-caption aligncenter\"><img loading=\"lazy\" decoding=\"async\" class=\"size-full wp-image-8504\" src=\"https:\/\/d2p6e6u75xmxt8.cloudfront.net\/12\/2020\/09\/cyclist-fausto-coppi-leads-jean-robic-in-the-tenth-stage-of-news-photo-639621433-1560545013.jpg\" alt=\"\" width=\"980\" height=\"704\" srcset=\"https:\/\/d2p6e6u75xmxt8.cloudfront.net\/12\/2020\/09\/cyclist-fausto-coppi-leads-jean-robic-in-the-tenth-stage-of-news-photo-639621433-1560545013.jpg 980w, https:\/\/d2p6e6u75xmxt8.cloudfront.net\/12\/2020\/09\/cyclist-fausto-coppi-leads-jean-robic-in-the-tenth-stage-of-news-photo-639621433-1560545013-300x216.jpg 300w, https:\/\/d2p6e6u75xmxt8.cloudfront.net\/12\/2020\/09\/cyclist-fausto-coppi-leads-jean-robic-in-the-tenth-stage-of-news-photo-639621433-1560545013-768x552.jpg 768w\" sizes=\"auto, (max-width: 980px) 100vw, 980px\" \/><figcaption id=\"caption-attachment-8504\" class=\"wp-caption-text\">UniversalGetty Images<\/figcaption><\/figure>\n<p><strong>Orsz\u00e1g: <\/strong>Olaszorsz\u00e1g<\/p>\n<p><strong>Csapat: <\/strong>Olaszorsz\u00e1g<\/p>\n<p><strong>A gy\u0151zelmek ideje: <\/strong>1949, 1952<\/p>\n<p>Az egyre n\u00f6vekv\u0151 verseny ellen\u00e9re az olasz csapat Bartalit \u00e9s Coppit is nevezte az 1949-es versenyre, rem\u00e9lve, hogy egy\u00fcttm\u0171k\u00f6dve elhozz\u00e1k majd az \u00fajabb olasz gy\u0151zelmet. A terv bev\u00e1lt, Coppi megnyerte a Tour-t, Bartali pedig m\u00e1sodik lett. 1952-ben pedig Coppi nemcsak gy\u0151ztes lett, hanem az els\u0151, aki olyan szakaszt nyert meg, ami a hegy tetej\u00e9n v\u00e9gz\u0151d\u00f6tt. A legend\u00e1s Alpe d\u2019Huezr\u0151l van sz\u00f3! \u00c9ppen, ahogy Bartali eset\u00e9n Coppin\u00e1l is csak elk\u00e9pzelni tudjuk mi mindent \u00e9rhetett volna m\u00e9g el, ha nem sz\u00f3l k\u00f6zbe a m\u00e1sodik vil\u00e1gh\u00e1bor\u00fa.<\/p>\n<h2><strong>Ferdinand K\u00fcbler<\/strong><\/h2>\n<figure id=\"attachment_8505\" aria-describedby=\"caption-attachment-8505\" style=\"width: 980px\" class=\"wp-caption aligncenter\"><img loading=\"lazy\" decoding=\"async\" class=\"size-full wp-image-8505\" src=\"https:\/\/d2p6e6u75xmxt8.cloudfront.net\/12\/2020\/09\/swiss-racing-cyclist-ferdinand-kubler-during-the-tour-de-news-photo-74175925-1560545107.jpg\" alt=\"\" width=\"980\" height=\"754\" srcset=\"https:\/\/d2p6e6u75xmxt8.cloudfront.net\/12\/2020\/09\/swiss-racing-cyclist-ferdinand-kubler-during-the-tour-de-news-photo-74175925-1560545107.jpg 980w, https:\/\/d2p6e6u75xmxt8.cloudfront.net\/12\/2020\/09\/swiss-racing-cyclist-ferdinand-kubler-during-the-tour-de-news-photo-74175925-1560545107-300x231.jpg 300w, https:\/\/d2p6e6u75xmxt8.cloudfront.net\/12\/2020\/09\/swiss-racing-cyclist-ferdinand-kubler-during-the-tour-de-news-photo-74175925-1560545107-768x591.jpg 768w\" sizes=\"auto, (max-width: 980px) 100vw, 980px\" \/><figcaption id=\"caption-attachment-8505\" class=\"wp-caption-text\">Roger ViolletGetty Images<\/figcaption><\/figure>\n<p><strong>Orsz\u00e1g: <\/strong>Sv\u00e1jc<\/p>\n<p><strong>Csapat: <\/strong>Sv\u00e1jc<\/p>\n<p><strong>A gy\u0151zelem ideje: <\/strong>1950<\/p>\n<p>Feld\u00fch\u00f6dve azon, ahogy a franci\u00e1k b\u00e1ntak vel\u00fck, Bartali arra b\u00e1tor\u00edtotta az olasz csapatot, hogy az 1950-es versenyen ne vegyenek r\u00e9szt. Ez remek\u00fcl j\u00f6tt K\u00fcbler, a felt\u00f6rekv\u0151 csillag sz\u00e1m\u00e1ra, aki Fiorenzo Magni mellett versenyzett. Az ir\u00e1nta \u00e9rzett tiszteletb\u0151l K\u00fcbler m\u00e1sodik nap nem viselte a s\u00e1rga trik\u00f3t, a k\u00f6vetkez\u0151 nap azonban m\u00e1r igen, s\u0151t innent\u0151l kezdve eg\u00e9sz a Tour v\u00e9g\u00e9ig.<\/p>\n<h2><strong>Hugo Koblet<\/strong><\/h2>\n<figure id=\"attachment_8506\" aria-describedby=\"caption-attachment-8506\" style=\"width: 980px\" class=\"wp-caption aligncenter\"><img loading=\"lazy\" decoding=\"async\" class=\"size-full wp-image-8506\" src=\"https:\/\/d2p6e6u75xmxt8.cloudfront.net\/12\/2020\/09\/swiss-cyclist-hugo-koblet-climbs-izoards-pass-during-the-news-photo-639621481-1560545178.jpg\" alt=\"\" width=\"980\" height=\"715\" srcset=\"https:\/\/d2p6e6u75xmxt8.cloudfront.net\/12\/2020\/09\/swiss-cyclist-hugo-koblet-climbs-izoards-pass-during-the-news-photo-639621481-1560545178.jpg 980w, https:\/\/d2p6e6u75xmxt8.cloudfront.net\/12\/2020\/09\/swiss-cyclist-hugo-koblet-climbs-izoards-pass-during-the-news-photo-639621481-1560545178-300x219.jpg 300w, https:\/\/d2p6e6u75xmxt8.cloudfront.net\/12\/2020\/09\/swiss-cyclist-hugo-koblet-climbs-izoards-pass-during-the-news-photo-639621481-1560545178-768x560.jpg 768w\" sizes=\"auto, (max-width: 980px) 100vw, 980px\" \/><figcaption id=\"caption-attachment-8506\" class=\"wp-caption-text\">UniversalGetty Images<\/figcaption><\/figure>\n<p><strong>Orsz\u00e1g: <\/strong>Sv\u00e1jc<\/p>\n<p><strong>Csapat: <\/strong>Sv\u00e1jc<\/p>\n<p><strong>A gy\u0151zelem ideje: <\/strong>1951<\/p>\n<p>Az elb\u0171v\u00f6l\u0151 ker\u00e9kp\u00e1ros becenevet visel\u0151 Koblet egy f\u00e9s\u0171vel a zseb\u00e9ben versenyzett, s\u0151t, egyszer hegymenet k\u00f6zben haszn\u00e1lta is, hogy elbizonytalan\u00edtsa az ut\u00e1na teker\u0151ket. Az \u201951.es Tour 14. etapj\u00e1n vitte el a s\u00e1rga trik\u00f3t, miut\u00e1n megm\u00e1szta a Tourmalet cs\u00facs\u00e1t, utol\u00e9rte \u00e9s a v\u00e9gs\u0151 sprintben meg is el\u0151zte Coppit.<\/p>\n<h2><strong>Louison Bobet<\/strong><\/h2>\n<figure id=\"attachment_8507\" aria-describedby=\"caption-attachment-8507\" style=\"width: 980px\" class=\"wp-caption aligncenter\"><img loading=\"lazy\" decoding=\"async\" class=\"size-full wp-image-8507\" src=\"https:\/\/d2p6e6u75xmxt8.cloudfront.net\/12\/2020\/09\/cyclist-louison-bobet-is-cheered-by-the-crowd-during-the-news-photo-639621465-1560545242.jpg\" alt=\"\" width=\"980\" height=\"734\" srcset=\"https:\/\/d2p6e6u75xmxt8.cloudfront.net\/12\/2020\/09\/cyclist-louison-bobet-is-cheered-by-the-crowd-during-the-news-photo-639621465-1560545242.jpg 980w, https:\/\/d2p6e6u75xmxt8.cloudfront.net\/12\/2020\/09\/cyclist-louison-bobet-is-cheered-by-the-crowd-during-the-news-photo-639621465-1560545242-300x225.jpg 300w, https:\/\/d2p6e6u75xmxt8.cloudfront.net\/12\/2020\/09\/cyclist-louison-bobet-is-cheered-by-the-crowd-during-the-news-photo-639621465-1560545242-768x575.jpg 768w\" sizes=\"auto, (max-width: 980px) 100vw, 980px\" \/><figcaption id=\"caption-attachment-8507\" class=\"wp-caption-text\">UniversalGetty Images<\/figcaption><\/figure>\n<p><strong>Orsz\u00e1g: <\/strong>Franciaorsz\u00e1g<\/p>\n<p><strong>Csapat: <\/strong>Franciaorsz\u00e1g<\/p>\n<p><strong>A gy\u0151zelmek ideje: <\/strong>1953, 1954, 1955<\/p>\n<p>\u00d6t \u00e9v k\u00fclf\u00f6ldi siker ut\u00e1n, a franci\u00e1k k\u00e9ts\u00e9gbeesetten kerest\u00e9k \u00faj bajnokukat. A probl\u00e9ma a rengeteg csapattag volt: az \u201953-as verseny k\u00f6zben a csapatvezet\u0151nek elege lett a bels\u0151 csat\u00e1kb\u00f3l \u00e9s \u00f6sszeh\u00edvott egy meetinget, ahol megk\u00e9rdezte, ki tudn\u00e1 megnyerni a versenyt. Egyed\u00fcl Bobet emelte fel a kez\u00e9t, de azt is hozz\u00e1tette, hogy csak akkor, ha a csapat t\u00f6bbi tagja t\u00e1mogatja. \u00cdgy is lett, \u00e9s a Tour v\u00e9g\u00e9n \u0151 \u00e1llhatott fel a dobog\u00f3ra.<\/p>\n<h2><strong>Roger Walkowiak<\/strong><\/h2>\n<figure id=\"attachment_8508\" aria-describedby=\"caption-attachment-8508\" style=\"width: 980px\" class=\"wp-caption aligncenter\"><img loading=\"lazy\" decoding=\"async\" class=\"size-full wp-image-8508\" src=\"https:\/\/d2p6e6u75xmxt8.cloudfront.net\/12\/2020\/09\/french-racing-cyclist-roger-walkowiak-winner-of-the-1956-news-photo-74185732-1560545293.jpg\" alt=\"\" width=\"980\" height=\"749\" srcset=\"https:\/\/d2p6e6u75xmxt8.cloudfront.net\/12\/2020\/09\/french-racing-cyclist-roger-walkowiak-winner-of-the-1956-news-photo-74185732-1560545293.jpg 980w, https:\/\/d2p6e6u75xmxt8.cloudfront.net\/12\/2020\/09\/french-racing-cyclist-roger-walkowiak-winner-of-the-1956-news-photo-74185732-1560545293-300x229.jpg 300w, https:\/\/d2p6e6u75xmxt8.cloudfront.net\/12\/2020\/09\/french-racing-cyclist-roger-walkowiak-winner-of-the-1956-news-photo-74185732-1560545293-768x587.jpg 768w\" sizes=\"auto, (max-width: 980px) 100vw, 980px\" \/><figcaption id=\"caption-attachment-8508\" class=\"wp-caption-text\">Roger ViolletGetty Images<\/figcaption><\/figure>\n<p><strong>Orsz\u00e1g: <\/strong>Franciaorsz\u00e1g<\/p>\n<p><strong>Csapat: <\/strong>Franciaorsz\u00e1g<\/p>\n<p><strong>A gy\u0151zelem ideje: <\/strong>1956<\/p>\n<p>Walkowiak folytatta a francia sikersz\u00e9ri\u00e1t, de a n\u00e9z\u0151k sz\u00edv\u00e9be nem siker\u00fclt bejutnia. Nem a francia v\u00e1logatottban, hanem egy region\u00e1lis csapat tagjak\u00e9nt versenyzett. Meglehet\u0151sen k\u00f6vetkezetes taktik\u00e1t folytatott, amiben nem voltak l\u00e1tv\u00e1nyos sprintek, \u00edgy amikor a Tour utols\u00f3 napj\u00e1n P\u00e1rizsba \u00e9rkezett, a t\u00f6meg fanyalogva fogadta. A franci\u00e1k azt szerett\u00e9k volna, ha a nemzeti csapatb\u00f3l gy\u0151z valaki, nem pedig egy ismeretlen. A mai napig fennmaradt a mond\u00e1s, hogy egy versenyz\u0151, \u00fagy nyert, mint Walko (\u00e1 la Walko), \u00e9s ez bizony nem dics\u00e9retk\u00e9nt \u00e9rtend\u0151.<\/p>\n<h2><strong>Jacques Anquetil<\/strong><\/h2>\n<figure id=\"attachment_8509\" aria-describedby=\"caption-attachment-8509\" style=\"width: 980px\" class=\"wp-caption aligncenter\"><img loading=\"lazy\" decoding=\"async\" class=\"size-full wp-image-8509\" src=\"https:\/\/d2p6e6u75xmxt8.cloudfront.net\/12\/2020\/09\/federico-bahamontes-spanish-racing-cyclist-and-jacques-news-photo-56210630-1560545394.jpg\" alt=\"\" width=\"980\" height=\"655\" srcset=\"https:\/\/d2p6e6u75xmxt8.cloudfront.net\/12\/2020\/09\/federico-bahamontes-spanish-racing-cyclist-and-jacques-news-photo-56210630-1560545394.jpg 980w, https:\/\/d2p6e6u75xmxt8.cloudfront.net\/12\/2020\/09\/federico-bahamontes-spanish-racing-cyclist-and-jacques-news-photo-56210630-1560545394-300x201.jpg 300w, https:\/\/d2p6e6u75xmxt8.cloudfront.net\/12\/2020\/09\/federico-bahamontes-spanish-racing-cyclist-and-jacques-news-photo-56210630-1560545394-768x513.jpg 768w, https:\/\/d2p6e6u75xmxt8.cloudfront.net\/12\/2020\/09\/federico-bahamontes-spanish-racing-cyclist-and-jacques-news-photo-56210630-1560545394-272x182.jpg 272w\" sizes=\"auto, (max-width: 980px) 100vw, 980px\" \/><figcaption id=\"caption-attachment-8509\" class=\"wp-caption-text\">Roger Viollet CollectionGetty Images<\/figcaption><\/figure>\n<p><strong>Orsz\u00e1g: <\/strong>Franciaorsz\u00e1g<\/p>\n<p><strong>Csapat: <\/strong>Franciaorsz\u00e1g, Saint-Rapha\u00ebl<\/p>\n<p><strong>A gy\u0151zelmek ideje: <\/strong>1957, 1961, 1962, 1963, 1964<\/p>\n<p>Az els\u0151 indul\u00f3, aki \u00f6t Tour-t is megnyert: Anquetil el\u0151sz\u00f6r az 1957-es versenyen indult. Az utols\u00f3 pillanatban csatlakozott csak a nemzeti csapathoz, ekkor m\u00e9g csak 23 \u00e9ves volt. J\u00f3p\u00e1r \u00e9v eltelt, amire \u00fajb\u00f3l felbukkant a versenyen, azonban els\u0151 gy\u0151zelm\u00e9vel belopta mag\u00e1t a szurkol\u00f3k sz\u00edv\u00e9be. St\u00edlusos, hat\u00e1rozott \u00e9s sokszor kegyetlen versenyz\u0151 volt, a n\u00e9z\u0151k szerett\u00e9k, ellenfelei pedig f\u00e9lt\u00e9k. Az 1961-es versenyen v\u00e9gig vezetett, majd a k\u00f6vetkez\u0151 h\u00e1rom \u00e9vben is megnyerte a s\u00e1rga trik\u00f3t. Hideg volt \u00e9s sz\u00e1m\u00edt\u00f3, de gy\u0151z\u00f6tt!<\/p>\n<h2><strong>Charly Gaul<\/strong><\/h2>\n<figure id=\"attachment_8510\" aria-describedby=\"caption-attachment-8510\" style=\"width: 980px\" class=\"wp-caption aligncenter\"><img loading=\"lazy\" decoding=\"async\" class=\"size-full wp-image-8510\" src=\"https:\/\/d2p6e6u75xmxt8.cloudfront.net\/12\/2020\/09\/cyclist-charly-gaul-from-luxembourg-racing-in-the-1955-tour-news-photo-74185577-1560545472.jpg\" alt=\"\" width=\"980\" height=\"674\" srcset=\"https:\/\/d2p6e6u75xmxt8.cloudfront.net\/12\/2020\/09\/cyclist-charly-gaul-from-luxembourg-racing-in-the-1955-tour-news-photo-74185577-1560545472.jpg 980w, https:\/\/d2p6e6u75xmxt8.cloudfront.net\/12\/2020\/09\/cyclist-charly-gaul-from-luxembourg-racing-in-the-1955-tour-news-photo-74185577-1560545472-300x206.jpg 300w, https:\/\/d2p6e6u75xmxt8.cloudfront.net\/12\/2020\/09\/cyclist-charly-gaul-from-luxembourg-racing-in-the-1955-tour-news-photo-74185577-1560545472-768x528.jpg 768w\" sizes=\"auto, (max-width: 980px) 100vw, 980px\" \/><figcaption id=\"caption-attachment-8510\" class=\"wp-caption-text\">Roger ViolletGetty Images<\/figcaption><\/figure>\n<p><strong>Orsz\u00e1g: <\/strong>Luxemburg<\/p>\n<p><strong>Csapat: <\/strong>Luxemburg<\/p>\n<p><strong>A gy\u0151zelem ideje: <\/strong>1958<\/p>\n<p>Gaul, a t\u00f6rt\u00e9nelem egyik legnagyobb hegym\u00e1sz\u00f3ja a v\u00e1rakoz\u00e1sokkal ellent\u00e9tben, nem hagyta, hogy \u201958-ban \u00fajra a francia csapat nyerjen. Siker\u00e9t nagyr\u00e9szt az utols\u00f3 napokban, az Alpokban ny\u00fajtott teljes\u00edtm\u00e9ny\u00e9nek k\u00f6sz\u00f6nhette. A hideg, es\u0151s id\u0151ben megtett szakaszt t\u00f6bb mint 10 perc el\u0151nnyel nyerte meg: \u00e1ll\u00edt\u00f3lag m\u00e9g \u00e1t\u00f6lt\u00f6zni is volt ideje, miel\u0151tt a m\u00e1sodik helyezett c\u00e9lba \u00e9rt volna.<\/p>\n<h2><strong>Federico Bahamontes<\/strong><\/h2>\n<figure id=\"attachment_8511\" aria-describedby=\"caption-attachment-8511\" style=\"width: 980px\" class=\"wp-caption aligncenter\"><img loading=\"lazy\" decoding=\"async\" class=\"size-full wp-image-8511\" src=\"https:\/\/d2p6e6u75xmxt8.cloudfront.net\/12\/2020\/09\/federico-bahamontes-sportler-radsport-spanien-tour-de-news-photo-541762591-1560545529.jpg\" alt=\"\" width=\"980\" height=\"733\" srcset=\"https:\/\/d2p6e6u75xmxt8.cloudfront.net\/12\/2020\/09\/federico-bahamontes-sportler-radsport-spanien-tour-de-news-photo-541762591-1560545529.jpg 980w, https:\/\/d2p6e6u75xmxt8.cloudfront.net\/12\/2020\/09\/federico-bahamontes-sportler-radsport-spanien-tour-de-news-photo-541762591-1560545529-300x224.jpg 300w, https:\/\/d2p6e6u75xmxt8.cloudfront.net\/12\/2020\/09\/federico-bahamontes-sportler-radsport-spanien-tour-de-news-photo-541762591-1560545529-768x574.jpg 768w\" sizes=\"auto, (max-width: 980px) 100vw, 980px\" \/><figcaption id=\"caption-attachment-8511\" class=\"wp-caption-text\">ullstein bild Dtl.Getty Images<\/figcaption><\/figure>\n<p><strong>Orsz\u00e1g: <\/strong>Spanyolorsz\u00e1g<\/p>\n<p><strong>Csapat: <\/strong>Spanyolorsz\u00e1g<\/p>\n<p><strong>A gy\u0151zelem ideje: <\/strong>1959<\/p>\n<p>Eltartott egy darabig, de v\u00e9g\u00fcl egy spanyol versenyz\u0151 is fel\u00e1llhatott a dobog\u00f3ra: egy tehets\u00e9ges bring\u00e1s, aki eddigi karrierje sor\u00e1n arra koncentr\u00e1lt, hogy megnyerje a Hegyek Kir\u00e1lya c\u00edmet. 1959-ben viszont \u00fagy d\u00f6nt\u00f6tt, megvan benne az, ami a Tour-hoz kell. Persze a francia csapat bels\u0151 visz\u00e1lyai is szerepet j\u00e1tszottak abba, hogy v\u00e9g\u00fcl megnyerte a versenyt.<\/p>\n<h2><strong>Gastone Nencini<\/strong><\/h2>\n<figure id=\"attachment_8512\" aria-describedby=\"caption-attachment-8512\" style=\"width: 980px\" class=\"wp-caption aligncenter\"><img loading=\"lazy\" decoding=\"async\" class=\"size-full wp-image-8512\" src=\"https:\/\/d2p6e6u75xmxt8.cloudfront.net\/12\/2020\/09\/italian-racing-cyclist-gastone-nencini-at-the-parc-des-news-photo-74175802-1560545589.jpg\" alt=\"\" width=\"980\" height=\"683\" srcset=\"https:\/\/d2p6e6u75xmxt8.cloudfront.net\/12\/2020\/09\/italian-racing-cyclist-gastone-nencini-at-the-parc-des-news-photo-74175802-1560545589.jpg 980w, https:\/\/d2p6e6u75xmxt8.cloudfront.net\/12\/2020\/09\/italian-racing-cyclist-gastone-nencini-at-the-parc-des-news-photo-74175802-1560545589-300x209.jpg 300w, https:\/\/d2p6e6u75xmxt8.cloudfront.net\/12\/2020\/09\/italian-racing-cyclist-gastone-nencini-at-the-parc-des-news-photo-74175802-1560545589-768x535.jpg 768w\" sizes=\"auto, (max-width: 980px) 100vw, 980px\" \/><figcaption id=\"caption-attachment-8512\" class=\"wp-caption-text\">Roger ViolletGetty Images<\/figcaption><\/figure>\n<p><strong>Orsz\u00e1g: <\/strong>Olaszorsz\u00e1g<\/p>\n<p><strong>Csapat: <\/strong>Olaszorsz\u00e1g<\/p>\n<p><strong>A gy\u0151zelem ideje: <\/strong>1960<\/p>\n<p>Nencini mind\u00f6ssze 28 m\u00e1sodperccel maradt el Anquetil m\u00f6g\u00f6tt a Giro-n, visszat\u00e9rt, hogy a Tour-on arasson gy\u0151zelmet, ahol vet\u00e9lyt\u00e1rsa ebben az \u00e9vben nem indult. A 10. \u00e9s 11. szakaszon megk\u00fczd\u00f6tt az els\u0151 hely\u00e9rt, ezut\u00e1n pedig m\u00e1r k\u00f6nnyen megtartotta.<\/p>\n<h2><strong>Felice Gimondi<\/strong><\/h2>\n<figure id=\"attachment_8513\" aria-describedby=\"caption-attachment-8513\" style=\"width: 980px\" class=\"wp-caption aligncenter\"><img loading=\"lazy\" decoding=\"async\" class=\"size-full wp-image-8513\" src=\"https:\/\/d2p6e6u75xmxt8.cloudfront.net\/12\/2020\/09\/portrait-de-felice-gimondi-en-france-le-11-mars-1969-news-photo-982407628-1560545656.jpg\" alt=\"\" width=\"980\" height=\"641\" srcset=\"https:\/\/d2p6e6u75xmxt8.cloudfront.net\/12\/2020\/09\/portrait-de-felice-gimondi-en-france-le-11-mars-1969-news-photo-982407628-1560545656.jpg 980w, https:\/\/d2p6e6u75xmxt8.cloudfront.net\/12\/2020\/09\/portrait-de-felice-gimondi-en-france-le-11-mars-1969-news-photo-982407628-1560545656-300x196.jpg 300w, https:\/\/d2p6e6u75xmxt8.cloudfront.net\/12\/2020\/09\/portrait-de-felice-gimondi-en-france-le-11-mars-1969-news-photo-982407628-1560545656-768x502.jpg 768w\" sizes=\"auto, (max-width: 980px) 100vw, 980px\" \/><figcaption id=\"caption-attachment-8513\" class=\"wp-caption-text\">Keystone-FranceGetty Images<\/figcaption><\/figure>\n<p><strong>Orsz\u00e1g: <\/strong>Olaszorsz\u00e1g<\/p>\n<p><strong>Csapat: <\/strong>Salvarani<\/p>\n<p><strong>A gy\u0151zelem ideje: <\/strong>1965<\/p>\n<p>Anquetil 1965-ben ism\u00e9t kihagyta a versenyt, att\u00f3l tartva, hogy a hatodik gy\u0151zelem elbuk\u00e1sa k\u00e1ros\u00edthatja j\u00f6v\u0151beli anyagi lehet\u0151s\u00e9geit. Ez megnyitotta az ajt\u00f3t Gimondi, a 22 \u00e9ves ker\u00e9kp\u00e1ros sz\u00e1m\u00e1ra, aki az utols\u00f3 pillanatban csatalkozott az olasz csapathoz, miut\u00e1n t\u00f6bb tagja is megbetegedett. Gimondi deb\u00fct\u00e1l\u00e1sa h\u00e1rom szakasz ut\u00e1n \u00e1lland\u00f3 gy\u0151zelmek sor\u00e1v\u00e1 alakult, majd a s\u00e1rga trik\u00f3t is \u0151 vihette haza.<\/p>\n<h2><strong>Lucien Aimar<\/strong><\/h2>\n<figure id=\"attachment_8514\" aria-describedby=\"caption-attachment-8514\" style=\"width: 980px\" class=\"wp-caption aligncenter\"><img loading=\"lazy\" decoding=\"async\" class=\"size-full wp-image-8514\" src=\"https:\/\/d2p6e6u75xmxt8.cloudfront.net\/12\/2020\/09\/lucien-aimar-french-racing-cyclist-winner-of-the-tour-de-news-photo-74166017-1560545714.jpg\" alt=\"\" width=\"980\" height=\"656\" srcset=\"https:\/\/d2p6e6u75xmxt8.cloudfront.net\/12\/2020\/09\/lucien-aimar-french-racing-cyclist-winner-of-the-tour-de-news-photo-74166017-1560545714.jpg 980w, https:\/\/d2p6e6u75xmxt8.cloudfront.net\/12\/2020\/09\/lucien-aimar-french-racing-cyclist-winner-of-the-tour-de-news-photo-74166017-1560545714-300x201.jpg 300w, https:\/\/d2p6e6u75xmxt8.cloudfront.net\/12\/2020\/09\/lucien-aimar-french-racing-cyclist-winner-of-the-tour-de-news-photo-74166017-1560545714-768x514.jpg 768w, https:\/\/d2p6e6u75xmxt8.cloudfront.net\/12\/2020\/09\/lucien-aimar-french-racing-cyclist-winner-of-the-tour-de-news-photo-74166017-1560545714-272x182.jpg 272w\" sizes=\"auto, (max-width: 980px) 100vw, 980px\" \/><figcaption id=\"caption-attachment-8514\" class=\"wp-caption-text\">Roger ViolletGetty Images<\/figcaption><\/figure>\n<p><strong>Orsz\u00e1g: <\/strong>Franciaorsz\u00e1g<\/p>\n<p><strong>Csapat: <\/strong>Ford France\u2013Hutchinson<\/p>\n<p><strong>A gy\u0151zelem ideje: <\/strong>1966<\/p>\n<p>Anquetil 1966-ban visszat\u00e9rt a Tour-ra, de \u00fagy t\u0171nt, jobban \u00e9rdekli, hogy riv\u00e1lisa, Raymond Poulidor gy\u0151zelm\u00e9t megakad\u00e1lyozza, mint b\u00e1rmi m\u00e1s. Ennek eredm\u00e9nyek\u00e9nt Anquetil csapatt\u00e1rsa, Aimar kihaszn\u00e1lta \u00e9s karrierje messze legnagyobb gy\u0151zelm\u00e9t szerezte. Hihetetlen t\u00e1mad\u00e1ssal szerezte meg el\u0151ny\u00e9t a 17. szakasz v\u00e9ge fel\u00e9, k\u00e9t percet verve Poulidorra, aki nem tudta k\u00f6vetni.<\/p>\n<h2><strong>Roger Pingeon<\/strong><\/h2>\n<figure id=\"attachment_8515\" aria-describedby=\"caption-attachment-8515\" style=\"width: 980px\" class=\"wp-caption aligncenter\"><img loading=\"lazy\" decoding=\"async\" class=\"size-full wp-image-8515\" src=\"https:\/\/d2p6e6u75xmxt8.cloudfront.net\/12\/2020\/09\/french-cyclist-roger-pingeon-racing-in-the-tour-de-france-news-photo-74175930-1560545775.jpg\" alt=\"\" width=\"980\" height=\"655\" srcset=\"https:\/\/d2p6e6u75xmxt8.cloudfront.net\/12\/2020\/09\/french-cyclist-roger-pingeon-racing-in-the-tour-de-france-news-photo-74175930-1560545775.jpg 980w, https:\/\/d2p6e6u75xmxt8.cloudfront.net\/12\/2020\/09\/french-cyclist-roger-pingeon-racing-in-the-tour-de-france-news-photo-74175930-1560545775-300x201.jpg 300w, https:\/\/d2p6e6u75xmxt8.cloudfront.net\/12\/2020\/09\/french-cyclist-roger-pingeon-racing-in-the-tour-de-france-news-photo-74175930-1560545775-768x513.jpg 768w, https:\/\/d2p6e6u75xmxt8.cloudfront.net\/12\/2020\/09\/french-cyclist-roger-pingeon-racing-in-the-tour-de-france-news-photo-74175930-1560545775-272x182.jpg 272w\" sizes=\"auto, (max-width: 980px) 100vw, 980px\" \/><figcaption id=\"caption-attachment-8515\" class=\"wp-caption-text\">Roger ViolletGetty Images<\/figcaption><\/figure>\n<p><strong>Orsz\u00e1g: <\/strong>Franciaorsz\u00e1g<\/p>\n<p><strong>Csapat: <\/strong>Franciaorsz\u00e1g<\/p>\n<p><strong>A gy\u0151zelem ideje: <\/strong>1967<\/p>\n<p>A doppingellenes kezdem\u00e9nyez\u00e9sekre v\u00e1laszk\u00e9nt adott versenyz\u0151i sztr\u00e1jkok ut\u00e1n a Tour 1967-ben \u00e9s 1968-ban visszat\u00e9rt a nemzeti csapatokhoz. Pingeont, aki k\u00e9tszer jelentette be visszavonul\u00e1s\u00e1t, miel\u0151tt a verseny mellett d\u00f6nt\u00f6tt volna, Poulidor \u00e9s Aimar mellett a francia csapat t\u00e1rseln\u00f6k\u00e9v\u00e9 nevezt\u00e9k ki. De gy\u0151zelm\u00e9t be\u00e1rny\u00e9kolta a nagy-britanniai Tom Simpson hal\u00e1la, aki a Mont Ventoux lejt\u0151in \u00f6sszeesett \u00e9s m\u00e9g aznap elhunyt.<\/p>\n<h2><strong>Jan Janssen<\/strong><\/h2>\n<figure id=\"attachment_8516\" aria-describedby=\"caption-attachment-8516\" style=\"width: 980px\" class=\"wp-caption aligncenter\"><img loading=\"lazy\" decoding=\"async\" class=\"size-full wp-image-8516\" src=\"https:\/\/d2p6e6u75xmxt8.cloudfront.net\/12\/2020\/09\/dutch-racing-cyclist-jan-janssen-drinking-water-at-the-parc-news-photo-74175795-1560545858.jpg\" alt=\"\" width=\"980\" height=\"655\" srcset=\"https:\/\/d2p6e6u75xmxt8.cloudfront.net\/12\/2020\/09\/dutch-racing-cyclist-jan-janssen-drinking-water-at-the-parc-news-photo-74175795-1560545858.jpg 980w, https:\/\/d2p6e6u75xmxt8.cloudfront.net\/12\/2020\/09\/dutch-racing-cyclist-jan-janssen-drinking-water-at-the-parc-news-photo-74175795-1560545858-300x201.jpg 300w, https:\/\/d2p6e6u75xmxt8.cloudfront.net\/12\/2020\/09\/dutch-racing-cyclist-jan-janssen-drinking-water-at-the-parc-news-photo-74175795-1560545858-768x513.jpg 768w, https:\/\/d2p6e6u75xmxt8.cloudfront.net\/12\/2020\/09\/dutch-racing-cyclist-jan-janssen-drinking-water-at-the-parc-news-photo-74175795-1560545858-272x182.jpg 272w\" sizes=\"auto, (max-width: 980px) 100vw, 980px\" \/><figcaption id=\"caption-attachment-8516\" class=\"wp-caption-text\">Roger ViolletGetty Images<\/figcaption><\/figure>\n<p><strong>Orsz\u00e1g: <\/strong>Hollandia<\/p>\n<p><strong>Csapat: <\/strong>Hollandia<\/p>\n<p><strong>A gy\u0151zelem ideje: <\/strong>1968<\/p>\n<p>Miut\u00e1n 1966-ban \u00e9ppen lecs\u00faszott a gy\u0151zelemr\u0151l, Janssen k\u00e9t \u00e9vvel k\u00e9s\u0151bb dr\u00e1mai m\u00f3don megszerezte az els\u0151 holland gy\u0151zelmet az utols\u00f3, id\u0151m\u00e9r\u0151 szakaszon. T\u00f6bb versenyz\u0151 is es\u00e9lyes volt, de Janssen volt az, aki a harmadik helyr\u0151l a nap v\u00e9g\u00e9re az els\u0151re l\u00e9phetett.<\/p>\n<h2><strong>Eddy Merckx<\/strong><\/h2>\n<figure id=\"attachment_8502\" aria-describedby=\"caption-attachment-8502\" style=\"width: 980px\" class=\"wp-caption aligncenter\"><img loading=\"lazy\" decoding=\"async\" class=\"size-full wp-image-8502\" src=\"https:\/\/d2p6e6u75xmxt8.cloudfront.net\/12\/2020\/09\/le-coureur-belge-eddy-merckx-fournit-son-effort-le-05-news-photo-1131976301-1560545956.jpg\" alt=\"\" width=\"980\" height=\"688\" srcset=\"https:\/\/d2p6e6u75xmxt8.cloudfront.net\/12\/2020\/09\/le-coureur-belge-eddy-merckx-fournit-son-effort-le-05-news-photo-1131976301-1560545956.jpg 980w, https:\/\/d2p6e6u75xmxt8.cloudfront.net\/12\/2020\/09\/le-coureur-belge-eddy-merckx-fournit-son-effort-le-05-news-photo-1131976301-1560545956-300x211.jpg 300w, https:\/\/d2p6e6u75xmxt8.cloudfront.net\/12\/2020\/09\/le-coureur-belge-eddy-merckx-fournit-son-effort-le-05-news-photo-1131976301-1560545956-768x539.jpg 768w\" sizes=\"auto, (max-width: 980px) 100vw, 980px\" \/><figcaption id=\"caption-attachment-8502\" class=\"wp-caption-text\">-Getty Images<\/figcaption><\/figure>\n<p><strong>Orsz\u00e1g: <\/strong>Belgium<\/p>\n<p><strong>Csapat: <\/strong>Faema, Molteni<\/p>\n<p><strong>A gy\u0151zelmek ideje: <\/strong>1969, 1970, 1971, 1972, 1974<\/p>\n<p>Egyszer\u0171en fogalmazva: Merckx a legnagyobb ker\u00e9kp\u00e1ros, akit valaha l\u00e1tott a vil\u00e1g. A belga 1969-ben nyerte meg az els\u0151 Tour-t az \u00f6t k\u00f6z\u00fcl (az abban az \u00e9vben el\u00e9rt 43 gy\u0151zelme k\u00f6z\u00fcl ez csak az egyik volt). Miut\u00e1n &#8211; v\u00e9lem\u00e9nye szerint igazs\u00e1gtalanul &#8211; kir\u00fagt\u00e1k a Giro-r\u00f3l egy sikertelen drogteszt miatt az els\u0151 helyr\u0151l, chippel a v\u00e1ll\u00e1n \u00e9rkezett els\u0151 Tour-j\u00e1ra. Az \u00f6sszes\u00edt\u00e9st t\u00f6bb mint 17 perccel nyerte meg, 1952 \u00f3ta ez volt a legnagyobb k\u00fcl\u00f6nbs\u00e9g az els\u0151 \u00e9s m\u00e1sodik hely k\u00f6z\u00f6tt! Ezut\u00e1n m\u00e9g n\u00e9gyszer gy\u0151z\u00f6tt a versenyen, ezzel rekordot d\u00f6nt\u00f6tt a Tour t\u00f6rt\u00e9net\u00e9ben. Ami 1973-at illeti, Merckxet ekkor sem gy\u0151zt\u00e9k le; egyszer\u0171en \u00fagy d\u00f6nt\u00f6tt, hogy nem \u00e1ll rajthoz, miut\u00e1n megnyerte a P\u00e1rizs-Roubaix, a Liege-Bastogne-Liege, a Vuelta a Espa\u00f1a, \u00e9s a Giro d\u2019Italia versenyeket is.<\/p>\n<h2><strong>Luis Oca\u00f1a<\/strong><\/h2>\n<figure id=\"attachment_8517\" aria-describedby=\"caption-attachment-8517\" style=\"width: 980px\" class=\"wp-caption aligncenter\"><img loading=\"lazy\" decoding=\"async\" class=\"size-full wp-image-8517\" src=\"https:\/\/d2p6e6u75xmxt8.cloudfront.net\/12\/2020\/09\/le-cycliste-espagnol-luis-ocana-chasse-derriere-le-francais-news-photo-871938268-1560546084.jpg\" alt=\"\" width=\"980\" height=\"554\" srcset=\"https:\/\/d2p6e6u75xmxt8.cloudfront.net\/12\/2020\/09\/le-cycliste-espagnol-luis-ocana-chasse-derriere-le-francais-news-photo-871938268-1560546084.jpg 980w, https:\/\/d2p6e6u75xmxt8.cloudfront.net\/12\/2020\/09\/le-cycliste-espagnol-luis-ocana-chasse-derriere-le-francais-news-photo-871938268-1560546084-300x170.jpg 300w, https:\/\/d2p6e6u75xmxt8.cloudfront.net\/12\/2020\/09\/le-cycliste-espagnol-luis-ocana-chasse-derriere-le-francais-news-photo-871938268-1560546084-768x434.jpg 768w\" sizes=\"auto, (max-width: 980px) 100vw, 980px\" \/><figcaption id=\"caption-attachment-8517\" class=\"wp-caption-text\">AFP ContributorGetty Images<\/figcaption><\/figure>\n<p><strong>Orsz\u00e1g: <\/strong>Spanyolorsz\u00e1g<\/p>\n<p><strong>Csapat: <\/strong>Bic<\/p>\n<p><strong>A gy\u0151zelem ideje: <\/strong>1973<\/p>\n<p>Oca\u00f1a volt az egyetlen olyan versenyz\u0151, aki k\u00e9pes volt felvenni a harcot Merckx-szel. Az 1971-es versenyen csaknem h\u00e9t perccel vezetett, miel\u0151tt kiesett a 14. szakaszon. Amikor 1973-ban Merckx nem indult, Oca\u00f1a uralta a versenyt, hat szakaszt nyert meg. K\u00e1r, hogy a Merckx \u00fagy d\u00f6nt\u00f6tt, hogy nem \u00e1ll rajthoz, nagyon izgalmas p\u00e1rharcot l\u00e1thattunk volna.<\/p>\n","protected":false},"excerpt":{"rendered":"<p>A Tour t\u00f6rt\u00e9net\u00e9nek legnagyobb alakjai, \u00f6tsz\u00f6r\u00f6s bajnok, \u00e9s rekord m\u00e9ret\u0171 el\u0151ny: a k\u00f6rverseny k\u00f6vetkez\u0151 20 \u00e9ve sem volt kev\u00e9sb\u00e9 izgalmas [&hellip;]<\/p>\n","protected":false},"author":71,"featured_media":8502,"comment_status":"open","ping_status":"open","sticky":false,"template":"","format":"standard","meta":{"footnotes":""},"categories":[8],"tags":[],"global-categories":[],"class_list":["post-8501","post","type-post","status-publish","format-standard","has-post-thumbnail","hentry","category-orszaguti-kerekpar"],"yoast_head":"<!-- This site is optimized with the Yoast SEO Premium plugin v25.3 (Yoast SEO v25.9) - https:\/\/yoast.com\/wordpress\/plugins\/seo\/ -->\n<title>K\u00f6rk\u00e9p a Tour de France \u00f6sszes eddig nyertes\u00e9r\u0151l, III. r\u00e9sz \u2013 1947-1974 - \u0160koda We Love Cycling - Magyarorsz\u00e1g<\/title>\n<meta name=\"description\" content=\"A Tour t\u00f6rt\u00e9net\u00e9nek legnagyobb alakjai, \u00f6tsz\u00f6r\u00f6s bajnok, \u00e9s rekord m\u00e9ret\u0171 el\u0151ny: a k\u00f6rverseny k\u00f6vetkez\u0151 20 \u00e9ve sem volt kev\u00e9sb\u00e9 izgalmas a kor\u00e1bbiakn\u00e1l.\" \/>\n<meta name=\"robots\" content=\"index, follow, max-snippet:-1, max-image-preview:large, max-video-preview:-1\" \/>\n<link rel=\"canonical\" href=\"https:\/\/www.welovecycling.com\/hu\/orszaguti-kerekpar\/korkep-a-tour-de-france-osszes-eddig-nyerteserol-iii-resz-1947-1974\/\" \/>\n<meta property=\"og:locale\" content=\"hu_HU\" \/>\n<meta property=\"og:type\" content=\"article\" \/>\n<meta property=\"og:title\" content=\"K\u00f6rk\u00e9p a Tour de France \u00f6sszes eddig nyertes\u00e9r\u0151l, III. r\u00e9sz \u2013 1947-1974\" \/>\n<meta property=\"og:description\" content=\"A Tour t\u00f6rt\u00e9net\u00e9nek legnagyobb alakjai, \u00f6tsz\u00f6r\u00f6s bajnok, \u00e9s rekord m\u00e9ret\u0171 el\u0151ny: a k\u00f6rverseny k\u00f6vetkez\u0151 20 \u00e9ve sem volt kev\u00e9sb\u00e9 izgalmas a kor\u00e1bbiakn\u00e1l.\" \/>\n<meta property=\"og:url\" content=\"https:\/\/www.welovecycling.com\/hu\/orszaguti-kerekpar\/korkep-a-tour-de-france-osszes-eddig-nyerteserol-iii-resz-1947-1974\/\" \/>\n<meta property=\"og:site_name\" content=\"\u0160koda We Love Cycling - Magyarorsz\u00e1g\" \/>\n<meta property=\"article:publisher\" content=\"https:\/\/www.facebook.com\/WeLoveCyclingHungary\/\" \/>\n<meta property=\"article:published_time\" content=\"2020-09-12T07:00:18+00:00\" \/>\n<meta property=\"og:image\" content=\"https:\/\/d2p6e6u75xmxt8.cloudfront.net\/12\/2020\/09\/le-coureur-belge-eddy-merckx-fournit-son-effort-le-05-news-photo-1131976301-1560545956.jpg\" \/>\n\t<meta property=\"og:image:width\" content=\"980\" \/>\n\t<meta property=\"og:image:height\" content=\"688\" \/>\n\t<meta property=\"og:image:type\" content=\"image\/jpeg\" \/>\n<meta name=\"author\" content=\"hegyizs\" \/>\n<meta name=\"twitter:card\" content=\"summary_large_image\" \/>\n<meta name=\"twitter:label1\" content=\"Written by\" \/>\n\t<meta name=\"twitter:data1\" content=\"WLC\" \/>\n\t<meta name=\"twitter:label2\" content=\"Est. reading time\" \/>\n\t<meta name=\"twitter:data2\" content=\"9 minutes\" \/>\n<script type=\"application\/ld+json\" class=\"yoast-schema-graph\">{\"@context\":\"https:\/\/schema.org\",\"@graph\":[{\"@type\":\"WebPage\",\"@id\":\"https:\/\/www.welovecycling.com\/hu\/orszaguti-kerekpar\/korkep-a-tour-de-france-osszes-eddig-nyerteserol-iii-resz-1947-1974\/\",\"url\":\"https:\/\/www.welovecycling.com\/hu\/orszaguti-kerekpar\/korkep-a-tour-de-france-osszes-eddig-nyerteserol-iii-resz-1947-1974\/\",\"name\":\"K\u00f6rk\u00e9p a Tour de France \u00f6sszes eddig nyertes\u00e9r\u0151l, III. r\u00e9sz \u2013 1947-1974 - \u0160koda We Love Cycling - Magyarorsz\u00e1g\",\"isPartOf\":{\"@id\":\"https:\/\/www.welovecycling.com\/hu\/#website\"},\"primaryImageOfPage\":{\"@id\":\"https:\/\/www.welovecycling.com\/hu\/orszaguti-kerekpar\/korkep-a-tour-de-france-osszes-eddig-nyerteserol-iii-resz-1947-1974\/#primaryimage\"},\"image\":{\"@id\":\"https:\/\/www.welovecycling.com\/hu\/orszaguti-kerekpar\/korkep-a-tour-de-france-osszes-eddig-nyerteserol-iii-resz-1947-1974\/#primaryimage\"},\"thumbnailUrl\":\"https:\/\/d2p6e6u75xmxt8.cloudfront.net\/12\/2020\/09\/le-coureur-belge-eddy-merckx-fournit-son-effort-le-05-news-photo-1131976301-1560545956.jpg\",\"datePublished\":\"2020-09-12T07:00:18+00:00\",\"author\":{\"@id\":\"https:\/\/www.welovecycling.com\/hu\/#\/schema\/person\/414a2aebf1801691a5320edb6468e194\"},\"description\":\"A Tour t\u00f6rt\u00e9net\u00e9nek legnagyobb alakjai, \u00f6tsz\u00f6r\u00f6s bajnok, \u00e9s rekord m\u00e9ret\u0171 el\u0151ny: a k\u00f6rverseny k\u00f6vetkez\u0151 20 \u00e9ve sem volt kev\u00e9sb\u00e9 izgalmas a kor\u00e1bbiakn\u00e1l.\",\"breadcrumb\":{\"@id\":\"https:\/\/www.welovecycling.com\/hu\/orszaguti-kerekpar\/korkep-a-tour-de-france-osszes-eddig-nyerteserol-iii-resz-1947-1974\/#breadcrumb\"},\"inLanguage\":\"hu\",\"potentialAction\":[{\"@type\":\"ReadAction\",\"target\":[\"https:\/\/www.welovecycling.com\/hu\/orszaguti-kerekpar\/korkep-a-tour-de-france-osszes-eddig-nyerteserol-iii-resz-1947-1974\/\"]}]},{\"@type\":\"ImageObject\",\"inLanguage\":\"hu\",\"@id\":\"https:\/\/www.welovecycling.com\/hu\/orszaguti-kerekpar\/korkep-a-tour-de-france-osszes-eddig-nyerteserol-iii-resz-1947-1974\/#primaryimage\",\"url\":\"https:\/\/d2p6e6u75xmxt8.cloudfront.net\/12\/2020\/09\/le-coureur-belge-eddy-merckx-fournit-son-effort-le-05-news-photo-1131976301-1560545956.jpg\",\"contentUrl\":\"https:\/\/d2p6e6u75xmxt8.cloudfront.net\/12\/2020\/09\/le-coureur-belge-eddy-merckx-fournit-son-effort-le-05-news-photo-1131976301-1560545956.jpg\",\"width\":980,\"height\":688,\"caption\":\"-Getty Images\"},{\"@type\":\"BreadcrumbList\",\"@id\":\"https:\/\/www.welovecycling.com\/hu\/orszaguti-kerekpar\/korkep-a-tour-de-france-osszes-eddig-nyerteserol-iii-resz-1947-1974\/#breadcrumb\",\"itemListElement\":[{\"@type\":\"ListItem\",\"position\":1,\"name\":\"Home\",\"item\":\"https:\/\/www.welovecycling.com\/hu\/\"},{\"@type\":\"ListItem\",\"position\":2,\"name\":\"K\u00f6rk\u00e9p a Tour de France \u00f6sszes eddig nyertes\u00e9r\u0151l, III. r\u00e9sz \u2013 1947-1974\"}]},{\"@type\":\"WebSite\",\"@id\":\"https:\/\/www.welovecycling.com\/hu\/#website\",\"url\":\"https:\/\/www.welovecycling.com\/hu\/\",\"name\":\"\u0160koda We Love Cycling - Magyarorsz\u00e1g\",\"description\":\"\u0160koda WeLoveCycling\",\"potentialAction\":[{\"@type\":\"SearchAction\",\"target\":{\"@type\":\"EntryPoint\",\"urlTemplate\":\"https:\/\/www.welovecycling.com\/hu\/?s={search_term_string}\"},\"query-input\":{\"@type\":\"PropertyValueSpecification\",\"valueRequired\":true,\"valueName\":\"search_term_string\"}}],\"inLanguage\":\"hu\"},{\"@type\":\"Person\",\"@id\":\"https:\/\/www.welovecycling.com\/hu\/#\/schema\/person\/414a2aebf1801691a5320edb6468e194\",\"name\":\"hegyizs\",\"image\":{\"@type\":\"ImageObject\",\"inLanguage\":\"hu\",\"@id\":\"https:\/\/www.welovecycling.com\/hu\/#\/schema\/person\/image\/\",\"url\":\"https:\/\/secure.gravatar.com\/avatar\/02cf8a7906b8cf90cecb4679defac7cfd33a1c2e3b88e4903d947f3bb58eedd3?s=96&d=mm&r=g\",\"contentUrl\":\"https:\/\/secure.gravatar.com\/avatar\/02cf8a7906b8cf90cecb4679defac7cfd33a1c2e3b88e4903d947f3bb58eedd3?s=96&d=mm&r=g\",\"caption\":\"hegyizs\"},\"url\":\"https:\/\/www.welovecycling.com\/hu\/author\/hegyizs\/\"}]}<\/script>\n<!-- \/ Yoast SEO Premium plugin. -->","yoast_head_json":{"title":"K\u00f6rk\u00e9p a Tour de France \u00f6sszes eddig nyertes\u00e9r\u0151l, III. r\u00e9sz \u2013 1947-1974 - \u0160koda We Love Cycling - Magyarorsz\u00e1g","description":"A Tour t\u00f6rt\u00e9net\u00e9nek legnagyobb alakjai, \u00f6tsz\u00f6r\u00f6s bajnok, \u00e9s rekord m\u00e9ret\u0171 el\u0151ny: a k\u00f6rverseny k\u00f6vetkez\u0151 20 \u00e9ve sem volt kev\u00e9sb\u00e9 izgalmas a kor\u00e1bbiakn\u00e1l.","robots":{"index":"index","follow":"follow","max-snippet":"max-snippet:-1","max-image-preview":"max-image-preview:large","max-video-preview":"max-video-preview:-1"},"canonical":"https:\/\/www.welovecycling.com\/hu\/orszaguti-kerekpar\/korkep-a-tour-de-france-osszes-eddig-nyerteserol-iii-resz-1947-1974\/","og_locale":"hu_HU","og_type":"article","og_title":"K\u00f6rk\u00e9p a Tour de France \u00f6sszes eddig nyertes\u00e9r\u0151l, III. r\u00e9sz \u2013 1947-1974","og_description":"A Tour t\u00f6rt\u00e9net\u00e9nek legnagyobb alakjai, \u00f6tsz\u00f6r\u00f6s bajnok, \u00e9s rekord m\u00e9ret\u0171 el\u0151ny: a k\u00f6rverseny k\u00f6vetkez\u0151 20 \u00e9ve sem volt kev\u00e9sb\u00e9 izgalmas a kor\u00e1bbiakn\u00e1l.","og_url":"https:\/\/www.welovecycling.com\/hu\/orszaguti-kerekpar\/korkep-a-tour-de-france-osszes-eddig-nyerteserol-iii-resz-1947-1974\/","og_site_name":"\u0160koda We Love Cycling - Magyarorsz\u00e1g","article_publisher":"https:\/\/www.facebook.com\/WeLoveCyclingHungary\/","article_published_time":"2020-09-12T07:00:18+00:00","og_image":[{"width":980,"height":688,"url":"https:\/\/d2p6e6u75xmxt8.cloudfront.net\/12\/2020\/09\/le-coureur-belge-eddy-merckx-fournit-son-effort-le-05-news-photo-1131976301-1560545956.jpg","type":"image\/jpeg"}],"author":"hegyizs","twitter_card":"summary_large_image","twitter_misc":{"Written by":"WLC","Est. reading time":"9 minutes"},"schema":{"@context":"https:\/\/schema.org","@graph":[{"@type":"WebPage","@id":"https:\/\/www.welovecycling.com\/hu\/orszaguti-kerekpar\/korkep-a-tour-de-france-osszes-eddig-nyerteserol-iii-resz-1947-1974\/","url":"https:\/\/www.welovecycling.com\/hu\/orszaguti-kerekpar\/korkep-a-tour-de-france-osszes-eddig-nyerteserol-iii-resz-1947-1974\/","name":"K\u00f6rk\u00e9p a Tour de France \u00f6sszes eddig nyertes\u00e9r\u0151l, III. r\u00e9sz \u2013 1947-1974 - \u0160koda We Love Cycling - Magyarorsz\u00e1g","isPartOf":{"@id":"https:\/\/www.welovecycling.com\/hu\/#website"},"primaryImageOfPage":{"@id":"https:\/\/www.welovecycling.com\/hu\/orszaguti-kerekpar\/korkep-a-tour-de-france-osszes-eddig-nyerteserol-iii-resz-1947-1974\/#primaryimage"},"image":{"@id":"https:\/\/www.welovecycling.com\/hu\/orszaguti-kerekpar\/korkep-a-tour-de-france-osszes-eddig-nyerteserol-iii-resz-1947-1974\/#primaryimage"},"thumbnailUrl":"https:\/\/d2p6e6u75xmxt8.cloudfront.net\/12\/2020\/09\/le-coureur-belge-eddy-merckx-fournit-son-effort-le-05-news-photo-1131976301-1560545956.jpg","datePublished":"2020-09-12T07:00:18+00:00","author":{"@id":"https:\/\/www.welovecycling.com\/hu\/#\/schema\/person\/414a2aebf1801691a5320edb6468e194"},"description":"A Tour t\u00f6rt\u00e9net\u00e9nek legnagyobb alakjai, \u00f6tsz\u00f6r\u00f6s bajnok, \u00e9s rekord m\u00e9ret\u0171 el\u0151ny: a k\u00f6rverseny k\u00f6vetkez\u0151 20 \u00e9ve sem volt kev\u00e9sb\u00e9 izgalmas a kor\u00e1bbiakn\u00e1l.","breadcrumb":{"@id":"https:\/\/www.welovecycling.com\/hu\/orszaguti-kerekpar\/korkep-a-tour-de-france-osszes-eddig-nyerteserol-iii-resz-1947-1974\/#breadcrumb"},"inLanguage":"hu","potentialAction":[{"@type":"ReadAction","target":["https:\/\/www.welovecycling.com\/hu\/orszaguti-kerekpar\/korkep-a-tour-de-france-osszes-eddig-nyerteserol-iii-resz-1947-1974\/"]}]},{"@type":"ImageObject","inLanguage":"hu","@id":"https:\/\/www.welovecycling.com\/hu\/orszaguti-kerekpar\/korkep-a-tour-de-france-osszes-eddig-nyerteserol-iii-resz-1947-1974\/#primaryimage","url":"https:\/\/d2p6e6u75xmxt8.cloudfront.net\/12\/2020\/09\/le-coureur-belge-eddy-merckx-fournit-son-effort-le-05-news-photo-1131976301-1560545956.jpg","contentUrl":"https:\/\/d2p6e6u75xmxt8.cloudfront.net\/12\/2020\/09\/le-coureur-belge-eddy-merckx-fournit-son-effort-le-05-news-photo-1131976301-1560545956.jpg","width":980,"height":688,"caption":"-Getty Images"},{"@type":"BreadcrumbList","@id":"https:\/\/www.welovecycling.com\/hu\/orszaguti-kerekpar\/korkep-a-tour-de-france-osszes-eddig-nyerteserol-iii-resz-1947-1974\/#breadcrumb","itemListElement":[{"@type":"ListItem","position":1,"name":"Home","item":"https:\/\/www.welovecycling.com\/hu\/"},{"@type":"ListItem","position":2,"name":"K\u00f6rk\u00e9p a Tour de France \u00f6sszes eddig nyertes\u00e9r\u0151l, III. r\u00e9sz \u2013 1947-1974"}]},{"@type":"WebSite","@id":"https:\/\/www.welovecycling.com\/hu\/#website","url":"https:\/\/www.welovecycling.com\/hu\/","name":"\u0160koda We Love Cycling - Magyarorsz\u00e1g","description":"\u0160koda WeLoveCycling","potentialAction":[{"@type":"SearchAction","target":{"@type":"EntryPoint","urlTemplate":"https:\/\/www.welovecycling.com\/hu\/?s={search_term_string}"},"query-input":{"@type":"PropertyValueSpecification","valueRequired":true,"valueName":"search_term_string"}}],"inLanguage":"hu"},{"@type":"Person","@id":"https:\/\/www.welovecycling.com\/hu\/#\/schema\/person\/414a2aebf1801691a5320edb6468e194","name":"hegyizs","image":{"@type":"ImageObject","inLanguage":"hu","@id":"https:\/\/www.welovecycling.com\/hu\/#\/schema\/person\/image\/","url":"https:\/\/secure.gravatar.com\/avatar\/02cf8a7906b8cf90cecb4679defac7cfd33a1c2e3b88e4903d947f3bb58eedd3?s=96&d=mm&r=g","contentUrl":"https:\/\/secure.gravatar.com\/avatar\/02cf8a7906b8cf90cecb4679defac7cfd33a1c2e3b88e4903d947f3bb58eedd3?s=96&d=mm&r=g","caption":"hegyizs"},"url":"https:\/\/www.welovecycling.com\/hu\/author\/hegyizs\/"}]}},"_links":{"self":[{"href":"https:\/\/www.welovecycling.com\/hu\/wp-json\/wp\/v2\/posts\/8501","targetHints":{"allow":["GET"]}}],"collection":[{"href":"https:\/\/www.welovecycling.com\/hu\/wp-json\/wp\/v2\/posts"}],"about":[{"href":"https:\/\/www.welovecycling.com\/hu\/wp-json\/wp\/v2\/types\/post"}],"author":[{"embeddable":true,"href":"https:\/\/www.welovecycling.com\/hu\/wp-json\/wp\/v2\/users\/71"}],"replies":[{"embeddable":true,"href":"https:\/\/www.welovecycling.com\/hu\/wp-json\/wp\/v2\/comments?post=8501"}],"version-history":[{"count":1,"href":"https:\/\/www.welovecycling.com\/hu\/wp-json\/wp\/v2\/posts\/8501\/revisions"}],"predecessor-version":[{"id":8518,"href":"https:\/\/www.welovecycling.com\/hu\/wp-json\/wp\/v2\/posts\/8501\/revisions\/8518"}],"wp:featuredmedia":[{"embeddable":true,"href":"https:\/\/www.welovecycling.com\/hu\/wp-json\/wp\/v2\/media\/8502"}],"wp:attachment":[{"href":"https:\/\/www.welovecycling.com\/hu\/wp-json\/wp\/v2\/media?parent=8501"}],"wp:term":[{"taxonomy":"category","embeddable":true,"href":"https:\/\/www.welovecycling.com\/hu\/wp-json\/wp\/v2\/categories?post=8501"},{"taxonomy":"post_tag","embeddable":true,"href":"https:\/\/www.welovecycling.com\/hu\/wp-json\/wp\/v2\/tags?post=8501"},{"taxonomy":"global-categories","embeddable":true,"href":"https:\/\/www.welovecycling.com\/hu\/wp-json\/wp\/v2\/global-categories?post=8501"}],"curies":[{"name":"wp","href":"https:\/\/api.w.org\/{rel}","templated":true}]}}