{"id":8488,"date":"2020-09-11T08:00:24","date_gmt":"2020-09-11T06:00:24","guid":{"rendered":"https:\/\/www.welovecycling.com\/hu\/?p=8488"},"modified":"2022-02-09T09:59:32","modified_gmt":"2022-02-09T07:59:32","slug":"egy-nap-a-tour-de-france-vezetoigazgatojanak-autojaban","status":"publish","type":"post","link":"https:\/\/www.welovecycling.com\/hu\/orszaguti-kerekpar\/egy-nap-a-tour-de-france-vezetoigazgatojanak-autojaban\/","title":{"rendered":"Egy nap a Tour de France vezet\u0151igazgat\u00f3j\u00e1nak aut\u00f3j\u00e1ban"},"content":{"rendered":"<p><strong>A nizzai Akropolisz-palot\u00e1ba bel\u00e9pve a bord\u00e1zott boltozat alatt k\u00e9sz \u0160koda-aut\u00f3parkot tal\u00e1ltam. Egyik\u00fck jobban ragyogott, mint b\u00e1rmelyik m\u00e1sik, ak\u00e1r egy v\u00f6r\u00f6s dr\u00e1gak\u0151 a koron\u00e1ban. A \u0160koda SUPERB iV volt az, amelynek n\u00e9h\u00e1ny nap m\u00falva a TdF igazgat\u00f3j\u00e1t Christian Prudhomme-t viszi majd k\u00f6rbe a versenyen.<\/strong><\/p>\n<p><!--more--><\/p>\n<p>A h\u00e1rom hetes verseny szervez\u00e9s\u00e9\u00e9rt felel\u0151s Amaury Sport Szervezet felaj\u00e1nlotta, hogy k\u00f6lcs\u00f6nadja nekem tesztvezet\u00e9sre a kocsit. Micsoda felel\u0151ss\u00e9g! Ann\u00e1l is ink\u00e1bb, mivel a Grand Depart csak h\u00e1rom napra van. Pr\u00f3b\u00e1lok nem gondolni arra, hogy mi t\u00f6rt\u00e9nhet, ha valami rosszul s\u00fcl el ezzel a fontos SUPERB iV-vel, m\u00e9lyet l\u00e9legzem, \u00e9s kihaszn\u00e1lom a lehet\u0151s\u00e9get. Enyh\u00e9n reszket\u0151 kezemben tartva a kulcsokat, kinyitom az ajt\u00f3t.<\/p>\n<figure id=\"attachment_8489\" aria-describedby=\"caption-attachment-8489\" style=\"width: 1250px\" class=\"wp-caption alignnone\"><img loading=\"lazy\" decoding=\"async\" class=\"size-full wp-image-8489\" src=\"https:\/\/d2p6e6u75xmxt8.cloudfront.net\/12\/2020\/09\/Red-SKODA-SUPERB-iV-55.jpg\" alt=\"\u0160koda SUPERB iV\" width=\"1250\" height=\"834\" srcset=\"https:\/\/d2p6e6u75xmxt8.cloudfront.net\/12\/2020\/09\/Red-SKODA-SUPERB-iV-55.jpg 1250w, https:\/\/d2p6e6u75xmxt8.cloudfront.net\/12\/2020\/09\/Red-SKODA-SUPERB-iV-55-300x200.jpg 300w, https:\/\/d2p6e6u75xmxt8.cloudfront.net\/12\/2020\/09\/Red-SKODA-SUPERB-iV-55-1024x683.jpg 1024w, https:\/\/d2p6e6u75xmxt8.cloudfront.net\/12\/2020\/09\/Red-SKODA-SUPERB-iV-55-768x512.jpg 768w, https:\/\/d2p6e6u75xmxt8.cloudfront.net\/12\/2020\/09\/Red-SKODA-SUPERB-iV-55-272x182.jpg 272w\" sizes=\"auto, (max-width: 1250px) 100vw, 1250px\" \/><figcaption id=\"caption-attachment-8489\" class=\"wp-caption-text\"><em>A r\u00e1di\u00f3n kereszt\u00fcl Prudhomme utas\u00edt\u00e1sokat \u00e9s inform\u00e1ci\u00f3kat k\u00f6zvet\u00edthet a verseny alatt.<\/em><\/figcaption><\/figure>\n<div id='gallery-1' class='gallery galleryid-8488 gallery-columns-3 gallery-size-large'><figure class='gallery-item'>\n\t\t\t<div class='gallery-icon landscape'>\n\t\t\t\t<a href='https:\/\/d2p6e6u75xmxt8.cloudfront.net\/12\/2020\/09\/Red-SKODA-SUPERB-iV-2-1.jpg'><img loading=\"lazy\" decoding=\"async\" width=\"1024\" height=\"683\" src=\"https:\/\/d2p6e6u75xmxt8.cloudfront.net\/12\/2020\/09\/Red-SKODA-SUPERB-iV-2-1-1024x683.jpg\" class=\"attachment-large size-large\" alt=\"\" srcset=\"https:\/\/d2p6e6u75xmxt8.cloudfront.net\/12\/2020\/09\/Red-SKODA-SUPERB-iV-2-1-1024x683.jpg 1024w, https:\/\/d2p6e6u75xmxt8.cloudfront.net\/12\/2020\/09\/Red-SKODA-SUPERB-iV-2-1-300x200.jpg 300w, https:\/\/d2p6e6u75xmxt8.cloudfront.net\/12\/2020\/09\/Red-SKODA-SUPERB-iV-2-1-768x512.jpg 768w, https:\/\/d2p6e6u75xmxt8.cloudfront.net\/12\/2020\/09\/Red-SKODA-SUPERB-iV-2-1-272x182.jpg 272w, https:\/\/d2p6e6u75xmxt8.cloudfront.net\/12\/2020\/09\/Red-SKODA-SUPERB-iV-2-1.jpg 1250w\" sizes=\"auto, (max-width: 1024px) 100vw, 1024px\" \/><\/a>\n\t\t\t<\/div><\/figure><figure class='gallery-item'>\n\t\t\t<div class='gallery-icon landscape'>\n\t\t\t\t<a href='https:\/\/d2p6e6u75xmxt8.cloudfront.net\/12\/2020\/09\/Red-SKODA-SUPERB-iV-3-1.jpg'><img loading=\"lazy\" decoding=\"async\" width=\"1024\" height=\"683\" src=\"https:\/\/d2p6e6u75xmxt8.cloudfront.net\/12\/2020\/09\/Red-SKODA-SUPERB-iV-3-1-1024x683.jpg\" class=\"attachment-large size-large\" alt=\"\" srcset=\"https:\/\/d2p6e6u75xmxt8.cloudfront.net\/12\/2020\/09\/Red-SKODA-SUPERB-iV-3-1-1024x683.jpg 1024w, https:\/\/d2p6e6u75xmxt8.cloudfront.net\/12\/2020\/09\/Red-SKODA-SUPERB-iV-3-1-300x200.jpg 300w, https:\/\/d2p6e6u75xmxt8.cloudfront.net\/12\/2020\/09\/Red-SKODA-SUPERB-iV-3-1-768x512.jpg 768w, https:\/\/d2p6e6u75xmxt8.cloudfront.net\/12\/2020\/09\/Red-SKODA-SUPERB-iV-3-1-272x182.jpg 272w, https:\/\/d2p6e6u75xmxt8.cloudfront.net\/12\/2020\/09\/Red-SKODA-SUPERB-iV-3-1.jpg 1250w\" sizes=\"auto, (max-width: 1024px) 100vw, 1024px\" \/><\/a>\n\t\t\t<\/div><\/figure><figure class='gallery-item'>\n\t\t\t<div class='gallery-icon landscape'>\n\t\t\t\t<a href='https:\/\/d2p6e6u75xmxt8.cloudfront.net\/12\/2020\/09\/Red-SKODA-SUPERB-iV-3-2.jpg'><img loading=\"lazy\" decoding=\"async\" width=\"1024\" height=\"683\" src=\"https:\/\/d2p6e6u75xmxt8.cloudfront.net\/12\/2020\/09\/Red-SKODA-SUPERB-iV-3-2-1024x683.jpg\" class=\"attachment-large size-large\" alt=\"\u0160koda SUPERB iV\" srcset=\"https:\/\/d2p6e6u75xmxt8.cloudfront.net\/12\/2020\/09\/Red-SKODA-SUPERB-iV-3-2-1024x683.jpg 1024w, https:\/\/d2p6e6u75xmxt8.cloudfront.net\/12\/2020\/09\/Red-SKODA-SUPERB-iV-3-2-300x200.jpg 300w, https:\/\/d2p6e6u75xmxt8.cloudfront.net\/12\/2020\/09\/Red-SKODA-SUPERB-iV-3-2-768x512.jpg 768w, https:\/\/d2p6e6u75xmxt8.cloudfront.net\/12\/2020\/09\/Red-SKODA-SUPERB-iV-3-2-272x182.jpg 272w, https:\/\/d2p6e6u75xmxt8.cloudfront.net\/12\/2020\/09\/Red-SKODA-SUPERB-iV-3-2.jpg 1250w\" sizes=\"auto, (max-width: 1024px) 100vw, 1024px\" \/><\/a>\n\t\t\t<\/div><\/figure>\n\t\t<\/div>\n\n<p>Ez az els\u0151 tapasztalatom a \u0160koda SUPERB iV-vel kapcsolatban. A teljesen elektromos \u0160koda CITIGOe iV ut\u00e1n a \u0160koda z\u00e1szl\u00f3shaj\u00f3j\u00e1nak ez a plug-in hibrid v\u00e1ltozata lett a v\u00e1llalat \u00fajabb m\u00e9rf\u00f6ldk\u00f6ve, amely az elektromobilit\u00e1s korszak\u00e1ban nyomot hagy. Alig n\u00e9h\u00e1ny h\u00e9ttel tavaly kar\u00e1csony el\u0151tt vezett\u00e9k be, \u00e9s biztosan felkeltette minden \u0160koda rajong\u00f3 \u00e9rdekl\u0151d\u00e9s\u00e9t, aki hisz a fejl\u0151d\u00e9sben \u00e9s a felel\u0151ss\u00e9gteljes k\u00f6rnyezetv\u00e9delmi szeml\u00e9letben.<\/p>\n<p>Nem meglep\u0151, hogy \u00e9ppen ezt az aut\u00f3t alak\u00edtott\u00e1k \u00e1t \u00fagy, hogy mobilis parancsnoki k\u00f6zpontk\u00e9nt m\u0171k\u00f6dj\u00f6n, ahonnan a Tour igazgat\u00f3ja ir\u00e1ny\u00edthatja a versenyt. Az aut\u00f3t nemcsak a felt\u0171n\u0151 \u201eCORRIDA RED\u201d fest\u00e9k k\u00fcl\u00f6nb\u00f6zteti meg a t\u00f6bbi k\u00eds\u00e9r\u0151aut\u00f3t\u00f3l, hanem a Tour-nak \u00e9s hivatalos partner\u00e9nek, a \u0160koda-nak log\u00f3ja is. A motorh\u00e1ztet\u0151n k\u00fcl\u00f6n\u00e1ll\u00f3 m\u0171anyag c\u00edmke is tal\u00e1lhat\u00f3, amelyen az \u00f6sszes francia t\u00e9v\u00e9csatorna neve szerepel, amely k\u00f6zvet\u00edti a versenyt. Az el\u0151z\u0151 igazgat\u00f3i aut\u00f3khoz k\u00e9pest k\u00edv\u00fclr\u0151l nem t\u00f6rt\u00e9nt radik\u00e1lis v\u00e1ltoz\u00e1s. A h\u0171t\u0151r\u00e1cs m\u00f6g\u00e9 elrejtett t\u00f6lt\u0151 \u00e9s a h\u00e1ts\u00f3 l\u00f6kh\u00e1r\u00edt\u00f3 f\u00f6l\u00f6tt elhelyezett ez\u00fcst iV c\u00edmke az egyetlen szembet\u0171n\u0151 k\u00fcl\u00f6nbs\u00e9g.<\/p>\n<p>Be\u00fcl\u00f6k a kocsiba, bez\u00e1rom az ajt\u00f3t, becsatolom a biztons\u00e1gi \u00f6vet \u00e9s megnyomom a gy\u00fajt\u00e1s gombot. \u00c9pp id\u0151ben, ahhoz, hogy Franciaorsz\u00e1g hetedik legn\u00e9pesebb v\u00e1ros\u00e1nak megvadult forgalm\u00e1ban tal\u00e1ljam magam. Az eg\u00e9sz v\u00e1ros Tour-l\u00e1zban \u00e9g!<\/p>\n<figure id=\"attachment_8490\" aria-describedby=\"caption-attachment-8490\" style=\"width: 1250px\" class=\"wp-caption alignnone\"><img loading=\"lazy\" decoding=\"async\" class=\"wp-image-8490 size-full\" src=\"https:\/\/d2p6e6u75xmxt8.cloudfront.net\/12\/2020\/09\/SKODA-SUPERB-iV-6.jpg\" alt=\"\" width=\"1250\" height=\"834\" srcset=\"https:\/\/d2p6e6u75xmxt8.cloudfront.net\/12\/2020\/09\/SKODA-SUPERB-iV-6.jpg 1250w, https:\/\/d2p6e6u75xmxt8.cloudfront.net\/12\/2020\/09\/SKODA-SUPERB-iV-6-300x200.jpg 300w, https:\/\/d2p6e6u75xmxt8.cloudfront.net\/12\/2020\/09\/SKODA-SUPERB-iV-6-1024x683.jpg 1024w, https:\/\/d2p6e6u75xmxt8.cloudfront.net\/12\/2020\/09\/SKODA-SUPERB-iV-6-768x512.jpg 768w, https:\/\/d2p6e6u75xmxt8.cloudfront.net\/12\/2020\/09\/SKODA-SUPERB-iV-6-272x182.jpg 272w\" sizes=\"auto, (max-width: 1250px) 100vw, 1250px\" \/><figcaption id=\"caption-attachment-8490\" class=\"wp-caption-text\">A hatalmas kinyithat\u00f3 \u00fcvegtet\u0151 nem csak csinos jellegzetess\u00e9g &#8211; ez teszi lehet\u0151v\u00e9 Prudhomme sz\u00e1m\u00e1ra, hogy fel\u00e1lljon \u00e9s a lehet\u0151 legjobban l\u00e1ssa a mez\u0151nyt minden szakasz ind\u00edt\u00e1sa el\u0151tt, hogy semmilyen r\u00e9szlet ne ker\u00fclje el a figyelm\u00e9t.<\/figcaption><\/figure>\n<p>Amint elindul a Tour, Christian Prudhomme val\u00f3sz\u00edn\u0171leg be\u00fcl ennek a SUPERB iV-nek a h\u00e1ts\u00f3 \u00fcl\u00e9s\u00e9re, \u00e9s feh\u00e9r z\u00e1szl\u00f3t lenget a tet\u0151ablakon, hogy elind\u00edtsa az egyes szakaszokat. Egy ismeretlen gyalogos kopogtat az ablakomon, \u00e9s megk\u00e9rdezi, mire szolg\u00e1l az antenna-erd\u0151 a tet\u0151n. Elmagyar\u00e1zom neki, hogy Prudhomme-nak \u00e1lland\u00f3 kapcsolatban kell maradnia a szervez\u0151kkel.<\/p>\n<p>Az aut\u00f3 leny\u0171g\u00f6z\u0151 m\u0171szaki felszerelts\u00e9ggel rendelkezik. Ez hat r\u00e1di\u00f3antenn\u00e1t jelent a tet\u0151n, t\u00f6bb mikrofont \u00e9s n\u00e9gy r\u00e1di\u00f3csatorn\u00e1t a m\u0171szerfal alatt, el\u00f6l az utas oldal\u00e1n \u00e9s az els\u0151 \u00fcl\u00e9sek k\u00f6z\u00f6tt. Ez az a hely, ahonnan az igazgat\u00f3 \u00far tov\u00e1bb\u00edtja \u00e9s fogadja az inform\u00e1ci\u00f3kat, megszervezi a forgalmat a peloton k\u00f6r\u00fcl, \u00e9s \u00e1lland\u00f3 kapcsolatban marad a verseny szervez\u0151ivel \u00e9s a teljes Tour aut\u00f3parkkal. M\u00edg Prudhomme a vezet\u0151 m\u00f6g\u00f6tt \u00fcl, a jobb oldali h\u00e1ts\u00f3 \u00fcl\u00e9st azoknak a tisztelt vend\u00e9gek tartj\u00e1k fenn, akiknek h\u0171t\u00f6tt pezsg\u0151t szolg\u00e1lnak fel a h\u00edres auto-minib\u00e1rb\u00f3l.<\/p>\n<p>B\u00e1rmikor, amikor meg\u00e1llok a keresztez\u0151d\u00e9sn\u00e9l, a t\u00f6meg azonnal f\u00e9nyk\u00e9pezni kezd, ami nem is csoda, ez az aut\u00f3 egyszer\u0171en csod\u00e1latos. Nem tehetek r\u00f3la, musz\u00e1j k\u00f6sz\u00f6ntenem \u0151ket a Tour jellegzetes dud\u00e1l\u00f3 dallam\u00e1val.<\/p>\n<figure id=\"attachment_8491\" aria-describedby=\"caption-attachment-8491\" style=\"width: 1250px\" class=\"wp-caption alignnone\"><img loading=\"lazy\" decoding=\"async\" class=\"wp-image-8491 size-full\" src=\"https:\/\/d2p6e6u75xmxt8.cloudfront.net\/12\/2020\/09\/SKODA-SUPERB-iV-11.jpg\" alt=\"\" width=\"1250\" height=\"834\" srcset=\"https:\/\/d2p6e6u75xmxt8.cloudfront.net\/12\/2020\/09\/SKODA-SUPERB-iV-11.jpg 1250w, https:\/\/d2p6e6u75xmxt8.cloudfront.net\/12\/2020\/09\/SKODA-SUPERB-iV-11-300x200.jpg 300w, https:\/\/d2p6e6u75xmxt8.cloudfront.net\/12\/2020\/09\/SKODA-SUPERB-iV-11-1024x683.jpg 1024w, https:\/\/d2p6e6u75xmxt8.cloudfront.net\/12\/2020\/09\/SKODA-SUPERB-iV-11-768x512.jpg 768w, https:\/\/d2p6e6u75xmxt8.cloudfront.net\/12\/2020\/09\/SKODA-SUPERB-iV-11-272x182.jpg 272w\" sizes=\"auto, (max-width: 1250px) 100vw, 1250px\" \/><figcaption id=\"caption-attachment-8491\" class=\"wp-caption-text\"><em>Minden k\u00eds\u00e9r\u0151 aut\u00f3, versenyz\u0151 \u00e9s m\u00e9g a rajong\u00f3k is a vezet\u0151 aut\u00f3ra t\u00e1maszkodnak.<\/em><\/figcaption><\/figure>\n<p>B\u00e1r az aut\u00f3t nagyon k\u00f6nny\u0171 kezelni, valahol a motorh\u00e1ztet\u0151 m\u00e9ly\u00e9n nagyfesz\u00fclts\u00e9g\u0171 var\u00e1zslat zajlik. A hibrid meghajt\u00e1s \u00f6sszekeveri a hagyom\u00e1nyos kompresszoros 1,4 TSI motort, amely 156 l\u00f3er\u0151s teljes\u00edtm\u00e9nyt biztos\u00edt, az elektromos motorral, ami tov\u00e1bbi 115 l\u00f3er\u0151t rejt. A hatfokozat\u00fa sebess\u00e9gv\u00e1lt\u00f3 seg\u00edts\u00e9g\u00e9vel az er\u0151 eloszlik az els\u0151 kerekeken. Az \u00fajrat\u00f6lt\u00e9si folyamat \u00f6t \u00f3r\u00e1t vesz ig\u00e9nybe, elektromos h\u00e1l\u00f3zaton, vagy 3,5 \u00f3r\u00e1t ha az eredeti \u0160koda Wallbox seg\u00edts\u00e9g\u00e9vel t\u00f6ltik.<\/p>\n<p>Teljesen felt\u00f6lt\u00f6tt \u00e1llapotban az aut\u00f3 60 kilom\u00e9teren kereszt\u00fcl egyetlen csepp benzint sem haszn\u00e1l fel, f\u00fcggetlen\u00fcl att\u00f3l, hogy mennyit l\u00e9pek a \u201eg\u00e1z\u201d ped\u00e1lra. Lehet, hogy a hat\u00f3t\u00e1vols\u00e1g nem fedi le a Tour de France szakaszok t\u00e1vols\u00e1g\u00e1t, a mai Nizzai k\u00f6rutamhoz viszont t\u00f6k\u00e9letes.<\/p>\n<div id='gallery-2' class='gallery galleryid-8488 gallery-columns-2 gallery-size-large'><figure class='gallery-item'>\n\t\t\t<div class='gallery-icon landscape'>\n\t\t\t\t<a href='https:\/\/d2p6e6u75xmxt8.cloudfront.net\/12\/2020\/09\/SKODA-SUPERB-iV-7.jpg'><img loading=\"lazy\" decoding=\"async\" width=\"1024\" height=\"683\" src=\"https:\/\/d2p6e6u75xmxt8.cloudfront.net\/12\/2020\/09\/SKODA-SUPERB-iV-7-1024x683.jpg\" class=\"attachment-large size-large\" alt=\"\" srcset=\"https:\/\/d2p6e6u75xmxt8.cloudfront.net\/12\/2020\/09\/SKODA-SUPERB-iV-7-1024x683.jpg 1024w, https:\/\/d2p6e6u75xmxt8.cloudfront.net\/12\/2020\/09\/SKODA-SUPERB-iV-7-300x200.jpg 300w, https:\/\/d2p6e6u75xmxt8.cloudfront.net\/12\/2020\/09\/SKODA-SUPERB-iV-7-768x512.jpg 768w, https:\/\/d2p6e6u75xmxt8.cloudfront.net\/12\/2020\/09\/SKODA-SUPERB-iV-7-272x182.jpg 272w, https:\/\/d2p6e6u75xmxt8.cloudfront.net\/12\/2020\/09\/SKODA-SUPERB-iV-7.jpg 1250w\" sizes=\"auto, (max-width: 1024px) 100vw, 1024px\" \/><\/a>\n\t\t\t<\/div><\/figure><figure class='gallery-item'>\n\t\t\t<div class='gallery-icon landscape'>\n\t\t\t\t<a href='https:\/\/d2p6e6u75xmxt8.cloudfront.net\/12\/2020\/09\/SKODA-SUPERB-iV-10.jpg'><img loading=\"lazy\" decoding=\"async\" width=\"1024\" height=\"683\" src=\"https:\/\/d2p6e6u75xmxt8.cloudfront.net\/12\/2020\/09\/SKODA-SUPERB-iV-10-1024x683.jpg\" class=\"attachment-large size-large\" alt=\"\" srcset=\"https:\/\/d2p6e6u75xmxt8.cloudfront.net\/12\/2020\/09\/SKODA-SUPERB-iV-10-1024x683.jpg 1024w, https:\/\/d2p6e6u75xmxt8.cloudfront.net\/12\/2020\/09\/SKODA-SUPERB-iV-10-300x200.jpg 300w, https:\/\/d2p6e6u75xmxt8.cloudfront.net\/12\/2020\/09\/SKODA-SUPERB-iV-10-768x512.jpg 768w, https:\/\/d2p6e6u75xmxt8.cloudfront.net\/12\/2020\/09\/SKODA-SUPERB-iV-10-272x182.jpg 272w, https:\/\/d2p6e6u75xmxt8.cloudfront.net\/12\/2020\/09\/SKODA-SUPERB-iV-10.jpg 1250w\" sizes=\"auto, (max-width: 1024px) 100vw, 1024px\" \/><\/a>\n\t\t\t<\/div><\/figure>\n\t\t<\/div>\n\n<figure id=\"attachment_8492\" aria-describedby=\"caption-attachment-8492\" style=\"width: 1250px\" class=\"wp-caption alignnone\"><img loading=\"lazy\" decoding=\"async\" class=\"wp-image-8492 size-full\" src=\"https:\/\/d2p6e6u75xmxt8.cloudfront.net\/12\/2020\/09\/SKODA-SUPERB-iV-8.jpg\" alt=\"\" width=\"1250\" height=\"834\" srcset=\"https:\/\/d2p6e6u75xmxt8.cloudfront.net\/12\/2020\/09\/SKODA-SUPERB-iV-8.jpg 1250w, https:\/\/d2p6e6u75xmxt8.cloudfront.net\/12\/2020\/09\/SKODA-SUPERB-iV-8-300x200.jpg 300w, https:\/\/d2p6e6u75xmxt8.cloudfront.net\/12\/2020\/09\/SKODA-SUPERB-iV-8-1024x683.jpg 1024w, https:\/\/d2p6e6u75xmxt8.cloudfront.net\/12\/2020\/09\/SKODA-SUPERB-iV-8-768x512.jpg 768w, https:\/\/d2p6e6u75xmxt8.cloudfront.net\/12\/2020\/09\/SKODA-SUPERB-iV-8-272x182.jpg 272w\" sizes=\"auto, (max-width: 1250px) 100vw, 1250px\" \/><figcaption id=\"caption-attachment-8492\" class=\"wp-caption-text\">Ahogy maga Christian Prudhomme mondta a SUPERB-r\u0151l: <em>\u201eA \u0160koda n\u00e9lk\u00fcl\u00f6zhetetlen partner a Tour de France-on, valamint az \u00e1ltalunk szervezett versenyeken. A Tour de France sor\u00e1n a piros 1-es sz\u00e1m\u00fa \u0160koda nem csup\u00e1n aut\u00f3, hanem ir\u00e1ny\u00edt\u00f3torony, iroda, valamint megbecs\u00fclt \u00e9s megb\u00edzhat\u00f3 bar\u00e1t. Nagy \u00f6r\u00f6m\u00fcnkre szolg\u00e1l, hogy ezt az egy\u00fcttm\u0171k\u00f6d\u00e9st hat\u00e9kony, megb\u00edzhat\u00f3 \u00e9s dinamikus partnerrel b\u0151v\u00edthetj\u00fck.\u201d<\/em><\/figcaption><\/figure>\n<p>Legink\u00e1bb a hibrid technol\u00f3gia legjobb tulajdons\u00e1g\u00e1t \u00e9lvezem, vagyis azt, hogy a rendelkez\u00e9sre \u00e1ll\u00f3 mindk\u00e9t energiaforr\u00e1st kombin\u00e1lhatom. \u00cdgy el\u00e9rhetem az \u00e1tlagos 3 liter \/ 100 km fogyaszt\u00e1st an\u00e9lk\u00fcl, hogy elvesz\u00edten\u00e9m a dinamikus vezet\u00e9s \u00f6r\u00f6m\u00e9t. A Tour k\u00f6rbej\u00e1r\u00e1sa k\u00f6zben szinte \u00f6ntudatlanul figyelem a k\u00fcl\u00f6nb\u00f6z\u0151 sz\u00edn\u0171 diagramokat, amelyek t\u00e1j\u00e9koztatnak a jelenleg haszn\u00e1lt energiaforr\u00e1sr\u00f3l.<\/p>\n<p>A \u0160koda SUPERB iV teljesen zajtalan, hacsak a bels\u0151 \u00e9g\u00e9s\u0171 motor nem veszi \u00e1t az ir\u00e1ny\u00edt\u00e1st. \u00c9ppen ez\u00e9rt van be\u00e9p\u00edtve az e-zaj gener\u00e1tor, hogy figyelmeztesse a gyalogosokat \u00e9s ker\u00e9kp\u00e1rosokat j\u00f3val azel\u0151tt, hogy az aut\u00f3 t\u00fal k\u00f6zel ker\u00fclne.<\/p>\n<p>Lassan visszat\u00e9rek az Akropoliszba. \u00a0A rend\u0151rs\u00e9g \u00e9pp lez\u00e1rja az utakat, az esem\u00e9ny el\u0151tt. A Tour k\u00f6zeledik. Ebben az \u00e9vben egyetlen szakaszt sem fogok kihagyni! M\u00e1r csak az\u00e9rt sem, hogy figyelhessem az aut\u00f3t, amiben \u00e9n is \u00fclhettem.<\/p>\n","protected":false},"excerpt":{"rendered":"<p>A nizzai Akropolisz-palot\u00e1ba bel\u00e9pve a bord\u00e1zott boltozat alatt k\u00e9sz \u0160koda-aut\u00f3parkot tal\u00e1ltam. Egyik\u00fck jobban ragyogott, mint b\u00e1rmelyik m\u00e1sik, ak\u00e1r egy v\u00f6r\u00f6s [&hellip;]<\/p>\n","protected":false},"author":71,"featured_media":8494,"comment_status":"open","ping_status":"open","sticky":false,"template":"","format":"standard","meta":{"footnotes":""},"categories":[8,468],"tags":[441],"global-categories":[],"class_list":["post-8488","post","type-post","status-publish","format-standard","has-post-thumbnail","hentry","category-orszaguti-kerekpar","category-skoda","tag-tour-de-france-2020"],"yoast_head":"<!-- This site is optimized with the Yoast SEO Premium plugin v25.3 (Yoast SEO v25.9) - https:\/\/yoast.com\/wordpress\/plugins\/seo\/ -->\n<title>Egy nap a Tour de France vezet\u0151igazgat\u00f3j\u00e1nak aut\u00f3j\u00e1ban - \u0160koda We Love Cycling - Magyarorsz\u00e1g<\/title>\n<meta name=\"description\" content=\"A nizzai Akropolisz-palot\u00e1ba bel\u00e9pve a bord\u00e1zott boltozat alatt k\u00e9sz \u0160koda-aut\u00f3parkot tal\u00e1ltam. Egyik\u00fck jobban ragyogott, mint b\u00e1rmelyik m\u00e1sik, ak\u00e1r egy v\u00f6r\u00f6s dr\u00e1gak\u0151 a koron\u00e1ban.\" \/>\n<meta name=\"robots\" content=\"index, follow, max-snippet:-1, max-image-preview:large, max-video-preview:-1\" \/>\n<link rel=\"canonical\" href=\"https:\/\/www.welovecycling.com\/hu\/orszaguti-kerekpar\/egy-nap-a-tour-de-france-vezetoigazgatojanak-autojaban\/\" \/>\n<meta property=\"og:locale\" content=\"hu_HU\" \/>\n<meta property=\"og:type\" content=\"article\" \/>\n<meta property=\"og:title\" content=\"Egy nap a Tour de France vezet\u0151igazgat\u00f3j\u00e1nak aut\u00f3j\u00e1ban\" \/>\n<meta property=\"og:description\" content=\"A nizzai Akropolisz-palot\u00e1ba bel\u00e9pve a bord\u00e1zott boltozat alatt k\u00e9sz \u0160koda-aut\u00f3parkot tal\u00e1ltam. Egyik\u00fck jobban ragyogott, mint b\u00e1rmelyik m\u00e1sik, ak\u00e1r egy v\u00f6r\u00f6s dr\u00e1gak\u0151 a koron\u00e1ban.\" \/>\n<meta property=\"og:url\" content=\"https:\/\/www.welovecycling.com\/hu\/orszaguti-kerekpar\/egy-nap-a-tour-de-france-vezetoigazgatojanak-autojaban\/\" \/>\n<meta property=\"og:site_name\" content=\"\u0160koda We Love Cycling - Magyarorsz\u00e1g\" \/>\n<meta property=\"article:publisher\" content=\"https:\/\/www.facebook.com\/WeLoveCyclingHungary\/\" \/>\n<meta property=\"article:published_time\" content=\"2020-09-11T06:00:24+00:00\" \/>\n<meta property=\"article:modified_time\" content=\"2022-02-09T07:59:32+00:00\" \/>\n<meta property=\"og:image\" content=\"https:\/\/d2p6e6u75xmxt8.cloudfront.net\/12\/2020\/09\/SKODA-SUPERB-iV-CVR-1.jpg\" \/>\n\t<meta property=\"og:image:width\" content=\"1366\" \/>\n\t<meta property=\"og:image:height\" content=\"600\" \/>\n\t<meta property=\"og:image:type\" content=\"image\/jpeg\" \/>\n<meta name=\"author\" content=\"hegyizs\" \/>\n<meta name=\"twitter:card\" content=\"summary_large_image\" \/>\n<meta name=\"twitter:label1\" content=\"Written by\" \/>\n\t<meta name=\"twitter:data1\" content=\"Adam Marsal\" \/>\n\t<meta name=\"twitter:label2\" content=\"Est. reading time\" \/>\n\t<meta name=\"twitter:data2\" content=\"7\" \/>\n<script type=\"application\/ld+json\" class=\"yoast-schema-graph\">{\"@context\":\"https:\/\/schema.org\",\"@graph\":[{\"@type\":\"WebPage\",\"@id\":\"https:\/\/www.welovecycling.com\/hu\/orszaguti-kerekpar\/egy-nap-a-tour-de-france-vezetoigazgatojanak-autojaban\/\",\"url\":\"https:\/\/www.welovecycling.com\/hu\/orszaguti-kerekpar\/egy-nap-a-tour-de-france-vezetoigazgatojanak-autojaban\/\",\"name\":\"Egy nap a Tour de France vezet\u0151igazgat\u00f3j\u00e1nak aut\u00f3j\u00e1ban - \u0160koda We Love Cycling - Magyarorsz\u00e1g\",\"isPartOf\":{\"@id\":\"https:\/\/www.welovecycling.com\/hu\/#website\"},\"primaryImageOfPage\":{\"@id\":\"https:\/\/www.welovecycling.com\/hu\/orszaguti-kerekpar\/egy-nap-a-tour-de-france-vezetoigazgatojanak-autojaban\/#primaryimage\"},\"image\":{\"@id\":\"https:\/\/www.welovecycling.com\/hu\/orszaguti-kerekpar\/egy-nap-a-tour-de-france-vezetoigazgatojanak-autojaban\/#primaryimage\"},\"thumbnailUrl\":\"https:\/\/d2p6e6u75xmxt8.cloudfront.net\/12\/2020\/09\/SKODA-SUPERB-iV-CVR-1.jpg\",\"datePublished\":\"2020-09-11T06:00:24+00:00\",\"dateModified\":\"2022-02-09T07:59:32+00:00\",\"author\":{\"@id\":\"https:\/\/www.welovecycling.com\/hu\/#\/schema\/person\/414a2aebf1801691a5320edb6468e194\"},\"description\":\"A nizzai Akropolisz-palot\u00e1ba bel\u00e9pve a bord\u00e1zott boltozat alatt k\u00e9sz \u0160koda-aut\u00f3parkot tal\u00e1ltam. Egyik\u00fck jobban ragyogott, mint b\u00e1rmelyik m\u00e1sik, ak\u00e1r egy v\u00f6r\u00f6s dr\u00e1gak\u0151 a koron\u00e1ban.\",\"breadcrumb\":{\"@id\":\"https:\/\/www.welovecycling.com\/hu\/orszaguti-kerekpar\/egy-nap-a-tour-de-france-vezetoigazgatojanak-autojaban\/#breadcrumb\"},\"inLanguage\":\"hu\",\"potentialAction\":[{\"@type\":\"ReadAction\",\"target\":[\"https:\/\/www.welovecycling.com\/hu\/orszaguti-kerekpar\/egy-nap-a-tour-de-france-vezetoigazgatojanak-autojaban\/\"]}]},{\"@type\":\"ImageObject\",\"inLanguage\":\"hu\",\"@id\":\"https:\/\/www.welovecycling.com\/hu\/orszaguti-kerekpar\/egy-nap-a-tour-de-france-vezetoigazgatojanak-autojaban\/#primaryimage\",\"url\":\"https:\/\/d2p6e6u75xmxt8.cloudfront.net\/12\/2020\/09\/SKODA-SUPERB-iV-CVR-1.jpg\",\"contentUrl\":\"https:\/\/d2p6e6u75xmxt8.cloudfront.net\/12\/2020\/09\/SKODA-SUPERB-iV-CVR-1.jpg\",\"width\":1366,\"height\":600},{\"@type\":\"BreadcrumbList\",\"@id\":\"https:\/\/www.welovecycling.com\/hu\/orszaguti-kerekpar\/egy-nap-a-tour-de-france-vezetoigazgatojanak-autojaban\/#breadcrumb\",\"itemListElement\":[{\"@type\":\"ListItem\",\"position\":1,\"name\":\"Home\",\"item\":\"https:\/\/www.welovecycling.com\/hu\/\"},{\"@type\":\"ListItem\",\"position\":2,\"name\":\"Egy nap a Tour de France vezet\u0151igazgat\u00f3j\u00e1nak aut\u00f3j\u00e1ban\"}]},{\"@type\":\"WebSite\",\"@id\":\"https:\/\/www.welovecycling.com\/hu\/#website\",\"url\":\"https:\/\/www.welovecycling.com\/hu\/\",\"name\":\"\u0160koda We Love Cycling - Magyarorsz\u00e1g\",\"description\":\"\u0160koda WeLoveCycling\",\"potentialAction\":[{\"@type\":\"SearchAction\",\"target\":{\"@type\":\"EntryPoint\",\"urlTemplate\":\"https:\/\/www.welovecycling.com\/hu\/?s={search_term_string}\"},\"query-input\":{\"@type\":\"PropertyValueSpecification\",\"valueRequired\":true,\"valueName\":\"search_term_string\"}}],\"inLanguage\":\"hu\"},{\"@type\":\"Person\",\"@id\":\"https:\/\/www.welovecycling.com\/hu\/#\/schema\/person\/414a2aebf1801691a5320edb6468e194\",\"name\":\"hegyizs\",\"image\":{\"@type\":\"ImageObject\",\"inLanguage\":\"hu\",\"@id\":\"https:\/\/www.welovecycling.com\/hu\/#\/schema\/person\/image\/\",\"url\":\"https:\/\/secure.gravatar.com\/avatar\/02cf8a7906b8cf90cecb4679defac7cfd33a1c2e3b88e4903d947f3bb58eedd3?s=96&d=mm&r=g\",\"contentUrl\":\"https:\/\/secure.gravatar.com\/avatar\/02cf8a7906b8cf90cecb4679defac7cfd33a1c2e3b88e4903d947f3bb58eedd3?s=96&d=mm&r=g\",\"caption\":\"hegyizs\"},\"url\":\"https:\/\/www.welovecycling.com\/hu\/author\/hegyizs\/\"}]}<\/script>\n<!-- \/ Yoast SEO Premium plugin. -->","yoast_head_json":{"title":"Egy nap a Tour de France vezet\u0151igazgat\u00f3j\u00e1nak aut\u00f3j\u00e1ban - \u0160koda We Love Cycling - Magyarorsz\u00e1g","description":"A nizzai Akropolisz-palot\u00e1ba bel\u00e9pve a bord\u00e1zott boltozat alatt k\u00e9sz \u0160koda-aut\u00f3parkot tal\u00e1ltam. Egyik\u00fck jobban ragyogott, mint b\u00e1rmelyik m\u00e1sik, ak\u00e1r egy v\u00f6r\u00f6s dr\u00e1gak\u0151 a koron\u00e1ban.","robots":{"index":"index","follow":"follow","max-snippet":"max-snippet:-1","max-image-preview":"max-image-preview:large","max-video-preview":"max-video-preview:-1"},"canonical":"https:\/\/www.welovecycling.com\/hu\/orszaguti-kerekpar\/egy-nap-a-tour-de-france-vezetoigazgatojanak-autojaban\/","og_locale":"hu_HU","og_type":"article","og_title":"Egy nap a Tour de France vezet\u0151igazgat\u00f3j\u00e1nak aut\u00f3j\u00e1ban","og_description":"A nizzai Akropolisz-palot\u00e1ba bel\u00e9pve a bord\u00e1zott boltozat alatt k\u00e9sz \u0160koda-aut\u00f3parkot tal\u00e1ltam. Egyik\u00fck jobban ragyogott, mint b\u00e1rmelyik m\u00e1sik, ak\u00e1r egy v\u00f6r\u00f6s dr\u00e1gak\u0151 a koron\u00e1ban.","og_url":"https:\/\/www.welovecycling.com\/hu\/orszaguti-kerekpar\/egy-nap-a-tour-de-france-vezetoigazgatojanak-autojaban\/","og_site_name":"\u0160koda We Love Cycling - Magyarorsz\u00e1g","article_publisher":"https:\/\/www.facebook.com\/WeLoveCyclingHungary\/","article_published_time":"2020-09-11T06:00:24+00:00","article_modified_time":"2022-02-09T07:59:32+00:00","og_image":[{"width":1366,"height":600,"url":"https:\/\/d2p6e6u75xmxt8.cloudfront.net\/12\/2020\/09\/SKODA-SUPERB-iV-CVR-1.jpg","type":"image\/jpeg"}],"author":"hegyizs","twitter_card":"summary_large_image","twitter_misc":{"Written by":"Adam Marsal","Est. reading time":"7"},"schema":{"@context":"https:\/\/schema.org","@graph":[{"@type":"WebPage","@id":"https:\/\/www.welovecycling.com\/hu\/orszaguti-kerekpar\/egy-nap-a-tour-de-france-vezetoigazgatojanak-autojaban\/","url":"https:\/\/www.welovecycling.com\/hu\/orszaguti-kerekpar\/egy-nap-a-tour-de-france-vezetoigazgatojanak-autojaban\/","name":"Egy nap a Tour de France vezet\u0151igazgat\u00f3j\u00e1nak aut\u00f3j\u00e1ban - \u0160koda We Love Cycling - Magyarorsz\u00e1g","isPartOf":{"@id":"https:\/\/www.welovecycling.com\/hu\/#website"},"primaryImageOfPage":{"@id":"https:\/\/www.welovecycling.com\/hu\/orszaguti-kerekpar\/egy-nap-a-tour-de-france-vezetoigazgatojanak-autojaban\/#primaryimage"},"image":{"@id":"https:\/\/www.welovecycling.com\/hu\/orszaguti-kerekpar\/egy-nap-a-tour-de-france-vezetoigazgatojanak-autojaban\/#primaryimage"},"thumbnailUrl":"https:\/\/d2p6e6u75xmxt8.cloudfront.net\/12\/2020\/09\/SKODA-SUPERB-iV-CVR-1.jpg","datePublished":"2020-09-11T06:00:24+00:00","dateModified":"2022-02-09T07:59:32+00:00","author":{"@id":"https:\/\/www.welovecycling.com\/hu\/#\/schema\/person\/414a2aebf1801691a5320edb6468e194"},"description":"A nizzai Akropolisz-palot\u00e1ba bel\u00e9pve a bord\u00e1zott boltozat alatt k\u00e9sz \u0160koda-aut\u00f3parkot tal\u00e1ltam. Egyik\u00fck jobban ragyogott, mint b\u00e1rmelyik m\u00e1sik, ak\u00e1r egy v\u00f6r\u00f6s dr\u00e1gak\u0151 a koron\u00e1ban.","breadcrumb":{"@id":"https:\/\/www.welovecycling.com\/hu\/orszaguti-kerekpar\/egy-nap-a-tour-de-france-vezetoigazgatojanak-autojaban\/#breadcrumb"},"inLanguage":"hu","potentialAction":[{"@type":"ReadAction","target":["https:\/\/www.welovecycling.com\/hu\/orszaguti-kerekpar\/egy-nap-a-tour-de-france-vezetoigazgatojanak-autojaban\/"]}]},{"@type":"ImageObject","inLanguage":"hu","@id":"https:\/\/www.welovecycling.com\/hu\/orszaguti-kerekpar\/egy-nap-a-tour-de-france-vezetoigazgatojanak-autojaban\/#primaryimage","url":"https:\/\/d2p6e6u75xmxt8.cloudfront.net\/12\/2020\/09\/SKODA-SUPERB-iV-CVR-1.jpg","contentUrl":"https:\/\/d2p6e6u75xmxt8.cloudfront.net\/12\/2020\/09\/SKODA-SUPERB-iV-CVR-1.jpg","width":1366,"height":600},{"@type":"BreadcrumbList","@id":"https:\/\/www.welovecycling.com\/hu\/orszaguti-kerekpar\/egy-nap-a-tour-de-france-vezetoigazgatojanak-autojaban\/#breadcrumb","itemListElement":[{"@type":"ListItem","position":1,"name":"Home","item":"https:\/\/www.welovecycling.com\/hu\/"},{"@type":"ListItem","position":2,"name":"Egy nap a Tour de France vezet\u0151igazgat\u00f3j\u00e1nak aut\u00f3j\u00e1ban"}]},{"@type":"WebSite","@id":"https:\/\/www.welovecycling.com\/hu\/#website","url":"https:\/\/www.welovecycling.com\/hu\/","name":"\u0160koda We Love Cycling - Magyarorsz\u00e1g","description":"\u0160koda WeLoveCycling","potentialAction":[{"@type":"SearchAction","target":{"@type":"EntryPoint","urlTemplate":"https:\/\/www.welovecycling.com\/hu\/?s={search_term_string}"},"query-input":{"@type":"PropertyValueSpecification","valueRequired":true,"valueName":"search_term_string"}}],"inLanguage":"hu"},{"@type":"Person","@id":"https:\/\/www.welovecycling.com\/hu\/#\/schema\/person\/414a2aebf1801691a5320edb6468e194","name":"hegyizs","image":{"@type":"ImageObject","inLanguage":"hu","@id":"https:\/\/www.welovecycling.com\/hu\/#\/schema\/person\/image\/","url":"https:\/\/secure.gravatar.com\/avatar\/02cf8a7906b8cf90cecb4679defac7cfd33a1c2e3b88e4903d947f3bb58eedd3?s=96&d=mm&r=g","contentUrl":"https:\/\/secure.gravatar.com\/avatar\/02cf8a7906b8cf90cecb4679defac7cfd33a1c2e3b88e4903d947f3bb58eedd3?s=96&d=mm&r=g","caption":"hegyizs"},"url":"https:\/\/www.welovecycling.com\/hu\/author\/hegyizs\/"}]}},"_links":{"self":[{"href":"https:\/\/www.welovecycling.com\/hu\/wp-json\/wp\/v2\/posts\/8488","targetHints":{"allow":["GET"]}}],"collection":[{"href":"https:\/\/www.welovecycling.com\/hu\/wp-json\/wp\/v2\/posts"}],"about":[{"href":"https:\/\/www.welovecycling.com\/hu\/wp-json\/wp\/v2\/types\/post"}],"author":[{"embeddable":true,"href":"https:\/\/www.welovecycling.com\/hu\/wp-json\/wp\/v2\/users\/71"}],"replies":[{"embeddable":true,"href":"https:\/\/www.welovecycling.com\/hu\/wp-json\/wp\/v2\/comments?post=8488"}],"version-history":[{"count":2,"href":"https:\/\/www.welovecycling.com\/hu\/wp-json\/wp\/v2\/posts\/8488\/revisions"}],"predecessor-version":[{"id":8499,"href":"https:\/\/www.welovecycling.com\/hu\/wp-json\/wp\/v2\/posts\/8488\/revisions\/8499"}],"wp:featuredmedia":[{"embeddable":true,"href":"https:\/\/www.welovecycling.com\/hu\/wp-json\/wp\/v2\/media\/8494"}],"wp:attachment":[{"href":"https:\/\/www.welovecycling.com\/hu\/wp-json\/wp\/v2\/media?parent=8488"}],"wp:term":[{"taxonomy":"category","embeddable":true,"href":"https:\/\/www.welovecycling.com\/hu\/wp-json\/wp\/v2\/categories?post=8488"},{"taxonomy":"post_tag","embeddable":true,"href":"https:\/\/www.welovecycling.com\/hu\/wp-json\/wp\/v2\/tags?post=8488"},{"taxonomy":"global-categories","embeddable":true,"href":"https:\/\/www.welovecycling.com\/hu\/wp-json\/wp\/v2\/global-categories?post=8488"}],"curies":[{"name":"wp","href":"https:\/\/api.w.org\/{rel}","templated":true}]}}