{"id":8470,"date":"2020-09-08T08:00:50","date_gmt":"2020-09-08T07:00:50","guid":{"rendered":"https:\/\/www.welovecycling.com\/hu\/?p=8470"},"modified":"2020-09-04T14:38:10","modified_gmt":"2020-09-04T13:38:10","slug":"az-5-legerdekesebb-tour-de-france-szakasz","status":"publish","type":"post","link":"https:\/\/www.welovecycling.com\/hu\/orszaguti-kerekpar\/az-5-legerdekesebb-tour-de-france-szakasz\/","title":{"rendered":"Az 5 leg\u00e9rdekesebb Tour de France szakasz"},"content":{"rendered":"<p><strong>A francia k\u00f6rverseny szervez\u0151i minden \u00e9vben m\u00e1s \u00e9s m\u00e1s m\u00f3dot tal\u00e1lnak r\u00e1, hogy \u00fajszer\u0171en \u00e1ll\u00edts\u00e1k \u00f6ssze a 21 szakaszb\u00f3l \u00e1ll\u00f3 t\u00e1vot. Vannak olyan szakaszok, amik annyira sikeresek, hogy minden \u00e9vben visszat\u00e9rnek, m\u00e1sok viszont csak az eml\u00e9keinkben \u00e9lnek tov\u00e1bb. N\u00e9zz\u00fck, melyek voltak a Tour t\u00f6rt\u00e9nelm\u00e9nek leg\u00e9rdekesebb r\u00e9szletei!<\/strong><!--more--><\/p>\n<h2><strong>A leghosszabb<\/strong><\/h2>\n<p>A kezdeti \u00e9vek a rendk\u00edv\u00fcl meger\u0151ltet\u0151 szakaszokr\u00f3l h\u00edresek, \u00edgy nem meglep\u0151, hogy a leghosszabbal 1919-ben kellett megk\u00fczdeni\u00fck a versenyz\u0151knek. Egy \u0151r\u00fclt, 482 km-es \u00fat, Les Sables-d\u2019Olonne-t\u0151l Bayonne-ig. A gy\u0151ztes Jean Alavoin 18 \u00f3ra \u00e9s 54 perc alatt tekerte le! A szakaszok \u00e1tlagos hossza 1945 ut\u00e1n cs\u00f6kkent jelent\u0151sebben, ekkor csak 350 km hossz\u00fa volt a leghosszabb. Az ut\u00f3bbi 20 \u00e9vben pedig tov\u00e1bb r\u00f6vid\u00fcltek, ma alig \u00e9ri el n\u00e9h\u00e1ny a 250 km-t. Le a kalappal az 1910-es \u00e9vek ker\u00e9kp\u00e1rosai el\u0151tt!<\/p>\n<figure id=\"attachment_8472\" aria-describedby=\"caption-attachment-8472\" style=\"width: 1250px\" class=\"wp-caption alignnone\"><img loading=\"lazy\" decoding=\"async\" class=\"size-full wp-image-8472\" src=\"https:\/\/d2p6e6u75xmxt8.cloudfront.net\/12\/2020\/09\/profimedia-0067944227-1.jpg\" alt=\"Tour de France\" width=\"1250\" height=\"854\" srcset=\"https:\/\/d2p6e6u75xmxt8.cloudfront.net\/12\/2020\/09\/profimedia-0067944227-1.jpg 1250w, https:\/\/d2p6e6u75xmxt8.cloudfront.net\/12\/2020\/09\/profimedia-0067944227-1-300x205.jpg 300w, https:\/\/d2p6e6u75xmxt8.cloudfront.net\/12\/2020\/09\/profimedia-0067944227-1-1024x700.jpg 1024w, https:\/\/d2p6e6u75xmxt8.cloudfront.net\/12\/2020\/09\/profimedia-0067944227-1-768x525.jpg 768w\" sizes=\"auto, (max-width: 1250px) 100vw, 1250px\" \/><figcaption id=\"caption-attachment-8472\" class=\"wp-caption-text\"><em>Hegyvid\u00e9ki szakasz az 1910-es Tour-on. \u00a9 Profimedia<\/em><\/figcaption><\/figure>\n<h2><strong>A legr\u00f6videbb<\/strong><\/h2>\n<p>B\u00e1r a f\u00e1raszt\u00f3, hossz\u00fa szakaszok a verseny saj\u00e1toss\u00e1gai, a v\u00e1ltozatoss\u00e1g teszi olyan cs\u00e1b\u00edt\u00f3v\u00e1 a megm\u00e9rettet\u00e9st. Az 1971-es \u00fatvonal 15. szakasza volt az eddigi legr\u00f6videbb. A Luchon \u00e9s Superbagn\u00e8res k\u00f6z\u00f6tti r\u00e9sz mind\u00f6ssze 19,6 km-es volt, de a versenyz\u0151knek 1900 m\u00e9teres szintemelked\u00e9st kellett teljes\u00edteni\u00fck. Jose Manuel Fuente 48 perc \u00e9s 42 m\u00e1sodperc alatt aratott gy\u0151zelmet. A legr\u00f6videbb s\u00edk szakasz 38 km hossz\u00fa volt \u00e9s 1988-ban volt a Tour r\u00e9sze. Adri van der Poelnek 46 percbe \u00e9s 36 m\u00e1sodpercbe telt megtenni. Ugyanebben az \u00e9vben lehett\u00fcnk szemtan\u00fai a legr\u00f6videbb egy\u00e9ni id\u0151futamnak is: az 1. szakasz el\u0151tti 1 km-es t\u00e1vr\u00f3l besz\u00e9l\u00fcnk, amit Guido Bontempi 1 perc 14 m\u00e1sodperc alatt tett meg.<\/p>\n<h2><strong>A legnehezebb<\/strong><\/h2>\n<p>A legnehezebb szakaszhoz \u00fajra vissza kell utaznunk a kezdetekhez. A megtiszteltet\u00e9s az 1926-os verseny 10. szakasz\u00e1t illeti. A peloton Bayonne-b\u00f3l indult \u00e9s n\u00e9gy neh\u00e9z emelked\u0151n is \u00e1thaladt, miel\u0151tt Luchonban v\u00e9get \u00e9rt volna. Mindezt igen kellemetlen id\u0151j\u00e1r\u00e1si viszonyok k\u00f6z\u00f6tt kellett megtennie a 76 versenyz\u0151nek. \u00c9jf\u00e9lkor indultak, d\u00e9lut\u00e1n 17:12-kor pedig Lucien Buysee els\u0151k\u00e9nt l\u00e9pte \u00e1t a c\u00e9lvonalat. A m\u00e1sodik helyezett 25 perccel maradt le, a k\u00f6vetkez\u0151 10 f\u0151nek pedig m\u00e9g egy \u00f3r\u00e1ba telt be\u00e9rnie. Mire ism\u00e9t \u00e9jf\u00e9l lett, csak 47-en pihenhettek Luchonban, k\u00f6z\u00fcl\u00fck is j\u00f3n\u00e9h\u00e1ny busszal \u00e9rkeztek. A t\u00f6bbieket a szervez\u0151k szedt\u00e9k \u00f6ssze a szakasz k\u00fcl\u00f6nb\u00f6z\u0151 r\u00e9szein.<\/p>\n<p>Nem mehet\u00fcnk el sz\u00f3 n\u00e9lk\u00fcl az 1983-as Tour 18. szakasza mellett sem: a 247,5 km-es t\u00e1vot, 6685 m\u00e9teres szintemelked\u00e9ssel Jacques Michaud nyerte meg. H\u00e9t \u00f3ra \u00e9s 45 perc alatt tekerte le.<\/p>\n<h2><strong>A legszebb<\/strong><\/h2>\n<p>Ez a kateg\u00f3ria a legszubjekt\u00edvebb, hiszen minden hegyi szakasz csod\u00e1latos. Az 1962-es verseny 10. szakasza azonban egy kicsit k\u00fcl\u00f6nlegesebb a t\u00f6bbin\u00e9l: az ikonikus Alpe d\u2019Huez s\u00edparadicsomon \u00e1t vezetett. Ez volt az els\u0151 \u00e9v, hogy motorosok k\u00eds\u00e9rt\u00e9k a bicikliseket \u00e9s k\u00f6zvet\u00edtett\u00e9k kamer\u00e1kkal a versenyt, \u00edgy a rajong\u00f3k olyan k\u00f6zelr\u0151l l\u00e1thatt\u00e1k azt, mint m\u00e9g soha, Szint\u00e9n els\u0151 alkalom volt, hogy a hegyekben v\u00e9gz\u0151d\u00f6tt egy szakasz, r\u00e1ad\u00e1sul a gy\u00f6ny\u00f6r\u0171 Alpez d\u2019Huez-en. A l\u00e9legzetel\u00e1ll\u00edt\u00f3 l\u00e1tv\u00e1ny meggy\u0151zte a szervez\u0151ket, hogy \u00e9rdemes \u00fajra \u00e9s \u00fajra megism\u00e9telni a t\u00e1vot. S\u0151t, 2013-ban egy nap alatt k\u00e9tszer is meg kellett tenni\u00fck a r\u00e9sztvev\u0151knek! A hegycs\u00facs bajnoka, Marco Pantani, a tekint\u00e9lyes, 14,5 km-es, 1135 m\u00e9teres m\u00e1sz\u00e1ssal nehez\u00edtett szakaszt 37 perc 35 m\u00e1sodperc alatt teljes\u00edtette.<\/p>\n<lite-youtube videoid=HR8lUdPVE_Y params=\"enablejsapi=1\" style=\"background-image: url('https:\/\/i.ytimg.com\/vi_webp\/HR8lUdPVE_Y\/maxresdefault.webp');\"><\/lite-youtube>\n<h2><strong>A legijeszt\u0151bb<\/strong><\/h2>\n<p>A legf\u00e9lelmetesebb szakaszok \u00e1ltal\u00e1ban nem a leghosszabbak, \u00e9s nem is a legmagasabb cs\u00facsokkal t\u0171zdeltek. Amit\u0151l igaz\u00e1n tartanak a versenyz\u0151k, azok a r\u00f6vid t\u00e1vok, sok-sok emelked\u0151vel. A gy\u0151zelemhez v\u00e9gig \u0151r\u00fclt temp\u00f3t kell tartani, nincs id\u0151 pihen\u00e9sre! A 2018-as verseny 17. szakasza t\u00f6k\u00e9letesen megfelel ennek a le\u00edr\u00e1snak. A 65 km hossz\u00fa Bagn\u00e8res-de-Luchon \u00e9s Saint-Lary-Soula k\u00f6z\u00f6tt h\u00faz\u00f3d\u00f3 \u00fatvonal 38 km-en \u00e1t emelkedett, h\u00e1rom dombot \u00e9s egyetlen s\u00edk r\u00e9szt tartalmazott. A v\u00e1rakoz\u00e1soknak megfelel\u0151en dr\u00e1mai volt az eg\u00e9sz verseng\u00e9s. Minden az utols\u00f3 emelked\u0151n d\u0151lt el, ahol Nairo Quintana olyan el\u0151nyt szerzett, hogy m\u00e9g Chris Froome \u00e9s Geraint Thomas sem \u00e9rte utol.<\/p>\n","protected":false},"excerpt":{"rendered":"<p>A francia k\u00f6rverseny szervez\u0151i minden \u00e9vben m\u00e1s \u00e9s m\u00e1s m\u00f3dot tal\u00e1lnak r\u00e1, hogy \u00fajszer\u0171en \u00e1ll\u00edts\u00e1k \u00f6ssze a 21 szakaszb\u00f3l \u00e1ll\u00f3 [&hellip;]<\/p>\n","protected":false},"author":71,"featured_media":8474,"comment_status":"open","ping_status":"open","sticky":false,"template":"","format":"standard","meta":{"footnotes":""},"categories":[8],"tags":[441],"global-categories":[],"class_list":["post-8470","post","type-post","status-publish","format-standard","has-post-thumbnail","hentry","category-orszaguti-kerekpar","tag-tour-de-france-2020"],"yoast_head":"<!-- This site is optimized with the Yoast SEO Premium plugin v25.3 (Yoast SEO v25.9) - https:\/\/yoast.com\/wordpress\/plugins\/seo\/ -->\n<title>Az 5 leg\u00e9rdekesebb Tour de France szakasz<\/title>\n<meta name=\"description\" content=\"A francia k\u00f6rverseny szervez\u0151i minden \u00e9vben m\u00e1s \u00e9s m\u00e1s m\u00f3dot tal\u00e1lnak r\u00e1, hogy \u00fajszer\u0171en \u00e1ll\u00edts\u00e1k \u00f6ssze a 21 szakaszb\u00f3l \u00e1ll\u00f3 t\u00e1vot. Vannak olyan szakaszok, amik annyira sikeresek, hogy minden \u00e9vben visszat\u00e9rnek, m\u00e1sok viszont csak az eml\u00e9keinkben \u00e9lnek tov\u00e1bb. N\u00e9zz\u00fck, melyek voltak a Tour t\u00f6rt\u00e9nelm\u00e9nek leg\u00e9rdekesebb r\u00e9szletei!\" \/>\n<meta name=\"robots\" content=\"index, follow, max-snippet:-1, max-image-preview:large, max-video-preview:-1\" \/>\n<link rel=\"canonical\" href=\"https:\/\/www.welovecycling.com\/hu\/orszaguti-kerekpar\/az-5-legerdekesebb-tour-de-france-szakasz\/\" \/>\n<meta property=\"og:locale\" content=\"hu_HU\" \/>\n<meta property=\"og:type\" content=\"article\" \/>\n<meta property=\"og:title\" content=\"Az 5 leg\u00e9rdekesebb Tour de France szakasz\" \/>\n<meta property=\"og:description\" content=\"A francia k\u00f6rverseny szervez\u0151i minden \u00e9vben m\u00e1s \u00e9s m\u00e1s m\u00f3dot tal\u00e1lnak r\u00e1, hogy \u00fajszer\u0171en \u00e1ll\u00edts\u00e1k \u00f6ssze a 21 szakaszb\u00f3l \u00e1ll\u00f3 t\u00e1vot. Vannak olyan szakaszok, amik annyira sikeresek, hogy minden \u00e9vben visszat\u00e9rnek, m\u00e1sok viszont csak az eml\u00e9keinkben \u00e9lnek tov\u00e1bb. N\u00e9zz\u00fck, melyek voltak a Tour t\u00f6rt\u00e9nelm\u00e9nek leg\u00e9rdekesebb r\u00e9szletei!\" \/>\n<meta property=\"og:url\" content=\"https:\/\/www.welovecycling.com\/hu\/orszaguti-kerekpar\/az-5-legerdekesebb-tour-de-france-szakasz\/\" \/>\n<meta property=\"og:site_name\" content=\"\u0160koda We Love Cycling - Magyarorsz\u00e1g\" \/>\n<meta property=\"article:publisher\" content=\"https:\/\/www.facebook.com\/WeLoveCyclingHungary\/\" \/>\n<meta property=\"article:published_time\" content=\"2020-09-08T07:00:50+00:00\" \/>\n<meta property=\"og:image\" content=\"https:\/\/d2p6e6u75xmxt8.cloudfront.net\/12\/2020\/09\/Nairo-Quintana-CVR-profimedia-0379497038.jpg\" \/>\n\t<meta property=\"og:image:width\" content=\"1366\" \/>\n\t<meta property=\"og:image:height\" content=\"600\" \/>\n\t<meta property=\"og:image:type\" content=\"image\/jpeg\" \/>\n<meta name=\"author\" content=\"hegyizs\" \/>\n<meta name=\"twitter:card\" content=\"summary_large_image\" \/>\n<meta name=\"twitter:label1\" content=\"Written by\" \/>\n\t<meta name=\"twitter:data1\" content=\"Jiri Kaloc\" \/>\n\t<meta name=\"twitter:label2\" content=\"Est. reading time\" \/>\n\t<meta name=\"twitter:data2\" content=\"7\" \/>\n<script type=\"application\/ld+json\" class=\"yoast-schema-graph\">{\"@context\":\"https:\/\/schema.org\",\"@graph\":[{\"@type\":\"WebPage\",\"@id\":\"https:\/\/www.welovecycling.com\/hu\/orszaguti-kerekpar\/az-5-legerdekesebb-tour-de-france-szakasz\/\",\"url\":\"https:\/\/www.welovecycling.com\/hu\/orszaguti-kerekpar\/az-5-legerdekesebb-tour-de-france-szakasz\/\",\"name\":\"Az 5 leg\u00e9rdekesebb Tour de France szakasz\",\"isPartOf\":{\"@id\":\"https:\/\/www.welovecycling.com\/hu\/#website\"},\"primaryImageOfPage\":{\"@id\":\"https:\/\/www.welovecycling.com\/hu\/orszaguti-kerekpar\/az-5-legerdekesebb-tour-de-france-szakasz\/#primaryimage\"},\"image\":{\"@id\":\"https:\/\/www.welovecycling.com\/hu\/orszaguti-kerekpar\/az-5-legerdekesebb-tour-de-france-szakasz\/#primaryimage\"},\"thumbnailUrl\":\"https:\/\/d2p6e6u75xmxt8.cloudfront.net\/12\/2020\/09\/Nairo-Quintana-CVR-profimedia-0379497038.jpg\",\"datePublished\":\"2020-09-08T07:00:50+00:00\",\"author\":{\"@id\":\"https:\/\/www.welovecycling.com\/hu\/#\/schema\/person\/414a2aebf1801691a5320edb6468e194\"},\"description\":\"A francia k\u00f6rverseny szervez\u0151i minden \u00e9vben m\u00e1s \u00e9s m\u00e1s m\u00f3dot tal\u00e1lnak r\u00e1, hogy \u00fajszer\u0171en \u00e1ll\u00edts\u00e1k \u00f6ssze a 21 szakaszb\u00f3l \u00e1ll\u00f3 t\u00e1vot. Vannak olyan szakaszok, amik annyira sikeresek, hogy minden \u00e9vben visszat\u00e9rnek, m\u00e1sok viszont csak az eml\u00e9keinkben \u00e9lnek tov\u00e1bb. N\u00e9zz\u00fck, melyek voltak a Tour t\u00f6rt\u00e9nelm\u00e9nek leg\u00e9rdekesebb r\u00e9szletei!\",\"breadcrumb\":{\"@id\":\"https:\/\/www.welovecycling.com\/hu\/orszaguti-kerekpar\/az-5-legerdekesebb-tour-de-france-szakasz\/#breadcrumb\"},\"inLanguage\":\"hu\",\"potentialAction\":[{\"@type\":\"ReadAction\",\"target\":[\"https:\/\/www.welovecycling.com\/hu\/orszaguti-kerekpar\/az-5-legerdekesebb-tour-de-france-szakasz\/\"]}]},{\"@type\":\"ImageObject\",\"inLanguage\":\"hu\",\"@id\":\"https:\/\/www.welovecycling.com\/hu\/orszaguti-kerekpar\/az-5-legerdekesebb-tour-de-france-szakasz\/#primaryimage\",\"url\":\"https:\/\/d2p6e6u75xmxt8.cloudfront.net\/12\/2020\/09\/Nairo-Quintana-CVR-profimedia-0379497038.jpg\",\"contentUrl\":\"https:\/\/d2p6e6u75xmxt8.cloudfront.net\/12\/2020\/09\/Nairo-Quintana-CVR-profimedia-0379497038.jpg\",\"width\":1366,\"height\":600},{\"@type\":\"BreadcrumbList\",\"@id\":\"https:\/\/www.welovecycling.com\/hu\/orszaguti-kerekpar\/az-5-legerdekesebb-tour-de-france-szakasz\/#breadcrumb\",\"itemListElement\":[{\"@type\":\"ListItem\",\"position\":1,\"name\":\"Home\",\"item\":\"https:\/\/www.welovecycling.com\/hu\/\"},{\"@type\":\"ListItem\",\"position\":2,\"name\":\"Az 5 leg\u00e9rdekesebb Tour de France szakasz\"}]},{\"@type\":\"WebSite\",\"@id\":\"https:\/\/www.welovecycling.com\/hu\/#website\",\"url\":\"https:\/\/www.welovecycling.com\/hu\/\",\"name\":\"\u0160koda We Love Cycling - Magyarorsz\u00e1g\",\"description\":\"\u0160koda WeLoveCycling\",\"potentialAction\":[{\"@type\":\"SearchAction\",\"target\":{\"@type\":\"EntryPoint\",\"urlTemplate\":\"https:\/\/www.welovecycling.com\/hu\/?s={search_term_string}\"},\"query-input\":{\"@type\":\"PropertyValueSpecification\",\"valueRequired\":true,\"valueName\":\"search_term_string\"}}],\"inLanguage\":\"hu\"},{\"@type\":\"Person\",\"@id\":\"https:\/\/www.welovecycling.com\/hu\/#\/schema\/person\/414a2aebf1801691a5320edb6468e194\",\"name\":\"hegyizs\",\"image\":{\"@type\":\"ImageObject\",\"inLanguage\":\"hu\",\"@id\":\"https:\/\/www.welovecycling.com\/hu\/#\/schema\/person\/image\/\",\"url\":\"https:\/\/secure.gravatar.com\/avatar\/02cf8a7906b8cf90cecb4679defac7cfd33a1c2e3b88e4903d947f3bb58eedd3?s=96&d=mm&r=g\",\"contentUrl\":\"https:\/\/secure.gravatar.com\/avatar\/02cf8a7906b8cf90cecb4679defac7cfd33a1c2e3b88e4903d947f3bb58eedd3?s=96&d=mm&r=g\",\"caption\":\"hegyizs\"},\"url\":\"https:\/\/www.welovecycling.com\/hu\/author\/hegyizs\/\"}]}<\/script>\n<!-- \/ Yoast SEO Premium plugin. -->","yoast_head_json":{"title":"Az 5 leg\u00e9rdekesebb Tour de France szakasz","description":"A francia k\u00f6rverseny szervez\u0151i minden \u00e9vben m\u00e1s \u00e9s m\u00e1s m\u00f3dot tal\u00e1lnak r\u00e1, hogy \u00fajszer\u0171en \u00e1ll\u00edts\u00e1k \u00f6ssze a 21 szakaszb\u00f3l \u00e1ll\u00f3 t\u00e1vot. Vannak olyan szakaszok, amik annyira sikeresek, hogy minden \u00e9vben visszat\u00e9rnek, m\u00e1sok viszont csak az eml\u00e9keinkben \u00e9lnek tov\u00e1bb. N\u00e9zz\u00fck, melyek voltak a Tour t\u00f6rt\u00e9nelm\u00e9nek leg\u00e9rdekesebb r\u00e9szletei!","robots":{"index":"index","follow":"follow","max-snippet":"max-snippet:-1","max-image-preview":"max-image-preview:large","max-video-preview":"max-video-preview:-1"},"canonical":"https:\/\/www.welovecycling.com\/hu\/orszaguti-kerekpar\/az-5-legerdekesebb-tour-de-france-szakasz\/","og_locale":"hu_HU","og_type":"article","og_title":"Az 5 leg\u00e9rdekesebb Tour de France szakasz","og_description":"A francia k\u00f6rverseny szervez\u0151i minden \u00e9vben m\u00e1s \u00e9s m\u00e1s m\u00f3dot tal\u00e1lnak r\u00e1, hogy \u00fajszer\u0171en \u00e1ll\u00edts\u00e1k \u00f6ssze a 21 szakaszb\u00f3l \u00e1ll\u00f3 t\u00e1vot. Vannak olyan szakaszok, amik annyira sikeresek, hogy minden \u00e9vben visszat\u00e9rnek, m\u00e1sok viszont csak az eml\u00e9keinkben \u00e9lnek tov\u00e1bb. N\u00e9zz\u00fck, melyek voltak a Tour t\u00f6rt\u00e9nelm\u00e9nek leg\u00e9rdekesebb r\u00e9szletei!","og_url":"https:\/\/www.welovecycling.com\/hu\/orszaguti-kerekpar\/az-5-legerdekesebb-tour-de-france-szakasz\/","og_site_name":"\u0160koda We Love Cycling - Magyarorsz\u00e1g","article_publisher":"https:\/\/www.facebook.com\/WeLoveCyclingHungary\/","article_published_time":"2020-09-08T07:00:50+00:00","og_image":[{"width":1366,"height":600,"url":"https:\/\/d2p6e6u75xmxt8.cloudfront.net\/12\/2020\/09\/Nairo-Quintana-CVR-profimedia-0379497038.jpg","type":"image\/jpeg"}],"author":"hegyizs","twitter_card":"summary_large_image","twitter_misc":{"Written by":"Jiri Kaloc","Est. reading time":"7"},"schema":{"@context":"https:\/\/schema.org","@graph":[{"@type":"WebPage","@id":"https:\/\/www.welovecycling.com\/hu\/orszaguti-kerekpar\/az-5-legerdekesebb-tour-de-france-szakasz\/","url":"https:\/\/www.welovecycling.com\/hu\/orszaguti-kerekpar\/az-5-legerdekesebb-tour-de-france-szakasz\/","name":"Az 5 leg\u00e9rdekesebb Tour de France szakasz","isPartOf":{"@id":"https:\/\/www.welovecycling.com\/hu\/#website"},"primaryImageOfPage":{"@id":"https:\/\/www.welovecycling.com\/hu\/orszaguti-kerekpar\/az-5-legerdekesebb-tour-de-france-szakasz\/#primaryimage"},"image":{"@id":"https:\/\/www.welovecycling.com\/hu\/orszaguti-kerekpar\/az-5-legerdekesebb-tour-de-france-szakasz\/#primaryimage"},"thumbnailUrl":"https:\/\/d2p6e6u75xmxt8.cloudfront.net\/12\/2020\/09\/Nairo-Quintana-CVR-profimedia-0379497038.jpg","datePublished":"2020-09-08T07:00:50+00:00","author":{"@id":"https:\/\/www.welovecycling.com\/hu\/#\/schema\/person\/414a2aebf1801691a5320edb6468e194"},"description":"A francia k\u00f6rverseny szervez\u0151i minden \u00e9vben m\u00e1s \u00e9s m\u00e1s m\u00f3dot tal\u00e1lnak r\u00e1, hogy \u00fajszer\u0171en \u00e1ll\u00edts\u00e1k \u00f6ssze a 21 szakaszb\u00f3l \u00e1ll\u00f3 t\u00e1vot. Vannak olyan szakaszok, amik annyira sikeresek, hogy minden \u00e9vben visszat\u00e9rnek, m\u00e1sok viszont csak az eml\u00e9keinkben \u00e9lnek tov\u00e1bb. N\u00e9zz\u00fck, melyek voltak a Tour t\u00f6rt\u00e9nelm\u00e9nek leg\u00e9rdekesebb r\u00e9szletei!","breadcrumb":{"@id":"https:\/\/www.welovecycling.com\/hu\/orszaguti-kerekpar\/az-5-legerdekesebb-tour-de-france-szakasz\/#breadcrumb"},"inLanguage":"hu","potentialAction":[{"@type":"ReadAction","target":["https:\/\/www.welovecycling.com\/hu\/orszaguti-kerekpar\/az-5-legerdekesebb-tour-de-france-szakasz\/"]}]},{"@type":"ImageObject","inLanguage":"hu","@id":"https:\/\/www.welovecycling.com\/hu\/orszaguti-kerekpar\/az-5-legerdekesebb-tour-de-france-szakasz\/#primaryimage","url":"https:\/\/d2p6e6u75xmxt8.cloudfront.net\/12\/2020\/09\/Nairo-Quintana-CVR-profimedia-0379497038.jpg","contentUrl":"https:\/\/d2p6e6u75xmxt8.cloudfront.net\/12\/2020\/09\/Nairo-Quintana-CVR-profimedia-0379497038.jpg","width":1366,"height":600},{"@type":"BreadcrumbList","@id":"https:\/\/www.welovecycling.com\/hu\/orszaguti-kerekpar\/az-5-legerdekesebb-tour-de-france-szakasz\/#breadcrumb","itemListElement":[{"@type":"ListItem","position":1,"name":"Home","item":"https:\/\/www.welovecycling.com\/hu\/"},{"@type":"ListItem","position":2,"name":"Az 5 leg\u00e9rdekesebb Tour de France szakasz"}]},{"@type":"WebSite","@id":"https:\/\/www.welovecycling.com\/hu\/#website","url":"https:\/\/www.welovecycling.com\/hu\/","name":"\u0160koda We Love Cycling - Magyarorsz\u00e1g","description":"\u0160koda WeLoveCycling","potentialAction":[{"@type":"SearchAction","target":{"@type":"EntryPoint","urlTemplate":"https:\/\/www.welovecycling.com\/hu\/?s={search_term_string}"},"query-input":{"@type":"PropertyValueSpecification","valueRequired":true,"valueName":"search_term_string"}}],"inLanguage":"hu"},{"@type":"Person","@id":"https:\/\/www.welovecycling.com\/hu\/#\/schema\/person\/414a2aebf1801691a5320edb6468e194","name":"hegyizs","image":{"@type":"ImageObject","inLanguage":"hu","@id":"https:\/\/www.welovecycling.com\/hu\/#\/schema\/person\/image\/","url":"https:\/\/secure.gravatar.com\/avatar\/02cf8a7906b8cf90cecb4679defac7cfd33a1c2e3b88e4903d947f3bb58eedd3?s=96&d=mm&r=g","contentUrl":"https:\/\/secure.gravatar.com\/avatar\/02cf8a7906b8cf90cecb4679defac7cfd33a1c2e3b88e4903d947f3bb58eedd3?s=96&d=mm&r=g","caption":"hegyizs"},"url":"https:\/\/www.welovecycling.com\/hu\/author\/hegyizs\/"}]}},"_links":{"self":[{"href":"https:\/\/www.welovecycling.com\/hu\/wp-json\/wp\/v2\/posts\/8470","targetHints":{"allow":["GET"]}}],"collection":[{"href":"https:\/\/www.welovecycling.com\/hu\/wp-json\/wp\/v2\/posts"}],"about":[{"href":"https:\/\/www.welovecycling.com\/hu\/wp-json\/wp\/v2\/types\/post"}],"author":[{"embeddable":true,"href":"https:\/\/www.welovecycling.com\/hu\/wp-json\/wp\/v2\/users\/71"}],"replies":[{"embeddable":true,"href":"https:\/\/www.welovecycling.com\/hu\/wp-json\/wp\/v2\/comments?post=8470"}],"version-history":[{"count":2,"href":"https:\/\/www.welovecycling.com\/hu\/wp-json\/wp\/v2\/posts\/8470\/revisions"}],"predecessor-version":[{"id":8496,"href":"https:\/\/www.welovecycling.com\/hu\/wp-json\/wp\/v2\/posts\/8470\/revisions\/8496"}],"wp:featuredmedia":[{"embeddable":true,"href":"https:\/\/www.welovecycling.com\/hu\/wp-json\/wp\/v2\/media\/8474"}],"wp:attachment":[{"href":"https:\/\/www.welovecycling.com\/hu\/wp-json\/wp\/v2\/media?parent=8470"}],"wp:term":[{"taxonomy":"category","embeddable":true,"href":"https:\/\/www.welovecycling.com\/hu\/wp-json\/wp\/v2\/categories?post=8470"},{"taxonomy":"post_tag","embeddable":true,"href":"https:\/\/www.welovecycling.com\/hu\/wp-json\/wp\/v2\/tags?post=8470"},{"taxonomy":"global-categories","embeddable":true,"href":"https:\/\/www.welovecycling.com\/hu\/wp-json\/wp\/v2\/global-categories?post=8470"}],"curies":[{"name":"wp","href":"https:\/\/api.w.org\/{rel}","templated":true}]}}