{"id":8465,"date":"2020-09-07T08:00:20","date_gmt":"2020-09-07T07:00:20","guid":{"rendered":"https:\/\/www.welovecycling.com\/hu\/?p=8465"},"modified":"2020-09-04T14:37:33","modified_gmt":"2020-09-04T13:37:33","slug":"nincs-tobb-hostess-a-tour-dobogoin","status":"publish","type":"post","link":"https:\/\/www.welovecycling.com\/hu\/orszaguti-kerekpar\/nincs-tobb-hostess-a-tour-dobogoin\/","title":{"rendered":"Nincs t\u00f6bb hostess a Tour dobog\u00f3in"},"content":{"rendered":"<p><strong>T\u00f6bb \u00e9v pletyka, spekul\u00e1ci\u00f3 \u00e9s heves v\u00e9lem\u00e9nycsere ut\u00e1n v\u00e9gre bejelentette az A.S.O, a Tour de France anyav\u00e1llalata, hogy az ikonikus dobog\u00f3s l\u00e1nyok m\u00e1r nem lesznek r\u00e9szei a rangos ker\u00e9kp\u00e1rversenynek. A hagyom\u00e1ny, mely szerint a nyertest k\u00e9t csinos, hossz\u00fa l\u00e1b\u00fa n\u0151 k\u00eds\u00e9ri, megt\u00f6rik: \u00e1talakul a d\u00edj\u00e1tad\u00f3.<\/strong><\/p>\n<p><!--more--><\/p>\n<p>A Tour igazgat\u00f3ja, Christian Prudhomme \u00edgy nyilatkozott: <em>\u201eA kor\u00e1bbi \u00e9vekben minden nyertes mellett ott \u00e1llt k\u00e9t hostess, \u00f6t k\u00e9pvisel\u0151 a szponzort\u00f3l, \u00e9s \u00f6t a Tour-t\u00f3l. Mostant\u00f3l azonban m\u00e1sk\u00e9pp lesz: csak egy szem\u00e9ly reprezent\u00e1lja a szervez\u0151ket \u00e9s egy a s\u00e1rga trik\u00f3 szponzorait, emellett egy hostess \u00e9s egy host seg\u00edti m\u00e9g a cerem\u00f3ni\u00e1t.\u201d<\/em><\/p>\n<figure id=\"attachment_8466\" aria-describedby=\"caption-attachment-8466\" style=\"width: 1250px\" class=\"wp-caption alignnone\"><img loading=\"lazy\" decoding=\"async\" class=\"size-full wp-image-8466\" src=\"https:\/\/d2p6e6u75xmxt8.cloudfront.net\/12\/2020\/09\/Egan-Bernal-profimedia-0553793859.jpg\" alt=\"Podium Girls\" width=\"1250\" height=\"833\" srcset=\"https:\/\/d2p6e6u75xmxt8.cloudfront.net\/12\/2020\/09\/Egan-Bernal-profimedia-0553793859.jpg 1250w, https:\/\/d2p6e6u75xmxt8.cloudfront.net\/12\/2020\/09\/Egan-Bernal-profimedia-0553793859-300x200.jpg 300w, https:\/\/d2p6e6u75xmxt8.cloudfront.net\/12\/2020\/09\/Egan-Bernal-profimedia-0553793859-1024x682.jpg 1024w, https:\/\/d2p6e6u75xmxt8.cloudfront.net\/12\/2020\/09\/Egan-Bernal-profimedia-0553793859-768x512.jpg 768w, https:\/\/d2p6e6u75xmxt8.cloudfront.net\/12\/2020\/09\/Egan-Bernal-profimedia-0553793859-272x182.jpg 272w\" sizes=\"auto, (max-width: 1250px) 100vw, 1250px\" \/><figcaption id=\"caption-attachment-8466\" class=\"wp-caption-text\"><em>Egan Bernalt k\u00e9t hostess seg\u00edti a s\u00e1rga trik\u00f3 felv\u00e9tel\u00e9ben. \u00a9 Profimedia<\/em><\/figcaption><\/figure>\n<p>A f\u00e9rfi host val\u00f3ban \u00faj a Tour \u00e9let\u00e9ben, az igazgat\u00f3 azonban kiemelte, hogy nem volt v\u00e1ratlan ez a v\u00e1ltoztat\u00e1s. <em>\u201eM\u00e1s versenyeken m\u00e1r 20 \u00e9ve \u00edgy csin\u00e1ljuk, p\u00e9ld\u00e1ul a Li\u00e9ge-Baston-Li\u00e9ge-en is.\u201d <\/em>Ak\u00e1rhogyis, a hostess l\u00e1nyok m\u00e1r r\u00e9g\u00f3ta a ker\u00e9kp\u00e1rversenyek r\u00e9szei, biztosan nem volt egyszer\u0171 v\u00e9ghezvinni a d\u00f6nt\u00e9st.<\/p>\n<h2><strong>V\u00e1ltozik a kultur\u00e1lis attit\u0171d<\/strong><\/h2>\n<p>Val\u00f3sz\u00edn\u0171leg a vil\u00e1g legnagyobb ker\u00e9kp\u00e1ros test\u00fcletei gyakoroltak nyom\u00e1st a szervez\u0151kre: a d\u00f6nt\u00e9s a kultur\u00e1lis v\u00e1ltoz\u00e1sokat t\u00fckr\u00f6zi, melyek legink\u00e1bb a fiatalok k\u00f6r\u00e9ben terjednek. Egy ideje m\u00e1r vitatott k\u00e9rd\u00e9s, hogy t\u00e9nyleg az elavult patriarch\u00e1lis \u00e9rt\u00e9krendszert t\u00fckr\u00f6zi-e az, hogy n\u0151k osztj\u00e1k a d\u00edjakat. Egyre t\u00f6bben \u00edt\u00e9lt\u00e9k el a cerem\u00f3ni\u00e1t, anakronisztikusnak \u00e9s a nemek k\u00f6z\u00f6tti egyenl\u0151s\u00e9gre k\u00e1rosnak tartott\u00e1k. 2019-ben pet\u00edci\u00f3 indult a hagyom\u00e1ny t\u00f6rl\u00e9s\u00e9re, amit t\u00f6bb mint 38\u00a0000-en \u00edrtak al\u00e1. M\u00e1r ekkor eld\u0151lt, hogy a hagyom\u00e1nynak v\u00e9ge, a k\u00f6z\u00f6ss\u00e9g k\u00e9szen \u00e1ll a v\u00e1ltoz\u00e1sra.<\/p>\n<h2><strong>Elismerni a m\u00falt hib\u00e1it<\/strong><\/h2>\n<p>A negat\u00edv meg\u00edt\u00e9l\u00e9s nem csak n\u00e9z\u0151pont k\u00e9rd\u00e9se, az ut\u00f3bbi \u00e9vekben nem egy olyan eset t\u00f6rt\u00e9nt a p\u00f3diumon, ami szinte hihetetlen a jelenlegi, egyenl\u0151s\u00e9g\u00e9rt k\u00fczd\u0151 t\u00e1rsadalomban. Vegy\u00fck p\u00e9ld\u00e1ul a 2013-as \u00e9vet, amikor Peter Sagannak nyilv\u00e1nosan kellett bocs\u00e1natot k\u00e9rnie, miut\u00e1n megfogta a sz\u00ednpadon az egyik hostess, Maya Leye fenek\u00e9t. Vagy gondoljunk a 2017-es interj\u00fara, melyben Jan Bakelants azt mondta, hogy sz\u00fcks\u00e9ge van egy nagy csomag \u00f3vszerre a verseny alatt, mert \u201eki tudja, hol j\u00e1rtak ezek a hostess l\u00e1nyok.\u201d K\u00e9s\u0151bb neki is bocs\u00e1natot kellett k\u00e9rnie ez\u00e9rt a mondat\u00e9rt.<\/p>\n<figure id=\"attachment_8467\" aria-describedby=\"caption-attachment-8467\" style=\"width: 1250px\" class=\"wp-caption alignnone\"><img loading=\"lazy\" decoding=\"async\" class=\"size-full wp-image-8467\" src=\"https:\/\/d2p6e6u75xmxt8.cloudfront.net\/12\/2020\/09\/profimedia-0461255531.jpg\" alt=\"Podium Girls\" width=\"1250\" height=\"833\" srcset=\"https:\/\/d2p6e6u75xmxt8.cloudfront.net\/12\/2020\/09\/profimedia-0461255531.jpg 1250w, https:\/\/d2p6e6u75xmxt8.cloudfront.net\/12\/2020\/09\/profimedia-0461255531-300x200.jpg 300w, https:\/\/d2p6e6u75xmxt8.cloudfront.net\/12\/2020\/09\/profimedia-0461255531-1024x682.jpg 1024w, https:\/\/d2p6e6u75xmxt8.cloudfront.net\/12\/2020\/09\/profimedia-0461255531-768x512.jpg 768w, https:\/\/d2p6e6u75xmxt8.cloudfront.net\/12\/2020\/09\/profimedia-0461255531-272x182.jpg 272w\" sizes=\"auto, (max-width: 1250px) 100vw, 1250px\" \/><figcaption id=\"caption-attachment-8467\" class=\"wp-caption-text\"><em>Caleb Ewan a 21. szakasz ut\u00e1n, 2019, P\u00e1rizs. \u00a9 Luca Bettini \/ BettiniPhoto \/ DPPI<\/em><\/figcaption><\/figure>\n<p>Az a t\u00e9ny, hogy ezekr\u0151l a t\u00f6rt\u00e9n\u00e9sekr\u0151l annak idej\u00e9n alig sz\u00e1moltak be, ma m\u00e1r megd\u00f6bbent\u0151. Ez pedig a t\u00e1rsadalmi \u00e9rt\u00e9kek v\u00e1ltoz\u00e1s\u00e1nak a jele. Ma reflektorf\u00e9nybe ker\u00fcl, az, akit szexu\u00e1lis zaklat\u00e1ssal v\u00e1dolnak.<\/p>\n<h2><strong>N\u0151i Tour de France?<\/strong><\/h2>\n<p>A ker\u00e9kp\u00e1ros vil\u00e1g vezet\u0151 szervezetei pedig \u00e9rz\u00e9kelik ezt a v\u00e1ltoz\u00e1st. Nem arr\u00f3l van sz\u00f3, hogy nem akarunk t\u00f6bb\u00e9 n\u0151ket a TdF-en, hanem arr\u00f3l, hogy ink\u00e1bb nyeregben l\u00e1tn\u00e1nk \u0151ket, nem pedig a tr\u00f3fe\u00e1k k\u00f6z\u00f6tt. A val\u00f3di kritika nem is arr\u00f3l sz\u00f3lt, hogy voltak l\u00e1nyok a d\u00edjkioszt\u00f3n, hanem arr\u00f3l, hogy csak ott voltak.<\/p>\n<p>Az online Tour de France siker\u00e9n felbuzdulva \u2013 ahol a n\u0151i versenyz\u0151k is kiemelked\u0151en teljes\u00edtettek \u2013 rem\u00e9lj\u00fck, hogy tov\u00e1bb haladunk az egyenl\u0151s\u00e9g fel\u00e9, \u00e9s hamarosan elindulhat a n\u0151i TdF is. Addig is \u00f6r\u00fcl\u00fcnk, hogy az A.S.O megtette az els\u0151 l\u00e9p\u00e9st ebbe az ir\u00e1nyba, m\u00e9g ha az nagyr\u00e9szt szimbolikus is!<\/p>\n","protected":false},"excerpt":{"rendered":"<p>T\u00f6bb \u00e9v pletyka, spekul\u00e1ci\u00f3 \u00e9s heves v\u00e9lem\u00e9nycsere ut\u00e1n v\u00e9gre bejelentette az A.S.O, a Tour de France anyav\u00e1llalata, hogy az ikonikus [&hellip;]<\/p>\n","protected":false},"author":71,"featured_media":8469,"comment_status":"open","ping_status":"open","sticky":false,"template":"","format":"standard","meta":{"footnotes":""},"categories":[8],"tags":[441],"global-categories":[],"class_list":["post-8465","post","type-post","status-publish","format-standard","has-post-thumbnail","hentry","category-orszaguti-kerekpar","tag-tour-de-france-2020"],"yoast_head":"<!-- This site is optimized with the Yoast SEO Premium plugin v25.3 (Yoast SEO v25.9) - https:\/\/yoast.com\/wordpress\/plugins\/seo\/ -->\n<title>Nincs t\u00f6bb hostess a Tour dobog\u00f3in - \u0160koda We Love Cycling - Magyarorsz\u00e1g<\/title>\n<meta name=\"description\" content=\"T\u00f6bb \u00e9v pletyka, spekul\u00e1ci\u00f3 \u00e9s heves v\u00e9lem\u00e9nycsere ut\u00e1n v\u00e9gre bejelentette az A.S.O, a Tour de France anyav\u00e1llalata, hogy az ikonikus dobog\u00f3s l\u00e1nyok m\u00e1r nem lesznek r\u00e9szei a rangos ker\u00e9kp\u00e1rversenynek.\" \/>\n<meta name=\"robots\" content=\"index, follow, max-snippet:-1, max-image-preview:large, max-video-preview:-1\" \/>\n<link rel=\"canonical\" href=\"https:\/\/www.welovecycling.com\/hu\/orszaguti-kerekpar\/nincs-tobb-hostess-a-tour-dobogoin\/\" \/>\n<meta property=\"og:locale\" content=\"hu_HU\" \/>\n<meta property=\"og:type\" content=\"article\" \/>\n<meta property=\"og:title\" content=\"Nincs t\u00f6bb hostess a Tour dobog\u00f3in\" \/>\n<meta property=\"og:description\" content=\"T\u00f6bb \u00e9v pletyka, spekul\u00e1ci\u00f3 \u00e9s heves v\u00e9lem\u00e9nycsere ut\u00e1n v\u00e9gre bejelentette az A.S.O, a Tour de France anyav\u00e1llalata, hogy az ikonikus dobog\u00f3s l\u00e1nyok m\u00e1r nem lesznek r\u00e9szei a rangos ker\u00e9kp\u00e1rversenynek.\" \/>\n<meta property=\"og:url\" content=\"https:\/\/www.welovecycling.com\/hu\/orszaguti-kerekpar\/nincs-tobb-hostess-a-tour-dobogoin\/\" \/>\n<meta property=\"og:site_name\" content=\"\u0160koda We Love Cycling - Magyarorsz\u00e1g\" \/>\n<meta property=\"article:publisher\" content=\"https:\/\/www.facebook.com\/WeLoveCyclingHungary\/\" \/>\n<meta property=\"article:published_time\" content=\"2020-09-07T07:00:20+00:00\" \/>\n<meta property=\"og:image\" content=\"https:\/\/d2p6e6u75xmxt8.cloudfront.net\/12\/2020\/09\/Peter-Sagan-CVR-profimedia-0461192238.jpg\" \/>\n\t<meta property=\"og:image:width\" content=\"1366\" \/>\n\t<meta property=\"og:image:height\" content=\"600\" \/>\n\t<meta property=\"og:image:type\" content=\"image\/jpeg\" \/>\n<meta name=\"author\" content=\"hegyizs\" \/>\n<meta name=\"twitter:card\" content=\"summary_large_image\" \/>\n<meta name=\"twitter:label1\" content=\"Written by\" \/>\n\t<meta name=\"twitter:data1\" content=\"Megan Flottorp\" \/>\n\t<meta name=\"twitter:label2\" content=\"Est. reading time\" \/>\n\t<meta name=\"twitter:data2\" content=\"7\" \/>\n<script type=\"application\/ld+json\" class=\"yoast-schema-graph\">{\"@context\":\"https:\/\/schema.org\",\"@graph\":[{\"@type\":\"WebPage\",\"@id\":\"https:\/\/www.welovecycling.com\/hu\/orszaguti-kerekpar\/nincs-tobb-hostess-a-tour-dobogoin\/\",\"url\":\"https:\/\/www.welovecycling.com\/hu\/orszaguti-kerekpar\/nincs-tobb-hostess-a-tour-dobogoin\/\",\"name\":\"Nincs t\u00f6bb hostess a Tour dobog\u00f3in - \u0160koda We Love Cycling - Magyarorsz\u00e1g\",\"isPartOf\":{\"@id\":\"https:\/\/www.welovecycling.com\/hu\/#website\"},\"primaryImageOfPage\":{\"@id\":\"https:\/\/www.welovecycling.com\/hu\/orszaguti-kerekpar\/nincs-tobb-hostess-a-tour-dobogoin\/#primaryimage\"},\"image\":{\"@id\":\"https:\/\/www.welovecycling.com\/hu\/orszaguti-kerekpar\/nincs-tobb-hostess-a-tour-dobogoin\/#primaryimage\"},\"thumbnailUrl\":\"https:\/\/d2p6e6u75xmxt8.cloudfront.net\/12\/2020\/09\/Peter-Sagan-CVR-profimedia-0461192238.jpg\",\"datePublished\":\"2020-09-07T07:00:20+00:00\",\"author\":{\"@id\":\"https:\/\/www.welovecycling.com\/hu\/#\/schema\/person\/414a2aebf1801691a5320edb6468e194\"},\"description\":\"T\u00f6bb \u00e9v pletyka, spekul\u00e1ci\u00f3 \u00e9s heves v\u00e9lem\u00e9nycsere ut\u00e1n v\u00e9gre bejelentette az A.S.O, a Tour de France anyav\u00e1llalata, hogy az ikonikus dobog\u00f3s l\u00e1nyok m\u00e1r nem lesznek r\u00e9szei a rangos ker\u00e9kp\u00e1rversenynek.\",\"breadcrumb\":{\"@id\":\"https:\/\/www.welovecycling.com\/hu\/orszaguti-kerekpar\/nincs-tobb-hostess-a-tour-dobogoin\/#breadcrumb\"},\"inLanguage\":\"hu\",\"potentialAction\":[{\"@type\":\"ReadAction\",\"target\":[\"https:\/\/www.welovecycling.com\/hu\/orszaguti-kerekpar\/nincs-tobb-hostess-a-tour-dobogoin\/\"]}]},{\"@type\":\"ImageObject\",\"inLanguage\":\"hu\",\"@id\":\"https:\/\/www.welovecycling.com\/hu\/orszaguti-kerekpar\/nincs-tobb-hostess-a-tour-dobogoin\/#primaryimage\",\"url\":\"https:\/\/d2p6e6u75xmxt8.cloudfront.net\/12\/2020\/09\/Peter-Sagan-CVR-profimedia-0461192238.jpg\",\"contentUrl\":\"https:\/\/d2p6e6u75xmxt8.cloudfront.net\/12\/2020\/09\/Peter-Sagan-CVR-profimedia-0461192238.jpg\",\"width\":1366,\"height\":600,\"caption\":\"Tour de France\"},{\"@type\":\"BreadcrumbList\",\"@id\":\"https:\/\/www.welovecycling.com\/hu\/orszaguti-kerekpar\/nincs-tobb-hostess-a-tour-dobogoin\/#breadcrumb\",\"itemListElement\":[{\"@type\":\"ListItem\",\"position\":1,\"name\":\"Home\",\"item\":\"https:\/\/www.welovecycling.com\/hu\/\"},{\"@type\":\"ListItem\",\"position\":2,\"name\":\"Nincs t\u00f6bb hostess a Tour dobog\u00f3in\"}]},{\"@type\":\"WebSite\",\"@id\":\"https:\/\/www.welovecycling.com\/hu\/#website\",\"url\":\"https:\/\/www.welovecycling.com\/hu\/\",\"name\":\"\u0160koda We Love Cycling - Magyarorsz\u00e1g\",\"description\":\"\u0160koda WeLoveCycling\",\"potentialAction\":[{\"@type\":\"SearchAction\",\"target\":{\"@type\":\"EntryPoint\",\"urlTemplate\":\"https:\/\/www.welovecycling.com\/hu\/?s={search_term_string}\"},\"query-input\":{\"@type\":\"PropertyValueSpecification\",\"valueRequired\":true,\"valueName\":\"search_term_string\"}}],\"inLanguage\":\"hu\"},{\"@type\":\"Person\",\"@id\":\"https:\/\/www.welovecycling.com\/hu\/#\/schema\/person\/414a2aebf1801691a5320edb6468e194\",\"name\":\"hegyizs\",\"image\":{\"@type\":\"ImageObject\",\"inLanguage\":\"hu\",\"@id\":\"https:\/\/www.welovecycling.com\/hu\/#\/schema\/person\/image\/\",\"url\":\"https:\/\/secure.gravatar.com\/avatar\/02cf8a7906b8cf90cecb4679defac7cfd33a1c2e3b88e4903d947f3bb58eedd3?s=96&d=mm&r=g\",\"contentUrl\":\"https:\/\/secure.gravatar.com\/avatar\/02cf8a7906b8cf90cecb4679defac7cfd33a1c2e3b88e4903d947f3bb58eedd3?s=96&d=mm&r=g\",\"caption\":\"hegyizs\"},\"url\":\"https:\/\/www.welovecycling.com\/hu\/author\/hegyizs\/\"}]}<\/script>\n<!-- \/ Yoast SEO Premium plugin. -->","yoast_head_json":{"title":"Nincs t\u00f6bb hostess a Tour dobog\u00f3in - \u0160koda We Love Cycling - Magyarorsz\u00e1g","description":"T\u00f6bb \u00e9v pletyka, spekul\u00e1ci\u00f3 \u00e9s heves v\u00e9lem\u00e9nycsere ut\u00e1n v\u00e9gre bejelentette az A.S.O, a Tour de France anyav\u00e1llalata, hogy az ikonikus dobog\u00f3s l\u00e1nyok m\u00e1r nem lesznek r\u00e9szei a rangos ker\u00e9kp\u00e1rversenynek.","robots":{"index":"index","follow":"follow","max-snippet":"max-snippet:-1","max-image-preview":"max-image-preview:large","max-video-preview":"max-video-preview:-1"},"canonical":"https:\/\/www.welovecycling.com\/hu\/orszaguti-kerekpar\/nincs-tobb-hostess-a-tour-dobogoin\/","og_locale":"hu_HU","og_type":"article","og_title":"Nincs t\u00f6bb hostess a Tour dobog\u00f3in","og_description":"T\u00f6bb \u00e9v pletyka, spekul\u00e1ci\u00f3 \u00e9s heves v\u00e9lem\u00e9nycsere ut\u00e1n v\u00e9gre bejelentette az A.S.O, a Tour de France anyav\u00e1llalata, hogy az ikonikus dobog\u00f3s l\u00e1nyok m\u00e1r nem lesznek r\u00e9szei a rangos ker\u00e9kp\u00e1rversenynek.","og_url":"https:\/\/www.welovecycling.com\/hu\/orszaguti-kerekpar\/nincs-tobb-hostess-a-tour-dobogoin\/","og_site_name":"\u0160koda We Love Cycling - Magyarorsz\u00e1g","article_publisher":"https:\/\/www.facebook.com\/WeLoveCyclingHungary\/","article_published_time":"2020-09-07T07:00:20+00:00","og_image":[{"width":1366,"height":600,"url":"https:\/\/d2p6e6u75xmxt8.cloudfront.net\/12\/2020\/09\/Peter-Sagan-CVR-profimedia-0461192238.jpg","type":"image\/jpeg"}],"author":"hegyizs","twitter_card":"summary_large_image","twitter_misc":{"Written by":"Megan Flottorp","Est. reading time":"7"},"schema":{"@context":"https:\/\/schema.org","@graph":[{"@type":"WebPage","@id":"https:\/\/www.welovecycling.com\/hu\/orszaguti-kerekpar\/nincs-tobb-hostess-a-tour-dobogoin\/","url":"https:\/\/www.welovecycling.com\/hu\/orszaguti-kerekpar\/nincs-tobb-hostess-a-tour-dobogoin\/","name":"Nincs t\u00f6bb hostess a Tour dobog\u00f3in - \u0160koda We Love Cycling - Magyarorsz\u00e1g","isPartOf":{"@id":"https:\/\/www.welovecycling.com\/hu\/#website"},"primaryImageOfPage":{"@id":"https:\/\/www.welovecycling.com\/hu\/orszaguti-kerekpar\/nincs-tobb-hostess-a-tour-dobogoin\/#primaryimage"},"image":{"@id":"https:\/\/www.welovecycling.com\/hu\/orszaguti-kerekpar\/nincs-tobb-hostess-a-tour-dobogoin\/#primaryimage"},"thumbnailUrl":"https:\/\/d2p6e6u75xmxt8.cloudfront.net\/12\/2020\/09\/Peter-Sagan-CVR-profimedia-0461192238.jpg","datePublished":"2020-09-07T07:00:20+00:00","author":{"@id":"https:\/\/www.welovecycling.com\/hu\/#\/schema\/person\/414a2aebf1801691a5320edb6468e194"},"description":"T\u00f6bb \u00e9v pletyka, spekul\u00e1ci\u00f3 \u00e9s heves v\u00e9lem\u00e9nycsere ut\u00e1n v\u00e9gre bejelentette az A.S.O, a Tour de France anyav\u00e1llalata, hogy az ikonikus dobog\u00f3s l\u00e1nyok m\u00e1r nem lesznek r\u00e9szei a rangos ker\u00e9kp\u00e1rversenynek.","breadcrumb":{"@id":"https:\/\/www.welovecycling.com\/hu\/orszaguti-kerekpar\/nincs-tobb-hostess-a-tour-dobogoin\/#breadcrumb"},"inLanguage":"hu","potentialAction":[{"@type":"ReadAction","target":["https:\/\/www.welovecycling.com\/hu\/orszaguti-kerekpar\/nincs-tobb-hostess-a-tour-dobogoin\/"]}]},{"@type":"ImageObject","inLanguage":"hu","@id":"https:\/\/www.welovecycling.com\/hu\/orszaguti-kerekpar\/nincs-tobb-hostess-a-tour-dobogoin\/#primaryimage","url":"https:\/\/d2p6e6u75xmxt8.cloudfront.net\/12\/2020\/09\/Peter-Sagan-CVR-profimedia-0461192238.jpg","contentUrl":"https:\/\/d2p6e6u75xmxt8.cloudfront.net\/12\/2020\/09\/Peter-Sagan-CVR-profimedia-0461192238.jpg","width":1366,"height":600,"caption":"Tour de France"},{"@type":"BreadcrumbList","@id":"https:\/\/www.welovecycling.com\/hu\/orszaguti-kerekpar\/nincs-tobb-hostess-a-tour-dobogoin\/#breadcrumb","itemListElement":[{"@type":"ListItem","position":1,"name":"Home","item":"https:\/\/www.welovecycling.com\/hu\/"},{"@type":"ListItem","position":2,"name":"Nincs t\u00f6bb hostess a Tour dobog\u00f3in"}]},{"@type":"WebSite","@id":"https:\/\/www.welovecycling.com\/hu\/#website","url":"https:\/\/www.welovecycling.com\/hu\/","name":"\u0160koda We Love Cycling - Magyarorsz\u00e1g","description":"\u0160koda WeLoveCycling","potentialAction":[{"@type":"SearchAction","target":{"@type":"EntryPoint","urlTemplate":"https:\/\/www.welovecycling.com\/hu\/?s={search_term_string}"},"query-input":{"@type":"PropertyValueSpecification","valueRequired":true,"valueName":"search_term_string"}}],"inLanguage":"hu"},{"@type":"Person","@id":"https:\/\/www.welovecycling.com\/hu\/#\/schema\/person\/414a2aebf1801691a5320edb6468e194","name":"hegyizs","image":{"@type":"ImageObject","inLanguage":"hu","@id":"https:\/\/www.welovecycling.com\/hu\/#\/schema\/person\/image\/","url":"https:\/\/secure.gravatar.com\/avatar\/02cf8a7906b8cf90cecb4679defac7cfd33a1c2e3b88e4903d947f3bb58eedd3?s=96&d=mm&r=g","contentUrl":"https:\/\/secure.gravatar.com\/avatar\/02cf8a7906b8cf90cecb4679defac7cfd33a1c2e3b88e4903d947f3bb58eedd3?s=96&d=mm&r=g","caption":"hegyizs"},"url":"https:\/\/www.welovecycling.com\/hu\/author\/hegyizs\/"}]}},"_links":{"self":[{"href":"https:\/\/www.welovecycling.com\/hu\/wp-json\/wp\/v2\/posts\/8465","targetHints":{"allow":["GET"]}}],"collection":[{"href":"https:\/\/www.welovecycling.com\/hu\/wp-json\/wp\/v2\/posts"}],"about":[{"href":"https:\/\/www.welovecycling.com\/hu\/wp-json\/wp\/v2\/types\/post"}],"author":[{"embeddable":true,"href":"https:\/\/www.welovecycling.com\/hu\/wp-json\/wp\/v2\/users\/71"}],"replies":[{"embeddable":true,"href":"https:\/\/www.welovecycling.com\/hu\/wp-json\/wp\/v2\/comments?post=8465"}],"version-history":[{"count":2,"href":"https:\/\/www.welovecycling.com\/hu\/wp-json\/wp\/v2\/posts\/8465\/revisions"}],"predecessor-version":[{"id":8495,"href":"https:\/\/www.welovecycling.com\/hu\/wp-json\/wp\/v2\/posts\/8465\/revisions\/8495"}],"wp:featuredmedia":[{"embeddable":true,"href":"https:\/\/www.welovecycling.com\/hu\/wp-json\/wp\/v2\/media\/8469"}],"wp:attachment":[{"href":"https:\/\/www.welovecycling.com\/hu\/wp-json\/wp\/v2\/media?parent=8465"}],"wp:term":[{"taxonomy":"category","embeddable":true,"href":"https:\/\/www.welovecycling.com\/hu\/wp-json\/wp\/v2\/categories?post=8465"},{"taxonomy":"post_tag","embeddable":true,"href":"https:\/\/www.welovecycling.com\/hu\/wp-json\/wp\/v2\/tags?post=8465"},{"taxonomy":"global-categories","embeddable":true,"href":"https:\/\/www.welovecycling.com\/hu\/wp-json\/wp\/v2\/global-categories?post=8465"}],"curies":[{"name":"wp","href":"https:\/\/api.w.org\/{rel}","templated":true}]}}