{"id":846,"date":"2018-05-24T11:45:55","date_gmt":"2018-05-24T11:45:55","guid":{"rendered":"https:\/\/www.welovecycling.com\/hu\/?p=846"},"modified":"2018-05-24T11:51:07","modified_gmt":"2018-05-24T11:51:07","slug":"japanban","status":"publish","type":"post","link":"https:\/\/www.welovecycling.com\/hu\/varosi-kerekparozas\/japanban\/","title":{"rendered":"Mi\u00e9rt tartj\u00e1k v\u00e9gtelen\u00fcl goromba dolognak a jap\u00e1nok a biciklicseng\u0151 haszn\u00e1lat\u00e1t?"},"content":{"rendered":"<p><strong>Mint sok minden m\u00e1s, Jap\u00e1nban a ker\u00e9kp\u00e1roz\u00e1si szok\u00e1sok is elt\u00e9rnek a nyugati vil\u00e1gban megszokott\u00f3l. A jap\u00e1nok a k\u00f6zleked\u00e9s minden ter\u00fclet\u00e9n h\u00edresen k\u00f6r\u00fcltekint\u0151en viselkednek a t\u00f6rv\u00e9nyek \u00e9s a hagyom\u00e1nyos szok\u00e1sok miatt. Ez al\u00f3l a bring\u00e1z\u00e1s sem kiv\u00e9tel.<\/strong><\/p>\n<p><!--more--><\/p>\n<p>Noha rendszerint nagy a forgalom, a v\u00e1rosok t\u00f6bbs\u00e9g\u00e9ben pedig a ker\u00e9kp\u00e1rosoknak \u00e9s a gyalogosoknak osztozniuk kell a j\u00e1rd\u00e1n, nem nagyon tapasztalsz olyat, hogy egy biciklis csenget\u00e9ssel k\u00e9r mag\u00e1nak utat, mivel ez rendk\u00edv\u00fcl udvariatlan \u00e9s b\u00e1nt\u00f3 viselked\u00e9snek min\u0151s\u00fcl.<\/p>\n<p><a href=\"https:\/\/d2p6e6u75xmxt8.cloudfront.net\/12\/2018\/05\/japanok-bicikli-csengo-01.png\"><img loading=\"lazy\" decoding=\"async\" class=\"alignnone size-extra-large wp-image-847\" src=\"https:\/\/d2p6e6u75xmxt8.cloudfront.net\/12\/2018\/05\/japanok-bicikli-csengo-01-1920x936.png\" alt=\"japanok-kerekparozas\" width=\"1920\" height=\"936\" srcset=\"https:\/\/d2p6e6u75xmxt8.cloudfront.net\/12\/2018\/05\/japanok-bicikli-csengo-01-1920x936.png 1920w, https:\/\/d2p6e6u75xmxt8.cloudfront.net\/12\/2018\/05\/japanok-bicikli-csengo-01-300x146.png 300w, https:\/\/d2p6e6u75xmxt8.cloudfront.net\/12\/2018\/05\/japanok-bicikli-csengo-01-768x374.png 768w, https:\/\/d2p6e6u75xmxt8.cloudfront.net\/12\/2018\/05\/japanok-bicikli-csengo-01-1024x499.png 1024w, https:\/\/d2p6e6u75xmxt8.cloudfront.net\/12\/2018\/05\/japanok-bicikli-csengo-01-1920x936.png 1920w\" sizes=\"auto, (max-width: 1920px) 100vw, 1920px\" \/><\/a><\/p>\n<p>A j\u00e1rd\u00e1n val\u00f3 bicikliz\u00e9st tilt\u00f3 eur\u00f3pai v\u00e1rosokt\u00f3l elt\u00e9r\u0151en Jap\u00e1nban tekerhetsz a j\u00e1rd\u00e1n is, de a gyalogosok els\u0151bbs\u00e9get \u00e9lveznek. A bring\u00e1soknak a j\u00e1rda \u00fathoz k\u00f6zeli oldal\u00e1t kell haszn\u00e1lniuk. Sz\u0171k \u00e9s zs\u00fafolt helyeken a ker\u00e9kp\u00e1rosnak meg kell \u00e1llnia \u00e9s els\u0151bbs\u00e9get kell adnia a gyalogosoknak. Ha ezt a szab\u00e1lyt megszegik, ak\u00e1r 190 eur\u00f3s birs\u00e1got is kaphatnak.<\/p>\n<p>Ez pont egy olyan k\u00f6vetelm\u00e9ny, amit a k\u00fclf\u00f6ldi l\u00e1togat\u00f3k is k\u00f6nnyen meg\u00e9rtenek. Ugyanakkor sok olyan szab\u00e1ly van, ami nem felt\u00e9tlen\u00fcl k\u00f6vetkezik ennyire egy\u00e9rtelm\u0171en.<\/p>\n<p>A szab\u00e1lyok \u00e1th\u00e1g\u00e1sa a t\u00f6rv\u00e9nyben el\u0151\u00edrtak szerint b\u00fcntethet\u0151. B\u00e1r b\u00fcntet\u00e9s helyett val\u00f3sz\u00edn\u0171leg ink\u00e1bb csak figyelmeztet a rend\u0151rs\u00e9g a, de ha balesetet okoz egy ilyen kih\u00e1g\u00e1s, az s\u00falyos k\u00f6vetkezm\u00e9nyeket von maga ut\u00e1n. Mi tilos m\u00e9g bring\u00e1z\u00e1s k\u00f6zben?<\/p>\n<h2>Eserny\u0151t k\u00e9zben tartani<\/h2>\n<p><em>B\u00fcntet\u00e9s fels\u0151 hat\u00e1ra: 340 eur\u00f3<\/em><\/p>\n<p>Az es\u0151s \u00e9vszak Jap\u00e1nban t\u00f6bb mint k\u00e9t h\u00f3napig is tarthat, \u00e9s a t\u00e1jfunok sem ritk\u00e1k. Ha lecsap a vihar, rendesen zuhog az es\u0151. Teker\u00e9s k\u00f6zben megpr\u00f3b\u00e1lni nem el\u00e1zni, az egy dolog, de eserny\u0151vel biciklizni tilos, kiv\u00e9ve, ha a bring\u00e1dra a k\u00e9pen l\u00e1that\u00f3 vicces eserny\u0151tart\u00f3t szerelsz fel. Hasznosabb megold\u00e1s lehet egy es\u0151kab\u00e1t, valamint v\u00edz\u00e1ll\u00f3 dzseki \u00e9s nadr\u00e1g beszerz\u00e9se.<\/p>\n<p><a href=\"https:\/\/d2p6e6u75xmxt8.cloudfront.net\/12\/2018\/05\/japanok-bicikli-csengo-02.png\"><img loading=\"lazy\" decoding=\"async\" class=\"alignnone size-full wp-image-848\" src=\"https:\/\/d2p6e6u75xmxt8.cloudfront.net\/12\/2018\/05\/japanok-bicikli-csengo-02.png\" alt=\"japanok-kerekparozas\" width=\"1218\" height=\"1218\" srcset=\"https:\/\/d2p6e6u75xmxt8.cloudfront.net\/12\/2018\/05\/japanok-bicikli-csengo-02.png 1218w, https:\/\/d2p6e6u75xmxt8.cloudfront.net\/12\/2018\/05\/japanok-bicikli-csengo-02-150x150.png 150w, https:\/\/d2p6e6u75xmxt8.cloudfront.net\/12\/2018\/05\/japanok-bicikli-csengo-02-300x300.png 300w, https:\/\/d2p6e6u75xmxt8.cloudfront.net\/12\/2018\/05\/japanok-bicikli-csengo-02-768x768.png 768w, https:\/\/d2p6e6u75xmxt8.cloudfront.net\/12\/2018\/05\/japanok-bicikli-csengo-02-1024x1024.png 1024w\" sizes=\"auto, (max-width: 1218px) 100vw, 1218px\" \/><\/a><\/p>\n<h2>F\u00fclhallgat\u00f3 visel\u00e9se<\/h2>\n<p><em>B\u00fcntet\u00e9s fels\u0151 hat\u00e1ra: 340 eur\u00f3<\/em><\/p>\n<p>Ha nem hallod a forgalom t\u00f6bbi r\u00e9sztvev\u0151j\u00e9t, vesz\u00e9lybe ker\u00fclhetsz, ez\u00e9rt a jap\u00e1nok \u00fagy gondolj\u00e1k, hogy elvonja a figyelmed, ha fej- vagy f\u00fclhallgat\u00f3val zen\u00e9t hallgatsz.<\/p>\n<h2>Egym\u00e1s mellett bicikliz\u00e9s<\/h2>\n<p><em>B\u00fcntet\u00e9s fels\u0151 hat\u00e1ra: 190 eur\u00f3<\/em><\/p>\n<p>Ez vitatott k\u00e9rd\u00e9s Eur\u00f3p\u00e1ban is, de a Jap\u00e1nra jellemz\u0151 er\u0151s forgalomban az egym\u00e1s mellett val\u00f3 bicikliz\u00e9st nem t\u0171rik, kiv\u00e9ve olyan helyeken, ahol ezt kifejezetten engedik a jelz\u00e9sek.<\/p>\n<p><a href=\"https:\/\/d2p6e6u75xmxt8.cloudfront.net\/12\/2018\/05\/japanok-bicikli-csengo-03.png\"><img loading=\"lazy\" decoding=\"async\" class=\"alignnone size-extra-large wp-image-849\" src=\"https:\/\/d2p6e6u75xmxt8.cloudfront.net\/12\/2018\/05\/japanok-bicikli-csengo-03-1920x925.png\" alt=\"japanok-kerekparozas\" width=\"1920\" height=\"925\" srcset=\"https:\/\/d2p6e6u75xmxt8.cloudfront.net\/12\/2018\/05\/japanok-bicikli-csengo-03-1920x925.png 1920w, https:\/\/d2p6e6u75xmxt8.cloudfront.net\/12\/2018\/05\/japanok-bicikli-csengo-03-300x144.png 300w, https:\/\/d2p6e6u75xmxt8.cloudfront.net\/12\/2018\/05\/japanok-bicikli-csengo-03-768x370.png 768w, https:\/\/d2p6e6u75xmxt8.cloudfront.net\/12\/2018\/05\/japanok-bicikli-csengo-03-1024x493.png 1024w, https:\/\/d2p6e6u75xmxt8.cloudfront.net\/12\/2018\/05\/japanok-bicikli-csengo-03-1920x925.png 1920w\" sizes=\"auto, (max-width: 1920px) 100vw, 1920px\" \/><\/a><\/p>\n<h2>Mobiltelefon haszn\u00e1lata<\/h2>\n<p><em>B\u00fcntet\u00e9s fels\u0151 hat\u00e1ra: 480 eur\u00f3<\/em><\/p>\n<p>K\u00e9ts\u00e9gtelen\u00fcl vesz\u00e9lyes lehet mind r\u00e1d, mind a k\u00f6rnyezetedre n\u00e9zve, ha egyik kezeddel \u00fczeneteket b\u00f6ng\u00e9szel \u00e9s csak a m\u00e1sik kezeddel fogod a korm\u00e1nyt. El\u0151sz\u00f6r 2011-ben b\u00fcntettek meg gyereket biciklin val\u00f3 telefonhaszn\u00e1lat\u00e9rt, \u00e9s a szab\u00e1lyt az\u00f3ta szigor\u00faan betartj\u00e1k..<\/p>\n<h2>Ker\u00e9kp\u00e1roz\u00e1s ittas \u00e1llapotban<\/h2>\n<p><em>Ak\u00e1r 5 \u00e9v b\u00f6rt\u00f6n vagy 6 400 eur\u00f3nyi b\u00edrs\u00e1g<\/em><\/p>\n<p>Jap\u00e1n z\u00e9r\u00f3 toleranci\u00e1t alkalmaz az ittas vezet\u00e9ssel szemben, \u00e9s ez m\u00e9g a bring\u00e1sokra is vonatkozik. Ha alkoholt m\u00e9rnek a v\u00e9redben, s\u00falyos v\u00e1dak el\u00e9 n\u00e9zel.<\/p>\n<p><a href=\"https:\/\/d2p6e6u75xmxt8.cloudfront.net\/12\/2018\/05\/japanok-bicikli-csengo-04.png\"><img loading=\"lazy\" decoding=\"async\" class=\"alignnone size-extra-large wp-image-850\" src=\"https:\/\/d2p6e6u75xmxt8.cloudfront.net\/12\/2018\/05\/japanok-bicikli-csengo-04-1920x927.png\" alt=\"japanok-kerekparozas\" width=\"1920\" height=\"927\" srcset=\"https:\/\/d2p6e6u75xmxt8.cloudfront.net\/12\/2018\/05\/japanok-bicikli-csengo-04-1920x927.png 1920w, https:\/\/d2p6e6u75xmxt8.cloudfront.net\/12\/2018\/05\/japanok-bicikli-csengo-04-300x145.png 300w, https:\/\/d2p6e6u75xmxt8.cloudfront.net\/12\/2018\/05\/japanok-bicikli-csengo-04-768x371.png 768w, https:\/\/d2p6e6u75xmxt8.cloudfront.net\/12\/2018\/05\/japanok-bicikli-csengo-04-1024x494.png 1024w, https:\/\/d2p6e6u75xmxt8.cloudfront.net\/12\/2018\/05\/japanok-bicikli-csengo-04-1920x927.png 1920w\" sizes=\"auto, (max-width: 1920px) 100vw, 1920px\" \/><\/a><\/p>\n<p>Sz\u00e1mos egy\u00e9b szab\u00e1lyt kell m\u00e9g betartani, pl. vil\u00e1g\u00edt\u00e1s haszn\u00e1lata s\u00f6t\u00e9ted\u00e9s ut\u00e1n vagy megfelel\u0151 gyerek\u00fcl\u00e9s haszn\u00e1lata gyerekek sz\u00e1ll\u00edt\u00e1sakor. Azok, akiket egy h\u00e1rom\u00e9ves id\u0151szakon bel\u00fcl k\u00e9tszer is kih\u00e1g\u00e1son kapnak, k\u00f6telesek ker\u00e9kp\u00e1rbiztons\u00e1gi k\u00e9pz\u00e9sre menni. A tanfolyam 55 eur\u00f3ba ker\u00fcl, \u00e9s az elmulaszt\u00e1sa ak\u00e1r 480 eur\u00f3nyi tov\u00e1bbi b\u00edrs\u00e1got vonhat maga ut\u00e1n.<\/p>\n<h2>Nem regisztr\u00e1lt ker\u00e9kp\u00e1rral val\u00f3 k\u00f6zleked\u00e9s<\/h2>\n<p>Jap\u00e1n speci\u00e1lis ker\u00e9kp\u00e1ros lop\u00e1sv\u00e9delmi regisztr\u00e1ci\u00f3s rendszert alkalmaz. Noha a regisztr\u00e1ci\u00f3 minden, Jap\u00e1nban forgalomban l\u00e9v\u0151 ker\u00e9kp\u00e1rra n\u00e9zve k\u00f6telez\u0151, igaz\u00e1b\u00f3l nem b\u00fcntetik az elmulaszt\u00e1s\u00e1t. K\u00fclf\u00f6ldiek eset\u00e9ben a rend\u0151r\u00f6k megel\u00e9gszenek az \u00fatlev\u00e9l bemutat\u00e1s\u00e1val, minden m\u00e1s esetben azonban kivizsg\u00e1lhatj\u00e1k, hogy a nem regisztr\u00e1lt bicikli nem lopott-e, m\u00e9g akkor is, ha te vagy a jogos tulajdonosa. A regisztr\u00e1ci\u00f3 a helyi rend\u0151rs\u00e9gen t\u00f6rt\u00e9nik 500 jen ellen\u00e9ben, \u00e9s a regisztr\u00e1ci\u00f3s c\u00edmk\u00e9t a v\u00e1zra ragasztj\u00e1k fel.<\/p>\n<p><a href=\"https:\/\/d2p6e6u75xmxt8.cloudfront.net\/12\/2018\/05\/japanok-bicikli-csengo-05.jpg\"><img loading=\"lazy\" decoding=\"async\" class=\"alignnone size-full wp-image-851\" src=\"https:\/\/d2p6e6u75xmxt8.cloudfront.net\/12\/2018\/05\/japanok-bicikli-csengo-05.jpg\" alt=\"japanok-kerekparozas\" width=\"825\" height=\"589\" srcset=\"https:\/\/d2p6e6u75xmxt8.cloudfront.net\/12\/2018\/05\/japanok-bicikli-csengo-05.jpg 825w, https:\/\/d2p6e6u75xmxt8.cloudfront.net\/12\/2018\/05\/japanok-bicikli-csengo-05-300x214.jpg 300w, https:\/\/d2p6e6u75xmxt8.cloudfront.net\/12\/2018\/05\/japanok-bicikli-csengo-05-768x548.jpg 768w\" sizes=\"auto, (max-width: 825px) 100vw, 825px\" \/><\/a><\/p>\n","protected":false},"excerpt":{"rendered":"<p>Mint sok minden m\u00e1s, Jap\u00e1nban a ker\u00e9kp\u00e1roz\u00e1si szok\u00e1sok is elt\u00e9rnek a nyugati vil\u00e1gban megszokott\u00f3l. A jap\u00e1nok a k\u00f6zleked\u00e9s minden ter\u00fclet\u00e9n [&hellip;]<\/p>\n","protected":false},"author":71,"featured_media":852,"comment_status":"open","ping_status":"open","sticky":false,"template":"","format":"standard","meta":{"footnotes":""},"categories":[12,9],"tags":[17,52,16,22,53,54],"global-categories":[],"class_list":["post-846","post","type-post","status-publish","format-standard","has-post-thumbnail","hentry","category-kozosseg-es-kultura","category-varosi-kerekparozas","tag-bicikli","tag-japan","tag-kerekpar","tag-kerekparozas","tag-kozlekedes","tag-kozlekedesi-szabalyok"],"yoast_head":"<!-- This site is optimized with the Yoast SEO Premium plugin v25.3 (Yoast SEO v25.9) - https:\/\/yoast.com\/wordpress\/plugins\/seo\/ -->\n<title>Mi\u00e9rt tartj\u00e1k v\u00e9gtelen\u00fcl goromba dolognak a jap\u00e1nok a biciklicseng\u0151 haszn\u00e1lat\u00e1t? - \u0160koda We Love Cycling - Magyarorsz\u00e1g<\/title>\n<meta name=\"description\" content=\"Mint sok minden m\u00e1s, Jap\u00e1nban a ker\u00e9kp\u00e1roz\u00e1si szok\u00e1sok is elt\u00e9rnek a nyugati vil\u00e1gban megszokott\u00f3l. A jap\u00e1nok a k\u00f6zleked\u00e9s minden ter\u00fclet\u00e9n h\u00edresen k\u00f6r\u00fcltekint\u0151en viselkednek a t\u00f6rv\u00e9nyek \u00e9s a hagyom\u00e1nyos szok\u00e1sok miatt. Ez al\u00f3l a bring\u00e1z\u00e1s sem kiv\u00e9tel.\" \/>\n<meta name=\"robots\" content=\"index, follow, max-snippet:-1, max-image-preview:large, max-video-preview:-1\" \/>\n<link rel=\"canonical\" href=\"https:\/\/www.welovecycling.com\/hu\/varosi-kerekparozas\/japanban\/\" \/>\n<meta property=\"og:locale\" content=\"hu_HU\" \/>\n<meta property=\"og:type\" content=\"article\" \/>\n<meta property=\"og:title\" content=\"Mi\u00e9rt tartj\u00e1k v\u00e9gtelen\u00fcl goromba dolognak a jap\u00e1nok a biciklicseng\u0151 haszn\u00e1lat\u00e1t?\" \/>\n<meta property=\"og:description\" content=\"Mint sok minden m\u00e1s, Jap\u00e1nban a ker\u00e9kp\u00e1roz\u00e1si szok\u00e1sok is elt\u00e9rnek a nyugati vil\u00e1gban megszokott\u00f3l. A jap\u00e1nok a k\u00f6zleked\u00e9s minden ter\u00fclet\u00e9n h\u00edresen k\u00f6r\u00fcltekint\u0151en viselkednek a t\u00f6rv\u00e9nyek \u00e9s a hagyom\u00e1nyos szok\u00e1sok miatt. Ez al\u00f3l a bring\u00e1z\u00e1s sem kiv\u00e9tel.\" \/>\n<meta property=\"og:url\" content=\"https:\/\/www.welovecycling.com\/hu\/varosi-kerekparozas\/japanban\/\" \/>\n<meta property=\"og:site_name\" content=\"\u0160koda We Love Cycling - Magyarorsz\u00e1g\" \/>\n<meta property=\"article:publisher\" content=\"https:\/\/www.facebook.com\/WeLoveCyclingHungary\/\" \/>\n<meta property=\"article:published_time\" content=\"2018-05-24T11:45:55+00:00\" \/>\n<meta property=\"article:modified_time\" content=\"2018-05-24T11:51:07+00:00\" \/>\n<meta property=\"og:image\" content=\"https:\/\/d2p6e6u75xmxt8.cloudfront.net\/12\/2018\/05\/japanok-bicikli-csengo-cover.jpg\" \/>\n\t<meta property=\"og:image:width\" content=\"1366\" \/>\n\t<meta property=\"og:image:height\" content=\"600\" \/>\n\t<meta property=\"og:image:type\" content=\"image\/jpeg\" \/>\n<meta name=\"author\" content=\"hegyizs\" \/>\n<meta name=\"twitter:card\" content=\"summary_large_image\" \/>\n<meta name=\"twitter:label1\" content=\"Written by\" \/>\n\t<meta name=\"twitter:data1\" content=\"hegyizs\" \/>\n\t<meta name=\"twitter:label2\" content=\"Est. reading time\" \/>\n\t<meta name=\"twitter:data2\" content=\"4 minutes\" \/>\n<script type=\"application\/ld+json\" class=\"yoast-schema-graph\">{\"@context\":\"https:\/\/schema.org\",\"@graph\":[{\"@type\":\"WebPage\",\"@id\":\"https:\/\/www.welovecycling.com\/hu\/varosi-kerekparozas\/japanban\/\",\"url\":\"https:\/\/www.welovecycling.com\/hu\/varosi-kerekparozas\/japanban\/\",\"name\":\"Mi\u00e9rt tartj\u00e1k v\u00e9gtelen\u00fcl goromba dolognak a jap\u00e1nok a biciklicseng\u0151 haszn\u00e1lat\u00e1t? - \u0160koda We Love Cycling - Magyarorsz\u00e1g\",\"isPartOf\":{\"@id\":\"https:\/\/www.welovecycling.com\/hu\/#website\"},\"primaryImageOfPage\":{\"@id\":\"https:\/\/www.welovecycling.com\/hu\/varosi-kerekparozas\/japanban\/#primaryimage\"},\"image\":{\"@id\":\"https:\/\/www.welovecycling.com\/hu\/varosi-kerekparozas\/japanban\/#primaryimage\"},\"thumbnailUrl\":\"https:\/\/d2p6e6u75xmxt8.cloudfront.net\/12\/2018\/05\/japanok-bicikli-csengo-cover.jpg\",\"datePublished\":\"2018-05-24T11:45:55+00:00\",\"dateModified\":\"2018-05-24T11:51:07+00:00\",\"author\":{\"@id\":\"https:\/\/www.welovecycling.com\/hu\/#\/schema\/person\/414a2aebf1801691a5320edb6468e194\"},\"description\":\"Mint sok minden m\u00e1s, Jap\u00e1nban a ker\u00e9kp\u00e1roz\u00e1si szok\u00e1sok is elt\u00e9rnek a nyugati vil\u00e1gban megszokott\u00f3l. A jap\u00e1nok a k\u00f6zleked\u00e9s minden ter\u00fclet\u00e9n h\u00edresen k\u00f6r\u00fcltekint\u0151en viselkednek a t\u00f6rv\u00e9nyek \u00e9s a hagyom\u00e1nyos szok\u00e1sok miatt. Ez al\u00f3l a bring\u00e1z\u00e1s sem kiv\u00e9tel.\",\"breadcrumb\":{\"@id\":\"https:\/\/www.welovecycling.com\/hu\/varosi-kerekparozas\/japanban\/#breadcrumb\"},\"inLanguage\":\"hu\",\"potentialAction\":[{\"@type\":\"ReadAction\",\"target\":[\"https:\/\/www.welovecycling.com\/hu\/varosi-kerekparozas\/japanban\/\"]}]},{\"@type\":\"ImageObject\",\"inLanguage\":\"hu\",\"@id\":\"https:\/\/www.welovecycling.com\/hu\/varosi-kerekparozas\/japanban\/#primaryimage\",\"url\":\"https:\/\/d2p6e6u75xmxt8.cloudfront.net\/12\/2018\/05\/japanok-bicikli-csengo-cover.jpg\",\"contentUrl\":\"https:\/\/d2p6e6u75xmxt8.cloudfront.net\/12\/2018\/05\/japanok-bicikli-csengo-cover.jpg\",\"width\":1366,\"height\":600},{\"@type\":\"BreadcrumbList\",\"@id\":\"https:\/\/www.welovecycling.com\/hu\/varosi-kerekparozas\/japanban\/#breadcrumb\",\"itemListElement\":[{\"@type\":\"ListItem\",\"position\":1,\"name\":\"Home\",\"item\":\"https:\/\/www.welovecycling.com\/hu\/\"},{\"@type\":\"ListItem\",\"position\":2,\"name\":\"Mi\u00e9rt tartj\u00e1k v\u00e9gtelen\u00fcl goromba dolognak a jap\u00e1nok a biciklicseng\u0151 haszn\u00e1lat\u00e1t?\"}]},{\"@type\":\"WebSite\",\"@id\":\"https:\/\/www.welovecycling.com\/hu\/#website\",\"url\":\"https:\/\/www.welovecycling.com\/hu\/\",\"name\":\"\u0160koda We Love Cycling - Magyarorsz\u00e1g\",\"description\":\"\u0160koda WeLoveCycling\",\"potentialAction\":[{\"@type\":\"SearchAction\",\"target\":{\"@type\":\"EntryPoint\",\"urlTemplate\":\"https:\/\/www.welovecycling.com\/hu\/?s={search_term_string}\"},\"query-input\":{\"@type\":\"PropertyValueSpecification\",\"valueRequired\":true,\"valueName\":\"search_term_string\"}}],\"inLanguage\":\"hu\"},{\"@type\":\"Person\",\"@id\":\"https:\/\/www.welovecycling.com\/hu\/#\/schema\/person\/414a2aebf1801691a5320edb6468e194\",\"name\":\"hegyizs\",\"image\":{\"@type\":\"ImageObject\",\"inLanguage\":\"hu\",\"@id\":\"https:\/\/www.welovecycling.com\/hu\/#\/schema\/person\/image\/\",\"url\":\"https:\/\/secure.gravatar.com\/avatar\/02cf8a7906b8cf90cecb4679defac7cfd33a1c2e3b88e4903d947f3bb58eedd3?s=96&d=mm&r=g\",\"contentUrl\":\"https:\/\/secure.gravatar.com\/avatar\/02cf8a7906b8cf90cecb4679defac7cfd33a1c2e3b88e4903d947f3bb58eedd3?s=96&d=mm&r=g\",\"caption\":\"hegyizs\"},\"url\":\"https:\/\/www.welovecycling.com\/hu\/author\/hegyizs\/\"}]}<\/script>\n<!-- \/ Yoast SEO Premium plugin. -->","yoast_head_json":{"title":"Mi\u00e9rt tartj\u00e1k v\u00e9gtelen\u00fcl goromba dolognak a jap\u00e1nok a biciklicseng\u0151 haszn\u00e1lat\u00e1t? - \u0160koda We Love Cycling - Magyarorsz\u00e1g","description":"Mint sok minden m\u00e1s, Jap\u00e1nban a ker\u00e9kp\u00e1roz\u00e1si szok\u00e1sok is elt\u00e9rnek a nyugati vil\u00e1gban megszokott\u00f3l. A jap\u00e1nok a k\u00f6zleked\u00e9s minden ter\u00fclet\u00e9n h\u00edresen k\u00f6r\u00fcltekint\u0151en viselkednek a t\u00f6rv\u00e9nyek \u00e9s a hagyom\u00e1nyos szok\u00e1sok miatt. Ez al\u00f3l a bring\u00e1z\u00e1s sem kiv\u00e9tel.","robots":{"index":"index","follow":"follow","max-snippet":"max-snippet:-1","max-image-preview":"max-image-preview:large","max-video-preview":"max-video-preview:-1"},"canonical":"https:\/\/www.welovecycling.com\/hu\/varosi-kerekparozas\/japanban\/","og_locale":"hu_HU","og_type":"article","og_title":"Mi\u00e9rt tartj\u00e1k v\u00e9gtelen\u00fcl goromba dolognak a jap\u00e1nok a biciklicseng\u0151 haszn\u00e1lat\u00e1t?","og_description":"Mint sok minden m\u00e1s, Jap\u00e1nban a ker\u00e9kp\u00e1roz\u00e1si szok\u00e1sok is elt\u00e9rnek a nyugati vil\u00e1gban megszokott\u00f3l. A jap\u00e1nok a k\u00f6zleked\u00e9s minden ter\u00fclet\u00e9n h\u00edresen k\u00f6r\u00fcltekint\u0151en viselkednek a t\u00f6rv\u00e9nyek \u00e9s a hagyom\u00e1nyos szok\u00e1sok miatt. Ez al\u00f3l a bring\u00e1z\u00e1s sem kiv\u00e9tel.","og_url":"https:\/\/www.welovecycling.com\/hu\/varosi-kerekparozas\/japanban\/","og_site_name":"\u0160koda We Love Cycling - Magyarorsz\u00e1g","article_publisher":"https:\/\/www.facebook.com\/WeLoveCyclingHungary\/","article_published_time":"2018-05-24T11:45:55+00:00","article_modified_time":"2018-05-24T11:51:07+00:00","og_image":[{"width":1366,"height":600,"url":"https:\/\/d2p6e6u75xmxt8.cloudfront.net\/12\/2018\/05\/japanok-bicikli-csengo-cover.jpg","type":"image\/jpeg"}],"author":"hegyizs","twitter_card":"summary_large_image","twitter_misc":{"Written by":"hegyizs","Est. reading time":"4 minutes"},"schema":{"@context":"https:\/\/schema.org","@graph":[{"@type":"WebPage","@id":"https:\/\/www.welovecycling.com\/hu\/varosi-kerekparozas\/japanban\/","url":"https:\/\/www.welovecycling.com\/hu\/varosi-kerekparozas\/japanban\/","name":"Mi\u00e9rt tartj\u00e1k v\u00e9gtelen\u00fcl goromba dolognak a jap\u00e1nok a biciklicseng\u0151 haszn\u00e1lat\u00e1t? - \u0160koda We Love Cycling - Magyarorsz\u00e1g","isPartOf":{"@id":"https:\/\/www.welovecycling.com\/hu\/#website"},"primaryImageOfPage":{"@id":"https:\/\/www.welovecycling.com\/hu\/varosi-kerekparozas\/japanban\/#primaryimage"},"image":{"@id":"https:\/\/www.welovecycling.com\/hu\/varosi-kerekparozas\/japanban\/#primaryimage"},"thumbnailUrl":"https:\/\/d2p6e6u75xmxt8.cloudfront.net\/12\/2018\/05\/japanok-bicikli-csengo-cover.jpg","datePublished":"2018-05-24T11:45:55+00:00","dateModified":"2018-05-24T11:51:07+00:00","author":{"@id":"https:\/\/www.welovecycling.com\/hu\/#\/schema\/person\/414a2aebf1801691a5320edb6468e194"},"description":"Mint sok minden m\u00e1s, Jap\u00e1nban a ker\u00e9kp\u00e1roz\u00e1si szok\u00e1sok is elt\u00e9rnek a nyugati vil\u00e1gban megszokott\u00f3l. A jap\u00e1nok a k\u00f6zleked\u00e9s minden ter\u00fclet\u00e9n h\u00edresen k\u00f6r\u00fcltekint\u0151en viselkednek a t\u00f6rv\u00e9nyek \u00e9s a hagyom\u00e1nyos szok\u00e1sok miatt. Ez al\u00f3l a bring\u00e1z\u00e1s sem kiv\u00e9tel.","breadcrumb":{"@id":"https:\/\/www.welovecycling.com\/hu\/varosi-kerekparozas\/japanban\/#breadcrumb"},"inLanguage":"hu","potentialAction":[{"@type":"ReadAction","target":["https:\/\/www.welovecycling.com\/hu\/varosi-kerekparozas\/japanban\/"]}]},{"@type":"ImageObject","inLanguage":"hu","@id":"https:\/\/www.welovecycling.com\/hu\/varosi-kerekparozas\/japanban\/#primaryimage","url":"https:\/\/d2p6e6u75xmxt8.cloudfront.net\/12\/2018\/05\/japanok-bicikli-csengo-cover.jpg","contentUrl":"https:\/\/d2p6e6u75xmxt8.cloudfront.net\/12\/2018\/05\/japanok-bicikli-csengo-cover.jpg","width":1366,"height":600},{"@type":"BreadcrumbList","@id":"https:\/\/www.welovecycling.com\/hu\/varosi-kerekparozas\/japanban\/#breadcrumb","itemListElement":[{"@type":"ListItem","position":1,"name":"Home","item":"https:\/\/www.welovecycling.com\/hu\/"},{"@type":"ListItem","position":2,"name":"Mi\u00e9rt tartj\u00e1k v\u00e9gtelen\u00fcl goromba dolognak a jap\u00e1nok a biciklicseng\u0151 haszn\u00e1lat\u00e1t?"}]},{"@type":"WebSite","@id":"https:\/\/www.welovecycling.com\/hu\/#website","url":"https:\/\/www.welovecycling.com\/hu\/","name":"\u0160koda We Love Cycling - Magyarorsz\u00e1g","description":"\u0160koda WeLoveCycling","potentialAction":[{"@type":"SearchAction","target":{"@type":"EntryPoint","urlTemplate":"https:\/\/www.welovecycling.com\/hu\/?s={search_term_string}"},"query-input":{"@type":"PropertyValueSpecification","valueRequired":true,"valueName":"search_term_string"}}],"inLanguage":"hu"},{"@type":"Person","@id":"https:\/\/www.welovecycling.com\/hu\/#\/schema\/person\/414a2aebf1801691a5320edb6468e194","name":"hegyizs","image":{"@type":"ImageObject","inLanguage":"hu","@id":"https:\/\/www.welovecycling.com\/hu\/#\/schema\/person\/image\/","url":"https:\/\/secure.gravatar.com\/avatar\/02cf8a7906b8cf90cecb4679defac7cfd33a1c2e3b88e4903d947f3bb58eedd3?s=96&d=mm&r=g","contentUrl":"https:\/\/secure.gravatar.com\/avatar\/02cf8a7906b8cf90cecb4679defac7cfd33a1c2e3b88e4903d947f3bb58eedd3?s=96&d=mm&r=g","caption":"hegyizs"},"url":"https:\/\/www.welovecycling.com\/hu\/author\/hegyizs\/"}]}},"_links":{"self":[{"href":"https:\/\/www.welovecycling.com\/hu\/wp-json\/wp\/v2\/posts\/846","targetHints":{"allow":["GET"]}}],"collection":[{"href":"https:\/\/www.welovecycling.com\/hu\/wp-json\/wp\/v2\/posts"}],"about":[{"href":"https:\/\/www.welovecycling.com\/hu\/wp-json\/wp\/v2\/types\/post"}],"author":[{"embeddable":true,"href":"https:\/\/www.welovecycling.com\/hu\/wp-json\/wp\/v2\/users\/71"}],"replies":[{"embeddable":true,"href":"https:\/\/www.welovecycling.com\/hu\/wp-json\/wp\/v2\/comments?post=846"}],"version-history":[{"count":2,"href":"https:\/\/www.welovecycling.com\/hu\/wp-json\/wp\/v2\/posts\/846\/revisions"}],"predecessor-version":[{"id":854,"href":"https:\/\/www.welovecycling.com\/hu\/wp-json\/wp\/v2\/posts\/846\/revisions\/854"}],"wp:featuredmedia":[{"embeddable":true,"href":"https:\/\/www.welovecycling.com\/hu\/wp-json\/wp\/v2\/media\/852"}],"wp:attachment":[{"href":"https:\/\/www.welovecycling.com\/hu\/wp-json\/wp\/v2\/media?parent=846"}],"wp:term":[{"taxonomy":"category","embeddable":true,"href":"https:\/\/www.welovecycling.com\/hu\/wp-json\/wp\/v2\/categories?post=846"},{"taxonomy":"post_tag","embeddable":true,"href":"https:\/\/www.welovecycling.com\/hu\/wp-json\/wp\/v2\/tags?post=846"},{"taxonomy":"global-categories","embeddable":true,"href":"https:\/\/www.welovecycling.com\/hu\/wp-json\/wp\/v2\/global-categories?post=846"}],"curies":[{"name":"wp","href":"https:\/\/api.w.org\/{rel}","templated":true}]}}