{"id":8457,"date":"2020-09-03T14:04:45","date_gmt":"2020-09-03T13:04:45","guid":{"rendered":"https:\/\/www.welovecycling.com\/hu\/?p=8457"},"modified":"2020-09-03T14:05:49","modified_gmt":"2020-09-03T13:05:49","slug":"magyar-siker-es-fenntarthatosag-a-tour-de-hongrie-n","status":"publish","type":"post","link":"https:\/\/www.welovecycling.com\/hu\/orszaguti-kerekpar\/magyar-siker-es-fenntarthatosag-a-tour-de-hongrie-n\/","title":{"rendered":"Magyar siker \u00e9s fenntarthat\u00f3s\u00e1g a Tour de Hongrie-n"},"content":{"rendered":"<p><strong>\u00d3ri\u00e1si magyar sikerrel z\u00e1rult az idei Tour de Hongrie: 15 \u00e9v ut\u00e1n el\u0151sz\u00f6r lett ism\u00e9t mi\u00e9nk a s\u00e1rga trik\u00f3! Csod\u00e1latos t\u00e1jak, \u00fcnnepl\u00e9s, \u00e9s egy izgalmas program a fenntarthat\u00f3s\u00e1g jegy\u00e9ben.<\/strong><!--more--><\/p>\n<p>Valter Attila mes\u00e9be ill\u0151 gy\u0151zelmet aratott a 41. TdH versenyen: az utols\u00f3 etap v\u00e9g\u00e9n \u00fagy megsz\u00f6k\u00f6tt a t\u00f6bbiek el\u0151l, hogy es\u00e9ly\u00fck sem volt utol\u00e9rni. \u00cdgy igazi gy\u0151zelmi hangulatban vehette \u00e1t a s\u00e1rga trik\u00f3t.<\/p>\n<p>A verseny Esztergomb\u00f3l indult, 119 ker\u00e9kp\u00e1ros \u00e1llt fel a rajtvonalhoz. Az els\u0151 szakaszhoz a Bazilika ny\u00fajtott gy\u00f6ny\u00f6r\u0171 h\u00e1tteret, a dobog\u00f3k\u0151i emelked\u0151t h\u00e1romszor is megtette a mez\u0151ny.<\/p>\n<p><img loading=\"lazy\" decoding=\"async\" class=\"aligncenter size-large wp-image-8458\" src=\"https:\/\/d2p6e6u75xmxt8.cloudfront.net\/12\/2020\/09\/1tdh.JPG-1024x681.jpg\" alt=\"\" width=\"1024\" height=\"681\" srcset=\"https:\/\/d2p6e6u75xmxt8.cloudfront.net\/12\/2020\/09\/1tdh.JPG-1024x681.jpg 1024w, https:\/\/d2p6e6u75xmxt8.cloudfront.net\/12\/2020\/09\/1tdh.JPG-300x200.jpg 300w, https:\/\/d2p6e6u75xmxt8.cloudfront.net\/12\/2020\/09\/1tdh.JPG-768x511.jpg 768w, https:\/\/d2p6e6u75xmxt8.cloudfront.net\/12\/2020\/09\/1tdh.JPG-272x182.jpg 272w, https:\/\/d2p6e6u75xmxt8.cloudfront.net\/12\/2020\/09\/1tdh.JPG.jpg 1195w\" sizes=\"auto, (max-width: 1024px) 100vw, 1024px\" \/><\/p>\n<p>Azok a szurkol\u00f3k, akik \u00e9l\u0151ben n\u00e9zt\u00e9k, ahogy elrajtolt a magyar Tour, maguk is h\u00f3dolhattak szenved\u00e9ly\u00fcknek, ez\u00fattal kicsit m\u00e1sk\u00e9pp, mint azt megszokt\u00e1k. Mi is kint voltunk a Bazilika el\u0151tti rendezv\u00e9nyen, \u00e9s egy bringaszervizel\u00e9si gyorstalpal\u00f3t vitt\u00fcnk magunkkal, hogy megmutassuk hogyan hosszabb\u00edthatja meg bring\u00e1ja \u00e9lettartam\u00e1t b\u00e1rki a fenntarthat\u00f3 ker\u00e9kp\u00e1roz\u00e1s jegy\u00e9ben.<\/p>\n<figure id=\"attachment_8459\" aria-describedby=\"caption-attachment-8459\" style=\"width: 722px\" class=\"wp-caption aligncenter\"><img loading=\"lazy\" decoding=\"async\" class=\"size-full wp-image-8459\" src=\"https:\/\/d2p6e6u75xmxt8.cloudfront.net\/12\/2020\/09\/Tdhc1.jpg\" alt=\"\" width=\"722\" height=\"963\" srcset=\"https:\/\/d2p6e6u75xmxt8.cloudfront.net\/12\/2020\/09\/Tdhc1.jpg 722w, https:\/\/d2p6e6u75xmxt8.cloudfront.net\/12\/2020\/09\/Tdhc1-225x300.jpg 225w\" sizes=\"auto, (max-width: 722px) 100vw, 722px\" \/><figcaption id=\"caption-attachment-8459\" class=\"wp-caption-text\">M\u00e1r kor\u00e1bban is dolgoztunk egy\u00fctt a Treciklisekkel: legut\u00f3bb kidob\u00e1sra sz\u00e1nt ker\u00e9kp\u00e1rokat \u00faj\u00edtottunk fel \u00e9s aj\u00e1nd\u00e9koztak a r\u00e1szorul\u00f3knak.<\/figcaption><\/figure>\n<p>Az el\u0151ad\u00e1sokat a Trecikli bringaszerv\u00edz szerel\u0151i tartott\u00e1k, a standot \u00e9s a programot pedig a <a href=\"https:\/\/highvibes.hu\/\">HighVibes<\/a> zero waste rendezv\u00e9nyc\u00e9g val\u00f3s\u00edtotta meg. A ker\u00e9kp\u00e1rosok \u00e1ltal\u00e1ban nyitottak a k\u00f6rnyezetv\u00e9delemre, biciklij\u00fck helyes szervizel\u00e9se \u00e9s karbantart\u00e1sa pedig azt a c\u00e9lt szolg\u00e1lja, hogy kevesebb alkatr\u00e9sz v\u00e9gezze a kuk\u00e1ban. A gyorstalpal\u00f3n sz\u00f3 esett a helyes f\u00e9kez\u00e9sr\u0151l \u00e9s v\u00e1lt\u00e1sr\u00f3l, a l\u00e1ncser\u00e9r\u0151l, a defektjav\u00edt\u00e1sr\u00f3l, s\u0151t, ut\u00f3bbit m\u00e9g \u00e9l\u0151ben is l\u00e1thatt\u00e1k az \u00e9rdekl\u0151d\u0151k, amikor egy bajba jutott csal\u00e1dnak seg\u00edtettek a Treciklisek, hogy folytatni tudj\u00e1k biciklit\u00far\u00e1jukat.<\/p>\n<figure id=\"attachment_8460\" aria-describedby=\"caption-attachment-8460\" style=\"width: 768px\" class=\"wp-caption aligncenter\"><img loading=\"lazy\" decoding=\"async\" class=\"wp-image-8460 size-large\" src=\"https:\/\/d2p6e6u75xmxt8.cloudfront.net\/12\/2020\/09\/Tdhc2-768x1024.jpg\" alt=\"\" width=\"768\" height=\"1024\" srcset=\"https:\/\/d2p6e6u75xmxt8.cloudfront.net\/12\/2020\/09\/Tdhc2-768x1024.jpg 768w, https:\/\/d2p6e6u75xmxt8.cloudfront.net\/12\/2020\/09\/Tdhc2-225x300.jpg 225w, https:\/\/d2p6e6u75xmxt8.cloudfront.net\/12\/2020\/09\/Tdhc2.jpg 1040w\" sizes=\"auto, (max-width: 768px) 100vw, 768px\" \/><figcaption id=\"caption-attachment-8460\" class=\"wp-caption-text\">Vigy\u00e1zz r\u00e1, jav\u00edtsd meg, \u0151rizd meg! \u2013 hangzott a We Love Cycling standj\u00e1nak jelmondata.<\/figcaption><\/figure>\n<p>A program alapelve a meg\u0151rz\u00e9s volt: abban igyekezt\u00fcnk seg\u00edteni biciklis t\u00e1rsainknak, hogy ne kelljen kidobniuk, vagy azonnal szervizbe vinni\u00fck j\u00e1rg\u00e1nyukat, ha valamelyik alkatr\u00e9sz meghib\u00e1sodik. Ha valami elromlik, meg kell jav\u00edtani! Ha pedig m\u00e1r nem k\u00e9pes eredeti funkci\u00f3ja bet\u00f6lt\u00e9s\u00e9re, haszn\u00e1ljuk fel valami m\u00e1sra! L\u00e1ncb\u00f3l p\u00e9ld\u00e1ul k\u00e9sz\u00edthet\u00fcnk \u00e9kszereket vagy <a href=\"https:\/\/www.welovecycling.com\/hu\/kozosseg-es-kultura\/5-konnyu-bringas-kezmuves-ajandektargy-magadnak\/\">poh\u00e1ral\u00e1t\u00e9tet.<\/a><\/p>\n<p>A verseny els\u0151 szakasz\u00e1t a spanyol Jon Aberasturi nyerte meg, a magyar versenyz\u0151k k\u00f6z\u00fcl Dina M\u00e1rton \u00e9s Valter Attila is az \u00e9lbolyban \u00e9rt c\u00e9lba. <em>\u201eSokat mentem nagy temp\u00f3n, \u00e1m sajnos a Mitchelton-Scottb\u00f3l vel\u00fcnk l\u00e9v\u0151 sr\u00e1c mindent megtett, hogy ne \u00e9rj\u00fcnk haza, mivel h\u00e1tul a csapata hozta a sprinter\u00fcket. Egy\u00fcttm\u0171k\u00f6d\u00e9ssel benn\u00fcnk lett volna a szakaszgy\u0151zelem, ak\u00e1r az \u00f6sszetettet is eld\u00f6nthett\u00fck volna, hiszen volt h\u00fasz-harminc m\u00e1sodperc el\u0151ny\u00fcnk is. Mindazon\u00e1ltal j\u00f3 jel, hogy \u00edgy is maradt bennem egy kev\u00e9s, j\u00f3k voltak a l\u00e1baim, \u00e9s az utols\u00f3 szakaszon lesz lehet\u0151s\u00e9gem bizony\u00edtani\u201d<\/em> \u2013 nyilatkozta Valter Attila az els\u0151 etapot k\u00f6vet\u0151en.<\/p>\n<p><img loading=\"lazy\" decoding=\"async\" class=\"aligncenter size-large wp-image-8461\" src=\"https:\/\/d2p6e6u75xmxt8.cloudfront.net\/12\/2020\/09\/Tdhc3-1024x681.jpg\" alt=\"\" width=\"1024\" height=\"681\" srcset=\"https:\/\/d2p6e6u75xmxt8.cloudfront.net\/12\/2020\/09\/Tdhc3-1024x681.jpg 1024w, https:\/\/d2p6e6u75xmxt8.cloudfront.net\/12\/2020\/09\/Tdhc3-300x200.jpg 300w, https:\/\/d2p6e6u75xmxt8.cloudfront.net\/12\/2020\/09\/Tdhc3-768x511.jpg 768w, https:\/\/d2p6e6u75xmxt8.cloudfront.net\/12\/2020\/09\/Tdhc3-272x182.jpg 272w, https:\/\/d2p6e6u75xmxt8.cloudfront.net\/12\/2020\/09\/Tdhc3.jpg 1195w\" sizes=\"auto, (max-width: 1024px) 100vw, 1024px\" \/><\/p>\n<p>\u00c9s igaza is lett: az \u00f6t\u00f6dik szakasz utols\u00f3 kilom\u00e9ter\u00e9n csapatt\u00e1rsai seg\u00edts\u00e9g\u00e9vel siker\u00fclt jelent\u0151s el\u0151nyre szert tennie, a gy\u0151zelem pedig azt is jelentette, hogy a s\u00e1rga trik\u00f3val t\u00e9rhet haza! Gratul\u00e1lunk Attil\u00e1nak, \u00e9s k\u00f6sz\u00f6nj\u00fck a r\u00e9sztv\u00e9telt minden szurkol\u00f3nak is, rem\u00e9lj\u00fck bringam\u0171hely\u00fcnkb\u0151l sok hasznos tud\u00e1ssal, a versenyr\u0151l pedig szuper \u00e9lm\u00e9nyekkel t\u00e9rtetek haza!<\/p>\n<p><img loading=\"lazy\" decoding=\"async\" class=\"aligncenter size-large wp-image-8462\" src=\"https:\/\/d2p6e6u75xmxt8.cloudfront.net\/12\/2020\/09\/Tdhc4-1024x680.jpg\" alt=\"\" width=\"1024\" height=\"680\" srcset=\"https:\/\/d2p6e6u75xmxt8.cloudfront.net\/12\/2020\/09\/Tdhc4-1024x680.jpg 1024w, https:\/\/d2p6e6u75xmxt8.cloudfront.net\/12\/2020\/09\/Tdhc4-300x199.jpg 300w, https:\/\/d2p6e6u75xmxt8.cloudfront.net\/12\/2020\/09\/Tdhc4-768x510.jpg 768w, https:\/\/d2p6e6u75xmxt8.cloudfront.net\/12\/2020\/09\/Tdhc4-272x182.jpg 272w, https:\/\/d2p6e6u75xmxt8.cloudfront.net\/12\/2020\/09\/Tdhc4.jpg 1165w\" sizes=\"auto, (max-width: 1024px) 100vw, 1024px\" \/><\/p>\n","protected":false},"excerpt":{"rendered":"<p>\u00d3ri\u00e1si magyar sikerrel z\u00e1rult az idei Tour de Hongrie: 15 \u00e9v ut\u00e1n el\u0151sz\u00f6r lett ism\u00e9t mi\u00e9nk a s\u00e1rga trik\u00f3! Csod\u00e1latos [&hellip;]<\/p>\n","protected":false},"author":71,"featured_media":8463,"comment_status":"open","ping_status":"open","sticky":false,"template":"","format":"standard","meta":{"footnotes":""},"categories":[8],"tags":[],"global-categories":[419],"class_list":["post-8457","post","type-post","status-publish","format-standard","has-post-thumbnail","hentry","category-orszaguti-kerekpar","global-categories-cycling"],"yoast_head":"<!-- This site is optimized with the Yoast SEO Premium plugin v25.3 (Yoast SEO v25.9) - https:\/\/yoast.com\/wordpress\/plugins\/seo\/ -->\n<title>Magyar siker \u00e9s fenntarthat\u00f3s\u00e1g a Tour de Hongrie-n - \u0160koda We Love Cycling - Magyarorsz\u00e1g<\/title>\n<meta name=\"robots\" content=\"index, follow, max-snippet:-1, max-image-preview:large, max-video-preview:-1\" \/>\n<link rel=\"canonical\" href=\"https:\/\/www.welovecycling.com\/hu\/orszaguti-kerekpar\/magyar-siker-es-fenntarthatosag-a-tour-de-hongrie-n\/\" \/>\n<meta property=\"og:locale\" content=\"hu_HU\" \/>\n<meta property=\"og:type\" content=\"article\" \/>\n<meta property=\"og:title\" content=\"Magyar siker \u00e9s fenntarthat\u00f3s\u00e1g a Tour de Hongrie-n\" \/>\n<meta property=\"og:description\" content=\"\u00d3ri\u00e1si magyar sikerrel z\u00e1rult az idei Tour de Hongrie: 15 \u00e9v ut\u00e1n el\u0151sz\u00f6r lett ism\u00e9t mi\u00e9nk a s\u00e1rga trik\u00f3! Csod\u00e1latos t\u00e1jak, \u00fcnnepl\u00e9s, \u00e9s egy izgalmas program a fenntarthat\u00f3s\u00e1g jegy\u00e9ben.\" \/>\n<meta property=\"og:url\" content=\"https:\/\/www.welovecycling.com\/hu\/orszaguti-kerekpar\/magyar-siker-es-fenntarthatosag-a-tour-de-hongrie-n\/\" \/>\n<meta property=\"og:site_name\" content=\"\u0160koda We Love Cycling - Magyarorsz\u00e1g\" \/>\n<meta property=\"article:publisher\" content=\"https:\/\/www.facebook.com\/WeLoveCyclingHungary\/\" \/>\n<meta property=\"article:published_time\" content=\"2020-09-03T13:04:45+00:00\" \/>\n<meta property=\"article:modified_time\" content=\"2020-09-03T13:05:49+00:00\" \/>\n<meta property=\"og:image\" content=\"https:\/\/d2p6e6u75xmxt8.cloudfront.net\/12\/2020\/09\/Tdh1.jpg\" \/>\n\t<meta property=\"og:image:width\" content=\"1276\" \/>\n\t<meta property=\"og:image:height\" content=\"850\" \/>\n\t<meta property=\"og:image:type\" content=\"image\/jpeg\" \/>\n<meta name=\"author\" content=\"hegyizs\" \/>\n<meta name=\"twitter:card\" content=\"summary_large_image\" \/>\n<meta name=\"twitter:label1\" content=\"Written by\" \/>\n\t<meta name=\"twitter:data1\" content=\"WLC\" \/>\n\t<meta name=\"twitter:label2\" content=\"Est. reading time\" \/>\n\t<meta name=\"twitter:data2\" content=\"3 minutes\" \/>\n<script type=\"application\/ld+json\" class=\"yoast-schema-graph\">{\"@context\":\"https:\/\/schema.org\",\"@graph\":[{\"@type\":\"WebPage\",\"@id\":\"https:\/\/www.welovecycling.com\/hu\/orszaguti-kerekpar\/magyar-siker-es-fenntarthatosag-a-tour-de-hongrie-n\/\",\"url\":\"https:\/\/www.welovecycling.com\/hu\/orszaguti-kerekpar\/magyar-siker-es-fenntarthatosag-a-tour-de-hongrie-n\/\",\"name\":\"Magyar siker \u00e9s fenntarthat\u00f3s\u00e1g a Tour de Hongrie-n - \u0160koda We Love Cycling - Magyarorsz\u00e1g\",\"isPartOf\":{\"@id\":\"https:\/\/www.welovecycling.com\/hu\/#website\"},\"primaryImageOfPage\":{\"@id\":\"https:\/\/www.welovecycling.com\/hu\/orszaguti-kerekpar\/magyar-siker-es-fenntarthatosag-a-tour-de-hongrie-n\/#primaryimage\"},\"image\":{\"@id\":\"https:\/\/www.welovecycling.com\/hu\/orszaguti-kerekpar\/magyar-siker-es-fenntarthatosag-a-tour-de-hongrie-n\/#primaryimage\"},\"thumbnailUrl\":\"https:\/\/d2p6e6u75xmxt8.cloudfront.net\/12\/2020\/09\/Tdh1.jpg\",\"datePublished\":\"2020-09-03T13:04:45+00:00\",\"dateModified\":\"2020-09-03T13:05:49+00:00\",\"author\":{\"@id\":\"https:\/\/www.welovecycling.com\/hu\/#\/schema\/person\/414a2aebf1801691a5320edb6468e194\"},\"breadcrumb\":{\"@id\":\"https:\/\/www.welovecycling.com\/hu\/orszaguti-kerekpar\/magyar-siker-es-fenntarthatosag-a-tour-de-hongrie-n\/#breadcrumb\"},\"inLanguage\":\"hu\",\"potentialAction\":[{\"@type\":\"ReadAction\",\"target\":[\"https:\/\/www.welovecycling.com\/hu\/orszaguti-kerekpar\/magyar-siker-es-fenntarthatosag-a-tour-de-hongrie-n\/\"]}]},{\"@type\":\"ImageObject\",\"inLanguage\":\"hu\",\"@id\":\"https:\/\/www.welovecycling.com\/hu\/orszaguti-kerekpar\/magyar-siker-es-fenntarthatosag-a-tour-de-hongrie-n\/#primaryimage\",\"url\":\"https:\/\/d2p6e6u75xmxt8.cloudfront.net\/12\/2020\/09\/Tdh1.jpg\",\"contentUrl\":\"https:\/\/d2p6e6u75xmxt8.cloudfront.net\/12\/2020\/09\/Tdh1.jpg\",\"width\":1276,\"height\":850},{\"@type\":\"BreadcrumbList\",\"@id\":\"https:\/\/www.welovecycling.com\/hu\/orszaguti-kerekpar\/magyar-siker-es-fenntarthatosag-a-tour-de-hongrie-n\/#breadcrumb\",\"itemListElement\":[{\"@type\":\"ListItem\",\"position\":1,\"name\":\"Home\",\"item\":\"https:\/\/www.welovecycling.com\/hu\/\"},{\"@type\":\"ListItem\",\"position\":2,\"name\":\"Magyar siker \u00e9s fenntarthat\u00f3s\u00e1g a Tour de Hongrie-n\"}]},{\"@type\":\"WebSite\",\"@id\":\"https:\/\/www.welovecycling.com\/hu\/#website\",\"url\":\"https:\/\/www.welovecycling.com\/hu\/\",\"name\":\"\u0160koda We Love Cycling - Magyarorsz\u00e1g\",\"description\":\"\u0160koda WeLoveCycling\",\"potentialAction\":[{\"@type\":\"SearchAction\",\"target\":{\"@type\":\"EntryPoint\",\"urlTemplate\":\"https:\/\/www.welovecycling.com\/hu\/?s={search_term_string}\"},\"query-input\":{\"@type\":\"PropertyValueSpecification\",\"valueRequired\":true,\"valueName\":\"search_term_string\"}}],\"inLanguage\":\"hu\"},{\"@type\":\"Person\",\"@id\":\"https:\/\/www.welovecycling.com\/hu\/#\/schema\/person\/414a2aebf1801691a5320edb6468e194\",\"name\":\"hegyizs\",\"image\":{\"@type\":\"ImageObject\",\"inLanguage\":\"hu\",\"@id\":\"https:\/\/www.welovecycling.com\/hu\/#\/schema\/person\/image\/\",\"url\":\"https:\/\/secure.gravatar.com\/avatar\/02cf8a7906b8cf90cecb4679defac7cfd33a1c2e3b88e4903d947f3bb58eedd3?s=96&d=mm&r=g\",\"contentUrl\":\"https:\/\/secure.gravatar.com\/avatar\/02cf8a7906b8cf90cecb4679defac7cfd33a1c2e3b88e4903d947f3bb58eedd3?s=96&d=mm&r=g\",\"caption\":\"hegyizs\"},\"url\":\"https:\/\/www.welovecycling.com\/hu\/author\/hegyizs\/\"}]}<\/script>\n<!-- \/ Yoast SEO Premium plugin. -->","yoast_head_json":{"title":"Magyar siker \u00e9s fenntarthat\u00f3s\u00e1g a Tour de Hongrie-n - \u0160koda We Love Cycling - Magyarorsz\u00e1g","robots":{"index":"index","follow":"follow","max-snippet":"max-snippet:-1","max-image-preview":"max-image-preview:large","max-video-preview":"max-video-preview:-1"},"canonical":"https:\/\/www.welovecycling.com\/hu\/orszaguti-kerekpar\/magyar-siker-es-fenntarthatosag-a-tour-de-hongrie-n\/","og_locale":"hu_HU","og_type":"article","og_title":"Magyar siker \u00e9s fenntarthat\u00f3s\u00e1g a Tour de Hongrie-n","og_description":"\u00d3ri\u00e1si magyar sikerrel z\u00e1rult az idei Tour de Hongrie: 15 \u00e9v ut\u00e1n el\u0151sz\u00f6r lett ism\u00e9t mi\u00e9nk a s\u00e1rga trik\u00f3! Csod\u00e1latos t\u00e1jak, \u00fcnnepl\u00e9s, \u00e9s egy izgalmas program a fenntarthat\u00f3s\u00e1g jegy\u00e9ben.","og_url":"https:\/\/www.welovecycling.com\/hu\/orszaguti-kerekpar\/magyar-siker-es-fenntarthatosag-a-tour-de-hongrie-n\/","og_site_name":"\u0160koda We Love Cycling - Magyarorsz\u00e1g","article_publisher":"https:\/\/www.facebook.com\/WeLoveCyclingHungary\/","article_published_time":"2020-09-03T13:04:45+00:00","article_modified_time":"2020-09-03T13:05:49+00:00","og_image":[{"width":1276,"height":850,"url":"https:\/\/d2p6e6u75xmxt8.cloudfront.net\/12\/2020\/09\/Tdh1.jpg","type":"image\/jpeg"}],"author":"hegyizs","twitter_card":"summary_large_image","twitter_misc":{"Written by":"WLC","Est. reading time":"3 minutes"},"schema":{"@context":"https:\/\/schema.org","@graph":[{"@type":"WebPage","@id":"https:\/\/www.welovecycling.com\/hu\/orszaguti-kerekpar\/magyar-siker-es-fenntarthatosag-a-tour-de-hongrie-n\/","url":"https:\/\/www.welovecycling.com\/hu\/orszaguti-kerekpar\/magyar-siker-es-fenntarthatosag-a-tour-de-hongrie-n\/","name":"Magyar siker \u00e9s fenntarthat\u00f3s\u00e1g a Tour de Hongrie-n - \u0160koda We Love Cycling - Magyarorsz\u00e1g","isPartOf":{"@id":"https:\/\/www.welovecycling.com\/hu\/#website"},"primaryImageOfPage":{"@id":"https:\/\/www.welovecycling.com\/hu\/orszaguti-kerekpar\/magyar-siker-es-fenntarthatosag-a-tour-de-hongrie-n\/#primaryimage"},"image":{"@id":"https:\/\/www.welovecycling.com\/hu\/orszaguti-kerekpar\/magyar-siker-es-fenntarthatosag-a-tour-de-hongrie-n\/#primaryimage"},"thumbnailUrl":"https:\/\/d2p6e6u75xmxt8.cloudfront.net\/12\/2020\/09\/Tdh1.jpg","datePublished":"2020-09-03T13:04:45+00:00","dateModified":"2020-09-03T13:05:49+00:00","author":{"@id":"https:\/\/www.welovecycling.com\/hu\/#\/schema\/person\/414a2aebf1801691a5320edb6468e194"},"breadcrumb":{"@id":"https:\/\/www.welovecycling.com\/hu\/orszaguti-kerekpar\/magyar-siker-es-fenntarthatosag-a-tour-de-hongrie-n\/#breadcrumb"},"inLanguage":"hu","potentialAction":[{"@type":"ReadAction","target":["https:\/\/www.welovecycling.com\/hu\/orszaguti-kerekpar\/magyar-siker-es-fenntarthatosag-a-tour-de-hongrie-n\/"]}]},{"@type":"ImageObject","inLanguage":"hu","@id":"https:\/\/www.welovecycling.com\/hu\/orszaguti-kerekpar\/magyar-siker-es-fenntarthatosag-a-tour-de-hongrie-n\/#primaryimage","url":"https:\/\/d2p6e6u75xmxt8.cloudfront.net\/12\/2020\/09\/Tdh1.jpg","contentUrl":"https:\/\/d2p6e6u75xmxt8.cloudfront.net\/12\/2020\/09\/Tdh1.jpg","width":1276,"height":850},{"@type":"BreadcrumbList","@id":"https:\/\/www.welovecycling.com\/hu\/orszaguti-kerekpar\/magyar-siker-es-fenntarthatosag-a-tour-de-hongrie-n\/#breadcrumb","itemListElement":[{"@type":"ListItem","position":1,"name":"Home","item":"https:\/\/www.welovecycling.com\/hu\/"},{"@type":"ListItem","position":2,"name":"Magyar siker \u00e9s fenntarthat\u00f3s\u00e1g a Tour de Hongrie-n"}]},{"@type":"WebSite","@id":"https:\/\/www.welovecycling.com\/hu\/#website","url":"https:\/\/www.welovecycling.com\/hu\/","name":"\u0160koda We Love Cycling - Magyarorsz\u00e1g","description":"\u0160koda WeLoveCycling","potentialAction":[{"@type":"SearchAction","target":{"@type":"EntryPoint","urlTemplate":"https:\/\/www.welovecycling.com\/hu\/?s={search_term_string}"},"query-input":{"@type":"PropertyValueSpecification","valueRequired":true,"valueName":"search_term_string"}}],"inLanguage":"hu"},{"@type":"Person","@id":"https:\/\/www.welovecycling.com\/hu\/#\/schema\/person\/414a2aebf1801691a5320edb6468e194","name":"hegyizs","image":{"@type":"ImageObject","inLanguage":"hu","@id":"https:\/\/www.welovecycling.com\/hu\/#\/schema\/person\/image\/","url":"https:\/\/secure.gravatar.com\/avatar\/02cf8a7906b8cf90cecb4679defac7cfd33a1c2e3b88e4903d947f3bb58eedd3?s=96&d=mm&r=g","contentUrl":"https:\/\/secure.gravatar.com\/avatar\/02cf8a7906b8cf90cecb4679defac7cfd33a1c2e3b88e4903d947f3bb58eedd3?s=96&d=mm&r=g","caption":"hegyizs"},"url":"https:\/\/www.welovecycling.com\/hu\/author\/hegyizs\/"}]}},"_links":{"self":[{"href":"https:\/\/www.welovecycling.com\/hu\/wp-json\/wp\/v2\/posts\/8457","targetHints":{"allow":["GET"]}}],"collection":[{"href":"https:\/\/www.welovecycling.com\/hu\/wp-json\/wp\/v2\/posts"}],"about":[{"href":"https:\/\/www.welovecycling.com\/hu\/wp-json\/wp\/v2\/types\/post"}],"author":[{"embeddable":true,"href":"https:\/\/www.welovecycling.com\/hu\/wp-json\/wp\/v2\/users\/71"}],"replies":[{"embeddable":true,"href":"https:\/\/www.welovecycling.com\/hu\/wp-json\/wp\/v2\/comments?post=8457"}],"version-history":[{"count":1,"href":"https:\/\/www.welovecycling.com\/hu\/wp-json\/wp\/v2\/posts\/8457\/revisions"}],"predecessor-version":[{"id":8464,"href":"https:\/\/www.welovecycling.com\/hu\/wp-json\/wp\/v2\/posts\/8457\/revisions\/8464"}],"wp:featuredmedia":[{"embeddable":true,"href":"https:\/\/www.welovecycling.com\/hu\/wp-json\/wp\/v2\/media\/8463"}],"wp:attachment":[{"href":"https:\/\/www.welovecycling.com\/hu\/wp-json\/wp\/v2\/media?parent=8457"}],"wp:term":[{"taxonomy":"category","embeddable":true,"href":"https:\/\/www.welovecycling.com\/hu\/wp-json\/wp\/v2\/categories?post=8457"},{"taxonomy":"post_tag","embeddable":true,"href":"https:\/\/www.welovecycling.com\/hu\/wp-json\/wp\/v2\/tags?post=8457"},{"taxonomy":"global-categories","embeddable":true,"href":"https:\/\/www.welovecycling.com\/hu\/wp-json\/wp\/v2\/global-categories?post=8457"}],"curies":[{"name":"wp","href":"https:\/\/api.w.org\/{rel}","templated":true}]}}